{"id":1010345,"date":"2026-04-26T10:54:34","date_gmt":"2026-04-26T07:54:34","guid":{"rendered":"https:\/\/www.rri.ro\/?p=1010345"},"modified":"2026-04-27T14:48:41","modified_gmt":"2026-04-27T11:48:41","slug":"reactions-roumaines-suite-aux-drone-russe-tombe-a-galati","status":"publish","type":"post","link":"https:\/\/www.rri.ro\/fr\/actualites\/cest-maintenant\/reactions-roumaines-suite-aux-drone-russe-tombe-a-galati-id1010345.html","title":{"rendered":"R\u00e9actions roumaines suite aux drone russe tomb\u00e9 \u00e0 Galati"},"content":{"rendered":"<p><strong>Drone<\/strong> \u2013 Le pr\u00e9sident roumain Nicu\u015for Dan et le premier ministre Ilie Bolojan condamnent fermement le comportement irresponsable de la Russie qui provoque des incidents tels que le drone utilis\u00e9 dans les attaques contre l\u2019Ukraine qui est tomb\u00e9 dans la nuit de vendredi \u00e0 samedi \u00e0 Galati, sur le territoire de la Roumanie. La violation de l\u2019espace a\u00e9rien roumain par la Russie est un acte irresponsable et une grave transgression du droit international, ont d\u00e9clar\u00e9 les deux responsables roumaines, aux c\u00f4t\u00e9s du ministre roumain de la D\u00e9fense, Radu Miru\u0163\u0103, et de la cheffe de la diplomatie roumaine Oana \u0162oiu. Celle-ci a convoqu\u00e9 l\u2019ambassadeur de la F\u00e9d\u00e9ration de Russie \u00e0 Bucarest.<\/p>\n<p>Dans un communiqu\u00e9, le chef de l\u2019Etat Roumain pr\u00e9cise qu\u2019il s\u2019agit du premier incident durant lequel des propri\u00e9t\u00e9s roumaines ont subi des d\u00e9g\u00e2ts, un seuil franchi par Moscou, que Bucarest examine s\u00e9rieusement. La Roumanie n\u2019est pas partie du conflit et pourtant, elle en subit les cons\u00e9quences, a encore ajout\u00e9 Nicusor Dan. Dans un communique de presse, il a d\u00e9clar\u00e9 que le soutien que Bucarest a accord\u00e9 \u00e0 Kiev d\u00e8s le premier jour du conflit provoqu\u00e9 par Moscou a \u00e9t\u00e9 et continue d\u2019\u00eatre une d\u00e9cision correcte, en accord avec les valeurs et les int\u00e9r\u00eats de la Roumanie. En tant que membre de l\u2019OTAN et de l\u2019UE, la Roumanie participe activement aux efforts cens\u00e9s renforcer la s\u00e9curit\u00e9 commune et l\u2019incident de Galati met en lumi\u00e8re la n\u00e9cessit\u00e9 d\u2019acc\u00e9l\u00e9rer les programmes de dotation de l\u2019arm\u00e9e roumaine, a ajout\u00e9 Nicu\u015for Dan.<\/p>\n<p>Suite \u00e0 cet incident l\u2019Etat major de la D\u00e9fense est en train d\u2019examiner la r\u00e9organisation des dispositifs de surveillance \u00e0 la fronti\u00e8re avec l\u2019Ukraine.<br \/>\nPour rappel, des d\u00e9bris de drone sont tomb\u00e9s dans la nuit de vendredi \u00e0 samedi dans le d\u00e9partement de Galati, pr\u00e8s de la fronti\u00e8re roumano-ukrainienne, apr\u00e8s une nouvelle attaque des forces russes. Des \u00e9quipes d\u2019intervention ont ramass\u00e9 les d\u00e9bris et les ont neutralis\u00e9s loin des zones peupl\u00e9es. Aucune victime n\u2019a \u00e9t\u00e9 enregistr\u00e9e, seulement des d\u00e9g\u00e2ts. Pourtant, plus de 200 personnes ont \u00e9t\u00e9 \u00e9vacu\u00e9es et des dizaines de logements ont \u00e9t\u00e9 plac\u00e9s sous surveillance. C\u2019est l\u2019incident de ce type le plus grave pass\u00e9 en Roumanie depuis le d\u00e9but de la guerre en Ukraine.<\/p>\n<p>&nbsp;<\/p>\n<p><strong>Demande<\/strong> \u2013 Le d\u00e9put\u00e9 europ\u00e9en et vice-pr\u00e9sident du Parlement Europ\u00e9en, le Roumain Victor Negrescu demande officiellement la Haute repr\u00e9sentante de l\u2019UE pour les affaires \u00e9trang\u00e8res et la politique de s\u00e9curit\u00e9, Kaja Kallas, de renfoncer les m\u00e9canismes europ\u00e9ens de surveillance et de r\u00e9ponse rapide aux violations de l\u2019espace a\u00e9rien. Selon Victor Negrescu, le drone russe qui a transgress\u00e9 dans la nuit de vendredi \u00e0 samedi l\u2019espace a\u00e9rien roumain, s\u2019\u00e9crasant sur le territoire roumain, dans une zone habit\u00e9e de la ville de Galati (sud-est), met de nouveau en question le niveau de protection et la capacit\u00e9 de r\u00e9action au niveau europ\u00e9en face \u00e0 ce type de menaces. Dans un message post\u00e9 sur les r\u00e9seaux sociaux Victor Negrescu pr\u00e9cise que ce n\u2019est un incident isol\u00e9 : <em>\u00ab Cela s\u2019inscrit dans un mod\u00e8le de pratique dangereuse \u00e0 proximit\u00e9 des fronti\u00e8res de l\u2019UE et de l\u2019OTAN. La Roumanie se trouve \u00e0 la fronti\u00e8re de l\u2019UE et ressent directement les effets du conflit qui l\u2019avoisine. Il est n\u00e9cessaire d\u2019avoir une r\u00e9ponse commune, coordonn\u00e9e et cr\u00e9dible et l\u2019Europe doit \u00eatre pr\u00e9sente l\u00e0 o\u00f9 ses citoyens ont besoin de s\u00e9curit\u00e9 \u00bb.<\/em><\/p>\n","protected":false},"excerpt":{"rendered":"<p>Drone \u2013 Le pr\u00e9sident roumain Nicu\u015for Dan et le premier ministre Ilie Bolojan condamnent fermement le comportement irresponsable de la Russie qui provoque des incidents tels que le drone utilis\u00e9 dans les attaques contre l\u2019Ukraine qui est tomb\u00e9 dans la nuit de vendredi \u00e0 samedi \u00e0 Galati, sur le territoire de la Roumanie. La violation [&hellip;]<\/p>\n","protected":false},"author":113,"featured_media":927111,"comment_status":"closed","ping_status":"closed","sticky":false,"template":"","format":"standard","meta":{"_acf_changed":false,"footnotes":""},"categories":[94480],"tags":[],"coauthors":[116091],"class_list":["post-1010345","post","type-post","status-publish","format-standard","has-post-thumbnail","hentry","category-cest-maintenant"],"acf":[],"yoast_head":"<!-- This site is optimized with the Yoast SEO plugin v27.3 - https:\/\/yoast.com\/product\/yoast-seo-wordpress\/ -->\n<title>R\u00e9actions roumaines suite aux drone russe tomb\u00e9 \u00e0 Galati - Radio Roumanie Internationale<\/title>\n<meta name=\"robots\" content=\"index, follow, max-snippet:-1, max-image-preview:large, max-video-preview:-1\" \/>\n<link rel=\"canonical\" href=\"https:\/\/www.rri.ro\/fr\/actualites\/cest-maintenant\/reactions-roumaines-suite-aux-drone-russe-tombe-a-galati-id1010345.html\" \/>\n<meta property=\"og:locale\" content=\"fr_FR\" \/>\n<meta property=\"og:type\" content=\"article\" \/>\n<meta property=\"og:title\" content=\"R\u00e9actions roumaines suite aux drone russe tomb\u00e9 \u00e0 Galati - Radio Roumanie Internationale\" \/>\n<meta property=\"og:description\" content=\"Drone \u2013 Le pr\u00e9sident roumain Nicu\u015for Dan et le premier ministre Ilie Bolojan condamnent fermement le comportement irresponsable de la Russie qui provoque des incidents tels que le drone utilis\u00e9 dans les attaques contre l\u2019Ukraine qui est tomb\u00e9 dans la nuit de vendredi \u00e0 samedi \u00e0 Galati, sur le territoire de la Roumanie. La violation [&hellip;]\" \/>\n<meta property=\"og:url\" content=\"https:\/\/www.rri.ro\/fr\/actualites\/cest-maintenant\/reactions-roumaines-suite-aux-drone-russe-tombe-a-galati-id1010345.html\" \/>\n<meta property=\"og:site_name\" content=\"Radio Roumanie Internationale\" \/>\n<meta property=\"article:published_time\" content=\"2026-04-26T07:54:34+00:00\" \/>\n<meta property=\"article:modified_time\" content=\"2026-04-27T11:48:41+00:00\" \/>\n<meta property=\"og:image\" content=\"https:\/\/www.rri.ro\/wp-content\/uploads\/2025\/09\/imagine-AI-drona-rusa-gerbera-.jpg\" \/>\n\t<meta property=\"og:image:width\" content=\"1914\" \/>\n\t<meta property=\"og:image:height\" content=\"1035\" \/>\n\t<meta property=\"og:image:type\" content=\"image\/jpeg\" \/>\n<meta name=\"author\" content=\"Newsroom\" \/>\n<meta name=\"twitter:card\" content=\"summary_large_image\" \/>\n<meta name=\"twitter:label1\" content=\"\u00c9crit par\" \/>\n\t<meta name=\"twitter:data1\" content=\"Newsroom\" \/>\n\t<meta name=\"twitter:label2\" content=\"Dur\u00e9e de lecture estim\u00e9e\" \/>\n\t<meta name=\"twitter:data2\" content=\"3 minutes\" \/>\n\t<meta name=\"twitter:label3\" content=\"Written by\" \/>\n\t<meta name=\"twitter:data3\" content=\"Newsroom\" \/>\n<script type=\"application\/ld+json\" class=\"yoast-schema-graph\">{\"@context\":\"https:\\\/\\\/schema.org\",\"@graph\":[{\"@type\":\"Article\",\"@id\":\"https:\\\/\\\/www.rri.ro\\\/fr\\\/actualites\\\/cest-maintenant\\\/reactions-roumaines-suite-aux-drone-russe-tombe-a-galati-id1010345.html#article\",\"isPartOf\":{\"@id\":\"https:\\\/\\\/www.rri.ro\\\/fr\\\/actualites\\\/cest-maintenant\\\/reactions-roumaines-suite-aux-drone-russe-tombe-a-galati-id1010345.html\"},\"author\":{\"name\":\"Newsroom\",\"@id\":\"https:\\\/\\\/www.rri.ro\\\/#\\\/schema\\\/person\\\/4a479940371b9fdefd194f561e8a7f88\"},\"headline\":\"R\u00e9actions roumaines suite aux drone russe tomb\u00e9 \u00e0 Galati\",\"datePublished\":\"2026-04-26T07:54:34+00:00\",\"dateModified\":\"2026-04-27T11:48:41+00:00\",\"mainEntityOfPage\":{\"@id\":\"https:\\\/\\\/www.rri.ro\\\/fr\\\/actualites\\\/cest-maintenant\\\/reactions-roumaines-suite-aux-drone-russe-tombe-a-galati-id1010345.html\"},\"wordCount\":644,\"image\":{\"@id\":\"https:\\\/\\\/www.rri.ro\\\/fr\\\/actualites\\\/cest-maintenant\\\/reactions-roumaines-suite-aux-drone-russe-tombe-a-galati-id1010345.html#primaryimage\"},\"thumbnailUrl\":\"https:\\\/\\\/www.rri.ro\\\/wp-content\\\/uploads\\\/2025\\\/09\\\/imagine-AI-drona-rusa-gerbera-.jpg\",\"articleSection\":[\"C'est maintenant\"],\"inLanguage\":\"fr-FR\"},{\"@type\":\"WebPage\",\"@id\":\"https:\\\/\\\/www.rri.ro\\\/fr\\\/actualites\\\/cest-maintenant\\\/reactions-roumaines-suite-aux-drone-russe-tombe-a-galati-id1010345.html\",\"url\":\"https:\\\/\\\/www.rri.ro\\\/fr\\\/actualites\\\/cest-maintenant\\\/reactions-roumaines-suite-aux-drone-russe-tombe-a-galati-id1010345.html\",\"name\":\"R\u00e9actions roumaines suite aux drone russe tomb\u00e9 \u00e0 Galati - Radio Roumanie Internationale\",\"isPartOf\":{\"@id\":\"https:\\\/\\\/www.rri.ro\\\/#website\"},\"primaryImageOfPage\":{\"@id\":\"https:\\\/\\\/www.rri.ro\\\/fr\\\/actualites\\\/cest-maintenant\\\/reactions-roumaines-suite-aux-drone-russe-tombe-a-galati-id1010345.html#primaryimage\"},\"image\":{\"@id\":\"https:\\\/\\\/www.rri.ro\\\/fr\\\/actualites\\\/cest-maintenant\\\/reactions-roumaines-suite-aux-drone-russe-tombe-a-galati-id1010345.html#primaryimage\"},\"thumbnailUrl\":\"https:\\\/\\\/www.rri.ro\\\/wp-content\\\/uploads\\\/2025\\\/09\\\/imagine-AI-drona-rusa-gerbera-.jpg\",\"datePublished\":\"2026-04-26T07:54:34+00:00\",\"dateModified\":\"2026-04-27T11:48:41+00:00\",\"author\":{\"@id\":\"https:\\\/\\\/www.rri.ro\\\/#\\\/schema\\\/person\\\/4a479940371b9fdefd194f561e8a7f88\"},\"breadcrumb\":{\"@id\":\"https:\\\/\\\/www.rri.ro\\\/fr\\\/actualites\\\/cest-maintenant\\\/reactions-roumaines-suite-aux-drone-russe-tombe-a-galati-id1010345.html#breadcrumb\"},\"inLanguage\":\"fr-FR\",\"potentialAction\":[{\"@type\":\"ReadAction\",\"target\":[\"https:\\\/\\\/www.rri.ro\\\/fr\\\/actualites\\\/cest-maintenant\\\/reactions-roumaines-suite-aux-drone-russe-tombe-a-galati-id1010345.html\"]}]},{\"@type\":\"ImageObject\",\"inLanguage\":\"fr-FR\",\"@id\":\"https:\\\/\\\/www.rri.ro\\\/fr\\\/actualites\\\/cest-maintenant\\\/reactions-roumaines-suite-aux-drone-russe-tombe-a-galati-id1010345.html#primaryimage\",\"url\":\"https:\\\/\\\/www.rri.ro\\\/wp-content\\\/uploads\\\/2025\\\/09\\\/imagine-AI-drona-rusa-gerbera-.jpg\",\"contentUrl\":\"https:\\\/\\\/www.rri.ro\\\/wp-content\\\/uploads\\\/2025\\\/09\\\/imagine-AI-drona-rusa-gerbera-.jpg\",\"width\":1914,\"height\":1035,\"caption\":\"D\"},{\"@type\":\"BreadcrumbList\",\"@id\":\"https:\\\/\\\/www.rri.ro\\\/fr\\\/actualites\\\/cest-maintenant\\\/reactions-roumaines-suite-aux-drone-russe-tombe-a-galati-id1010345.html#breadcrumb\",\"itemListElement\":[{\"@type\":\"ListItem\",\"position\":1,\"name\":\"Page d'accueil\",\"item\":\"https:\\\/\\\/www.rri.ro\\\/fr\"},{\"@type\":\"ListItem\",\"position\":2,\"name\":\"Actualit\u00e9s\",\"item\":\"https:\\\/\\\/www.rri.ro\\\/fr\\\/actualites\"},{\"@type\":\"ListItem\",\"position\":3,\"name\":\"C'est maintenant\",\"item\":\"https:\\\/\\\/www.rri.ro\\\/fr\\\/actualites\\\/cest-maintenant\"},{\"@type\":\"ListItem\",\"position\":4,\"name\":\"R\u00e9actions roumaines suite aux drone russe tomb\u00e9 \u00e0 Galati\"}]},{\"@type\":\"WebSite\",\"@id\":\"https:\\\/\\\/www.rri.ro\\\/#website\",\"url\":\"https:\\\/\\\/www.rri.ro\\\/\",\"name\":\"Radio Roumanie Internationale\",\"description\":\"Totul despre Rom\u00e2nia \u015fi rom\u00e2ni, \u00een 13 limbi\\\/dialecte!\",\"inLanguage\":\"fr-FR\"},{\"@type\":\"Person\",\"@id\":\"https:\\\/\\\/www.rri.ro\\\/#\\\/schema\\\/person\\\/4a479940371b9fdefd194f561e8a7f88\",\"name\":\"Newsroom\",\"url\":\"https:\\\/\\\/www.rri.ro\\\/fr\\\/author\\\/newsroom\"}]}<\/script>\n<!-- \/ Yoast SEO plugin. -->","yoast_head_json":{"title":"R\u00e9actions roumaines suite aux drone russe tomb\u00e9 \u00e0 Galati - Radio Roumanie Internationale","robots":{"index":"index","follow":"follow","max-snippet":"max-snippet:-1","max-image-preview":"max-image-preview:large","max-video-preview":"max-video-preview:-1"},"canonical":"https:\/\/www.rri.ro\/fr\/actualites\/cest-maintenant\/reactions-roumaines-suite-aux-drone-russe-tombe-a-galati-id1010345.html","og_locale":"fr_FR","og_type":"article","og_title":"R\u00e9actions roumaines suite aux drone russe tomb\u00e9 \u00e0 Galati - Radio Roumanie Internationale","og_description":"Drone \u2013 Le pr\u00e9sident roumain Nicu\u015for Dan et le premier ministre Ilie Bolojan condamnent fermement le comportement irresponsable de la Russie qui provoque des incidents tels que le drone utilis\u00e9 dans les attaques contre l\u2019Ukraine qui est tomb\u00e9 dans la nuit de vendredi \u00e0 samedi \u00e0 Galati, sur le territoire de la Roumanie. La violation [&hellip;]","og_url":"https:\/\/www.rri.ro\/fr\/actualites\/cest-maintenant\/reactions-roumaines-suite-aux-drone-russe-tombe-a-galati-id1010345.html","og_site_name":"Radio Roumanie Internationale","article_published_time":"2026-04-26T07:54:34+00:00","article_modified_time":"2026-04-27T11:48:41+00:00","og_image":[{"width":1914,"height":1035,"url":"https:\/\/www.rri.ro\/wp-content\/uploads\/2025\/09\/imagine-AI-drona-rusa-gerbera-.jpg","type":"image\/jpeg"}],"author":"Newsroom","twitter_card":"summary_large_image","twitter_misc":{"\u00c9crit par":"Newsroom","Dur\u00e9e de lecture estim\u00e9e":"3 minutes","Written by":"Newsroom"},"schema":{"@context":"https:\/\/schema.org","@graph":[{"@type":"Article","@id":"https:\/\/www.rri.ro\/fr\/actualites\/cest-maintenant\/reactions-roumaines-suite-aux-drone-russe-tombe-a-galati-id1010345.html#article","isPartOf":{"@id":"https:\/\/www.rri.ro\/fr\/actualites\/cest-maintenant\/reactions-roumaines-suite-aux-drone-russe-tombe-a-galati-id1010345.html"},"author":{"name":"Newsroom","@id":"https:\/\/www.rri.ro\/#\/schema\/person\/4a479940371b9fdefd194f561e8a7f88"},"headline":"R\u00e9actions roumaines suite aux drone russe tomb\u00e9 \u00e0 Galati","datePublished":"2026-04-26T07:54:34+00:00","dateModified":"2026-04-27T11:48:41+00:00","mainEntityOfPage":{"@id":"https:\/\/www.rri.ro\/fr\/actualites\/cest-maintenant\/reactions-roumaines-suite-aux-drone-russe-tombe-a-galati-id1010345.html"},"wordCount":644,"image":{"@id":"https:\/\/www.rri.ro\/fr\/actualites\/cest-maintenant\/reactions-roumaines-suite-aux-drone-russe-tombe-a-galati-id1010345.html#primaryimage"},"thumbnailUrl":"https:\/\/www.rri.ro\/wp-content\/uploads\/2025\/09\/imagine-AI-drona-rusa-gerbera-.jpg","articleSection":["C'est maintenant"],"inLanguage":"fr-FR"},{"@type":"WebPage","@id":"https:\/\/www.rri.ro\/fr\/actualites\/cest-maintenant\/reactions-roumaines-suite-aux-drone-russe-tombe-a-galati-id1010345.html","url":"https:\/\/www.rri.ro\/fr\/actualites\/cest-maintenant\/reactions-roumaines-suite-aux-drone-russe-tombe-a-galati-id1010345.html","name":"R\u00e9actions roumaines suite aux drone russe tomb\u00e9 \u00e0 Galati - Radio Roumanie Internationale","isPartOf":{"@id":"https:\/\/www.rri.ro\/#website"},"primaryImageOfPage":{"@id":"https:\/\/www.rri.ro\/fr\/actualites\/cest-maintenant\/reactions-roumaines-suite-aux-drone-russe-tombe-a-galati-id1010345.html#primaryimage"},"image":{"@id":"https:\/\/www.rri.ro\/fr\/actualites\/cest-maintenant\/reactions-roumaines-suite-aux-drone-russe-tombe-a-galati-id1010345.html#primaryimage"},"thumbnailUrl":"https:\/\/www.rri.ro\/wp-content\/uploads\/2025\/09\/imagine-AI-drona-rusa-gerbera-.jpg","datePublished":"2026-04-26T07:54:34+00:00","dateModified":"2026-04-27T11:48:41+00:00","author":{"@id":"https:\/\/www.rri.ro\/#\/schema\/person\/4a479940371b9fdefd194f561e8a7f88"},"breadcrumb":{"@id":"https:\/\/www.rri.ro\/fr\/actualites\/cest-maintenant\/reactions-roumaines-suite-aux-drone-russe-tombe-a-galati-id1010345.html#breadcrumb"},"inLanguage":"fr-FR","potentialAction":[{"@type":"ReadAction","target":["https:\/\/www.rri.ro\/fr\/actualites\/cest-maintenant\/reactions-roumaines-suite-aux-drone-russe-tombe-a-galati-id1010345.html"]}]},{"@type":"ImageObject","inLanguage":"fr-FR","@id":"https:\/\/www.rri.ro\/fr\/actualites\/cest-maintenant\/reactions-roumaines-suite-aux-drone-russe-tombe-a-galati-id1010345.html#primaryimage","url":"https:\/\/www.rri.ro\/wp-content\/uploads\/2025\/09\/imagine-AI-drona-rusa-gerbera-.jpg","contentUrl":"https:\/\/www.rri.ro\/wp-content\/uploads\/2025\/09\/imagine-AI-drona-rusa-gerbera-.jpg","width":1914,"height":1035,"caption":"D"},{"@type":"BreadcrumbList","@id":"https:\/\/www.rri.ro\/fr\/actualites\/cest-maintenant\/reactions-roumaines-suite-aux-drone-russe-tombe-a-galati-id1010345.html#breadcrumb","itemListElement":[{"@type":"ListItem","position":1,"name":"Page d'accueil","item":"https:\/\/www.rri.ro\/fr"},{"@type":"ListItem","position":2,"name":"Actualit\u00e9s","item":"https:\/\/www.rri.ro\/fr\/actualites"},{"@type":"ListItem","position":3,"name":"C'est maintenant","item":"https:\/\/www.rri.ro\/fr\/actualites\/cest-maintenant"},{"@type":"ListItem","position":4,"name":"R\u00e9actions roumaines suite aux drone russe tomb\u00e9 \u00e0 Galati"}]},{"@type":"WebSite","@id":"https:\/\/www.rri.ro\/#website","url":"https:\/\/www.rri.ro\/","name":"Radio Roumanie Internationale","description":"Totul despre Rom\u00e2nia \u015fi rom\u00e2ni, \u00een 13 limbi\/dialecte!","inLanguage":"fr-FR"},{"@type":"Person","@id":"https:\/\/www.rri.ro\/#\/schema\/person\/4a479940371b9fdefd194f561e8a7f88","name":"Newsroom","url":"https:\/\/www.rri.ro\/fr\/author\/newsroom"}]}},"_links":{"self":[{"href":"https:\/\/www.rri.ro\/fr\/wp-json\/wp\/v2\/posts\/1010345","targetHints":{"allow":["GET"]}}],"collection":[{"href":"https:\/\/www.rri.ro\/fr\/wp-json\/wp\/v2\/posts"}],"about":[{"href":"https:\/\/www.rri.ro\/fr\/wp-json\/wp\/v2\/types\/post"}],"author":[{"embeddable":true,"href":"https:\/\/www.rri.ro\/fr\/wp-json\/wp\/v2\/users\/113"}],"replies":[{"embeddable":true,"href":"https:\/\/www.rri.ro\/fr\/wp-json\/wp\/v2\/comments?post=1010345"}],"version-history":[{"count":1,"href":"https:\/\/www.rri.ro\/fr\/wp-json\/wp\/v2\/posts\/1010345\/revisions"}],"predecessor-version":[{"id":1010346,"href":"https:\/\/www.rri.ro\/fr\/wp-json\/wp\/v2\/posts\/1010345\/revisions\/1010346"}],"wp:featuredmedia":[{"embeddable":true,"href":"https:\/\/www.rri.ro\/fr\/wp-json\/wp\/v2\/media\/927111"}],"wp:attachment":[{"href":"https:\/\/www.rri.ro\/fr\/wp-json\/wp\/v2\/media?parent=1010345"}],"wp:term":[{"taxonomy":"category","embeddable":true,"href":"https:\/\/www.rri.ro\/fr\/wp-json\/wp\/v2\/categories?post=1010345"},{"taxonomy":"post_tag","embeddable":true,"href":"https:\/\/www.rri.ro\/fr\/wp-json\/wp\/v2\/tags?post=1010345"},{"taxonomy":"author","embeddable":true,"href":"https:\/\/www.rri.ro\/fr\/wp-json\/wp\/v2\/coauthors?post=1010345"}],"curies":[{"name":"wp","href":"https:\/\/api.w.org\/{rel}","templated":true}]}}