{"id":1010609,"date":"2026-04-28T10:10:49","date_gmt":"2026-04-28T07:10:49","guid":{"rendered":"https:\/\/www.rri.ro\/?p=1010609"},"modified":"2026-04-27T13:18:45","modified_gmt":"2026-04-27T10:18:45","slug":"rendre-lart-accessible-a-tous","status":"publish","type":"post","link":"https:\/\/www.rri.ro\/fr\/chroniques-hebdomadaires\/la-roumanie-chez-elle\/rendre-lart-accessible-a-tous-id1010609.html","title":{"rendered":"Rendre l&rsquo;art accessible \u00e0 tous"},"content":{"rendered":"<p>En Roumanie les personnes en situation de handicaps sont confront\u00e9es quotidiennement aux d\u00e9fis syst\u00e9miques, qu\u2019il s\u2019agisse d\u2019obstacles physiques, de manque de services adapt\u00e9s ou d\u2019exclusion sociale. C\u2019est pourquoi, en tant que soci\u00e9t\u00e9, nous avons une mission claire\u00a0: d\u00e9velopper l\u2019accessibilit\u00e9. Par exemple, aller au cin\u00e9ma ou au th\u00e9\u00e2tre est une joie, dont, malheureusement, certaines personnes ne peuvent pas profiter. C\u2019est sur cette toile de fond qu\u2019un processus d\u2019accessibilisation des films projet\u00e9s dans les salles de cin\u00e9ma a r\u00e9cemment \u00e9t\u00e9 mis en place en Roumanie.<\/p>\n<p>&nbsp;<\/p>\n<p><strong>Un domaine peu exploit\u00e9<\/strong><\/p>\n<p>&nbsp;<\/p>\n<p>Nous en apprenons davantage gr\u00e2ce \u00e0 Ligia Soare, responsable culturelle de l&rsquo;association Animest et traductrice audiovisuelle, avec plus de 20 ans d&rsquo;exp\u00e9rience dans l&rsquo;organisation de festivals de cin\u00e9ma\u00a0:<\/p>\n<p><em>\u00ab\u00a0Nous souhaitons que les films et les \u00e9v\u00e9nements de notre festival soient accessibles au plus grand nombre de personnes et que notre invitation soit sinc\u00e8re, c\u2019est pourquoi nous avons commenc\u00e9 \u00e0 r\u00e9fl\u00e9chir sur la mani\u00e8re dont on peut s\u2019adresser aux cat\u00e9gories de spectateurs que nous ne pouvons pas atteindre ou inviter au cin\u00e9ma en raison de certains obstacles. En tant que traductrice audiovisuelle, il y a quelques ann\u00e9es, j\u2019ai fait une formation de traduction sp\u00e9cialis\u00e9e pour les personnes malentendantes. J&rsquo;ai ensuite d\u00e9couvert que des m\u00e9thodes et des recherches existaient d\u00e9j\u00e0 depuis plusieurs d\u00e9cennies, qu\u2019elles \u00e9taient d\u00e9j\u00e0 mises en place dans certains pays, mais qu\u2019elles restaient toujours peu nombreuses.\u00a0\u00bb<\/em><\/p>\n<p>&nbsp;<\/p>\n<p><strong>Un projet europ\u00e9en pour rendre le cin\u00e9ma plus accessible<\/strong><\/p>\n<p>&nbsp;<\/p>\n<p>En fait, il n&rsquo;existe pas de normes fixes \u00e0 ce sujet en Europe. Mais les choses commencent n\u00e9anmoins \u00e0 bouger. Notre interlocutrice nous a expliqu\u00e9 comment un projet international impliquant cinq pays (R\u00e9publique tch\u00e8que, Slovaquie, Slov\u00e9nie, Roumanie et Croatie) a vu le jour, s\u2019adressant tant aux spectateurs malentendants que malvoyants\u00a0:<\/p>\n<p><em>\u00ab Parall\u00e8lement \u00e0 ce que nous avons commenc\u00e9 \u00e0 faire pour les festival d\u2019animation Animest, dans le cadre de notre collaboration avec l&rsquo;Institut fran\u00e7ais de Bucarest, un projet international a \u00e9merg\u00e9. Il s\u2019agit du projet europ\u00e9en intitul\u00e9 \u00ab Cin\u00e9ma sans barri\u00e8res \u00bb, lanc\u00e9 en 2024. Concr\u00e8tement, cela signifie que cinq cin\u00e9mas europ\u00e9ens, r\u00e9partis dans cinq pays, organisent des projections de films accessibilis\u00e9s chaque mois, en particulier pour les personnes malentendantes et malvoyantes. En parall\u00e8le, nous avons men\u00e9 des actions dans les \u00e9coles pour les enfants sourds et leurs enseignants, afin de comprendre leurs besoins exacts. Concr\u00e8tement, pour \u00eatre accessible aux personnes sourdes ou malentendantes, un film doit \u00eatre propos\u00e9 avec un sous-titre sp\u00e9cifique, appel\u00e9 sous-titre descriptif. Celui-ci reproduit non seulement les dialogues, mais aussi les sons pertinents, les bruits ou le nom de la personne qui parle, lorsque cela n&rsquo;est pas \u00e9vident \u00e0 l&rsquo;\u00e9cran. Car si le spectateur n&rsquo;entend pas, il ne peut pas savoir qui participe \u00e0 la conversation. Ainsi, les personnes malentendantes peuvent-elles mieux comprendre le film. R\u00e9cemment, on a commenc\u00e9 \u00e0 int\u00e9grer l&rsquo;interpr\u00e9tation en langue des signes roumaine dans les films. Concr\u00e8tement, nous collaborons avec des interpr\u00e8tes en langue des signes qui, gr\u00e2ce \u00e0 nos projets, se sont sp\u00e9cialis\u00e9s dans l&rsquo;interpr\u00e9tation cin\u00e9matographique. Ils enregistrent en studio, puis on fait le montage et- l&rsquo;interpr\u00e8te devient ainsi un membre \u00e0 part enti\u00e8re de l\u2019\u00e9quipe du film. \u00bb<\/em><\/p>\n<p>&nbsp;<\/p>\n<p><strong>Le cin\u00e9ma ouvert \u00e0 tous<\/strong><\/p>\n<p><strong>\u00a0<\/strong><\/p>\n<p>Au cin\u00e9ma, la projection d&rsquo;un film de ce type n\u2019est pas ouverte uniquement aux spectateurs malentendants. Ligia Soare, manager culturelle de l&rsquo;association Animest, poursuit\u00a0:<\/p>\n<p>&nbsp;<\/p>\n<p>\u00ab<em>\u00a0Pour les spectateurs malvoyants, plusieurs m\u00e9thodes existent\u00a0: la m\u00e9thode classique est l&rsquo;audio-description. Une voix d\u00e9crit l&rsquo;action du film lorsque les personnages ne parlent pas ou qu&rsquo;il n&rsquo;y a pas de sons pertinents. Plus pr\u00e9cis\u00e9ment, il existe une sp\u00e9cialisation\u00a0: un traducteur audiovisuel qui apprend \u00e0 r\u00e9aliser des audio-descriptions et qui r\u00e9dige le texte correspondant, permettant ainsi aux personnes aveugles ou malvoyantes de suivre le d\u00e9roul\u00e9 du film. Apr\u00e8s la consultation avec une personne aveugle qui v\u00e9rifie la bonne compr\u00e9hension de la description (car elles sont les mieux plac\u00e9es pour juger sa qualit\u00e9), l&rsquo;audio-description est enregistr\u00e9e avec la voix d&rsquo;un com\u00e9dien, mont\u00e9e, synchronis\u00e9e avec le film et un produit audio est ainsi cr\u00e9\u00e9 pour que les spectateurs pr\u00e9sents dans la salle puissent \u00e9galement l&rsquo;\u00e9couter.\u00a0\u00bb<\/em><\/p>\n<p>&nbsp;<\/p>\n<p><strong>Audio-description pour les personnes malvoyantes<\/strong><\/p>\n<p>&nbsp;<\/p>\n<p>La description audio peut \u00eatre \u00e9cout\u00e9e soit avec un casque sans fil (le projectionniste active alors le son en m\u00eame temps que le film), soit via une application sur son t\u00e9l\u00e9phone portable. L&rsquo;objectif en est clairement d&rsquo;enrichir l&rsquo;offre culturelle, car malgr\u00e9 toutes ces initiatives, les in\u00e9galit\u00e9s d&rsquo;acc\u00e8s restent importantes. Ligia Soare\u00a0:<\/p>\n<p>&nbsp;<\/p>\n<p><em>\u00ab En d\u00e9but d&rsquo;ann\u00e9e, j&rsquo;ai suivi une formation avec des festivals du nord de l\u2019Europe qui partagent cette m\u00eame volont\u00e9. Pourquoi\u00a0? Parce que l&rsquo;id\u00e9e d&rsquo;une meilleure accessibilit\u00e9 culturelle commence \u00e0 figurer aussi dans la l\u00e9gislation, mais il y a tellement d&rsquo;autres priorit\u00e9s que nous souhaitons mettre en \u0153uvre. On se demande alors : est-ce que c\u2019est tout ce dont les personnes malentendantes ou malvoyantes ont besoin ? Elles ont des besoins diff\u00e9rents, sans doute, mais la culture leur offre en quelque sorte un filet de s\u00e9curit\u00e9, une raison de socialiser, ce qui peut aussi r\u00e9soudre d&rsquo;autres probl\u00e8mes. A Bucarest, nous avons d\u00e9j\u00e0 des enfants sourds et aveugles qui vont au cin\u00e9ma, mais il devient naturel pour eux de demander une offre culturelle sp\u00e9cifique et une approche bilingue ad\u00e9quate \u00e0 leurs besoins dans leur vie sociale. Nous faisons entendre notre voix, par la culture, pour montrer que ces besoins existent et que ces personnes ont besoin d&rsquo;activit\u00e9s \u00e0 tous les niveaux, selon leur propre fa\u00e7on de compr\u00e9hension. Il ne suffit pas d&rsquo;aller au cin\u00e9ma, il faut aussi leur proposer de la danse, du th\u00e9\u00e2tre, de l&rsquo;op\u00e9ra, et pas seulement des mus\u00e9es, il faut que ces personnes \u00a0puissent aussi avoir le choix c\u00f4t\u00e9 culture. Moi, qui aie une ou\u00efe normale, j&rsquo;ai le luxe de choisir ce que je veux voir. Eux, ils n&rsquo;ont pas vraiment le choix, pour l\u2019instant.\u00a0\u00bb<\/em><\/p>\n<p>&nbsp;<\/p>\n<p>Voil\u00e0 donc une nouvelle approche dans les salles de cin\u00e9ma de Bucarest, au b\u00e9n\u00e9fice des spectateurs malvoyants ou malentendants, dans une tentative de les rapprocher un peu du de la culture en g\u00e9n\u00e9ral et cin\u00e9ma en particulier et. (trad. Andra Juganaru)<\/p>\n<p>&nbsp;<\/p>\n<p>&nbsp;<\/p>\n","protected":false},"excerpt":{"rendered":"<p>En Roumanie les personnes en situation de handicaps sont confront\u00e9es quotidiennement aux d\u00e9fis syst\u00e9miques, qu\u2019il s\u2019agisse d\u2019obstacles physiques, de manque de services adapt\u00e9s ou d\u2019exclusion sociale. C\u2019est pourquoi, en tant que soci\u00e9t\u00e9, nous avons une mission claire\u00a0: d\u00e9velopper l\u2019accessibilit\u00e9. Par exemple, aller au cin\u00e9ma ou au th\u00e9\u00e2tre est une joie, dont, malheureusement, certaines personnes ne [&hellip;]<\/p>\n","protected":false},"author":126,"featured_media":1008147,"comment_status":"closed","ping_status":"closed","sticky":false,"template":"","format":"standard","meta":{"_acf_changed":false,"footnotes":""},"categories":[85306],"tags":[],"coauthors":[113240],"class_list":["post-1010609","post","type-post","status-publish","format-standard","has-post-thumbnail","hentry","category-la-roumanie-chez-elle"],"acf":[],"yoast_head":"<!-- This site is optimized with the Yoast SEO plugin v27.5 - https:\/\/yoast.com\/product\/yoast-seo-wordpress\/ -->\n<title>Rendre l&#039;art accessible \u00e0 tous - Radio Roumanie Internationale<\/title>\n<meta name=\"robots\" content=\"index, follow, max-snippet:-1, max-image-preview:large, max-video-preview:-1\" \/>\n<link rel=\"canonical\" href=\"https:\/\/www.rri.ro\/fr\/chroniques-hebdomadaires\/la-roumanie-chez-elle\/rendre-lart-accessible-a-tous-id1010609.html\" \/>\n<meta property=\"og:locale\" content=\"fr_FR\" \/>\n<meta property=\"og:type\" content=\"article\" \/>\n<meta property=\"og:title\" content=\"Rendre l&#039;art accessible \u00e0 tous - Radio Roumanie Internationale\" \/>\n<meta property=\"og:description\" content=\"En Roumanie les personnes en situation de handicaps sont confront\u00e9es quotidiennement aux d\u00e9fis syst\u00e9miques, qu\u2019il s\u2019agisse d\u2019obstacles physiques, de manque de services adapt\u00e9s ou d\u2019exclusion sociale. C\u2019est pourquoi, en tant que soci\u00e9t\u00e9, nous avons une mission claire\u00a0: d\u00e9velopper l\u2019accessibilit\u00e9. Par exemple, aller au cin\u00e9ma ou au th\u00e9\u00e2tre est une joie, dont, malheureusement, certaines personnes ne [&hellip;]\" \/>\n<meta property=\"og:url\" content=\"https:\/\/www.rri.ro\/fr\/chroniques-hebdomadaires\/la-roumanie-chez-elle\/rendre-lart-accessible-a-tous-id1010609.html\" \/>\n<meta property=\"og:site_name\" content=\"Radio Roumanie Internationale\" \/>\n<meta property=\"article:published_time\" content=\"2026-04-28T07:10:49+00:00\" \/>\n<meta property=\"og:image\" content=\"https:\/\/www.rri.ro\/wp-content\/uploads\/2026\/04\/Animest-SUPER-foto-facebook-AnimestRO.jpg\" \/>\n\t<meta property=\"og:image:width\" content=\"1191\" \/>\n\t<meta property=\"og:image:height\" content=\"899\" \/>\n\t<meta property=\"og:image:type\" content=\"image\/jpeg\" \/>\n<meta name=\"author\" content=\"Ana-Maria Cononovici\" \/>\n<meta name=\"twitter:card\" content=\"summary_large_image\" \/>\n<meta name=\"twitter:label1\" content=\"\u00c9crit par\" \/>\n\t<meta name=\"twitter:data1\" content=\"Ana-Maria Cononovici\" \/>\n\t<meta name=\"twitter:label2\" content=\"Dur\u00e9e de lecture estim\u00e9e\" \/>\n\t<meta name=\"twitter:data2\" content=\"6 minutes\" \/>\n\t<meta name=\"twitter:label3\" content=\"Written by\" \/>\n\t<meta name=\"twitter:data3\" content=\"Ana-Maria Cononovici\" \/>\n<script type=\"application\/ld+json\" class=\"yoast-schema-graph\">{\"@context\":\"https:\\\/\\\/schema.org\",\"@graph\":[{\"@type\":\"Article\",\"@id\":\"https:\\\/\\\/www.rri.ro\\\/fr\\\/chroniques-hebdomadaires\\\/la-roumanie-chez-elle\\\/rendre-lart-accessible-a-tous-id1010609.html#article\",\"isPartOf\":{\"@id\":\"https:\\\/\\\/www.rri.ro\\\/fr\\\/chroniques-hebdomadaires\\\/la-roumanie-chez-elle\\\/rendre-lart-accessible-a-tous-id1010609.html\"},\"author\":{\"name\":\"Ana-Maria Cononovici\",\"@id\":\"https:\\\/\\\/www.rri.ro\\\/#\\\/schema\\\/person\\\/70ee98042ca8b95ae29876ed4848670e\"},\"headline\":\"Rendre l&rsquo;art accessible \u00e0 tous\",\"datePublished\":\"2026-04-28T07:10:49+00:00\",\"mainEntityOfPage\":{\"@id\":\"https:\\\/\\\/www.rri.ro\\\/fr\\\/chroniques-hebdomadaires\\\/la-roumanie-chez-elle\\\/rendre-lart-accessible-a-tous-id1010609.html\"},\"wordCount\":1151,\"image\":{\"@id\":\"https:\\\/\\\/www.rri.ro\\\/fr\\\/chroniques-hebdomadaires\\\/la-roumanie-chez-elle\\\/rendre-lart-accessible-a-tous-id1010609.html#primaryimage\"},\"thumbnailUrl\":\"https:\\\/\\\/www.rri.ro\\\/wp-content\\\/uploads\\\/2026\\\/04\\\/Animest-SUPER-foto-facebook-AnimestRO.jpg\",\"articleSection\":[\"La Roumanie chez elle\"],\"inLanguage\":\"fr-FR\"},{\"@type\":\"WebPage\",\"@id\":\"https:\\\/\\\/www.rri.ro\\\/fr\\\/chroniques-hebdomadaires\\\/la-roumanie-chez-elle\\\/rendre-lart-accessible-a-tous-id1010609.html\",\"url\":\"https:\\\/\\\/www.rri.ro\\\/fr\\\/chroniques-hebdomadaires\\\/la-roumanie-chez-elle\\\/rendre-lart-accessible-a-tous-id1010609.html\",\"name\":\"Rendre l'art accessible \u00e0 tous - Radio Roumanie Internationale\",\"isPartOf\":{\"@id\":\"https:\\\/\\\/www.rri.ro\\\/#website\"},\"primaryImageOfPage\":{\"@id\":\"https:\\\/\\\/www.rri.ro\\\/fr\\\/chroniques-hebdomadaires\\\/la-roumanie-chez-elle\\\/rendre-lart-accessible-a-tous-id1010609.html#primaryimage\"},\"image\":{\"@id\":\"https:\\\/\\\/www.rri.ro\\\/fr\\\/chroniques-hebdomadaires\\\/la-roumanie-chez-elle\\\/rendre-lart-accessible-a-tous-id1010609.html#primaryimage\"},\"thumbnailUrl\":\"https:\\\/\\\/www.rri.ro\\\/wp-content\\\/uploads\\\/2026\\\/04\\\/Animest-SUPER-foto-facebook-AnimestRO.jpg\",\"datePublished\":\"2026-04-28T07:10:49+00:00\",\"author\":{\"@id\":\"https:\\\/\\\/www.rri.ro\\\/#\\\/schema\\\/person\\\/70ee98042ca8b95ae29876ed4848670e\"},\"breadcrumb\":{\"@id\":\"https:\\\/\\\/www.rri.ro\\\/fr\\\/chroniques-hebdomadaires\\\/la-roumanie-chez-elle\\\/rendre-lart-accessible-a-tous-id1010609.html#breadcrumb\"},\"inLanguage\":\"fr-FR\",\"potentialAction\":[{\"@type\":\"ReadAction\",\"target\":[\"https:\\\/\\\/www.rri.ro\\\/fr\\\/chroniques-hebdomadaires\\\/la-roumanie-chez-elle\\\/rendre-lart-accessible-a-tous-id1010609.html\"]}]},{\"@type\":\"ImageObject\",\"inLanguage\":\"fr-FR\",\"@id\":\"https:\\\/\\\/www.rri.ro\\\/fr\\\/chroniques-hebdomadaires\\\/la-roumanie-chez-elle\\\/rendre-lart-accessible-a-tous-id1010609.html#primaryimage\",\"url\":\"https:\\\/\\\/www.rri.ro\\\/wp-content\\\/uploads\\\/2026\\\/04\\\/Animest-SUPER-foto-facebook-AnimestRO.jpg\",\"contentUrl\":\"https:\\\/\\\/www.rri.ro\\\/wp-content\\\/uploads\\\/2026\\\/04\\\/Animest-SUPER-foto-facebook-AnimestRO.jpg\",\"width\":1191,\"height\":899,\"caption\":\"Foto: facebook.com\\\/AnimestRO\"},{\"@type\":\"BreadcrumbList\",\"@id\":\"https:\\\/\\\/www.rri.ro\\\/fr\\\/chroniques-hebdomadaires\\\/la-roumanie-chez-elle\\\/rendre-lart-accessible-a-tous-id1010609.html#breadcrumb\",\"itemListElement\":[{\"@type\":\"ListItem\",\"position\":1,\"name\":\"Page d'accueil\",\"item\":\"https:\\\/\\\/www.rri.ro\\\/fr\"},{\"@type\":\"ListItem\",\"position\":2,\"name\":\"Panoramice\",\"item\":\"https:\\\/\\\/www.rri.ro\\\/panoramice\"},{\"@type\":\"ListItem\",\"position\":3,\"name\":\"La Roumanie chez elle\",\"item\":\"https:\\\/\\\/www.rri.ro\\\/fr\\\/chroniques-hebdomadaires\\\/la-roumanie-chez-elle\"},{\"@type\":\"ListItem\",\"position\":4,\"name\":\"Rendre l&#8217;art accessible \u00e0 tous\"}]},{\"@type\":\"WebSite\",\"@id\":\"https:\\\/\\\/www.rri.ro\\\/#website\",\"url\":\"https:\\\/\\\/www.rri.ro\\\/\",\"name\":\"Radio Roumanie Internationale\",\"description\":\"Totul despre Rom\u00e2nia \u015fi rom\u00e2ni, \u00een 13 limbi\\\/dialecte!\",\"inLanguage\":\"fr-FR\"},{\"@type\":\"Person\",\"@id\":\"https:\\\/\\\/www.rri.ro\\\/#\\\/schema\\\/person\\\/70ee98042ca8b95ae29876ed4848670e\",\"name\":\"Ana-Maria Cononovici\",\"url\":\"https:\\\/\\\/www.rri.ro\\\/fr\\\/author\\\/ana-maria-cononovici\"}]}<\/script>\n<!-- \/ Yoast SEO plugin. -->","yoast_head_json":{"title":"Rendre l'art accessible \u00e0 tous - Radio Roumanie Internationale","robots":{"index":"index","follow":"follow","max-snippet":"max-snippet:-1","max-image-preview":"max-image-preview:large","max-video-preview":"max-video-preview:-1"},"canonical":"https:\/\/www.rri.ro\/fr\/chroniques-hebdomadaires\/la-roumanie-chez-elle\/rendre-lart-accessible-a-tous-id1010609.html","og_locale":"fr_FR","og_type":"article","og_title":"Rendre l'art accessible \u00e0 tous - Radio Roumanie Internationale","og_description":"En Roumanie les personnes en situation de handicaps sont confront\u00e9es quotidiennement aux d\u00e9fis syst\u00e9miques, qu\u2019il s\u2019agisse d\u2019obstacles physiques, de manque de services adapt\u00e9s ou d\u2019exclusion sociale. C\u2019est pourquoi, en tant que soci\u00e9t\u00e9, nous avons une mission claire\u00a0: d\u00e9velopper l\u2019accessibilit\u00e9. Par exemple, aller au cin\u00e9ma ou au th\u00e9\u00e2tre est une joie, dont, malheureusement, certaines personnes ne [&hellip;]","og_url":"https:\/\/www.rri.ro\/fr\/chroniques-hebdomadaires\/la-roumanie-chez-elle\/rendre-lart-accessible-a-tous-id1010609.html","og_site_name":"Radio Roumanie Internationale","article_published_time":"2026-04-28T07:10:49+00:00","og_image":[{"width":1191,"height":899,"url":"https:\/\/www.rri.ro\/wp-content\/uploads\/2026\/04\/Animest-SUPER-foto-facebook-AnimestRO.jpg","type":"image\/jpeg"}],"author":"Ana-Maria Cononovici","twitter_card":"summary_large_image","twitter_misc":{"\u00c9crit par":"Ana-Maria Cononovici","Dur\u00e9e de lecture estim\u00e9e":"6 minutes","Written by":"Ana-Maria Cononovici"},"schema":{"@context":"https:\/\/schema.org","@graph":[{"@type":"Article","@id":"https:\/\/www.rri.ro\/fr\/chroniques-hebdomadaires\/la-roumanie-chez-elle\/rendre-lart-accessible-a-tous-id1010609.html#article","isPartOf":{"@id":"https:\/\/www.rri.ro\/fr\/chroniques-hebdomadaires\/la-roumanie-chez-elle\/rendre-lart-accessible-a-tous-id1010609.html"},"author":{"name":"Ana-Maria Cononovici","@id":"https:\/\/www.rri.ro\/#\/schema\/person\/70ee98042ca8b95ae29876ed4848670e"},"headline":"Rendre l&rsquo;art accessible \u00e0 tous","datePublished":"2026-04-28T07:10:49+00:00","mainEntityOfPage":{"@id":"https:\/\/www.rri.ro\/fr\/chroniques-hebdomadaires\/la-roumanie-chez-elle\/rendre-lart-accessible-a-tous-id1010609.html"},"wordCount":1151,"image":{"@id":"https:\/\/www.rri.ro\/fr\/chroniques-hebdomadaires\/la-roumanie-chez-elle\/rendre-lart-accessible-a-tous-id1010609.html#primaryimage"},"thumbnailUrl":"https:\/\/www.rri.ro\/wp-content\/uploads\/2026\/04\/Animest-SUPER-foto-facebook-AnimestRO.jpg","articleSection":["La Roumanie chez elle"],"inLanguage":"fr-FR"},{"@type":"WebPage","@id":"https:\/\/www.rri.ro\/fr\/chroniques-hebdomadaires\/la-roumanie-chez-elle\/rendre-lart-accessible-a-tous-id1010609.html","url":"https:\/\/www.rri.ro\/fr\/chroniques-hebdomadaires\/la-roumanie-chez-elle\/rendre-lart-accessible-a-tous-id1010609.html","name":"Rendre l'art accessible \u00e0 tous - Radio Roumanie Internationale","isPartOf":{"@id":"https:\/\/www.rri.ro\/#website"},"primaryImageOfPage":{"@id":"https:\/\/www.rri.ro\/fr\/chroniques-hebdomadaires\/la-roumanie-chez-elle\/rendre-lart-accessible-a-tous-id1010609.html#primaryimage"},"image":{"@id":"https:\/\/www.rri.ro\/fr\/chroniques-hebdomadaires\/la-roumanie-chez-elle\/rendre-lart-accessible-a-tous-id1010609.html#primaryimage"},"thumbnailUrl":"https:\/\/www.rri.ro\/wp-content\/uploads\/2026\/04\/Animest-SUPER-foto-facebook-AnimestRO.jpg","datePublished":"2026-04-28T07:10:49+00:00","author":{"@id":"https:\/\/www.rri.ro\/#\/schema\/person\/70ee98042ca8b95ae29876ed4848670e"},"breadcrumb":{"@id":"https:\/\/www.rri.ro\/fr\/chroniques-hebdomadaires\/la-roumanie-chez-elle\/rendre-lart-accessible-a-tous-id1010609.html#breadcrumb"},"inLanguage":"fr-FR","potentialAction":[{"@type":"ReadAction","target":["https:\/\/www.rri.ro\/fr\/chroniques-hebdomadaires\/la-roumanie-chez-elle\/rendre-lart-accessible-a-tous-id1010609.html"]}]},{"@type":"ImageObject","inLanguage":"fr-FR","@id":"https:\/\/www.rri.ro\/fr\/chroniques-hebdomadaires\/la-roumanie-chez-elle\/rendre-lart-accessible-a-tous-id1010609.html#primaryimage","url":"https:\/\/www.rri.ro\/wp-content\/uploads\/2026\/04\/Animest-SUPER-foto-facebook-AnimestRO.jpg","contentUrl":"https:\/\/www.rri.ro\/wp-content\/uploads\/2026\/04\/Animest-SUPER-foto-facebook-AnimestRO.jpg","width":1191,"height":899,"caption":"Foto: facebook.com\/AnimestRO"},{"@type":"BreadcrumbList","@id":"https:\/\/www.rri.ro\/fr\/chroniques-hebdomadaires\/la-roumanie-chez-elle\/rendre-lart-accessible-a-tous-id1010609.html#breadcrumb","itemListElement":[{"@type":"ListItem","position":1,"name":"Page d'accueil","item":"https:\/\/www.rri.ro\/fr"},{"@type":"ListItem","position":2,"name":"Panoramice","item":"https:\/\/www.rri.ro\/panoramice"},{"@type":"ListItem","position":3,"name":"La Roumanie chez elle","item":"https:\/\/www.rri.ro\/fr\/chroniques-hebdomadaires\/la-roumanie-chez-elle"},{"@type":"ListItem","position":4,"name":"Rendre l&#8217;art accessible \u00e0 tous"}]},{"@type":"WebSite","@id":"https:\/\/www.rri.ro\/#website","url":"https:\/\/www.rri.ro\/","name":"Radio Roumanie Internationale","description":"Totul despre Rom\u00e2nia \u015fi rom\u00e2ni, \u00een 13 limbi\/dialecte!","inLanguage":"fr-FR"},{"@type":"Person","@id":"https:\/\/www.rri.ro\/#\/schema\/person\/70ee98042ca8b95ae29876ed4848670e","name":"Ana-Maria Cononovici","url":"https:\/\/www.rri.ro\/fr\/author\/ana-maria-cononovici"}]}},"_links":{"self":[{"href":"https:\/\/www.rri.ro\/fr\/wp-json\/wp\/v2\/posts\/1010609","targetHints":{"allow":["GET"]}}],"collection":[{"href":"https:\/\/www.rri.ro\/fr\/wp-json\/wp\/v2\/posts"}],"about":[{"href":"https:\/\/www.rri.ro\/fr\/wp-json\/wp\/v2\/types\/post"}],"author":[{"embeddable":true,"href":"https:\/\/www.rri.ro\/fr\/wp-json\/wp\/v2\/users\/126"}],"replies":[{"embeddable":true,"href":"https:\/\/www.rri.ro\/fr\/wp-json\/wp\/v2\/comments?post=1010609"}],"version-history":[{"count":0,"href":"https:\/\/www.rri.ro\/fr\/wp-json\/wp\/v2\/posts\/1010609\/revisions"}],"wp:featuredmedia":[{"embeddable":true,"href":"https:\/\/www.rri.ro\/fr\/wp-json\/wp\/v2\/media\/1008147"}],"wp:attachment":[{"href":"https:\/\/www.rri.ro\/fr\/wp-json\/wp\/v2\/media?parent=1010609"}],"wp:term":[{"taxonomy":"category","embeddable":true,"href":"https:\/\/www.rri.ro\/fr\/wp-json\/wp\/v2\/categories?post=1010609"},{"taxonomy":"post_tag","embeddable":true,"href":"https:\/\/www.rri.ro\/fr\/wp-json\/wp\/v2\/tags?post=1010609"},{"taxonomy":"author","embeddable":true,"href":"https:\/\/www.rri.ro\/fr\/wp-json\/wp\/v2\/coauthors?post=1010609"}],"curies":[{"name":"wp","href":"https:\/\/api.w.org\/{rel}","templated":true}]}}