{"id":1010750,"date":"2026-04-28T10:29:12","date_gmt":"2026-04-28T07:29:12","guid":{"rendered":"https:\/\/www.rri.ro\/?p=1010750"},"modified":"2026-04-27T18:32:55","modified_gmt":"2026-04-27T15:32:55","slug":"sol-de-raluca-antonescu","status":"publish","type":"post","link":"https:\/\/www.rri.ro\/fr\/nos-emissions\/le-coup-de-coeur-du-libraire\/sol-de-raluca-antonescu-id1010750.html","title":{"rendered":"Sol, de Raluca Antonescu"},"content":{"rendered":"<p>Sorti en 2017, aux Editions La Baconni\u00e8re, \u00ab Sol \u00bb est le deuxi\u00e8me roman apr\u00e8s \u00ab L\u2019inondation \u00bb, de Raluca Antonescu, une \u00e9crivaine n\u00e9e en Roumanie et vivant en Suisse depuis l\u2019\u00e2ge de 4 ans. D\u2019ailleurs, l&rsquo;exil est en quelque sorte le th\u00e8me de ce livre dont Azadbek Bekchanov, libraire \u00e0 Kyralina depuis d\u00e9cembre dernier, a choisi de faire son coup de c\u0153ur.<br \/>\n<iframe loading=\"lazy\" src=\"https:\/\/w.soundcloud.com\/player\/?url=https%3A\/\/api.soundcloud.com\/tracks\/soundcloud%253Atracks%253A2310202565&amp;color=%23ff5500&amp;auto_play=false&amp;hide_related=false&amp;show_comments=true&amp;show_user=true&amp;show_reposts=false&amp;show_teaser=true\" width=\"100%\" height=\"166\" frameborder=\"no\" scrolling=\"no\"><\/iframe><\/p>\n<div style=\"font-size: 10px; color: #cccccc; line-break: anywhere; word-break: normal; overflow: hidden; white-space: nowrap; text-overflow: ellipsis; font-family: Interstate,Lucida Grande,Lucida Sans Unicode,Lucida Sans,Garuda,Verdana,Tahoma,sans-serif; font-weight: 100;\"><a style=\"color: #cccccc; text-decoration: none;\" title=\"RadioRomaniaInternational\" href=\"https:\/\/soundcloud.com\/radioromaniainternational\" target=\"_blank\" rel=\"noopener\">RadioRomaniaInternational<\/a> \u00b7 <a style=\"color: #cccccc; text-decoration: none;\" title=\"Le coup de coeur du libraire - Sol, de Raluca Antonescu\" href=\"https:\/\/soundcloud.com\/radioromaniainternational\/le-coup-de-coeur-du-libraire-3\" target=\"_blank\" rel=\"noopener\">Le coup de coeur du libraire &#8211; Sol, de Raluca Antonescu<\/a><\/div>\n","protected":false},"excerpt":{"rendered":"<p>Sorti en 2017, aux Editions La Baconni\u00e8re, \u00ab Sol \u00bb est le deuxi\u00e8me roman apr\u00e8s \u00ab L\u2019inondation \u00bb, de Raluca Antonescu, une \u00e9crivaine n\u00e9e en Roumanie et vivant en Suisse depuis l\u2019\u00e2ge de 4 ans. D\u2019ailleurs, l&rsquo;exil est en quelque sorte le th\u00e8me de ce livre dont Azadbek Bekchanov, libraire \u00e0 Kyralina depuis d\u00e9cembre dernier, [&hellip;]<\/p>\n","protected":false},"author":134,"featured_media":1010725,"comment_status":"closed","ping_status":"closed","sticky":false,"template":"","format":"standard","meta":{"_acf_changed":false,"footnotes":""},"categories":[96052],"tags":[148834,171681,86294,86634,189820,189821],"coauthors":[113231],"class_list":["post-1010750","post","type-post","status-publish","format-standard","has-post-thumbnail","hentry","category-le-coup-de-coeur-du-libraire","tag-ceausescu-fr","tag-exil-fr","tag-famille","tag-memoire","tag-raluca-antonescu","tag-sol-fr"],"acf":[],"yoast_head":"<!-- This site is optimized with the Yoast SEO plugin v27.5 - https:\/\/yoast.com\/product\/yoast-seo-wordpress\/ -->\n<title>Sol, de Raluca Antonescu - Radio Roumanie Internationale<\/title>\n<meta name=\"robots\" content=\"index, follow, max-snippet:-1, max-image-preview:large, max-video-preview:-1\" \/>\n<link rel=\"canonical\" href=\"https:\/\/www.rri.ro\/fr\/nos-emissions\/le-coup-de-coeur-du-libraire\/sol-de-raluca-antonescu-id1010750.html\" \/>\n<meta property=\"og:locale\" content=\"fr_FR\" \/>\n<meta property=\"og:type\" content=\"article\" \/>\n<meta property=\"og:title\" content=\"Sol, de Raluca Antonescu - Radio Roumanie Internationale\" \/>\n<meta property=\"og:description\" content=\"Sorti en 2017, aux Editions La Baconni\u00e8re, \u00ab Sol \u00bb est le deuxi\u00e8me roman apr\u00e8s \u00ab L\u2019inondation \u00bb, de Raluca Antonescu, une \u00e9crivaine n\u00e9e en Roumanie et vivant en Suisse depuis l\u2019\u00e2ge de 4 ans. D\u2019ailleurs, l&rsquo;exil est en quelque sorte le th\u00e8me de ce livre dont Azadbek Bekchanov, libraire \u00e0 Kyralina depuis d\u00e9cembre dernier, [&hellip;]\" \/>\n<meta property=\"og:url\" content=\"https:\/\/www.rri.ro\/fr\/nos-emissions\/le-coup-de-coeur-du-libraire\/sol-de-raluca-antonescu-id1010750.html\" \/>\n<meta property=\"og:site_name\" content=\"Radio Roumanie Internationale\" \/>\n<meta property=\"article:published_time\" content=\"2026-04-28T07:29:12+00:00\" \/>\n<meta property=\"og:image\" content=\"https:\/\/www.rri.ro\/wp-content\/uploads\/2026\/04\/Sol-Raluca-Antonescu-photo-credit-Kyralina.jpg\" \/>\n\t<meta property=\"og:image:width\" content=\"1191\" \/>\n\t<meta property=\"og:image:height\" content=\"899\" \/>\n\t<meta property=\"og:image:type\" content=\"image\/jpeg\" \/>\n<meta name=\"author\" content=\"Ioana St\u0103ncescu\" \/>\n<meta name=\"twitter:card\" content=\"summary_large_image\" \/>\n<meta name=\"twitter:label1\" content=\"\u00c9crit par\" \/>\n\t<meta name=\"twitter:data1\" content=\"Ioana St\u0103ncescu\" \/>\n\t<meta name=\"twitter:label2\" content=\"Written by\" \/>\n\t<meta name=\"twitter:data2\" content=\"Ioana St\u0103ncescu\" \/>\n<script type=\"application\/ld+json\" class=\"yoast-schema-graph\">{\"@context\":\"https:\\\/\\\/schema.org\",\"@graph\":[{\"@type\":\"Article\",\"@id\":\"https:\\\/\\\/www.rri.ro\\\/fr\\\/nos-emissions\\\/le-coup-de-coeur-du-libraire\\\/sol-de-raluca-antonescu-id1010750.html#article\",\"isPartOf\":{\"@id\":\"https:\\\/\\\/www.rri.ro\\\/fr\\\/nos-emissions\\\/le-coup-de-coeur-du-libraire\\\/sol-de-raluca-antonescu-id1010750.html\"},\"author\":{\"name\":\"Ioana St\u0103ncescu\",\"@id\":\"https:\\\/\\\/www.rri.ro\\\/#\\\/schema\\\/person\\\/1d9435fa2588bfdd89285a0891ce5040\"},\"headline\":\"Sol, de Raluca Antonescu\",\"datePublished\":\"2026-04-28T07:29:12+00:00\",\"mainEntityOfPage\":{\"@id\":\"https:\\\/\\\/www.rri.ro\\\/fr\\\/nos-emissions\\\/le-coup-de-coeur-du-libraire\\\/sol-de-raluca-antonescu-id1010750.html\"},\"wordCount\":83,\"image\":{\"@id\":\"https:\\\/\\\/www.rri.ro\\\/fr\\\/nos-emissions\\\/le-coup-de-coeur-du-libraire\\\/sol-de-raluca-antonescu-id1010750.html#primaryimage\"},\"thumbnailUrl\":\"https:\\\/\\\/www.rri.ro\\\/wp-content\\\/uploads\\\/2026\\\/04\\\/Sol-Raluca-Antonescu-photo-credit-Kyralina.jpg\",\"keywords\":[\"Ceausescu\",\"exil\",\"famille\",\"m\u00e9moire\",\"Raluca Antonescu\",\"sol\"],\"articleSection\":[\"Le coup de coeur du libraire\"],\"inLanguage\":\"fr-FR\"},{\"@type\":\"WebPage\",\"@id\":\"https:\\\/\\\/www.rri.ro\\\/fr\\\/nos-emissions\\\/le-coup-de-coeur-du-libraire\\\/sol-de-raluca-antonescu-id1010750.html\",\"url\":\"https:\\\/\\\/www.rri.ro\\\/fr\\\/nos-emissions\\\/le-coup-de-coeur-du-libraire\\\/sol-de-raluca-antonescu-id1010750.html\",\"name\":\"Sol, de Raluca Antonescu - Radio Roumanie Internationale\",\"isPartOf\":{\"@id\":\"https:\\\/\\\/www.rri.ro\\\/#website\"},\"primaryImageOfPage\":{\"@id\":\"https:\\\/\\\/www.rri.ro\\\/fr\\\/nos-emissions\\\/le-coup-de-coeur-du-libraire\\\/sol-de-raluca-antonescu-id1010750.html#primaryimage\"},\"image\":{\"@id\":\"https:\\\/\\\/www.rri.ro\\\/fr\\\/nos-emissions\\\/le-coup-de-coeur-du-libraire\\\/sol-de-raluca-antonescu-id1010750.html#primaryimage\"},\"thumbnailUrl\":\"https:\\\/\\\/www.rri.ro\\\/wp-content\\\/uploads\\\/2026\\\/04\\\/Sol-Raluca-Antonescu-photo-credit-Kyralina.jpg\",\"datePublished\":\"2026-04-28T07:29:12+00:00\",\"author\":{\"@id\":\"https:\\\/\\\/www.rri.ro\\\/#\\\/schema\\\/person\\\/1d9435fa2588bfdd89285a0891ce5040\"},\"breadcrumb\":{\"@id\":\"https:\\\/\\\/www.rri.ro\\\/fr\\\/nos-emissions\\\/le-coup-de-coeur-du-libraire\\\/sol-de-raluca-antonescu-id1010750.html#breadcrumb\"},\"inLanguage\":\"fr-FR\",\"potentialAction\":[{\"@type\":\"ReadAction\",\"target\":[\"https:\\\/\\\/www.rri.ro\\\/fr\\\/nos-emissions\\\/le-coup-de-coeur-du-libraire\\\/sol-de-raluca-antonescu-id1010750.html\"]}]},{\"@type\":\"ImageObject\",\"inLanguage\":\"fr-FR\",\"@id\":\"https:\\\/\\\/www.rri.ro\\\/fr\\\/nos-emissions\\\/le-coup-de-coeur-du-libraire\\\/sol-de-raluca-antonescu-id1010750.html#primaryimage\",\"url\":\"https:\\\/\\\/www.rri.ro\\\/wp-content\\\/uploads\\\/2026\\\/04\\\/Sol-Raluca-Antonescu-photo-credit-Kyralina.jpg\",\"contentUrl\":\"https:\\\/\\\/www.rri.ro\\\/wp-content\\\/uploads\\\/2026\\\/04\\\/Sol-Raluca-Antonescu-photo-credit-Kyralina.jpg\",\"width\":1191,\"height\":899,\"caption\":\"Sol, de Raluca Antonescu, photo credit Kyralina\"},{\"@type\":\"BreadcrumbList\",\"@id\":\"https:\\\/\\\/www.rri.ro\\\/fr\\\/nos-emissions\\\/le-coup-de-coeur-du-libraire\\\/sol-de-raluca-antonescu-id1010750.html#breadcrumb\",\"itemListElement\":[{\"@type\":\"ListItem\",\"position\":1,\"name\":\"Page d'accueil\",\"item\":\"https:\\\/\\\/www.rri.ro\\\/fr\"},{\"@type\":\"ListItem\",\"position\":2,\"name\":\"Rubrici\",\"item\":\"https:\\\/\\\/www.rri.ro\\\/rubrici\"},{\"@type\":\"ListItem\",\"position\":3,\"name\":\"Le coup de coeur du libraire\",\"item\":\"https:\\\/\\\/www.rri.ro\\\/fr\\\/nos-emissions\\\/le-coup-de-coeur-du-libraire\"},{\"@type\":\"ListItem\",\"position\":4,\"name\":\"Sol, de Raluca Antonescu\"}]},{\"@type\":\"WebSite\",\"@id\":\"https:\\\/\\\/www.rri.ro\\\/#website\",\"url\":\"https:\\\/\\\/www.rri.ro\\\/\",\"name\":\"Radio Roumanie Internationale\",\"description\":\"Totul despre Rom\u00e2nia \u015fi rom\u00e2ni, \u00een 13 limbi\\\/dialecte!\",\"inLanguage\":\"fr-FR\"},{\"@type\":\"Person\",\"@id\":\"https:\\\/\\\/www.rri.ro\\\/#\\\/schema\\\/person\\\/1d9435fa2588bfdd89285a0891ce5040\",\"name\":\"Ioana St\u0103ncescu\",\"url\":\"https:\\\/\\\/www.rri.ro\\\/fr\\\/author\\\/ioana-stancescu\"}]}<\/script>\n<!-- \/ Yoast SEO plugin. -->","yoast_head_json":{"title":"Sol, de Raluca Antonescu - Radio Roumanie Internationale","robots":{"index":"index","follow":"follow","max-snippet":"max-snippet:-1","max-image-preview":"max-image-preview:large","max-video-preview":"max-video-preview:-1"},"canonical":"https:\/\/www.rri.ro\/fr\/nos-emissions\/le-coup-de-coeur-du-libraire\/sol-de-raluca-antonescu-id1010750.html","og_locale":"fr_FR","og_type":"article","og_title":"Sol, de Raluca Antonescu - Radio Roumanie Internationale","og_description":"Sorti en 2017, aux Editions La Baconni\u00e8re, \u00ab Sol \u00bb est le deuxi\u00e8me roman apr\u00e8s \u00ab L\u2019inondation \u00bb, de Raluca Antonescu, une \u00e9crivaine n\u00e9e en Roumanie et vivant en Suisse depuis l\u2019\u00e2ge de 4 ans. D\u2019ailleurs, l&rsquo;exil est en quelque sorte le th\u00e8me de ce livre dont Azadbek Bekchanov, libraire \u00e0 Kyralina depuis d\u00e9cembre dernier, [&hellip;]","og_url":"https:\/\/www.rri.ro\/fr\/nos-emissions\/le-coup-de-coeur-du-libraire\/sol-de-raluca-antonescu-id1010750.html","og_site_name":"Radio Roumanie Internationale","article_published_time":"2026-04-28T07:29:12+00:00","og_image":[{"width":1191,"height":899,"url":"https:\/\/www.rri.ro\/wp-content\/uploads\/2026\/04\/Sol-Raluca-Antonescu-photo-credit-Kyralina.jpg","type":"image\/jpeg"}],"author":"Ioana St\u0103ncescu","twitter_card":"summary_large_image","twitter_misc":{"\u00c9crit par":"Ioana St\u0103ncescu","Written by":"Ioana St\u0103ncescu"},"schema":{"@context":"https:\/\/schema.org","@graph":[{"@type":"Article","@id":"https:\/\/www.rri.ro\/fr\/nos-emissions\/le-coup-de-coeur-du-libraire\/sol-de-raluca-antonescu-id1010750.html#article","isPartOf":{"@id":"https:\/\/www.rri.ro\/fr\/nos-emissions\/le-coup-de-coeur-du-libraire\/sol-de-raluca-antonescu-id1010750.html"},"author":{"name":"Ioana St\u0103ncescu","@id":"https:\/\/www.rri.ro\/#\/schema\/person\/1d9435fa2588bfdd89285a0891ce5040"},"headline":"Sol, de Raluca Antonescu","datePublished":"2026-04-28T07:29:12+00:00","mainEntityOfPage":{"@id":"https:\/\/www.rri.ro\/fr\/nos-emissions\/le-coup-de-coeur-du-libraire\/sol-de-raluca-antonescu-id1010750.html"},"wordCount":83,"image":{"@id":"https:\/\/www.rri.ro\/fr\/nos-emissions\/le-coup-de-coeur-du-libraire\/sol-de-raluca-antonescu-id1010750.html#primaryimage"},"thumbnailUrl":"https:\/\/www.rri.ro\/wp-content\/uploads\/2026\/04\/Sol-Raluca-Antonescu-photo-credit-Kyralina.jpg","keywords":["Ceausescu","exil","famille","m\u00e9moire","Raluca Antonescu","sol"],"articleSection":["Le coup de coeur du libraire"],"inLanguage":"fr-FR"},{"@type":"WebPage","@id":"https:\/\/www.rri.ro\/fr\/nos-emissions\/le-coup-de-coeur-du-libraire\/sol-de-raluca-antonescu-id1010750.html","url":"https:\/\/www.rri.ro\/fr\/nos-emissions\/le-coup-de-coeur-du-libraire\/sol-de-raluca-antonescu-id1010750.html","name":"Sol, de Raluca Antonescu - Radio Roumanie Internationale","isPartOf":{"@id":"https:\/\/www.rri.ro\/#website"},"primaryImageOfPage":{"@id":"https:\/\/www.rri.ro\/fr\/nos-emissions\/le-coup-de-coeur-du-libraire\/sol-de-raluca-antonescu-id1010750.html#primaryimage"},"image":{"@id":"https:\/\/www.rri.ro\/fr\/nos-emissions\/le-coup-de-coeur-du-libraire\/sol-de-raluca-antonescu-id1010750.html#primaryimage"},"thumbnailUrl":"https:\/\/www.rri.ro\/wp-content\/uploads\/2026\/04\/Sol-Raluca-Antonescu-photo-credit-Kyralina.jpg","datePublished":"2026-04-28T07:29:12+00:00","author":{"@id":"https:\/\/www.rri.ro\/#\/schema\/person\/1d9435fa2588bfdd89285a0891ce5040"},"breadcrumb":{"@id":"https:\/\/www.rri.ro\/fr\/nos-emissions\/le-coup-de-coeur-du-libraire\/sol-de-raluca-antonescu-id1010750.html#breadcrumb"},"inLanguage":"fr-FR","potentialAction":[{"@type":"ReadAction","target":["https:\/\/www.rri.ro\/fr\/nos-emissions\/le-coup-de-coeur-du-libraire\/sol-de-raluca-antonescu-id1010750.html"]}]},{"@type":"ImageObject","inLanguage":"fr-FR","@id":"https:\/\/www.rri.ro\/fr\/nos-emissions\/le-coup-de-coeur-du-libraire\/sol-de-raluca-antonescu-id1010750.html#primaryimage","url":"https:\/\/www.rri.ro\/wp-content\/uploads\/2026\/04\/Sol-Raluca-Antonescu-photo-credit-Kyralina.jpg","contentUrl":"https:\/\/www.rri.ro\/wp-content\/uploads\/2026\/04\/Sol-Raluca-Antonescu-photo-credit-Kyralina.jpg","width":1191,"height":899,"caption":"Sol, de Raluca Antonescu, photo credit Kyralina"},{"@type":"BreadcrumbList","@id":"https:\/\/www.rri.ro\/fr\/nos-emissions\/le-coup-de-coeur-du-libraire\/sol-de-raluca-antonescu-id1010750.html#breadcrumb","itemListElement":[{"@type":"ListItem","position":1,"name":"Page d'accueil","item":"https:\/\/www.rri.ro\/fr"},{"@type":"ListItem","position":2,"name":"Rubrici","item":"https:\/\/www.rri.ro\/rubrici"},{"@type":"ListItem","position":3,"name":"Le coup de coeur du libraire","item":"https:\/\/www.rri.ro\/fr\/nos-emissions\/le-coup-de-coeur-du-libraire"},{"@type":"ListItem","position":4,"name":"Sol, de Raluca Antonescu"}]},{"@type":"WebSite","@id":"https:\/\/www.rri.ro\/#website","url":"https:\/\/www.rri.ro\/","name":"Radio Roumanie Internationale","description":"Totul despre Rom\u00e2nia \u015fi rom\u00e2ni, \u00een 13 limbi\/dialecte!","inLanguage":"fr-FR"},{"@type":"Person","@id":"https:\/\/www.rri.ro\/#\/schema\/person\/1d9435fa2588bfdd89285a0891ce5040","name":"Ioana St\u0103ncescu","url":"https:\/\/www.rri.ro\/fr\/author\/ioana-stancescu"}]}},"_links":{"self":[{"href":"https:\/\/www.rri.ro\/fr\/wp-json\/wp\/v2\/posts\/1010750","targetHints":{"allow":["GET"]}}],"collection":[{"href":"https:\/\/www.rri.ro\/fr\/wp-json\/wp\/v2\/posts"}],"about":[{"href":"https:\/\/www.rri.ro\/fr\/wp-json\/wp\/v2\/types\/post"}],"author":[{"embeddable":true,"href":"https:\/\/www.rri.ro\/fr\/wp-json\/wp\/v2\/users\/134"}],"replies":[{"embeddable":true,"href":"https:\/\/www.rri.ro\/fr\/wp-json\/wp\/v2\/comments?post=1010750"}],"version-history":[{"count":0,"href":"https:\/\/www.rri.ro\/fr\/wp-json\/wp\/v2\/posts\/1010750\/revisions"}],"wp:featuredmedia":[{"embeddable":true,"href":"https:\/\/www.rri.ro\/fr\/wp-json\/wp\/v2\/media\/1010725"}],"wp:attachment":[{"href":"https:\/\/www.rri.ro\/fr\/wp-json\/wp\/v2\/media?parent=1010750"}],"wp:term":[{"taxonomy":"category","embeddable":true,"href":"https:\/\/www.rri.ro\/fr\/wp-json\/wp\/v2\/categories?post=1010750"},{"taxonomy":"post_tag","embeddable":true,"href":"https:\/\/www.rri.ro\/fr\/wp-json\/wp\/v2\/tags?post=1010750"},{"taxonomy":"author","embeddable":true,"href":"https:\/\/www.rri.ro\/fr\/wp-json\/wp\/v2\/coauthors?post=1010750"}],"curies":[{"name":"wp","href":"https:\/\/api.w.org\/{rel}","templated":true}]}}