{"id":1010767,"date":"2026-04-27T19:07:04","date_gmt":"2026-04-27T16:07:04","guid":{"rendered":"https:\/\/www.rri.ro\/?p=1010767"},"modified":"2026-04-27T19:45:56","modified_gmt":"2026-04-27T16:45:56","slug":"27-04-2026-mise-a-jour","status":"publish","type":"post","link":"https:\/\/www.rri.ro\/fr\/actualites\/le-flash\/27-04-2026-mise-a-jour-id1010767.html","title":{"rendered":"27.04.2026 (mise \u00e0 jour)"},"content":{"rendered":"<p><strong>Zagreb \u2013 <\/strong>Le chef de l\u2019Etat roumain, Nicusor Dan, participe mardi et mercredi au sommet de l\u2019Initiative des Trois Mers, qui se d\u00e9roule \u00e0 Dubrovnik, en Croatie. L\u2019Initiative des Trois Mers est une plateforme souple et informelle regroupant 12 \u00c9tats membres de l&rsquo;UE situ\u00e9s entre les mers Baltique, Adriatique et Noire. L\u2019initiative est consid\u00e9r\u00e9e comme un moyen de renforcer la convergence et la coh\u00e9sion europ\u00e9enne, tout en diminuant les d\u00e9calages de d\u00e9veloppement \u00e9conomique entre les diff\u00e9rentes zones et pays membres de l\u2019UE, \u00e0 travers le renforcement de la coop\u00e9ration interr\u00e9gionale dans les domaines \u00e9nerg\u00e9tique, des Transports et num\u00e9rique.<\/p>\n<p>&nbsp;<\/p>\n<p><strong>Motion<\/strong> \u2013 Le PSD et l\u2019Alliance pour l\u2019Union des Roumains ont affirm\u00e9 d\u00e9poser une motion de censure contre le gouvernement du lib\u00e9ral Ilie Bolojan. Rappelons-le, la semaine derni\u00e8re, le PSD a retir\u00e9 son soutien politique au premier ministre lib\u00e9ral et les ministres sociaux- d\u00e9mocrates ont d\u00e9missionn\u00e9. Cette annonce a \u00e9t\u00e9 faite durant les consultations du pr\u00e9sident Nicusor Dan avec les leaders des partis pro-europ\u00e9ens, y compris du PSD. Les discussions ont port\u00e9 notamment sur le Plan national de relance et de r\u00e9silience et le programme SAFE, sur lesquels le PSD, le PNL, l\u2019USR et l\u2019UDMR se sont d\u00e9clar\u00e9s pr\u00eats \u00e0 coop\u00e9rer malgr\u00e9 leurs d\u00e9saccords politiques. Rappelons-le, les sociaux-d\u00e9mocrates ont accus\u00e9 Ilie Bolojan de d\u00e9truire l\u2019\u00e9conomie et le pouvoir d\u2019achat de la population et lui ont demand\u00e9 de d\u00e9missionner, se d\u00e9clarants pr\u00eats \u00e0 continuer \u00e0 gouverner aux c\u00f4t\u00e9s du PNL, de l\u2019USR et de l\u2019UDMR dans le cadre de la m\u00eame coalition, mais avec un autre premier ministre. Une id\u00e9e rejet\u00e9e par Ilie Bolojan, qui a annonc\u00e9 continuer son mandat afin d\u2019assurer la stabilit\u00e9 gouvernementale. Et lui de pr\u00e9ciser que les mesures d\u2019aust\u00e9rit\u00e9 adopt\u00e9es derni\u00e8rement pour corriger le d\u00e9ficit budg\u00e9taire excessif ont \u00e9t\u00e9 assum\u00e9s par tous les partis de la coalition, y compris par le PSD. Suite aux d\u00e9missions des ministres sociaux-d\u00e9mocrates, Ilie Bolojan a nomm\u00e9 des ministres par int\u00e9rim, une solution qui n\u2019a pas besoin du vote du Parlement et qui permettrait \u00e0 l\u2019Ex\u00e9cutif d\u2019exercer ses pleins pouvoirs pendant une p\u00e9riode de 45 jours.<\/p>\n<p>&nbsp;<\/p>\n<p><strong>PNRR <\/strong>\u2013 Dans un article publi\u00e9 sur Internet, le premier ministre roumain, Ilie Bolojan, a pass\u00e9 en revue les r\u00e9formes et les projets les plus importants cens\u00e9s \u00eatre mener \u00e0 terme par le biais du PNRR. Parmi les dizaines de jalons que la Roumanie devrait accomplir d\u2019ici fin ao\u00fbt, neuf sont essentiels pour d\u00e9bloquer plus de 7 milliards d\u2019euros dont la Roumanie a besoin pour terminer les travaux d\u2019investissements dans l\u2019infrastructure routi\u00e8re et ferroviaire, dans la construction de nouvelles \u00e9coles et h\u00f4pitaux et dans la r\u00e9habilitation des \u00e9difices publics. Pour atteindre tous ses jalons, il faut que le pays mette en place neuf lois cens\u00e9es l\u00e9gif\u00e9rer diff\u00e9rents aspects allant de la grille salariale dans la fonction publique et jusqu\u2019\u00e0 la production d\u2019\u00e9nergie. Le vote de ces lois est essentiel et il s\u2019av\u00e8re un teste de responsabilit\u00e9 politique, a affirm\u00e9 le premier ministre.<\/p>\n<p>&nbsp;<\/p>\n<p><strong>Handball<\/strong> \u2013 Le tirage au sort du Final Four de la Ligue des Champions s&rsquo;est tenu ce lundi apr\u00e8s-midi \u00e0 Vienne en Autriche et le CSM Bucarest d\u00e9fiera le Metz handball de France. Les Roumaines du CSM Bucarest, gagnantes de la Ligue en 2016 se sont qualifi\u00e9es pour le Final 4 de la Ligue de champions f\u00e9minine de handball, de Budapest, au bout de 8 ans de pause, en \u00e9liminant dimanche, \u00e0 Bucarest, le club danois Team Esbjerg. Dans l&rsquo;autre demi-finale de la comp\u00e9tition, Brest Bretagne Handball, qui a battu Gloria Bistrita de Roumanie, affrontera Gy\u00f6r, qui a remport\u00e9 l&rsquo;an pass\u00e9, le troph\u00e9e europ\u00e9en. Le Final Four \u00a0\u00a0\u00a0 aura lieu les 6 et 7 juin prochain \u00e0 Budapest.<\/p>\n<p>&nbsp;<\/p>\n<p><strong>M\u00e9t\u00e9o<\/strong> \u2013 Dans les 24 prochaines heures, le ciel reste variable, partiellement couvert dans les r\u00e9gions de montagnes o\u00f9 des pluies \u00e9parses risquent de se produire. De m\u00eame, la moiti\u00e9 sud du pays sera arros\u00e9e par la pluie, tandis que des pr\u00e9cipitations mixtes tomberont en altitude, \u00e0 plus de 2000 m\u00e8tres. Le vent soufflera l\u00e9g\u00e8rement sur le relief et plus fort sur le sud-est et sur les sommets des Carpates. Mardi, les temp\u00e9ratures iront de 14 \u00e0 22 degr\u00e9s.<\/p>\n","protected":false},"excerpt":{"rendered":"<p>Zagreb \u2013 Le chef de l\u2019Etat roumain, Nicusor Dan, participe mardi et mercredi au sommet de l\u2019Initiative des Trois Mers, qui se d\u00e9roule \u00e0 Dubrovnik, en Croatie. L\u2019Initiative des Trois Mers est une plateforme souple et informelle regroupant 12 \u00c9tats membres de l&rsquo;UE situ\u00e9s entre les mers Baltique, Adriatique et Noire. L\u2019initiative est consid\u00e9r\u00e9e comme [&hellip;]<\/p>\n","protected":false},"author":113,"featured_media":723357,"comment_status":"closed","ping_status":"closed","sticky":false,"template":"","format":"standard","meta":{"_acf_changed":false,"footnotes":""},"categories":[89002],"tags":[146961,162195,144323,88296,144321],"coauthors":[116091],"class_list":["post-1010767","post","type-post","status-publish","format-standard","has-post-thumbnail","hentry","category-le-flash","tag-handball-fr","tag-ilie-bolojan-fr","tag-nicusor-dan-fr","tag-parlement","tag-psd-fr"],"acf":[],"yoast_head":"<!-- This site is optimized with the Yoast SEO plugin v27.3 - https:\/\/yoast.com\/product\/yoast-seo-wordpress\/ -->\n<title>27.04.2026 (mise \u00e0 jour) - Radio Roumanie Internationale<\/title>\n<meta name=\"robots\" content=\"index, follow, max-snippet:-1, max-image-preview:large, max-video-preview:-1\" \/>\n<link rel=\"canonical\" href=\"https:\/\/www.rri.ro\/fr\/actualites\/le-flash\/27-04-2026-mise-a-jour-id1010767.html\" \/>\n<meta property=\"og:locale\" content=\"fr_FR\" \/>\n<meta property=\"og:type\" content=\"article\" \/>\n<meta property=\"og:title\" content=\"27.04.2026 (mise \u00e0 jour) - Radio Roumanie Internationale\" \/>\n<meta property=\"og:description\" content=\"Zagreb \u2013 Le chef de l\u2019Etat roumain, Nicusor Dan, participe mardi et mercredi au sommet de l\u2019Initiative des Trois Mers, qui se d\u00e9roule \u00e0 Dubrovnik, en Croatie. L\u2019Initiative des Trois Mers est une plateforme souple et informelle regroupant 12 \u00c9tats membres de l&rsquo;UE situ\u00e9s entre les mers Baltique, Adriatique et Noire. L\u2019initiative est consid\u00e9r\u00e9e comme [&hellip;]\" \/>\n<meta property=\"og:url\" content=\"https:\/\/www.rri.ro\/fr\/actualites\/le-flash\/27-04-2026-mise-a-jour-id1010767.html\" \/>\n<meta property=\"og:site_name\" content=\"Radio Roumanie Internationale\" \/>\n<meta property=\"article:published_time\" content=\"2026-04-27T16:07:04+00:00\" \/>\n<meta property=\"article:modified_time\" content=\"2026-04-27T16:45:56+00:00\" \/>\n<meta property=\"og:image\" content=\"https:\/\/www.rri.ro\/wp-content\/uploads\/2024\/03\/RRI-960x540-Le-flash-2-NOU.jpg\" \/>\n\t<meta property=\"og:image:width\" content=\"960\" \/>\n\t<meta property=\"og:image:height\" content=\"540\" \/>\n\t<meta property=\"og:image:type\" content=\"image\/jpeg\" \/>\n<meta name=\"author\" content=\"Newsroom\" \/>\n<meta name=\"twitter:card\" content=\"summary_large_image\" \/>\n<meta name=\"twitter:label1\" content=\"\u00c9crit par\" \/>\n\t<meta name=\"twitter:data1\" content=\"Newsroom\" \/>\n\t<meta name=\"twitter:label2\" content=\"Dur\u00e9e de lecture estim\u00e9e\" \/>\n\t<meta name=\"twitter:data2\" content=\"4 minutes\" \/>\n\t<meta name=\"twitter:label3\" content=\"Written by\" \/>\n\t<meta name=\"twitter:data3\" content=\"Newsroom\" \/>\n<script type=\"application\/ld+json\" class=\"yoast-schema-graph\">{\"@context\":\"https:\\\/\\\/schema.org\",\"@graph\":[{\"@type\":\"Article\",\"@id\":\"https:\\\/\\\/www.rri.ro\\\/fr\\\/actualites\\\/le-flash\\\/27-04-2026-mise-a-jour-id1010767.html#article\",\"isPartOf\":{\"@id\":\"https:\\\/\\\/www.rri.ro\\\/fr\\\/actualites\\\/le-flash\\\/27-04-2026-mise-a-jour-id1010767.html\"},\"author\":{\"name\":\"Newsroom\",\"@id\":\"https:\\\/\\\/www.rri.ro\\\/#\\\/schema\\\/person\\\/4a479940371b9fdefd194f561e8a7f88\"},\"headline\":\"27.04.2026 (mise \u00e0 jour)\",\"datePublished\":\"2026-04-27T16:07:04+00:00\",\"dateModified\":\"2026-04-27T16:45:56+00:00\",\"mainEntityOfPage\":{\"@id\":\"https:\\\/\\\/www.rri.ro\\\/fr\\\/actualites\\\/le-flash\\\/27-04-2026-mise-a-jour-id1010767.html\"},\"wordCount\":765,\"image\":{\"@id\":\"https:\\\/\\\/www.rri.ro\\\/fr\\\/actualites\\\/le-flash\\\/27-04-2026-mise-a-jour-id1010767.html#primaryimage\"},\"thumbnailUrl\":\"https:\\\/\\\/www.rri.ro\\\/wp-content\\\/uploads\\\/2024\\\/03\\\/RRI-960x540-Le-flash-2-NOU.jpg\",\"keywords\":[\"handball\",\"Ilie Bolojan\",\"Nicusor Dan\",\"Parlement\",\"PSD\"],\"articleSection\":[\"Le flash\"],\"inLanguage\":\"fr-FR\"},{\"@type\":\"WebPage\",\"@id\":\"https:\\\/\\\/www.rri.ro\\\/fr\\\/actualites\\\/le-flash\\\/27-04-2026-mise-a-jour-id1010767.html\",\"url\":\"https:\\\/\\\/www.rri.ro\\\/fr\\\/actualites\\\/le-flash\\\/27-04-2026-mise-a-jour-id1010767.html\",\"name\":\"27.04.2026 (mise \u00e0 jour) - Radio Roumanie Internationale\",\"isPartOf\":{\"@id\":\"https:\\\/\\\/www.rri.ro\\\/#website\"},\"primaryImageOfPage\":{\"@id\":\"https:\\\/\\\/www.rri.ro\\\/fr\\\/actualites\\\/le-flash\\\/27-04-2026-mise-a-jour-id1010767.html#primaryimage\"},\"image\":{\"@id\":\"https:\\\/\\\/www.rri.ro\\\/fr\\\/actualites\\\/le-flash\\\/27-04-2026-mise-a-jour-id1010767.html#primaryimage\"},\"thumbnailUrl\":\"https:\\\/\\\/www.rri.ro\\\/wp-content\\\/uploads\\\/2024\\\/03\\\/RRI-960x540-Le-flash-2-NOU.jpg\",\"datePublished\":\"2026-04-27T16:07:04+00:00\",\"dateModified\":\"2026-04-27T16:45:56+00:00\",\"author\":{\"@id\":\"https:\\\/\\\/www.rri.ro\\\/#\\\/schema\\\/person\\\/4a479940371b9fdefd194f561e8a7f88\"},\"breadcrumb\":{\"@id\":\"https:\\\/\\\/www.rri.ro\\\/fr\\\/actualites\\\/le-flash\\\/27-04-2026-mise-a-jour-id1010767.html#breadcrumb\"},\"inLanguage\":\"fr-FR\",\"potentialAction\":[{\"@type\":\"ReadAction\",\"target\":[\"https:\\\/\\\/www.rri.ro\\\/fr\\\/actualites\\\/le-flash\\\/27-04-2026-mise-a-jour-id1010767.html\"]}]},{\"@type\":\"ImageObject\",\"inLanguage\":\"fr-FR\",\"@id\":\"https:\\\/\\\/www.rri.ro\\\/fr\\\/actualites\\\/le-flash\\\/27-04-2026-mise-a-jour-id1010767.html#primaryimage\",\"url\":\"https:\\\/\\\/www.rri.ro\\\/wp-content\\\/uploads\\\/2024\\\/03\\\/RRI-960x540-Le-flash-2-NOU.jpg\",\"contentUrl\":\"https:\\\/\\\/www.rri.ro\\\/wp-content\\\/uploads\\\/2024\\\/03\\\/RRI-960x540-Le-flash-2-NOU.jpg\",\"width\":960,\"height\":540},{\"@type\":\"BreadcrumbList\",\"@id\":\"https:\\\/\\\/www.rri.ro\\\/fr\\\/actualites\\\/le-flash\\\/27-04-2026-mise-a-jour-id1010767.html#breadcrumb\",\"itemListElement\":[{\"@type\":\"ListItem\",\"position\":1,\"name\":\"Page d'accueil\",\"item\":\"https:\\\/\\\/www.rri.ro\\\/fr\"},{\"@type\":\"ListItem\",\"position\":2,\"name\":\"Actualit\u00e9s\",\"item\":\"https:\\\/\\\/www.rri.ro\\\/fr\\\/actualites\"},{\"@type\":\"ListItem\",\"position\":3,\"name\":\"Le flash\",\"item\":\"https:\\\/\\\/www.rri.ro\\\/fr\\\/actualites\\\/le-flash\"},{\"@type\":\"ListItem\",\"position\":4,\"name\":\"27.04.2026 (mise \u00e0 jour)\"}]},{\"@type\":\"WebSite\",\"@id\":\"https:\\\/\\\/www.rri.ro\\\/#website\",\"url\":\"https:\\\/\\\/www.rri.ro\\\/\",\"name\":\"Radio Roumanie Internationale\",\"description\":\"Totul despre Rom\u00e2nia \u015fi rom\u00e2ni, \u00een 13 limbi\\\/dialecte!\",\"inLanguage\":\"fr-FR\"},{\"@type\":\"Person\",\"@id\":\"https:\\\/\\\/www.rri.ro\\\/#\\\/schema\\\/person\\\/4a479940371b9fdefd194f561e8a7f88\",\"name\":\"Newsroom\",\"url\":\"https:\\\/\\\/www.rri.ro\\\/fr\\\/author\\\/newsroom\"}]}<\/script>\n<!-- \/ Yoast SEO plugin. -->","yoast_head_json":{"title":"27.04.2026 (mise \u00e0 jour) - Radio Roumanie Internationale","robots":{"index":"index","follow":"follow","max-snippet":"max-snippet:-1","max-image-preview":"max-image-preview:large","max-video-preview":"max-video-preview:-1"},"canonical":"https:\/\/www.rri.ro\/fr\/actualites\/le-flash\/27-04-2026-mise-a-jour-id1010767.html","og_locale":"fr_FR","og_type":"article","og_title":"27.04.2026 (mise \u00e0 jour) - Radio Roumanie Internationale","og_description":"Zagreb \u2013 Le chef de l\u2019Etat roumain, Nicusor Dan, participe mardi et mercredi au sommet de l\u2019Initiative des Trois Mers, qui se d\u00e9roule \u00e0 Dubrovnik, en Croatie. L\u2019Initiative des Trois Mers est une plateforme souple et informelle regroupant 12 \u00c9tats membres de l&rsquo;UE situ\u00e9s entre les mers Baltique, Adriatique et Noire. L\u2019initiative est consid\u00e9r\u00e9e comme [&hellip;]","og_url":"https:\/\/www.rri.ro\/fr\/actualites\/le-flash\/27-04-2026-mise-a-jour-id1010767.html","og_site_name":"Radio Roumanie Internationale","article_published_time":"2026-04-27T16:07:04+00:00","article_modified_time":"2026-04-27T16:45:56+00:00","og_image":[{"width":960,"height":540,"url":"https:\/\/www.rri.ro\/wp-content\/uploads\/2024\/03\/RRI-960x540-Le-flash-2-NOU.jpg","type":"image\/jpeg"}],"author":"Newsroom","twitter_card":"summary_large_image","twitter_misc":{"\u00c9crit par":"Newsroom","Dur\u00e9e de lecture estim\u00e9e":"4 minutes","Written by":"Newsroom"},"schema":{"@context":"https:\/\/schema.org","@graph":[{"@type":"Article","@id":"https:\/\/www.rri.ro\/fr\/actualites\/le-flash\/27-04-2026-mise-a-jour-id1010767.html#article","isPartOf":{"@id":"https:\/\/www.rri.ro\/fr\/actualites\/le-flash\/27-04-2026-mise-a-jour-id1010767.html"},"author":{"name":"Newsroom","@id":"https:\/\/www.rri.ro\/#\/schema\/person\/4a479940371b9fdefd194f561e8a7f88"},"headline":"27.04.2026 (mise \u00e0 jour)","datePublished":"2026-04-27T16:07:04+00:00","dateModified":"2026-04-27T16:45:56+00:00","mainEntityOfPage":{"@id":"https:\/\/www.rri.ro\/fr\/actualites\/le-flash\/27-04-2026-mise-a-jour-id1010767.html"},"wordCount":765,"image":{"@id":"https:\/\/www.rri.ro\/fr\/actualites\/le-flash\/27-04-2026-mise-a-jour-id1010767.html#primaryimage"},"thumbnailUrl":"https:\/\/www.rri.ro\/wp-content\/uploads\/2024\/03\/RRI-960x540-Le-flash-2-NOU.jpg","keywords":["handball","Ilie Bolojan","Nicusor Dan","Parlement","PSD"],"articleSection":["Le flash"],"inLanguage":"fr-FR"},{"@type":"WebPage","@id":"https:\/\/www.rri.ro\/fr\/actualites\/le-flash\/27-04-2026-mise-a-jour-id1010767.html","url":"https:\/\/www.rri.ro\/fr\/actualites\/le-flash\/27-04-2026-mise-a-jour-id1010767.html","name":"27.04.2026 (mise \u00e0 jour) - Radio Roumanie Internationale","isPartOf":{"@id":"https:\/\/www.rri.ro\/#website"},"primaryImageOfPage":{"@id":"https:\/\/www.rri.ro\/fr\/actualites\/le-flash\/27-04-2026-mise-a-jour-id1010767.html#primaryimage"},"image":{"@id":"https:\/\/www.rri.ro\/fr\/actualites\/le-flash\/27-04-2026-mise-a-jour-id1010767.html#primaryimage"},"thumbnailUrl":"https:\/\/www.rri.ro\/wp-content\/uploads\/2024\/03\/RRI-960x540-Le-flash-2-NOU.jpg","datePublished":"2026-04-27T16:07:04+00:00","dateModified":"2026-04-27T16:45:56+00:00","author":{"@id":"https:\/\/www.rri.ro\/#\/schema\/person\/4a479940371b9fdefd194f561e8a7f88"},"breadcrumb":{"@id":"https:\/\/www.rri.ro\/fr\/actualites\/le-flash\/27-04-2026-mise-a-jour-id1010767.html#breadcrumb"},"inLanguage":"fr-FR","potentialAction":[{"@type":"ReadAction","target":["https:\/\/www.rri.ro\/fr\/actualites\/le-flash\/27-04-2026-mise-a-jour-id1010767.html"]}]},{"@type":"ImageObject","inLanguage":"fr-FR","@id":"https:\/\/www.rri.ro\/fr\/actualites\/le-flash\/27-04-2026-mise-a-jour-id1010767.html#primaryimage","url":"https:\/\/www.rri.ro\/wp-content\/uploads\/2024\/03\/RRI-960x540-Le-flash-2-NOU.jpg","contentUrl":"https:\/\/www.rri.ro\/wp-content\/uploads\/2024\/03\/RRI-960x540-Le-flash-2-NOU.jpg","width":960,"height":540},{"@type":"BreadcrumbList","@id":"https:\/\/www.rri.ro\/fr\/actualites\/le-flash\/27-04-2026-mise-a-jour-id1010767.html#breadcrumb","itemListElement":[{"@type":"ListItem","position":1,"name":"Page d'accueil","item":"https:\/\/www.rri.ro\/fr"},{"@type":"ListItem","position":2,"name":"Actualit\u00e9s","item":"https:\/\/www.rri.ro\/fr\/actualites"},{"@type":"ListItem","position":3,"name":"Le flash","item":"https:\/\/www.rri.ro\/fr\/actualites\/le-flash"},{"@type":"ListItem","position":4,"name":"27.04.2026 (mise \u00e0 jour)"}]},{"@type":"WebSite","@id":"https:\/\/www.rri.ro\/#website","url":"https:\/\/www.rri.ro\/","name":"Radio Roumanie Internationale","description":"Totul despre Rom\u00e2nia \u015fi rom\u00e2ni, \u00een 13 limbi\/dialecte!","inLanguage":"fr-FR"},{"@type":"Person","@id":"https:\/\/www.rri.ro\/#\/schema\/person\/4a479940371b9fdefd194f561e8a7f88","name":"Newsroom","url":"https:\/\/www.rri.ro\/fr\/author\/newsroom"}]}},"_links":{"self":[{"href":"https:\/\/www.rri.ro\/fr\/wp-json\/wp\/v2\/posts\/1010767","targetHints":{"allow":["GET"]}}],"collection":[{"href":"https:\/\/www.rri.ro\/fr\/wp-json\/wp\/v2\/posts"}],"about":[{"href":"https:\/\/www.rri.ro\/fr\/wp-json\/wp\/v2\/types\/post"}],"author":[{"embeddable":true,"href":"https:\/\/www.rri.ro\/fr\/wp-json\/wp\/v2\/users\/113"}],"replies":[{"embeddable":true,"href":"https:\/\/www.rri.ro\/fr\/wp-json\/wp\/v2\/comments?post=1010767"}],"version-history":[{"count":2,"href":"https:\/\/www.rri.ro\/fr\/wp-json\/wp\/v2\/posts\/1010767\/revisions"}],"predecessor-version":[{"id":1010776,"href":"https:\/\/www.rri.ro\/fr\/wp-json\/wp\/v2\/posts\/1010767\/revisions\/1010776"}],"wp:featuredmedia":[{"embeddable":true,"href":"https:\/\/www.rri.ro\/fr\/wp-json\/wp\/v2\/media\/723357"}],"wp:attachment":[{"href":"https:\/\/www.rri.ro\/fr\/wp-json\/wp\/v2\/media?parent=1010767"}],"wp:term":[{"taxonomy":"category","embeddable":true,"href":"https:\/\/www.rri.ro\/fr\/wp-json\/wp\/v2\/categories?post=1010767"},{"taxonomy":"post_tag","embeddable":true,"href":"https:\/\/www.rri.ro\/fr\/wp-json\/wp\/v2\/tags?post=1010767"},{"taxonomy":"author","embeddable":true,"href":"https:\/\/www.rri.ro\/fr\/wp-json\/wp\/v2\/coauthors?post=1010767"}],"curies":[{"name":"wp","href":"https:\/\/api.w.org\/{rel}","templated":true}]}}