{"id":1011080,"date":"2026-04-28T12:47:50","date_gmt":"2026-04-28T09:47:50","guid":{"rendered":"https:\/\/www.rri.ro\/?p=1011080"},"modified":"2026-04-28T13:41:06","modified_gmt":"2026-04-28T10:41:06","slug":"28-04-2026","status":"publish","type":"post","link":"https:\/\/www.rri.ro\/fr\/actualites\/le-flash\/28-04-2026-id1011080.html","title":{"rendered":"28.04.2026"},"content":{"rendered":"<p><strong>Motion \u2013 <\/strong>C\u2019est bien ce mardi que le PSD, ancien membre de la coalition au pouvoir en Roumanie et l\u2019Alliance pour l\u2019Union des Roumains, ultranationaliste, populiste et en opposition, pourraient d\u00e9poser la motion de censure contre le gouvernement du lib\u00e9ral Ilie Bolojan, annonc\u00e9e lundi. Selon des sources politiques cit\u00e9es par la radio publique, les deux partis ont ramass\u00e9 d\u00e9j\u00e0 233 signatures, soit le nombre minimum n\u00e9cessaire pour faire passer la motion. Le premier ministre Ilie Bolojan a averti sur le risque de chaos \u00e9conomique et de perte de fonds europ\u00e9ens si son gouvernement tombe. Notamment, parce que ni le PSD, ni AUR n\u2019ont pas de solution.<\/p>\n<p>&nbsp;<\/p>\n<p><strong>Zagreb \u2013 <\/strong>Le chef de l\u2019Etat roumain, Nicusor Dan, participe aujourd\u2019hui et demain au sommet de l\u2019Initiative des Trois Mers, qui se d\u00e9roule \u00e0 Dubrovnik, en Croatie. L\u2019Initiative des Trois Mers est une plateforme souple et informelle regroupant 13 \u00c9tats membres de l&rsquo;UE situ\u00e9s entre les mers Baltique, Adriatique et Noire. L\u2019initiative est consid\u00e9r\u00e9e comme un moyen de renforcer la convergence et la coh\u00e9sion, \u00e0 travers le renforcement de la coop\u00e9ration interr\u00e9gionale dans les domaines \u00e9nerg\u00e9tique, des Transports et num\u00e9rique. Elle repr\u00e9sente un march\u00e9 de 120 millions d\u2019habitants et elle a permis la mise en place de plus d\u2019une centaine de projets d\u2019interconnexion.<\/p>\n<p>&nbsp;<\/p>\n<p><strong>Immunit\u00e9 parlementaire<\/strong> \u2013 R\u00e9uni ce mardi en s\u00e9ance pl\u00e9ni\u00e8re, le Parlement europ\u00e9en a vot\u00e9 en faveur de la lev\u00e9e de l&rsquo;immunit\u00e9 de la d\u00e9put\u00e9e europ\u00e9enne Diana \u0218o\u0219oac\u0103, \u00e0 la demande du parquet roumain. C\u2019est ce qu\u2019a annonc\u00e9 la cheffe du L\u00e9gislatif europ\u00e9en, Roberta Metsola. Diana Sosoaca est accus\u00e9e de onze infractions, dont la diffusion de propagande fasciste (l\u00e9gionnaire), l&rsquo;apologie de criminels de guerre et la n\u00e9gation de l\u2019existence de la Shoah. La commission des affaires juridiques du Parlement europ\u00e9en a d\u00e9cid\u00e9 jeudi, par 17 voix pour, aucune contre et une abstention, de lever son immunit\u00e9.<\/p>\n<p>&nbsp;<\/p>\n<p><strong>Partenariat<\/strong> \u2013 Il faudrait renforcer le Partenariat strat\u00e9gique roumano-am\u00e9ricain, a fait savoir le pr\u00e9sident roumain, Nicusor Dan, \u00e0 l\u2019issue de sa rencontre de Bucarest, avec le secr\u00e9taire des Forces terrestres des Etats-Unis, Daniel P. Driscoll. Celui-ci a discut\u00e9 aussi avec la cheffe de la diplomatie roumaine, Oana Toiu, selon laquelle le Partenariat bilat\u00e9ral reste essentiel pour la s\u00e9curit\u00e9 de la Roumanie. Le ministre roumain de la D\u00e9fense et le responsable am\u00e9ricain ont sign\u00e9 une lettre d\u2019intention pour coop\u00e9rer dans le domaine des drones et des syst\u00e8mes anti-drones.<\/p>\n<p>&nbsp;<\/p>\n<p><strong>Protestations<\/strong> \u2013 Plus de 10.000 syndicalistes, repr\u00e9sentants de la Conf\u00e9d\u00e9ration syndicale nationale Meridian et des f\u00e9d\u00e9rations syndicales rattach\u00e9es \u00e0 celle-ci ont annonc\u00e9 se r\u00e9unir ce mardi Place de la Victoire, devant le si\u00e8ge du gouvernement, pour protester \u00e0 l\u2019occasion de la Journ\u00e9e mondiale de la S\u00e9curit\u00e9 et de la Sant\u00e9 au Travail. Les syndicalistes d\u00e9noncent l\u2019absence de tout dialogue social dans l\u2019adoption derni\u00e8rement, des mesures d\u2019aust\u00e9rit\u00e9 qui, disent-ils, n\u2019ont pas eu le r\u00e9sultat esp\u00e9r\u00e9, mais ont impact\u00e9 s\u00e9v\u00e8rement le niveau de vie des Roumains, leurs emplois et leurs droits salariaux.<\/p>\n<p>&nbsp;<\/p>\n<p><strong>Festival<\/strong> \u2013 Une nouvelle \u00e9dition du Festival international de th\u00e9\u00e2tre Shakespeare aura lieu \u00e0 Craiova, du 21 au 31 mai, avec \u00e0 l\u2019affiche des productions de plus de 70 pays. Le public aura droit \u00e0 onze journ\u00e9es de spectacles, concerts et \u00e9v\u00e9nements avec pour th\u00e8me, cette ann\u00e9e \u00ab\u00a0La volont\u00e9 na\u00eet la mati\u00e8re\u00a0\u00bb. Initi\u00e9 en 1994 par Emil Boroghina, le Festival international Shakespeare de Craiova est consid\u00e9r\u00e9 comme le festival le plus important du monde consacr\u00e9 \u00e0 l\u2019\u0153uvre du grand dramaturge britannique.<\/p>\n<p>&nbsp;<\/p>\n<p><strong>M\u00e9t\u00e9o <\/strong>\u2013 Les temp\u00e9ratures sont \u00e0 la hausse ce mardi, en Roumanie, \u00e0 l\u2019exception du nord et du nord-est du territoire o\u00f9 elles restent inf\u00e9rieures aux valeurs sp\u00e9cifiques \u00e0 cette p\u00e9riode de l\u2019ann\u00e9e. Le ciel est variable, partiellement couvert et des pluies \u00e9parses peuvent tomber dans la r\u00e9gion des Carpates M\u00e9ridionale et Orientales. Le vent souffle l\u00e9g\u00e8rement sur le relief et plus fort en altitude. Les temp\u00e9ratures vont ce mardi de 14 \u00e0 22 degr\u00e9s. 21 degr\u00e9s \u00e0 midi, \u00e0 Bucarest et un beau soleil printanier.<\/p>\n","protected":false},"excerpt":{"rendered":"<p>Motion \u2013 C\u2019est bien ce mardi que le PSD, ancien membre de la coalition au pouvoir en Roumanie et l\u2019Alliance pour l\u2019Union des Roumains, ultranationaliste, populiste et en opposition, pourraient d\u00e9poser la motion de censure contre le gouvernement du lib\u00e9ral Ilie Bolojan, annonc\u00e9e lundi. Selon des sources politiques cit\u00e9es par la radio publique, les deux [&hellip;]<\/p>\n","protected":false},"author":113,"featured_media":723357,"comment_status":"closed","ping_status":"closed","sticky":false,"template":"","format":"standard","meta":{"_acf_changed":false,"footnotes":""},"categories":[89002],"tags":[149443,151633,87096,147064,163836,144321],"coauthors":[116091],"class_list":["post-1011080","post","type-post","status-publish","format-standard","has-post-thumbnail","hentry","category-le-flash","tag-aur-fr","tag-diana-sosoaca","tag-gouvernement","tag-meteo-fr","tag-motion-fr","tag-psd-fr"],"acf":[],"yoast_head":"<!-- This site is optimized with the Yoast SEO plugin v27.5 - https:\/\/yoast.com\/product\/yoast-seo-wordpress\/ -->\n<title>28.04.2026 - Radio Roumanie Internationale<\/title>\n<meta name=\"robots\" content=\"index, follow, max-snippet:-1, max-image-preview:large, max-video-preview:-1\" \/>\n<link rel=\"canonical\" href=\"https:\/\/www.rri.ro\/fr\/actualites\/le-flash\/28-04-2026-id1011080.html\" \/>\n<meta property=\"og:locale\" content=\"fr_FR\" \/>\n<meta property=\"og:type\" content=\"article\" \/>\n<meta property=\"og:title\" content=\"28.04.2026 - Radio Roumanie Internationale\" \/>\n<meta property=\"og:description\" content=\"Motion \u2013 C\u2019est bien ce mardi que le PSD, ancien membre de la coalition au pouvoir en Roumanie et l\u2019Alliance pour l\u2019Union des Roumains, ultranationaliste, populiste et en opposition, pourraient d\u00e9poser la motion de censure contre le gouvernement du lib\u00e9ral Ilie Bolojan, annonc\u00e9e lundi. Selon des sources politiques cit\u00e9es par la radio publique, les deux [&hellip;]\" \/>\n<meta property=\"og:url\" content=\"https:\/\/www.rri.ro\/fr\/actualites\/le-flash\/28-04-2026-id1011080.html\" \/>\n<meta property=\"og:site_name\" content=\"Radio Roumanie Internationale\" \/>\n<meta property=\"article:published_time\" content=\"2026-04-28T09:47:50+00:00\" \/>\n<meta property=\"article:modified_time\" content=\"2026-04-28T10:41:06+00:00\" \/>\n<meta property=\"og:image\" content=\"https:\/\/www.rri.ro\/wp-content\/uploads\/2024\/03\/RRI-960x540-Le-flash-2-NOU.jpg\" \/>\n\t<meta property=\"og:image:width\" content=\"960\" \/>\n\t<meta property=\"og:image:height\" content=\"540\" \/>\n\t<meta property=\"og:image:type\" content=\"image\/jpeg\" \/>\n<meta name=\"author\" content=\"Newsroom\" \/>\n<meta name=\"twitter:card\" content=\"summary_large_image\" \/>\n<meta name=\"twitter:label1\" content=\"\u00c9crit par\" \/>\n\t<meta name=\"twitter:data1\" content=\"Newsroom\" \/>\n\t<meta name=\"twitter:label2\" content=\"Dur\u00e9e de lecture estim\u00e9e\" \/>\n\t<meta name=\"twitter:data2\" content=\"4 minutes\" \/>\n\t<meta name=\"twitter:label3\" content=\"Written by\" \/>\n\t<meta name=\"twitter:data3\" content=\"Newsroom\" \/>\n<script type=\"application\/ld+json\" class=\"yoast-schema-graph\">{\"@context\":\"https:\\\/\\\/schema.org\",\"@graph\":[{\"@type\":\"Article\",\"@id\":\"https:\\\/\\\/www.rri.ro\\\/fr\\\/actualites\\\/le-flash\\\/28-04-2026-id1011080.html#article\",\"isPartOf\":{\"@id\":\"https:\\\/\\\/www.rri.ro\\\/fr\\\/actualites\\\/le-flash\\\/28-04-2026-id1011080.html\"},\"author\":{\"name\":\"Newsroom\",\"@id\":\"https:\\\/\\\/www.rri.ro\\\/#\\\/schema\\\/person\\\/4a479940371b9fdefd194f561e8a7f88\"},\"headline\":\"28.04.2026\",\"datePublished\":\"2026-04-28T09:47:50+00:00\",\"dateModified\":\"2026-04-28T10:41:06+00:00\",\"mainEntityOfPage\":{\"@id\":\"https:\\\/\\\/www.rri.ro\\\/fr\\\/actualites\\\/le-flash\\\/28-04-2026-id1011080.html\"},\"wordCount\":731,\"image\":{\"@id\":\"https:\\\/\\\/www.rri.ro\\\/fr\\\/actualites\\\/le-flash\\\/28-04-2026-id1011080.html#primaryimage\"},\"thumbnailUrl\":\"https:\\\/\\\/www.rri.ro\\\/wp-content\\\/uploads\\\/2024\\\/03\\\/RRI-960x540-Le-flash-2-NOU.jpg\",\"keywords\":[\"AUR\",\"Diana Sosoaca\",\"gouvernement\",\"meteo\",\"motion\",\"PSD\"],\"articleSection\":[\"Le flash\"],\"inLanguage\":\"fr-FR\"},{\"@type\":\"WebPage\",\"@id\":\"https:\\\/\\\/www.rri.ro\\\/fr\\\/actualites\\\/le-flash\\\/28-04-2026-id1011080.html\",\"url\":\"https:\\\/\\\/www.rri.ro\\\/fr\\\/actualites\\\/le-flash\\\/28-04-2026-id1011080.html\",\"name\":\"28.04.2026 - Radio Roumanie Internationale\",\"isPartOf\":{\"@id\":\"https:\\\/\\\/www.rri.ro\\\/#website\"},\"primaryImageOfPage\":{\"@id\":\"https:\\\/\\\/www.rri.ro\\\/fr\\\/actualites\\\/le-flash\\\/28-04-2026-id1011080.html#primaryimage\"},\"image\":{\"@id\":\"https:\\\/\\\/www.rri.ro\\\/fr\\\/actualites\\\/le-flash\\\/28-04-2026-id1011080.html#primaryimage\"},\"thumbnailUrl\":\"https:\\\/\\\/www.rri.ro\\\/wp-content\\\/uploads\\\/2024\\\/03\\\/RRI-960x540-Le-flash-2-NOU.jpg\",\"datePublished\":\"2026-04-28T09:47:50+00:00\",\"dateModified\":\"2026-04-28T10:41:06+00:00\",\"author\":{\"@id\":\"https:\\\/\\\/www.rri.ro\\\/#\\\/schema\\\/person\\\/4a479940371b9fdefd194f561e8a7f88\"},\"breadcrumb\":{\"@id\":\"https:\\\/\\\/www.rri.ro\\\/fr\\\/actualites\\\/le-flash\\\/28-04-2026-id1011080.html#breadcrumb\"},\"inLanguage\":\"fr-FR\",\"potentialAction\":[{\"@type\":\"ReadAction\",\"target\":[\"https:\\\/\\\/www.rri.ro\\\/fr\\\/actualites\\\/le-flash\\\/28-04-2026-id1011080.html\"]}]},{\"@type\":\"ImageObject\",\"inLanguage\":\"fr-FR\",\"@id\":\"https:\\\/\\\/www.rri.ro\\\/fr\\\/actualites\\\/le-flash\\\/28-04-2026-id1011080.html#primaryimage\",\"url\":\"https:\\\/\\\/www.rri.ro\\\/wp-content\\\/uploads\\\/2024\\\/03\\\/RRI-960x540-Le-flash-2-NOU.jpg\",\"contentUrl\":\"https:\\\/\\\/www.rri.ro\\\/wp-content\\\/uploads\\\/2024\\\/03\\\/RRI-960x540-Le-flash-2-NOU.jpg\",\"width\":960,\"height\":540},{\"@type\":\"BreadcrumbList\",\"@id\":\"https:\\\/\\\/www.rri.ro\\\/fr\\\/actualites\\\/le-flash\\\/28-04-2026-id1011080.html#breadcrumb\",\"itemListElement\":[{\"@type\":\"ListItem\",\"position\":1,\"name\":\"Page d'accueil\",\"item\":\"https:\\\/\\\/www.rri.ro\\\/fr\"},{\"@type\":\"ListItem\",\"position\":2,\"name\":\"Actualit\u00e9s\",\"item\":\"https:\\\/\\\/www.rri.ro\\\/fr\\\/actualites\"},{\"@type\":\"ListItem\",\"position\":3,\"name\":\"Le flash\",\"item\":\"https:\\\/\\\/www.rri.ro\\\/fr\\\/actualites\\\/le-flash\"},{\"@type\":\"ListItem\",\"position\":4,\"name\":\"28.04.2026\"}]},{\"@type\":\"WebSite\",\"@id\":\"https:\\\/\\\/www.rri.ro\\\/#website\",\"url\":\"https:\\\/\\\/www.rri.ro\\\/\",\"name\":\"Radio Roumanie Internationale\",\"description\":\"Totul despre Rom\u00e2nia \u015fi rom\u00e2ni, \u00een 13 limbi\\\/dialecte!\",\"inLanguage\":\"fr-FR\"},{\"@type\":\"Person\",\"@id\":\"https:\\\/\\\/www.rri.ro\\\/#\\\/schema\\\/person\\\/4a479940371b9fdefd194f561e8a7f88\",\"name\":\"Newsroom\",\"url\":\"https:\\\/\\\/www.rri.ro\\\/fr\\\/author\\\/newsroom\"}]}<\/script>\n<!-- \/ Yoast SEO plugin. -->","yoast_head_json":{"title":"28.04.2026 - Radio Roumanie Internationale","robots":{"index":"index","follow":"follow","max-snippet":"max-snippet:-1","max-image-preview":"max-image-preview:large","max-video-preview":"max-video-preview:-1"},"canonical":"https:\/\/www.rri.ro\/fr\/actualites\/le-flash\/28-04-2026-id1011080.html","og_locale":"fr_FR","og_type":"article","og_title":"28.04.2026 - Radio Roumanie Internationale","og_description":"Motion \u2013 C\u2019est bien ce mardi que le PSD, ancien membre de la coalition au pouvoir en Roumanie et l\u2019Alliance pour l\u2019Union des Roumains, ultranationaliste, populiste et en opposition, pourraient d\u00e9poser la motion de censure contre le gouvernement du lib\u00e9ral Ilie Bolojan, annonc\u00e9e lundi. Selon des sources politiques cit\u00e9es par la radio publique, les deux [&hellip;]","og_url":"https:\/\/www.rri.ro\/fr\/actualites\/le-flash\/28-04-2026-id1011080.html","og_site_name":"Radio Roumanie Internationale","article_published_time":"2026-04-28T09:47:50+00:00","article_modified_time":"2026-04-28T10:41:06+00:00","og_image":[{"width":960,"height":540,"url":"https:\/\/www.rri.ro\/wp-content\/uploads\/2024\/03\/RRI-960x540-Le-flash-2-NOU.jpg","type":"image\/jpeg"}],"author":"Newsroom","twitter_card":"summary_large_image","twitter_misc":{"\u00c9crit par":"Newsroom","Dur\u00e9e de lecture estim\u00e9e":"4 minutes","Written by":"Newsroom"},"schema":{"@context":"https:\/\/schema.org","@graph":[{"@type":"Article","@id":"https:\/\/www.rri.ro\/fr\/actualites\/le-flash\/28-04-2026-id1011080.html#article","isPartOf":{"@id":"https:\/\/www.rri.ro\/fr\/actualites\/le-flash\/28-04-2026-id1011080.html"},"author":{"name":"Newsroom","@id":"https:\/\/www.rri.ro\/#\/schema\/person\/4a479940371b9fdefd194f561e8a7f88"},"headline":"28.04.2026","datePublished":"2026-04-28T09:47:50+00:00","dateModified":"2026-04-28T10:41:06+00:00","mainEntityOfPage":{"@id":"https:\/\/www.rri.ro\/fr\/actualites\/le-flash\/28-04-2026-id1011080.html"},"wordCount":731,"image":{"@id":"https:\/\/www.rri.ro\/fr\/actualites\/le-flash\/28-04-2026-id1011080.html#primaryimage"},"thumbnailUrl":"https:\/\/www.rri.ro\/wp-content\/uploads\/2024\/03\/RRI-960x540-Le-flash-2-NOU.jpg","keywords":["AUR","Diana Sosoaca","gouvernement","meteo","motion","PSD"],"articleSection":["Le flash"],"inLanguage":"fr-FR"},{"@type":"WebPage","@id":"https:\/\/www.rri.ro\/fr\/actualites\/le-flash\/28-04-2026-id1011080.html","url":"https:\/\/www.rri.ro\/fr\/actualites\/le-flash\/28-04-2026-id1011080.html","name":"28.04.2026 - Radio Roumanie Internationale","isPartOf":{"@id":"https:\/\/www.rri.ro\/#website"},"primaryImageOfPage":{"@id":"https:\/\/www.rri.ro\/fr\/actualites\/le-flash\/28-04-2026-id1011080.html#primaryimage"},"image":{"@id":"https:\/\/www.rri.ro\/fr\/actualites\/le-flash\/28-04-2026-id1011080.html#primaryimage"},"thumbnailUrl":"https:\/\/www.rri.ro\/wp-content\/uploads\/2024\/03\/RRI-960x540-Le-flash-2-NOU.jpg","datePublished":"2026-04-28T09:47:50+00:00","dateModified":"2026-04-28T10:41:06+00:00","author":{"@id":"https:\/\/www.rri.ro\/#\/schema\/person\/4a479940371b9fdefd194f561e8a7f88"},"breadcrumb":{"@id":"https:\/\/www.rri.ro\/fr\/actualites\/le-flash\/28-04-2026-id1011080.html#breadcrumb"},"inLanguage":"fr-FR","potentialAction":[{"@type":"ReadAction","target":["https:\/\/www.rri.ro\/fr\/actualites\/le-flash\/28-04-2026-id1011080.html"]}]},{"@type":"ImageObject","inLanguage":"fr-FR","@id":"https:\/\/www.rri.ro\/fr\/actualites\/le-flash\/28-04-2026-id1011080.html#primaryimage","url":"https:\/\/www.rri.ro\/wp-content\/uploads\/2024\/03\/RRI-960x540-Le-flash-2-NOU.jpg","contentUrl":"https:\/\/www.rri.ro\/wp-content\/uploads\/2024\/03\/RRI-960x540-Le-flash-2-NOU.jpg","width":960,"height":540},{"@type":"BreadcrumbList","@id":"https:\/\/www.rri.ro\/fr\/actualites\/le-flash\/28-04-2026-id1011080.html#breadcrumb","itemListElement":[{"@type":"ListItem","position":1,"name":"Page d'accueil","item":"https:\/\/www.rri.ro\/fr"},{"@type":"ListItem","position":2,"name":"Actualit\u00e9s","item":"https:\/\/www.rri.ro\/fr\/actualites"},{"@type":"ListItem","position":3,"name":"Le flash","item":"https:\/\/www.rri.ro\/fr\/actualites\/le-flash"},{"@type":"ListItem","position":4,"name":"28.04.2026"}]},{"@type":"WebSite","@id":"https:\/\/www.rri.ro\/#website","url":"https:\/\/www.rri.ro\/","name":"Radio Roumanie Internationale","description":"Totul despre Rom\u00e2nia \u015fi rom\u00e2ni, \u00een 13 limbi\/dialecte!","inLanguage":"fr-FR"},{"@type":"Person","@id":"https:\/\/www.rri.ro\/#\/schema\/person\/4a479940371b9fdefd194f561e8a7f88","name":"Newsroom","url":"https:\/\/www.rri.ro\/fr\/author\/newsroom"}]}},"_links":{"self":[{"href":"https:\/\/www.rri.ro\/fr\/wp-json\/wp\/v2\/posts\/1011080","targetHints":{"allow":["GET"]}}],"collection":[{"href":"https:\/\/www.rri.ro\/fr\/wp-json\/wp\/v2\/posts"}],"about":[{"href":"https:\/\/www.rri.ro\/fr\/wp-json\/wp\/v2\/types\/post"}],"author":[{"embeddable":true,"href":"https:\/\/www.rri.ro\/fr\/wp-json\/wp\/v2\/users\/113"}],"replies":[{"embeddable":true,"href":"https:\/\/www.rri.ro\/fr\/wp-json\/wp\/v2\/comments?post=1011080"}],"version-history":[{"count":0,"href":"https:\/\/www.rri.ro\/fr\/wp-json\/wp\/v2\/posts\/1011080\/revisions"}],"wp:featuredmedia":[{"embeddable":true,"href":"https:\/\/www.rri.ro\/fr\/wp-json\/wp\/v2\/media\/723357"}],"wp:attachment":[{"href":"https:\/\/www.rri.ro\/fr\/wp-json\/wp\/v2\/media?parent=1011080"}],"wp:term":[{"taxonomy":"category","embeddable":true,"href":"https:\/\/www.rri.ro\/fr\/wp-json\/wp\/v2\/categories?post=1011080"},{"taxonomy":"post_tag","embeddable":true,"href":"https:\/\/www.rri.ro\/fr\/wp-json\/wp\/v2\/tags?post=1011080"},{"taxonomy":"author","embeddable":true,"href":"https:\/\/www.rri.ro\/fr\/wp-json\/wp\/v2\/coauthors?post=1011080"}],"curies":[{"name":"wp","href":"https:\/\/api.w.org\/{rel}","templated":true}]}}