{"id":1041665,"date":"2026-07-22T13:50:02","date_gmt":"2026-07-22T10:50:02","guid":{"rendered":"https:\/\/www.rri.ro\/?p=1041665"},"modified":"2026-07-22T18:13:28","modified_gmt":"2026-07-22T15:13:28","slug":"rencontre-avec-mathilde-stagiaire-francaise-chez-rri","status":"publish","type":"post","link":"https:\/\/www.rri.ro\/fr\/nos-emissions\/linvite-du-jour\/rencontre-avec-mathilde-stagiaire-francaise-chez-rri-id1041665.html","title":{"rendered":"Mathilde Bromat : 6 mois d&rsquo;\u00e9tudes, de d\u00e9couvertes et d&rsquo;amiti\u00e9 en Roumanie"},"content":{"rendered":"<p>Notre invit\u00e9e aujourd&rsquo;hui s&rsquo;appelle Mathilde Bromat, originaire de la r\u00e9gion parisienne. Elle est arriv\u00e9e \u00e0 Bucarest pour finaliser son double master franco-roumain. 6 mois durant Bucarest a \u00e9t\u00e9 sa nouvelle maison et pendant plusieurs semaines, la r\u00e9daction de RRI aussi.<\/p>\n<p>Apr\u00e8s plusieurs mois de stage au sein de la section fran\u00e7aise de Radio Roumanie, Mathilde dresse un petit bilan de son parcours et de son exp\u00e9rience, et partage son ressenti sur la Roumanie au micro de Valentina.<\/p>\n<p><iframe loading=\"lazy\" src=\"https:\/\/w.soundcloud.com\/player\/?url=https%3A\/\/api.soundcloud.com\/tracks\/soundcloud%253Atracks%253A2365721747&amp;color=%23ff5500&amp;auto_play=false&amp;hide_related=false&amp;show_comments=true&amp;show_user=true&amp;show_reposts=false&amp;show_teaser=true\" width=\"100%\" height=\"166\" frameborder=\"no\" scrolling=\"no\"><\/iframe><\/p>\n<div style=\"font-size: 10px; color: #cccccc; line-break: anywhere; word-break: normal; overflow: hidden; white-space: nowrap; text-overflow: ellipsis; font-family: Interstate,Lucida Grande,Lucida Sans Unicode,Lucida Sans,Garuda,Verdana,Tahoma,sans-serif; font-weight: 100;\"><a style=\"color: #cccccc; text-decoration: none;\" title=\"RadioRomaniaInternational\" href=\"https:\/\/soundcloud.com\/radioromaniainternational\" target=\"_blank\" rel=\"noopener\">RadioRomaniaInternational<\/a> \u00b7 <a style=\"color: #cccccc; text-decoration: none;\" title=\"RRI ALTERNATIVES - Rencontre avec Mathilde, stagiaire chez RRI\" href=\"https:\/\/soundcloud.com\/radioromaniainternational\/rri-alternatives-rencontre\" target=\"_blank\" rel=\"noopener\">RRI ALTERNATIVES &#8211; Rencontre avec Mathilde, stagiaire chez RRI<\/a><\/div>\n","protected":false},"excerpt":{"rendered":"<p>Notre invit\u00e9e aujourd&rsquo;hui s&rsquo;appelle Mathilde Bromat, originaire de la r\u00e9gion parisienne. Elle est arriv\u00e9e \u00e0 Bucarest pour finaliser son double master franco-roumain. 6 mois durant Bucarest a \u00e9t\u00e9 sa nouvelle maison et pendant plusieurs semaines, la r\u00e9daction de RRI aussi. Apr\u00e8s plusieurs mois de stage au sein de la section fran\u00e7aise de Radio Roumanie, Mathilde [&hellip;]<\/p>\n","protected":false},"author":21,"featured_media":1041653,"comment_status":"closed","ping_status":"closed","sticky":false,"template":"","format":"audio","meta":{"_acf_changed":false,"footnotes":""},"categories":[96095],"tags":[],"coauthors":[116431],"class_list":["post-1041665","post","type-post","status-publish","format-audio","has-post-thumbnail","hentry","category-linvite-du-jour","post_format-post-format-audio"],"acf":[],"yoast_head":"<!-- This site is optimized with the Yoast SEO plugin v28.2 - https:\/\/yoast.com\/product\/yoast-seo-wordpress\/ -->\n<title>Mathilde Bromat : 6 mois d&#039;\u00e9tudes, de d\u00e9couvertes et d&#039;amiti\u00e9 en Roumanie - Radio Roumanie Internationale<\/title>\n<meta name=\"robots\" content=\"index, follow, max-snippet:-1, max-image-preview:large, max-video-preview:-1\" \/>\n<link rel=\"canonical\" href=\"https:\/\/www.rri.ro\/fr\/nos-emissions\/linvite-du-jour\/rencontre-avec-mathilde-stagiaire-francaise-chez-rri-id1041665.html\" \/>\n<meta property=\"og:locale\" content=\"fr_FR\" \/>\n<meta property=\"og:type\" content=\"article\" \/>\n<meta property=\"og:title\" content=\"Mathilde Bromat : 6 mois d&#039;\u00e9tudes, de d\u00e9couvertes et d&#039;amiti\u00e9 en Roumanie - Radio Roumanie Internationale\" \/>\n<meta property=\"og:description\" content=\"Notre invit\u00e9e aujourd&rsquo;hui s&rsquo;appelle Mathilde Bromat, originaire de la r\u00e9gion parisienne. Elle est arriv\u00e9e \u00e0 Bucarest pour finaliser son double master franco-roumain. 6 mois durant Bucarest a \u00e9t\u00e9 sa nouvelle maison et pendant plusieurs semaines, la r\u00e9daction de RRI aussi. Apr\u00e8s plusieurs mois de stage au sein de la section fran\u00e7aise de Radio Roumanie, Mathilde [&hellip;]\" \/>\n<meta property=\"og:url\" content=\"https:\/\/www.rri.ro\/fr\/nos-emissions\/linvite-du-jour\/rencontre-avec-mathilde-stagiaire-francaise-chez-rri-id1041665.html\" \/>\n<meta property=\"og:site_name\" content=\"Radio Roumanie Internationale\" \/>\n<meta property=\"article:published_time\" content=\"2026-07-22T10:50:02+00:00\" \/>\n<meta property=\"article:modified_time\" content=\"2026-07-22T15:13:28+00:00\" \/>\n<meta property=\"og:image\" content=\"https:\/\/www.rri.ro\/wp-content\/uploads\/2026\/07\/Mathilde-Source-Julie-Capelle.jpg\" \/>\n\t<meta property=\"og:image:width\" content=\"1200\" \/>\n\t<meta property=\"og:image:height\" content=\"675\" \/>\n\t<meta property=\"og:image:type\" content=\"image\/jpeg\" \/>\n<meta name=\"author\" content=\"Valentina Beleavski\" \/>\n<meta name=\"twitter:card\" content=\"summary_large_image\" \/>\n<meta name=\"twitter:label1\" content=\"\u00c9crit par\" \/>\n\t<meta name=\"twitter:data1\" content=\"Valentina Beleavski\" \/>\n\t<meta name=\"twitter:label2\" content=\"Written by\" \/>\n\t<meta name=\"twitter:data2\" content=\"Valentina Beleavski\" \/>\n<script type=\"application\/ld+json\" class=\"yoast-schema-graph\">{\"@context\":\"https:\\\/\\\/schema.org\",\"@graph\":[{\"@type\":\"Article\",\"@id\":\"https:\\\/\\\/www.rri.ro\\\/fr\\\/nos-emissions\\\/linvite-du-jour\\\/rencontre-avec-mathilde-stagiaire-francaise-chez-rri-id1041665.html#article\",\"isPartOf\":{\"@id\":\"https:\\\/\\\/www.rri.ro\\\/fr\\\/nos-emissions\\\/linvite-du-jour\\\/rencontre-avec-mathilde-stagiaire-francaise-chez-rri-id1041665.html\"},\"author\":{\"name\":\"Valentina Beleavski\",\"@id\":\"https:\\\/\\\/www.rri.ro\\\/#\\\/schema\\\/person\\\/f678ace260ac792e538779c8b1b55da2\"},\"headline\":\"Mathilde Bromat : 6 mois d&rsquo;\u00e9tudes, de d\u00e9couvertes et d&rsquo;amiti\u00e9 en Roumanie\",\"datePublished\":\"2026-07-22T10:50:02+00:00\",\"dateModified\":\"2026-07-22T15:13:28+00:00\",\"mainEntityOfPage\":{\"@id\":\"https:\\\/\\\/www.rri.ro\\\/fr\\\/nos-emissions\\\/linvite-du-jour\\\/rencontre-avec-mathilde-stagiaire-francaise-chez-rri-id1041665.html\"},\"wordCount\":107,\"image\":{\"@id\":\"https:\\\/\\\/www.rri.ro\\\/fr\\\/nos-emissions\\\/linvite-du-jour\\\/rencontre-avec-mathilde-stagiaire-francaise-chez-rri-id1041665.html#primaryimage\"},\"thumbnailUrl\":\"https:\\\/\\\/www.rri.ro\\\/wp-content\\\/uploads\\\/2026\\\/07\\\/Mathilde-Source-Julie-Capelle.jpg\",\"articleSection\":[\"L'invit\u00e9 du jour\"],\"inLanguage\":\"fr-FR\"},{\"@type\":\"WebPage\",\"@id\":\"https:\\\/\\\/www.rri.ro\\\/fr\\\/nos-emissions\\\/linvite-du-jour\\\/rencontre-avec-mathilde-stagiaire-francaise-chez-rri-id1041665.html\",\"url\":\"https:\\\/\\\/www.rri.ro\\\/fr\\\/nos-emissions\\\/linvite-du-jour\\\/rencontre-avec-mathilde-stagiaire-francaise-chez-rri-id1041665.html\",\"name\":\"Mathilde Bromat : 6 mois d'\u00e9tudes, de d\u00e9couvertes et d'amiti\u00e9 en Roumanie - Radio Roumanie Internationale\",\"isPartOf\":{\"@id\":\"https:\\\/\\\/www.rri.ro\\\/#website\"},\"primaryImageOfPage\":{\"@id\":\"https:\\\/\\\/www.rri.ro\\\/fr\\\/nos-emissions\\\/linvite-du-jour\\\/rencontre-avec-mathilde-stagiaire-francaise-chez-rri-id1041665.html#primaryimage\"},\"image\":{\"@id\":\"https:\\\/\\\/www.rri.ro\\\/fr\\\/nos-emissions\\\/linvite-du-jour\\\/rencontre-avec-mathilde-stagiaire-francaise-chez-rri-id1041665.html#primaryimage\"},\"thumbnailUrl\":\"https:\\\/\\\/www.rri.ro\\\/wp-content\\\/uploads\\\/2026\\\/07\\\/Mathilde-Source-Julie-Capelle.jpg\",\"datePublished\":\"2026-07-22T10:50:02+00:00\",\"dateModified\":\"2026-07-22T15:13:28+00:00\",\"author\":{\"@id\":\"https:\\\/\\\/www.rri.ro\\\/#\\\/schema\\\/person\\\/f678ace260ac792e538779c8b1b55da2\"},\"breadcrumb\":{\"@id\":\"https:\\\/\\\/www.rri.ro\\\/fr\\\/nos-emissions\\\/linvite-du-jour\\\/rencontre-avec-mathilde-stagiaire-francaise-chez-rri-id1041665.html#breadcrumb\"},\"inLanguage\":\"fr-FR\",\"potentialAction\":[{\"@type\":\"ReadAction\",\"target\":[\"https:\\\/\\\/www.rri.ro\\\/fr\\\/nos-emissions\\\/linvite-du-jour\\\/rencontre-avec-mathilde-stagiaire-francaise-chez-rri-id1041665.html\"]}]},{\"@type\":\"ImageObject\",\"inLanguage\":\"fr-FR\",\"@id\":\"https:\\\/\\\/www.rri.ro\\\/fr\\\/nos-emissions\\\/linvite-du-jour\\\/rencontre-avec-mathilde-stagiaire-francaise-chez-rri-id1041665.html#primaryimage\",\"url\":\"https:\\\/\\\/www.rri.ro\\\/wp-content\\\/uploads\\\/2026\\\/07\\\/Mathilde-Source-Julie-Capelle.jpg\",\"contentUrl\":\"https:\\\/\\\/www.rri.ro\\\/wp-content\\\/uploads\\\/2026\\\/07\\\/Mathilde-Source-Julie-Capelle.jpg\",\"width\":1200,\"height\":675},{\"@type\":\"BreadcrumbList\",\"@id\":\"https:\\\/\\\/www.rri.ro\\\/fr\\\/nos-emissions\\\/linvite-du-jour\\\/rencontre-avec-mathilde-stagiaire-francaise-chez-rri-id1041665.html#breadcrumb\",\"itemListElement\":[{\"@type\":\"ListItem\",\"position\":1,\"name\":\"Page d'accueil\",\"item\":\"https:\\\/\\\/www.rri.ro\\\/fr\"},{\"@type\":\"ListItem\",\"position\":2,\"name\":\"Nos \u00e9missions\",\"item\":\"https:\\\/\\\/www.rri.ro\\\/fr\\\/nos-emissions\"},{\"@type\":\"ListItem\",\"position\":3,\"name\":\"L'invit\u00e9 du jour\",\"item\":\"https:\\\/\\\/www.rri.ro\\\/fr\\\/nos-emissions\\\/linvite-du-jour\"},{\"@type\":\"ListItem\",\"position\":4,\"name\":\"Mathilde Bromat : 6 mois d&#8217;\u00e9tudes, de d\u00e9couvertes et d&#8217;amiti\u00e9 en Roumanie\"}]},{\"@type\":\"WebSite\",\"@id\":\"https:\\\/\\\/www.rri.ro\\\/#website\",\"url\":\"https:\\\/\\\/www.rri.ro\\\/\",\"name\":\"Radio Roumanie Internationale\",\"description\":\"Totul despre Rom\u00e2nia \u015fi rom\u00e2ni, \u00een 13 limbi\\\/dialecte!\",\"inLanguage\":\"fr-FR\"},{\"@type\":\"Person\",\"@id\":\"https:\\\/\\\/www.rri.ro\\\/#\\\/schema\\\/person\\\/f678ace260ac792e538779c8b1b55da2\",\"name\":\"Valentina Beleavski\",\"url\":\"https:\\\/\\\/www.rri.ro\\\/fr\\\/author\\\/valentina-beleavski\"}]}<\/script>\n<!-- \/ Yoast SEO plugin. -->","yoast_head_json":{"title":"Mathilde Bromat : 6 mois d'\u00e9tudes, de d\u00e9couvertes et d'amiti\u00e9 en Roumanie - Radio Roumanie Internationale","robots":{"index":"index","follow":"follow","max-snippet":"max-snippet:-1","max-image-preview":"max-image-preview:large","max-video-preview":"max-video-preview:-1"},"canonical":"https:\/\/www.rri.ro\/fr\/nos-emissions\/linvite-du-jour\/rencontre-avec-mathilde-stagiaire-francaise-chez-rri-id1041665.html","og_locale":"fr_FR","og_type":"article","og_title":"Mathilde Bromat : 6 mois d'\u00e9tudes, de d\u00e9couvertes et d'amiti\u00e9 en Roumanie - Radio Roumanie Internationale","og_description":"Notre invit\u00e9e aujourd&rsquo;hui s&rsquo;appelle Mathilde Bromat, originaire de la r\u00e9gion parisienne. Elle est arriv\u00e9e \u00e0 Bucarest pour finaliser son double master franco-roumain. 6 mois durant Bucarest a \u00e9t\u00e9 sa nouvelle maison et pendant plusieurs semaines, la r\u00e9daction de RRI aussi. Apr\u00e8s plusieurs mois de stage au sein de la section fran\u00e7aise de Radio Roumanie, Mathilde [&hellip;]","og_url":"https:\/\/www.rri.ro\/fr\/nos-emissions\/linvite-du-jour\/rencontre-avec-mathilde-stagiaire-francaise-chez-rri-id1041665.html","og_site_name":"Radio Roumanie Internationale","article_published_time":"2026-07-22T10:50:02+00:00","article_modified_time":"2026-07-22T15:13:28+00:00","og_image":[{"width":1200,"height":675,"url":"https:\/\/www.rri.ro\/wp-content\/uploads\/2026\/07\/Mathilde-Source-Julie-Capelle.jpg","type":"image\/jpeg"}],"author":"Valentina Beleavski","twitter_card":"summary_large_image","twitter_misc":{"\u00c9crit par":"Valentina Beleavski","Written by":"Valentina Beleavski"},"schema":{"@context":"https:\/\/schema.org","@graph":[{"@type":"Article","@id":"https:\/\/www.rri.ro\/fr\/nos-emissions\/linvite-du-jour\/rencontre-avec-mathilde-stagiaire-francaise-chez-rri-id1041665.html#article","isPartOf":{"@id":"https:\/\/www.rri.ro\/fr\/nos-emissions\/linvite-du-jour\/rencontre-avec-mathilde-stagiaire-francaise-chez-rri-id1041665.html"},"author":{"name":"Valentina Beleavski","@id":"https:\/\/www.rri.ro\/#\/schema\/person\/f678ace260ac792e538779c8b1b55da2"},"headline":"Mathilde Bromat : 6 mois d&rsquo;\u00e9tudes, de d\u00e9couvertes et d&rsquo;amiti\u00e9 en Roumanie","datePublished":"2026-07-22T10:50:02+00:00","dateModified":"2026-07-22T15:13:28+00:00","mainEntityOfPage":{"@id":"https:\/\/www.rri.ro\/fr\/nos-emissions\/linvite-du-jour\/rencontre-avec-mathilde-stagiaire-francaise-chez-rri-id1041665.html"},"wordCount":107,"image":{"@id":"https:\/\/www.rri.ro\/fr\/nos-emissions\/linvite-du-jour\/rencontre-avec-mathilde-stagiaire-francaise-chez-rri-id1041665.html#primaryimage"},"thumbnailUrl":"https:\/\/www.rri.ro\/wp-content\/uploads\/2026\/07\/Mathilde-Source-Julie-Capelle.jpg","articleSection":["L'invit\u00e9 du jour"],"inLanguage":"fr-FR"},{"@type":"WebPage","@id":"https:\/\/www.rri.ro\/fr\/nos-emissions\/linvite-du-jour\/rencontre-avec-mathilde-stagiaire-francaise-chez-rri-id1041665.html","url":"https:\/\/www.rri.ro\/fr\/nos-emissions\/linvite-du-jour\/rencontre-avec-mathilde-stagiaire-francaise-chez-rri-id1041665.html","name":"Mathilde Bromat : 6 mois d'\u00e9tudes, de d\u00e9couvertes et d'amiti\u00e9 en Roumanie - Radio Roumanie Internationale","isPartOf":{"@id":"https:\/\/www.rri.ro\/#website"},"primaryImageOfPage":{"@id":"https:\/\/www.rri.ro\/fr\/nos-emissions\/linvite-du-jour\/rencontre-avec-mathilde-stagiaire-francaise-chez-rri-id1041665.html#primaryimage"},"image":{"@id":"https:\/\/www.rri.ro\/fr\/nos-emissions\/linvite-du-jour\/rencontre-avec-mathilde-stagiaire-francaise-chez-rri-id1041665.html#primaryimage"},"thumbnailUrl":"https:\/\/www.rri.ro\/wp-content\/uploads\/2026\/07\/Mathilde-Source-Julie-Capelle.jpg","datePublished":"2026-07-22T10:50:02+00:00","dateModified":"2026-07-22T15:13:28+00:00","author":{"@id":"https:\/\/www.rri.ro\/#\/schema\/person\/f678ace260ac792e538779c8b1b55da2"},"breadcrumb":{"@id":"https:\/\/www.rri.ro\/fr\/nos-emissions\/linvite-du-jour\/rencontre-avec-mathilde-stagiaire-francaise-chez-rri-id1041665.html#breadcrumb"},"inLanguage":"fr-FR","potentialAction":[{"@type":"ReadAction","target":["https:\/\/www.rri.ro\/fr\/nos-emissions\/linvite-du-jour\/rencontre-avec-mathilde-stagiaire-francaise-chez-rri-id1041665.html"]}]},{"@type":"ImageObject","inLanguage":"fr-FR","@id":"https:\/\/www.rri.ro\/fr\/nos-emissions\/linvite-du-jour\/rencontre-avec-mathilde-stagiaire-francaise-chez-rri-id1041665.html#primaryimage","url":"https:\/\/www.rri.ro\/wp-content\/uploads\/2026\/07\/Mathilde-Source-Julie-Capelle.jpg","contentUrl":"https:\/\/www.rri.ro\/wp-content\/uploads\/2026\/07\/Mathilde-Source-Julie-Capelle.jpg","width":1200,"height":675},{"@type":"BreadcrumbList","@id":"https:\/\/www.rri.ro\/fr\/nos-emissions\/linvite-du-jour\/rencontre-avec-mathilde-stagiaire-francaise-chez-rri-id1041665.html#breadcrumb","itemListElement":[{"@type":"ListItem","position":1,"name":"Page d'accueil","item":"https:\/\/www.rri.ro\/fr"},{"@type":"ListItem","position":2,"name":"Nos \u00e9missions","item":"https:\/\/www.rri.ro\/fr\/nos-emissions"},{"@type":"ListItem","position":3,"name":"L'invit\u00e9 du jour","item":"https:\/\/www.rri.ro\/fr\/nos-emissions\/linvite-du-jour"},{"@type":"ListItem","position":4,"name":"Mathilde Bromat : 6 mois d&#8217;\u00e9tudes, de d\u00e9couvertes et d&#8217;amiti\u00e9 en Roumanie"}]},{"@type":"WebSite","@id":"https:\/\/www.rri.ro\/#website","url":"https:\/\/www.rri.ro\/","name":"Radio Roumanie Internationale","description":"Totul despre Rom\u00e2nia \u015fi rom\u00e2ni, \u00een 13 limbi\/dialecte!","inLanguage":"fr-FR"},{"@type":"Person","@id":"https:\/\/www.rri.ro\/#\/schema\/person\/f678ace260ac792e538779c8b1b55da2","name":"Valentina Beleavski","url":"https:\/\/www.rri.ro\/fr\/author\/valentina-beleavski"}]}},"_links":{"self":[{"href":"https:\/\/www.rri.ro\/fr\/wp-json\/wp\/v2\/posts\/1041665","targetHints":{"allow":["GET"]}}],"collection":[{"href":"https:\/\/www.rri.ro\/fr\/wp-json\/wp\/v2\/posts"}],"about":[{"href":"https:\/\/www.rri.ro\/fr\/wp-json\/wp\/v2\/types\/post"}],"author":[{"embeddable":true,"href":"https:\/\/www.rri.ro\/fr\/wp-json\/wp\/v2\/users\/21"}],"replies":[{"embeddable":true,"href":"https:\/\/www.rri.ro\/fr\/wp-json\/wp\/v2\/comments?post=1041665"}],"version-history":[{"count":0,"href":"https:\/\/www.rri.ro\/fr\/wp-json\/wp\/v2\/posts\/1041665\/revisions"}],"wp:featuredmedia":[{"embeddable":true,"href":"https:\/\/www.rri.ro\/fr\/wp-json\/wp\/v2\/media\/1041653"}],"wp:attachment":[{"href":"https:\/\/www.rri.ro\/fr\/wp-json\/wp\/v2\/media?parent=1041665"}],"wp:term":[{"taxonomy":"category","embeddable":true,"href":"https:\/\/www.rri.ro\/fr\/wp-json\/wp\/v2\/categories?post=1041665"},{"taxonomy":"post_tag","embeddable":true,"href":"https:\/\/www.rri.ro\/fr\/wp-json\/wp\/v2\/tags?post=1041665"},{"taxonomy":"author","embeddable":true,"href":"https:\/\/www.rri.ro\/fr\/wp-json\/wp\/v2\/coauthors?post=1041665"}],"curies":[{"name":"wp","href":"https:\/\/api.w.org\/{rel}","templated":true}]}}