{"id":1055303,"date":"2026-08-31T12:45:13","date_gmt":"2026-08-31T09:45:13","guid":{"rendered":"https:\/\/www.rri.ro\/?p=1055303"},"modified":"2026-08-31T14:00:05","modified_gmt":"2026-08-31T11:00:05","slug":"lor-pour-la-roumanie-au-mondiaux-daviron-damsterdam","status":"publish","type":"post","link":"https:\/\/www.rri.ro\/fr\/actualites\/les-dossiers-de-lactualite\/lor-pour-la-roumanie-au-mondiaux-daviron-damsterdam-id1055303.html","title":{"rendered":"L&rsquo;or pour la Roumanie au Mondiaux d&rsquo;aviron d&rsquo;Amsterdam"},"content":{"rendered":"<p>Trois m\u00e9dailles d\u2019or pour la Roumanie, dont deux d\u00e9croch\u00e9es dimanche, le dernier jour du Championnat du monde d\u2019aviron d\u2019Amsterdam, gr\u00e2ce aux \u00e9quipages f\u00e9minin de 8 de pointe avec barreuse et respectivement mixte de 8 de pointe avec barreur.<\/p>\n<p>&nbsp;<\/p>\n<p>A l\u2019\u00e9preuve f\u00e9minine de 8 de pointe avec barreuse, l\u2019\u00e9quipage roumain compos\u00e9 de Cristina Drug\u0103, Geanina Juncanariu, Ancu\u0163a Bodnar, Maria Lehaci, Magdalena Rusu, Amalia Chelaru, Adriana Adam, Simona Radi\u015f et Victoria Petreanu a men\u00e9 la course d\u00e8s le d\u00e9part et jusqu\u2019\u00e0 l\u2019arriv\u00e9e. Les athl\u00e8tes roumaines ont impos\u00e9 le rythme d\u00e8s les premiers m\u00e8tres, ont domin\u00e9 l\u2019\u00e9preuve et ont franchi la ligne d\u2019arriv\u00e9e les premi\u00e8res, remportant l\u2019or et \u00e9tablissant un nouveau record du monde : 5 min 51 s 88.<\/p>\n<p>&nbsp;<\/p>\n<p>Avec 11 m\u00e9dailles d\u2019or au total \u00e0 son palmar\u00e8s, la Roumanie \u00e9gale ainsi les Etats\u2011Unis pour ce qui est du nombre de titres mondiaux \u00e0 l\u2019\u00e9preuve reine de l\u2019aviron f\u00e9minin. A Amsterdam, les Roumaines ont devanc\u00e9 la Grande\u2011Bretagne (05:52.76) et les Etats\u2011Unis (05:53.76).<\/p>\n<p>&nbsp;<\/p>\n<p>Ce dimanche encore, la Roumanie a \u00e9galement remport\u00e9 la m\u00e9daille d\u2019or dans l\u2019\u00e9preuve mixte de 8 de pointe avec barreur. C\u2019est l\u2019\u00e9quipage compos\u00e9 de Cristina Drug\u0103, Amalia Chelaru, Adriana Adam, Florin Lehaci, Cosmin Iulian Ple\u015fescu, Ciprian Tudos\u0103, \u015etefan Berariu, Simona Radi\u015f et Victoria Petreanu qui s\u2019est impos\u00e9 avec un temps de 05 min 35 s 75. Il a \u00e9t\u00e9 suivi par les Pays\u2011Bas (05:38.42) et les Etats\u2011Unis (05:38.61), dans la derni\u00e8re \u00e9preuve de la comp\u00e9tition.<\/p>\n<p>&nbsp;<\/p>\n<p>Et ce n\u2019est pas tout, les Roumaines Adriana Adam et Simona Radi\u015f ont marqu\u00e9 une premi\u00e8re dans l\u2019histoire des Championnats du monde, remportant trois m\u00e9dailles d\u2019or \u00e0 Amsterdam, les deux autres m\u00e9dailles d\u2019or remport\u00e9es vendredi \u00e0 l\u2019\u00e9preuve mixte de 8 de pointe avec barreur, et f\u00e9minine de 8 de pointe avec barreuse.<\/p>\n<p>&nbsp;<\/p>\n<p>Au classement par m\u00e9dailles aux Championnats du monde d\u2019aviron 2026, la Roumanie occupe ainsi une belle 4<sup>e<\/sup> place, avec trois titres mondiaux, derri\u00e8re les Pays\u2011Bas, l\u2019Allemagne et les Etats\u2011Unis, mais devant des nations telles que la Grande\u2011Bretagne, le Mexique et l\u2019Irlande.<\/p>\n<p>&nbsp;<\/p>\n<p>Somme toute, cette ann\u00e9e, une d\u00e9l\u00e9gation form\u00e9e de 14 \u00e9quipages regroupant 38 athl\u00e8tes a repr\u00e9sent\u00e9 la Roumanie aux Championnats du monde d\u2019aviron, organis\u00e9s du 24 au 30 ao\u00fbt \u00e0 Amsterdam.<\/p>\n<p>&nbsp;<\/p>\n<p>Rappelons-le, l\u2019ann\u00e9e derni\u00e8re, aux Championnats du monde d\u2019aviron de Shanghai, la Roumanie avait remport\u00e9 six m\u00e9dailles, dont deux d\u2019or et quatre d\u2019argent, se classant deuxi\u00e8me, derri\u00e8re les Pays\u2011Bas et devant la Grande\u2011Bretagne.<\/p>\n<p>&nbsp;<\/p>\n<p>Dimanche soir, le premier ministre par int\u00e9rim Ilie Bolojan a f\u00e9licit\u00e9 les championnes roumaines d\u2019aviron, estimant, dans un message publi\u00e9 sur un r\u00e9seau social, que ces r\u00e9sultats \u00e9taient \u00ab le fruit de longues ann\u00e9es de travail, de discipline et de sacrifices \u00bb. \u00ab Vous avez plac\u00e9 la Roumanie au premier rang mondial. Et vous nous avez apport\u00e9 une immense joie \u00bb, a conclu Ilie Bolojan. (trad. Valentina Beleavski)<\/p>\n","protected":false},"excerpt":{"rendered":"<p>Trois m\u00e9dailles d\u2019or pour la Roumanie, dont deux d\u00e9croch\u00e9es dimanche, le dernier jour du Championnat du monde d\u2019aviron d\u2019Amsterdam, gr\u00e2ce aux \u00e9quipages f\u00e9minin de 8 de pointe avec barreuse et respectivement mixte de 8 de pointe avec barreur. &nbsp; A l\u2019\u00e9preuve f\u00e9minine de 8 de pointe avec barreuse, l\u2019\u00e9quipage roumain compos\u00e9 de Cristina Drug\u0103, Geanina [&hellip;]<\/p>\n","protected":false},"author":107,"featured_media":1055234,"comment_status":"closed","ping_status":"closed","sticky":false,"template":"","format":"standard","meta":{"_acf_changed":false,"footnotes":""},"categories":[93377],"tags":[195939,90091,91547,85412],"coauthors":[113282],"class_list":["post-1055303","post","type-post","status-publish","format-standard","has-post-thumbnail","hentry","category-les-dossiers-de-lactualite","tag-amsterdam-fr","tag-aviron","tag-championnat-mondial","tag-roumanie"],"acf":[],"yoast_head":"<!-- This site is optimized with the Yoast SEO plugin v28.2 - https:\/\/yoast.com\/product\/yoast-seo-wordpress\/ -->\n<title>L&#039;or pour la Roumanie au Mondiaux d&#039;aviron d&#039;Amsterdam - Radio Roumanie Internationale<\/title>\n<meta name=\"robots\" content=\"index, follow, max-snippet:-1, max-image-preview:large, max-video-preview:-1\" \/>\n<link rel=\"canonical\" href=\"https:\/\/www.rri.ro\/fr\/actualites\/les-dossiers-de-lactualite\/lor-pour-la-roumanie-au-mondiaux-daviron-damsterdam-id1055303.html\" \/>\n<meta property=\"og:locale\" content=\"fr_FR\" \/>\n<meta property=\"og:type\" content=\"article\" \/>\n<meta property=\"og:title\" content=\"L&#039;or pour la Roumanie au Mondiaux d&#039;aviron d&#039;Amsterdam - Radio Roumanie Internationale\" \/>\n<meta property=\"og:description\" content=\"Trois m\u00e9dailles d\u2019or pour la Roumanie, dont deux d\u00e9croch\u00e9es dimanche, le dernier jour du Championnat du monde d\u2019aviron d\u2019Amsterdam, gr\u00e2ce aux \u00e9quipages f\u00e9minin de 8 de pointe avec barreuse et respectivement mixte de 8 de pointe avec barreur. &nbsp; A l\u2019\u00e9preuve f\u00e9minine de 8 de pointe avec barreuse, l\u2019\u00e9quipage roumain compos\u00e9 de Cristina Drug\u0103, Geanina [&hellip;]\" \/>\n<meta property=\"og:url\" content=\"https:\/\/www.rri.ro\/fr\/actualites\/les-dossiers-de-lactualite\/lor-pour-la-roumanie-au-mondiaux-daviron-damsterdam-id1055303.html\" \/>\n<meta property=\"og:site_name\" content=\"Radio Roumanie Internationale\" \/>\n<meta property=\"article:published_time\" content=\"2026-08-31T09:45:13+00:00\" \/>\n<meta property=\"article:modified_time\" content=\"2026-08-31T11:00:05+00:00\" \/>\n<meta property=\"og:image\" content=\"https:\/\/www.rri.ro\/wp-content\/uploads\/2026\/08\/aur-canotaj-romania-la-amsterdam-foto-fb-fr-canotaj_16x9.jpg\" \/>\n\t<meta property=\"og:image:width\" content=\"1200\" \/>\n\t<meta property=\"og:image:height\" content=\"675\" \/>\n\t<meta property=\"og:image:type\" content=\"image\/jpeg\" \/>\n<meta name=\"author\" content=\"Daniela Budu\" \/>\n<meta name=\"twitter:card\" content=\"summary_large_image\" \/>\n<meta name=\"twitter:label1\" content=\"\u00c9crit par\" \/>\n\t<meta name=\"twitter:data1\" content=\"Daniela Budu\" \/>\n\t<meta name=\"twitter:label2\" content=\"Dur\u00e9e de lecture estim\u00e9e\" \/>\n\t<meta name=\"twitter:data2\" content=\"3 minutes\" \/>\n\t<meta name=\"twitter:label3\" content=\"Written by\" \/>\n\t<meta name=\"twitter:data3\" content=\"Daniela Budu\" \/>\n<script type=\"application\/ld+json\" class=\"yoast-schema-graph\">{\"@context\":\"https:\\\/\\\/schema.org\",\"@graph\":[{\"@type\":\"Article\",\"@id\":\"https:\\\/\\\/www.rri.ro\\\/fr\\\/actualites\\\/les-dossiers-de-lactualite\\\/lor-pour-la-roumanie-au-mondiaux-daviron-damsterdam-id1055303.html#article\",\"isPartOf\":{\"@id\":\"https:\\\/\\\/www.rri.ro\\\/fr\\\/actualites\\\/les-dossiers-de-lactualite\\\/lor-pour-la-roumanie-au-mondiaux-daviron-damsterdam-id1055303.html\"},\"author\":{\"name\":\"Daniela Budu\",\"@id\":\"https:\\\/\\\/www.rri.ro\\\/#\\\/schema\\\/person\\\/b46b8f80d7d6e4b5ac9f14f0acbad0c4\"},\"headline\":\"L&rsquo;or pour la Roumanie au Mondiaux d&rsquo;aviron d&rsquo;Amsterdam\",\"datePublished\":\"2026-08-31T09:45:13+00:00\",\"dateModified\":\"2026-08-31T11:00:05+00:00\",\"mainEntityOfPage\":{\"@id\":\"https:\\\/\\\/www.rri.ro\\\/fr\\\/actualites\\\/les-dossiers-de-lactualite\\\/lor-pour-la-roumanie-au-mondiaux-daviron-damsterdam-id1055303.html\"},\"wordCount\":533,\"image\":{\"@id\":\"https:\\\/\\\/www.rri.ro\\\/fr\\\/actualites\\\/les-dossiers-de-lactualite\\\/lor-pour-la-roumanie-au-mondiaux-daviron-damsterdam-id1055303.html#primaryimage\"},\"thumbnailUrl\":\"https:\\\/\\\/www.rri.ro\\\/wp-content\\\/uploads\\\/2026\\\/08\\\/aur-canotaj-romania-la-amsterdam-foto-fb-fr-canotaj_16x9.jpg\",\"keywords\":[\"Amsterdam\",\"aviron\",\"Championnat mondial\",\"Roumanie\"],\"articleSection\":[\"Les dossiers de l'actualit\u00e9\"],\"inLanguage\":\"fr-FR\"},{\"@type\":\"WebPage\",\"@id\":\"https:\\\/\\\/www.rri.ro\\\/fr\\\/actualites\\\/les-dossiers-de-lactualite\\\/lor-pour-la-roumanie-au-mondiaux-daviron-damsterdam-id1055303.html\",\"url\":\"https:\\\/\\\/www.rri.ro\\\/fr\\\/actualites\\\/les-dossiers-de-lactualite\\\/lor-pour-la-roumanie-au-mondiaux-daviron-damsterdam-id1055303.html\",\"name\":\"L'or pour la Roumanie au Mondiaux d'aviron d'Amsterdam - Radio Roumanie Internationale\",\"isPartOf\":{\"@id\":\"https:\\\/\\\/www.rri.ro\\\/#website\"},\"primaryImageOfPage\":{\"@id\":\"https:\\\/\\\/www.rri.ro\\\/fr\\\/actualites\\\/les-dossiers-de-lactualite\\\/lor-pour-la-roumanie-au-mondiaux-daviron-damsterdam-id1055303.html#primaryimage\"},\"image\":{\"@id\":\"https:\\\/\\\/www.rri.ro\\\/fr\\\/actualites\\\/les-dossiers-de-lactualite\\\/lor-pour-la-roumanie-au-mondiaux-daviron-damsterdam-id1055303.html#primaryimage\"},\"thumbnailUrl\":\"https:\\\/\\\/www.rri.ro\\\/wp-content\\\/uploads\\\/2026\\\/08\\\/aur-canotaj-romania-la-amsterdam-foto-fb-fr-canotaj_16x9.jpg\",\"datePublished\":\"2026-08-31T09:45:13+00:00\",\"dateModified\":\"2026-08-31T11:00:05+00:00\",\"author\":{\"@id\":\"https:\\\/\\\/www.rri.ro\\\/#\\\/schema\\\/person\\\/b46b8f80d7d6e4b5ac9f14f0acbad0c4\"},\"breadcrumb\":{\"@id\":\"https:\\\/\\\/www.rri.ro\\\/fr\\\/actualites\\\/les-dossiers-de-lactualite\\\/lor-pour-la-roumanie-au-mondiaux-daviron-damsterdam-id1055303.html#breadcrumb\"},\"inLanguage\":\"fr-FR\",\"potentialAction\":[{\"@type\":\"ReadAction\",\"target\":[\"https:\\\/\\\/www.rri.ro\\\/fr\\\/actualites\\\/les-dossiers-de-lactualite\\\/lor-pour-la-roumanie-au-mondiaux-daviron-damsterdam-id1055303.html\"]}]},{\"@type\":\"ImageObject\",\"inLanguage\":\"fr-FR\",\"@id\":\"https:\\\/\\\/www.rri.ro\\\/fr\\\/actualites\\\/les-dossiers-de-lactualite\\\/lor-pour-la-roumanie-au-mondiaux-daviron-damsterdam-id1055303.html#primaryimage\",\"url\":\"https:\\\/\\\/www.rri.ro\\\/wp-content\\\/uploads\\\/2026\\\/08\\\/aur-canotaj-romania-la-amsterdam-foto-fb-fr-canotaj_16x9.jpg\",\"contentUrl\":\"https:\\\/\\\/www.rri.ro\\\/wp-content\\\/uploads\\\/2026\\\/08\\\/aur-canotaj-romania-la-amsterdam-foto-fb-fr-canotaj_16x9.jpg\",\"width\":1200,\"height\":675,\"caption\":\"Oro per il canottaggio romeno (foto: Federatia Romana De Canotaj \\\/ Facebook)\"},{\"@type\":\"BreadcrumbList\",\"@id\":\"https:\\\/\\\/www.rri.ro\\\/fr\\\/actualites\\\/les-dossiers-de-lactualite\\\/lor-pour-la-roumanie-au-mondiaux-daviron-damsterdam-id1055303.html#breadcrumb\",\"itemListElement\":[{\"@type\":\"ListItem\",\"position\":1,\"name\":\"Page d'accueil\",\"item\":\"https:\\\/\\\/www.rri.ro\\\/fr\"},{\"@type\":\"ListItem\",\"position\":2,\"name\":\"Actualit\u00e9s\",\"item\":\"https:\\\/\\\/www.rri.ro\\\/fr\\\/actualites\"},{\"@type\":\"ListItem\",\"position\":3,\"name\":\"Les dossiers de l'actualit\u00e9\",\"item\":\"https:\\\/\\\/www.rri.ro\\\/fr\\\/actualites\\\/les-dossiers-de-lactualite\"},{\"@type\":\"ListItem\",\"position\":4,\"name\":\"L&#8217;or pour la Roumanie au Mondiaux d&#8217;aviron d&#8217;Amsterdam\"}]},{\"@type\":\"WebSite\",\"@id\":\"https:\\\/\\\/www.rri.ro\\\/#website\",\"url\":\"https:\\\/\\\/www.rri.ro\\\/\",\"name\":\"Radio Roumanie Internationale\",\"description\":\"Totul despre Rom\u00e2nia \u015fi rom\u00e2ni, \u00een 13 limbi\\\/dialecte!\",\"inLanguage\":\"fr-FR\"},{\"@type\":\"Person\",\"@id\":\"https:\\\/\\\/www.rri.ro\\\/#\\\/schema\\\/person\\\/b46b8f80d7d6e4b5ac9f14f0acbad0c4\",\"name\":\"Daniela Budu\",\"url\":\"https:\\\/\\\/www.rri.ro\\\/fr\\\/author\\\/daniela-budu\"}]}<\/script>\n<!-- \/ Yoast SEO plugin. -->","yoast_head_json":{"title":"L'or pour la Roumanie au Mondiaux d'aviron d'Amsterdam - Radio Roumanie Internationale","robots":{"index":"index","follow":"follow","max-snippet":"max-snippet:-1","max-image-preview":"max-image-preview:large","max-video-preview":"max-video-preview:-1"},"canonical":"https:\/\/www.rri.ro\/fr\/actualites\/les-dossiers-de-lactualite\/lor-pour-la-roumanie-au-mondiaux-daviron-damsterdam-id1055303.html","og_locale":"fr_FR","og_type":"article","og_title":"L'or pour la Roumanie au Mondiaux d'aviron d'Amsterdam - Radio Roumanie Internationale","og_description":"Trois m\u00e9dailles d\u2019or pour la Roumanie, dont deux d\u00e9croch\u00e9es dimanche, le dernier jour du Championnat du monde d\u2019aviron d\u2019Amsterdam, gr\u00e2ce aux \u00e9quipages f\u00e9minin de 8 de pointe avec barreuse et respectivement mixte de 8 de pointe avec barreur. &nbsp; A l\u2019\u00e9preuve f\u00e9minine de 8 de pointe avec barreuse, l\u2019\u00e9quipage roumain compos\u00e9 de Cristina Drug\u0103, Geanina [&hellip;]","og_url":"https:\/\/www.rri.ro\/fr\/actualites\/les-dossiers-de-lactualite\/lor-pour-la-roumanie-au-mondiaux-daviron-damsterdam-id1055303.html","og_site_name":"Radio Roumanie Internationale","article_published_time":"2026-08-31T09:45:13+00:00","article_modified_time":"2026-08-31T11:00:05+00:00","og_image":[{"width":1200,"height":675,"url":"https:\/\/www.rri.ro\/wp-content\/uploads\/2026\/08\/aur-canotaj-romania-la-amsterdam-foto-fb-fr-canotaj_16x9.jpg","type":"image\/jpeg"}],"author":"Daniela Budu","twitter_card":"summary_large_image","twitter_misc":{"\u00c9crit par":"Daniela Budu","Dur\u00e9e de lecture estim\u00e9e":"3 minutes","Written by":"Daniela Budu"},"schema":{"@context":"https:\/\/schema.org","@graph":[{"@type":"Article","@id":"https:\/\/www.rri.ro\/fr\/actualites\/les-dossiers-de-lactualite\/lor-pour-la-roumanie-au-mondiaux-daviron-damsterdam-id1055303.html#article","isPartOf":{"@id":"https:\/\/www.rri.ro\/fr\/actualites\/les-dossiers-de-lactualite\/lor-pour-la-roumanie-au-mondiaux-daviron-damsterdam-id1055303.html"},"author":{"name":"Daniela Budu","@id":"https:\/\/www.rri.ro\/#\/schema\/person\/b46b8f80d7d6e4b5ac9f14f0acbad0c4"},"headline":"L&rsquo;or pour la Roumanie au Mondiaux d&rsquo;aviron d&rsquo;Amsterdam","datePublished":"2026-08-31T09:45:13+00:00","dateModified":"2026-08-31T11:00:05+00:00","mainEntityOfPage":{"@id":"https:\/\/www.rri.ro\/fr\/actualites\/les-dossiers-de-lactualite\/lor-pour-la-roumanie-au-mondiaux-daviron-damsterdam-id1055303.html"},"wordCount":533,"image":{"@id":"https:\/\/www.rri.ro\/fr\/actualites\/les-dossiers-de-lactualite\/lor-pour-la-roumanie-au-mondiaux-daviron-damsterdam-id1055303.html#primaryimage"},"thumbnailUrl":"https:\/\/www.rri.ro\/wp-content\/uploads\/2026\/08\/aur-canotaj-romania-la-amsterdam-foto-fb-fr-canotaj_16x9.jpg","keywords":["Amsterdam","aviron","Championnat mondial","Roumanie"],"articleSection":["Les dossiers de l'actualit\u00e9"],"inLanguage":"fr-FR"},{"@type":"WebPage","@id":"https:\/\/www.rri.ro\/fr\/actualites\/les-dossiers-de-lactualite\/lor-pour-la-roumanie-au-mondiaux-daviron-damsterdam-id1055303.html","url":"https:\/\/www.rri.ro\/fr\/actualites\/les-dossiers-de-lactualite\/lor-pour-la-roumanie-au-mondiaux-daviron-damsterdam-id1055303.html","name":"L'or pour la Roumanie au Mondiaux d'aviron d'Amsterdam - Radio Roumanie Internationale","isPartOf":{"@id":"https:\/\/www.rri.ro\/#website"},"primaryImageOfPage":{"@id":"https:\/\/www.rri.ro\/fr\/actualites\/les-dossiers-de-lactualite\/lor-pour-la-roumanie-au-mondiaux-daviron-damsterdam-id1055303.html#primaryimage"},"image":{"@id":"https:\/\/www.rri.ro\/fr\/actualites\/les-dossiers-de-lactualite\/lor-pour-la-roumanie-au-mondiaux-daviron-damsterdam-id1055303.html#primaryimage"},"thumbnailUrl":"https:\/\/www.rri.ro\/wp-content\/uploads\/2026\/08\/aur-canotaj-romania-la-amsterdam-foto-fb-fr-canotaj_16x9.jpg","datePublished":"2026-08-31T09:45:13+00:00","dateModified":"2026-08-31T11:00:05+00:00","author":{"@id":"https:\/\/www.rri.ro\/#\/schema\/person\/b46b8f80d7d6e4b5ac9f14f0acbad0c4"},"breadcrumb":{"@id":"https:\/\/www.rri.ro\/fr\/actualites\/les-dossiers-de-lactualite\/lor-pour-la-roumanie-au-mondiaux-daviron-damsterdam-id1055303.html#breadcrumb"},"inLanguage":"fr-FR","potentialAction":[{"@type":"ReadAction","target":["https:\/\/www.rri.ro\/fr\/actualites\/les-dossiers-de-lactualite\/lor-pour-la-roumanie-au-mondiaux-daviron-damsterdam-id1055303.html"]}]},{"@type":"ImageObject","inLanguage":"fr-FR","@id":"https:\/\/www.rri.ro\/fr\/actualites\/les-dossiers-de-lactualite\/lor-pour-la-roumanie-au-mondiaux-daviron-damsterdam-id1055303.html#primaryimage","url":"https:\/\/www.rri.ro\/wp-content\/uploads\/2026\/08\/aur-canotaj-romania-la-amsterdam-foto-fb-fr-canotaj_16x9.jpg","contentUrl":"https:\/\/www.rri.ro\/wp-content\/uploads\/2026\/08\/aur-canotaj-romania-la-amsterdam-foto-fb-fr-canotaj_16x9.jpg","width":1200,"height":675,"caption":"Oro per il canottaggio romeno (foto: Federatia Romana De Canotaj \/ Facebook)"},{"@type":"BreadcrumbList","@id":"https:\/\/www.rri.ro\/fr\/actualites\/les-dossiers-de-lactualite\/lor-pour-la-roumanie-au-mondiaux-daviron-damsterdam-id1055303.html#breadcrumb","itemListElement":[{"@type":"ListItem","position":1,"name":"Page d'accueil","item":"https:\/\/www.rri.ro\/fr"},{"@type":"ListItem","position":2,"name":"Actualit\u00e9s","item":"https:\/\/www.rri.ro\/fr\/actualites"},{"@type":"ListItem","position":3,"name":"Les dossiers de l'actualit\u00e9","item":"https:\/\/www.rri.ro\/fr\/actualites\/les-dossiers-de-lactualite"},{"@type":"ListItem","position":4,"name":"L&#8217;or pour la Roumanie au Mondiaux d&#8217;aviron d&#8217;Amsterdam"}]},{"@type":"WebSite","@id":"https:\/\/www.rri.ro\/#website","url":"https:\/\/www.rri.ro\/","name":"Radio Roumanie Internationale","description":"Totul despre Rom\u00e2nia \u015fi rom\u00e2ni, \u00een 13 limbi\/dialecte!","inLanguage":"fr-FR"},{"@type":"Person","@id":"https:\/\/www.rri.ro\/#\/schema\/person\/b46b8f80d7d6e4b5ac9f14f0acbad0c4","name":"Daniela Budu","url":"https:\/\/www.rri.ro\/fr\/author\/daniela-budu"}]}},"_links":{"self":[{"href":"https:\/\/www.rri.ro\/fr\/wp-json\/wp\/v2\/posts\/1055303","targetHints":{"allow":["GET"]}}],"collection":[{"href":"https:\/\/www.rri.ro\/fr\/wp-json\/wp\/v2\/posts"}],"about":[{"href":"https:\/\/www.rri.ro\/fr\/wp-json\/wp\/v2\/types\/post"}],"author":[{"embeddable":true,"href":"https:\/\/www.rri.ro\/fr\/wp-json\/wp\/v2\/users\/107"}],"replies":[{"embeddable":true,"href":"https:\/\/www.rri.ro\/fr\/wp-json\/wp\/v2\/comments?post=1055303"}],"version-history":[{"count":3,"href":"https:\/\/www.rri.ro\/fr\/wp-json\/wp\/v2\/posts\/1055303\/revisions"}],"predecessor-version":[{"id":1055340,"href":"https:\/\/www.rri.ro\/fr\/wp-json\/wp\/v2\/posts\/1055303\/revisions\/1055340"}],"wp:featuredmedia":[{"embeddable":true,"href":"https:\/\/www.rri.ro\/fr\/wp-json\/wp\/v2\/media\/1055234"}],"wp:attachment":[{"href":"https:\/\/www.rri.ro\/fr\/wp-json\/wp\/v2\/media?parent=1055303"}],"wp:term":[{"taxonomy":"category","embeddable":true,"href":"https:\/\/www.rri.ro\/fr\/wp-json\/wp\/v2\/categories?post=1055303"},{"taxonomy":"post_tag","embeddable":true,"href":"https:\/\/www.rri.ro\/fr\/wp-json\/wp\/v2\/tags?post=1055303"},{"taxonomy":"author","embeddable":true,"href":"https:\/\/www.rri.ro\/fr\/wp-json\/wp\/v2\/coauthors?post=1055303"}],"curies":[{"name":"wp","href":"https:\/\/api.w.org\/{rel}","templated":true}]}}