{"id":1055338,"date":"2026-08-31T14:26:17","date_gmt":"2026-08-31T11:26:17","guid":{"rendered":"https:\/\/www.rri.ro\/?p=1055338"},"modified":"2026-08-31T14:26:17","modified_gmt":"2026-08-31T11:26:17","slug":"ecoutez-lemission-du-31-08-2026","status":"publish","type":"post","link":"https:\/\/www.rri.ro\/fr\/ecoutez-rri\/lemission-du-jour\/ecoutez-lemission-du-31-08-2026-id1055338.html","title":{"rendered":"Ecoutez l&rsquo;\u00e9mission du 31.08.2026"},"content":{"rendered":"<p>Ce lundi, les journalistes de RRI vous proposent\u00a0 d\u2019abord un tour d&rsquo;horizon de l\u2019actualit\u00e9 roumaine dans le Journal de RRI, avant de revenir sur les performances remarquables des \u00e9quipages roumains aux Championnats du monde d\u2019aviron d\u2019Amsterdam.\u00a0Notre dossier \u00ab\u00a0histoire\u00a0\u00bb explore ensuite les mensonges \u00e9conomiques diffus\u00e9s par les autorit\u00e9s communistes, entre statistiques truqu\u00e9es et propagande industrielle.\u00a0La s\u00e9quence \u00e9cologie pr\u00e9sente un projet invitant les Roumains \u00e0 adopter un arbre, une initiative citoyenne qui encourage la protection des espaces verts.\u00a0L\u2019\u00e9mission se poursuit avec de la musique folk roumaine sign\u00e9e Florian Pitti\u015f et Tatiana Stepa, deux voix embl\u00e9matiques de la sc\u00e8ne roumaine.\u00a0Enfin, au micro de RRI, Romane Gr\u00e9ard, une jeune Fran\u00e7aise, \u00e9tudiante en journalisme, raconte son s\u00e9jour de trois mois en Roumanie, ses d\u00e9couvertes et ce que cette immersion change dans son regard sur le pays. Bonne \u00e9coute!<\/p>\n<p>&nbsp;<\/p>\n<div style=\"width: 100%; max-width: 960px; margin: 0 auto;\"><iframe style=\"display: block; width: 100%; height: 160px; border: 0;\" title=\"Emission du 31.08.2026\" src=\"https:\/\/mediahub.srr.ro\/e\/vLH2HWh5aS\"><br \/>\n<\/iframe><\/div>\n<p>&nbsp;<\/p>\n","protected":false},"excerpt":{"rendered":"<p>Ce lundi, les journalistes de RRI vous proposent\u00a0 d\u2019abord un tour d&rsquo;horizon de l\u2019actualit\u00e9 roumaine dans le Journal de RRI, avant de revenir sur les performances remarquables des \u00e9quipages roumains aux Championnats du monde d\u2019aviron d\u2019Amsterdam.\u00a0Notre dossier \u00ab\u00a0histoire\u00a0\u00bb explore ensuite les mensonges \u00e9conomiques diffus\u00e9s par les autorit\u00e9s communistes, entre statistiques truqu\u00e9es et propagande industrielle.\u00a0La s\u00e9quence [&hellip;]<\/p>\n","protected":false},"author":204,"featured_media":809580,"comment_status":"closed","ping_status":"closed","sticky":false,"template":"","format":"audio","meta":{"_acf_changed":false,"footnotes":""},"categories":[132195],"tags":[],"coauthors":[116693],"class_list":["post-1055338","post","type-post","status-publish","format-audio","has-post-thumbnail","hentry","category-lemission-du-jour","post_format-post-format-audio"],"acf":[],"yoast_head":"<!-- This site is optimized with the Yoast SEO plugin v28.2 - https:\/\/yoast.com\/product\/yoast-seo-wordpress\/ -->\n<title>Ecoutez l&#039;\u00e9mission du 31.08.2026 - Radio Roumanie Internationale<\/title>\n<meta name=\"robots\" content=\"index, follow, max-snippet:-1, max-image-preview:large, max-video-preview:-1\" \/>\n<link rel=\"canonical\" href=\"https:\/\/www.rri.ro\/fr\/ecoutez-rri\/lemission-du-jour\/ecoutez-lemission-du-31-08-2026-id1055338.html\" \/>\n<meta property=\"og:locale\" content=\"fr_FR\" \/>\n<meta property=\"og:type\" content=\"article\" \/>\n<meta property=\"og:title\" content=\"Ecoutez l&#039;\u00e9mission du 31.08.2026 - Radio Roumanie Internationale\" \/>\n<meta property=\"og:description\" content=\"Ce lundi, les journalistes de RRI vous proposent\u00a0 d\u2019abord un tour d&rsquo;horizon de l\u2019actualit\u00e9 roumaine dans le Journal de RRI, avant de revenir sur les performances remarquables des \u00e9quipages roumains aux Championnats du monde d\u2019aviron d\u2019Amsterdam.\u00a0Notre dossier \u00ab\u00a0histoire\u00a0\u00bb explore ensuite les mensonges \u00e9conomiques diffus\u00e9s par les autorit\u00e9s communistes, entre statistiques truqu\u00e9es et propagande industrielle.\u00a0La s\u00e9quence [&hellip;]\" \/>\n<meta property=\"og:url\" content=\"https:\/\/www.rri.ro\/fr\/ecoutez-rri\/lemission-du-jour\/ecoutez-lemission-du-31-08-2026-id1055338.html\" \/>\n<meta property=\"og:site_name\" content=\"Radio Roumanie Internationale\" \/>\n<meta property=\"article:published_time\" content=\"2026-08-31T11:26:17+00:00\" \/>\n<meta property=\"og:image\" content=\"https:\/\/www.rri.ro\/wp-content\/uploads\/2024\/09\/ucra-microfon-rri-dimensiune-mare-scaled-1.jpg\" \/>\n\t<meta property=\"og:image:width\" content=\"2560\" \/>\n\t<meta property=\"og:image:height\" content=\"1483\" \/>\n\t<meta property=\"og:image:type\" content=\"image\/jpeg\" \/>\n<meta name=\"author\" content=\"Radio Rom\u00e2nia Interna\u021bional\" \/>\n<meta name=\"twitter:card\" content=\"summary_large_image\" \/>\n<meta name=\"twitter:label1\" content=\"\u00c9crit par\" \/>\n\t<meta name=\"twitter:data1\" content=\"Radio Rom\u00e2nia Interna\u021bional\" \/>\n\t<meta name=\"twitter:label2\" content=\"Dur\u00e9e de lecture estim\u00e9e\" \/>\n\t<meta name=\"twitter:data2\" content=\"1 minute\" \/>\n\t<meta name=\"twitter:label3\" content=\"Written by\" \/>\n\t<meta name=\"twitter:data3\" content=\"Radio Rom\u00e2nia Interna\u021bional\" \/>\n<script type=\"application\/ld+json\" class=\"yoast-schema-graph\">{\"@context\":\"https:\\\/\\\/schema.org\",\"@graph\":[{\"@type\":\"Article\",\"@id\":\"https:\\\/\\\/www.rri.ro\\\/fr\\\/ecoutez-rri\\\/lemission-du-jour\\\/ecoutez-lemission-du-31-08-2026-id1055338.html#article\",\"isPartOf\":{\"@id\":\"https:\\\/\\\/www.rri.ro\\\/fr\\\/ecoutez-rri\\\/lemission-du-jour\\\/ecoutez-lemission-du-31-08-2026-id1055338.html\"},\"author\":{\"name\":\"Radio Rom\u00e2nia Interna\u021bional\",\"@id\":\"https:\\\/\\\/www.rri.ro\\\/#\\\/schema\\\/person\\\/b195bd7930c756fef3f8a96bc79e0437\"},\"headline\":\"Ecoutez l&rsquo;\u00e9mission du 31.08.2026\",\"datePublished\":\"2026-08-31T11:26:17+00:00\",\"mainEntityOfPage\":{\"@id\":\"https:\\\/\\\/www.rri.ro\\\/fr\\\/ecoutez-rri\\\/lemission-du-jour\\\/ecoutez-lemission-du-31-08-2026-id1055338.html\"},\"wordCount\":160,\"image\":{\"@id\":\"https:\\\/\\\/www.rri.ro\\\/fr\\\/ecoutez-rri\\\/lemission-du-jour\\\/ecoutez-lemission-du-31-08-2026-id1055338.html#primaryimage\"},\"thumbnailUrl\":\"https:\\\/\\\/www.rri.ro\\\/wp-content\\\/uploads\\\/2024\\\/09\\\/ucra-microfon-rri-dimensiune-mare-scaled-1.jpg\",\"articleSection\":[\"L'\u00e9mission du jour\"],\"inLanguage\":\"fr-FR\"},{\"@type\":\"WebPage\",\"@id\":\"https:\\\/\\\/www.rri.ro\\\/fr\\\/ecoutez-rri\\\/lemission-du-jour\\\/ecoutez-lemission-du-31-08-2026-id1055338.html\",\"url\":\"https:\\\/\\\/www.rri.ro\\\/fr\\\/ecoutez-rri\\\/lemission-du-jour\\\/ecoutez-lemission-du-31-08-2026-id1055338.html\",\"name\":\"Ecoutez l'\u00e9mission du 31.08.2026 - Radio Roumanie Internationale\",\"isPartOf\":{\"@id\":\"https:\\\/\\\/www.rri.ro\\\/#website\"},\"primaryImageOfPage\":{\"@id\":\"https:\\\/\\\/www.rri.ro\\\/fr\\\/ecoutez-rri\\\/lemission-du-jour\\\/ecoutez-lemission-du-31-08-2026-id1055338.html#primaryimage\"},\"image\":{\"@id\":\"https:\\\/\\\/www.rri.ro\\\/fr\\\/ecoutez-rri\\\/lemission-du-jour\\\/ecoutez-lemission-du-31-08-2026-id1055338.html#primaryimage\"},\"thumbnailUrl\":\"https:\\\/\\\/www.rri.ro\\\/wp-content\\\/uploads\\\/2024\\\/09\\\/ucra-microfon-rri-dimensiune-mare-scaled-1.jpg\",\"datePublished\":\"2026-08-31T11:26:17+00:00\",\"author\":{\"@id\":\"https:\\\/\\\/www.rri.ro\\\/#\\\/schema\\\/person\\\/b195bd7930c756fef3f8a96bc79e0437\"},\"breadcrumb\":{\"@id\":\"https:\\\/\\\/www.rri.ro\\\/fr\\\/ecoutez-rri\\\/lemission-du-jour\\\/ecoutez-lemission-du-31-08-2026-id1055338.html#breadcrumb\"},\"inLanguage\":\"fr-FR\",\"potentialAction\":[{\"@type\":\"ReadAction\",\"target\":[\"https:\\\/\\\/www.rri.ro\\\/fr\\\/ecoutez-rri\\\/lemission-du-jour\\\/ecoutez-lemission-du-31-08-2026-id1055338.html\"]}]},{\"@type\":\"ImageObject\",\"inLanguage\":\"fr-FR\",\"@id\":\"https:\\\/\\\/www.rri.ro\\\/fr\\\/ecoutez-rri\\\/lemission-du-jour\\\/ecoutez-lemission-du-31-08-2026-id1055338.html#primaryimage\",\"url\":\"https:\\\/\\\/www.rri.ro\\\/wp-content\\\/uploads\\\/2024\\\/09\\\/ucra-microfon-rri-dimensiune-mare-scaled-1.jpg\",\"contentUrl\":\"https:\\\/\\\/www.rri.ro\\\/wp-content\\\/uploads\\\/2024\\\/09\\\/ucra-microfon-rri-dimensiune-mare-scaled-1.jpg\",\"width\":2560,\"height\":1483},{\"@type\":\"BreadcrumbList\",\"@id\":\"https:\\\/\\\/www.rri.ro\\\/fr\\\/ecoutez-rri\\\/lemission-du-jour\\\/ecoutez-lemission-du-31-08-2026-id1055338.html#breadcrumb\",\"itemListElement\":[{\"@type\":\"ListItem\",\"position\":1,\"name\":\"Page d'accueil\",\"item\":\"https:\\\/\\\/www.rri.ro\\\/fr\"},{\"@type\":\"ListItem\",\"position\":2,\"name\":\"Ecoutez RRI\",\"item\":\"https:\\\/\\\/www.rri.ro\\\/fr\\\/ecoutez-rri\"},{\"@type\":\"ListItem\",\"position\":3,\"name\":\"L'\u00e9mission du jour\",\"item\":\"https:\\\/\\\/www.rri.ro\\\/fr\\\/ecoutez-rri\\\/lemission-du-jour\"},{\"@type\":\"ListItem\",\"position\":4,\"name\":\"Ecoutez l&#8217;\u00e9mission du 31.08.2026\"}]},{\"@type\":\"WebSite\",\"@id\":\"https:\\\/\\\/www.rri.ro\\\/#website\",\"url\":\"https:\\\/\\\/www.rri.ro\\\/\",\"name\":\"Radio Roumanie Internationale\",\"description\":\"Totul despre Rom\u00e2nia \u015fi rom\u00e2ni, \u00een 13 limbi\\\/dialecte!\",\"inLanguage\":\"fr-FR\"},{\"@type\":\"Person\",\"@id\":\"https:\\\/\\\/www.rri.ro\\\/#\\\/schema\\\/person\\\/b195bd7930c756fef3f8a96bc79e0437\",\"name\":\"Radio Rom\u00e2nia Interna\u021bional\",\"url\":\"https:\\\/\\\/www.rri.ro\\\/fr\\\/author\\\/rri\"}]}<\/script>\n<!-- \/ Yoast SEO plugin. -->","yoast_head_json":{"title":"Ecoutez l'\u00e9mission du 31.08.2026 - Radio Roumanie Internationale","robots":{"index":"index","follow":"follow","max-snippet":"max-snippet:-1","max-image-preview":"max-image-preview:large","max-video-preview":"max-video-preview:-1"},"canonical":"https:\/\/www.rri.ro\/fr\/ecoutez-rri\/lemission-du-jour\/ecoutez-lemission-du-31-08-2026-id1055338.html","og_locale":"fr_FR","og_type":"article","og_title":"Ecoutez l'\u00e9mission du 31.08.2026 - Radio Roumanie Internationale","og_description":"Ce lundi, les journalistes de RRI vous proposent\u00a0 d\u2019abord un tour d&rsquo;horizon de l\u2019actualit\u00e9 roumaine dans le Journal de RRI, avant de revenir sur les performances remarquables des \u00e9quipages roumains aux Championnats du monde d\u2019aviron d\u2019Amsterdam.\u00a0Notre dossier \u00ab\u00a0histoire\u00a0\u00bb explore ensuite les mensonges \u00e9conomiques diffus\u00e9s par les autorit\u00e9s communistes, entre statistiques truqu\u00e9es et propagande industrielle.\u00a0La s\u00e9quence [&hellip;]","og_url":"https:\/\/www.rri.ro\/fr\/ecoutez-rri\/lemission-du-jour\/ecoutez-lemission-du-31-08-2026-id1055338.html","og_site_name":"Radio Roumanie Internationale","article_published_time":"2026-08-31T11:26:17+00:00","og_image":[{"width":2560,"height":1483,"url":"https:\/\/www.rri.ro\/wp-content\/uploads\/2024\/09\/ucra-microfon-rri-dimensiune-mare-scaled-1.jpg","type":"image\/jpeg"}],"author":"Radio Rom\u00e2nia Interna\u021bional","twitter_card":"summary_large_image","twitter_misc":{"\u00c9crit par":"Radio Rom\u00e2nia Interna\u021bional","Dur\u00e9e de lecture estim\u00e9e":"1 minute","Written by":"Radio Rom\u00e2nia Interna\u021bional"},"schema":{"@context":"https:\/\/schema.org","@graph":[{"@type":"Article","@id":"https:\/\/www.rri.ro\/fr\/ecoutez-rri\/lemission-du-jour\/ecoutez-lemission-du-31-08-2026-id1055338.html#article","isPartOf":{"@id":"https:\/\/www.rri.ro\/fr\/ecoutez-rri\/lemission-du-jour\/ecoutez-lemission-du-31-08-2026-id1055338.html"},"author":{"name":"Radio Rom\u00e2nia Interna\u021bional","@id":"https:\/\/www.rri.ro\/#\/schema\/person\/b195bd7930c756fef3f8a96bc79e0437"},"headline":"Ecoutez l&rsquo;\u00e9mission du 31.08.2026","datePublished":"2026-08-31T11:26:17+00:00","mainEntityOfPage":{"@id":"https:\/\/www.rri.ro\/fr\/ecoutez-rri\/lemission-du-jour\/ecoutez-lemission-du-31-08-2026-id1055338.html"},"wordCount":160,"image":{"@id":"https:\/\/www.rri.ro\/fr\/ecoutez-rri\/lemission-du-jour\/ecoutez-lemission-du-31-08-2026-id1055338.html#primaryimage"},"thumbnailUrl":"https:\/\/www.rri.ro\/wp-content\/uploads\/2024\/09\/ucra-microfon-rri-dimensiune-mare-scaled-1.jpg","articleSection":["L'\u00e9mission du jour"],"inLanguage":"fr-FR"},{"@type":"WebPage","@id":"https:\/\/www.rri.ro\/fr\/ecoutez-rri\/lemission-du-jour\/ecoutez-lemission-du-31-08-2026-id1055338.html","url":"https:\/\/www.rri.ro\/fr\/ecoutez-rri\/lemission-du-jour\/ecoutez-lemission-du-31-08-2026-id1055338.html","name":"Ecoutez l'\u00e9mission du 31.08.2026 - Radio Roumanie Internationale","isPartOf":{"@id":"https:\/\/www.rri.ro\/#website"},"primaryImageOfPage":{"@id":"https:\/\/www.rri.ro\/fr\/ecoutez-rri\/lemission-du-jour\/ecoutez-lemission-du-31-08-2026-id1055338.html#primaryimage"},"image":{"@id":"https:\/\/www.rri.ro\/fr\/ecoutez-rri\/lemission-du-jour\/ecoutez-lemission-du-31-08-2026-id1055338.html#primaryimage"},"thumbnailUrl":"https:\/\/www.rri.ro\/wp-content\/uploads\/2024\/09\/ucra-microfon-rri-dimensiune-mare-scaled-1.jpg","datePublished":"2026-08-31T11:26:17+00:00","author":{"@id":"https:\/\/www.rri.ro\/#\/schema\/person\/b195bd7930c756fef3f8a96bc79e0437"},"breadcrumb":{"@id":"https:\/\/www.rri.ro\/fr\/ecoutez-rri\/lemission-du-jour\/ecoutez-lemission-du-31-08-2026-id1055338.html#breadcrumb"},"inLanguage":"fr-FR","potentialAction":[{"@type":"ReadAction","target":["https:\/\/www.rri.ro\/fr\/ecoutez-rri\/lemission-du-jour\/ecoutez-lemission-du-31-08-2026-id1055338.html"]}]},{"@type":"ImageObject","inLanguage":"fr-FR","@id":"https:\/\/www.rri.ro\/fr\/ecoutez-rri\/lemission-du-jour\/ecoutez-lemission-du-31-08-2026-id1055338.html#primaryimage","url":"https:\/\/www.rri.ro\/wp-content\/uploads\/2024\/09\/ucra-microfon-rri-dimensiune-mare-scaled-1.jpg","contentUrl":"https:\/\/www.rri.ro\/wp-content\/uploads\/2024\/09\/ucra-microfon-rri-dimensiune-mare-scaled-1.jpg","width":2560,"height":1483},{"@type":"BreadcrumbList","@id":"https:\/\/www.rri.ro\/fr\/ecoutez-rri\/lemission-du-jour\/ecoutez-lemission-du-31-08-2026-id1055338.html#breadcrumb","itemListElement":[{"@type":"ListItem","position":1,"name":"Page d'accueil","item":"https:\/\/www.rri.ro\/fr"},{"@type":"ListItem","position":2,"name":"Ecoutez RRI","item":"https:\/\/www.rri.ro\/fr\/ecoutez-rri"},{"@type":"ListItem","position":3,"name":"L'\u00e9mission du jour","item":"https:\/\/www.rri.ro\/fr\/ecoutez-rri\/lemission-du-jour"},{"@type":"ListItem","position":4,"name":"Ecoutez l&#8217;\u00e9mission du 31.08.2026"}]},{"@type":"WebSite","@id":"https:\/\/www.rri.ro\/#website","url":"https:\/\/www.rri.ro\/","name":"Radio Roumanie Internationale","description":"Totul despre Rom\u00e2nia \u015fi rom\u00e2ni, \u00een 13 limbi\/dialecte!","inLanguage":"fr-FR"},{"@type":"Person","@id":"https:\/\/www.rri.ro\/#\/schema\/person\/b195bd7930c756fef3f8a96bc79e0437","name":"Radio Rom\u00e2nia Interna\u021bional","url":"https:\/\/www.rri.ro\/fr\/author\/rri"}]}},"_links":{"self":[{"href":"https:\/\/www.rri.ro\/fr\/wp-json\/wp\/v2\/posts\/1055338","targetHints":{"allow":["GET"]}}],"collection":[{"href":"https:\/\/www.rri.ro\/fr\/wp-json\/wp\/v2\/posts"}],"about":[{"href":"https:\/\/www.rri.ro\/fr\/wp-json\/wp\/v2\/types\/post"}],"author":[{"embeddable":true,"href":"https:\/\/www.rri.ro\/fr\/wp-json\/wp\/v2\/users\/204"}],"replies":[{"embeddable":true,"href":"https:\/\/www.rri.ro\/fr\/wp-json\/wp\/v2\/comments?post=1055338"}],"version-history":[{"count":2,"href":"https:\/\/www.rri.ro\/fr\/wp-json\/wp\/v2\/posts\/1055338\/revisions"}],"predecessor-version":[{"id":1055341,"href":"https:\/\/www.rri.ro\/fr\/wp-json\/wp\/v2\/posts\/1055338\/revisions\/1055341"}],"wp:featuredmedia":[{"embeddable":true,"href":"https:\/\/www.rri.ro\/fr\/wp-json\/wp\/v2\/media\/809580"}],"wp:attachment":[{"href":"https:\/\/www.rri.ro\/fr\/wp-json\/wp\/v2\/media?parent=1055338"}],"wp:term":[{"taxonomy":"category","embeddable":true,"href":"https:\/\/www.rri.ro\/fr\/wp-json\/wp\/v2\/categories?post=1055338"},{"taxonomy":"post_tag","embeddable":true,"href":"https:\/\/www.rri.ro\/fr\/wp-json\/wp\/v2\/tags?post=1055338"},{"taxonomy":"author","embeddable":true,"href":"https:\/\/www.rri.ro\/fr\/wp-json\/wp\/v2\/coauthors?post=1055338"}],"curies":[{"name":"wp","href":"https:\/\/api.w.org\/{rel}","templated":true}]}}