{"id":1055346,"date":"2026-08-31T16:06:06","date_gmt":"2026-08-31T13:06:06","guid":{"rendered":"https:\/\/www.rri.ro\/?p=1055346"},"modified":"2026-08-31T15:11:28","modified_gmt":"2026-08-31T12:11:28","slug":"31-08-2026-mise-a-jour-1","status":"publish","type":"post","link":"https:\/\/www.rri.ro\/fr\/actualites\/le-flash\/31-08-2026-mise-a-jour-1-id1055346.html","title":{"rendered":"31.08.2026 (mise \u00e0 jour 1)"},"content":{"rendered":"<p><strong>D\u00e9ficit<\/strong> \u2013 Le d\u00e9ficit budg\u00e9taire a enregistr\u00e9 une baisse significative au cours des premiers 7 mois de cette ann\u00e9e pour atteindre moins de 48 milliards de lei (presque 9,1 milliards d\u2019euro). Selon le Minist\u00e8re des Finances\u00a0; il s\u2019agit d\u2019une baisse de 37 % par rapport \u00e0 la m\u00e9m\u00e9 p\u00e9riode de l\u2019ann\u00e9e derni\u00e8re. Quant au rapport avec le PIB, le d\u00e9ficit a baiss\u00e9 de 3,99 % \u00e0 2,34 %. Ce changement est d\u00fb \u00e0 l\u2019augmentation de 11 % des revenus, tandis que les d\u00e9penses budg\u00e9taires ont \u00e9t\u00e9 tenues sous contr\u00f4le ayant enregistr\u00e9 une augmentation de seulement 2,9 % sans affecter les investissements. Rappelons-le, depuis le 1<sup>er<\/sup> ao\u00fbt 2025 le Gouvernement de Bucarest a pris une s\u00e9rie de mesures cens\u00e9es r\u00e9duire rapidement le d\u00e9ficit budg\u00e9taire qui avait atteint le seuil de 9,3 % du PIB en 2024, soit la valeur la plus \u00e9lev\u00e9e de l\u2019UE.<\/p>\n<p>&nbsp;<\/p>\n<p><strong>Journ\u00e9e de la langue roumaine<\/strong> \u2013 La Journ\u00e9e de la langue roumaine est c\u00e9l\u00e9br\u00e9e ce lundi le 31 ao\u00fbt simultan\u00e9ment en Roumanie, en R\u00e9publique de Moldova et en Ukraine. Dans un message publi\u00e9 en ligne \u00e0 cette occasion, le pr\u00e9sident roumain Nicusor Dan a soulign\u00e9 que \u00ab\u00a0prot\u00e9ger les droits des Roumains du monde ainsi que promouvoir la culture nationale roumaine restaient des objectifs essentiels pour notre Etat\u00a0\u00bb. Il a caract\u00e9ris\u00e9 la langue roumaine de \u00ab\u00a0liant pr\u00e9cieux\u00a0\u00bb, capable de nous encrer dans l\u2019histoire et d\u2019ouvrir notre avenir. M Dan a transmis des f\u00e9licitations \u00e0 tous ceux qui parlent, \u00e9crivent et gardent vivante la langue roumaine, sans tenir compte des fronti\u00e8res.<\/p>\n<p>Institu\u00e9e en 2013 par le Parlement \u00e0 Bucarest cette journ\u00e9e co\u00efncide avec la f\u00eate nationale en R\u00e9publique de Moldova voisine et rend hommage au mouvement de renaissance nationale dans ce petit pays ex-sovi\u00e9tique. Rappelons-le, le 31 ao\u00fbt 1989 en plein r\u00e9gime sovi\u00e9tique, le Parlement de Chisinau piquet\u00e9 par pas moins de 750 000 personnes, \u00e0 savoir un sixi\u00e8me de la population du pays \u00e0 l\u2019\u00e9poque, a d\u00e9cid\u00e9 de d\u00e9clarer le roumain langue d\u2019Etat et d\u2019adopter l\u2019alphabet latin au lieu de l\u2019alphabet cyrillique impos\u00e9 par les occupants apr\u00e8s l\u2019annexion de 1940. Notons aussi que cette ann\u00e9e la Journ\u00e9e de la langue roumaine est \u00e9galement c\u00e9l\u00e9br\u00e9e en Ukraine, suite \u00e0 un d\u00e9cret sign\u00e9 par le pr\u00e9sident Volodymyr Zelensky le 12 mars dernier, lors de sa visite \u00e0 Bucarest. Par ailleurs, en R\u00e9publique de Moldova, la Grande Dict\u00e9e Nationale, arriv\u00e9e \u00e0 sa quatri\u00e8me \u00e9dition, organis\u00e9e \u00e0 l\u2019occasion de cette f\u00eate, a r\u00e9uni ce lundi plus de 3 500 personnes, dont plus de 2 500 sur la Place du Rassemblement National de Chisinau. En premi\u00e8re cette ann\u00e9e l\u2019\u00e9v\u00e9nement a \u00e9t\u00e9 accessible \u00e9galement aux personnes malvoyantes.<\/p>\n<p>&nbsp;<\/p>\n<p><strong>R\u00e9union<\/strong> \u2013 La r\u00e9union annuelle de la diplomatie roumaine a lieu ces jours \u00e0 Bucarest. Ambassadeurs, consuls et hauts fonctionnaires participent \u00e0 cet \u00e9v\u00e9nement pr\u00e9sid\u00e9 par la ministre des Affaires \u00e9trang\u00e8res par int\u00e9rim Oana Toiu. Les rep\u00e8res de la Roumanie dans les affaires ext\u00e9rieures, l\u2019appartenance \u00e0 l\u2019Union europ\u00e9enne et \u00e0 l\u2019OTAN, le partenariat transatlantique et les relations avec les Etats voisins sont \u00e0 la fois vitales pour la Roumanie et aussi en pleine transformation, a d\u00e9clar\u00e9 la ministre des Affaires \u00e9trang\u00e8res Oana Toiu. Selon elle il est impossible d\u2019aborder les priorit\u00e9s de la politique des affaires \u00e9trang\u00e8res de la Roumanie sans prendre en compte la dimension s\u00e9curitaire, sur toile de fond de la guerre d\u2019agression men\u00e9e par la Russie contre l\u2019Ukraine. La Roumanie de l\u2019an 2026 doit \u00eatre un fournisseur majeur de s\u00e9curit\u00e9 au sein de l\u2019OTAN, particuli\u00e8rement sur le flanc est et en mer Noire, a d\u00e9clar\u00e9 de son c\u00f4t\u00e9 le pr\u00e9sident du S\u00e9nat Mircea Abrudean. Selon lui, la pr\u00e9sence de troupes am\u00e9ricaines sur le territoire de la Riumanie repr\u00e9sente la garantie de s\u00e9curit\u00e9 la plus solide dont la Roumanie ait b\u00e9n\u00e9fici\u00e9 dans son histoire moderne. La r\u00e9union annuelle de la diplomatie roumaine souligne la mani\u00e8re dont l\u2019action diplomatique et consulaire peut contribuer davantage au renforcement du profil international du pays, \u00e0 la promotion des int\u00e9r\u00eats s\u00e9curitaires et \u00e9conomiques de la Roumanie et au soutien des citoyens roumains.<\/p>\n<p>&nbsp;<\/p>\n<p><strong>Fronti\u00e8re <\/strong>\u2013 Les autorit\u00e9s du d\u00e9partement de Tulcea, dans le sud-est de la Roumanie, se pr\u00e9parent pour un afflux accru de personnes traversant la fronti\u00e8re roumano-ukrainienne \u00e0 Isaccea, pour se rendre \u00e0 Orlivka, dans la r\u00e9gion d\u2019Odessa, en Ukraine, aux alentours du Nouvel An juif, rapporte la presse de Bucarest. Selon cette source, le pr\u00e9fet Eugen Terente a d\u00e9clar\u00e9 avoir d\u00e9j\u00e0 tenu deux r\u00e9unions avec les autorit\u00e9s de Tulcea charg\u00e9es de l\u2019ordre public et de la s\u00e9curit\u00e9 afin de pr\u00e9venir tout incident. L\u2019ann\u00e9e derni\u00e8re, le p\u00e8lerinage s\u2019est d\u00e9roul\u00e9 sans probl\u00e8me dans le d\u00e9partement, mais \u00ab\u00a0ces r\u00e9unions permettent de mieux coordonner et de fluidifier la communication entre les institutions de l\u2019Etat, les voyageurs b\u00e9n\u00e9ficiant ainsi d\u2019un passage plus ais\u00e9 \u00e0 la fronti\u00e8re\u00a0\u00bb, affirme le pr\u00e9fet. Le Nouvel An juif est c\u00e9l\u00e9br\u00e9 du 11 au 13 septembre 2026 et l\u2019Ukraine abrite le tombeau d\u2019un grand chef religieux, lieu de p\u00e8lerinage qui rassemble des milliers de fid\u00e8les. L\u2019espace a\u00e9rien ukrainien \u00e9tant ferm\u00e9 en raison de l\u2019invasion russe, les p\u00e8lerins du monde entier utilisent les a\u00e9roports de Roumanie et de la R\u00e9publique de Moldova pour se rendre au tombeau du rabbin Nachman de Breslov. Le point de passage aux fronti\u00e8res Isaccea-Orlivka est pr\u00e9f\u00e9r\u00e9 de nombreux p\u00e8lerins, car il raccourcit la distance parcourue depuis les a\u00e9roports roumaine de Bucarest, Constanta et Tulcea.<\/p>\n<p>&nbsp;<\/p>\n<p><strong>Sapeurs-pompiers<\/strong> \u2013 Le troisi\u00e8me contingent de sapeurs-pompiers roumains est arriv\u00e9 en Gr\u00e8ce afin d\u2019assurer la continuit\u00e9 des missions de surveillance et d\u2019extinction d\u2019incendies de v\u00e9g\u00e9tation et de for\u00eat men\u00e9es ces deux derni\u00e8res semaines. Selon l\u2019Inspection g\u00e9n\u00e9rale pour les situations d\u2019urgence, les sapeurs-pompiers seront stationn\u00e9s \u00e0 Nea Makri, une localit\u00e9 situ\u00e9e dans la r\u00e9gion d\u2019Attique, \u00e0 environ 25 kilom\u00e8tres nord-est d\u2019Ath\u00e8nes. Parall\u00e8lement, les sapeurs-pompiers roumains se trouvant en mission en Serbie voisine ont poursuivi leurs efforts pour limiter un incendie de for\u00eat dans la province de Vo\u00efvodine, au nord-est du pays. Ces missions de sapeurs-pompiers roumains dans les deux pays s\u2019inscrivent dans le cadre du M\u00e9canisme de protection civile de l\u2019Union europ\u00e9enne.<\/p>\n<p>&nbsp;<\/p>\n<p>&nbsp;<\/p>\n<p><strong>Visite<\/strong> \u2013 L\u2019ancienne chanceli\u00e8re allemande, Angela Merkel, se trouvera \u00a0\u00e0 Bucarest cette semaine pour pr\u00e9senter son volume de m\u00e9moires intitul\u00e9 \u00ab\u00a0Libert\u00e9. Souvenirs 1954-2021\u00a0\u00bb. Selon les m\u00e9dias, les lecteurs roumains pourront la rencontrer lors de deux \u00e9v\u00e9nements publics. Il s\u2019agit d\u2019une s\u00e9ance d\u2019autographes pr\u00e9vue ce mardi 1er septembre et d\u2019un dialogue \u00e0 l\u2019Ath\u00e9n\u00e9e Roumain avec le journaliste et diplomate Emil Hurezeanu, fin connaisseur de l\u2019espace germanophone. Le volume des m\u00e9moires d\u2019Angela Merkel a \u00e9t\u00e9 lanc\u00e9 \u00e0 l\u2019international en 2024 dans plus de 30 pays. Bucarest figure parmi les rares villes o\u00f9 l\u2019ancienne chanceli\u00e8re a choisi de participer personnellement au lancement de son livre, aux c\u00f4t\u00e9s de capitales telles Berlin, Washington, Budapest et Ath\u00e8nes. Dans cet ouvrage, elle \u00e9voque son enfance et sa jeunesse pass\u00e9es en R\u00e9publique d\u00e9mocratique allemande, un satellite communiste de l\u2019Union sovi\u00e9tique, la chute du mur de Berlin et les d\u00e9buts de sa carri\u00e8re politique. Elle offre aussi une perspective des d\u00e9cisions prises durant ses seize ann\u00e9es \u00e0 la t\u00eate du gouvernement allemand et sur ses rencontres avec les leaders de la sc\u00e8ne politique internationale. Rappelons-le, Angela Merkel a \u00e9t\u00e9 chanceli\u00e8re d\u2019Allemagne de 2005 \u00e0 2021 et la premi\u00e8re femme \u00e0 occuper ce poste.<\/p>\n<p>&nbsp;<\/p>\n<p><strong>PNRR \u2013<\/strong> Ce lundi 31 ao\u00fbt marque la fin du Plan national de relance et de r\u00e9silience de la Roumanie, un m\u00e9canisme national d\u2019investissement et de r\u00e9forme financ\u00e9 par un fonds communautaire sp\u00e9cial, cr\u00e9\u00e9 pour soutenir la reconstruction de l\u2019Europe apr\u00e8s la pand\u00e9mie de COVID-19. Sur un budget de plus de 20 milliards d\u2019euros allou\u00e9s par ce plan, la Roumanie n\u2019a effectivement re\u00e7u qu\u2019environ 13 milliards d\u2019euros. Le reste d\u00e9pend de l\u2019\u00e9valuation faite par la Commission europ\u00e9enne des r\u00e9formes d\u00e9cid\u00e9es r\u00e9cemment par les autorit\u00e9s de Bucarest. Avant la cl\u00f4ture du Plan national de relance et de r\u00e9silience, plus de 15 000 projets financ\u00e9s par des fonds europ\u00e9ens \u00e9taient en cours, tandis qu\u2019environ 4 500 d\u2019entre eux n\u2019ont toujours pas \u00e9t\u00e9 finalis\u00e9s.<\/p>\n<p>&nbsp;<\/p>\n<p><strong>Consultations<\/strong> \u2013 Le pr\u00e9sident Nicusor Dan et les partis parlementaires auront de nouvelles consultations ce mardi, 1er septembre, afin de d\u00e9signer le futur premier ministre. Le chef de l\u2019Etat se dit confiant de pouvoir, cette fois-ci, trouver une majorit\u00e9 en faveur d\u2019un gouvernement stable. Le pr\u00e9sident a cette fois-ci exclu l\u2019option d\u2019un cabinet technocrate, affirmant que le futur ex\u00e9cutif serait compos\u00e9 de ministres issus des partis politiques. Selon plusieurs sources politiques, le futur premier-ministre pourrait \u00eatre un ind\u00e9pendant, \u00e0 la t\u00eate d\u2019un gouvernement de ministres issus majoritairement du Parti Social-D\u00e9mocrate et soutenu au Parlement par l\u2019Union D\u00e9mocrate Magyare de Roumanie. Rappelons-le, la Roumanie n\u2019a plus eu de gouvernement aux pleins pouvoirs depuis le 5 mai dernier, losque l\u2019\u00e9quipe minoritaire form\u00e9e du Parti National Lib\u00e9ral, de l\u2019Union Sauvez la Roumanie et de l\u2019Union D\u00e9mocrate Magyare de Roumanie a \u00e9t\u00e9 destitu\u00e9e par motion de censure. D\u00e9sign\u00e9 initialement candidat au poste de premier-ministre l\u2019eurod\u00e9put\u00e9 Eugen Tomac a d\u00e9pos\u00e9 son mandat avant m\u00eame d\u2019avancer son \u00e9quipe. Par la suite, le lib\u00e9ral dissident Adrian Vestea a \u00e9t\u00e9 nomm\u00e9, sans pourtant obtenir les voix n\u00e9cessaires au Parlement afin d\u2019\u00eatre investi.<\/p>\n<p>&nbsp;<\/p>\n<p><strong>Sondage<\/strong> \u2013 Pr\u00e8s des trois quarts des habitants de la capitale Bucarest (\u00e0 savoir 73 %) estiment que la Roumanie se dirige dans une mauvaise direction, tandis que seulement 18 % pensent qu\u2019elle est dans la bonne voie, selon un sondage r\u00e9alis\u00e9 par l\u2019institut CURS dans la capitale. Concernant la situation \u00e0 Bucarest, 63 % des personnes interrog\u00e9es ont d\u00e9clar\u00e9 qu\u2019elle allait dans la mauvaise direction. Le trafic et les embouteillages sont indiqu\u00e9s comme le principal probl\u00e8me qui devrait \u00eatre r\u00e9solu en priorit\u00e9 par la municipalit\u00e9. En deuxi\u00e8me position l\u2019on retrouve l\u2019\u00e9tat des rues, suivi les places de parking insuffisante\u2019s. Selon le sondage, si des \u00e9lections locales avaient lieu dimanche prochain, le Parti Social-D\u00e9mocrate obtiendrait 22 % des voix, suivi du Parti National Lib\u00e9ral avec un 1 % d\u2019\u00e9cart. L\u2019Alliance pour l\u2019Union des Roumains serait cr\u00e9dit\u00e9e de 20 % des intentions de vote, tandis que l\u2019Union Sauvez la Roumanie de 18 %. Le sondage a \u00e9t\u00e9 r\u00e9alis\u00e9 par l\u2019institut CURS du 21 au 28 ao\u00fbt sur un \u00e9chantillon de plus de 1 000 personnes avec une marge d\u2019erreur maximale de +\/- 3 %.<\/p>\n<p>&nbsp;<\/p>\n<p><strong>Aviron <\/strong>\u2013 Aux Championnats du monde d\u2019aviron tenus du 24 au 30 ao\u00fbt \u00e0 Amsterdam, les athl\u00e8tes roumains ont remport\u00e9 trois m\u00e9dailles d\u2019or, dont deux ce dimanche, dernier jour de comp\u00e9tition, \u00e0 l\u2019\u00e9preuve f\u00e9minine de huit avec barreuse et mixte. En premi\u00e8re, Adriana Adam et Simona Radis ont remport\u00e9 trois m\u00e9dailles d\u2019or aux Championnats du monde d\u2019Amsterdam, apr\u00e8s leurs victoires aux \u00e9preuves de huit f\u00e9minin et mixte avec barreur, huit f\u00e9minin avec barreuse et en deux f\u00e9minin sans barreuse, vendredi. La Roumanie est en quatri\u00e8me position au classement par m\u00e9dailles de ces Championnats du monde, avec trois m\u00e9dailles d\u2019or, devant les Pays-Bas, l\u2019Allemagne et les Etats-Unis.<\/p>\n<p>&nbsp;<\/p>\n","protected":false},"excerpt":{"rendered":"<p>D\u00e9ficit \u2013 Le d\u00e9ficit budg\u00e9taire a enregistr\u00e9 une baisse significative au cours des premiers 7 mois de cette ann\u00e9e pour atteindre moins de 48 milliards de lei (presque 9,1 milliards d\u2019euro). Selon le Minist\u00e8re des Finances\u00a0; il s\u2019agit d\u2019une baisse de 37 % par rapport \u00e0 la m\u00e9m\u00e9 p\u00e9riode de l\u2019ann\u00e9e derni\u00e8re. Quant au rapport [&hellip;]<\/p>\n","protected":false},"author":113,"featured_media":723357,"comment_status":"closed","ping_status":"closed","sticky":false,"template":"","format":"standard","meta":{"_acf_changed":false,"footnotes":""},"categories":[89002],"tags":[150715,144761,90095,144319,51868,85918,94398,86178],"coauthors":[116091],"class_list":["post-1055346","post","type-post","status-publish","format-standard","has-post-thumbnail","hentry","category-le-flash","tag-consultations-fr","tag-deficit-2","tag-journee-de-la-langue-roumaine","tag-nicusor-dan-2","tag-oana-toiu","tag-republique-de-moldova","tag-sapeurs-pompiers-roumains","tag-sondage"],"acf":[],"yoast_head":"<!-- This site is optimized with the Yoast SEO plugin v28.2 - https:\/\/yoast.com\/product\/yoast-seo-wordpress\/ -->\n<title>31.08.2026 (mise \u00e0 jour 1) - Radio Roumanie Internationale<\/title>\n<meta name=\"robots\" content=\"index, follow, max-snippet:-1, max-image-preview:large, max-video-preview:-1\" \/>\n<link rel=\"canonical\" href=\"https:\/\/www.rri.ro\/fr\/actualites\/le-flash\/31-08-2026-mise-a-jour-1-id1055346.html\" \/>\n<meta property=\"og:locale\" content=\"fr_FR\" \/>\n<meta property=\"og:type\" content=\"article\" \/>\n<meta property=\"og:title\" content=\"31.08.2026 (mise \u00e0 jour 1) - Radio Roumanie Internationale\" \/>\n<meta property=\"og:description\" content=\"D\u00e9ficit \u2013 Le d\u00e9ficit budg\u00e9taire a enregistr\u00e9 une baisse significative au cours des premiers 7 mois de cette ann\u00e9e pour atteindre moins de 48 milliards de lei (presque 9,1 milliards d\u2019euro). Selon le Minist\u00e8re des Finances\u00a0; il s\u2019agit d\u2019une baisse de 37 % par rapport \u00e0 la m\u00e9m\u00e9 p\u00e9riode de l\u2019ann\u00e9e derni\u00e8re. Quant au rapport [&hellip;]\" \/>\n<meta property=\"og:url\" content=\"https:\/\/www.rri.ro\/fr\/actualites\/le-flash\/31-08-2026-mise-a-jour-1-id1055346.html\" \/>\n<meta property=\"og:site_name\" content=\"Radio Roumanie Internationale\" \/>\n<meta property=\"article:published_time\" content=\"2026-08-31T13:06:06+00:00\" \/>\n<meta property=\"og:image\" content=\"https:\/\/www.rri.ro\/wp-content\/uploads\/2024\/03\/RRI-960x540-Le-flash-2-NOU.jpg\" \/>\n\t<meta property=\"og:image:width\" content=\"960\" \/>\n\t<meta property=\"og:image:height\" content=\"540\" \/>\n\t<meta property=\"og:image:type\" content=\"image\/jpeg\" \/>\n<meta name=\"author\" content=\"Newsroom\" \/>\n<meta name=\"twitter:card\" content=\"summary_large_image\" \/>\n<meta name=\"twitter:label1\" content=\"\u00c9crit par\" \/>\n\t<meta name=\"twitter:data1\" content=\"Newsroom\" \/>\n\t<meta name=\"twitter:label2\" content=\"Dur\u00e9e de lecture estim\u00e9e\" \/>\n\t<meta name=\"twitter:data2\" content=\"10 minutes\" \/>\n\t<meta name=\"twitter:label3\" content=\"Written by\" \/>\n\t<meta name=\"twitter:data3\" content=\"Newsroom\" \/>\n<script type=\"application\/ld+json\" class=\"yoast-schema-graph\">{\"@context\":\"https:\\\/\\\/schema.org\",\"@graph\":[{\"@type\":\"Article\",\"@id\":\"https:\\\/\\\/www.rri.ro\\\/fr\\\/actualites\\\/le-flash\\\/31-08-2026-mise-a-jour-1-id1055346.html#article\",\"isPartOf\":{\"@id\":\"https:\\\/\\\/www.rri.ro\\\/fr\\\/actualites\\\/le-flash\\\/31-08-2026-mise-a-jour-1-id1055346.html\"},\"author\":{\"name\":\"Newsroom\",\"@id\":\"https:\\\/\\\/www.rri.ro\\\/#\\\/schema\\\/person\\\/4a479940371b9fdefd194f561e8a7f88\"},\"headline\":\"31.08.2026 (mise \u00e0 jour 1)\",\"datePublished\":\"2026-08-31T13:06:06+00:00\",\"mainEntityOfPage\":{\"@id\":\"https:\\\/\\\/www.rri.ro\\\/fr\\\/actualites\\\/le-flash\\\/31-08-2026-mise-a-jour-1-id1055346.html\"},\"wordCount\":2024,\"image\":{\"@id\":\"https:\\\/\\\/www.rri.ro\\\/fr\\\/actualites\\\/le-flash\\\/31-08-2026-mise-a-jour-1-id1055346.html#primaryimage\"},\"thumbnailUrl\":\"https:\\\/\\\/www.rri.ro\\\/wp-content\\\/uploads\\\/2024\\\/03\\\/RRI-960x540-Le-flash-2-NOU.jpg\",\"keywords\":[\"consultations\",\"deficit\",\"Journ\u00e9e de la langue roumaine\",\"Nicusor Dan\",\"Oana Toiu\",\"R\u00e9publique de Moldova\",\"sapeurs pompiers roumains\",\"sondage\"],\"articleSection\":[\"Le flash\"],\"inLanguage\":\"fr-FR\"},{\"@type\":\"WebPage\",\"@id\":\"https:\\\/\\\/www.rri.ro\\\/fr\\\/actualites\\\/le-flash\\\/31-08-2026-mise-a-jour-1-id1055346.html\",\"url\":\"https:\\\/\\\/www.rri.ro\\\/fr\\\/actualites\\\/le-flash\\\/31-08-2026-mise-a-jour-1-id1055346.html\",\"name\":\"31.08.2026 (mise \u00e0 jour 1) - Radio Roumanie Internationale\",\"isPartOf\":{\"@id\":\"https:\\\/\\\/www.rri.ro\\\/#website\"},\"primaryImageOfPage\":{\"@id\":\"https:\\\/\\\/www.rri.ro\\\/fr\\\/actualites\\\/le-flash\\\/31-08-2026-mise-a-jour-1-id1055346.html#primaryimage\"},\"image\":{\"@id\":\"https:\\\/\\\/www.rri.ro\\\/fr\\\/actualites\\\/le-flash\\\/31-08-2026-mise-a-jour-1-id1055346.html#primaryimage\"},\"thumbnailUrl\":\"https:\\\/\\\/www.rri.ro\\\/wp-content\\\/uploads\\\/2024\\\/03\\\/RRI-960x540-Le-flash-2-NOU.jpg\",\"datePublished\":\"2026-08-31T13:06:06+00:00\",\"author\":{\"@id\":\"https:\\\/\\\/www.rri.ro\\\/#\\\/schema\\\/person\\\/4a479940371b9fdefd194f561e8a7f88\"},\"breadcrumb\":{\"@id\":\"https:\\\/\\\/www.rri.ro\\\/fr\\\/actualites\\\/le-flash\\\/31-08-2026-mise-a-jour-1-id1055346.html#breadcrumb\"},\"inLanguage\":\"fr-FR\",\"potentialAction\":[{\"@type\":\"ReadAction\",\"target\":[\"https:\\\/\\\/www.rri.ro\\\/fr\\\/actualites\\\/le-flash\\\/31-08-2026-mise-a-jour-1-id1055346.html\"]}]},{\"@type\":\"ImageObject\",\"inLanguage\":\"fr-FR\",\"@id\":\"https:\\\/\\\/www.rri.ro\\\/fr\\\/actualites\\\/le-flash\\\/31-08-2026-mise-a-jour-1-id1055346.html#primaryimage\",\"url\":\"https:\\\/\\\/www.rri.ro\\\/wp-content\\\/uploads\\\/2024\\\/03\\\/RRI-960x540-Le-flash-2-NOU.jpg\",\"contentUrl\":\"https:\\\/\\\/www.rri.ro\\\/wp-content\\\/uploads\\\/2024\\\/03\\\/RRI-960x540-Le-flash-2-NOU.jpg\",\"width\":960,\"height\":540},{\"@type\":\"BreadcrumbList\",\"@id\":\"https:\\\/\\\/www.rri.ro\\\/fr\\\/actualites\\\/le-flash\\\/31-08-2026-mise-a-jour-1-id1055346.html#breadcrumb\",\"itemListElement\":[{\"@type\":\"ListItem\",\"position\":1,\"name\":\"Page d'accueil\",\"item\":\"https:\\\/\\\/www.rri.ro\\\/fr\"},{\"@type\":\"ListItem\",\"position\":2,\"name\":\"Actualitate\",\"item\":\"https:\\\/\\\/www.rri.ro\\\/actualitate\"},{\"@type\":\"ListItem\",\"position\":3,\"name\":\"Focus\",\"item\":\"https:\\\/\\\/www.rri.ro\\\/actualitate\\\/focus\"},{\"@type\":\"ListItem\",\"position\":4,\"name\":\"31.08.2026 (mise \u00e0 jour 1)\"}]},{\"@type\":\"WebSite\",\"@id\":\"https:\\\/\\\/www.rri.ro\\\/#website\",\"url\":\"https:\\\/\\\/www.rri.ro\\\/\",\"name\":\"Radio Roumanie Internationale\",\"description\":\"Totul despre Rom\u00e2nia \u015fi rom\u00e2ni, \u00een 13 limbi\\\/dialecte!\",\"inLanguage\":\"fr-FR\"},{\"@type\":\"Person\",\"@id\":\"https:\\\/\\\/www.rri.ro\\\/#\\\/schema\\\/person\\\/4a479940371b9fdefd194f561e8a7f88\",\"name\":\"Newsroom\",\"url\":\"https:\\\/\\\/www.rri.ro\\\/fr\\\/author\\\/newsroom\"}]}<\/script>\n<!-- \/ Yoast SEO plugin. -->","yoast_head_json":{"title":"31.08.2026 (mise \u00e0 jour 1) - Radio Roumanie Internationale","robots":{"index":"index","follow":"follow","max-snippet":"max-snippet:-1","max-image-preview":"max-image-preview:large","max-video-preview":"max-video-preview:-1"},"canonical":"https:\/\/www.rri.ro\/fr\/actualites\/le-flash\/31-08-2026-mise-a-jour-1-id1055346.html","og_locale":"fr_FR","og_type":"article","og_title":"31.08.2026 (mise \u00e0 jour 1) - Radio Roumanie Internationale","og_description":"D\u00e9ficit \u2013 Le d\u00e9ficit budg\u00e9taire a enregistr\u00e9 une baisse significative au cours des premiers 7 mois de cette ann\u00e9e pour atteindre moins de 48 milliards de lei (presque 9,1 milliards d\u2019euro). Selon le Minist\u00e8re des Finances\u00a0; il s\u2019agit d\u2019une baisse de 37 % par rapport \u00e0 la m\u00e9m\u00e9 p\u00e9riode de l\u2019ann\u00e9e derni\u00e8re. Quant au rapport [&hellip;]","og_url":"https:\/\/www.rri.ro\/fr\/actualites\/le-flash\/31-08-2026-mise-a-jour-1-id1055346.html","og_site_name":"Radio Roumanie Internationale","article_published_time":"2026-08-31T13:06:06+00:00","og_image":[{"width":960,"height":540,"url":"https:\/\/www.rri.ro\/wp-content\/uploads\/2024\/03\/RRI-960x540-Le-flash-2-NOU.jpg","type":"image\/jpeg"}],"author":"Newsroom","twitter_card":"summary_large_image","twitter_misc":{"\u00c9crit par":"Newsroom","Dur\u00e9e de lecture estim\u00e9e":"10 minutes","Written by":"Newsroom"},"schema":{"@context":"https:\/\/schema.org","@graph":[{"@type":"Article","@id":"https:\/\/www.rri.ro\/fr\/actualites\/le-flash\/31-08-2026-mise-a-jour-1-id1055346.html#article","isPartOf":{"@id":"https:\/\/www.rri.ro\/fr\/actualites\/le-flash\/31-08-2026-mise-a-jour-1-id1055346.html"},"author":{"name":"Newsroom","@id":"https:\/\/www.rri.ro\/#\/schema\/person\/4a479940371b9fdefd194f561e8a7f88"},"headline":"31.08.2026 (mise \u00e0 jour 1)","datePublished":"2026-08-31T13:06:06+00:00","mainEntityOfPage":{"@id":"https:\/\/www.rri.ro\/fr\/actualites\/le-flash\/31-08-2026-mise-a-jour-1-id1055346.html"},"wordCount":2024,"image":{"@id":"https:\/\/www.rri.ro\/fr\/actualites\/le-flash\/31-08-2026-mise-a-jour-1-id1055346.html#primaryimage"},"thumbnailUrl":"https:\/\/www.rri.ro\/wp-content\/uploads\/2024\/03\/RRI-960x540-Le-flash-2-NOU.jpg","keywords":["consultations","deficit","Journ\u00e9e de la langue roumaine","Nicusor Dan","Oana Toiu","R\u00e9publique de Moldova","sapeurs pompiers roumains","sondage"],"articleSection":["Le flash"],"inLanguage":"fr-FR"},{"@type":"WebPage","@id":"https:\/\/www.rri.ro\/fr\/actualites\/le-flash\/31-08-2026-mise-a-jour-1-id1055346.html","url":"https:\/\/www.rri.ro\/fr\/actualites\/le-flash\/31-08-2026-mise-a-jour-1-id1055346.html","name":"31.08.2026 (mise \u00e0 jour 1) - Radio Roumanie Internationale","isPartOf":{"@id":"https:\/\/www.rri.ro\/#website"},"primaryImageOfPage":{"@id":"https:\/\/www.rri.ro\/fr\/actualites\/le-flash\/31-08-2026-mise-a-jour-1-id1055346.html#primaryimage"},"image":{"@id":"https:\/\/www.rri.ro\/fr\/actualites\/le-flash\/31-08-2026-mise-a-jour-1-id1055346.html#primaryimage"},"thumbnailUrl":"https:\/\/www.rri.ro\/wp-content\/uploads\/2024\/03\/RRI-960x540-Le-flash-2-NOU.jpg","datePublished":"2026-08-31T13:06:06+00:00","author":{"@id":"https:\/\/www.rri.ro\/#\/schema\/person\/4a479940371b9fdefd194f561e8a7f88"},"breadcrumb":{"@id":"https:\/\/www.rri.ro\/fr\/actualites\/le-flash\/31-08-2026-mise-a-jour-1-id1055346.html#breadcrumb"},"inLanguage":"fr-FR","potentialAction":[{"@type":"ReadAction","target":["https:\/\/www.rri.ro\/fr\/actualites\/le-flash\/31-08-2026-mise-a-jour-1-id1055346.html"]}]},{"@type":"ImageObject","inLanguage":"fr-FR","@id":"https:\/\/www.rri.ro\/fr\/actualites\/le-flash\/31-08-2026-mise-a-jour-1-id1055346.html#primaryimage","url":"https:\/\/www.rri.ro\/wp-content\/uploads\/2024\/03\/RRI-960x540-Le-flash-2-NOU.jpg","contentUrl":"https:\/\/www.rri.ro\/wp-content\/uploads\/2024\/03\/RRI-960x540-Le-flash-2-NOU.jpg","width":960,"height":540},{"@type":"BreadcrumbList","@id":"https:\/\/www.rri.ro\/fr\/actualites\/le-flash\/31-08-2026-mise-a-jour-1-id1055346.html#breadcrumb","itemListElement":[{"@type":"ListItem","position":1,"name":"Page d'accueil","item":"https:\/\/www.rri.ro\/fr"},{"@type":"ListItem","position":2,"name":"Actualitate","item":"https:\/\/www.rri.ro\/actualitate"},{"@type":"ListItem","position":3,"name":"Focus","item":"https:\/\/www.rri.ro\/actualitate\/focus"},{"@type":"ListItem","position":4,"name":"31.08.2026 (mise \u00e0 jour 1)"}]},{"@type":"WebSite","@id":"https:\/\/www.rri.ro\/#website","url":"https:\/\/www.rri.ro\/","name":"Radio Roumanie Internationale","description":"Totul despre Rom\u00e2nia \u015fi rom\u00e2ni, \u00een 13 limbi\/dialecte!","inLanguage":"fr-FR"},{"@type":"Person","@id":"https:\/\/www.rri.ro\/#\/schema\/person\/4a479940371b9fdefd194f561e8a7f88","name":"Newsroom","url":"https:\/\/www.rri.ro\/fr\/author\/newsroom"}]}},"_links":{"self":[{"href":"https:\/\/www.rri.ro\/fr\/wp-json\/wp\/v2\/posts\/1055346","targetHints":{"allow":["GET"]}}],"collection":[{"href":"https:\/\/www.rri.ro\/fr\/wp-json\/wp\/v2\/posts"}],"about":[{"href":"https:\/\/www.rri.ro\/fr\/wp-json\/wp\/v2\/types\/post"}],"author":[{"embeddable":true,"href":"https:\/\/www.rri.ro\/fr\/wp-json\/wp\/v2\/users\/113"}],"replies":[{"embeddable":true,"href":"https:\/\/www.rri.ro\/fr\/wp-json\/wp\/v2\/comments?post=1055346"}],"version-history":[{"count":1,"href":"https:\/\/www.rri.ro\/fr\/wp-json\/wp\/v2\/posts\/1055346\/revisions"}],"predecessor-version":[{"id":1055347,"href":"https:\/\/www.rri.ro\/fr\/wp-json\/wp\/v2\/posts\/1055346\/revisions\/1055347"}],"wp:featuredmedia":[{"embeddable":true,"href":"https:\/\/www.rri.ro\/fr\/wp-json\/wp\/v2\/media\/723357"}],"wp:attachment":[{"href":"https:\/\/www.rri.ro\/fr\/wp-json\/wp\/v2\/media?parent=1055346"}],"wp:term":[{"taxonomy":"category","embeddable":true,"href":"https:\/\/www.rri.ro\/fr\/wp-json\/wp\/v2\/categories?post=1055346"},{"taxonomy":"post_tag","embeddable":true,"href":"https:\/\/www.rri.ro\/fr\/wp-json\/wp\/v2\/tags?post=1055346"},{"taxonomy":"author","embeddable":true,"href":"https:\/\/www.rri.ro\/fr\/wp-json\/wp\/v2\/coauthors?post=1055346"}],"curies":[{"name":"wp","href":"https:\/\/api.w.org\/{rel}","templated":true}]}}