{"id":1055408,"date":"2026-08-31T19:15:34","date_gmt":"2026-08-31T16:15:34","guid":{"rendered":"https:\/\/www.rri.ro\/?p=1055408"},"modified":"2026-08-31T19:21:49","modified_gmt":"2026-08-31T16:21:49","slug":"31-08-2026-mise-a-jour","status":"publish","type":"post","link":"https:\/\/www.rri.ro\/fr\/actualites\/le-flash\/31-08-2026-mise-a-jour-id1055408.html","title":{"rendered":"31.08.2026 ( mise \u00e0 jour 2)"},"content":{"rendered":"<p><strong>Consultations<\/strong> \u2013 Le pr\u00e9sident Nicusor Dan et les partis parlementaires auront de nouvelles consultations ce mardi, 1er septembre, afin de d\u00e9signer le futur premier ministre. Le chef de l\u2019Etat se dit confiant de pouvoir trouver cette fois-ci une majorit\u00e9 en faveur d\u2019un gouvernement stable. Le pr\u00e9sident a exclu l\u2019option d\u2019un cabinet technocrate, affirmant que le futur ex\u00e9cutif serait compos\u00e9 de ministres issus des partis politiques. Selon plusieurs sources, le futur premier-ministre pourrait \u00eatre un ind\u00e9pendant, \u00e0 la t\u00eate d\u2019un gouvernement de ministres issus majoritairement du Parti Social-D\u00e9mocrate et soutenu au Parlement par l\u2019Union D\u00e9mocrate Magyare de Roumanie. Le pr\u00e9sident du PSD, Sorin Grindeanu, a d\u00e9clar\u00e9 lundi que les sociaux-d\u00e9mocrates participeraient aux consultations en vue de la formation d&rsquo;un nouveau gouvernement en pr\u00e9sentant leur propre candidat au poste de Premier ministre, et a pr\u00e9cis\u00e9 qu&rsquo;il assumerait lui-m\u00eame cette fonction. Rappelons-le, la Roumanie n\u2019a plus eu de gouvernement aux pleins pouvoirs depuis le 5 mai dernier, lorsque l\u2019\u00e9quipe minoritaire form\u00e9e du Parti National Lib\u00e9ral, de l\u2019Union Sauvez la Roumanie et de l\u2019Union D\u00e9mocrate Magyare de Roumanie a \u00e9t\u00e9 destitu\u00e9e par motion de censure. D\u00e9sign\u00e9 initialement candidat au poste de premier-ministre l\u2019eurod\u00e9put\u00e9 Eugen Tomac a d\u00e9pos\u00e9 son mandat avant m\u00eame d\u2019avancer son \u00e9quipe. Par la suite, le lib\u00e9ral dissident Adrian Vestea a \u00e9t\u00e9 nomm\u00e9, sans obtenir les voix parlementaires n\u00e9cessaires \u00e0 son investiture.<\/p>\n<p>&nbsp;<\/p>\n<p><strong>D\u00e9ficit<\/strong>\u00a0 &#8211; Le d\u00e9ficit budg\u00e9taire de la Roumanie est pass\u00e9 de 3,99 % \u00e0 2,34 % au cours des sept premiers mois de cette ann\u00e9e et se situe actuellement \u00e0 plus de 48 milliards de lei (environ 9,1 milliards d&rsquo;euros). Selon le minist\u00e8re des Finances, il s\u2019agit d\u2019une baisse de 37 % par rapport \u00e0 la m\u00eame p\u00e9riode de l&rsquo;ann\u00e9e derni\u00e8re. Cette \u00e9volution s&rsquo;explique par une hausse des recettes de 11 %, tandis que les d\u00e9penses budg\u00e9taires ont \u00e9t\u00e9 ma\u00eetris\u00e9es et n&rsquo;ont augment\u00e9 que de 2,9 %, sans porter atteinte aux investissements. Rappelons que le gouvernement de Bucarest a adopt\u00e9, depuis le 1er ao\u00fbt 2025, une s\u00e9rie de mesures visant \u00e0 r\u00e9duire rapidement le d\u00e9ficit budg\u00e9taire, apr\u00e8s que celui-ci eut atteint 9,3 % du PIB en 2024, soit le niveau le plus \u00e9lev\u00e9 de l&rsquo;Union europ\u00e9enne.<\/p>\n<p>&nbsp;<\/p>\n<p><strong>Langue roumaine<\/strong> &#8211; La Journ\u00e9e de la langue roumaine a \u00e9t\u00e9 c\u00e9l\u00e9br\u00e9e ce lundi en Roumanie, en R\u00e9publique de Moldavie et en Ukraine. Dans un message publi\u00e9 en ligne, le pr\u00e9sident roumain Nicu\u015for Dan a soulign\u00e9 que la protection des droits des Roumains partout dans le monde et la promotion de la culture nationale restaient des objectifs essentiels pour notre pays. Il a qualifi\u00e9 la langue roumaine de \u00ab lien pr\u00e9cieux \u00bb, capable de nous ancrer dans l\u2019histoire et de nous projeter vers l\u2019avenir. M. Dan a adress\u00e9 ses f\u00e9licitations \u00e0 tous ceux qui parlent, \u00e9crivent et font vivre la langue roumaine, au-del\u00e0 des fronti\u00e8res. Institu\u00e9e en 2013 par le Parlement de Bucarest, la Journ\u00e9e de la langue roumaine co\u00efncide avec la f\u00eate nationale de la R\u00e9publique de Moldavie et rend hommage au mouvement de renaissance nationale de ce pays voisin, \u00e0 majorit\u00e9 roumanophone. Le 31 ao\u00fbt 1989, en pleine p\u00e9riode sovi\u00e9tique, le Parlement de Chisinau, encercl\u00e9 par environ 750 000 personnes, soit un sixi\u00e8me de la population de la r\u00e9publique \u00e0 l\u2019\u00e9poque, a d\u00e9cid\u00e9 de d\u00e9clarer le roumain langue officielle et de passer \u00e0 l\u2019alphabet latin en remplacement de l\u2019alphabet cyrillique impos\u00e9 par les occupants apr\u00e8s l\u2019annexion de 1940.<\/p>\n<p>&nbsp;<\/p>\n<p><strong>PNRR \u2013<\/strong> R\u00e9uni ce lundi en s\u00e9ance extraordinaire, le gouvernement roumain a adopt\u00e9 les documents n\u00e9cessaires \u00e0 la cl\u00f4ture du Plan national de relance et de r\u00e9silience de la Roumanie, un m\u00e9canisme national d\u2019investissement et de r\u00e9forme financ\u00e9 par un fonds communautaire sp\u00e9cialement cr\u00e9\u00e9 pour soutenir la reconstruction de l\u2019Europe apr\u00e8s la pand\u00e9mie de COVID-19. La date butoir pour acc\u00e9der au financement europ\u00e9en par le biais du PNRR \u00e9tait le 31 ao\u00fbt. D\u00e9sormais, les projets qui n\u2019ont \u00e9t\u00e9 men\u00e9s \u00e0 terme seront financ\u00e9s de l\u2019argent public. Sur une enveloppe de plus de 20 milliards d\u2019euros allou\u00e9s par Bruxelles \u00e0 la Roumanie, le pays n\u2019a touch\u00e9 qu\u2019environ 13 milliards d\u2019euros. Le reste de l\u2019argent d\u00e9pend de l\u2019\u00e9valuation que Bruxelles fera aux r\u00e9formes adopt\u00e9es r\u00e9cemment par les autorit\u00e9s de Bucarest. Avant la cl\u00f4ture du Plan national de relance et de r\u00e9silience, plus de 15 000 projets financ\u00e9s par des fonds europ\u00e9ens \u00e9taient en cours, tandis qu\u2019environ 4 500 d\u2019entre eux n\u2019ont toujours pas \u00e9t\u00e9 valid\u00e9s.<\/p>\n<p><strong>\u00a0<\/strong><\/p>\n<p><strong>Diplomatie <\/strong>\u2013 La r\u00e9union annuelle de la diplomatie roumaine se tient ces jours-ci \u00e0 Bucarest, en pr\u00e9sence des ambassadeurs, des consuls et de hauts responsables. L\u2019\u00e9v\u00e9nement est pr\u00e9sid\u00e9 par la ministre des Affaires \u00e9trang\u00e8res par int\u00e9rim, Oana \u0162oiu. Les th\u00e8mes majeurs de la diplomatie roumaine \u2013 son appartenance \u00e0 l\u2019Union europ\u00e9enne et \u00e0 l\u2019OTAN, le partenariat transatlantique ou les relations de voisinage \u2013 sont \u00e0 la fois essentiels pour la Roumanie, mais en plein changement, a-t-telle d\u00e9clar\u00e9. Et elle d\u2019estimer qu\u2019il \u00e9tait impossible d\u2019\u00e9voquer les priorit\u00e9s de la politique \u00e9trang\u00e8re de la Roumanie sans aborder la question de la s\u00e9curit\u00e9, dans le contexte de la guerre d\u2019agression men\u00e9e par la Russie contre l\u2019Ukraine. En 2026, la Roumanie devra \u00eatre un garant actif de la s\u00e9curit\u00e9 au sein de l\u2019OTAN, en particulier sur le flanc oriental et en mer Noire, a affirm\u00e9 pour sa part le pr\u00e9sident du S\u00e9nat, Mircea Abrudean. Selon lui, la pr\u00e9sence des troupes am\u00e9ricaines sur le territoire national constitue la garantie de s\u00e9curit\u00e9 la plus solide jamais connue par la Roumanie moderne. La r\u00e9union annuelle de la diplomatie roumaine met l&rsquo;accent sur la mani\u00e8re dont l&rsquo;action diplomatique et consulaire peut contribuer davantage \u00e0 renforcer l&rsquo;image internationale du pays, \u00e0 promouvoir les int\u00e9r\u00eats s\u00e9curitaires et \u00e9conomiques de la Roumanie ou \u00e0 soutenir les citoyens roumains.<\/p>\n<p>&nbsp;<\/p>\n<p><strong>Aviron <\/strong>\u2013 Aux Championnats du monde d\u2019aviron tenus du 24 au 30 ao\u00fbt \u00e0 Amsterdam, les athl\u00e8tes roumains ont remport\u00e9 trois m\u00e9dailles d\u2019or, dont deux ce dimanche, dernier jour de comp\u00e9tition, \u00e0 l\u2019\u00e9preuve f\u00e9minine de huit avec barreuse et mixte. En premi\u00e8re, Adriana Adam et Simona Radis ont remport\u00e9 trois m\u00e9dailles d\u2019or aux Championnats du monde d\u2019Amsterdam, apr\u00e8s leurs victoires aux \u00e9preuves de huit f\u00e9minin et mixte avec barreur, huit f\u00e9minin avec barreuse et en deux f\u00e9minin sans barreuse, vendredi. La Roumanie est en quatri\u00e8me position au classement par m\u00e9dailles de ces Championnats du monde, avec trois m\u00e9dailles d\u2019or, devant les Pays-Bas, l\u2019Allemagne et les Etats-Unis.<\/p>\n<p>&nbsp;<\/p>\n<p><strong>M\u00e9t\u00e9o<\/strong> &#8211; En Roumanie, les temp\u00e9ratures baisseront l\u00e9g\u00e8rement, notamment dans l&rsquo;ouest, le centre et le nord du pays, mais le temps restera chaud dans les r\u00e9gions occidentales et m\u00e9ridionales. Les temp\u00e9ratures maximales seront comprises entre 24 et 34 degr\u00e9s Celsius. Le ciel sera partiellement nuageux et des ph\u00e9nom\u00e8nes orageux se produiront dans la moiti\u00e9 nord du pays.<\/p>\n","protected":false},"excerpt":{"rendered":"<p>Consultations \u2013 Le pr\u00e9sident Nicusor Dan et les partis parlementaires auront de nouvelles consultations ce mardi, 1er septembre, afin de d\u00e9signer le futur premier ministre. Le chef de l\u2019Etat se dit confiant de pouvoir trouver cette fois-ci une majorit\u00e9 en faveur d\u2019un gouvernement stable. Le pr\u00e9sident a exclu l\u2019option d\u2019un cabinet technocrate, affirmant que le [&hellip;]<\/p>\n","protected":false},"author":113,"featured_media":723357,"comment_status":"closed","ping_status":"closed","sticky":false,"template":"","format":"standard","meta":{"_acf_changed":false,"footnotes":""},"categories":[89002],"tags":[90091,87096,84935,144323],"coauthors":[116091],"class_list":["post-1055408","post","type-post","status-publish","format-standard","has-post-thumbnail","hentry","category-le-flash","tag-aviron","tag-gouvernement","tag-langue-roumaine","tag-nicusor-dan-fr"],"acf":[],"yoast_head":"<!-- This site is optimized with the Yoast SEO plugin v28.2 - https:\/\/yoast.com\/product\/yoast-seo-wordpress\/ -->\n<title>31.08.2026 ( mise \u00e0 jour 2) - Radio Roumanie Internationale<\/title>\n<meta name=\"robots\" content=\"index, follow, max-snippet:-1, max-image-preview:large, max-video-preview:-1\" \/>\n<link rel=\"canonical\" href=\"https:\/\/www.rri.ro\/fr\/actualites\/le-flash\/31-08-2026-mise-a-jour-id1055408.html\" \/>\n<meta property=\"og:locale\" content=\"fr_FR\" \/>\n<meta property=\"og:type\" content=\"article\" \/>\n<meta property=\"og:title\" content=\"31.08.2026 ( mise \u00e0 jour 2) - Radio Roumanie Internationale\" \/>\n<meta property=\"og:description\" content=\"Consultations \u2013 Le pr\u00e9sident Nicusor Dan et les partis parlementaires auront de nouvelles consultations ce mardi, 1er septembre, afin de d\u00e9signer le futur premier ministre. Le chef de l\u2019Etat se dit confiant de pouvoir trouver cette fois-ci une majorit\u00e9 en faveur d\u2019un gouvernement stable. Le pr\u00e9sident a exclu l\u2019option d\u2019un cabinet technocrate, affirmant que le [&hellip;]\" \/>\n<meta property=\"og:url\" content=\"https:\/\/www.rri.ro\/fr\/actualites\/le-flash\/31-08-2026-mise-a-jour-id1055408.html\" \/>\n<meta property=\"og:site_name\" content=\"Radio Roumanie Internationale\" \/>\n<meta property=\"article:published_time\" content=\"2026-08-31T16:15:34+00:00\" \/>\n<meta property=\"article:modified_time\" content=\"2026-08-31T16:21:49+00:00\" \/>\n<meta property=\"og:image\" content=\"https:\/\/www.rri.ro\/wp-content\/uploads\/2024\/03\/RRI-960x540-Le-flash-2-NOU.jpg\" \/>\n\t<meta property=\"og:image:width\" content=\"960\" \/>\n\t<meta property=\"og:image:height\" content=\"540\" \/>\n\t<meta property=\"og:image:type\" content=\"image\/jpeg\" \/>\n<meta name=\"author\" content=\"Newsroom\" \/>\n<meta name=\"twitter:card\" content=\"summary_large_image\" \/>\n<meta name=\"twitter:label1\" content=\"\u00c9crit par\" \/>\n\t<meta name=\"twitter:data1\" content=\"Newsroom\" \/>\n\t<meta name=\"twitter:label2\" content=\"Dur\u00e9e de lecture estim\u00e9e\" \/>\n\t<meta name=\"twitter:data2\" content=\"6 minutes\" \/>\n\t<meta name=\"twitter:label3\" content=\"Written by\" \/>\n\t<meta name=\"twitter:data3\" content=\"Newsroom\" \/>\n<script type=\"application\/ld+json\" class=\"yoast-schema-graph\">{\"@context\":\"https:\\\/\\\/schema.org\",\"@graph\":[{\"@type\":\"Article\",\"@id\":\"https:\\\/\\\/www.rri.ro\\\/fr\\\/actualites\\\/le-flash\\\/31-08-2026-mise-a-jour-id1055408.html#article\",\"isPartOf\":{\"@id\":\"https:\\\/\\\/www.rri.ro\\\/fr\\\/actualites\\\/le-flash\\\/31-08-2026-mise-a-jour-id1055408.html\"},\"author\":{\"name\":\"Newsroom\",\"@id\":\"https:\\\/\\\/www.rri.ro\\\/#\\\/schema\\\/person\\\/4a479940371b9fdefd194f561e8a7f88\"},\"headline\":\"31.08.2026 ( mise \u00e0 jour 2)\",\"datePublished\":\"2026-08-31T16:15:34+00:00\",\"dateModified\":\"2026-08-31T16:21:49+00:00\",\"mainEntityOfPage\":{\"@id\":\"https:\\\/\\\/www.rri.ro\\\/fr\\\/actualites\\\/le-flash\\\/31-08-2026-mise-a-jour-id1055408.html\"},\"wordCount\":1244,\"image\":{\"@id\":\"https:\\\/\\\/www.rri.ro\\\/fr\\\/actualites\\\/le-flash\\\/31-08-2026-mise-a-jour-id1055408.html#primaryimage\"},\"thumbnailUrl\":\"https:\\\/\\\/www.rri.ro\\\/wp-content\\\/uploads\\\/2024\\\/03\\\/RRI-960x540-Le-flash-2-NOU.jpg\",\"keywords\":[\"aviron\",\"gouvernement\",\"langue roumaine\",\"Nicusor Dan\"],\"articleSection\":[\"Le flash\"],\"inLanguage\":\"fr-FR\"},{\"@type\":\"WebPage\",\"@id\":\"https:\\\/\\\/www.rri.ro\\\/fr\\\/actualites\\\/le-flash\\\/31-08-2026-mise-a-jour-id1055408.html\",\"url\":\"https:\\\/\\\/www.rri.ro\\\/fr\\\/actualites\\\/le-flash\\\/31-08-2026-mise-a-jour-id1055408.html\",\"name\":\"31.08.2026 ( mise \u00e0 jour 2) - Radio Roumanie Internationale\",\"isPartOf\":{\"@id\":\"https:\\\/\\\/www.rri.ro\\\/#website\"},\"primaryImageOfPage\":{\"@id\":\"https:\\\/\\\/www.rri.ro\\\/fr\\\/actualites\\\/le-flash\\\/31-08-2026-mise-a-jour-id1055408.html#primaryimage\"},\"image\":{\"@id\":\"https:\\\/\\\/www.rri.ro\\\/fr\\\/actualites\\\/le-flash\\\/31-08-2026-mise-a-jour-id1055408.html#primaryimage\"},\"thumbnailUrl\":\"https:\\\/\\\/www.rri.ro\\\/wp-content\\\/uploads\\\/2024\\\/03\\\/RRI-960x540-Le-flash-2-NOU.jpg\",\"datePublished\":\"2026-08-31T16:15:34+00:00\",\"dateModified\":\"2026-08-31T16:21:49+00:00\",\"author\":{\"@id\":\"https:\\\/\\\/www.rri.ro\\\/#\\\/schema\\\/person\\\/4a479940371b9fdefd194f561e8a7f88\"},\"breadcrumb\":{\"@id\":\"https:\\\/\\\/www.rri.ro\\\/fr\\\/actualites\\\/le-flash\\\/31-08-2026-mise-a-jour-id1055408.html#breadcrumb\"},\"inLanguage\":\"fr-FR\",\"potentialAction\":[{\"@type\":\"ReadAction\",\"target\":[\"https:\\\/\\\/www.rri.ro\\\/fr\\\/actualites\\\/le-flash\\\/31-08-2026-mise-a-jour-id1055408.html\"]}]},{\"@type\":\"ImageObject\",\"inLanguage\":\"fr-FR\",\"@id\":\"https:\\\/\\\/www.rri.ro\\\/fr\\\/actualites\\\/le-flash\\\/31-08-2026-mise-a-jour-id1055408.html#primaryimage\",\"url\":\"https:\\\/\\\/www.rri.ro\\\/wp-content\\\/uploads\\\/2024\\\/03\\\/RRI-960x540-Le-flash-2-NOU.jpg\",\"contentUrl\":\"https:\\\/\\\/www.rri.ro\\\/wp-content\\\/uploads\\\/2024\\\/03\\\/RRI-960x540-Le-flash-2-NOU.jpg\",\"width\":960,\"height\":540},{\"@type\":\"BreadcrumbList\",\"@id\":\"https:\\\/\\\/www.rri.ro\\\/fr\\\/actualites\\\/le-flash\\\/31-08-2026-mise-a-jour-id1055408.html#breadcrumb\",\"itemListElement\":[{\"@type\":\"ListItem\",\"position\":1,\"name\":\"Page d'accueil\",\"item\":\"https:\\\/\\\/www.rri.ro\\\/fr\"},{\"@type\":\"ListItem\",\"position\":2,\"name\":\"Actualit\u00e9s\",\"item\":\"https:\\\/\\\/www.rri.ro\\\/fr\\\/actualites\"},{\"@type\":\"ListItem\",\"position\":3,\"name\":\"Le flash\",\"item\":\"https:\\\/\\\/www.rri.ro\\\/fr\\\/actualites\\\/le-flash\"},{\"@type\":\"ListItem\",\"position\":4,\"name\":\"31.08.2026 ( mise \u00e0 jour 2)\"}]},{\"@type\":\"WebSite\",\"@id\":\"https:\\\/\\\/www.rri.ro\\\/#website\",\"url\":\"https:\\\/\\\/www.rri.ro\\\/\",\"name\":\"Radio Roumanie Internationale\",\"description\":\"Totul despre Rom\u00e2nia \u015fi rom\u00e2ni, \u00een 13 limbi\\\/dialecte!\",\"inLanguage\":\"fr-FR\"},{\"@type\":\"Person\",\"@id\":\"https:\\\/\\\/www.rri.ro\\\/#\\\/schema\\\/person\\\/4a479940371b9fdefd194f561e8a7f88\",\"name\":\"Newsroom\",\"url\":\"https:\\\/\\\/www.rri.ro\\\/fr\\\/author\\\/newsroom\"}]}<\/script>\n<!-- \/ Yoast SEO plugin. -->","yoast_head_json":{"title":"31.08.2026 ( mise \u00e0 jour 2) - Radio Roumanie Internationale","robots":{"index":"index","follow":"follow","max-snippet":"max-snippet:-1","max-image-preview":"max-image-preview:large","max-video-preview":"max-video-preview:-1"},"canonical":"https:\/\/www.rri.ro\/fr\/actualites\/le-flash\/31-08-2026-mise-a-jour-id1055408.html","og_locale":"fr_FR","og_type":"article","og_title":"31.08.2026 ( mise \u00e0 jour 2) - Radio Roumanie Internationale","og_description":"Consultations \u2013 Le pr\u00e9sident Nicusor Dan et les partis parlementaires auront de nouvelles consultations ce mardi, 1er septembre, afin de d\u00e9signer le futur premier ministre. Le chef de l\u2019Etat se dit confiant de pouvoir trouver cette fois-ci une majorit\u00e9 en faveur d\u2019un gouvernement stable. Le pr\u00e9sident a exclu l\u2019option d\u2019un cabinet technocrate, affirmant que le [&hellip;]","og_url":"https:\/\/www.rri.ro\/fr\/actualites\/le-flash\/31-08-2026-mise-a-jour-id1055408.html","og_site_name":"Radio Roumanie Internationale","article_published_time":"2026-08-31T16:15:34+00:00","article_modified_time":"2026-08-31T16:21:49+00:00","og_image":[{"width":960,"height":540,"url":"https:\/\/www.rri.ro\/wp-content\/uploads\/2024\/03\/RRI-960x540-Le-flash-2-NOU.jpg","type":"image\/jpeg"}],"author":"Newsroom","twitter_card":"summary_large_image","twitter_misc":{"\u00c9crit par":"Newsroom","Dur\u00e9e de lecture estim\u00e9e":"6 minutes","Written by":"Newsroom"},"schema":{"@context":"https:\/\/schema.org","@graph":[{"@type":"Article","@id":"https:\/\/www.rri.ro\/fr\/actualites\/le-flash\/31-08-2026-mise-a-jour-id1055408.html#article","isPartOf":{"@id":"https:\/\/www.rri.ro\/fr\/actualites\/le-flash\/31-08-2026-mise-a-jour-id1055408.html"},"author":{"name":"Newsroom","@id":"https:\/\/www.rri.ro\/#\/schema\/person\/4a479940371b9fdefd194f561e8a7f88"},"headline":"31.08.2026 ( mise \u00e0 jour 2)","datePublished":"2026-08-31T16:15:34+00:00","dateModified":"2026-08-31T16:21:49+00:00","mainEntityOfPage":{"@id":"https:\/\/www.rri.ro\/fr\/actualites\/le-flash\/31-08-2026-mise-a-jour-id1055408.html"},"wordCount":1244,"image":{"@id":"https:\/\/www.rri.ro\/fr\/actualites\/le-flash\/31-08-2026-mise-a-jour-id1055408.html#primaryimage"},"thumbnailUrl":"https:\/\/www.rri.ro\/wp-content\/uploads\/2024\/03\/RRI-960x540-Le-flash-2-NOU.jpg","keywords":["aviron","gouvernement","langue roumaine","Nicusor Dan"],"articleSection":["Le flash"],"inLanguage":"fr-FR"},{"@type":"WebPage","@id":"https:\/\/www.rri.ro\/fr\/actualites\/le-flash\/31-08-2026-mise-a-jour-id1055408.html","url":"https:\/\/www.rri.ro\/fr\/actualites\/le-flash\/31-08-2026-mise-a-jour-id1055408.html","name":"31.08.2026 ( mise \u00e0 jour 2) - Radio Roumanie Internationale","isPartOf":{"@id":"https:\/\/www.rri.ro\/#website"},"primaryImageOfPage":{"@id":"https:\/\/www.rri.ro\/fr\/actualites\/le-flash\/31-08-2026-mise-a-jour-id1055408.html#primaryimage"},"image":{"@id":"https:\/\/www.rri.ro\/fr\/actualites\/le-flash\/31-08-2026-mise-a-jour-id1055408.html#primaryimage"},"thumbnailUrl":"https:\/\/www.rri.ro\/wp-content\/uploads\/2024\/03\/RRI-960x540-Le-flash-2-NOU.jpg","datePublished":"2026-08-31T16:15:34+00:00","dateModified":"2026-08-31T16:21:49+00:00","author":{"@id":"https:\/\/www.rri.ro\/#\/schema\/person\/4a479940371b9fdefd194f561e8a7f88"},"breadcrumb":{"@id":"https:\/\/www.rri.ro\/fr\/actualites\/le-flash\/31-08-2026-mise-a-jour-id1055408.html#breadcrumb"},"inLanguage":"fr-FR","potentialAction":[{"@type":"ReadAction","target":["https:\/\/www.rri.ro\/fr\/actualites\/le-flash\/31-08-2026-mise-a-jour-id1055408.html"]}]},{"@type":"ImageObject","inLanguage":"fr-FR","@id":"https:\/\/www.rri.ro\/fr\/actualites\/le-flash\/31-08-2026-mise-a-jour-id1055408.html#primaryimage","url":"https:\/\/www.rri.ro\/wp-content\/uploads\/2024\/03\/RRI-960x540-Le-flash-2-NOU.jpg","contentUrl":"https:\/\/www.rri.ro\/wp-content\/uploads\/2024\/03\/RRI-960x540-Le-flash-2-NOU.jpg","width":960,"height":540},{"@type":"BreadcrumbList","@id":"https:\/\/www.rri.ro\/fr\/actualites\/le-flash\/31-08-2026-mise-a-jour-id1055408.html#breadcrumb","itemListElement":[{"@type":"ListItem","position":1,"name":"Page d'accueil","item":"https:\/\/www.rri.ro\/fr"},{"@type":"ListItem","position":2,"name":"Actualit\u00e9s","item":"https:\/\/www.rri.ro\/fr\/actualites"},{"@type":"ListItem","position":3,"name":"Le flash","item":"https:\/\/www.rri.ro\/fr\/actualites\/le-flash"},{"@type":"ListItem","position":4,"name":"31.08.2026 ( mise \u00e0 jour 2)"}]},{"@type":"WebSite","@id":"https:\/\/www.rri.ro\/#website","url":"https:\/\/www.rri.ro\/","name":"Radio Roumanie Internationale","description":"Totul despre Rom\u00e2nia \u015fi rom\u00e2ni, \u00een 13 limbi\/dialecte!","inLanguage":"fr-FR"},{"@type":"Person","@id":"https:\/\/www.rri.ro\/#\/schema\/person\/4a479940371b9fdefd194f561e8a7f88","name":"Newsroom","url":"https:\/\/www.rri.ro\/fr\/author\/newsroom"}]}},"_links":{"self":[{"href":"https:\/\/www.rri.ro\/fr\/wp-json\/wp\/v2\/posts\/1055408","targetHints":{"allow":["GET"]}}],"collection":[{"href":"https:\/\/www.rri.ro\/fr\/wp-json\/wp\/v2\/posts"}],"about":[{"href":"https:\/\/www.rri.ro\/fr\/wp-json\/wp\/v2\/types\/post"}],"author":[{"embeddable":true,"href":"https:\/\/www.rri.ro\/fr\/wp-json\/wp\/v2\/users\/113"}],"replies":[{"embeddable":true,"href":"https:\/\/www.rri.ro\/fr\/wp-json\/wp\/v2\/comments?post=1055408"}],"version-history":[{"count":2,"href":"https:\/\/www.rri.ro\/fr\/wp-json\/wp\/v2\/posts\/1055408\/revisions"}],"predecessor-version":[{"id":1055415,"href":"https:\/\/www.rri.ro\/fr\/wp-json\/wp\/v2\/posts\/1055408\/revisions\/1055415"}],"wp:featuredmedia":[{"embeddable":true,"href":"https:\/\/www.rri.ro\/fr\/wp-json\/wp\/v2\/media\/723357"}],"wp:attachment":[{"href":"https:\/\/www.rri.ro\/fr\/wp-json\/wp\/v2\/media?parent=1055408"}],"wp:term":[{"taxonomy":"category","embeddable":true,"href":"https:\/\/www.rri.ro\/fr\/wp-json\/wp\/v2\/categories?post=1055408"},{"taxonomy":"post_tag","embeddable":true,"href":"https:\/\/www.rri.ro\/fr\/wp-json\/wp\/v2\/tags?post=1055408"},{"taxonomy":"author","embeddable":true,"href":"https:\/\/www.rri.ro\/fr\/wp-json\/wp\/v2\/coauthors?post=1055408"}],"curies":[{"name":"wp","href":"https:\/\/api.w.org\/{rel}","templated":true}]}}