{"id":1055631,"date":"2026-09-01T12:32:16","date_gmt":"2026-09-01T09:32:16","guid":{"rendered":"https:\/\/www.rri.ro\/?p=1055631"},"modified":"2026-09-01T12:33:16","modified_gmt":"2026-09-01T09:33:16","slug":"la-fin-du-pnrr","status":"publish","type":"post","link":"https:\/\/www.rri.ro\/fr\/actualites\/les-dossiers-de-lactualite\/la-fin-du-pnrr-id1055631.html","title":{"rendered":"La fin du PNRR"},"content":{"rendered":"<p><strong>Des projets finalis\u00e9s \u00e0 la derni\u00e8re minute<\/strong><\/p>\n<p>&nbsp;<\/p>\n<p>C\u2019est la fin des financements europ\u00e9ens dont la Roumanie b\u00e9n\u00e9ficiait dans le cadre de son Plan national de relance et de r\u00e9silience (PNRR). Le lundi 31 ao\u00fbt, dernier jour du Plan, plusieurs objectifs \u00e9taient encore en train d\u2019\u00eatre valid\u00e9s et diff\u00e9rents actes normatifs \u00e9taient adopt\u00e9s par le Gouvernement dans une tentative de s\u2019assurer qu\u2019un nombre aussi grand que possible d\u2019engagements et jalons assum\u00e9s sont accomplis. Par exemple, \u00e0 T\u00e2rgu Mure\u015f (centre), le nouveau Centre chirurgical cardiovasculaire de l\u2019Institut du Coeur a \u00e9t\u00e9 inaugur\u00e9, alors que dans l&rsquo;est du pays, un nouveau tron\u00e7on d\u2019environ 50 km de l\u2019autoroute A7 dite \u00ab de la Moldova \u00bb a \u00e9t\u00e9 ouvert \u00e0 la circulation routi\u00e8re.<\/p>\n<p>&nbsp;<\/p>\n<p><strong>Le PNRR, un grand avantage pour la Roumanie<\/strong><\/p>\n<p>&nbsp;<\/p>\n<p>Somme toute, des investissements importants ont \u00e9t\u00e9 faits en Roumanie gr\u00e2ce aux financements du Plan, a d\u00e9clar\u00e9 \u00e0 Bucarest le premier ministre par int\u00e9rim llie Bolojan, qui a en \u00e9num\u00e9r\u00e9 quelques exemples\u00a0pr\u00e9cis\u00a0:<\/p>\n<p><em>\u00ab Il s\u2019agit d\u2019importants projets visant la grande infrastructure, \u00e0 savoir : des voies ferr\u00e9es qui ont \u00e9t\u00e9 modernis\u00e9es et \u00e9lectrifi\u00e9es, ou bien le r\u00e9seau d\u2019h\u00f4pitaux de Roumanie, de nombreux projets encore portant sur la qualit\u00e9 de l\u2019enseignement dans les \u00e9tablissements scolaires \u00e0 travers le pays, dans presque tous les chefs-lieux de d\u00e9partement. La plupart des \u00e9coles ont \u00e9t\u00e9 modernis\u00e9es, \u00e9quip\u00e9es, r\u00e9habilit\u00e9es et dot\u00e9es d\u2019infrastructure de derni\u00e8re g\u00e9n\u00e9ration. S\u2019y ajoutent de nombreux projets en mati\u00e8re d\u2019efficacit\u00e9 \u00e9nerg\u00e9tique que les autorit\u00e9s locales ont finalis\u00e9s en toute conformit\u00e9. \u00bb<\/em><\/p>\n<p>&nbsp;<\/p>\n<p>13 milliards et demi d\u2019euros sous de fonds non remboursables &#8211; c\u2019est la somme re\u00e7ue par la Roumanie par le biais du PNRR \u00e0 laquelle s\u2019ajoutent environ 7 milliards d\u2019euros sous forme de cr\u00e9dit, une composante qui a diminu\u00e9 graduellement afin de r\u00e9duire le plus que possible le risque de perdre l\u2019argent europ\u00e9en, a pr\u00e9cis\u00e9 llie Bolojan.<\/p>\n<p>&nbsp;<\/p>\n<p><strong>Des sommes importantes ont \u00e9t\u00e9 perdues<\/strong><\/p>\n<p>&nbsp;<\/p>\n<p>Bucarest a n\u00e9anmoins perdu quelques sommes consistantes, dont une tranche de 770 millions d\u2019euros pour ne pas avoir adopt\u00e9 la r\u00e9forme des salaires dans le secteur public, ou encore un financement de pr\u00e8s de 100 millions d\u2019euros en raison des mesures incompl\u00e8tes prises dans le domaine de la d\u00e9carbonation. C\u2019est en raison des retards enregistr\u00e9s dans la cr\u00e9ation de nouvelles capacit\u00e9s de production, qu\u2019il a \u00e9t\u00e9 impossible de remplacer les centrales \u00e0 charbon, a expliqu\u00e9 le premier ministre par int\u00e9rim.<\/p>\n<p>&nbsp;<\/p>\n<p>D\u2019ailleurs, la mise en \u0153uvre du Plan a \u00e9t\u00e9 affect\u00e9e par des retards et par diff\u00e9rents probl\u00e8mes survenus d\u00e8s les premi\u00e8res \u00e9tapes du programme, estime Ilie Bolojan. Dans une tentative de rem\u00e9dier \u00e0 la situation, ces derni\u00e8res ann\u00e9es, Bucarest a ren\u00e9goci\u00e9 plusieurs jalons et a r\u00e9duit l\u2019ampleur de certains engagements. Sur les plus de 15 000 investissements assum\u00e9s initialement, pr\u00e8s de 4 500 projets n\u2019ont pas pu \u00eatre finalis\u00e9s ou valid\u00e9s.<\/p>\n<p>&nbsp;<\/p>\n<p><strong>La Roumanie, en queue du peloton europ\u00e9en<\/strong><\/p>\n<p>&nbsp;<\/p>\n<p>A comparer avec les autres Etats-membres, la Roumanie se retrouve en queue de peloton pour ce qui est du financement europ\u00e9en re\u00e7u effectivement, avec 61 % seulement du total qui lui avait \u00e9t\u00e9 destin\u00e9. Les championnes absolues en la mati\u00e8re, sont l\u2019Espagne et l\u2019Italie, qui ont attir\u00e9 90 \u2013 100 % des fonds. Elles sont suivies par le Portugal et la Gr\u00e8ce, avec un taux d\u2019absorption de 80-85 %. La plupart des Etats-membres ont r\u00e9ussi \u00e0 obtenir environ 70-75 % des fonds qui leur avaient \u00e9t\u00e9 allou\u00e9s. Par exemple, la Pologne a r\u00e9ussi \u00e0 b\u00e9n\u00e9ficier de plus de 65 % de cet argent europ\u00e9en, ayant fortement acc\u00e9l\u00e9r\u00e9 les r\u00e9formes et les demandes de paiement cette derni\u00e8re ann\u00e9e. Dans tout ce contexte, la Roumanie ne devance que la Bulgarie qui n\u2019a s\u00e9curis\u00e9 que 53 % des fonds de son PNRR, en raison d\u2019une forte instabilit\u00e9 politique interne. (trad. Valentina Beleavski)<\/p>\n<p>&nbsp;<\/p>\n<p>&nbsp;<\/p>\n","protected":false},"excerpt":{"rendered":"<p>Des projets finalis\u00e9s \u00e0 la derni\u00e8re minute &nbsp; C\u2019est la fin des financements europ\u00e9ens dont la Roumanie b\u00e9n\u00e9ficiait dans le cadre de son Plan national de relance et de r\u00e9silience (PNRR). Le lundi 31 ao\u00fbt, dernier jour du Plan, plusieurs objectifs \u00e9taient encore en train d\u2019\u00eatre valid\u00e9s et diff\u00e9rents actes normatifs \u00e9taient adopt\u00e9s par le [&hellip;]<\/p>\n","protected":false},"author":106,"featured_media":1055545,"comment_status":"closed","ping_status":"closed","sticky":false,"template":"","format":"standard","meta":{"_acf_changed":false,"footnotes":""},"categories":[93377],"tags":[85940,88121,143995,87172],"coauthors":[113311],"class_list":["post-1055631","post","type-post","status-publish","format-standard","has-post-thumbnail","hentry","category-les-dossiers-de-lactualite","tag-fonds-europeens","tag-investissements","tag-pnrr-fr","tag-projets"],"acf":[],"yoast_head":"<!-- This site is optimized with the Yoast SEO plugin v28.2 - https:\/\/yoast.com\/product\/yoast-seo-wordpress\/ -->\n<title>La fin du PNRR - Radio Roumanie Internationale<\/title>\n<meta name=\"robots\" content=\"index, follow, max-snippet:-1, max-image-preview:large, max-video-preview:-1\" \/>\n<link rel=\"canonical\" href=\"https:\/\/www.rri.ro\/fr\/actualites\/les-dossiers-de-lactualite\/la-fin-du-pnrr-id1055631.html\" \/>\n<meta property=\"og:locale\" content=\"fr_FR\" \/>\n<meta property=\"og:type\" content=\"article\" \/>\n<meta property=\"og:title\" content=\"La fin du PNRR - Radio Roumanie Internationale\" \/>\n<meta property=\"og:description\" content=\"Des projets finalis\u00e9s \u00e0 la derni\u00e8re minute &nbsp; C\u2019est la fin des financements europ\u00e9ens dont la Roumanie b\u00e9n\u00e9ficiait dans le cadre de son Plan national de relance et de r\u00e9silience (PNRR). Le lundi 31 ao\u00fbt, dernier jour du Plan, plusieurs objectifs \u00e9taient encore en train d\u2019\u00eatre valid\u00e9s et diff\u00e9rents actes normatifs \u00e9taient adopt\u00e9s par le [&hellip;]\" \/>\n<meta property=\"og:url\" content=\"https:\/\/www.rri.ro\/fr\/actualites\/les-dossiers-de-lactualite\/la-fin-du-pnrr-id1055631.html\" \/>\n<meta property=\"og:site_name\" content=\"Radio Roumanie Internationale\" \/>\n<meta property=\"article:published_time\" content=\"2026-09-01T09:32:16+00:00\" \/>\n<meta property=\"article:modified_time\" content=\"2026-09-01T09:33:16+00:00\" \/>\n<meta property=\"og:image\" content=\"https:\/\/www.rri.ro\/wp-content\/uploads\/2026\/09\/PNRR-sursa-foto-guvernul-Romaniei-facebook.jpg\" \/>\n\t<meta property=\"og:image:width\" content=\"960\" \/>\n\t<meta property=\"og:image:height\" content=\"541\" \/>\n\t<meta property=\"og:image:type\" content=\"image\/jpeg\" \/>\n<meta name=\"author\" content=\"Mihai Pelin\" \/>\n<meta name=\"twitter:card\" content=\"summary_large_image\" \/>\n<meta name=\"twitter:label1\" content=\"\u00c9crit par\" \/>\n\t<meta name=\"twitter:data1\" content=\"Mihai Pelin\" \/>\n\t<meta name=\"twitter:label2\" content=\"Dur\u00e9e de lecture estim\u00e9e\" \/>\n\t<meta name=\"twitter:data2\" content=\"4 minutes\" \/>\n\t<meta name=\"twitter:label3\" content=\"Written by\" \/>\n\t<meta name=\"twitter:data3\" content=\"Mihai Pelin\" \/>\n<script type=\"application\/ld+json\" class=\"yoast-schema-graph\">{\"@context\":\"https:\\\/\\\/schema.org\",\"@graph\":[{\"@type\":\"Article\",\"@id\":\"https:\\\/\\\/www.rri.ro\\\/fr\\\/actualites\\\/les-dossiers-de-lactualite\\\/la-fin-du-pnrr-id1055631.html#article\",\"isPartOf\":{\"@id\":\"https:\\\/\\\/www.rri.ro\\\/fr\\\/actualites\\\/les-dossiers-de-lactualite\\\/la-fin-du-pnrr-id1055631.html\"},\"author\":{\"name\":\"Mihai Pelin\",\"@id\":\"https:\\\/\\\/www.rri.ro\\\/#\\\/schema\\\/person\\\/c6036c822534c855dc3aad41a484f05d\"},\"headline\":\"La fin du PNRR\",\"datePublished\":\"2026-09-01T09:32:16+00:00\",\"dateModified\":\"2026-09-01T09:33:16+00:00\",\"mainEntityOfPage\":{\"@id\":\"https:\\\/\\\/www.rri.ro\\\/fr\\\/actualites\\\/les-dossiers-de-lactualite\\\/la-fin-du-pnrr-id1055631.html\"},\"wordCount\":708,\"image\":{\"@id\":\"https:\\\/\\\/www.rri.ro\\\/fr\\\/actualites\\\/les-dossiers-de-lactualite\\\/la-fin-du-pnrr-id1055631.html#primaryimage\"},\"thumbnailUrl\":\"https:\\\/\\\/www.rri.ro\\\/wp-content\\\/uploads\\\/2026\\\/09\\\/PNRR-sursa-foto-guvernul-Romaniei-facebook.jpg\",\"keywords\":[\"fonds europ\u00e9ens\",\"investissements\",\"PNRR\",\"projets\"],\"articleSection\":[\"Les dossiers de l'actualit\u00e9\"],\"inLanguage\":\"fr-FR\"},{\"@type\":\"WebPage\",\"@id\":\"https:\\\/\\\/www.rri.ro\\\/fr\\\/actualites\\\/les-dossiers-de-lactualite\\\/la-fin-du-pnrr-id1055631.html\",\"url\":\"https:\\\/\\\/www.rri.ro\\\/fr\\\/actualites\\\/les-dossiers-de-lactualite\\\/la-fin-du-pnrr-id1055631.html\",\"name\":\"La fin du PNRR - Radio Roumanie Internationale\",\"isPartOf\":{\"@id\":\"https:\\\/\\\/www.rri.ro\\\/#website\"},\"primaryImageOfPage\":{\"@id\":\"https:\\\/\\\/www.rri.ro\\\/fr\\\/actualites\\\/les-dossiers-de-lactualite\\\/la-fin-du-pnrr-id1055631.html#primaryimage\"},\"image\":{\"@id\":\"https:\\\/\\\/www.rri.ro\\\/fr\\\/actualites\\\/les-dossiers-de-lactualite\\\/la-fin-du-pnrr-id1055631.html#primaryimage\"},\"thumbnailUrl\":\"https:\\\/\\\/www.rri.ro\\\/wp-content\\\/uploads\\\/2026\\\/09\\\/PNRR-sursa-foto-guvernul-Romaniei-facebook.jpg\",\"datePublished\":\"2026-09-01T09:32:16+00:00\",\"dateModified\":\"2026-09-01T09:33:16+00:00\",\"author\":{\"@id\":\"https:\\\/\\\/www.rri.ro\\\/#\\\/schema\\\/person\\\/c6036c822534c855dc3aad41a484f05d\"},\"breadcrumb\":{\"@id\":\"https:\\\/\\\/www.rri.ro\\\/fr\\\/actualites\\\/les-dossiers-de-lactualite\\\/la-fin-du-pnrr-id1055631.html#breadcrumb\"},\"inLanguage\":\"fr-FR\",\"potentialAction\":[{\"@type\":\"ReadAction\",\"target\":[\"https:\\\/\\\/www.rri.ro\\\/fr\\\/actualites\\\/les-dossiers-de-lactualite\\\/la-fin-du-pnrr-id1055631.html\"]}]},{\"@type\":\"ImageObject\",\"inLanguage\":\"fr-FR\",\"@id\":\"https:\\\/\\\/www.rri.ro\\\/fr\\\/actualites\\\/les-dossiers-de-lactualite\\\/la-fin-du-pnrr-id1055631.html#primaryimage\",\"url\":\"https:\\\/\\\/www.rri.ro\\\/wp-content\\\/uploads\\\/2026\\\/09\\\/PNRR-sursa-foto-guvernul-Romaniei-facebook.jpg\",\"contentUrl\":\"https:\\\/\\\/www.rri.ro\\\/wp-content\\\/uploads\\\/2026\\\/09\\\/PNRR-sursa-foto-guvernul-Romaniei-facebook.jpg\",\"width\":960,\"height\":541,\"caption\":\"PNRR sursa foto guvernul Romaniei facebook\"},{\"@type\":\"BreadcrumbList\",\"@id\":\"https:\\\/\\\/www.rri.ro\\\/fr\\\/actualites\\\/les-dossiers-de-lactualite\\\/la-fin-du-pnrr-id1055631.html#breadcrumb\",\"itemListElement\":[{\"@type\":\"ListItem\",\"position\":1,\"name\":\"Page d'accueil\",\"item\":\"https:\\\/\\\/www.rri.ro\\\/fr\"},{\"@type\":\"ListItem\",\"position\":2,\"name\":\"Actualit\u00e9s\",\"item\":\"https:\\\/\\\/www.rri.ro\\\/fr\\\/actualites\"},{\"@type\":\"ListItem\",\"position\":3,\"name\":\"Les dossiers de l'actualit\u00e9\",\"item\":\"https:\\\/\\\/www.rri.ro\\\/fr\\\/actualites\\\/les-dossiers-de-lactualite\"},{\"@type\":\"ListItem\",\"position\":4,\"name\":\"La fin du PNRR\"}]},{\"@type\":\"WebSite\",\"@id\":\"https:\\\/\\\/www.rri.ro\\\/#website\",\"url\":\"https:\\\/\\\/www.rri.ro\\\/\",\"name\":\"Radio Roumanie Internationale\",\"description\":\"Totul despre Rom\u00e2nia \u015fi rom\u00e2ni, \u00een 13 limbi\\\/dialecte!\",\"inLanguage\":\"fr-FR\"},{\"@type\":\"Person\",\"@id\":\"https:\\\/\\\/www.rri.ro\\\/#\\\/schema\\\/person\\\/c6036c822534c855dc3aad41a484f05d\",\"name\":\"Mihai Pelin\",\"url\":\"https:\\\/\\\/www.rri.ro\\\/fr\\\/author\\\/mihai-pelin\"}]}<\/script>\n<!-- \/ Yoast SEO plugin. -->","yoast_head_json":{"title":"La fin du PNRR - Radio Roumanie Internationale","robots":{"index":"index","follow":"follow","max-snippet":"max-snippet:-1","max-image-preview":"max-image-preview:large","max-video-preview":"max-video-preview:-1"},"canonical":"https:\/\/www.rri.ro\/fr\/actualites\/les-dossiers-de-lactualite\/la-fin-du-pnrr-id1055631.html","og_locale":"fr_FR","og_type":"article","og_title":"La fin du PNRR - Radio Roumanie Internationale","og_description":"Des projets finalis\u00e9s \u00e0 la derni\u00e8re minute &nbsp; C\u2019est la fin des financements europ\u00e9ens dont la Roumanie b\u00e9n\u00e9ficiait dans le cadre de son Plan national de relance et de r\u00e9silience (PNRR). Le lundi 31 ao\u00fbt, dernier jour du Plan, plusieurs objectifs \u00e9taient encore en train d\u2019\u00eatre valid\u00e9s et diff\u00e9rents actes normatifs \u00e9taient adopt\u00e9s par le [&hellip;]","og_url":"https:\/\/www.rri.ro\/fr\/actualites\/les-dossiers-de-lactualite\/la-fin-du-pnrr-id1055631.html","og_site_name":"Radio Roumanie Internationale","article_published_time":"2026-09-01T09:32:16+00:00","article_modified_time":"2026-09-01T09:33:16+00:00","og_image":[{"width":960,"height":541,"url":"https:\/\/www.rri.ro\/wp-content\/uploads\/2026\/09\/PNRR-sursa-foto-guvernul-Romaniei-facebook.jpg","type":"image\/jpeg"}],"author":"Mihai Pelin","twitter_card":"summary_large_image","twitter_misc":{"\u00c9crit par":"Mihai Pelin","Dur\u00e9e de lecture estim\u00e9e":"4 minutes","Written by":"Mihai Pelin"},"schema":{"@context":"https:\/\/schema.org","@graph":[{"@type":"Article","@id":"https:\/\/www.rri.ro\/fr\/actualites\/les-dossiers-de-lactualite\/la-fin-du-pnrr-id1055631.html#article","isPartOf":{"@id":"https:\/\/www.rri.ro\/fr\/actualites\/les-dossiers-de-lactualite\/la-fin-du-pnrr-id1055631.html"},"author":{"name":"Mihai Pelin","@id":"https:\/\/www.rri.ro\/#\/schema\/person\/c6036c822534c855dc3aad41a484f05d"},"headline":"La fin du PNRR","datePublished":"2026-09-01T09:32:16+00:00","dateModified":"2026-09-01T09:33:16+00:00","mainEntityOfPage":{"@id":"https:\/\/www.rri.ro\/fr\/actualites\/les-dossiers-de-lactualite\/la-fin-du-pnrr-id1055631.html"},"wordCount":708,"image":{"@id":"https:\/\/www.rri.ro\/fr\/actualites\/les-dossiers-de-lactualite\/la-fin-du-pnrr-id1055631.html#primaryimage"},"thumbnailUrl":"https:\/\/www.rri.ro\/wp-content\/uploads\/2026\/09\/PNRR-sursa-foto-guvernul-Romaniei-facebook.jpg","keywords":["fonds europ\u00e9ens","investissements","PNRR","projets"],"articleSection":["Les dossiers de l'actualit\u00e9"],"inLanguage":"fr-FR"},{"@type":"WebPage","@id":"https:\/\/www.rri.ro\/fr\/actualites\/les-dossiers-de-lactualite\/la-fin-du-pnrr-id1055631.html","url":"https:\/\/www.rri.ro\/fr\/actualites\/les-dossiers-de-lactualite\/la-fin-du-pnrr-id1055631.html","name":"La fin du PNRR - Radio Roumanie Internationale","isPartOf":{"@id":"https:\/\/www.rri.ro\/#website"},"primaryImageOfPage":{"@id":"https:\/\/www.rri.ro\/fr\/actualites\/les-dossiers-de-lactualite\/la-fin-du-pnrr-id1055631.html#primaryimage"},"image":{"@id":"https:\/\/www.rri.ro\/fr\/actualites\/les-dossiers-de-lactualite\/la-fin-du-pnrr-id1055631.html#primaryimage"},"thumbnailUrl":"https:\/\/www.rri.ro\/wp-content\/uploads\/2026\/09\/PNRR-sursa-foto-guvernul-Romaniei-facebook.jpg","datePublished":"2026-09-01T09:32:16+00:00","dateModified":"2026-09-01T09:33:16+00:00","author":{"@id":"https:\/\/www.rri.ro\/#\/schema\/person\/c6036c822534c855dc3aad41a484f05d"},"breadcrumb":{"@id":"https:\/\/www.rri.ro\/fr\/actualites\/les-dossiers-de-lactualite\/la-fin-du-pnrr-id1055631.html#breadcrumb"},"inLanguage":"fr-FR","potentialAction":[{"@type":"ReadAction","target":["https:\/\/www.rri.ro\/fr\/actualites\/les-dossiers-de-lactualite\/la-fin-du-pnrr-id1055631.html"]}]},{"@type":"ImageObject","inLanguage":"fr-FR","@id":"https:\/\/www.rri.ro\/fr\/actualites\/les-dossiers-de-lactualite\/la-fin-du-pnrr-id1055631.html#primaryimage","url":"https:\/\/www.rri.ro\/wp-content\/uploads\/2026\/09\/PNRR-sursa-foto-guvernul-Romaniei-facebook.jpg","contentUrl":"https:\/\/www.rri.ro\/wp-content\/uploads\/2026\/09\/PNRR-sursa-foto-guvernul-Romaniei-facebook.jpg","width":960,"height":541,"caption":"PNRR sursa foto guvernul Romaniei facebook"},{"@type":"BreadcrumbList","@id":"https:\/\/www.rri.ro\/fr\/actualites\/les-dossiers-de-lactualite\/la-fin-du-pnrr-id1055631.html#breadcrumb","itemListElement":[{"@type":"ListItem","position":1,"name":"Page d'accueil","item":"https:\/\/www.rri.ro\/fr"},{"@type":"ListItem","position":2,"name":"Actualit\u00e9s","item":"https:\/\/www.rri.ro\/fr\/actualites"},{"@type":"ListItem","position":3,"name":"Les dossiers de l'actualit\u00e9","item":"https:\/\/www.rri.ro\/fr\/actualites\/les-dossiers-de-lactualite"},{"@type":"ListItem","position":4,"name":"La fin du PNRR"}]},{"@type":"WebSite","@id":"https:\/\/www.rri.ro\/#website","url":"https:\/\/www.rri.ro\/","name":"Radio Roumanie Internationale","description":"Totul despre Rom\u00e2nia \u015fi rom\u00e2ni, \u00een 13 limbi\/dialecte!","inLanguage":"fr-FR"},{"@type":"Person","@id":"https:\/\/www.rri.ro\/#\/schema\/person\/c6036c822534c855dc3aad41a484f05d","name":"Mihai Pelin","url":"https:\/\/www.rri.ro\/fr\/author\/mihai-pelin"}]}},"_links":{"self":[{"href":"https:\/\/www.rri.ro\/fr\/wp-json\/wp\/v2\/posts\/1055631","targetHints":{"allow":["GET"]}}],"collection":[{"href":"https:\/\/www.rri.ro\/fr\/wp-json\/wp\/v2\/posts"}],"about":[{"href":"https:\/\/www.rri.ro\/fr\/wp-json\/wp\/v2\/types\/post"}],"author":[{"embeddable":true,"href":"https:\/\/www.rri.ro\/fr\/wp-json\/wp\/v2\/users\/106"}],"replies":[{"embeddable":true,"href":"https:\/\/www.rri.ro\/fr\/wp-json\/wp\/v2\/comments?post=1055631"}],"version-history":[{"count":2,"href":"https:\/\/www.rri.ro\/fr\/wp-json\/wp\/v2\/posts\/1055631\/revisions"}],"predecessor-version":[{"id":1055634,"href":"https:\/\/www.rri.ro\/fr\/wp-json\/wp\/v2\/posts\/1055631\/revisions\/1055634"}],"wp:featuredmedia":[{"embeddable":true,"href":"https:\/\/www.rri.ro\/fr\/wp-json\/wp\/v2\/media\/1055545"}],"wp:attachment":[{"href":"https:\/\/www.rri.ro\/fr\/wp-json\/wp\/v2\/media?parent=1055631"}],"wp:term":[{"taxonomy":"category","embeddable":true,"href":"https:\/\/www.rri.ro\/fr\/wp-json\/wp\/v2\/categories?post=1055631"},{"taxonomy":"post_tag","embeddable":true,"href":"https:\/\/www.rri.ro\/fr\/wp-json\/wp\/v2\/tags?post=1055631"},{"taxonomy":"author","embeddable":true,"href":"https:\/\/www.rri.ro\/fr\/wp-json\/wp\/v2\/coauthors?post=1055631"}],"curies":[{"name":"wp","href":"https:\/\/api.w.org\/{rel}","templated":true}]}}