{"id":1055636,"date":"2026-09-01T12:40:24","date_gmt":"2026-09-01T09:40:24","guid":{"rendered":"https:\/\/www.rri.ro\/?p=1055636"},"modified":"2026-09-01T12:40:24","modified_gmt":"2026-09-01T09:40:24","slug":"01-09-2026","status":"publish","type":"post","link":"https:\/\/www.rri.ro\/fr\/actualites\/le-flash\/01-09-2026-id1055636.html","title":{"rendered":"01.09.2026"},"content":{"rendered":"<p><strong>PNRR \u2013<\/strong> 31 ao\u00fbt 2026 a marqu\u00e9 l&rsquo;\u00e9ch\u00e9ance finale fix\u00e9e par la Commission europ\u00e9enne pour la mise en \u0153uvre des r\u00e9formes, des cibles et des projets financ\u00e9s par le biais du Plan National de Relance et de R\u00e9silience (PNRR) de l&rsquo;Union europ\u00e9enne. La Roumanie n\u2019a r\u00e9ussi \u00e0 touch\u00e9 que 13 milliards d\u2019euros parmi les 20 que Bruxelles lui avait r\u00e9serv\u00e9, en raison des blocages politiques et des retards.\u00a0 Le parlement de Bucarest a adopt\u00e9 en urgence une loi stipulant que les travaux effectu\u00e9s apr\u00e8s le 31 ao\u00fbt soient financ\u00e9s par l\u2019argent public ou d\u2019autres sources de financement. Si les b\u00e9n\u00e9ficiaires de ces fonds n\u2019arrivent pas \u00e0 cl\u00f4turer les travaux d\u2019ici la fin de l\u2019ann\u00e9e, ils seront oblig\u00e9s de rembourser tout l\u2019argent qu\u2019ils ont touch\u00e9.<\/p>\n<p><strong>\u00a0<\/strong><\/p>\n<p><strong>Diplomatie<\/strong> \u2013 La Roumanie est un acteur important de la s\u00e9curit\u00e9 transatlantique sur le flanc Est de l\u2019OTAN et de l\u2019UE et dans la r\u00e9gion o\u00f9 elle se trouve. C\u2019est ce qu\u2019a d\u00e9clar\u00e9 le pr\u00e9sident Nicusor Dan, dans son discours prononc\u00e9 lors de la R\u00e9union annuelle de la diplomatie roumaine. Et lui de rappeler que Bucarest entamera l\u2019ann\u00e9e prochaine le projet d\u2019explotation gazi\u00e8re Neptun Deep et donc, la mer Noire reste essentielle pour la s\u00e9curit\u00e9 nationale et europ\u00e9enne, tout comme pour les futures relations \u00e9conomiques avec la r\u00e9gion de la mer Caspienne et de l\u2019Asie. Nicusor Dan a \u00e9galement pr\u00e9cis\u00e9 que la Roumanie voudrait contribuer \u00e0 contrecarrer les menaces hybrides en Europe. Le pr\u00e9sident roumain a affirm\u00e9 esp\u00e9rer que la relation avec le futur gouvernement, quel qu\u2019il soit, solutionne aussi une s\u00e9rie de probl\u00e8mes administratifs auxquels la diplomatie roumaine se confronte.<\/p>\n<p>&nbsp;<\/p>\n<p><strong>Parlement<\/strong> \u2013 Coup d\u2019envoi ce mardi, 1er septembre, de la session d\u2019automne du Parlement bicam\u00e9ral de Bucarest. Le premier jour est r\u00e9serv\u00e9 \u00e0 l\u2019\u00e9lection de la direction des deux chambres parlementaires et des repr\u00e9sentants des partis au sein des bureaux permanents. Parmi les sujets prioritaires de l\u2019actuelle session notons la mise en place d\u2019un nouveau gouvernement de plein exercice, la r\u00e9organisation de l\u2019administration publique et des compagnies publiques et la r\u00e9forme \u00e9lectorale. A l\u2019agenda de l\u2019Assembl\u00e9e l\u00e9gislative figurent aussi la loi sur la r\u00e9mun\u00e9ration unifi\u00e9e du secteur public, le financement du syst\u00e8me sanitaire et la nouvelle loi sur l\u2019examen d\u2019admission des \u00e9l\u00e8ves au lyc\u00e9e. La Roumanie n\u2019a plus de gouvernement titulaire depuis le 5 mai dernier, lorsque la coalition minoritaire form\u00e9e du Parti National Lib\u00e9ral, de l\u2019Union Sauvez la Roumanie et de l\u2019Union D\u00e9mocrate Magyare de Roumanie a \u00e9t\u00e9 destitu\u00e9e par motion de censure. D\u00e9sign\u00e9 dans un premier temps candidat au poste de premier-ministre, l\u2019eurod\u00e9put\u00e9 Eugen Tomac a d\u00e9pos\u00e9 son mandat avant m\u00eame de choisir son \u00e9quipe. Par la suite, le lib\u00e9ral dissident Adrian Vestea a \u00e9t\u00e9 nomm\u00e9, sans obtenir les voix parlementaires n\u00e9cessaires \u00e0 son investiture.<\/p>\n<p>&nbsp;<\/p>\n<p><strong>Dublin \u2013 <\/strong>Les ministres roumains par int\u00e9rim des Affaires \u00e9trang\u00e8res, Oana Toiu et de la D\u00e9fense, Radu Miruta, participent ce mardi en Irlande \u00e0 une r\u00e9union de l\u2019UE consacr\u00e9e \u00e0 la recrudescence des attaques hybrides et de la pr\u00e9sence de drones russes dans l\u2019espace europ\u00e9en dans le contexte de la guerre men\u00e9e par la F\u00e9d\u00e9ration de Russie en Ukraine. Les participants tentent de trouver des solutions pour que les pays membres qui disposent des syst\u00e8mes d\u2019interception Patriot en fassent don \u00e0 l\u2019Ukraine. A l\u2019agenda de la r\u00e9union figure aussi une nouvelle discussion sur l\u2019utilisation des avoirs russes gel\u00e9s dans l&rsquo;UE pour soutenir l\u2019Ukraine, une id\u00e9e soutenue par l\u2019Espagne, le Portugal, la Su\u00e8de et les Pays Bas, mais que la Belgique a bloqu\u00e9e en 2025.<\/p>\n<p>&nbsp;<\/p>\n<p><strong>Visite<\/strong> \u2013 L\u2019ancienne chanceli\u00e8re allemande, Angela Merkel, se trouve\u00a0 \u00e0 Bucarest cette semaine pour pr\u00e9senter son volume de m\u00e9moires intitul\u00e9 \u00ab\u00a0Libert\u00e9. Souvenirs 1954-2021\u00a0\u00bb. Selon les m\u00e9dias, les lecteurs roumains pourront la rencontrer lors de deux \u00e9v\u00e9nements publics. Il s\u2019agit d\u2019une s\u00e9ance d\u2019autographes pr\u00e9vue ce mardi 1er septembre et d\u2019un dialogue \u00e0 l\u2019Ath\u00e9n\u00e9e Roumain avec le journaliste et diplomate Emil Hurezeanu, fin connaisseur de l\u2019espace germanophone. Le volume des m\u00e9moires d\u2019Angela Merkel a \u00e9t\u00e9 lanc\u00e9 \u00e0 l\u2019international en 2024 dans plus de 30 pays. Bucarest figure parmi les rares villes o\u00f9 l\u2019ancienne chanceli\u00e8re a choisi de participer personnellement au lancement de son livre, aux c\u00f4t\u00e9s d\u2019autres capitales telles Berlin, Washington, Budapest et Ath\u00e8nes. Dans cet ouvrage, elle \u00e9voque son enfance et sa jeunesse pass\u00e9es en R\u00e9publique d\u00e9mocratique allemande, un satellite communiste de l\u2019Union sovi\u00e9tique, la chute du mur de Berlin et les d\u00e9buts de sa carri\u00e8re politique. Elle offre aussi une perspective des d\u00e9cisions prises durant ses seize ann\u00e9es \u00e0 la t\u00eate du gouvernement allemand et sur ses rencontres avec les leaders de la sc\u00e8ne politique internationale. Rappelons-le, Angela Merkel a \u00e9t\u00e9 chanceli\u00e8re d\u2019Allemagne de 2005 \u00e0 2021 et la premi\u00e8re femme \u00e0 occuper ce poste.<\/p>\n<p>&nbsp;<\/p>\n<p><strong>Tennis<\/strong> \u2013 La joueuse roumaine de tennis, Sorana C\u00eerstea, a d\u00e9but\u00e9 par une victoire contre l\u2019Autrichienne Julia Grabher sa participation \u00e0 l\u2019US Open, dernier tournoi de Grand Chelem de l\u2019ann\u00e9e. C\u00eerstea se pr\u00e9pare \u00e0 rencontrer la Fran\u00e7aise, Diane Parry. En revanche, une autre roumaine, Gabriela Ruse, s\u2019est inclin\u00e9e face \u00e0 l\u2019Am\u00e9ricaine, Jessica Pegula, au premier tour du tournoi de Flushing Meadows.<\/p>\n<p>&nbsp;<\/p>\n<p><strong>M\u00e9t\u00e9o<\/strong> \u2013 En Roumanie, les temp\u00e9ratures sont l\u00e9g\u00e8rement \u00e0 la baisse, notamment dans l\u2019ouest, le centre et le nord du territoire. Pourtant, il continue \u00e0 faire chaud, avec des valeurs allant de 24 \u00e0 34 degr\u00e9s. Le ciel est partiellement couvert et des orages et des pluies torrentielles risquent de se produire dans la moiti\u00e9 nord du pays. Par endroit, le vent soufflera \u00e0 une vitesse allant jusqu\u2019\u00e0 50 km\/h et la quantit\u00e9 d\u2019eau cumul\u00e9e suite aux pluies sera de 25 l\/m2.<\/p>\n","protected":false},"excerpt":{"rendered":"<p>PNRR \u2013 31 ao\u00fbt 2026 a marqu\u00e9 l&rsquo;\u00e9ch\u00e9ance finale fix\u00e9e par la Commission europ\u00e9enne pour la mise en \u0153uvre des r\u00e9formes, des cibles et des projets financ\u00e9s par le biais du Plan National de Relance et de R\u00e9silience (PNRR) de l&rsquo;Union europ\u00e9enne. La Roumanie n\u2019a r\u00e9ussi \u00e0 touch\u00e9 que 13 milliards d\u2019euros parmi les 20 [&hellip;]<\/p>\n","protected":false},"author":113,"featured_media":723357,"comment_status":"closed","ping_status":"closed","sticky":false,"template":"","format":"standard","meta":{"_acf_changed":false,"footnotes":""},"categories":[89002],"tags":[87096,137215,88296,85661,143522,116089],"coauthors":[116091],"class_list":["post-1055636","post","type-post","status-publish","format-standard","has-post-thumbnail","hentry","category-le-flash","tag-gouvernement","tag-otan-fr","tag-parlement","tag-russie","tag-tennis-fr","tag-ukraine-fr"],"acf":[],"yoast_head":"<!-- This site is optimized with the Yoast SEO plugin v28.2 - https:\/\/yoast.com\/product\/yoast-seo-wordpress\/ -->\n<title>01.09.2026 - Radio Roumanie Internationale<\/title>\n<meta name=\"robots\" content=\"index, follow, max-snippet:-1, max-image-preview:large, max-video-preview:-1\" \/>\n<link rel=\"canonical\" href=\"https:\/\/www.rri.ro\/fr\/actualites\/le-flash\/01-09-2026-id1055636.html\" \/>\n<meta property=\"og:locale\" content=\"fr_FR\" \/>\n<meta property=\"og:type\" content=\"article\" \/>\n<meta property=\"og:title\" content=\"01.09.2026 - Radio Roumanie Internationale\" \/>\n<meta property=\"og:description\" content=\"PNRR \u2013 31 ao\u00fbt 2026 a marqu\u00e9 l&rsquo;\u00e9ch\u00e9ance finale fix\u00e9e par la Commission europ\u00e9enne pour la mise en \u0153uvre des r\u00e9formes, des cibles et des projets financ\u00e9s par le biais du Plan National de Relance et de R\u00e9silience (PNRR) de l&rsquo;Union europ\u00e9enne. La Roumanie n\u2019a r\u00e9ussi \u00e0 touch\u00e9 que 13 milliards d\u2019euros parmi les 20 [&hellip;]\" \/>\n<meta property=\"og:url\" content=\"https:\/\/www.rri.ro\/fr\/actualites\/le-flash\/01-09-2026-id1055636.html\" \/>\n<meta property=\"og:site_name\" content=\"Radio Roumanie Internationale\" \/>\n<meta property=\"article:published_time\" content=\"2026-09-01T09:40:24+00:00\" \/>\n<meta property=\"og:image\" content=\"https:\/\/www.rri.ro\/wp-content\/uploads\/2024\/03\/RRI-960x540-Le-flash-2-NOU.jpg\" \/>\n\t<meta property=\"og:image:width\" content=\"960\" \/>\n\t<meta property=\"og:image:height\" content=\"540\" \/>\n\t<meta property=\"og:image:type\" content=\"image\/jpeg\" \/>\n<meta name=\"author\" content=\"Newsroom\" \/>\n<meta name=\"twitter:card\" content=\"summary_large_image\" \/>\n<meta name=\"twitter:label1\" content=\"\u00c9crit par\" \/>\n\t<meta name=\"twitter:data1\" content=\"Newsroom\" \/>\n\t<meta name=\"twitter:label2\" content=\"Dur\u00e9e de lecture estim\u00e9e\" \/>\n\t<meta name=\"twitter:data2\" content=\"5 minutes\" \/>\n\t<meta name=\"twitter:label3\" content=\"Written by\" \/>\n\t<meta name=\"twitter:data3\" content=\"Newsroom\" \/>\n<script type=\"application\/ld+json\" class=\"yoast-schema-graph\">{\"@context\":\"https:\\\/\\\/schema.org\",\"@graph\":[{\"@type\":\"Article\",\"@id\":\"https:\\\/\\\/www.rri.ro\\\/fr\\\/actualites\\\/le-flash\\\/01-09-2026-id1055636.html#article\",\"isPartOf\":{\"@id\":\"https:\\\/\\\/www.rri.ro\\\/fr\\\/actualites\\\/le-flash\\\/01-09-2026-id1055636.html\"},\"author\":{\"name\":\"Newsroom\",\"@id\":\"https:\\\/\\\/www.rri.ro\\\/#\\\/schema\\\/person\\\/4a479940371b9fdefd194f561e8a7f88\"},\"headline\":\"01.09.2026\",\"datePublished\":\"2026-09-01T09:40:24+00:00\",\"mainEntityOfPage\":{\"@id\":\"https:\\\/\\\/www.rri.ro\\\/fr\\\/actualites\\\/le-flash\\\/01-09-2026-id1055636.html\"},\"wordCount\":1054,\"image\":{\"@id\":\"https:\\\/\\\/www.rri.ro\\\/fr\\\/actualites\\\/le-flash\\\/01-09-2026-id1055636.html#primaryimage\"},\"thumbnailUrl\":\"https:\\\/\\\/www.rri.ro\\\/wp-content\\\/uploads\\\/2024\\\/03\\\/RRI-960x540-Le-flash-2-NOU.jpg\",\"keywords\":[\"gouvernement\",\"OTAN\",\"Parlement\",\"Russie\",\"tennis\",\"Ukraine\"],\"articleSection\":[\"Le flash\"],\"inLanguage\":\"fr-FR\"},{\"@type\":\"WebPage\",\"@id\":\"https:\\\/\\\/www.rri.ro\\\/fr\\\/actualites\\\/le-flash\\\/01-09-2026-id1055636.html\",\"url\":\"https:\\\/\\\/www.rri.ro\\\/fr\\\/actualites\\\/le-flash\\\/01-09-2026-id1055636.html\",\"name\":\"01.09.2026 - Radio Roumanie Internationale\",\"isPartOf\":{\"@id\":\"https:\\\/\\\/www.rri.ro\\\/#website\"},\"primaryImageOfPage\":{\"@id\":\"https:\\\/\\\/www.rri.ro\\\/fr\\\/actualites\\\/le-flash\\\/01-09-2026-id1055636.html#primaryimage\"},\"image\":{\"@id\":\"https:\\\/\\\/www.rri.ro\\\/fr\\\/actualites\\\/le-flash\\\/01-09-2026-id1055636.html#primaryimage\"},\"thumbnailUrl\":\"https:\\\/\\\/www.rri.ro\\\/wp-content\\\/uploads\\\/2024\\\/03\\\/RRI-960x540-Le-flash-2-NOU.jpg\",\"datePublished\":\"2026-09-01T09:40:24+00:00\",\"author\":{\"@id\":\"https:\\\/\\\/www.rri.ro\\\/#\\\/schema\\\/person\\\/4a479940371b9fdefd194f561e8a7f88\"},\"breadcrumb\":{\"@id\":\"https:\\\/\\\/www.rri.ro\\\/fr\\\/actualites\\\/le-flash\\\/01-09-2026-id1055636.html#breadcrumb\"},\"inLanguage\":\"fr-FR\",\"potentialAction\":[{\"@type\":\"ReadAction\",\"target\":[\"https:\\\/\\\/www.rri.ro\\\/fr\\\/actualites\\\/le-flash\\\/01-09-2026-id1055636.html\"]}]},{\"@type\":\"ImageObject\",\"inLanguage\":\"fr-FR\",\"@id\":\"https:\\\/\\\/www.rri.ro\\\/fr\\\/actualites\\\/le-flash\\\/01-09-2026-id1055636.html#primaryimage\",\"url\":\"https:\\\/\\\/www.rri.ro\\\/wp-content\\\/uploads\\\/2024\\\/03\\\/RRI-960x540-Le-flash-2-NOU.jpg\",\"contentUrl\":\"https:\\\/\\\/www.rri.ro\\\/wp-content\\\/uploads\\\/2024\\\/03\\\/RRI-960x540-Le-flash-2-NOU.jpg\",\"width\":960,\"height\":540},{\"@type\":\"BreadcrumbList\",\"@id\":\"https:\\\/\\\/www.rri.ro\\\/fr\\\/actualites\\\/le-flash\\\/01-09-2026-id1055636.html#breadcrumb\",\"itemListElement\":[{\"@type\":\"ListItem\",\"position\":1,\"name\":\"Page d'accueil\",\"item\":\"https:\\\/\\\/www.rri.ro\\\/fr\"},{\"@type\":\"ListItem\",\"position\":2,\"name\":\"Actualit\u00e9s\",\"item\":\"https:\\\/\\\/www.rri.ro\\\/fr\\\/actualites\"},{\"@type\":\"ListItem\",\"position\":3,\"name\":\"Le flash\",\"item\":\"https:\\\/\\\/www.rri.ro\\\/fr\\\/actualites\\\/le-flash\"},{\"@type\":\"ListItem\",\"position\":4,\"name\":\"01.09.2026\"}]},{\"@type\":\"WebSite\",\"@id\":\"https:\\\/\\\/www.rri.ro\\\/#website\",\"url\":\"https:\\\/\\\/www.rri.ro\\\/\",\"name\":\"Radio Roumanie Internationale\",\"description\":\"Totul despre Rom\u00e2nia \u015fi rom\u00e2ni, \u00een 13 limbi\\\/dialecte!\",\"inLanguage\":\"fr-FR\"},{\"@type\":\"Person\",\"@id\":\"https:\\\/\\\/www.rri.ro\\\/#\\\/schema\\\/person\\\/4a479940371b9fdefd194f561e8a7f88\",\"name\":\"Newsroom\",\"url\":\"https:\\\/\\\/www.rri.ro\\\/fr\\\/author\\\/newsroom\"}]}<\/script>\n<!-- \/ Yoast SEO plugin. -->","yoast_head_json":{"title":"01.09.2026 - Radio Roumanie Internationale","robots":{"index":"index","follow":"follow","max-snippet":"max-snippet:-1","max-image-preview":"max-image-preview:large","max-video-preview":"max-video-preview:-1"},"canonical":"https:\/\/www.rri.ro\/fr\/actualites\/le-flash\/01-09-2026-id1055636.html","og_locale":"fr_FR","og_type":"article","og_title":"01.09.2026 - Radio Roumanie Internationale","og_description":"PNRR \u2013 31 ao\u00fbt 2026 a marqu\u00e9 l&rsquo;\u00e9ch\u00e9ance finale fix\u00e9e par la Commission europ\u00e9enne pour la mise en \u0153uvre des r\u00e9formes, des cibles et des projets financ\u00e9s par le biais du Plan National de Relance et de R\u00e9silience (PNRR) de l&rsquo;Union europ\u00e9enne. La Roumanie n\u2019a r\u00e9ussi \u00e0 touch\u00e9 que 13 milliards d\u2019euros parmi les 20 [&hellip;]","og_url":"https:\/\/www.rri.ro\/fr\/actualites\/le-flash\/01-09-2026-id1055636.html","og_site_name":"Radio Roumanie Internationale","article_published_time":"2026-09-01T09:40:24+00:00","og_image":[{"width":960,"height":540,"url":"https:\/\/www.rri.ro\/wp-content\/uploads\/2024\/03\/RRI-960x540-Le-flash-2-NOU.jpg","type":"image\/jpeg"}],"author":"Newsroom","twitter_card":"summary_large_image","twitter_misc":{"\u00c9crit par":"Newsroom","Dur\u00e9e de lecture estim\u00e9e":"5 minutes","Written by":"Newsroom"},"schema":{"@context":"https:\/\/schema.org","@graph":[{"@type":"Article","@id":"https:\/\/www.rri.ro\/fr\/actualites\/le-flash\/01-09-2026-id1055636.html#article","isPartOf":{"@id":"https:\/\/www.rri.ro\/fr\/actualites\/le-flash\/01-09-2026-id1055636.html"},"author":{"name":"Newsroom","@id":"https:\/\/www.rri.ro\/#\/schema\/person\/4a479940371b9fdefd194f561e8a7f88"},"headline":"01.09.2026","datePublished":"2026-09-01T09:40:24+00:00","mainEntityOfPage":{"@id":"https:\/\/www.rri.ro\/fr\/actualites\/le-flash\/01-09-2026-id1055636.html"},"wordCount":1054,"image":{"@id":"https:\/\/www.rri.ro\/fr\/actualites\/le-flash\/01-09-2026-id1055636.html#primaryimage"},"thumbnailUrl":"https:\/\/www.rri.ro\/wp-content\/uploads\/2024\/03\/RRI-960x540-Le-flash-2-NOU.jpg","keywords":["gouvernement","OTAN","Parlement","Russie","tennis","Ukraine"],"articleSection":["Le flash"],"inLanguage":"fr-FR"},{"@type":"WebPage","@id":"https:\/\/www.rri.ro\/fr\/actualites\/le-flash\/01-09-2026-id1055636.html","url":"https:\/\/www.rri.ro\/fr\/actualites\/le-flash\/01-09-2026-id1055636.html","name":"01.09.2026 - Radio Roumanie Internationale","isPartOf":{"@id":"https:\/\/www.rri.ro\/#website"},"primaryImageOfPage":{"@id":"https:\/\/www.rri.ro\/fr\/actualites\/le-flash\/01-09-2026-id1055636.html#primaryimage"},"image":{"@id":"https:\/\/www.rri.ro\/fr\/actualites\/le-flash\/01-09-2026-id1055636.html#primaryimage"},"thumbnailUrl":"https:\/\/www.rri.ro\/wp-content\/uploads\/2024\/03\/RRI-960x540-Le-flash-2-NOU.jpg","datePublished":"2026-09-01T09:40:24+00:00","author":{"@id":"https:\/\/www.rri.ro\/#\/schema\/person\/4a479940371b9fdefd194f561e8a7f88"},"breadcrumb":{"@id":"https:\/\/www.rri.ro\/fr\/actualites\/le-flash\/01-09-2026-id1055636.html#breadcrumb"},"inLanguage":"fr-FR","potentialAction":[{"@type":"ReadAction","target":["https:\/\/www.rri.ro\/fr\/actualites\/le-flash\/01-09-2026-id1055636.html"]}]},{"@type":"ImageObject","inLanguage":"fr-FR","@id":"https:\/\/www.rri.ro\/fr\/actualites\/le-flash\/01-09-2026-id1055636.html#primaryimage","url":"https:\/\/www.rri.ro\/wp-content\/uploads\/2024\/03\/RRI-960x540-Le-flash-2-NOU.jpg","contentUrl":"https:\/\/www.rri.ro\/wp-content\/uploads\/2024\/03\/RRI-960x540-Le-flash-2-NOU.jpg","width":960,"height":540},{"@type":"BreadcrumbList","@id":"https:\/\/www.rri.ro\/fr\/actualites\/le-flash\/01-09-2026-id1055636.html#breadcrumb","itemListElement":[{"@type":"ListItem","position":1,"name":"Page d'accueil","item":"https:\/\/www.rri.ro\/fr"},{"@type":"ListItem","position":2,"name":"Actualit\u00e9s","item":"https:\/\/www.rri.ro\/fr\/actualites"},{"@type":"ListItem","position":3,"name":"Le flash","item":"https:\/\/www.rri.ro\/fr\/actualites\/le-flash"},{"@type":"ListItem","position":4,"name":"01.09.2026"}]},{"@type":"WebSite","@id":"https:\/\/www.rri.ro\/#website","url":"https:\/\/www.rri.ro\/","name":"Radio Roumanie Internationale","description":"Totul despre Rom\u00e2nia \u015fi rom\u00e2ni, \u00een 13 limbi\/dialecte!","inLanguage":"fr-FR"},{"@type":"Person","@id":"https:\/\/www.rri.ro\/#\/schema\/person\/4a479940371b9fdefd194f561e8a7f88","name":"Newsroom","url":"https:\/\/www.rri.ro\/fr\/author\/newsroom"}]}},"_links":{"self":[{"href":"https:\/\/www.rri.ro\/fr\/wp-json\/wp\/v2\/posts\/1055636","targetHints":{"allow":["GET"]}}],"collection":[{"href":"https:\/\/www.rri.ro\/fr\/wp-json\/wp\/v2\/posts"}],"about":[{"href":"https:\/\/www.rri.ro\/fr\/wp-json\/wp\/v2\/types\/post"}],"author":[{"embeddable":true,"href":"https:\/\/www.rri.ro\/fr\/wp-json\/wp\/v2\/users\/113"}],"replies":[{"embeddable":true,"href":"https:\/\/www.rri.ro\/fr\/wp-json\/wp\/v2\/comments?post=1055636"}],"version-history":[{"count":1,"href":"https:\/\/www.rri.ro\/fr\/wp-json\/wp\/v2\/posts\/1055636\/revisions"}],"predecessor-version":[{"id":1055639,"href":"https:\/\/www.rri.ro\/fr\/wp-json\/wp\/v2\/posts\/1055636\/revisions\/1055639"}],"wp:featuredmedia":[{"embeddable":true,"href":"https:\/\/www.rri.ro\/fr\/wp-json\/wp\/v2\/media\/723357"}],"wp:attachment":[{"href":"https:\/\/www.rri.ro\/fr\/wp-json\/wp\/v2\/media?parent=1055636"}],"wp:term":[{"taxonomy":"category","embeddable":true,"href":"https:\/\/www.rri.ro\/fr\/wp-json\/wp\/v2\/categories?post=1055636"},{"taxonomy":"post_tag","embeddable":true,"href":"https:\/\/www.rri.ro\/fr\/wp-json\/wp\/v2\/tags?post=1055636"},{"taxonomy":"author","embeddable":true,"href":"https:\/\/www.rri.ro\/fr\/wp-json\/wp\/v2\/coauthors?post=1055636"}],"curies":[{"name":"wp","href":"https:\/\/api.w.org\/{rel}","templated":true}]}}