{"id":1055805,"date":"2026-09-01T20:49:54","date_gmt":"2026-09-01T17:49:54","guid":{"rendered":"https:\/\/www.rri.ro\/?p=1055805"},"modified":"2026-09-01T20:49:54","modified_gmt":"2026-09-01T17:49:54","slug":"01-09-2026-mise-a-jour-2","status":"publish","type":"post","link":"https:\/\/www.rri.ro\/fr\/actualites\/le-flash\/01-09-2026-mise-a-jour-2-id1055805.html","title":{"rendered":"01.09.2026 (mise \u00e0 jour 2)"},"content":{"rendered":"<p><strong>Pourparlers<\/strong> \u2013 Le Premier ministre roumain par int\u00e9rim, Ilie Bolojan, s&rsquo;est entretenu mardi par t\u00e9l\u00e9phone avec le secr\u00e9taire g\u00e9n\u00e9ral de l&rsquo;OTAN, Mark Rutte, sur les principaux d\u00e9fis de s\u00e9curit\u00e9 dans la r\u00e9gion, avec un accent mis sur la guerre en Ukraine et la situation de s\u00e9curit\u00e9 en mer Noire. M. Bolojan a soulign\u00e9 la n\u00e9cessit\u00e9 pour l&rsquo;Alliance de maintenir son attention sur le flanc Est et la mer Noire, y compris par le d\u00e9ploiement de capacit\u00e9s alli\u00e9es en Roumanie, sur toile de fond de l&rsquo;intensification des incursions de drones dans l&rsquo;espace a\u00e9rien et maritime national.<br \/>\nCe mardi \u00e9galement Ilie Bolojan s&rsquo;est entretenu par t\u00e9l\u00e9phone avec son homologue ukrainien Sergii Koretsky. Leurs discussions ont vis\u00e9 la situation de s\u00e9curit\u00e9 dans la r\u00e9gion et les principales directions de coop\u00e9ration entre la Roumanie et l&rsquo;Ukraine. \u00ab Le Premier ministre Ilie Bolojan a r\u00e9affirm\u00e9 la solidarit\u00e9 et l\u2019appui de la Roumanie \u00e0 l&rsquo;Ukraine et a salu\u00e9 le sacrifice du peuple ukrainien face \u00e0 l&rsquo;agression russe. \u00bb a indiqu\u00e9 l&rsquo;ex\u00e9cutif de Bucarest dans un communiqu\u00e9.<\/p>\n<p>&nbsp;<\/p>\n<p><strong>Diplomatie<\/strong> \u2013 La Roumanie est un acteur important de la s\u00e9curit\u00e9 transatlantique sur le flanc Est de l\u2019OTAN et de l\u2019UE et dans la r\u00e9gion o\u00f9 elle se trouve. C\u2019est ce qu\u2019a d\u00e9clar\u00e9 le pr\u00e9sident Nicusor Dan, dans son discours prononc\u00e9 lors de la R\u00e9union annuelle de la diplomatie roumaine. Et lui de rappeler que Bucarest entamera l\u2019ann\u00e9e prochaine le projet d\u2019explotation gazi\u00e8re Neptun Deep et donc, la mer Noire reste essentielle pour la s\u00e9curit\u00e9 nationale et europ\u00e9enne, tout comme pour les futures relations \u00e9conomiques avec la r\u00e9gion de la mer Caspienne et de l\u2019Asie. Nicusor Dan a \u00e9galement pr\u00e9cis\u00e9 que la Roumanie voudrait contribuer \u00e0 contrecarrer les menaces hybrides en Europe. Pr\u00e9sent lui aussi \u00e0 la R\u00e9union, le Premier ministre par int\u00e9rim Ilie Bolojan a soulign\u00e9 l\u2019importance de l\u2019appartenance de la Roumanie \u00e0 l\u2019UE et \u00e0 l\u2019OTAN ainsi qu\u2019au maintien du Partenariat avec les Etats-Unis.<\/p>\n<p>&nbsp;<\/p>\n<p><strong>PNRR<\/strong> \u2013 Le Premier ministre par int\u00e9rim Ilie Bolojan, a d\u00e9clar\u00e9 mardi que la Roumanie a r\u00e9ussi \u00e0 mener \u00e0 terme des projets tr\u00e8s importants gr\u00e2ce aux fonds offerts par le Plan national de relance et de r\u00e9silience. Bien que le pays ait absorb\u00e9 plus de 90 % des fonds non remboursables allou\u00e9s par ce programme, plus de 2 000 projets n&rsquo;\u00e9taient pas encore achev\u00e9s le 31 ao\u00fbt, date limite fix\u00e9e par l&rsquo;Union europ\u00e9enne pour la r\u00e9alisation de tous les jalons, objectifs et projets financ\u00e9s par le PNRR, a encore ajout\u00e9 M. Bolojan. Le parlement de Bucarest a adopt\u00e9 en urgence une loi stipulant que les travaux effectu\u00e9s apr\u00e8s le 31 ao\u00fbt soient financ\u00e9s par l\u2019argent public ou d\u2019autres sources de financement. Si les b\u00e9n\u00e9ficiaires de ces fonds n\u2019arrivent pas \u00e0 cl\u00f4turer les travaux d\u2019ici la fin de l\u2019ann\u00e9e, ils seront oblig\u00e9s de rembourser tout l\u2019argent qu\u2019ils ont touch\u00e9.<\/p>\n<p>&nbsp;<\/p>\n<p>&nbsp;<\/p>\n<p><strong>Parlement<\/strong> \u2013 Coup d\u2019envoi ce mardi, 1er septembre, de la session d\u2019automne du Parlement bicam\u00e9ral de Bucarest. Le premier jour a \u00e9t\u00e9 r\u00e9serv\u00e9 \u00e0 l\u2019\u00e9lection de la direction des deux chambres parlementaires et des repr\u00e9sentants des partis au sein des bureaux permanents. Parmi les sujets prioritaires de l\u2019actuelle session notons la mise en place d\u2019un nouveau gouvernement de plein exercice, la r\u00e9organisation de l\u2019administration publique et des compagnies publiques et la r\u00e9forme \u00e9lectorale. A l\u2019agenda de l\u2019Assembl\u00e9e l\u00e9gislative figurent aussi la loi sur la r\u00e9mun\u00e9ration unifi\u00e9e du secteur public, le financement du syst\u00e8me sanitaire et la nouvelle loi sur l\u2019examen d\u2019admission des \u00e9l\u00e8ves au lyc\u00e9e. La Roumanie n\u2019a plus de gouvernement titulaire depuis le 5 mai dernier, lorsque la coalition minoritaire form\u00e9e du Parti National Lib\u00e9ral, de l\u2019Union Sauvez la Roumanie et de l\u2019Union D\u00e9mocrate Magyare de Roumanie a \u00e9t\u00e9 destitu\u00e9e par motion de censure. D\u00e9sign\u00e9 dans un premier temps candidat au poste de premier-ministre, l\u2019eurod\u00e9put\u00e9 Eugen Tomac a d\u00e9pos\u00e9 son mandat avant m\u00eame de choisir son \u00e9quipe. Par la suite, le lib\u00e9ral dissident Adrian Vestea a \u00e9t\u00e9 nomm\u00e9, sans obtenir les voix parlementaires n\u00e9cessaires \u00e0 son investiture.<\/p>\n<p>&nbsp;<\/p>\n<p><strong>Angela Merkel<\/strong>\u2013 L&rsquo;ancienne chanceli\u00e8re allemande Angela Merkel a \u00e9t\u00e9 re\u00e7ue mardi par le pr\u00e9sident roumain Nicusor Dan. A l\u2019agenda des pourparlers ont figur\u00e9 plusieurs sujets tels que le contexte politique et s\u00e9curitaire international, la solidarit\u00e9 de l&rsquo;Union europ\u00e9enne et la n\u00e9cessit\u00e9 que les Etats europ\u00e9ens assumentplus de responsabilit\u00e9s au sein de l&rsquo;OTAN. L&rsquo;ancienne chanceli\u00e8re allemande est \u00e0 Bucarest pour pr\u00e9senter son volume de m\u00e9moires intitul\u00e9 \u00ab\u00a0Libert\u00e9. Souvenirs 1954-2021\u00a0\u00bb. Le volume des m\u00e9moires d\u2019Angela Merkel a \u00e9t\u00e9 lanc\u00e9 \u00e0 l\u2019international en 2024 dans plus de 30 pays. Bucarest figure parmi les rares villes o\u00f9 l\u2019ancienne chanceli\u00e8re a choisi de participer personnellement au lancement de son livre, aux c\u00f4t\u00e9s de capitales telles Berlin, Washington, Budapest et Ath\u00e8nes. Dans cet ouvrage, elle \u00e9voque son enfance et sa jeunesse pass\u00e9es en R\u00e9publique d\u00e9mocratique allemande, un satellite communiste de l\u2019Union sovi\u00e9tique, la chute du mur de Berlin et les d\u00e9buts de sa carri\u00e8re politique. Elle offre aussi une perspective des d\u00e9cisions prises durant ses seize ann\u00e9es \u00e0 la t\u00eate du gouvernement allemand et sur ses rencontres avec les leaders de la sc\u00e8ne politique internationale. Rappelons-le, Angela Merkel a \u00e9t\u00e9 chanceli\u00e8re d\u2019Allemagne de 2005 \u00e0 2021 et la premi\u00e8re femme \u00e0 occuper ce poste.<\/p>\n<p>&nbsp;<\/p>\n<p><strong>M\u00e9t\u00e9o<\/strong> \u2013 Il fera chaud en Roumanie dans les 24 prochaines heures, notamment dans les r\u00e9gions occidentales et m\u00e9ridionales. Les m\u00e9t\u00e9orologues signalent des averses et des orages en milieu de journ\u00e9e, surtout dans montagnes du nord-est et du sud. Les pr\u00e9cipitations pourraient \u00eatre accompagn\u00e9es de la gr\u00eale. Les temp\u00e9ratures maximales iront de 25 \u00e0 35 degr\u00e9s.<\/p>\n","protected":false},"excerpt":{"rendered":"<p>Pourparlers \u2013 Le Premier ministre roumain par int\u00e9rim, Ilie Bolojan, s&rsquo;est entretenu mardi par t\u00e9l\u00e9phone avec le secr\u00e9taire g\u00e9n\u00e9ral de l&rsquo;OTAN, Mark Rutte, sur les principaux d\u00e9fis de s\u00e9curit\u00e9 dans la r\u00e9gion, avec un accent mis sur la guerre en Ukraine et la situation de s\u00e9curit\u00e9 en mer Noire. M. Bolojan a soulign\u00e9 la n\u00e9cessit\u00e9 [&hellip;]<\/p>\n","protected":false},"author":113,"featured_media":723357,"comment_status":"closed","ping_status":"closed","sticky":false,"template":"","format":"standard","meta":{"_acf_changed":false,"footnotes":""},"categories":[89002],"tags":[],"coauthors":[116091],"class_list":["post-1055805","post","type-post","status-publish","format-standard","has-post-thumbnail","hentry","category-le-flash"],"acf":[],"yoast_head":"<!-- This site is optimized with the Yoast SEO plugin v28.2 - https:\/\/yoast.com\/product\/yoast-seo-wordpress\/ -->\n<title>01.09.2026 (mise \u00e0 jour 2) - Radio Roumanie Internationale<\/title>\n<meta name=\"robots\" content=\"index, follow, max-snippet:-1, max-image-preview:large, max-video-preview:-1\" \/>\n<link rel=\"canonical\" href=\"https:\/\/www.rri.ro\/fr\/actualites\/le-flash\/01-09-2026-mise-a-jour-2-id1055805.html\" \/>\n<meta property=\"og:locale\" content=\"fr_FR\" \/>\n<meta property=\"og:type\" content=\"article\" \/>\n<meta property=\"og:title\" content=\"01.09.2026 (mise \u00e0 jour 2) - Radio Roumanie Internationale\" \/>\n<meta property=\"og:description\" content=\"Pourparlers \u2013 Le Premier ministre roumain par int\u00e9rim, Ilie Bolojan, s&rsquo;est entretenu mardi par t\u00e9l\u00e9phone avec le secr\u00e9taire g\u00e9n\u00e9ral de l&rsquo;OTAN, Mark Rutte, sur les principaux d\u00e9fis de s\u00e9curit\u00e9 dans la r\u00e9gion, avec un accent mis sur la guerre en Ukraine et la situation de s\u00e9curit\u00e9 en mer Noire. M. Bolojan a soulign\u00e9 la n\u00e9cessit\u00e9 [&hellip;]\" \/>\n<meta property=\"og:url\" content=\"https:\/\/www.rri.ro\/fr\/actualites\/le-flash\/01-09-2026-mise-a-jour-2-id1055805.html\" \/>\n<meta property=\"og:site_name\" content=\"Radio Roumanie Internationale\" \/>\n<meta property=\"article:published_time\" content=\"2026-09-01T17:49:54+00:00\" \/>\n<meta property=\"og:image\" content=\"https:\/\/www.rri.ro\/wp-content\/uploads\/2024\/03\/RRI-960x540-Le-flash-2-NOU.jpg\" \/>\n\t<meta property=\"og:image:width\" content=\"960\" \/>\n\t<meta property=\"og:image:height\" content=\"540\" \/>\n\t<meta property=\"og:image:type\" content=\"image\/jpeg\" \/>\n<meta name=\"author\" content=\"Newsroom\" \/>\n<meta name=\"twitter:card\" content=\"summary_large_image\" \/>\n<meta name=\"twitter:label1\" content=\"\u00c9crit par\" \/>\n\t<meta name=\"twitter:data1\" content=\"Newsroom\" \/>\n\t<meta name=\"twitter:label2\" content=\"Dur\u00e9e de lecture estim\u00e9e\" \/>\n\t<meta name=\"twitter:data2\" content=\"5 minutes\" \/>\n\t<meta name=\"twitter:label3\" content=\"Written by\" \/>\n\t<meta name=\"twitter:data3\" content=\"Newsroom\" \/>\n<script type=\"application\/ld+json\" class=\"yoast-schema-graph\">{\"@context\":\"https:\\\/\\\/schema.org\",\"@graph\":[{\"@type\":\"Article\",\"@id\":\"https:\\\/\\\/www.rri.ro\\\/fr\\\/actualites\\\/le-flash\\\/01-09-2026-mise-a-jour-2-id1055805.html#article\",\"isPartOf\":{\"@id\":\"https:\\\/\\\/www.rri.ro\\\/fr\\\/actualites\\\/le-flash\\\/01-09-2026-mise-a-jour-2-id1055805.html\"},\"author\":{\"name\":\"Newsroom\",\"@id\":\"https:\\\/\\\/www.rri.ro\\\/#\\\/schema\\\/person\\\/4a479940371b9fdefd194f561e8a7f88\"},\"headline\":\"01.09.2026 (mise \u00e0 jour 2)\",\"datePublished\":\"2026-09-01T17:49:54+00:00\",\"mainEntityOfPage\":{\"@id\":\"https:\\\/\\\/www.rri.ro\\\/fr\\\/actualites\\\/le-flash\\\/01-09-2026-mise-a-jour-2-id1055805.html\"},\"wordCount\":1054,\"image\":{\"@id\":\"https:\\\/\\\/www.rri.ro\\\/fr\\\/actualites\\\/le-flash\\\/01-09-2026-mise-a-jour-2-id1055805.html#primaryimage\"},\"thumbnailUrl\":\"https:\\\/\\\/www.rri.ro\\\/wp-content\\\/uploads\\\/2024\\\/03\\\/RRI-960x540-Le-flash-2-NOU.jpg\",\"articleSection\":[\"Le flash\"],\"inLanguage\":\"fr-FR\"},{\"@type\":\"WebPage\",\"@id\":\"https:\\\/\\\/www.rri.ro\\\/fr\\\/actualites\\\/le-flash\\\/01-09-2026-mise-a-jour-2-id1055805.html\",\"url\":\"https:\\\/\\\/www.rri.ro\\\/fr\\\/actualites\\\/le-flash\\\/01-09-2026-mise-a-jour-2-id1055805.html\",\"name\":\"01.09.2026 (mise \u00e0 jour 2) - Radio Roumanie Internationale\",\"isPartOf\":{\"@id\":\"https:\\\/\\\/www.rri.ro\\\/#website\"},\"primaryImageOfPage\":{\"@id\":\"https:\\\/\\\/www.rri.ro\\\/fr\\\/actualites\\\/le-flash\\\/01-09-2026-mise-a-jour-2-id1055805.html#primaryimage\"},\"image\":{\"@id\":\"https:\\\/\\\/www.rri.ro\\\/fr\\\/actualites\\\/le-flash\\\/01-09-2026-mise-a-jour-2-id1055805.html#primaryimage\"},\"thumbnailUrl\":\"https:\\\/\\\/www.rri.ro\\\/wp-content\\\/uploads\\\/2024\\\/03\\\/RRI-960x540-Le-flash-2-NOU.jpg\",\"datePublished\":\"2026-09-01T17:49:54+00:00\",\"author\":{\"@id\":\"https:\\\/\\\/www.rri.ro\\\/#\\\/schema\\\/person\\\/4a479940371b9fdefd194f561e8a7f88\"},\"breadcrumb\":{\"@id\":\"https:\\\/\\\/www.rri.ro\\\/fr\\\/actualites\\\/le-flash\\\/01-09-2026-mise-a-jour-2-id1055805.html#breadcrumb\"},\"inLanguage\":\"fr-FR\",\"potentialAction\":[{\"@type\":\"ReadAction\",\"target\":[\"https:\\\/\\\/www.rri.ro\\\/fr\\\/actualites\\\/le-flash\\\/01-09-2026-mise-a-jour-2-id1055805.html\"]}]},{\"@type\":\"ImageObject\",\"inLanguage\":\"fr-FR\",\"@id\":\"https:\\\/\\\/www.rri.ro\\\/fr\\\/actualites\\\/le-flash\\\/01-09-2026-mise-a-jour-2-id1055805.html#primaryimage\",\"url\":\"https:\\\/\\\/www.rri.ro\\\/wp-content\\\/uploads\\\/2024\\\/03\\\/RRI-960x540-Le-flash-2-NOU.jpg\",\"contentUrl\":\"https:\\\/\\\/www.rri.ro\\\/wp-content\\\/uploads\\\/2024\\\/03\\\/RRI-960x540-Le-flash-2-NOU.jpg\",\"width\":960,\"height\":540},{\"@type\":\"BreadcrumbList\",\"@id\":\"https:\\\/\\\/www.rri.ro\\\/fr\\\/actualites\\\/le-flash\\\/01-09-2026-mise-a-jour-2-id1055805.html#breadcrumb\",\"itemListElement\":[{\"@type\":\"ListItem\",\"position\":1,\"name\":\"Page d'accueil\",\"item\":\"https:\\\/\\\/www.rri.ro\\\/fr\"},{\"@type\":\"ListItem\",\"position\":2,\"name\":\"Actualit\u00e9s\",\"item\":\"https:\\\/\\\/www.rri.ro\\\/fr\\\/actualites\"},{\"@type\":\"ListItem\",\"position\":3,\"name\":\"Le flash\",\"item\":\"https:\\\/\\\/www.rri.ro\\\/fr\\\/actualites\\\/le-flash\"},{\"@type\":\"ListItem\",\"position\":4,\"name\":\"01.09.2026 (mise \u00e0 jour 2)\"}]},{\"@type\":\"WebSite\",\"@id\":\"https:\\\/\\\/www.rri.ro\\\/#website\",\"url\":\"https:\\\/\\\/www.rri.ro\\\/\",\"name\":\"Radio Roumanie Internationale\",\"description\":\"Totul despre Rom\u00e2nia \u015fi rom\u00e2ni, \u00een 13 limbi\\\/dialecte!\",\"inLanguage\":\"fr-FR\"},{\"@type\":\"Person\",\"@id\":\"https:\\\/\\\/www.rri.ro\\\/#\\\/schema\\\/person\\\/4a479940371b9fdefd194f561e8a7f88\",\"name\":\"Newsroom\",\"url\":\"https:\\\/\\\/www.rri.ro\\\/fr\\\/author\\\/newsroom\"}]}<\/script>\n<!-- \/ Yoast SEO plugin. -->","yoast_head_json":{"title":"01.09.2026 (mise \u00e0 jour 2) - Radio Roumanie Internationale","robots":{"index":"index","follow":"follow","max-snippet":"max-snippet:-1","max-image-preview":"max-image-preview:large","max-video-preview":"max-video-preview:-1"},"canonical":"https:\/\/www.rri.ro\/fr\/actualites\/le-flash\/01-09-2026-mise-a-jour-2-id1055805.html","og_locale":"fr_FR","og_type":"article","og_title":"01.09.2026 (mise \u00e0 jour 2) - Radio Roumanie Internationale","og_description":"Pourparlers \u2013 Le Premier ministre roumain par int\u00e9rim, Ilie Bolojan, s&rsquo;est entretenu mardi par t\u00e9l\u00e9phone avec le secr\u00e9taire g\u00e9n\u00e9ral de l&rsquo;OTAN, Mark Rutte, sur les principaux d\u00e9fis de s\u00e9curit\u00e9 dans la r\u00e9gion, avec un accent mis sur la guerre en Ukraine et la situation de s\u00e9curit\u00e9 en mer Noire. M. Bolojan a soulign\u00e9 la n\u00e9cessit\u00e9 [&hellip;]","og_url":"https:\/\/www.rri.ro\/fr\/actualites\/le-flash\/01-09-2026-mise-a-jour-2-id1055805.html","og_site_name":"Radio Roumanie Internationale","article_published_time":"2026-09-01T17:49:54+00:00","og_image":[{"width":960,"height":540,"url":"https:\/\/www.rri.ro\/wp-content\/uploads\/2024\/03\/RRI-960x540-Le-flash-2-NOU.jpg","type":"image\/jpeg"}],"author":"Newsroom","twitter_card":"summary_large_image","twitter_misc":{"\u00c9crit par":"Newsroom","Dur\u00e9e de lecture estim\u00e9e":"5 minutes","Written by":"Newsroom"},"schema":{"@context":"https:\/\/schema.org","@graph":[{"@type":"Article","@id":"https:\/\/www.rri.ro\/fr\/actualites\/le-flash\/01-09-2026-mise-a-jour-2-id1055805.html#article","isPartOf":{"@id":"https:\/\/www.rri.ro\/fr\/actualites\/le-flash\/01-09-2026-mise-a-jour-2-id1055805.html"},"author":{"name":"Newsroom","@id":"https:\/\/www.rri.ro\/#\/schema\/person\/4a479940371b9fdefd194f561e8a7f88"},"headline":"01.09.2026 (mise \u00e0 jour 2)","datePublished":"2026-09-01T17:49:54+00:00","mainEntityOfPage":{"@id":"https:\/\/www.rri.ro\/fr\/actualites\/le-flash\/01-09-2026-mise-a-jour-2-id1055805.html"},"wordCount":1054,"image":{"@id":"https:\/\/www.rri.ro\/fr\/actualites\/le-flash\/01-09-2026-mise-a-jour-2-id1055805.html#primaryimage"},"thumbnailUrl":"https:\/\/www.rri.ro\/wp-content\/uploads\/2024\/03\/RRI-960x540-Le-flash-2-NOU.jpg","articleSection":["Le flash"],"inLanguage":"fr-FR"},{"@type":"WebPage","@id":"https:\/\/www.rri.ro\/fr\/actualites\/le-flash\/01-09-2026-mise-a-jour-2-id1055805.html","url":"https:\/\/www.rri.ro\/fr\/actualites\/le-flash\/01-09-2026-mise-a-jour-2-id1055805.html","name":"01.09.2026 (mise \u00e0 jour 2) - Radio Roumanie Internationale","isPartOf":{"@id":"https:\/\/www.rri.ro\/#website"},"primaryImageOfPage":{"@id":"https:\/\/www.rri.ro\/fr\/actualites\/le-flash\/01-09-2026-mise-a-jour-2-id1055805.html#primaryimage"},"image":{"@id":"https:\/\/www.rri.ro\/fr\/actualites\/le-flash\/01-09-2026-mise-a-jour-2-id1055805.html#primaryimage"},"thumbnailUrl":"https:\/\/www.rri.ro\/wp-content\/uploads\/2024\/03\/RRI-960x540-Le-flash-2-NOU.jpg","datePublished":"2026-09-01T17:49:54+00:00","author":{"@id":"https:\/\/www.rri.ro\/#\/schema\/person\/4a479940371b9fdefd194f561e8a7f88"},"breadcrumb":{"@id":"https:\/\/www.rri.ro\/fr\/actualites\/le-flash\/01-09-2026-mise-a-jour-2-id1055805.html#breadcrumb"},"inLanguage":"fr-FR","potentialAction":[{"@type":"ReadAction","target":["https:\/\/www.rri.ro\/fr\/actualites\/le-flash\/01-09-2026-mise-a-jour-2-id1055805.html"]}]},{"@type":"ImageObject","inLanguage":"fr-FR","@id":"https:\/\/www.rri.ro\/fr\/actualites\/le-flash\/01-09-2026-mise-a-jour-2-id1055805.html#primaryimage","url":"https:\/\/www.rri.ro\/wp-content\/uploads\/2024\/03\/RRI-960x540-Le-flash-2-NOU.jpg","contentUrl":"https:\/\/www.rri.ro\/wp-content\/uploads\/2024\/03\/RRI-960x540-Le-flash-2-NOU.jpg","width":960,"height":540},{"@type":"BreadcrumbList","@id":"https:\/\/www.rri.ro\/fr\/actualites\/le-flash\/01-09-2026-mise-a-jour-2-id1055805.html#breadcrumb","itemListElement":[{"@type":"ListItem","position":1,"name":"Page d'accueil","item":"https:\/\/www.rri.ro\/fr"},{"@type":"ListItem","position":2,"name":"Actualit\u00e9s","item":"https:\/\/www.rri.ro\/fr\/actualites"},{"@type":"ListItem","position":3,"name":"Le flash","item":"https:\/\/www.rri.ro\/fr\/actualites\/le-flash"},{"@type":"ListItem","position":4,"name":"01.09.2026 (mise \u00e0 jour 2)"}]},{"@type":"WebSite","@id":"https:\/\/www.rri.ro\/#website","url":"https:\/\/www.rri.ro\/","name":"Radio Roumanie Internationale","description":"Totul despre Rom\u00e2nia \u015fi rom\u00e2ni, \u00een 13 limbi\/dialecte!","inLanguage":"fr-FR"},{"@type":"Person","@id":"https:\/\/www.rri.ro\/#\/schema\/person\/4a479940371b9fdefd194f561e8a7f88","name":"Newsroom","url":"https:\/\/www.rri.ro\/fr\/author\/newsroom"}]}},"_links":{"self":[{"href":"https:\/\/www.rri.ro\/fr\/wp-json\/wp\/v2\/posts\/1055805","targetHints":{"allow":["GET"]}}],"collection":[{"href":"https:\/\/www.rri.ro\/fr\/wp-json\/wp\/v2\/posts"}],"about":[{"href":"https:\/\/www.rri.ro\/fr\/wp-json\/wp\/v2\/types\/post"}],"author":[{"embeddable":true,"href":"https:\/\/www.rri.ro\/fr\/wp-json\/wp\/v2\/users\/113"}],"replies":[{"embeddable":true,"href":"https:\/\/www.rri.ro\/fr\/wp-json\/wp\/v2\/comments?post=1055805"}],"version-history":[{"count":1,"href":"https:\/\/www.rri.ro\/fr\/wp-json\/wp\/v2\/posts\/1055805\/revisions"}],"predecessor-version":[{"id":1055806,"href":"https:\/\/www.rri.ro\/fr\/wp-json\/wp\/v2\/posts\/1055805\/revisions\/1055806"}],"wp:featuredmedia":[{"embeddable":true,"href":"https:\/\/www.rri.ro\/fr\/wp-json\/wp\/v2\/media\/723357"}],"wp:attachment":[{"href":"https:\/\/www.rri.ro\/fr\/wp-json\/wp\/v2\/media?parent=1055805"}],"wp:term":[{"taxonomy":"category","embeddable":true,"href":"https:\/\/www.rri.ro\/fr\/wp-json\/wp\/v2\/categories?post=1055805"},{"taxonomy":"post_tag","embeddable":true,"href":"https:\/\/www.rri.ro\/fr\/wp-json\/wp\/v2\/tags?post=1055805"},{"taxonomy":"author","embeddable":true,"href":"https:\/\/www.rri.ro\/fr\/wp-json\/wp\/v2\/coauthors?post=1055805"}],"curies":[{"name":"wp","href":"https:\/\/api.w.org\/{rel}","templated":true}]}}