{"id":1055896,"date":"2026-09-02T12:05:59","date_gmt":"2026-09-02T09:05:59","guid":{"rendered":"https:\/\/www.rri.ro\/?p=1055896"},"modified":"2026-09-02T12:05:59","modified_gmt":"2026-09-02T09:05:59","slug":"reunion-annuelle-de-la-diplomatie-roumaine-2","status":"publish","type":"post","link":"https:\/\/www.rri.ro\/fr\/actualites\/les-dossiers-de-lactualite\/reunion-annuelle-de-la-diplomatie-roumaine-2-id1055896.html","title":{"rendered":"R\u00e9union annuelle de la diplomatie roumaine"},"content":{"rendered":"<p>La s\u00e9curit\u00e9 transatlantique, le soutien aux communaut\u00e9s roumaines de l\u2019\u00e9tranger et le d\u00e9veloppement de la diplomatie \u00e9conomique constituent les trois priorit\u00e9s affich\u00e9es par le pr\u00e9sident Nicu\u015for Dan pour la diplomatie roumaine. Le chef de l\u2019\u00c9tat s\u2019exprimait \u00e0 Bucarest devant le corps diplomatique, r\u00e9uni \u00e0 l\u2019occasion de la R\u00e9union annuelle de la diplomatie roumaine, la RADR. Il a \u00e9galement insist\u00e9 sur la n\u00e9cessit\u00e9 de rem\u00e9dier \u00e0 certains dysfonctionnements administratifs au sein du minist\u00e8re des Affaires \u00e9trang\u00e8res. Alors que la guerre en Ukraine continue de redessiner les \u00e9quilibres s\u00e9curitaires en Europe, Nicu\u015for Dan a soulign\u00e9 le r\u00f4le de la Roumanie dans la d\u00e9fense du flanc oriental de l\u2019OTAN et dans la stabilit\u00e9 de la r\u00e9gion. Il a notamment rappel\u00e9 la tenue, cette ann\u00e9e \u00e0 Bucarest, du sommet du B9, en pr\u00e9sence du secr\u00e9taire g\u00e9n\u00e9ral de l\u2019Alliance atlantique, ainsi que de repr\u00e9sentants des \u00c9tats-Unis et de l\u2019Ukraine. Une r\u00e9union qui s\u2019\u00e9tait conclue par l\u2019adoption d\u2019une d\u00e9claration commune, en amont du sommet de l\u2019OTAN pr\u00e9vu \u00e0 Ankara.<\/p>\n<p>&nbsp;<\/p>\n<p><em>\u00ab Dans le cadre de nos actions men\u00e9es cette ann\u00e9e, nous avons cherch\u00e9 \u00e0 renforcer notre r\u00f4le au sein des instances multilat\u00e9rales de s\u00e9curit\u00e9 auxquelles nous participons. Le message est clair : la Roumanie contribue \u00e0 la s\u00e9curit\u00e9 transatlantique, \u00e0 celle du flanc oriental et \u00e0 celle de la r\u00e9gion plus restreinte dans laquelle nous nous trouvons. \u00bb<\/em><\/p>\n<p>&nbsp;<\/p>\n<p>Le pr\u00e9sident roumain a \u00e9galement r\u00e9affirm\u00e9 l\u2019importance strat\u00e9gique du partenariat avec les \u00c9tats-Unis, tout en appelant \u00e0 renforcer la pr\u00e9sence \u00e9conomique am\u00e9ricaine en Roumanie. Au c\u0153ur de cette strat\u00e9gie figure la mer Noire, consid\u00e9r\u00e9e comme un espace d\u00e9terminant non seulement pour la s\u00e9curit\u00e9 de la Roumanie et de l\u2019Europe, mais aussi pour le d\u00e9veloppement des \u00e9changes avec la r\u00e9gion caspienne et, \u00e0 plus long terme, avec l\u2019Asie.<\/p>\n<p>&nbsp;<\/p>\n<h3><strong>Une diplomatie tourn\u00e9e vers l\u2019avenir<\/strong><\/h3>\n<p>&nbsp;<\/p>\n<p>La s\u00e9curisation des infrastructures et des approvisionnements \u00e9nerg\u00e9tiques constitue l\u2019un des volets majeurs de cette strat\u00e9gie. Bucarest mise notamment sur le d\u00e9veloppement des interconnexions avec les pays voisins et sur l\u2019exploitation prochaine du gisement gazier de Neptun Deep, en mer Noire, pr\u00e9sent\u00e9 comme un projet strat\u00e9gique pour la s\u00e9curit\u00e9 \u00e9nerg\u00e9tique du pays et de la r\u00e9gion.<\/p>\n<p>&nbsp;<\/p>\n<p><em>\u00ab Nous enregistrons des progr\u00e8s concernant le p\u00f4le europ\u00e9en de s\u00e9curit\u00e9 maritime et nous commencerons l\u2019ann\u00e9e prochaine l\u2019exploitation de Neptun Deep. Nous progressons \u00e9galement en mati\u00e8re d\u2019interconnexions \u00e9nerg\u00e9tiques avec les pays de la r\u00e9gion, et chacun de ces instruments s\u2019inscrit dans le cadre de notre politique de s\u00e9curit\u00e9. \u00bb<\/em><\/p>\n<p>&nbsp;<\/p>\n<p>Le chef de l\u2019\u00c9tat a par ailleurs appel\u00e9 \u00e0 r\u00e9soudre plusieurs difficult\u00e9s administratives qui affectent le fonctionnement de la diplomatie roumaine, notamment la question de certains si\u00e8ges diplomatiques et les retards dans la rotation des repr\u00e9sentants \u00e0 l\u2019\u00e9tranger. Sur le plan r\u00e9gional, Nicu\u015for Dan a r\u00e9affirm\u00e9 le soutien de Bucarest aux processus d\u2019int\u00e9gration europ\u00e9enne de la R\u00e9publique de Moldavie et de l\u2019Ukraine, ainsi qu\u2019\u00e0 ceux des pays des Balkans occidentaux. La relation avec Chi\u0219in\u0103u demeure, selon lui, une priorit\u00e9 majeure de la politique \u00e9trang\u00e8re roumaine. Enfin, la diplomatie \u00e9conomique doit permettre \u00e0 la Roumanie de tirer parti de l\u2019ouverture de nouveaux march\u00e9s. Le pr\u00e9sident roumain a notamment \u00e9voqu\u00e9 les accords commerciaux conclus ou en cours de n\u00e9gociation par l\u2019Union europ\u00e9enne avec le Mercosur, l\u2019Inde, l\u2019Indon\u00e9sie, l\u2019Australie et d\u2019autres \u00e9conomies majeures. Un objectif partag\u00e9 par le Premier ministre par int\u00e9rim Ilie Bolojan, qui, lors de sa rencontre avec les diplomates roumains, a salu\u00e9 leur contribution \u00e0 la d\u00e9fense et \u00e0 la promotion des int\u00e9r\u00eats nationaux \u00e0 l\u2019\u00e9tranger.<\/p>\n","protected":false},"excerpt":{"rendered":"<p>La s\u00e9curit\u00e9 transatlantique, le soutien aux communaut\u00e9s roumaines de l\u2019\u00e9tranger et le d\u00e9veloppement de la diplomatie \u00e9conomique constituent les trois priorit\u00e9s affich\u00e9es par le pr\u00e9sident Nicu\u015for Dan pour la diplomatie roumaine. Le chef de l\u2019\u00c9tat s\u2019exprimait \u00e0 Bucarest devant le corps diplomatique, r\u00e9uni \u00e0 l\u2019occasion de la R\u00e9union annuelle de la diplomatie roumaine, la RADR. [&hellip;]<\/p>\n","protected":false},"author":106,"featured_media":1055846,"comment_status":"closed","ping_status":"closed","sticky":false,"template":"","format":"standard","meta":{"_acf_changed":false,"footnotes":""},"categories":[93377],"tags":[],"coauthors":[113311],"class_list":["post-1055896","post","type-post","status-publish","format-standard","has-post-thumbnail","hentry","category-les-dossiers-de-lactualite"],"acf":[],"yoast_head":"<!-- This site is optimized with the Yoast SEO plugin v28.2 - https:\/\/yoast.com\/product\/yoast-seo-wordpress\/ -->\n<title>R\u00e9union annuelle de la diplomatie roumaine - Radio Roumanie Internationale<\/title>\n<meta name=\"robots\" content=\"index, follow, max-snippet:-1, max-image-preview:large, max-video-preview:-1\" \/>\n<link rel=\"canonical\" href=\"https:\/\/www.rri.ro\/fr\/actualites\/les-dossiers-de-lactualite\/reunion-annuelle-de-la-diplomatie-roumaine-2-id1055896.html\" \/>\n<meta property=\"og:locale\" content=\"fr_FR\" \/>\n<meta property=\"og:type\" content=\"article\" \/>\n<meta property=\"og:title\" content=\"R\u00e9union annuelle de la diplomatie roumaine - Radio Roumanie Internationale\" \/>\n<meta property=\"og:description\" content=\"La s\u00e9curit\u00e9 transatlantique, le soutien aux communaut\u00e9s roumaines de l\u2019\u00e9tranger et le d\u00e9veloppement de la diplomatie \u00e9conomique constituent les trois priorit\u00e9s affich\u00e9es par le pr\u00e9sident Nicu\u015for Dan pour la diplomatie roumaine. Le chef de l\u2019\u00c9tat s\u2019exprimait \u00e0 Bucarest devant le corps diplomatique, r\u00e9uni \u00e0 l\u2019occasion de la R\u00e9union annuelle de la diplomatie roumaine, la RADR. [&hellip;]\" \/>\n<meta property=\"og:url\" content=\"https:\/\/www.rri.ro\/fr\/actualites\/les-dossiers-de-lactualite\/reunion-annuelle-de-la-diplomatie-roumaine-2-id1055896.html\" \/>\n<meta property=\"og:site_name\" content=\"Radio Roumanie Internationale\" \/>\n<meta property=\"article:published_time\" content=\"2026-09-02T09:05:59+00:00\" \/>\n<meta property=\"og:image\" content=\"https:\/\/www.rri.ro\/wp-content\/uploads\/2026\/09\/Nicusor-Dan-discurs-RADR-2026-presidency-ro.jpg\" \/>\n\t<meta property=\"og:image:width\" content=\"1280\" \/>\n\t<meta property=\"og:image:height\" content=\"720\" \/>\n\t<meta property=\"og:image:type\" content=\"image\/jpeg\" \/>\n<meta name=\"author\" content=\"Mihai Pelin\" \/>\n<meta name=\"twitter:card\" content=\"summary_large_image\" \/>\n<meta name=\"twitter:label1\" content=\"\u00c9crit par\" \/>\n\t<meta name=\"twitter:data1\" content=\"Mihai Pelin\" \/>\n\t<meta name=\"twitter:label2\" content=\"Dur\u00e9e de lecture estim\u00e9e\" \/>\n\t<meta name=\"twitter:data2\" content=\"3 minutes\" \/>\n\t<meta name=\"twitter:label3\" content=\"Written by\" \/>\n\t<meta name=\"twitter:data3\" content=\"Mihai Pelin\" \/>\n<script type=\"application\/ld+json\" class=\"yoast-schema-graph\">{\"@context\":\"https:\\\/\\\/schema.org\",\"@graph\":[{\"@type\":\"Article\",\"@id\":\"https:\\\/\\\/www.rri.ro\\\/fr\\\/actualites\\\/les-dossiers-de-lactualite\\\/reunion-annuelle-de-la-diplomatie-roumaine-2-id1055896.html#article\",\"isPartOf\":{\"@id\":\"https:\\\/\\\/www.rri.ro\\\/fr\\\/actualites\\\/les-dossiers-de-lactualite\\\/reunion-annuelle-de-la-diplomatie-roumaine-2-id1055896.html\"},\"author\":{\"name\":\"Mihai Pelin\",\"@id\":\"https:\\\/\\\/www.rri.ro\\\/#\\\/schema\\\/person\\\/c6036c822534c855dc3aad41a484f05d\"},\"headline\":\"R\u00e9union annuelle de la diplomatie roumaine\",\"datePublished\":\"2026-09-02T09:05:59+00:00\",\"mainEntityOfPage\":{\"@id\":\"https:\\\/\\\/www.rri.ro\\\/fr\\\/actualites\\\/les-dossiers-de-lactualite\\\/reunion-annuelle-de-la-diplomatie-roumaine-2-id1055896.html\"},\"wordCount\":675,\"image\":{\"@id\":\"https:\\\/\\\/www.rri.ro\\\/fr\\\/actualites\\\/les-dossiers-de-lactualite\\\/reunion-annuelle-de-la-diplomatie-roumaine-2-id1055896.html#primaryimage\"},\"thumbnailUrl\":\"https:\\\/\\\/www.rri.ro\\\/wp-content\\\/uploads\\\/2026\\\/09\\\/Nicusor-Dan-discurs-RADR-2026-presidency-ro.jpg\",\"articleSection\":[\"Les dossiers de l'actualit\u00e9\"],\"inLanguage\":\"fr-FR\"},{\"@type\":\"WebPage\",\"@id\":\"https:\\\/\\\/www.rri.ro\\\/fr\\\/actualites\\\/les-dossiers-de-lactualite\\\/reunion-annuelle-de-la-diplomatie-roumaine-2-id1055896.html\",\"url\":\"https:\\\/\\\/www.rri.ro\\\/fr\\\/actualites\\\/les-dossiers-de-lactualite\\\/reunion-annuelle-de-la-diplomatie-roumaine-2-id1055896.html\",\"name\":\"R\u00e9union annuelle de la diplomatie roumaine - Radio Roumanie Internationale\",\"isPartOf\":{\"@id\":\"https:\\\/\\\/www.rri.ro\\\/#website\"},\"primaryImageOfPage\":{\"@id\":\"https:\\\/\\\/www.rri.ro\\\/fr\\\/actualites\\\/les-dossiers-de-lactualite\\\/reunion-annuelle-de-la-diplomatie-roumaine-2-id1055896.html#primaryimage\"},\"image\":{\"@id\":\"https:\\\/\\\/www.rri.ro\\\/fr\\\/actualites\\\/les-dossiers-de-lactualite\\\/reunion-annuelle-de-la-diplomatie-roumaine-2-id1055896.html#primaryimage\"},\"thumbnailUrl\":\"https:\\\/\\\/www.rri.ro\\\/wp-content\\\/uploads\\\/2026\\\/09\\\/Nicusor-Dan-discurs-RADR-2026-presidency-ro.jpg\",\"datePublished\":\"2026-09-02T09:05:59+00:00\",\"author\":{\"@id\":\"https:\\\/\\\/www.rri.ro\\\/#\\\/schema\\\/person\\\/c6036c822534c855dc3aad41a484f05d\"},\"breadcrumb\":{\"@id\":\"https:\\\/\\\/www.rri.ro\\\/fr\\\/actualites\\\/les-dossiers-de-lactualite\\\/reunion-annuelle-de-la-diplomatie-roumaine-2-id1055896.html#breadcrumb\"},\"inLanguage\":\"fr-FR\",\"potentialAction\":[{\"@type\":\"ReadAction\",\"target\":[\"https:\\\/\\\/www.rri.ro\\\/fr\\\/actualites\\\/les-dossiers-de-lactualite\\\/reunion-annuelle-de-la-diplomatie-roumaine-2-id1055896.html\"]}]},{\"@type\":\"ImageObject\",\"inLanguage\":\"fr-FR\",\"@id\":\"https:\\\/\\\/www.rri.ro\\\/fr\\\/actualites\\\/les-dossiers-de-lactualite\\\/reunion-annuelle-de-la-diplomatie-roumaine-2-id1055896.html#primaryimage\",\"url\":\"https:\\\/\\\/www.rri.ro\\\/wp-content\\\/uploads\\\/2026\\\/09\\\/Nicusor-Dan-discurs-RADR-2026-presidency-ro.jpg\",\"contentUrl\":\"https:\\\/\\\/www.rri.ro\\\/wp-content\\\/uploads\\\/2026\\\/09\\\/Nicusor-Dan-discurs-RADR-2026-presidency-ro.jpg\",\"width\":1280,\"height\":720,\"caption\":\"Pre;edintele Dan,\"},{\"@type\":\"BreadcrumbList\",\"@id\":\"https:\\\/\\\/www.rri.ro\\\/fr\\\/actualites\\\/les-dossiers-de-lactualite\\\/reunion-annuelle-de-la-diplomatie-roumaine-2-id1055896.html#breadcrumb\",\"itemListElement\":[{\"@type\":\"ListItem\",\"position\":1,\"name\":\"Page d'accueil\",\"item\":\"https:\\\/\\\/www.rri.ro\\\/fr\"},{\"@type\":\"ListItem\",\"position\":2,\"name\":\"Actualit\u00e9s\",\"item\":\"https:\\\/\\\/www.rri.ro\\\/fr\\\/actualites\"},{\"@type\":\"ListItem\",\"position\":3,\"name\":\"Les dossiers de l'actualit\u00e9\",\"item\":\"https:\\\/\\\/www.rri.ro\\\/fr\\\/actualites\\\/les-dossiers-de-lactualite\"},{\"@type\":\"ListItem\",\"position\":4,\"name\":\"R\u00e9union annuelle de la diplomatie roumaine\"}]},{\"@type\":\"WebSite\",\"@id\":\"https:\\\/\\\/www.rri.ro\\\/#website\",\"url\":\"https:\\\/\\\/www.rri.ro\\\/\",\"name\":\"Radio Roumanie Internationale\",\"description\":\"Totul despre Rom\u00e2nia \u015fi rom\u00e2ni, \u00een 13 limbi\\\/dialecte!\",\"inLanguage\":\"fr-FR\"},{\"@type\":\"Person\",\"@id\":\"https:\\\/\\\/www.rri.ro\\\/#\\\/schema\\\/person\\\/c6036c822534c855dc3aad41a484f05d\",\"name\":\"Mihai Pelin\",\"url\":\"https:\\\/\\\/www.rri.ro\\\/fr\\\/author\\\/mihai-pelin\"}]}<\/script>\n<!-- \/ Yoast SEO plugin. -->","yoast_head_json":{"title":"R\u00e9union annuelle de la diplomatie roumaine - Radio Roumanie Internationale","robots":{"index":"index","follow":"follow","max-snippet":"max-snippet:-1","max-image-preview":"max-image-preview:large","max-video-preview":"max-video-preview:-1"},"canonical":"https:\/\/www.rri.ro\/fr\/actualites\/les-dossiers-de-lactualite\/reunion-annuelle-de-la-diplomatie-roumaine-2-id1055896.html","og_locale":"fr_FR","og_type":"article","og_title":"R\u00e9union annuelle de la diplomatie roumaine - Radio Roumanie Internationale","og_description":"La s\u00e9curit\u00e9 transatlantique, le soutien aux communaut\u00e9s roumaines de l\u2019\u00e9tranger et le d\u00e9veloppement de la diplomatie \u00e9conomique constituent les trois priorit\u00e9s affich\u00e9es par le pr\u00e9sident Nicu\u015for Dan pour la diplomatie roumaine. Le chef de l\u2019\u00c9tat s\u2019exprimait \u00e0 Bucarest devant le corps diplomatique, r\u00e9uni \u00e0 l\u2019occasion de la R\u00e9union annuelle de la diplomatie roumaine, la RADR. [&hellip;]","og_url":"https:\/\/www.rri.ro\/fr\/actualites\/les-dossiers-de-lactualite\/reunion-annuelle-de-la-diplomatie-roumaine-2-id1055896.html","og_site_name":"Radio Roumanie Internationale","article_published_time":"2026-09-02T09:05:59+00:00","og_image":[{"width":1280,"height":720,"url":"https:\/\/www.rri.ro\/wp-content\/uploads\/2026\/09\/Nicusor-Dan-discurs-RADR-2026-presidency-ro.jpg","type":"image\/jpeg"}],"author":"Mihai Pelin","twitter_card":"summary_large_image","twitter_misc":{"\u00c9crit par":"Mihai Pelin","Dur\u00e9e de lecture estim\u00e9e":"3 minutes","Written by":"Mihai Pelin"},"schema":{"@context":"https:\/\/schema.org","@graph":[{"@type":"Article","@id":"https:\/\/www.rri.ro\/fr\/actualites\/les-dossiers-de-lactualite\/reunion-annuelle-de-la-diplomatie-roumaine-2-id1055896.html#article","isPartOf":{"@id":"https:\/\/www.rri.ro\/fr\/actualites\/les-dossiers-de-lactualite\/reunion-annuelle-de-la-diplomatie-roumaine-2-id1055896.html"},"author":{"name":"Mihai Pelin","@id":"https:\/\/www.rri.ro\/#\/schema\/person\/c6036c822534c855dc3aad41a484f05d"},"headline":"R\u00e9union annuelle de la diplomatie roumaine","datePublished":"2026-09-02T09:05:59+00:00","mainEntityOfPage":{"@id":"https:\/\/www.rri.ro\/fr\/actualites\/les-dossiers-de-lactualite\/reunion-annuelle-de-la-diplomatie-roumaine-2-id1055896.html"},"wordCount":675,"image":{"@id":"https:\/\/www.rri.ro\/fr\/actualites\/les-dossiers-de-lactualite\/reunion-annuelle-de-la-diplomatie-roumaine-2-id1055896.html#primaryimage"},"thumbnailUrl":"https:\/\/www.rri.ro\/wp-content\/uploads\/2026\/09\/Nicusor-Dan-discurs-RADR-2026-presidency-ro.jpg","articleSection":["Les dossiers de l'actualit\u00e9"],"inLanguage":"fr-FR"},{"@type":"WebPage","@id":"https:\/\/www.rri.ro\/fr\/actualites\/les-dossiers-de-lactualite\/reunion-annuelle-de-la-diplomatie-roumaine-2-id1055896.html","url":"https:\/\/www.rri.ro\/fr\/actualites\/les-dossiers-de-lactualite\/reunion-annuelle-de-la-diplomatie-roumaine-2-id1055896.html","name":"R\u00e9union annuelle de la diplomatie roumaine - Radio Roumanie Internationale","isPartOf":{"@id":"https:\/\/www.rri.ro\/#website"},"primaryImageOfPage":{"@id":"https:\/\/www.rri.ro\/fr\/actualites\/les-dossiers-de-lactualite\/reunion-annuelle-de-la-diplomatie-roumaine-2-id1055896.html#primaryimage"},"image":{"@id":"https:\/\/www.rri.ro\/fr\/actualites\/les-dossiers-de-lactualite\/reunion-annuelle-de-la-diplomatie-roumaine-2-id1055896.html#primaryimage"},"thumbnailUrl":"https:\/\/www.rri.ro\/wp-content\/uploads\/2026\/09\/Nicusor-Dan-discurs-RADR-2026-presidency-ro.jpg","datePublished":"2026-09-02T09:05:59+00:00","author":{"@id":"https:\/\/www.rri.ro\/#\/schema\/person\/c6036c822534c855dc3aad41a484f05d"},"breadcrumb":{"@id":"https:\/\/www.rri.ro\/fr\/actualites\/les-dossiers-de-lactualite\/reunion-annuelle-de-la-diplomatie-roumaine-2-id1055896.html#breadcrumb"},"inLanguage":"fr-FR","potentialAction":[{"@type":"ReadAction","target":["https:\/\/www.rri.ro\/fr\/actualites\/les-dossiers-de-lactualite\/reunion-annuelle-de-la-diplomatie-roumaine-2-id1055896.html"]}]},{"@type":"ImageObject","inLanguage":"fr-FR","@id":"https:\/\/www.rri.ro\/fr\/actualites\/les-dossiers-de-lactualite\/reunion-annuelle-de-la-diplomatie-roumaine-2-id1055896.html#primaryimage","url":"https:\/\/www.rri.ro\/wp-content\/uploads\/2026\/09\/Nicusor-Dan-discurs-RADR-2026-presidency-ro.jpg","contentUrl":"https:\/\/www.rri.ro\/wp-content\/uploads\/2026\/09\/Nicusor-Dan-discurs-RADR-2026-presidency-ro.jpg","width":1280,"height":720,"caption":"Pre;edintele Dan,"},{"@type":"BreadcrumbList","@id":"https:\/\/www.rri.ro\/fr\/actualites\/les-dossiers-de-lactualite\/reunion-annuelle-de-la-diplomatie-roumaine-2-id1055896.html#breadcrumb","itemListElement":[{"@type":"ListItem","position":1,"name":"Page d'accueil","item":"https:\/\/www.rri.ro\/fr"},{"@type":"ListItem","position":2,"name":"Actualit\u00e9s","item":"https:\/\/www.rri.ro\/fr\/actualites"},{"@type":"ListItem","position":3,"name":"Les dossiers de l'actualit\u00e9","item":"https:\/\/www.rri.ro\/fr\/actualites\/les-dossiers-de-lactualite"},{"@type":"ListItem","position":4,"name":"R\u00e9union annuelle de la diplomatie roumaine"}]},{"@type":"WebSite","@id":"https:\/\/www.rri.ro\/#website","url":"https:\/\/www.rri.ro\/","name":"Radio Roumanie Internationale","description":"Totul despre Rom\u00e2nia \u015fi rom\u00e2ni, \u00een 13 limbi\/dialecte!","inLanguage":"fr-FR"},{"@type":"Person","@id":"https:\/\/www.rri.ro\/#\/schema\/person\/c6036c822534c855dc3aad41a484f05d","name":"Mihai Pelin","url":"https:\/\/www.rri.ro\/fr\/author\/mihai-pelin"}]}},"_links":{"self":[{"href":"https:\/\/www.rri.ro\/fr\/wp-json\/wp\/v2\/posts\/1055896","targetHints":{"allow":["GET"]}}],"collection":[{"href":"https:\/\/www.rri.ro\/fr\/wp-json\/wp\/v2\/posts"}],"about":[{"href":"https:\/\/www.rri.ro\/fr\/wp-json\/wp\/v2\/types\/post"}],"author":[{"embeddable":true,"href":"https:\/\/www.rri.ro\/fr\/wp-json\/wp\/v2\/users\/106"}],"replies":[{"embeddable":true,"href":"https:\/\/www.rri.ro\/fr\/wp-json\/wp\/v2\/comments?post=1055896"}],"version-history":[{"count":1,"href":"https:\/\/www.rri.ro\/fr\/wp-json\/wp\/v2\/posts\/1055896\/revisions"}],"predecessor-version":[{"id":1055897,"href":"https:\/\/www.rri.ro\/fr\/wp-json\/wp\/v2\/posts\/1055896\/revisions\/1055897"}],"wp:featuredmedia":[{"embeddable":true,"href":"https:\/\/www.rri.ro\/fr\/wp-json\/wp\/v2\/media\/1055846"}],"wp:attachment":[{"href":"https:\/\/www.rri.ro\/fr\/wp-json\/wp\/v2\/media?parent=1055896"}],"wp:term":[{"taxonomy":"category","embeddable":true,"href":"https:\/\/www.rri.ro\/fr\/wp-json\/wp\/v2\/categories?post=1055896"},{"taxonomy":"post_tag","embeddable":true,"href":"https:\/\/www.rri.ro\/fr\/wp-json\/wp\/v2\/tags?post=1055896"},{"taxonomy":"author","embeddable":true,"href":"https:\/\/www.rri.ro\/fr\/wp-json\/wp\/v2\/coauthors?post=1055896"}],"curies":[{"name":"wp","href":"https:\/\/api.w.org\/{rel}","templated":true}]}}