{"id":1055907,"date":"2026-09-02T12:50:47","date_gmt":"2026-09-02T09:50:47","guid":{"rendered":"https:\/\/www.rri.ro\/?p=1055907"},"modified":"2026-09-02T12:50:47","modified_gmt":"2026-09-02T09:50:47","slug":"02-09-2026","status":"publish","type":"post","link":"https:\/\/www.rri.ro\/fr\/actualites\/le-flash\/02-09-2026-id1055907.html","title":{"rendered":"02.09.2026"},"content":{"rendered":"<p><strong>Gouvernement<\/strong> \u2013 Les dirigeants des partis parlementaires attendent une nouvelle convocation de la part du chef de l\u2019Etat, Nicusor Dan, au sujet de la cr\u00e9ation d\u2019un nouvel Ex\u00e9cutif, dans le contexte o\u00f9 la session parlementaire d\u2019automne a d\u00e9marr\u00e9 ce 1er septembre, sans une majorit\u00e9 claire. Jusqu\u2019ici, le Parti national Lib\u00e9ral (PNL) et l\u2019Union Sauvez la Roumanie (USR), les deux de droite, aux c\u00f4t\u00e9s de l\u2019Union d\u00e9mocrate magyare de Roumanie (UDMR) ont assur\u00e9 le gouvernement par int\u00e9rim de Bucarest. Selon les analystes politiques, tant le PNL que l\u2019USR refusent cat\u00e9goriquement de faire partie de l\u2019Ex\u00e9cutif aux c\u00f4t\u00e9s du Parti Social-D\u00e9mocrate (PSD) qui avait quitt\u00e9 la coalition gouvernementale. Pour leur part, les sociaux-d\u00e9mocrates ont d\u00e9clar\u00e9 prendre une d\u00e9cision une fois que le futur premier ministre est annonc\u00e9. Enfin, l\u2019opposition nationaliste repr\u00e9sent\u00e9e par l\u2019Alliance pour l\u2019Union des Roumains (AUR), qui conna\u00eet un v\u00e9ritable essor dans les sondages d\u2019opinion, plaide pour des \u00e9lections anticip\u00e9es, \u00e0 ses yeux, la seule solution pour surmonter ce blocage politique.<\/p>\n<p>&nbsp;<\/p>\n<p><strong>Affaires \u00e9trang\u00e8res<\/strong> \u2013 La cheffe par int\u00e9rim de la diplomatie roumaine, Oana Toiu, participe ce mercredi, \u00e0 Wicklow, en Irlande, \u00e0 la r\u00e9union informelle des ministres des Affaires \u00e9trang\u00e8res de l\u2019UE. L\u2019agenda des pourparlers est domin\u00e9 par la r\u00e9ponse de l\u2019UE \u00e0 l\u2019agression de la Russie contre l\u2019Ukraine et par la situation au Moyen Orient. La veille, une r\u00e9union similaire a eu lieu dans la m\u00eame ville, o\u00f9 la Roumanie a \u00e9t\u00e9 repr\u00e9sent\u00e9e par son ministre par int\u00e9rim de la D\u00e9fense, Radu Miruta. Les deux r\u00e9unions ont \u00e9t\u00e9 organis\u00e9es dans le contexte o\u00f9 c\u2019est l\u2019Irlande qui assume la pr\u00e9sidence semestrielle du Conseil de l\u2019UE.<\/p>\n<p><strong>Diplomatie<\/strong> \u2013 \u00ab La diplomatie, ancre d\u2019un monde en changement \u00bb, c\u2019\u00e9tait le th\u00e8me de la R\u00e9union Annuelle de la Diplomatie Roumaine, un \u00e9v\u00e9nement qui a r\u00e9uni \u00e0 Bucarest les chefs des missions diplomatiques et bureaux consulaires de la Roumanie dans le monde. Dans son discours, le pr\u00e9sident roumain Nicusor Dan a parl\u00e9 des trois piliers de la diplomatie roumaine : le renforcement de la s\u00e9curit\u00e9, les communaut\u00e9s roumaines de l\u2019\u00e9tranger et la diplomatie \u00e9conomique. A son tour, la ministre par int\u00e9rim des Affaires Etrang\u00e8res, Oana Toiu, a pr\u00e9cis\u00e9 que l\u2019agenda des d\u00e9bats avait notamment vis\u00e9 des sujets tels la croissance \u00e9conomique, la s\u00e9curit\u00e9 et les mani\u00e8res de renforcer la confiance et la relation avec la diaspora. A son tour, devant les diplomates r\u00e9unis \u00e0 Bucarest, le premier ministre par int\u00e9rim, Ilie Bolojan a soulign\u00e9 l\u2019importance du r\u00f4le des \u00e9quipes diplomatiques, notamment de Bruxelles, dans la relation avec les institutions europ\u00e9ennes et au sein de l\u2019OTAN pour la mise en \u0153uvre des programmes du Plan national de relance et de r\u00e9silience et SAFE. Et d\u2019ajouter que la diplomatie \u00e9conomique doit \u00eatre une composante importante de l\u2019activit\u00e9 ext\u00e9rieure de la Roumanie, mais que son efficacit\u00e9 d\u00e9pendait aussi de la comp\u00e9titivit\u00e9 de l\u2019\u00e9conomie nationale.<\/p>\n<p><strong>Electorat<\/strong> \u2013 19 034 549 personnes \u2013 c\u2019est le nombre total des Roumains ayant le droit de vote, inscrits au Registre national \u00e9lectoral le 31 ao\u00fbt 2026, a fait savoir l\u2019Autorit\u00e9 Electorale Permanente de Roumanie. Ils sont 3 000 de plus par rapport \u00e0 juillet 2026. Sur l\u2019ensemble des \u00e9lecteurs roumains figurant au Registre national \u00e9lectoral, pr\u00e8s de 18 millions ont leur domicile ou leur r\u00e9sidence au pays, et un peu plus d\u2019un million sont \u00e9tablis \u00e0 l\u2019\u00e9tranger, lit-on dans un communiqu\u00e9 de l\u2019Autorit\u00e9.<\/p>\n<p><strong>Tennis<\/strong> \u2013 La joueuse de tennis roumaine Sorana C\u00eestea affronte aujourd\u2019hui la Fran\u00e7aise Diane Parry, au 2e tour de l\u2019US Open, le dernier tournoi du Grand Chelem de l\u2019Ann\u00e9e. Rappelons-le, cette ann\u00e9e dans le cadre des tournois du Grand Chelem, Sorana C\u00eestea est arriv\u00e9e au 2e tour de l\u2019Open d\u2019Australie, dans les quarts de finale \u00e0 Roland Garros, et au 3e tour \u00e0 Wimbledon.<\/p>\n<p><strong>M\u00e9t\u00e9o<\/strong> \u2013 Il fait chaud ce mercredi dans l\u2019ouest et le sud de la Roumanie, alors que l\u2019inconfort thermique est plut\u00f4t accentu\u00e9 dans le sud-ouest. On attend des pluies \u00e0 verse sur les montagnes, le nord \u2013 est et le sud, avec des pr\u00e9cipitations allant jusqu\u2019\u00e0 10-20 l\/m\u00b2. Les maxima de la journ\u00e9e iront de 25 \u00e0 35 degr\u00e9s. 29\u00b0C et du soleil \u00e0 midi \u00e0 Bucarest.<\/p>\n","protected":false},"excerpt":{"rendered":"<p>Gouvernement \u2013 Les dirigeants des partis parlementaires attendent une nouvelle convocation de la part du chef de l\u2019Etat, Nicusor Dan, au sujet de la cr\u00e9ation d\u2019un nouvel Ex\u00e9cutif, dans le contexte o\u00f9 la session parlementaire d\u2019automne a d\u00e9marr\u00e9 ce 1er septembre, sans une majorit\u00e9 claire. Jusqu\u2019ici, le Parti national Lib\u00e9ral (PNL) et l\u2019Union Sauvez la [&hellip;]<\/p>\n","protected":false},"author":113,"featured_media":723357,"comment_status":"closed","ping_status":"closed","sticky":false,"template":"","format":"standard","meta":{"_acf_changed":false,"footnotes":""},"categories":[89002],"tags":[],"coauthors":[116091],"class_list":["post-1055907","post","type-post","status-publish","format-standard","has-post-thumbnail","hentry","category-le-flash"],"acf":[],"yoast_head":"<!-- This site is optimized with the Yoast SEO plugin v28.2 - https:\/\/yoast.com\/product\/yoast-seo-wordpress\/ -->\n<title>02.09.2026 - Radio Roumanie Internationale<\/title>\n<meta name=\"robots\" content=\"index, follow, max-snippet:-1, max-image-preview:large, max-video-preview:-1\" \/>\n<link rel=\"canonical\" href=\"https:\/\/www.rri.ro\/fr\/actualites\/le-flash\/02-09-2026-id1055907.html\" \/>\n<meta property=\"og:locale\" content=\"fr_FR\" \/>\n<meta property=\"og:type\" content=\"article\" \/>\n<meta property=\"og:title\" content=\"02.09.2026 - Radio Roumanie Internationale\" \/>\n<meta property=\"og:description\" content=\"Gouvernement \u2013 Les dirigeants des partis parlementaires attendent une nouvelle convocation de la part du chef de l\u2019Etat, Nicusor Dan, au sujet de la cr\u00e9ation d\u2019un nouvel Ex\u00e9cutif, dans le contexte o\u00f9 la session parlementaire d\u2019automne a d\u00e9marr\u00e9 ce 1er septembre, sans une majorit\u00e9 claire. Jusqu\u2019ici, le Parti national Lib\u00e9ral (PNL) et l\u2019Union Sauvez la [&hellip;]\" \/>\n<meta property=\"og:url\" content=\"https:\/\/www.rri.ro\/fr\/actualites\/le-flash\/02-09-2026-id1055907.html\" \/>\n<meta property=\"og:site_name\" content=\"Radio Roumanie Internationale\" \/>\n<meta property=\"article:published_time\" content=\"2026-09-02T09:50:47+00:00\" \/>\n<meta property=\"og:image\" content=\"https:\/\/www.rri.ro\/wp-content\/uploads\/2024\/03\/RRI-960x540-Le-flash-2-NOU.jpg\" \/>\n\t<meta property=\"og:image:width\" content=\"960\" \/>\n\t<meta property=\"og:image:height\" content=\"540\" \/>\n\t<meta property=\"og:image:type\" content=\"image\/jpeg\" \/>\n<meta name=\"author\" content=\"Newsroom\" \/>\n<meta name=\"twitter:card\" content=\"summary_large_image\" \/>\n<meta name=\"twitter:label1\" content=\"\u00c9crit par\" \/>\n\t<meta name=\"twitter:data1\" content=\"Newsroom\" \/>\n\t<meta name=\"twitter:label2\" content=\"Dur\u00e9e de lecture estim\u00e9e\" \/>\n\t<meta name=\"twitter:data2\" content=\"4 minutes\" \/>\n\t<meta name=\"twitter:label3\" content=\"Written by\" \/>\n\t<meta name=\"twitter:data3\" content=\"Newsroom\" \/>\n<script type=\"application\/ld+json\" class=\"yoast-schema-graph\">{\"@context\":\"https:\\\/\\\/schema.org\",\"@graph\":[{\"@type\":\"Article\",\"@id\":\"https:\\\/\\\/www.rri.ro\\\/fr\\\/actualites\\\/le-flash\\\/02-09-2026-id1055907.html#article\",\"isPartOf\":{\"@id\":\"https:\\\/\\\/www.rri.ro\\\/fr\\\/actualites\\\/le-flash\\\/02-09-2026-id1055907.html\"},\"author\":{\"name\":\"Newsroom\",\"@id\":\"https:\\\/\\\/www.rri.ro\\\/#\\\/schema\\\/person\\\/4a479940371b9fdefd194f561e8a7f88\"},\"headline\":\"02.09.2026\",\"datePublished\":\"2026-09-02T09:50:47+00:00\",\"mainEntityOfPage\":{\"@id\":\"https:\\\/\\\/www.rri.ro\\\/fr\\\/actualites\\\/le-flash\\\/02-09-2026-id1055907.html\"},\"wordCount\":761,\"image\":{\"@id\":\"https:\\\/\\\/www.rri.ro\\\/fr\\\/actualites\\\/le-flash\\\/02-09-2026-id1055907.html#primaryimage\"},\"thumbnailUrl\":\"https:\\\/\\\/www.rri.ro\\\/wp-content\\\/uploads\\\/2024\\\/03\\\/RRI-960x540-Le-flash-2-NOU.jpg\",\"articleSection\":[\"Le flash\"],\"inLanguage\":\"fr-FR\"},{\"@type\":\"WebPage\",\"@id\":\"https:\\\/\\\/www.rri.ro\\\/fr\\\/actualites\\\/le-flash\\\/02-09-2026-id1055907.html\",\"url\":\"https:\\\/\\\/www.rri.ro\\\/fr\\\/actualites\\\/le-flash\\\/02-09-2026-id1055907.html\",\"name\":\"02.09.2026 - Radio Roumanie Internationale\",\"isPartOf\":{\"@id\":\"https:\\\/\\\/www.rri.ro\\\/#website\"},\"primaryImageOfPage\":{\"@id\":\"https:\\\/\\\/www.rri.ro\\\/fr\\\/actualites\\\/le-flash\\\/02-09-2026-id1055907.html#primaryimage\"},\"image\":{\"@id\":\"https:\\\/\\\/www.rri.ro\\\/fr\\\/actualites\\\/le-flash\\\/02-09-2026-id1055907.html#primaryimage\"},\"thumbnailUrl\":\"https:\\\/\\\/www.rri.ro\\\/wp-content\\\/uploads\\\/2024\\\/03\\\/RRI-960x540-Le-flash-2-NOU.jpg\",\"datePublished\":\"2026-09-02T09:50:47+00:00\",\"author\":{\"@id\":\"https:\\\/\\\/www.rri.ro\\\/#\\\/schema\\\/person\\\/4a479940371b9fdefd194f561e8a7f88\"},\"breadcrumb\":{\"@id\":\"https:\\\/\\\/www.rri.ro\\\/fr\\\/actualites\\\/le-flash\\\/02-09-2026-id1055907.html#breadcrumb\"},\"inLanguage\":\"fr-FR\",\"potentialAction\":[{\"@type\":\"ReadAction\",\"target\":[\"https:\\\/\\\/www.rri.ro\\\/fr\\\/actualites\\\/le-flash\\\/02-09-2026-id1055907.html\"]}]},{\"@type\":\"ImageObject\",\"inLanguage\":\"fr-FR\",\"@id\":\"https:\\\/\\\/www.rri.ro\\\/fr\\\/actualites\\\/le-flash\\\/02-09-2026-id1055907.html#primaryimage\",\"url\":\"https:\\\/\\\/www.rri.ro\\\/wp-content\\\/uploads\\\/2024\\\/03\\\/RRI-960x540-Le-flash-2-NOU.jpg\",\"contentUrl\":\"https:\\\/\\\/www.rri.ro\\\/wp-content\\\/uploads\\\/2024\\\/03\\\/RRI-960x540-Le-flash-2-NOU.jpg\",\"width\":960,\"height\":540},{\"@type\":\"BreadcrumbList\",\"@id\":\"https:\\\/\\\/www.rri.ro\\\/fr\\\/actualites\\\/le-flash\\\/02-09-2026-id1055907.html#breadcrumb\",\"itemListElement\":[{\"@type\":\"ListItem\",\"position\":1,\"name\":\"Page d'accueil\",\"item\":\"https:\\\/\\\/www.rri.ro\\\/fr\"},{\"@type\":\"ListItem\",\"position\":2,\"name\":\"Actualit\u00e9s\",\"item\":\"https:\\\/\\\/www.rri.ro\\\/fr\\\/actualites\"},{\"@type\":\"ListItem\",\"position\":3,\"name\":\"Le flash\",\"item\":\"https:\\\/\\\/www.rri.ro\\\/fr\\\/actualites\\\/le-flash\"},{\"@type\":\"ListItem\",\"position\":4,\"name\":\"02.09.2026\"}]},{\"@type\":\"WebSite\",\"@id\":\"https:\\\/\\\/www.rri.ro\\\/#website\",\"url\":\"https:\\\/\\\/www.rri.ro\\\/\",\"name\":\"Radio Roumanie Internationale\",\"description\":\"Totul despre Rom\u00e2nia \u015fi rom\u00e2ni, \u00een 13 limbi\\\/dialecte!\",\"inLanguage\":\"fr-FR\"},{\"@type\":\"Person\",\"@id\":\"https:\\\/\\\/www.rri.ro\\\/#\\\/schema\\\/person\\\/4a479940371b9fdefd194f561e8a7f88\",\"name\":\"Newsroom\",\"url\":\"https:\\\/\\\/www.rri.ro\\\/fr\\\/author\\\/newsroom\"}]}<\/script>\n<!-- \/ Yoast SEO plugin. -->","yoast_head_json":{"title":"02.09.2026 - Radio Roumanie Internationale","robots":{"index":"index","follow":"follow","max-snippet":"max-snippet:-1","max-image-preview":"max-image-preview:large","max-video-preview":"max-video-preview:-1"},"canonical":"https:\/\/www.rri.ro\/fr\/actualites\/le-flash\/02-09-2026-id1055907.html","og_locale":"fr_FR","og_type":"article","og_title":"02.09.2026 - Radio Roumanie Internationale","og_description":"Gouvernement \u2013 Les dirigeants des partis parlementaires attendent une nouvelle convocation de la part du chef de l\u2019Etat, Nicusor Dan, au sujet de la cr\u00e9ation d\u2019un nouvel Ex\u00e9cutif, dans le contexte o\u00f9 la session parlementaire d\u2019automne a d\u00e9marr\u00e9 ce 1er septembre, sans une majorit\u00e9 claire. Jusqu\u2019ici, le Parti national Lib\u00e9ral (PNL) et l\u2019Union Sauvez la [&hellip;]","og_url":"https:\/\/www.rri.ro\/fr\/actualites\/le-flash\/02-09-2026-id1055907.html","og_site_name":"Radio Roumanie Internationale","article_published_time":"2026-09-02T09:50:47+00:00","og_image":[{"width":960,"height":540,"url":"https:\/\/www.rri.ro\/wp-content\/uploads\/2024\/03\/RRI-960x540-Le-flash-2-NOU.jpg","type":"image\/jpeg"}],"author":"Newsroom","twitter_card":"summary_large_image","twitter_misc":{"\u00c9crit par":"Newsroom","Dur\u00e9e de lecture estim\u00e9e":"4 minutes","Written by":"Newsroom"},"schema":{"@context":"https:\/\/schema.org","@graph":[{"@type":"Article","@id":"https:\/\/www.rri.ro\/fr\/actualites\/le-flash\/02-09-2026-id1055907.html#article","isPartOf":{"@id":"https:\/\/www.rri.ro\/fr\/actualites\/le-flash\/02-09-2026-id1055907.html"},"author":{"name":"Newsroom","@id":"https:\/\/www.rri.ro\/#\/schema\/person\/4a479940371b9fdefd194f561e8a7f88"},"headline":"02.09.2026","datePublished":"2026-09-02T09:50:47+00:00","mainEntityOfPage":{"@id":"https:\/\/www.rri.ro\/fr\/actualites\/le-flash\/02-09-2026-id1055907.html"},"wordCount":761,"image":{"@id":"https:\/\/www.rri.ro\/fr\/actualites\/le-flash\/02-09-2026-id1055907.html#primaryimage"},"thumbnailUrl":"https:\/\/www.rri.ro\/wp-content\/uploads\/2024\/03\/RRI-960x540-Le-flash-2-NOU.jpg","articleSection":["Le flash"],"inLanguage":"fr-FR"},{"@type":"WebPage","@id":"https:\/\/www.rri.ro\/fr\/actualites\/le-flash\/02-09-2026-id1055907.html","url":"https:\/\/www.rri.ro\/fr\/actualites\/le-flash\/02-09-2026-id1055907.html","name":"02.09.2026 - Radio Roumanie Internationale","isPartOf":{"@id":"https:\/\/www.rri.ro\/#website"},"primaryImageOfPage":{"@id":"https:\/\/www.rri.ro\/fr\/actualites\/le-flash\/02-09-2026-id1055907.html#primaryimage"},"image":{"@id":"https:\/\/www.rri.ro\/fr\/actualites\/le-flash\/02-09-2026-id1055907.html#primaryimage"},"thumbnailUrl":"https:\/\/www.rri.ro\/wp-content\/uploads\/2024\/03\/RRI-960x540-Le-flash-2-NOU.jpg","datePublished":"2026-09-02T09:50:47+00:00","author":{"@id":"https:\/\/www.rri.ro\/#\/schema\/person\/4a479940371b9fdefd194f561e8a7f88"},"breadcrumb":{"@id":"https:\/\/www.rri.ro\/fr\/actualites\/le-flash\/02-09-2026-id1055907.html#breadcrumb"},"inLanguage":"fr-FR","potentialAction":[{"@type":"ReadAction","target":["https:\/\/www.rri.ro\/fr\/actualites\/le-flash\/02-09-2026-id1055907.html"]}]},{"@type":"ImageObject","inLanguage":"fr-FR","@id":"https:\/\/www.rri.ro\/fr\/actualites\/le-flash\/02-09-2026-id1055907.html#primaryimage","url":"https:\/\/www.rri.ro\/wp-content\/uploads\/2024\/03\/RRI-960x540-Le-flash-2-NOU.jpg","contentUrl":"https:\/\/www.rri.ro\/wp-content\/uploads\/2024\/03\/RRI-960x540-Le-flash-2-NOU.jpg","width":960,"height":540},{"@type":"BreadcrumbList","@id":"https:\/\/www.rri.ro\/fr\/actualites\/le-flash\/02-09-2026-id1055907.html#breadcrumb","itemListElement":[{"@type":"ListItem","position":1,"name":"Page d'accueil","item":"https:\/\/www.rri.ro\/fr"},{"@type":"ListItem","position":2,"name":"Actualit\u00e9s","item":"https:\/\/www.rri.ro\/fr\/actualites"},{"@type":"ListItem","position":3,"name":"Le flash","item":"https:\/\/www.rri.ro\/fr\/actualites\/le-flash"},{"@type":"ListItem","position":4,"name":"02.09.2026"}]},{"@type":"WebSite","@id":"https:\/\/www.rri.ro\/#website","url":"https:\/\/www.rri.ro\/","name":"Radio Roumanie Internationale","description":"Totul despre Rom\u00e2nia \u015fi rom\u00e2ni, \u00een 13 limbi\/dialecte!","inLanguage":"fr-FR"},{"@type":"Person","@id":"https:\/\/www.rri.ro\/#\/schema\/person\/4a479940371b9fdefd194f561e8a7f88","name":"Newsroom","url":"https:\/\/www.rri.ro\/fr\/author\/newsroom"}]}},"_links":{"self":[{"href":"https:\/\/www.rri.ro\/fr\/wp-json\/wp\/v2\/posts\/1055907","targetHints":{"allow":["GET"]}}],"collection":[{"href":"https:\/\/www.rri.ro\/fr\/wp-json\/wp\/v2\/posts"}],"about":[{"href":"https:\/\/www.rri.ro\/fr\/wp-json\/wp\/v2\/types\/post"}],"author":[{"embeddable":true,"href":"https:\/\/www.rri.ro\/fr\/wp-json\/wp\/v2\/users\/113"}],"replies":[{"embeddable":true,"href":"https:\/\/www.rri.ro\/fr\/wp-json\/wp\/v2\/comments?post=1055907"}],"version-history":[{"count":1,"href":"https:\/\/www.rri.ro\/fr\/wp-json\/wp\/v2\/posts\/1055907\/revisions"}],"predecessor-version":[{"id":1055908,"href":"https:\/\/www.rri.ro\/fr\/wp-json\/wp\/v2\/posts\/1055907\/revisions\/1055908"}],"wp:featuredmedia":[{"embeddable":true,"href":"https:\/\/www.rri.ro\/fr\/wp-json\/wp\/v2\/media\/723357"}],"wp:attachment":[{"href":"https:\/\/www.rri.ro\/fr\/wp-json\/wp\/v2\/media?parent=1055907"}],"wp:term":[{"taxonomy":"category","embeddable":true,"href":"https:\/\/www.rri.ro\/fr\/wp-json\/wp\/v2\/categories?post=1055907"},{"taxonomy":"post_tag","embeddable":true,"href":"https:\/\/www.rri.ro\/fr\/wp-json\/wp\/v2\/tags?post=1055907"},{"taxonomy":"author","embeddable":true,"href":"https:\/\/www.rri.ro\/fr\/wp-json\/wp\/v2\/coauthors?post=1055907"}],"curies":[{"name":"wp","href":"https:\/\/api.w.org\/{rel}","templated":true}]}}