{"id":1055950,"date":"2026-09-02T15:05:06","date_gmt":"2026-09-02T12:05:06","guid":{"rendered":"https:\/\/www.rri.ro\/?p=1055950"},"modified":"2026-09-02T15:05:06","modified_gmt":"2026-09-02T12:05:06","slug":"bilan-du-gouvernement-par-interim-et-perspectives-politiques","status":"publish","type":"post","link":"https:\/\/www.rri.ro\/fr\/nos-emissions\/rri-alternatives\/bilan-du-gouvernement-par-interim-et-perspectives-politiques-id1055950.html","title":{"rendered":"Bilan du gouvernement par int\u00e9rim et perspectives politiques."},"content":{"rendered":"<p>A commencer par les incursions de drones a\u00e9riens et maritimes \u2013 rappelons que le crash d\u2019un drone russe \u00e0 Galati a fait deux bless\u00e9s, en passant par la crise \u00e9nerg\u00e9tique due au niveau extr\u00eamement bas du Danube et jusqu\u2019\u00e0 la cl\u00f4ture, avec plus ou moins de succ\u00e8s du programme national de relance et de r\u00e9silience. Ce fut un \u00e9t\u00e9 rempli de d\u00e9fis, d\u2019\u00e9checs et de quelques r\u00e9alisations parmi lesquelles on ne saurait ignorer le fait que les agences de notation ont gard\u00e9 la note de la Roumanie au niveau \u00ab recommand\u00e9 aux investissements \u00bb, dernier cran avant le \u00ab junk \u00bb. Bref, le blocage politique n\u2019a pas immobilis\u00e9 le pays, les \u00e9lus nationaux ont \u00e9t\u00e9 \u00e0 plusieurs reprises convoqu\u00e9es dans le cadre de sessions extraordinaires. Les s\u00e9nateurs et d\u00e9put\u00e9s ont r\u00e9ussi \u00e0 adopter certaines lois jug\u00e9es cruciales alors que d\u2019autres ont \u00e9t\u00e9 rejet\u00e9es et l\u00e0 je pense \u00e0 la loi de la grille unique des salaires dans le secteur public dont l\u2019\u00e9chec de son adoption a cout\u00e9 \u00e0 la Roumanie 770 millions d\u2019euros de fonds europ\u00e9ens. Nous allons parler justement des r\u00e9ussites et des \u00e9checs des hommes et femmes politiques de Roumanie avec Sergiu Miscoiu, politologue et professeur \u00e0 l\u2019Universit\u00e9 Babes Bolyai de Cluj. Qu\u2019a signifi\u00e9 pour la Roumanie cette p\u00e9riode de gouvernement par int\u00e9rim\u00a0? Est-ce que les institutions roumaines se sont av\u00e9r\u00e9es plus matures et ont-elles r\u00e9ussi \u00e0 fonctionner comme si rien ne s\u2019\u00e9tait pass\u00e9\u00a0?<\/p>\n<p>Avec la rentr\u00e9e scolaire et surtout parlementaire, les jours du cabinet par int\u00e9rim sont vraiment compt\u00e9s. Le reconnait m\u00eame Ilie Bolojan selon lequel la Roumanie a absolument besoin d\u2019un gouvernement aux pleins pouvoirs. Le pr\u00e9sident Nicusor Dan devrait proposer au Parlement un premier ministre, mais en l\u2019absence d\u2019un accord politique, la Roumanie pourrait organiser des \u00e9lections parlementaires anticip\u00e9es pour la premi\u00e8re fois dans l\u2019histoire de sa d\u00e9mocratie. Est-ce une solution ?<\/p>\n<div style=\"width: 100%; max-width: 960px; margin: 0 auto;\"><iframe style=\"display: block; width: 100%; height: 160px; border: 0;\" title=\"RRI ALTERNATIVES - Le bilan du gouvernement par int\u00e9rim et les perspectives pour cet automne.\" src=\"https:\/\/mediahub.srr.ro\/e\/KfYfdXrMYB\"><br \/>\n<\/iframe><\/div>\n","protected":false},"excerpt":{"rendered":"<p>A commencer par les incursions de drones a\u00e9riens et maritimes \u2013 rappelons que le crash d\u2019un drone russe \u00e0 Galati a fait deux bless\u00e9s, en passant par la crise \u00e9nerg\u00e9tique due au niveau extr\u00eamement bas du Danube et jusqu\u2019\u00e0 la cl\u00f4ture, avec plus ou moins de succ\u00e8s du programme national de relance et de r\u00e9silience. [&hellip;]<\/p>\n","protected":false},"author":82,"featured_media":1032006,"comment_status":"closed","ping_status":"closed","sticky":false,"template":"","format":"audio","meta":{"_acf_changed":false,"footnotes":""},"categories":[96115],"tags":[],"coauthors":[113264],"class_list":["post-1055950","post","type-post","status-publish","format-audio","has-post-thumbnail","hentry","category-rri-alternatives","post_format-post-format-audio"],"acf":[],"yoast_head":"<!-- This site is optimized with the Yoast SEO plugin v28.2 - https:\/\/yoast.com\/product\/yoast-seo-wordpress\/ -->\n<title>Bilan du gouvernement par int\u00e9rim et perspectives politiques. - Radio Roumanie Internationale<\/title>\n<meta name=\"robots\" content=\"index, follow, max-snippet:-1, max-image-preview:large, max-video-preview:-1\" \/>\n<link rel=\"canonical\" href=\"https:\/\/www.rri.ro\/fr\/nos-emissions\/rri-alternatives\/bilan-du-gouvernement-par-interim-et-perspectives-politiques-id1055950.html\" \/>\n<meta property=\"og:locale\" content=\"fr_FR\" \/>\n<meta property=\"og:type\" content=\"article\" \/>\n<meta property=\"og:title\" content=\"Bilan du gouvernement par int\u00e9rim et perspectives politiques. - Radio Roumanie Internationale\" \/>\n<meta property=\"og:description\" content=\"A commencer par les incursions de drones a\u00e9riens et maritimes \u2013 rappelons que le crash d\u2019un drone russe \u00e0 Galati a fait deux bless\u00e9s, en passant par la crise \u00e9nerg\u00e9tique due au niveau extr\u00eamement bas du Danube et jusqu\u2019\u00e0 la cl\u00f4ture, avec plus ou moins de succ\u00e8s du programme national de relance et de r\u00e9silience. [&hellip;]\" \/>\n<meta property=\"og:url\" content=\"https:\/\/www.rri.ro\/fr\/nos-emissions\/rri-alternatives\/bilan-du-gouvernement-par-interim-et-perspectives-politiques-id1055950.html\" \/>\n<meta property=\"og:site_name\" content=\"Radio Roumanie Internationale\" \/>\n<meta property=\"article:published_time\" content=\"2026-09-02T12:05:06+00:00\" \/>\n<meta property=\"og:image\" content=\"https:\/\/www.rri.ro\/wp-content\/uploads\/2026\/06\/Screenshot-parlament-investire.jpg\" \/>\n\t<meta property=\"og:image:width\" content=\"1519\" \/>\n\t<meta property=\"og:image:height\" content=\"883\" \/>\n\t<meta property=\"og:image:type\" content=\"image\/jpeg\" \/>\n<meta name=\"author\" content=\"Alex Diaconescu\" \/>\n<meta name=\"twitter:card\" content=\"summary_large_image\" \/>\n<meta name=\"twitter:label1\" content=\"\u00c9crit par\" \/>\n\t<meta name=\"twitter:data1\" content=\"Alex Diaconescu\" \/>\n\t<meta name=\"twitter:label2\" content=\"Dur\u00e9e de lecture estim\u00e9e\" \/>\n\t<meta name=\"twitter:data2\" content=\"2 minutes\" \/>\n\t<meta name=\"twitter:label3\" content=\"Written by\" \/>\n\t<meta name=\"twitter:data3\" content=\"Alex Diaconescu\" \/>\n<script type=\"application\/ld+json\" class=\"yoast-schema-graph\">{\"@context\":\"https:\\\/\\\/schema.org\",\"@graph\":[{\"@type\":\"Article\",\"@id\":\"https:\\\/\\\/www.rri.ro\\\/fr\\\/nos-emissions\\\/rri-alternatives\\\/bilan-du-gouvernement-par-interim-et-perspectives-politiques-id1055950.html#article\",\"isPartOf\":{\"@id\":\"https:\\\/\\\/www.rri.ro\\\/fr\\\/nos-emissions\\\/rri-alternatives\\\/bilan-du-gouvernement-par-interim-et-perspectives-politiques-id1055950.html\"},\"author\":{\"name\":\"Alex Diaconescu\",\"@id\":\"https:\\\/\\\/www.rri.ro\\\/#\\\/schema\\\/person\\\/d5a987d79abdb413dbeb7c035fab3ef9\"},\"headline\":\"Bilan du gouvernement par int\u00e9rim et perspectives politiques.\",\"datePublished\":\"2026-09-02T12:05:06+00:00\",\"mainEntityOfPage\":{\"@id\":\"https:\\\/\\\/www.rri.ro\\\/fr\\\/nos-emissions\\\/rri-alternatives\\\/bilan-du-gouvernement-par-interim-et-perspectives-politiques-id1055950.html\"},\"wordCount\":346,\"image\":{\"@id\":\"https:\\\/\\\/www.rri.ro\\\/fr\\\/nos-emissions\\\/rri-alternatives\\\/bilan-du-gouvernement-par-interim-et-perspectives-politiques-id1055950.html#primaryimage\"},\"thumbnailUrl\":\"https:\\\/\\\/www.rri.ro\\\/wp-content\\\/uploads\\\/2026\\\/06\\\/Screenshot-parlament-investire.jpg\",\"articleSection\":[\"RRI Alternatives\"],\"inLanguage\":\"fr-FR\"},{\"@type\":\"WebPage\",\"@id\":\"https:\\\/\\\/www.rri.ro\\\/fr\\\/nos-emissions\\\/rri-alternatives\\\/bilan-du-gouvernement-par-interim-et-perspectives-politiques-id1055950.html\",\"url\":\"https:\\\/\\\/www.rri.ro\\\/fr\\\/nos-emissions\\\/rri-alternatives\\\/bilan-du-gouvernement-par-interim-et-perspectives-politiques-id1055950.html\",\"name\":\"Bilan du gouvernement par int\u00e9rim et perspectives politiques. - Radio Roumanie Internationale\",\"isPartOf\":{\"@id\":\"https:\\\/\\\/www.rri.ro\\\/#website\"},\"primaryImageOfPage\":{\"@id\":\"https:\\\/\\\/www.rri.ro\\\/fr\\\/nos-emissions\\\/rri-alternatives\\\/bilan-du-gouvernement-par-interim-et-perspectives-politiques-id1055950.html#primaryimage\"},\"image\":{\"@id\":\"https:\\\/\\\/www.rri.ro\\\/fr\\\/nos-emissions\\\/rri-alternatives\\\/bilan-du-gouvernement-par-interim-et-perspectives-politiques-id1055950.html#primaryimage\"},\"thumbnailUrl\":\"https:\\\/\\\/www.rri.ro\\\/wp-content\\\/uploads\\\/2026\\\/06\\\/Screenshot-parlament-investire.jpg\",\"datePublished\":\"2026-09-02T12:05:06+00:00\",\"author\":{\"@id\":\"https:\\\/\\\/www.rri.ro\\\/#\\\/schema\\\/person\\\/d5a987d79abdb413dbeb7c035fab3ef9\"},\"breadcrumb\":{\"@id\":\"https:\\\/\\\/www.rri.ro\\\/fr\\\/nos-emissions\\\/rri-alternatives\\\/bilan-du-gouvernement-par-interim-et-perspectives-politiques-id1055950.html#breadcrumb\"},\"inLanguage\":\"fr-FR\",\"potentialAction\":[{\"@type\":\"ReadAction\",\"target\":[\"https:\\\/\\\/www.rri.ro\\\/fr\\\/nos-emissions\\\/rri-alternatives\\\/bilan-du-gouvernement-par-interim-et-perspectives-politiques-id1055950.html\"]}]},{\"@type\":\"ImageObject\",\"inLanguage\":\"fr-FR\",\"@id\":\"https:\\\/\\\/www.rri.ro\\\/fr\\\/nos-emissions\\\/rri-alternatives\\\/bilan-du-gouvernement-par-interim-et-perspectives-politiques-id1055950.html#primaryimage\",\"url\":\"https:\\\/\\\/www.rri.ro\\\/wp-content\\\/uploads\\\/2026\\\/06\\\/Screenshot-parlament-investire.jpg\",\"contentUrl\":\"https:\\\/\\\/www.rri.ro\\\/wp-content\\\/uploads\\\/2026\\\/06\\\/Screenshot-parlament-investire.jpg\",\"width\":1519,\"height\":883},{\"@type\":\"BreadcrumbList\",\"@id\":\"https:\\\/\\\/www.rri.ro\\\/fr\\\/nos-emissions\\\/rri-alternatives\\\/bilan-du-gouvernement-par-interim-et-perspectives-politiques-id1055950.html#breadcrumb\",\"itemListElement\":[{\"@type\":\"ListItem\",\"position\":1,\"name\":\"Page d'accueil\",\"item\":\"https:\\\/\\\/www.rri.ro\\\/fr\"},{\"@type\":\"ListItem\",\"position\":2,\"name\":\"Nos \u00e9missions\",\"item\":\"https:\\\/\\\/www.rri.ro\\\/fr\\\/nos-emissions\"},{\"@type\":\"ListItem\",\"position\":3,\"name\":\"RRI Alternatives\",\"item\":\"https:\\\/\\\/www.rri.ro\\\/fr\\\/nos-emissions\\\/rri-alternatives\"},{\"@type\":\"ListItem\",\"position\":4,\"name\":\"Bilan du gouvernement par int\u00e9rim et perspectives politiques.\"}]},{\"@type\":\"WebSite\",\"@id\":\"https:\\\/\\\/www.rri.ro\\\/#website\",\"url\":\"https:\\\/\\\/www.rri.ro\\\/\",\"name\":\"Radio Roumanie Internationale\",\"description\":\"Totul despre Rom\u00e2nia \u015fi rom\u00e2ni, \u00een 13 limbi\\\/dialecte!\",\"inLanguage\":\"fr-FR\"},{\"@type\":\"Person\",\"@id\":\"https:\\\/\\\/www.rri.ro\\\/#\\\/schema\\\/person\\\/d5a987d79abdb413dbeb7c035fab3ef9\",\"name\":\"Alex Diaconescu\",\"url\":\"https:\\\/\\\/www.rri.ro\\\/fr\\\/author\\\/alexandru-diaconescu\"}]}<\/script>\n<!-- \/ Yoast SEO plugin. -->","yoast_head_json":{"title":"Bilan du gouvernement par int\u00e9rim et perspectives politiques. - Radio Roumanie Internationale","robots":{"index":"index","follow":"follow","max-snippet":"max-snippet:-1","max-image-preview":"max-image-preview:large","max-video-preview":"max-video-preview:-1"},"canonical":"https:\/\/www.rri.ro\/fr\/nos-emissions\/rri-alternatives\/bilan-du-gouvernement-par-interim-et-perspectives-politiques-id1055950.html","og_locale":"fr_FR","og_type":"article","og_title":"Bilan du gouvernement par int\u00e9rim et perspectives politiques. - Radio Roumanie Internationale","og_description":"A commencer par les incursions de drones a\u00e9riens et maritimes \u2013 rappelons que le crash d\u2019un drone russe \u00e0 Galati a fait deux bless\u00e9s, en passant par la crise \u00e9nerg\u00e9tique due au niveau extr\u00eamement bas du Danube et jusqu\u2019\u00e0 la cl\u00f4ture, avec plus ou moins de succ\u00e8s du programme national de relance et de r\u00e9silience. [&hellip;]","og_url":"https:\/\/www.rri.ro\/fr\/nos-emissions\/rri-alternatives\/bilan-du-gouvernement-par-interim-et-perspectives-politiques-id1055950.html","og_site_name":"Radio Roumanie Internationale","article_published_time":"2026-09-02T12:05:06+00:00","og_image":[{"width":1519,"height":883,"url":"https:\/\/www.rri.ro\/wp-content\/uploads\/2026\/06\/Screenshot-parlament-investire.jpg","type":"image\/jpeg"}],"author":"Alex Diaconescu","twitter_card":"summary_large_image","twitter_misc":{"\u00c9crit par":"Alex Diaconescu","Dur\u00e9e de lecture estim\u00e9e":"2 minutes","Written by":"Alex Diaconescu"},"schema":{"@context":"https:\/\/schema.org","@graph":[{"@type":"Article","@id":"https:\/\/www.rri.ro\/fr\/nos-emissions\/rri-alternatives\/bilan-du-gouvernement-par-interim-et-perspectives-politiques-id1055950.html#article","isPartOf":{"@id":"https:\/\/www.rri.ro\/fr\/nos-emissions\/rri-alternatives\/bilan-du-gouvernement-par-interim-et-perspectives-politiques-id1055950.html"},"author":{"name":"Alex Diaconescu","@id":"https:\/\/www.rri.ro\/#\/schema\/person\/d5a987d79abdb413dbeb7c035fab3ef9"},"headline":"Bilan du gouvernement par int\u00e9rim et perspectives politiques.","datePublished":"2026-09-02T12:05:06+00:00","mainEntityOfPage":{"@id":"https:\/\/www.rri.ro\/fr\/nos-emissions\/rri-alternatives\/bilan-du-gouvernement-par-interim-et-perspectives-politiques-id1055950.html"},"wordCount":346,"image":{"@id":"https:\/\/www.rri.ro\/fr\/nos-emissions\/rri-alternatives\/bilan-du-gouvernement-par-interim-et-perspectives-politiques-id1055950.html#primaryimage"},"thumbnailUrl":"https:\/\/www.rri.ro\/wp-content\/uploads\/2026\/06\/Screenshot-parlament-investire.jpg","articleSection":["RRI Alternatives"],"inLanguage":"fr-FR"},{"@type":"WebPage","@id":"https:\/\/www.rri.ro\/fr\/nos-emissions\/rri-alternatives\/bilan-du-gouvernement-par-interim-et-perspectives-politiques-id1055950.html","url":"https:\/\/www.rri.ro\/fr\/nos-emissions\/rri-alternatives\/bilan-du-gouvernement-par-interim-et-perspectives-politiques-id1055950.html","name":"Bilan du gouvernement par int\u00e9rim et perspectives politiques. - Radio Roumanie Internationale","isPartOf":{"@id":"https:\/\/www.rri.ro\/#website"},"primaryImageOfPage":{"@id":"https:\/\/www.rri.ro\/fr\/nos-emissions\/rri-alternatives\/bilan-du-gouvernement-par-interim-et-perspectives-politiques-id1055950.html#primaryimage"},"image":{"@id":"https:\/\/www.rri.ro\/fr\/nos-emissions\/rri-alternatives\/bilan-du-gouvernement-par-interim-et-perspectives-politiques-id1055950.html#primaryimage"},"thumbnailUrl":"https:\/\/www.rri.ro\/wp-content\/uploads\/2026\/06\/Screenshot-parlament-investire.jpg","datePublished":"2026-09-02T12:05:06+00:00","author":{"@id":"https:\/\/www.rri.ro\/#\/schema\/person\/d5a987d79abdb413dbeb7c035fab3ef9"},"breadcrumb":{"@id":"https:\/\/www.rri.ro\/fr\/nos-emissions\/rri-alternatives\/bilan-du-gouvernement-par-interim-et-perspectives-politiques-id1055950.html#breadcrumb"},"inLanguage":"fr-FR","potentialAction":[{"@type":"ReadAction","target":["https:\/\/www.rri.ro\/fr\/nos-emissions\/rri-alternatives\/bilan-du-gouvernement-par-interim-et-perspectives-politiques-id1055950.html"]}]},{"@type":"ImageObject","inLanguage":"fr-FR","@id":"https:\/\/www.rri.ro\/fr\/nos-emissions\/rri-alternatives\/bilan-du-gouvernement-par-interim-et-perspectives-politiques-id1055950.html#primaryimage","url":"https:\/\/www.rri.ro\/wp-content\/uploads\/2026\/06\/Screenshot-parlament-investire.jpg","contentUrl":"https:\/\/www.rri.ro\/wp-content\/uploads\/2026\/06\/Screenshot-parlament-investire.jpg","width":1519,"height":883},{"@type":"BreadcrumbList","@id":"https:\/\/www.rri.ro\/fr\/nos-emissions\/rri-alternatives\/bilan-du-gouvernement-par-interim-et-perspectives-politiques-id1055950.html#breadcrumb","itemListElement":[{"@type":"ListItem","position":1,"name":"Page d'accueil","item":"https:\/\/www.rri.ro\/fr"},{"@type":"ListItem","position":2,"name":"Nos \u00e9missions","item":"https:\/\/www.rri.ro\/fr\/nos-emissions"},{"@type":"ListItem","position":3,"name":"RRI Alternatives","item":"https:\/\/www.rri.ro\/fr\/nos-emissions\/rri-alternatives"},{"@type":"ListItem","position":4,"name":"Bilan du gouvernement par int\u00e9rim et perspectives politiques."}]},{"@type":"WebSite","@id":"https:\/\/www.rri.ro\/#website","url":"https:\/\/www.rri.ro\/","name":"Radio Roumanie Internationale","description":"Totul despre Rom\u00e2nia \u015fi rom\u00e2ni, \u00een 13 limbi\/dialecte!","inLanguage":"fr-FR"},{"@type":"Person","@id":"https:\/\/www.rri.ro\/#\/schema\/person\/d5a987d79abdb413dbeb7c035fab3ef9","name":"Alex Diaconescu","url":"https:\/\/www.rri.ro\/fr\/author\/alexandru-diaconescu"}]}},"_links":{"self":[{"href":"https:\/\/www.rri.ro\/fr\/wp-json\/wp\/v2\/posts\/1055950","targetHints":{"allow":["GET"]}}],"collection":[{"href":"https:\/\/www.rri.ro\/fr\/wp-json\/wp\/v2\/posts"}],"about":[{"href":"https:\/\/www.rri.ro\/fr\/wp-json\/wp\/v2\/types\/post"}],"author":[{"embeddable":true,"href":"https:\/\/www.rri.ro\/fr\/wp-json\/wp\/v2\/users\/82"}],"replies":[{"embeddable":true,"href":"https:\/\/www.rri.ro\/fr\/wp-json\/wp\/v2\/comments?post=1055950"}],"version-history":[{"count":1,"href":"https:\/\/www.rri.ro\/fr\/wp-json\/wp\/v2\/posts\/1055950\/revisions"}],"predecessor-version":[{"id":1055954,"href":"https:\/\/www.rri.ro\/fr\/wp-json\/wp\/v2\/posts\/1055950\/revisions\/1055954"}],"wp:featuredmedia":[{"embeddable":true,"href":"https:\/\/www.rri.ro\/fr\/wp-json\/wp\/v2\/media\/1032006"}],"wp:attachment":[{"href":"https:\/\/www.rri.ro\/fr\/wp-json\/wp\/v2\/media?parent=1055950"}],"wp:term":[{"taxonomy":"category","embeddable":true,"href":"https:\/\/www.rri.ro\/fr\/wp-json\/wp\/v2\/categories?post=1055950"},{"taxonomy":"post_tag","embeddable":true,"href":"https:\/\/www.rri.ro\/fr\/wp-json\/wp\/v2\/tags?post=1055950"},{"taxonomy":"author","embeddable":true,"href":"https:\/\/www.rri.ro\/fr\/wp-json\/wp\/v2\/coauthors?post=1055950"}],"curies":[{"name":"wp","href":"https:\/\/api.w.org\/{rel}","templated":true}]}}