{"id":1056017,"date":"2026-09-02T20:25:21","date_gmt":"2026-09-02T17:25:21","guid":{"rendered":"https:\/\/www.rri.ro\/?p=1056017"},"modified":"2026-09-02T20:25:50","modified_gmt":"2026-09-02T17:25:50","slug":"02-09-2026-2","status":"publish","type":"post","link":"https:\/\/www.rri.ro\/fr\/actualites\/le-flash\/02-09-2026-2-id1056017.html","title":{"rendered":"02.09.2026 (mise \u00e0 jour 2)"},"content":{"rendered":"<p><strong>Gouvernement <\/strong>\u2013 Les dirigeants des partis parlementaires attendent une nouvelle convocation de la part du chef de l\u2019Etat, Nicusor Dan, au sujet de la cr\u00e9ation d\u2019un nouvel Ex\u00e9cutif, dans le contexte o\u00f9 la session parlementaire d\u2019automne a d\u00e9marr\u00e9 ce 1<sup>er<\/sup> septembre, sans une majorit\u00e9 claire. Jusqu\u2019ici, le Parti national Lib\u00e9ral et l\u2019Union Sauvez la Roumanie, les deux de droite, aux c\u00f4t\u00e9s de l\u2019Union d\u00e9mocrate magyare de Roumanie ont assur\u00e9 le gouvernement par int\u00e9rim de Bucarest. Selon les analystes politiques, tant le PNL que l\u2019USR refusent cat\u00e9goriquement de faire partie de l\u2019Ex\u00e9cutif aux c\u00f4t\u00e9s du PSD qui avait quitt\u00e9 la coalition gouvernementale. Pour leur part, les sociaux-d\u00e9mocrates ont d\u00e9clar\u00e9 prendre une d\u00e9cision une fois que le futur premier ministre est annonc\u00e9. Enfin, l\u2019opposition nationaliste repr\u00e9sent\u00e9e par l\u2019Alliance pour l\u2019Union des Roumains, qui conna\u00eet un v\u00e9ritable essor dans les sondages d\u2019opinion,\u00a0plaide pour des \u00e9lections anticip\u00e9es, \u00e0 ses yeux, la seule solution pour surmonter ce blocage politique.<\/p>\n<p>&nbsp;<\/p>\n<p><strong>Affaires \u00e9trang\u00e8res \u2013<\/strong> La cheffe par int\u00e9rim de la diplomatie roumaine, Oana Toiu, participe ce mercredi, \u00e0 Wicklow, en Irlande, \u00e0 la r\u00e9union informelle des ministres des Affaires \u00e9trang\u00e8res de l\u2019UE. L\u2019agenda des pourparlers est domin\u00e9 par la r\u00e9ponse de l\u2019UE \u00e0 l\u2019agression de la Russie contre l\u2019Ukraine et par la situation au Moyen Orient. La veille, une r\u00e9union similaire a eu lieu dans la m\u00eame ville, o\u00f9 la Roumanie a \u00e9t\u00e9 repr\u00e9sent\u00e9e par son ministre par int\u00e9rim de la D\u00e9fense, Radu Miruta. Les deux r\u00e9unions ont \u00e9t\u00e9 organis\u00e9es dans le contexte o\u00f9 c\u2019est l\u2019Irlande qui assume la pr\u00e9sidence semestrielle du Conseil de l\u2019UE.<\/p>\n<p>&nbsp;<\/p>\n<p><strong>Rachat<\/strong> \u2013Romgaz, le principal producteur et fournisseur de gaz naturel de Roumanie, annonce avoir finalis\u00e9 les formalit\u00e9s de rachat de la compagnie Azomures, premier producteur d&rsquo;engrais min\u00e9raux pour l&rsquo;agriculture du pays. L&rsquo;accord de transfert avait \u00e9t\u00e9 sign\u00e9 fin novembre. Il sera suivi par l&rsquo;int\u00e9gration et la pr\u00e9paration des d\u00e9marches n\u00e9cessaires \u00e0 la reprise de l\u2019activit\u00e9 de production de la compagnie, ce qui implique la r\u00e9alisation de plusieurs \u00e9tapes techniques pr\u00e9liminaires, y compris l&rsquo;\u00e9valuation de l&rsquo;\u00e9tat des installations, des contr\u00f4les et des tests, des travaux de maintenance et de r\u00e9paration si n\u00e9cessaire, ainsi que la v\u00e9rification des syst\u00e8mes de s\u00e9curit\u00e9, le tout en vue d&rsquo;un red\u00e9marrage progressif en s\u00e9curit\u00e9. C\u2019est ce qu\u2019ont indiqu\u00e9 les repr\u00e9sentants de Romgaz dans un communiqu\u00e9. La semaine derni\u00e8re, le Premier ministre roumain par int\u00e9rim Ilie Bolojan avait d\u00e9clar\u00e9 que les plus de 800 employ\u00e9s d&rsquo;Azomures seraient repris par Romgaz d\u00e8s septembre et que la production reprendrait au cours du premier trimestre de l&rsquo;ann\u00e9e prochaine.<\/p>\n<p>&nbsp;<\/p>\n<p><strong>Visite<\/strong> \u2013Le pr\u00e9sident du Conseil europ\u00e9en Antonio Costa arrive \u00e0 Bucarest jeudi, o\u00f9 il sera re\u00e7u par le pr\u00e9sident roumain Nicusor Dan. Selon l\u2019Administration pr\u00e9sidentielle, les deux responsables auront des pourparlers tant en t\u00eate-\u00e0-t\u00eate qu\u2019officiels et tiendront une conf\u00e9rence de presse conjointe. Le m\u00eame jour, M. Costa se rendra \u00e9galement \u00e0 Sofia et \u00e0 Ath\u00e8nes. Le pr\u00e9sident du Conseil europ\u00e9en effectue une tourn\u00e9e des capitales des Etats-membres de l&rsquo;Union europ\u00e9enne jusqu&rsquo;au 17 septembre. Il souhaite conna\u00eetre les priorit\u00e9s et les pr\u00e9occupations de chaque pays. Lors des pourparlers avec les dirigeants europ\u00e9ens M. Costa aborde une vari\u00e9t\u00e9 des sujets tels que la d\u00e9fense, la comp\u00e9titivit\u00e9, l&rsquo;\u00e9largissement de l&rsquo;UE, l\u2019appui \u00e0 l&rsquo;Ukraine et le futur budget pluriannuel de l&rsquo;Union pour la p\u00e9riode 2028-2034. Le pr\u00e9sident du Conseil europ\u00e9en s&rsquo;est d\u00e9j\u00e0 rendu en Slovaquie, en Estonie, en Lettonie, en Lituanie, en R\u00e9publique tch\u00e8que, en Hongrie, en Croatie et au Luxembourg. Sa derni\u00e8re visite \u00e0 Bucarest remonte \u00e0 septembre 2025.<\/p>\n<p>&nbsp;<\/p>\n<p><strong>Parlement <\/strong>\u2013 Le Parti National Lib\u00e9ral et l&rsquo;Union Sauvez la Roumanie, partis membres du gouvernement par int\u00e9rim de Bucarest, ont refus\u00e9 de participer aux s\u00e9ances pl\u00e9ni\u00e8res de la Chambre des d\u00e9put\u00e9s, ce mercredi, pour protester contre la mani\u00e8re dont la r\u00e9partition des postes de direction de la Chambre des D\u00e9put\u00e9s a \u00e9t\u00e9 approuv\u00e9e mardi. Les deux partis d\u00e9noncent un abus de pouvoir de la part d\u2019une majorit\u00e9 constitu\u00e9e par le Parti Social D\u00e9mocrate, l\u2019Alliance pour l\u2019Union des Roumanie et SOS Roumanie, qui aurait viol\u00e9 l&rsquo;algorithme politique en l&rsquo;absence de n\u00e9gociations obligatoires entre les leaders de groupes. Le vice-pr\u00e9sident du Parti National Lib\u00e9ral, Gabriel Andronache a d\u00e9clar\u00e9 qu&rsquo;il existait une jurisprudence claire \u00e0 ce sujet, \u00e9tablie par une d\u00e9cision de la Cour constitutionnelle datant de 2010. De son c\u00f4t\u00e9, le Parti Social-D\u00e9mocrate rejette cat\u00e9goriquement toute sp\u00e9culation concernant une coalition avec l&rsquo;Alliance pour l\u2019Union des Roumains et SOS Roumanie, deux partis d\u2019extr\u00eame droite. Le d\u00e9put\u00e9 social-d\u00e9mocrate Mihai Ghigiu a affirm\u00e9 que la d\u00e9cision \u00e9tait conforme \u00e0 la position de la majorit\u00e9 des chefs de groupe et constituait une proc\u00e9dure administrative parlementaire standard. Les repr\u00e9sentants du Parti National Lib\u00e9ral et de l&rsquo;Union Sauvez la Roumanie ont donc annonc\u00e9 qu&rsquo;ils d\u00e9poseraient une saisine \u00e0 la Cour constitutionnelle la semaine prochaine concernant la r\u00e9partition des postes de direction de la Chambre des D\u00e9put\u00e9s.<\/p>\n<p>&nbsp;<\/p>\n<p><strong>Convocation<\/strong> \u2013 L&rsquo;ambassadeur de Russie \u00e0 Bucarest sera convoqu\u00e9 au minist\u00e8re des Affaires \u00e9trang\u00e8res suite \u00e0 l&rsquo;attaque au drone contre l&rsquo;a\u00e9roport de Leipzig, attribu\u00e9e \u00e0 la Russie, a annonc\u00e9 la ministre roumaine des Affaires \u00e9trang\u00e8res par int\u00e9rim Oana Toiu. Elle a soulign\u00e9 la solidarit\u00e9 de la Roumanie avec l&rsquo;Allemagne et les autres Etats europ\u00e9ens victimes d&rsquo;activit\u00e9s hybrides, d&rsquo;ing\u00e9rences et de provocations inconsid\u00e9r\u00e9es et persistantes de la part de la Russie, dont notre pays fait \u00e9galement partie. L&rsquo;Union europ\u00e9enne et plusieurs Etats membres ont convoqu\u00e9 des repr\u00e9sentants des ambassades russes \u00e0 cause de l&rsquo;incident de Leipzig. Parall\u00e8lement, le charg\u00e9 d&rsquo;affaires allemand a \u00e9galement \u00e9t\u00e9 convoqu\u00e9 au minist\u00e8re russe des Affaires \u00e9trang\u00e8res, apr\u00e8s que Berlin a accus\u00e9 Moscou de mener une guerre hybride. La police allemande a identifi\u00e9 l&rsquo;ADN de deux hommes ayant de passeports russes, soup\u00e7onn\u00e9s d&rsquo;avoir amen\u00e9 un drone charg\u00e9 d&rsquo;explosifs \u00e0 l&rsquo;a\u00e9roport de Leipzig<\/p>\n","protected":false},"excerpt":{"rendered":"<p>Gouvernement \u2013 Les dirigeants des partis parlementaires attendent une nouvelle convocation de la part du chef de l\u2019Etat, Nicusor Dan, au sujet de la cr\u00e9ation d\u2019un nouvel Ex\u00e9cutif, dans le contexte o\u00f9 la session parlementaire d\u2019automne a d\u00e9marr\u00e9 ce 1er septembre, sans une majorit\u00e9 claire. Jusqu\u2019ici, le Parti national Lib\u00e9ral et l\u2019Union Sauvez la Roumanie, [&hellip;]<\/p>\n","protected":false},"author":113,"featured_media":723357,"comment_status":"closed","ping_status":"closed","sticky":false,"template":"","format":"standard","meta":{"_acf_changed":false,"footnotes":""},"categories":[89002],"tags":[],"coauthors":[116091],"class_list":["post-1056017","post","type-post","status-publish","format-standard","has-post-thumbnail","hentry","category-le-flash"],"acf":[],"yoast_head":"<!-- This site is optimized with the Yoast SEO plugin v28.2 - https:\/\/yoast.com\/product\/yoast-seo-wordpress\/ -->\n<title>02.09.2026 (mise \u00e0 jour 2) - Radio Roumanie Internationale<\/title>\n<meta name=\"robots\" content=\"index, follow, max-snippet:-1, max-image-preview:large, max-video-preview:-1\" \/>\n<link rel=\"canonical\" href=\"https:\/\/www.rri.ro\/fr\/actualites\/le-flash\/02-09-2026-2-id1056017.html\" \/>\n<meta property=\"og:locale\" content=\"fr_FR\" \/>\n<meta property=\"og:type\" content=\"article\" \/>\n<meta property=\"og:title\" content=\"02.09.2026 (mise \u00e0 jour 2) - Radio Roumanie Internationale\" \/>\n<meta property=\"og:description\" content=\"Gouvernement \u2013 Les dirigeants des partis parlementaires attendent une nouvelle convocation de la part du chef de l\u2019Etat, Nicusor Dan, au sujet de la cr\u00e9ation d\u2019un nouvel Ex\u00e9cutif, dans le contexte o\u00f9 la session parlementaire d\u2019automne a d\u00e9marr\u00e9 ce 1er septembre, sans une majorit\u00e9 claire. Jusqu\u2019ici, le Parti national Lib\u00e9ral et l\u2019Union Sauvez la Roumanie, [&hellip;]\" \/>\n<meta property=\"og:url\" content=\"https:\/\/www.rri.ro\/fr\/actualites\/le-flash\/02-09-2026-2-id1056017.html\" \/>\n<meta property=\"og:site_name\" content=\"Radio Roumanie Internationale\" \/>\n<meta property=\"article:published_time\" content=\"2026-09-02T17:25:21+00:00\" \/>\n<meta property=\"article:modified_time\" content=\"2026-09-02T17:25:50+00:00\" \/>\n<meta property=\"og:image\" content=\"https:\/\/www.rri.ro\/wp-content\/uploads\/2024\/03\/RRI-960x540-Le-flash-2-NOU.jpg\" \/>\n\t<meta property=\"og:image:width\" content=\"960\" \/>\n\t<meta property=\"og:image:height\" content=\"540\" \/>\n\t<meta property=\"og:image:type\" content=\"image\/jpeg\" \/>\n<meta name=\"author\" content=\"Newsroom\" \/>\n<meta name=\"twitter:card\" content=\"summary_large_image\" \/>\n<meta name=\"twitter:label1\" content=\"\u00c9crit par\" \/>\n\t<meta name=\"twitter:data1\" content=\"Newsroom\" \/>\n\t<meta name=\"twitter:label2\" content=\"Dur\u00e9e de lecture estim\u00e9e\" \/>\n\t<meta name=\"twitter:data2\" content=\"5 minutes\" \/>\n\t<meta name=\"twitter:label3\" content=\"Written by\" \/>\n\t<meta name=\"twitter:data3\" content=\"Newsroom\" \/>\n<script type=\"application\/ld+json\" class=\"yoast-schema-graph\">{\"@context\":\"https:\\\/\\\/schema.org\",\"@graph\":[{\"@type\":\"Article\",\"@id\":\"https:\\\/\\\/www.rri.ro\\\/fr\\\/actualites\\\/le-flash\\\/02-09-2026-2-id1056017.html#article\",\"isPartOf\":{\"@id\":\"https:\\\/\\\/www.rri.ro\\\/fr\\\/actualites\\\/le-flash\\\/02-09-2026-2-id1056017.html\"},\"author\":{\"name\":\"Newsroom\",\"@id\":\"https:\\\/\\\/www.rri.ro\\\/#\\\/schema\\\/person\\\/4a479940371b9fdefd194f561e8a7f88\"},\"headline\":\"02.09.2026 (mise \u00e0 jour 2)\",\"datePublished\":\"2026-09-02T17:25:21+00:00\",\"dateModified\":\"2026-09-02T17:25:50+00:00\",\"mainEntityOfPage\":{\"@id\":\"https:\\\/\\\/www.rri.ro\\\/fr\\\/actualites\\\/le-flash\\\/02-09-2026-2-id1056017.html\"},\"wordCount\":1124,\"image\":{\"@id\":\"https:\\\/\\\/www.rri.ro\\\/fr\\\/actualites\\\/le-flash\\\/02-09-2026-2-id1056017.html#primaryimage\"},\"thumbnailUrl\":\"https:\\\/\\\/www.rri.ro\\\/wp-content\\\/uploads\\\/2024\\\/03\\\/RRI-960x540-Le-flash-2-NOU.jpg\",\"articleSection\":[\"Le flash\"],\"inLanguage\":\"fr-FR\"},{\"@type\":\"WebPage\",\"@id\":\"https:\\\/\\\/www.rri.ro\\\/fr\\\/actualites\\\/le-flash\\\/02-09-2026-2-id1056017.html\",\"url\":\"https:\\\/\\\/www.rri.ro\\\/fr\\\/actualites\\\/le-flash\\\/02-09-2026-2-id1056017.html\",\"name\":\"02.09.2026 (mise \u00e0 jour 2) - Radio Roumanie Internationale\",\"isPartOf\":{\"@id\":\"https:\\\/\\\/www.rri.ro\\\/#website\"},\"primaryImageOfPage\":{\"@id\":\"https:\\\/\\\/www.rri.ro\\\/fr\\\/actualites\\\/le-flash\\\/02-09-2026-2-id1056017.html#primaryimage\"},\"image\":{\"@id\":\"https:\\\/\\\/www.rri.ro\\\/fr\\\/actualites\\\/le-flash\\\/02-09-2026-2-id1056017.html#primaryimage\"},\"thumbnailUrl\":\"https:\\\/\\\/www.rri.ro\\\/wp-content\\\/uploads\\\/2024\\\/03\\\/RRI-960x540-Le-flash-2-NOU.jpg\",\"datePublished\":\"2026-09-02T17:25:21+00:00\",\"dateModified\":\"2026-09-02T17:25:50+00:00\",\"author\":{\"@id\":\"https:\\\/\\\/www.rri.ro\\\/#\\\/schema\\\/person\\\/4a479940371b9fdefd194f561e8a7f88\"},\"breadcrumb\":{\"@id\":\"https:\\\/\\\/www.rri.ro\\\/fr\\\/actualites\\\/le-flash\\\/02-09-2026-2-id1056017.html#breadcrumb\"},\"inLanguage\":\"fr-FR\",\"potentialAction\":[{\"@type\":\"ReadAction\",\"target\":[\"https:\\\/\\\/www.rri.ro\\\/fr\\\/actualites\\\/le-flash\\\/02-09-2026-2-id1056017.html\"]}]},{\"@type\":\"ImageObject\",\"inLanguage\":\"fr-FR\",\"@id\":\"https:\\\/\\\/www.rri.ro\\\/fr\\\/actualites\\\/le-flash\\\/02-09-2026-2-id1056017.html#primaryimage\",\"url\":\"https:\\\/\\\/www.rri.ro\\\/wp-content\\\/uploads\\\/2024\\\/03\\\/RRI-960x540-Le-flash-2-NOU.jpg\",\"contentUrl\":\"https:\\\/\\\/www.rri.ro\\\/wp-content\\\/uploads\\\/2024\\\/03\\\/RRI-960x540-Le-flash-2-NOU.jpg\",\"width\":960,\"height\":540},{\"@type\":\"BreadcrumbList\",\"@id\":\"https:\\\/\\\/www.rri.ro\\\/fr\\\/actualites\\\/le-flash\\\/02-09-2026-2-id1056017.html#breadcrumb\",\"itemListElement\":[{\"@type\":\"ListItem\",\"position\":1,\"name\":\"Page d'accueil\",\"item\":\"https:\\\/\\\/www.rri.ro\\\/fr\"},{\"@type\":\"ListItem\",\"position\":2,\"name\":\"Actualit\u00e9s\",\"item\":\"https:\\\/\\\/www.rri.ro\\\/fr\\\/actualites\"},{\"@type\":\"ListItem\",\"position\":3,\"name\":\"Le flash\",\"item\":\"https:\\\/\\\/www.rri.ro\\\/fr\\\/actualites\\\/le-flash\"},{\"@type\":\"ListItem\",\"position\":4,\"name\":\"02.09.2026 (mise \u00e0 jour 2)\"}]},{\"@type\":\"WebSite\",\"@id\":\"https:\\\/\\\/www.rri.ro\\\/#website\",\"url\":\"https:\\\/\\\/www.rri.ro\\\/\",\"name\":\"Radio Roumanie Internationale\",\"description\":\"Totul despre Rom\u00e2nia \u015fi rom\u00e2ni, \u00een 13 limbi\\\/dialecte!\",\"inLanguage\":\"fr-FR\"},{\"@type\":\"Person\",\"@id\":\"https:\\\/\\\/www.rri.ro\\\/#\\\/schema\\\/person\\\/4a479940371b9fdefd194f561e8a7f88\",\"name\":\"Newsroom\",\"url\":\"https:\\\/\\\/www.rri.ro\\\/fr\\\/author\\\/newsroom\"}]}<\/script>\n<!-- \/ Yoast SEO plugin. -->","yoast_head_json":{"title":"02.09.2026 (mise \u00e0 jour 2) - Radio Roumanie Internationale","robots":{"index":"index","follow":"follow","max-snippet":"max-snippet:-1","max-image-preview":"max-image-preview:large","max-video-preview":"max-video-preview:-1"},"canonical":"https:\/\/www.rri.ro\/fr\/actualites\/le-flash\/02-09-2026-2-id1056017.html","og_locale":"fr_FR","og_type":"article","og_title":"02.09.2026 (mise \u00e0 jour 2) - Radio Roumanie Internationale","og_description":"Gouvernement \u2013 Les dirigeants des partis parlementaires attendent une nouvelle convocation de la part du chef de l\u2019Etat, Nicusor Dan, au sujet de la cr\u00e9ation d\u2019un nouvel Ex\u00e9cutif, dans le contexte o\u00f9 la session parlementaire d\u2019automne a d\u00e9marr\u00e9 ce 1er septembre, sans une majorit\u00e9 claire. Jusqu\u2019ici, le Parti national Lib\u00e9ral et l\u2019Union Sauvez la Roumanie, [&hellip;]","og_url":"https:\/\/www.rri.ro\/fr\/actualites\/le-flash\/02-09-2026-2-id1056017.html","og_site_name":"Radio Roumanie Internationale","article_published_time":"2026-09-02T17:25:21+00:00","article_modified_time":"2026-09-02T17:25:50+00:00","og_image":[{"width":960,"height":540,"url":"https:\/\/www.rri.ro\/wp-content\/uploads\/2024\/03\/RRI-960x540-Le-flash-2-NOU.jpg","type":"image\/jpeg"}],"author":"Newsroom","twitter_card":"summary_large_image","twitter_misc":{"\u00c9crit par":"Newsroom","Dur\u00e9e de lecture estim\u00e9e":"5 minutes","Written by":"Newsroom"},"schema":{"@context":"https:\/\/schema.org","@graph":[{"@type":"Article","@id":"https:\/\/www.rri.ro\/fr\/actualites\/le-flash\/02-09-2026-2-id1056017.html#article","isPartOf":{"@id":"https:\/\/www.rri.ro\/fr\/actualites\/le-flash\/02-09-2026-2-id1056017.html"},"author":{"name":"Newsroom","@id":"https:\/\/www.rri.ro\/#\/schema\/person\/4a479940371b9fdefd194f561e8a7f88"},"headline":"02.09.2026 (mise \u00e0 jour 2)","datePublished":"2026-09-02T17:25:21+00:00","dateModified":"2026-09-02T17:25:50+00:00","mainEntityOfPage":{"@id":"https:\/\/www.rri.ro\/fr\/actualites\/le-flash\/02-09-2026-2-id1056017.html"},"wordCount":1124,"image":{"@id":"https:\/\/www.rri.ro\/fr\/actualites\/le-flash\/02-09-2026-2-id1056017.html#primaryimage"},"thumbnailUrl":"https:\/\/www.rri.ro\/wp-content\/uploads\/2024\/03\/RRI-960x540-Le-flash-2-NOU.jpg","articleSection":["Le flash"],"inLanguage":"fr-FR"},{"@type":"WebPage","@id":"https:\/\/www.rri.ro\/fr\/actualites\/le-flash\/02-09-2026-2-id1056017.html","url":"https:\/\/www.rri.ro\/fr\/actualites\/le-flash\/02-09-2026-2-id1056017.html","name":"02.09.2026 (mise \u00e0 jour 2) - Radio Roumanie Internationale","isPartOf":{"@id":"https:\/\/www.rri.ro\/#website"},"primaryImageOfPage":{"@id":"https:\/\/www.rri.ro\/fr\/actualites\/le-flash\/02-09-2026-2-id1056017.html#primaryimage"},"image":{"@id":"https:\/\/www.rri.ro\/fr\/actualites\/le-flash\/02-09-2026-2-id1056017.html#primaryimage"},"thumbnailUrl":"https:\/\/www.rri.ro\/wp-content\/uploads\/2024\/03\/RRI-960x540-Le-flash-2-NOU.jpg","datePublished":"2026-09-02T17:25:21+00:00","dateModified":"2026-09-02T17:25:50+00:00","author":{"@id":"https:\/\/www.rri.ro\/#\/schema\/person\/4a479940371b9fdefd194f561e8a7f88"},"breadcrumb":{"@id":"https:\/\/www.rri.ro\/fr\/actualites\/le-flash\/02-09-2026-2-id1056017.html#breadcrumb"},"inLanguage":"fr-FR","potentialAction":[{"@type":"ReadAction","target":["https:\/\/www.rri.ro\/fr\/actualites\/le-flash\/02-09-2026-2-id1056017.html"]}]},{"@type":"ImageObject","inLanguage":"fr-FR","@id":"https:\/\/www.rri.ro\/fr\/actualites\/le-flash\/02-09-2026-2-id1056017.html#primaryimage","url":"https:\/\/www.rri.ro\/wp-content\/uploads\/2024\/03\/RRI-960x540-Le-flash-2-NOU.jpg","contentUrl":"https:\/\/www.rri.ro\/wp-content\/uploads\/2024\/03\/RRI-960x540-Le-flash-2-NOU.jpg","width":960,"height":540},{"@type":"BreadcrumbList","@id":"https:\/\/www.rri.ro\/fr\/actualites\/le-flash\/02-09-2026-2-id1056017.html#breadcrumb","itemListElement":[{"@type":"ListItem","position":1,"name":"Page d'accueil","item":"https:\/\/www.rri.ro\/fr"},{"@type":"ListItem","position":2,"name":"Actualit\u00e9s","item":"https:\/\/www.rri.ro\/fr\/actualites"},{"@type":"ListItem","position":3,"name":"Le flash","item":"https:\/\/www.rri.ro\/fr\/actualites\/le-flash"},{"@type":"ListItem","position":4,"name":"02.09.2026 (mise \u00e0 jour 2)"}]},{"@type":"WebSite","@id":"https:\/\/www.rri.ro\/#website","url":"https:\/\/www.rri.ro\/","name":"Radio Roumanie Internationale","description":"Totul despre Rom\u00e2nia \u015fi rom\u00e2ni, \u00een 13 limbi\/dialecte!","inLanguage":"fr-FR"},{"@type":"Person","@id":"https:\/\/www.rri.ro\/#\/schema\/person\/4a479940371b9fdefd194f561e8a7f88","name":"Newsroom","url":"https:\/\/www.rri.ro\/fr\/author\/newsroom"}]}},"_links":{"self":[{"href":"https:\/\/www.rri.ro\/fr\/wp-json\/wp\/v2\/posts\/1056017","targetHints":{"allow":["GET"]}}],"collection":[{"href":"https:\/\/www.rri.ro\/fr\/wp-json\/wp\/v2\/posts"}],"about":[{"href":"https:\/\/www.rri.ro\/fr\/wp-json\/wp\/v2\/types\/post"}],"author":[{"embeddable":true,"href":"https:\/\/www.rri.ro\/fr\/wp-json\/wp\/v2\/users\/113"}],"replies":[{"embeddable":true,"href":"https:\/\/www.rri.ro\/fr\/wp-json\/wp\/v2\/comments?post=1056017"}],"version-history":[{"count":2,"href":"https:\/\/www.rri.ro\/fr\/wp-json\/wp\/v2\/posts\/1056017\/revisions"}],"predecessor-version":[{"id":1056019,"href":"https:\/\/www.rri.ro\/fr\/wp-json\/wp\/v2\/posts\/1056017\/revisions\/1056019"}],"wp:featuredmedia":[{"embeddable":true,"href":"https:\/\/www.rri.ro\/fr\/wp-json\/wp\/v2\/media\/723357"}],"wp:attachment":[{"href":"https:\/\/www.rri.ro\/fr\/wp-json\/wp\/v2\/media?parent=1056017"}],"wp:term":[{"taxonomy":"category","embeddable":true,"href":"https:\/\/www.rri.ro\/fr\/wp-json\/wp\/v2\/categories?post=1056017"},{"taxonomy":"post_tag","embeddable":true,"href":"https:\/\/www.rri.ro\/fr\/wp-json\/wp\/v2\/tags?post=1056017"},{"taxonomy":"author","embeddable":true,"href":"https:\/\/www.rri.ro\/fr\/wp-json\/wp\/v2\/coauthors?post=1056017"}],"curies":[{"name":"wp","href":"https:\/\/api.w.org\/{rel}","templated":true}]}}