{"id":1056161,"date":"2026-09-03T11:45:49","date_gmt":"2026-09-03T08:45:49","guid":{"rendered":"https:\/\/www.rri.ro\/?p=1056161"},"modified":"2026-09-03T10:47:45","modified_gmt":"2026-09-03T07:47:45","slug":"une-attaque-qui-fait-monter-la-tension-en-europe","status":"publish","type":"post","link":"https:\/\/www.rri.ro\/fr\/actualites\/les-dossiers-de-lactualite\/une-attaque-qui-fait-monter-la-tension-en-europe-id1056161.html","title":{"rendered":"Une attaque qui fait monter la tension en Europe"},"content":{"rendered":"<p><span style=\"font-weight: 400;\">L\u2019Union europ\u00e9enne et l\u2019OTAN affichent leur volont\u00e9 de resserrer les rangs et de maintenir la pression sur Moscou, apr\u00e8s la d\u00e9couverte, le mois dernier, d\u2019un drone charg\u00e9 d\u2019explosifs et d\u2019un d\u00e9tonateur \u00e0 l\u2019a\u00e9roport de Leipzig, en Allemagne. Cette plateforme a\u00e9roportuaire constitue un important hub logistique, \u00e0 la fois pour le transport civil et de fret et pour les activit\u00e9s de l\u2019OTAN. Lors d\u2019une conf\u00e9rence de presse conjointe, la pr\u00e9sidente de la Commission europ\u00e9enne, Ursula von der Leyen, et le secr\u00e9taire g\u00e9n\u00e9ral de l\u2019Alliance atlantique, Mark Rutte, ont condamn\u00e9 ce qu\u2019ils pr\u00e9sentent comme une tentative d\u2019attaque par drone. Berlin en attribue la responsabilit\u00e9 \u00e0 Moscou et d\u00e9nonce une strat\u00e9gie de \u00ab guerre hybride \u00bb destin\u00e9e \u00e0 intimider les Europ\u00e9ens et \u00e0 semer la division parmi les pays qui soutiennent l\u2019Ukraine depuis le d\u00e9but de l\u2019invasion russe, en 2022. La Russie, elle, rejette toute implication et accuse l\u2019Allemagne de mener une campagne pr\u00e9tendument antirusse.<\/span><\/p>\n<p>&nbsp;<\/p>\n<p><span style=\"font-weight: 400;\">Pour Ursula von der Leyen, l\u2019Europe doit d\u00e9sormais se pr\u00e9parer \u00e0 consid\u00e9rer ce type de menace comme une nouvelle r\u00e9alit\u00e9. Elle a annonc\u00e9 vouloir intensifier la pression sur Moscou, notamment par de nouvelles sanctions, et renforcer la protection des infrastructures critiques europ\u00e9ennes. \u00ab Les Europ\u00e9ens sont confront\u00e9s \u00e0 la cruelle r\u00e9alit\u00e9 que c\u2019est l\u00e0 la nouvelle normalit\u00e9 \u00bb, a-t-elle d\u00e9clar\u00e9, appelant \u00e0 pouvoir r\u00e9pondre \u00ab plus rapidement et plus efficacement \u00bb \u00e0 ce qu\u2019elle qualifie d\u2019\u00ab imprudence de la Russie \u00bb.<\/span><\/p>\n<p>&nbsp;<\/p>\n<h3><b>L\u2019Europe veut rester unie face aux menaces hybrides<\/b><\/h3>\n<p>&nbsp;<\/p>\n<p><span style=\"font-weight: 400;\">Mark Rutte a abond\u00e9 dans ce sens, estimant que la Russie se montre \u00ab de plus en plus imprudente \u00bb \u00e0 mesure qu\u2019elle poursuit son offensive en Ukraine. Selon lui, la menace d\u00e9borde d\u00e9sormais du champ de bataille pour atteindre directement le territoire europ\u00e9en et celui des pays membres de l\u2019OTAN. Le secr\u00e9taire g\u00e9n\u00e9ral de l\u2019Alliance a notamment rappel\u00e9 les incursions r\u00e9p\u00e9t\u00e9es de drones et de missiles dans l\u2019espace a\u00e9rien du flanc oriental, qui font peser, selon lui, un \u00ab risque accru \u00bb sur les Alli\u00e9s. Il a surtout voulu \u00e9carter le sc\u00e9nario d\u2019une Europe divis\u00e9e : le soutien \u00e0 l\u2019Ukraine, a-t-il assur\u00e9, ne faiblira pas, pas plus que la coh\u00e9sion de l\u2019OTAN. \u00ab Si la Russie pense que cette menace va nous diviser ou qu\u2019elle va nous dissuader de soutenir l\u2019Ukraine, elle se trompe. Notre unit\u00e9 est in\u00e9branlable. Notre soutien \u00e0 l\u2019Ukraine est clair \u00bb, a-t-il affirm\u00e9. La cheffe de la diplomatie europ\u00e9enne, Kaja Kallas, a elle aussi plaid\u00e9 pour un durcissement de la r\u00e9ponse. \u00c0 l\u2019issue d\u2019une r\u00e9union informelle des ministres des Affaires \u00e9trang\u00e8res de l\u2019Union europ\u00e9enne, organis\u00e9e en Irlande, elle a annonc\u00e9 de nouvelles initiatives destin\u00e9es \u00e0 renforcer l\u2019application des sanctions contre la Russie et \u00e0 accro\u00eetre la pression sur Moscou, tout en maintenant le soutien europ\u00e9en \u00e0 l\u2019Ukraine. \u00ab Les tentatives d\u2019intimidation de l\u2019Europe \u00e9choueront \u00bb, a-t-elle pr\u00e9venu. Plusieurs capitales europ\u00e9ennes, parmi lesquelles Bucarest, ont par ailleurs convoqu\u00e9 les ambassadeurs russes afin de protester contre l\u2019incident de Leipzig. En Roumanie, la ministre des Affaires \u00e9trang\u00e8res par int\u00e9rim, Oana \u0162oiu, a exprim\u00e9 la solidarit\u00e9 de Bucarest avec l\u2019Allemagne et les autres \u00c9tats europ\u00e9ens confront\u00e9s, selon elle, aux \u00ab activit\u00e9s hybrides \u00bb, aux ing\u00e9rences et aux provocations russes. Des menaces dont la Roumanie affirme elle aussi avoir fait l\u2019exp\u00e9rience.<\/span><\/p>\n","protected":false},"excerpt":{"rendered":"<p>L\u2019Union europ\u00e9enne et l\u2019OTAN affichent leur volont\u00e9 de resserrer les rangs et de maintenir la pression sur Moscou, apr\u00e8s la d\u00e9couverte, le mois dernier, d\u2019un drone charg\u00e9 d\u2019explosifs et d\u2019un d\u00e9tonateur \u00e0 l\u2019a\u00e9roport de Leipzig, en Allemagne. Cette plateforme a\u00e9roportuaire constitue un important hub logistique, \u00e0 la fois pour le transport civil et de fret [&hellip;]<\/p>\n","protected":false},"author":107,"featured_media":1056084,"comment_status":"closed","ping_status":"closed","sticky":false,"template":"","format":"standard","meta":{"_acf_changed":false,"footnotes":""},"categories":[93377],"tags":[],"coauthors":[113282],"class_list":["post-1056161","post","type-post","status-publish","format-standard","has-post-thumbnail","hentry","category-les-dossiers-de-lactualite"],"acf":[],"yoast_head":"<!-- This site is optimized with the Yoast SEO plugin v28.2 - https:\/\/yoast.com\/product\/yoast-seo-wordpress\/ -->\n<title>Une attaque qui fait monter la tension en Europe - Radio Roumanie Internationale<\/title>\n<meta name=\"robots\" content=\"index, follow, max-snippet:-1, max-image-preview:large, max-video-preview:-1\" \/>\n<link rel=\"canonical\" href=\"https:\/\/www.rri.ro\/fr\/actualites\/les-dossiers-de-lactualite\/une-attaque-qui-fait-monter-la-tension-en-europe-id1056161.html\" \/>\n<meta property=\"og:locale\" content=\"fr_FR\" \/>\n<meta property=\"og:type\" content=\"article\" \/>\n<meta property=\"og:title\" content=\"Une attaque qui fait monter la tension en Europe - Radio Roumanie Internationale\" \/>\n<meta property=\"og:description\" content=\"L\u2019Union europ\u00e9enne et l\u2019OTAN affichent leur volont\u00e9 de resserrer les rangs et de maintenir la pression sur Moscou, apr\u00e8s la d\u00e9couverte, le mois dernier, d\u2019un drone charg\u00e9 d\u2019explosifs et d\u2019un d\u00e9tonateur \u00e0 l\u2019a\u00e9roport de Leipzig, en Allemagne. Cette plateforme a\u00e9roportuaire constitue un important hub logistique, \u00e0 la fois pour le transport civil et de fret [&hellip;]\" \/>\n<meta property=\"og:url\" content=\"https:\/\/www.rri.ro\/fr\/actualites\/les-dossiers-de-lactualite\/une-attaque-qui-fait-monter-la-tension-en-europe-id1056161.html\" \/>\n<meta property=\"og:site_name\" content=\"Radio Roumanie Internationale\" \/>\n<meta property=\"article:published_time\" content=\"2026-09-03T08:45:49+00:00\" \/>\n<meta property=\"og:image\" content=\"https:\/\/www.rri.ro\/wp-content\/uploads\/2026\/09\/Mark-Rutte-si-Ursula-von-der-Leyen-foto-NATO_16x9.jpg\" \/>\n\t<meta property=\"og:image:width\" content=\"1200\" \/>\n\t<meta property=\"og:image:height\" content=\"675\" \/>\n\t<meta property=\"og:image:type\" content=\"image\/jpeg\" \/>\n<meta name=\"author\" content=\"Daniela Budu\" \/>\n<meta name=\"twitter:card\" content=\"summary_large_image\" \/>\n<meta name=\"twitter:label1\" content=\"\u00c9crit par\" \/>\n\t<meta name=\"twitter:data1\" content=\"Daniela Budu\" \/>\n\t<meta name=\"twitter:label2\" content=\"Dur\u00e9e de lecture estim\u00e9e\" \/>\n\t<meta name=\"twitter:data2\" content=\"3 minutes\" \/>\n\t<meta name=\"twitter:label3\" content=\"Written by\" \/>\n\t<meta name=\"twitter:data3\" content=\"Daniela Budu\" \/>\n<script type=\"application\/ld+json\" class=\"yoast-schema-graph\">{\"@context\":\"https:\\\/\\\/schema.org\",\"@graph\":[{\"@type\":\"Article\",\"@id\":\"https:\\\/\\\/www.rri.ro\\\/fr\\\/actualites\\\/les-dossiers-de-lactualite\\\/une-attaque-qui-fait-monter-la-tension-en-europe-id1056161.html#article\",\"isPartOf\":{\"@id\":\"https:\\\/\\\/www.rri.ro\\\/fr\\\/actualites\\\/les-dossiers-de-lactualite\\\/une-attaque-qui-fait-monter-la-tension-en-europe-id1056161.html\"},\"author\":{\"name\":\"Daniela Budu\",\"@id\":\"https:\\\/\\\/www.rri.ro\\\/#\\\/schema\\\/person\\\/b46b8f80d7d6e4b5ac9f14f0acbad0c4\"},\"headline\":\"Une attaque qui fait monter la tension en Europe\",\"datePublished\":\"2026-09-03T08:45:49+00:00\",\"mainEntityOfPage\":{\"@id\":\"https:\\\/\\\/www.rri.ro\\\/fr\\\/actualites\\\/les-dossiers-de-lactualite\\\/une-attaque-qui-fait-monter-la-tension-en-europe-id1056161.html\"},\"wordCount\":610,\"image\":{\"@id\":\"https:\\\/\\\/www.rri.ro\\\/fr\\\/actualites\\\/les-dossiers-de-lactualite\\\/une-attaque-qui-fait-monter-la-tension-en-europe-id1056161.html#primaryimage\"},\"thumbnailUrl\":\"https:\\\/\\\/www.rri.ro\\\/wp-content\\\/uploads\\\/2026\\\/09\\\/Mark-Rutte-si-Ursula-von-der-Leyen-foto-NATO_16x9.jpg\",\"articleSection\":[\"Les dossiers de l'actualit\u00e9\"],\"inLanguage\":\"fr-FR\"},{\"@type\":\"WebPage\",\"@id\":\"https:\\\/\\\/www.rri.ro\\\/fr\\\/actualites\\\/les-dossiers-de-lactualite\\\/une-attaque-qui-fait-monter-la-tension-en-europe-id1056161.html\",\"url\":\"https:\\\/\\\/www.rri.ro\\\/fr\\\/actualites\\\/les-dossiers-de-lactualite\\\/une-attaque-qui-fait-monter-la-tension-en-europe-id1056161.html\",\"name\":\"Une attaque qui fait monter la tension en Europe - Radio Roumanie Internationale\",\"isPartOf\":{\"@id\":\"https:\\\/\\\/www.rri.ro\\\/#website\"},\"primaryImageOfPage\":{\"@id\":\"https:\\\/\\\/www.rri.ro\\\/fr\\\/actualites\\\/les-dossiers-de-lactualite\\\/une-attaque-qui-fait-monter-la-tension-en-europe-id1056161.html#primaryimage\"},\"image\":{\"@id\":\"https:\\\/\\\/www.rri.ro\\\/fr\\\/actualites\\\/les-dossiers-de-lactualite\\\/une-attaque-qui-fait-monter-la-tension-en-europe-id1056161.html#primaryimage\"},\"thumbnailUrl\":\"https:\\\/\\\/www.rri.ro\\\/wp-content\\\/uploads\\\/2026\\\/09\\\/Mark-Rutte-si-Ursula-von-der-Leyen-foto-NATO_16x9.jpg\",\"datePublished\":\"2026-09-03T08:45:49+00:00\",\"author\":{\"@id\":\"https:\\\/\\\/www.rri.ro\\\/#\\\/schema\\\/person\\\/b46b8f80d7d6e4b5ac9f14f0acbad0c4\"},\"breadcrumb\":{\"@id\":\"https:\\\/\\\/www.rri.ro\\\/fr\\\/actualites\\\/les-dossiers-de-lactualite\\\/une-attaque-qui-fait-monter-la-tension-en-europe-id1056161.html#breadcrumb\"},\"inLanguage\":\"fr-FR\",\"potentialAction\":[{\"@type\":\"ReadAction\",\"target\":[\"https:\\\/\\\/www.rri.ro\\\/fr\\\/actualites\\\/les-dossiers-de-lactualite\\\/une-attaque-qui-fait-monter-la-tension-en-europe-id1056161.html\"]}]},{\"@type\":\"ImageObject\",\"inLanguage\":\"fr-FR\",\"@id\":\"https:\\\/\\\/www.rri.ro\\\/fr\\\/actualites\\\/les-dossiers-de-lactualite\\\/une-attaque-qui-fait-monter-la-tension-en-europe-id1056161.html#primaryimage\",\"url\":\"https:\\\/\\\/www.rri.ro\\\/wp-content\\\/uploads\\\/2026\\\/09\\\/Mark-Rutte-si-Ursula-von-der-Leyen-foto-NATO_16x9.jpg\",\"contentUrl\":\"https:\\\/\\\/www.rri.ro\\\/wp-content\\\/uploads\\\/2026\\\/09\\\/Mark-Rutte-si-Ursula-von-der-Leyen-foto-NATO_16x9.jpg\",\"width\":1200,\"height\":675,\"caption\":\"Mark Rutte \u015fi Ursula von der Leyen (sursa foto: nato.int)\"},{\"@type\":\"BreadcrumbList\",\"@id\":\"https:\\\/\\\/www.rri.ro\\\/fr\\\/actualites\\\/les-dossiers-de-lactualite\\\/une-attaque-qui-fait-monter-la-tension-en-europe-id1056161.html#breadcrumb\",\"itemListElement\":[{\"@type\":\"ListItem\",\"position\":1,\"name\":\"Page d'accueil\",\"item\":\"https:\\\/\\\/www.rri.ro\\\/fr\"},{\"@type\":\"ListItem\",\"position\":2,\"name\":\"Actualitate\",\"item\":\"https:\\\/\\\/www.rri.ro\\\/actualitate\"},{\"@type\":\"ListItem\",\"position\":3,\"name\":\"Les dossiers de l'actualit\u00e9\",\"item\":\"https:\\\/\\\/www.rri.ro\\\/fr\\\/actualites\\\/les-dossiers-de-lactualite\"},{\"@type\":\"ListItem\",\"position\":4,\"name\":\"Une attaque qui fait monter la tension en Europe\"}]},{\"@type\":\"WebSite\",\"@id\":\"https:\\\/\\\/www.rri.ro\\\/#website\",\"url\":\"https:\\\/\\\/www.rri.ro\\\/\",\"name\":\"Radio Roumanie Internationale\",\"description\":\"Totul despre Rom\u00e2nia \u015fi rom\u00e2ni, \u00een 13 limbi\\\/dialecte!\",\"inLanguage\":\"fr-FR\"},{\"@type\":\"Person\",\"@id\":\"https:\\\/\\\/www.rri.ro\\\/#\\\/schema\\\/person\\\/b46b8f80d7d6e4b5ac9f14f0acbad0c4\",\"name\":\"Daniela Budu\",\"url\":\"https:\\\/\\\/www.rri.ro\\\/fr\\\/author\\\/daniela-budu\"}]}<\/script>\n<!-- \/ Yoast SEO plugin. -->","yoast_head_json":{"title":"Une attaque qui fait monter la tension en Europe - Radio Roumanie Internationale","robots":{"index":"index","follow":"follow","max-snippet":"max-snippet:-1","max-image-preview":"max-image-preview:large","max-video-preview":"max-video-preview:-1"},"canonical":"https:\/\/www.rri.ro\/fr\/actualites\/les-dossiers-de-lactualite\/une-attaque-qui-fait-monter-la-tension-en-europe-id1056161.html","og_locale":"fr_FR","og_type":"article","og_title":"Une attaque qui fait monter la tension en Europe - Radio Roumanie Internationale","og_description":"L\u2019Union europ\u00e9enne et l\u2019OTAN affichent leur volont\u00e9 de resserrer les rangs et de maintenir la pression sur Moscou, apr\u00e8s la d\u00e9couverte, le mois dernier, d\u2019un drone charg\u00e9 d\u2019explosifs et d\u2019un d\u00e9tonateur \u00e0 l\u2019a\u00e9roport de Leipzig, en Allemagne. Cette plateforme a\u00e9roportuaire constitue un important hub logistique, \u00e0 la fois pour le transport civil et de fret [&hellip;]","og_url":"https:\/\/www.rri.ro\/fr\/actualites\/les-dossiers-de-lactualite\/une-attaque-qui-fait-monter-la-tension-en-europe-id1056161.html","og_site_name":"Radio Roumanie Internationale","article_published_time":"2026-09-03T08:45:49+00:00","og_image":[{"width":1200,"height":675,"url":"https:\/\/www.rri.ro\/wp-content\/uploads\/2026\/09\/Mark-Rutte-si-Ursula-von-der-Leyen-foto-NATO_16x9.jpg","type":"image\/jpeg"}],"author":"Daniela Budu","twitter_card":"summary_large_image","twitter_misc":{"\u00c9crit par":"Daniela Budu","Dur\u00e9e de lecture estim\u00e9e":"3 minutes","Written by":"Daniela Budu"},"schema":{"@context":"https:\/\/schema.org","@graph":[{"@type":"Article","@id":"https:\/\/www.rri.ro\/fr\/actualites\/les-dossiers-de-lactualite\/une-attaque-qui-fait-monter-la-tension-en-europe-id1056161.html#article","isPartOf":{"@id":"https:\/\/www.rri.ro\/fr\/actualites\/les-dossiers-de-lactualite\/une-attaque-qui-fait-monter-la-tension-en-europe-id1056161.html"},"author":{"name":"Daniela Budu","@id":"https:\/\/www.rri.ro\/#\/schema\/person\/b46b8f80d7d6e4b5ac9f14f0acbad0c4"},"headline":"Une attaque qui fait monter la tension en Europe","datePublished":"2026-09-03T08:45:49+00:00","mainEntityOfPage":{"@id":"https:\/\/www.rri.ro\/fr\/actualites\/les-dossiers-de-lactualite\/une-attaque-qui-fait-monter-la-tension-en-europe-id1056161.html"},"wordCount":610,"image":{"@id":"https:\/\/www.rri.ro\/fr\/actualites\/les-dossiers-de-lactualite\/une-attaque-qui-fait-monter-la-tension-en-europe-id1056161.html#primaryimage"},"thumbnailUrl":"https:\/\/www.rri.ro\/wp-content\/uploads\/2026\/09\/Mark-Rutte-si-Ursula-von-der-Leyen-foto-NATO_16x9.jpg","articleSection":["Les dossiers de l'actualit\u00e9"],"inLanguage":"fr-FR"},{"@type":"WebPage","@id":"https:\/\/www.rri.ro\/fr\/actualites\/les-dossiers-de-lactualite\/une-attaque-qui-fait-monter-la-tension-en-europe-id1056161.html","url":"https:\/\/www.rri.ro\/fr\/actualites\/les-dossiers-de-lactualite\/une-attaque-qui-fait-monter-la-tension-en-europe-id1056161.html","name":"Une attaque qui fait monter la tension en Europe - Radio Roumanie Internationale","isPartOf":{"@id":"https:\/\/www.rri.ro\/#website"},"primaryImageOfPage":{"@id":"https:\/\/www.rri.ro\/fr\/actualites\/les-dossiers-de-lactualite\/une-attaque-qui-fait-monter-la-tension-en-europe-id1056161.html#primaryimage"},"image":{"@id":"https:\/\/www.rri.ro\/fr\/actualites\/les-dossiers-de-lactualite\/une-attaque-qui-fait-monter-la-tension-en-europe-id1056161.html#primaryimage"},"thumbnailUrl":"https:\/\/www.rri.ro\/wp-content\/uploads\/2026\/09\/Mark-Rutte-si-Ursula-von-der-Leyen-foto-NATO_16x9.jpg","datePublished":"2026-09-03T08:45:49+00:00","author":{"@id":"https:\/\/www.rri.ro\/#\/schema\/person\/b46b8f80d7d6e4b5ac9f14f0acbad0c4"},"breadcrumb":{"@id":"https:\/\/www.rri.ro\/fr\/actualites\/les-dossiers-de-lactualite\/une-attaque-qui-fait-monter-la-tension-en-europe-id1056161.html#breadcrumb"},"inLanguage":"fr-FR","potentialAction":[{"@type":"ReadAction","target":["https:\/\/www.rri.ro\/fr\/actualites\/les-dossiers-de-lactualite\/une-attaque-qui-fait-monter-la-tension-en-europe-id1056161.html"]}]},{"@type":"ImageObject","inLanguage":"fr-FR","@id":"https:\/\/www.rri.ro\/fr\/actualites\/les-dossiers-de-lactualite\/une-attaque-qui-fait-monter-la-tension-en-europe-id1056161.html#primaryimage","url":"https:\/\/www.rri.ro\/wp-content\/uploads\/2026\/09\/Mark-Rutte-si-Ursula-von-der-Leyen-foto-NATO_16x9.jpg","contentUrl":"https:\/\/www.rri.ro\/wp-content\/uploads\/2026\/09\/Mark-Rutte-si-Ursula-von-der-Leyen-foto-NATO_16x9.jpg","width":1200,"height":675,"caption":"Mark Rutte \u015fi Ursula von der Leyen (sursa foto: nato.int)"},{"@type":"BreadcrumbList","@id":"https:\/\/www.rri.ro\/fr\/actualites\/les-dossiers-de-lactualite\/une-attaque-qui-fait-monter-la-tension-en-europe-id1056161.html#breadcrumb","itemListElement":[{"@type":"ListItem","position":1,"name":"Page d'accueil","item":"https:\/\/www.rri.ro\/fr"},{"@type":"ListItem","position":2,"name":"Actualitate","item":"https:\/\/www.rri.ro\/actualitate"},{"@type":"ListItem","position":3,"name":"Les dossiers de l'actualit\u00e9","item":"https:\/\/www.rri.ro\/fr\/actualites\/les-dossiers-de-lactualite"},{"@type":"ListItem","position":4,"name":"Une attaque qui fait monter la tension en Europe"}]},{"@type":"WebSite","@id":"https:\/\/www.rri.ro\/#website","url":"https:\/\/www.rri.ro\/","name":"Radio Roumanie Internationale","description":"Totul despre Rom\u00e2nia \u015fi rom\u00e2ni, \u00een 13 limbi\/dialecte!","inLanguage":"fr-FR"},{"@type":"Person","@id":"https:\/\/www.rri.ro\/#\/schema\/person\/b46b8f80d7d6e4b5ac9f14f0acbad0c4","name":"Daniela Budu","url":"https:\/\/www.rri.ro\/fr\/author\/daniela-budu"}]}},"_links":{"self":[{"href":"https:\/\/www.rri.ro\/fr\/wp-json\/wp\/v2\/posts\/1056161","targetHints":{"allow":["GET"]}}],"collection":[{"href":"https:\/\/www.rri.ro\/fr\/wp-json\/wp\/v2\/posts"}],"about":[{"href":"https:\/\/www.rri.ro\/fr\/wp-json\/wp\/v2\/types\/post"}],"author":[{"embeddable":true,"href":"https:\/\/www.rri.ro\/fr\/wp-json\/wp\/v2\/users\/107"}],"replies":[{"embeddable":true,"href":"https:\/\/www.rri.ro\/fr\/wp-json\/wp\/v2\/comments?post=1056161"}],"version-history":[{"count":1,"href":"https:\/\/www.rri.ro\/fr\/wp-json\/wp\/v2\/posts\/1056161\/revisions"}],"predecessor-version":[{"id":1056162,"href":"https:\/\/www.rri.ro\/fr\/wp-json\/wp\/v2\/posts\/1056161\/revisions\/1056162"}],"wp:featuredmedia":[{"embeddable":true,"href":"https:\/\/www.rri.ro\/fr\/wp-json\/wp\/v2\/media\/1056084"}],"wp:attachment":[{"href":"https:\/\/www.rri.ro\/fr\/wp-json\/wp\/v2\/media?parent=1056161"}],"wp:term":[{"taxonomy":"category","embeddable":true,"href":"https:\/\/www.rri.ro\/fr\/wp-json\/wp\/v2\/categories?post=1056161"},{"taxonomy":"post_tag","embeddable":true,"href":"https:\/\/www.rri.ro\/fr\/wp-json\/wp\/v2\/tags?post=1056161"},{"taxonomy":"author","embeddable":true,"href":"https:\/\/www.rri.ro\/fr\/wp-json\/wp\/v2\/coauthors?post=1056161"}],"curies":[{"name":"wp","href":"https:\/\/api.w.org\/{rel}","templated":true}]}}