{"id":1056205,"date":"2026-09-03T13:23:52","date_gmt":"2026-09-03T10:23:52","guid":{"rendered":"https:\/\/www.rri.ro\/?p=1056205"},"modified":"2026-09-03T13:25:37","modified_gmt":"2026-09-03T10:25:37","slug":"03-09-2026","status":"publish","type":"post","link":"https:\/\/www.rri.ro\/fr\/actualites\/le-flash\/03-09-2026-id1056205.html","title":{"rendered":"03.09.2026"},"content":{"rendered":"<p><strong>Visite<\/strong> \u2013 Le chef de l\u2019Etat roumain, Nicusor Dan, a re\u00e7u ce jeudi matin \u00e0 Bucarest le pr\u00e9sident du Conseil Europ\u00e9en, Antonio Costa, afin de se pencher sur les priorit\u00e9s et les pr\u00e9occupations de la Roumanie en tant qu\u2019Etat-membre de l\u2019UE. Apr\u00e8s Bucarest, M Costa se rendra en Bulgarie voisine et en Gr\u00e8ce, dans le cadre d\u2019une tourn\u00e9e des capitales europ\u00e9ennes principalement consacr\u00e9e au futur budget de l\u2019UE pour la p\u00e9riode 2028-2034, sans oublier l\u2019\u00e9largissement de l\u2019espace communautaire, ni l\u2019aide pour l\u2019Ukraine.<\/p>\n<p>&nbsp;<\/p>\n<p><strong>Attaque <\/strong>\u00a0&#8211; L\u2019ambassadeur de Russie \u00e0 Bucarest, Vladimir Lipaev, sera convoqu\u00e9 au si\u00e8ge du minist\u00e8re roumain des Affaires Etrang\u00e8res, dans le contexte de l\u2019attaque aux drones sur l\u2019a\u00e9roport de Leipzig, en Allemagne, a fait savoir la cheffe de la diplomatie roumaine par int\u00e9rim Oana \u0162oiu. La responsable roumaine pr\u00e9cise que les autorit\u00e9s de Bucarest sont solidaires avec l\u2019Allemagne et avec les autres pays europ\u00e9ens qui ont \u00e9t\u00e9 confront\u00e9s \u00e0 des activit\u00e9s hybrides, ing\u00e9rences et provocations imprudentes et insistantes de la Russie. \u00ab Nous agissons avec force et ensemble, en tant qu\u2019Etats-membres de l\u2019UE et alli\u00e9s au sein de l\u2019OTAN \u00bb, a rench\u00e9ri la ministre. Par ailleurs, la pr\u00e9sidente de la Commission Europ\u00e9enne, Ursula von der Leyen, et le secr\u00e9taire g\u00e9n\u00e9ral de l\u2019OTAN, Mark Rutte, ont assur\u00e9 que la pression sur Moscou se poursuivrait, qu\u2019elle serait m\u00eame renforc\u00e9e, suite \u00e0 l\u2019attaque hybride aux drones contre l\u2019a\u00e9roport de Leipzig, attribu\u00e9 \u00e0 la Russie.<\/p>\n<p>&nbsp;<\/p>\n<p><strong>Moldova<\/strong> \u2013 La compagne du pr\u00e9sident roumain, Mirabela Gr\u0103dinaru, participe ce jeudi dans la capitale moldave, Chi\u015fin\u0103u, \u00e0 la conf\u00e9rence internationale \u00ab La s\u00e9curit\u00e9 en ligne et les facteurs d\u00e9terminants num\u00e9riques de la sant\u00e9 mentale et du bien-\u00eatre \u00e9motionnel des enfants et des adolescents \u00bb. Selon un communiqu\u00e9 de l\u2019Administration pr\u00e9sidentielle de Bucarest, la pr\u00e9sidente moldave Maia Sandu, l\u2019ambassadrice de l\u2019UE en R\u00e9publique de Moldova Iwona Piorko et des repr\u00e9sentants de l\u2019UNICEF seront \u00e9galement pr\u00e9sents \u00e0 l\u2019\u00e9v\u00e8nement. A noter que Mme Mirabela Gr\u0103dinaru avait d\u00e9j\u00e0 pr\u00e9sid\u00e9 \u00e0 Bucarest plusieurs \u00e9v\u00e9nements sur des sujets importants pour la soci\u00e9t\u00e9, y compris la s\u00e9curit\u00e9 en ligne des jeunes, pr\u00e9cise encore l\u2019Administration pr\u00e9sidentielle de Bucarest.<\/p>\n<p>&nbsp;<\/p>\n<p><strong>Magistrats<\/strong> \u2013 La Haute Cour de cassation et de justice de Bucarest doit rendre aujourd\u2019hui sa d\u00e9cision d\u00e9finitive dans le litige qui l\u2019oppose au Gouvernement et au minist\u00e8re des Finances au sujet du paiement de rappels de salaire dus aux magistrats. Ces sommes correspondent \u00e0 des majorations accord\u00e9es r\u00e9troactivement par des d\u00e9cisions judiciaires ant\u00e9rieures. En premi\u00e8re instance, la Cour d\u2019appel de Bucarest avait donn\u00e9 raison, le 5 mai, \u00e0 la Haute Cour, en ordonnant \u00e0 l\u2019Ex\u00e9cutif et au minist\u00e8re des Finances de verser l\u2019int\u00e9gralit\u00e9 des droits salariaux restants, y compris via une rectification budg\u00e9taire. Le dossier se trouve d\u00e9sormais en recours. L\u2019enjeu financier en est consid\u00e9rable : environ 5 milliards de lei, soit pr\u00e8s de 950 millions d\u2019euros.<\/p>\n<p>&nbsp;<\/p>\n<p><strong>Tennis<\/strong> \u2013 La joueuse de tennis roumaine Sorana C\u00eerstea a vaincu la Fran\u00e7aise Diane Parry, au 2<sup>e<\/sup> tour de l\u2019US Open, le dernier tournoi du Grand Chelem de l\u2019ann\u00e9e. Dans l\u2019\u00e9tape suivante, la Roumaine de 36 ans affrontera, ce vendredi, l\u2019Italienne Jasmine Paolini. Rappelons-le, cette ann\u00e9e dans le cadre des tournois du Grand Chelem, Sorana C\u00eestea a fait une belle figure, arrivant au 2<sup>e<\/sup> tour de l\u2019Open d\u2019Australie, dans les quarts de finale \u00e0 Roland Garros, et au 3<sup>e<\/sup> tour \u00e0 Wimbledon.<\/p>\n<p>&nbsp;<\/p>\n<p><strong>M\u00e9t\u00e9o<\/strong> \u2013 Il fait chaud ce jeudi en Roumanie, pourtant la m\u00e9t\u00e9o est plut\u00f4t instable, notamment sur le relief, dans le sud et l\u2019est du territoire o\u00f9 il pleut. Les maxima de la journ\u00e9e iront de 23 \u00e0 34 degr\u00e9s. 31 degr\u00e9s \u00e0 midi \u00e0 Bucarest.<\/p>\n","protected":false},"excerpt":{"rendered":"<p>Visite \u2013 Le chef de l\u2019Etat roumain, Nicusor Dan, a re\u00e7u ce jeudi matin \u00e0 Bucarest le pr\u00e9sident du Conseil Europ\u00e9en, Antonio Costa, afin de se pencher sur les priorit\u00e9s et les pr\u00e9occupations de la Roumanie en tant qu\u2019Etat-membre de l\u2019UE. Apr\u00e8s Bucarest, M Costa se rendra en Bulgarie voisine et en Gr\u00e8ce, dans le [&hellip;]<\/p>\n","protected":false},"author":113,"featured_media":723357,"comment_status":"closed","ping_status":"closed","sticky":false,"template":"","format":"standard","meta":{"_acf_changed":false,"footnotes":""},"categories":[89002],"tags":[88186,196024,152015,196025,196026,184252],"coauthors":[116091],"class_list":["post-1056205","post","type-post","status-publish","format-standard","has-post-thumbnail","hentry","category-le-flash","tag-attaque","tag-costa-fr","tag-drone-fr","tag-leipzig-fr","tag-mirabela-gradinaru-fr","tag-sorana-cirstea-fr"],"acf":[],"yoast_head":"<!-- This site is optimized with the Yoast SEO plugin v28.2 - https:\/\/yoast.com\/product\/yoast-seo-wordpress\/ -->\n<title>03.09.2026 - Radio Roumanie Internationale<\/title>\n<meta name=\"robots\" content=\"index, follow, max-snippet:-1, max-image-preview:large, max-video-preview:-1\" \/>\n<link rel=\"canonical\" href=\"https:\/\/www.rri.ro\/fr\/actualites\/le-flash\/03-09-2026-id1056205.html\" \/>\n<meta property=\"og:locale\" content=\"fr_FR\" \/>\n<meta property=\"og:type\" content=\"article\" \/>\n<meta property=\"og:title\" content=\"03.09.2026 - Radio Roumanie Internationale\" \/>\n<meta property=\"og:description\" content=\"Visite \u2013 Le chef de l\u2019Etat roumain, Nicusor Dan, a re\u00e7u ce jeudi matin \u00e0 Bucarest le pr\u00e9sident du Conseil Europ\u00e9en, Antonio Costa, afin de se pencher sur les priorit\u00e9s et les pr\u00e9occupations de la Roumanie en tant qu\u2019Etat-membre de l\u2019UE. Apr\u00e8s Bucarest, M Costa se rendra en Bulgarie voisine et en Gr\u00e8ce, dans le [&hellip;]\" \/>\n<meta property=\"og:url\" content=\"https:\/\/www.rri.ro\/fr\/actualites\/le-flash\/03-09-2026-id1056205.html\" \/>\n<meta property=\"og:site_name\" content=\"Radio Roumanie Internationale\" \/>\n<meta property=\"article:published_time\" content=\"2026-09-03T10:23:52+00:00\" \/>\n<meta property=\"article:modified_time\" content=\"2026-09-03T10:25:37+00:00\" \/>\n<meta property=\"og:image\" content=\"https:\/\/www.rri.ro\/wp-content\/uploads\/2024\/03\/RRI-960x540-Le-flash-2-NOU.jpg\" \/>\n\t<meta property=\"og:image:width\" content=\"960\" \/>\n\t<meta property=\"og:image:height\" content=\"540\" \/>\n\t<meta property=\"og:image:type\" content=\"image\/jpeg\" \/>\n<meta name=\"author\" content=\"Newsroom\" \/>\n<meta name=\"twitter:card\" content=\"summary_large_image\" \/>\n<meta name=\"twitter:label1\" content=\"\u00c9crit par\" \/>\n\t<meta name=\"twitter:data1\" content=\"Newsroom\" \/>\n\t<meta name=\"twitter:label2\" content=\"Dur\u00e9e de lecture estim\u00e9e\" \/>\n\t<meta name=\"twitter:data2\" content=\"3 minutes\" \/>\n\t<meta name=\"twitter:label3\" content=\"Written by\" \/>\n\t<meta name=\"twitter:data3\" content=\"Newsroom\" \/>\n<script type=\"application\/ld+json\" class=\"yoast-schema-graph\">{\"@context\":\"https:\\\/\\\/schema.org\",\"@graph\":[{\"@type\":\"Article\",\"@id\":\"https:\\\/\\\/www.rri.ro\\\/fr\\\/actualites\\\/le-flash\\\/03-09-2026-id1056205.html#article\",\"isPartOf\":{\"@id\":\"https:\\\/\\\/www.rri.ro\\\/fr\\\/actualites\\\/le-flash\\\/03-09-2026-id1056205.html\"},\"author\":{\"name\":\"Newsroom\",\"@id\":\"https:\\\/\\\/www.rri.ro\\\/#\\\/schema\\\/person\\\/4a479940371b9fdefd194f561e8a7f88\"},\"headline\":\"03.09.2026\",\"datePublished\":\"2026-09-03T10:23:52+00:00\",\"dateModified\":\"2026-09-03T10:25:37+00:00\",\"mainEntityOfPage\":{\"@id\":\"https:\\\/\\\/www.rri.ro\\\/fr\\\/actualites\\\/le-flash\\\/03-09-2026-id1056205.html\"},\"wordCount\":685,\"image\":{\"@id\":\"https:\\\/\\\/www.rri.ro\\\/fr\\\/actualites\\\/le-flash\\\/03-09-2026-id1056205.html#primaryimage\"},\"thumbnailUrl\":\"https:\\\/\\\/www.rri.ro\\\/wp-content\\\/uploads\\\/2024\\\/03\\\/RRI-960x540-Le-flash-2-NOU.jpg\",\"keywords\":[\"attaque\",\"costa\",\"drone\",\"Leipzig\",\"Mirabela Gr\u0103dinaru\",\"Sorana Cirstea\"],\"articleSection\":[\"Le flash\"],\"inLanguage\":\"fr-FR\"},{\"@type\":\"WebPage\",\"@id\":\"https:\\\/\\\/www.rri.ro\\\/fr\\\/actualites\\\/le-flash\\\/03-09-2026-id1056205.html\",\"url\":\"https:\\\/\\\/www.rri.ro\\\/fr\\\/actualites\\\/le-flash\\\/03-09-2026-id1056205.html\",\"name\":\"03.09.2026 - Radio Roumanie Internationale\",\"isPartOf\":{\"@id\":\"https:\\\/\\\/www.rri.ro\\\/#website\"},\"primaryImageOfPage\":{\"@id\":\"https:\\\/\\\/www.rri.ro\\\/fr\\\/actualites\\\/le-flash\\\/03-09-2026-id1056205.html#primaryimage\"},\"image\":{\"@id\":\"https:\\\/\\\/www.rri.ro\\\/fr\\\/actualites\\\/le-flash\\\/03-09-2026-id1056205.html#primaryimage\"},\"thumbnailUrl\":\"https:\\\/\\\/www.rri.ro\\\/wp-content\\\/uploads\\\/2024\\\/03\\\/RRI-960x540-Le-flash-2-NOU.jpg\",\"datePublished\":\"2026-09-03T10:23:52+00:00\",\"dateModified\":\"2026-09-03T10:25:37+00:00\",\"author\":{\"@id\":\"https:\\\/\\\/www.rri.ro\\\/#\\\/schema\\\/person\\\/4a479940371b9fdefd194f561e8a7f88\"},\"breadcrumb\":{\"@id\":\"https:\\\/\\\/www.rri.ro\\\/fr\\\/actualites\\\/le-flash\\\/03-09-2026-id1056205.html#breadcrumb\"},\"inLanguage\":\"fr-FR\",\"potentialAction\":[{\"@type\":\"ReadAction\",\"target\":[\"https:\\\/\\\/www.rri.ro\\\/fr\\\/actualites\\\/le-flash\\\/03-09-2026-id1056205.html\"]}]},{\"@type\":\"ImageObject\",\"inLanguage\":\"fr-FR\",\"@id\":\"https:\\\/\\\/www.rri.ro\\\/fr\\\/actualites\\\/le-flash\\\/03-09-2026-id1056205.html#primaryimage\",\"url\":\"https:\\\/\\\/www.rri.ro\\\/wp-content\\\/uploads\\\/2024\\\/03\\\/RRI-960x540-Le-flash-2-NOU.jpg\",\"contentUrl\":\"https:\\\/\\\/www.rri.ro\\\/wp-content\\\/uploads\\\/2024\\\/03\\\/RRI-960x540-Le-flash-2-NOU.jpg\",\"width\":960,\"height\":540},{\"@type\":\"BreadcrumbList\",\"@id\":\"https:\\\/\\\/www.rri.ro\\\/fr\\\/actualites\\\/le-flash\\\/03-09-2026-id1056205.html#breadcrumb\",\"itemListElement\":[{\"@type\":\"ListItem\",\"position\":1,\"name\":\"Page d'accueil\",\"item\":\"https:\\\/\\\/www.rri.ro\\\/fr\"},{\"@type\":\"ListItem\",\"position\":2,\"name\":\"Actualit\u00e9s\",\"item\":\"https:\\\/\\\/www.rri.ro\\\/fr\\\/actualites\"},{\"@type\":\"ListItem\",\"position\":3,\"name\":\"Le flash\",\"item\":\"https:\\\/\\\/www.rri.ro\\\/fr\\\/actualites\\\/le-flash\"},{\"@type\":\"ListItem\",\"position\":4,\"name\":\"03.09.2026\"}]},{\"@type\":\"WebSite\",\"@id\":\"https:\\\/\\\/www.rri.ro\\\/#website\",\"url\":\"https:\\\/\\\/www.rri.ro\\\/\",\"name\":\"Radio Roumanie Internationale\",\"description\":\"Totul despre Rom\u00e2nia \u015fi rom\u00e2ni, \u00een 13 limbi\\\/dialecte!\",\"inLanguage\":\"fr-FR\"},{\"@type\":\"Person\",\"@id\":\"https:\\\/\\\/www.rri.ro\\\/#\\\/schema\\\/person\\\/4a479940371b9fdefd194f561e8a7f88\",\"name\":\"Newsroom\",\"url\":\"https:\\\/\\\/www.rri.ro\\\/fr\\\/author\\\/newsroom\"}]}<\/script>\n<!-- \/ Yoast SEO plugin. -->","yoast_head_json":{"title":"03.09.2026 - Radio Roumanie Internationale","robots":{"index":"index","follow":"follow","max-snippet":"max-snippet:-1","max-image-preview":"max-image-preview:large","max-video-preview":"max-video-preview:-1"},"canonical":"https:\/\/www.rri.ro\/fr\/actualites\/le-flash\/03-09-2026-id1056205.html","og_locale":"fr_FR","og_type":"article","og_title":"03.09.2026 - Radio Roumanie Internationale","og_description":"Visite \u2013 Le chef de l\u2019Etat roumain, Nicusor Dan, a re\u00e7u ce jeudi matin \u00e0 Bucarest le pr\u00e9sident du Conseil Europ\u00e9en, Antonio Costa, afin de se pencher sur les priorit\u00e9s et les pr\u00e9occupations de la Roumanie en tant qu\u2019Etat-membre de l\u2019UE. Apr\u00e8s Bucarest, M Costa se rendra en Bulgarie voisine et en Gr\u00e8ce, dans le [&hellip;]","og_url":"https:\/\/www.rri.ro\/fr\/actualites\/le-flash\/03-09-2026-id1056205.html","og_site_name":"Radio Roumanie Internationale","article_published_time":"2026-09-03T10:23:52+00:00","article_modified_time":"2026-09-03T10:25:37+00:00","og_image":[{"width":960,"height":540,"url":"https:\/\/www.rri.ro\/wp-content\/uploads\/2024\/03\/RRI-960x540-Le-flash-2-NOU.jpg","type":"image\/jpeg"}],"author":"Newsroom","twitter_card":"summary_large_image","twitter_misc":{"\u00c9crit par":"Newsroom","Dur\u00e9e de lecture estim\u00e9e":"3 minutes","Written by":"Newsroom"},"schema":{"@context":"https:\/\/schema.org","@graph":[{"@type":"Article","@id":"https:\/\/www.rri.ro\/fr\/actualites\/le-flash\/03-09-2026-id1056205.html#article","isPartOf":{"@id":"https:\/\/www.rri.ro\/fr\/actualites\/le-flash\/03-09-2026-id1056205.html"},"author":{"name":"Newsroom","@id":"https:\/\/www.rri.ro\/#\/schema\/person\/4a479940371b9fdefd194f561e8a7f88"},"headline":"03.09.2026","datePublished":"2026-09-03T10:23:52+00:00","dateModified":"2026-09-03T10:25:37+00:00","mainEntityOfPage":{"@id":"https:\/\/www.rri.ro\/fr\/actualites\/le-flash\/03-09-2026-id1056205.html"},"wordCount":685,"image":{"@id":"https:\/\/www.rri.ro\/fr\/actualites\/le-flash\/03-09-2026-id1056205.html#primaryimage"},"thumbnailUrl":"https:\/\/www.rri.ro\/wp-content\/uploads\/2024\/03\/RRI-960x540-Le-flash-2-NOU.jpg","keywords":["attaque","costa","drone","Leipzig","Mirabela Gr\u0103dinaru","Sorana Cirstea"],"articleSection":["Le flash"],"inLanguage":"fr-FR"},{"@type":"WebPage","@id":"https:\/\/www.rri.ro\/fr\/actualites\/le-flash\/03-09-2026-id1056205.html","url":"https:\/\/www.rri.ro\/fr\/actualites\/le-flash\/03-09-2026-id1056205.html","name":"03.09.2026 - Radio Roumanie Internationale","isPartOf":{"@id":"https:\/\/www.rri.ro\/#website"},"primaryImageOfPage":{"@id":"https:\/\/www.rri.ro\/fr\/actualites\/le-flash\/03-09-2026-id1056205.html#primaryimage"},"image":{"@id":"https:\/\/www.rri.ro\/fr\/actualites\/le-flash\/03-09-2026-id1056205.html#primaryimage"},"thumbnailUrl":"https:\/\/www.rri.ro\/wp-content\/uploads\/2024\/03\/RRI-960x540-Le-flash-2-NOU.jpg","datePublished":"2026-09-03T10:23:52+00:00","dateModified":"2026-09-03T10:25:37+00:00","author":{"@id":"https:\/\/www.rri.ro\/#\/schema\/person\/4a479940371b9fdefd194f561e8a7f88"},"breadcrumb":{"@id":"https:\/\/www.rri.ro\/fr\/actualites\/le-flash\/03-09-2026-id1056205.html#breadcrumb"},"inLanguage":"fr-FR","potentialAction":[{"@type":"ReadAction","target":["https:\/\/www.rri.ro\/fr\/actualites\/le-flash\/03-09-2026-id1056205.html"]}]},{"@type":"ImageObject","inLanguage":"fr-FR","@id":"https:\/\/www.rri.ro\/fr\/actualites\/le-flash\/03-09-2026-id1056205.html#primaryimage","url":"https:\/\/www.rri.ro\/wp-content\/uploads\/2024\/03\/RRI-960x540-Le-flash-2-NOU.jpg","contentUrl":"https:\/\/www.rri.ro\/wp-content\/uploads\/2024\/03\/RRI-960x540-Le-flash-2-NOU.jpg","width":960,"height":540},{"@type":"BreadcrumbList","@id":"https:\/\/www.rri.ro\/fr\/actualites\/le-flash\/03-09-2026-id1056205.html#breadcrumb","itemListElement":[{"@type":"ListItem","position":1,"name":"Page d'accueil","item":"https:\/\/www.rri.ro\/fr"},{"@type":"ListItem","position":2,"name":"Actualit\u00e9s","item":"https:\/\/www.rri.ro\/fr\/actualites"},{"@type":"ListItem","position":3,"name":"Le flash","item":"https:\/\/www.rri.ro\/fr\/actualites\/le-flash"},{"@type":"ListItem","position":4,"name":"03.09.2026"}]},{"@type":"WebSite","@id":"https:\/\/www.rri.ro\/#website","url":"https:\/\/www.rri.ro\/","name":"Radio Roumanie Internationale","description":"Totul despre Rom\u00e2nia \u015fi rom\u00e2ni, \u00een 13 limbi\/dialecte!","inLanguage":"fr-FR"},{"@type":"Person","@id":"https:\/\/www.rri.ro\/#\/schema\/person\/4a479940371b9fdefd194f561e8a7f88","name":"Newsroom","url":"https:\/\/www.rri.ro\/fr\/author\/newsroom"}]}},"_links":{"self":[{"href":"https:\/\/www.rri.ro\/fr\/wp-json\/wp\/v2\/posts\/1056205","targetHints":{"allow":["GET"]}}],"collection":[{"href":"https:\/\/www.rri.ro\/fr\/wp-json\/wp\/v2\/posts"}],"about":[{"href":"https:\/\/www.rri.ro\/fr\/wp-json\/wp\/v2\/types\/post"}],"author":[{"embeddable":true,"href":"https:\/\/www.rri.ro\/fr\/wp-json\/wp\/v2\/users\/113"}],"replies":[{"embeddable":true,"href":"https:\/\/www.rri.ro\/fr\/wp-json\/wp\/v2\/comments?post=1056205"}],"version-history":[{"count":3,"href":"https:\/\/www.rri.ro\/fr\/wp-json\/wp\/v2\/posts\/1056205\/revisions"}],"predecessor-version":[{"id":1056228,"href":"https:\/\/www.rri.ro\/fr\/wp-json\/wp\/v2\/posts\/1056205\/revisions\/1056228"}],"wp:featuredmedia":[{"embeddable":true,"href":"https:\/\/www.rri.ro\/fr\/wp-json\/wp\/v2\/media\/723357"}],"wp:attachment":[{"href":"https:\/\/www.rri.ro\/fr\/wp-json\/wp\/v2\/media?parent=1056205"}],"wp:term":[{"taxonomy":"category","embeddable":true,"href":"https:\/\/www.rri.ro\/fr\/wp-json\/wp\/v2\/categories?post=1056205"},{"taxonomy":"post_tag","embeddable":true,"href":"https:\/\/www.rri.ro\/fr\/wp-json\/wp\/v2\/tags?post=1056205"},{"taxonomy":"author","embeddable":true,"href":"https:\/\/www.rri.ro\/fr\/wp-json\/wp\/v2\/coauthors?post=1056205"}],"curies":[{"name":"wp","href":"https:\/\/api.w.org\/{rel}","templated":true}]}}