{"id":1056215,"date":"2026-09-04T11:01:25","date_gmt":"2026-09-04T08:01:25","guid":{"rendered":"https:\/\/www.rri.ro\/?p=1056215"},"modified":"2026-09-03T13:03:01","modified_gmt":"2026-09-03T10:03:01","slug":"le-courrier-des-auditeurs-du-03-09-2026","status":"publish","type":"post","link":"https:\/\/www.rri.ro\/fr\/le-coin-des-auditeurs\/le-courrier-des-auditeurs\/le-courrier-des-auditeurs-du-03-09-2026-id1056215.html","title":{"rendered":"Le courrier des auditeurs du 03.09.2026"},"content":{"rendered":"<p>Bonjour \u00e0 tous et \u00e0 toutes qui nous \u00e9coutez o\u00f9 que vous soyez. Je suis tr\u00e8s heureuse de vous retrouver pour une nouvelle \u00e9dition de notre courrier des auditeurs. Et cette fois, je reviens tout juste d\u2019un tr\u00e8s beau week-end pass\u00e9 en Transylvanie, \u00e0 l\u2019occasion d\u2019un mariage. Mais pas n\u2019importe o\u00f9 : dans le minuscule village de Cinc\u0219or, au pied des monts F\u0103g\u0103ra\u0219. Cinc\u0219or est un tout petit village dit \u00ab\u00a0saxon\u00a0\u00bb, avec quelques maisons seulement, organis\u00e9es selon la structure typique de la r\u00e9gion\u00a0: align\u00e9es le long de la route qui la traverse, toute en fa\u00e7ade. Au loin se dessinent les montagnes, les collines s\u2019\u00e9tendent \u00e0 perte de vue et, au centre du village, comme souvent dans cette partie de la Transylvanie, se dresse une \u00e9glise fortifi\u00e9e, elle aussi tr\u00e8s typique de la r\u00e9gion. C\u2019est autour d\u2019elle que s\u2019organise le c\u0153ur historique du village. Le mariage avait lieu dans une ancienne \u00e9cole, aujourd\u2019hui magnifiquement restaur\u00e9e, entour\u00e9e de plusieurs corps de ferme eux aussi r\u00e9nov\u00e9s avec \u00e9norm\u00e9ment de go\u00fbt. Nous avons eu la chance de pouvoir d\u00e9couvrir les lieux et surtout d\u2019en apprendre davantage sur leur histoire. Et c\u2019est l\u00e0 que l\u2019on comprend mieux ce qui rend ces villages si particuliers. Les fameuses \u00e9glises fortifi\u00e9es de Transylvanie, dont celle de Cinc\u0219or, n\u2019\u00e9taient pas simplement des lieux de culte. Elles avaient aussi une fonction d\u00e9fensive. \u00c0 une \u00e9poque o\u00f9 les villages pouvaient \u00eatre expos\u00e9s \u00e0 des attaques, les habitants pouvaient venir s\u2019y r\u00e9fugier derri\u00e8re d\u2019\u00e9pais murs, dans un ensemble qui tient finalement autant de l\u2019\u00e9glise que du petit ch\u00e2teau fort. Certaines disposent encore de tours, de remparts qui t\u00e9moignent de cette histoire mouvement\u00e9e. Mais Cinc\u0219or raconte aussi une autre histoire, celle de la pr\u00e9sence saxonne en Transylvanie. La r\u00e9gion revendique avec beaucoup de fiert\u00e9 cet h\u00e9ritage germanique : architecture, traditions, langue allemande, patrimoine, liens historiques avec l\u2019Allemagne\u2026 Faisant malheureusement parfois de ce r\u00e9cit de la classe dominante saxonne l\u2019histoire de tous, au d\u00e9triment de certains pans de la population aujourd\u2019hui encore tr\u00e8s marginalis\u00e9s. Toute une culture a \u00e9t\u00e9 progressivement remise en lumi\u00e8re et parfois m\u00eame r\u00e9invent\u00e9e, devenant aujourd\u2019hui un formidable outil de valorisation touristique. Et cette identit\u00e9 saxonne constitue aussi une mani\u00e8re assez subtile de se distinguer du reste de la Roumanie. On sent parfois, derri\u00e8re la fiert\u00e9 l\u00e9gitime pour cet h\u00e9ritage, une forme de hi\u00e9rarchie culturelle implicite, comme si cette histoire germanique conf\u00e9rait aux villages qui la revendiquent un statut particulier. Mais laissons de c\u00f4t\u00e9 ces petites questions identitaires et politiques : apr\u00e8s tout, j\u2019\u00e9tais l\u00e0 pour c\u00e9l\u00e9brer l\u2019amour, et ce week-end s\u2019y pr\u00eatait merveilleusement bien. Car tout \u00e9tait v\u00e9ritablement \u00e0 couper le souffle : la nature, l\u2019architecture, les b\u00e2timents anciens, les montagnes en toile de fond\u2026 Et plusieurs villages de ce type se trouvent dans les environs\u00a0: Crit, Viscri et bien d\u2019autres encore. Pour qui souhaite d\u00e9couvrir une autre facette de la Roumanie, loin des grandes villes et des circuits touristiques classiques, c\u2019est une r\u00e9gion qui m\u00e9rite vraiment le d\u00e9tour. Il faut toutefois pr\u00e9ciser que cette renaissance du patrimoine repose beaucoup sur des initiatives priv\u00e9es. C\u2019est \u00e0 la fois ce qui fait sa force et ce qui pose certaines questions. \u00c0 Cinc\u0219or, par exemple, Carmen, la propri\u00e9taire des lieux, a accompli un travail absolument remarquable pour restaurer une partie importante du village et lui redonner une nouvelle vie. Cette d\u00e9marche a permis de faire conna\u00eetre Cinc\u0219or, d\u2019attirer des visiteurs et de replacer ce petit village sur la carte touristique de la Transylvanie. Mais cette transformation a aussi son revers. Restaurer un patrimoine exceptionnel, d\u00e9velopper l\u2019accueil touristique, cr\u00e9er de beaux lieux et proposer une exp\u00e9rience aussi qualitative a n\u00e9cessairement un co\u00fbt. Et tous les habitants du village ne disposent \u00e9videmment pas des m\u00eames moyens pour profiter de cette nouvelle attractivit\u00e9, ni pour participer de la m\u00eame mani\u00e8re \u00e0 l\u2019\u00e9conomie touristique qui se d\u00e9veloppe autour d\u2019eux. C\u2019est un ph\u00e9nom\u00e8ne que l\u2019on retrouve dans beaucoup de r\u00e9gions rurales : la mise en valeur du patrimoine peut cr\u00e9er de nouvelles opportunit\u00e9s, mais elle peut aussi accentuer les \u00e9carts entre ceux qui peuvent investir dans cette nouvelle \u00e9conomie et ceux qui restent \u00e0 l\u2019\u00e9cart. Mais aujourd\u2019hui, gardons surtout le souvenir de cette magnifique parenth\u00e8se transylvaine, de ces paysages grandioses et de cette belle c\u00e9l\u00e9bration qui nous a offert l\u2019occasion de d\u00e9couvrir un patrimoine exceptionnel.<\/p>\n<p>Et maintenant, revenons \u00e0 notre rendez-vous habituel : vos messages, vos impressions, vos questions et bien s\u00fbr vos rapports d\u2019\u00e9coute.<\/p>\n<p>&nbsp;<\/p>\n<p>On commence par remercier chaleureusement notre ami et fid\u00e8le auditeur M. Nouari\u00a0 d\u2019Alg\u00e9rie qui nous envoie r\u00e9guli\u00e8rement des photos, des po\u00e8mes et surtout des nouvelles de son beau pays. Dans l\u2019un de vos r\u00e9cents messages de cet \u00e9t\u00e9 vous nous \u00e9crivez \u00ab\u00a0Bonjour et comment allez vous et ma belle radio. \u00a0Comment se faire soigner en Roumanie ?\u00a0\u00bb Un grand merci pour cette question. Comme en France, la Roumanie dispose d\u2019un syst\u00e8me de sant\u00e9 gratuit et officiellement accessible \u00e0 tous. Mais dans les faits, les choses sont bien plus compliqu\u00e9es. Les infrastructures sont v\u00e9tustes, le personnel insuffisant et manque cruellement de moyens. Pour cette raison, de nombreux m\u00e9decins choisissent d\u2019exercer dans le secteur priv\u00e9 ou \u00e0 l\u2019\u00e9tranger. Ce qui r\u00e9duit encore davantage le nombre de soignants dans le secteur public, et renforce ainsi les in\u00e9galit\u00e9s face aux soins. Ainsi, se faire soigner dans le public reste encore possible mais il est souvent n\u00e9cessaire d\u2019attendre plusieurs mois avant de pouvoir par exemple se faire op\u00e9rer. Les Roumains qui en ont les moyens peuvent choisir \u00e0 leur tour de se faire soigner dans le priv\u00e9 ou bien \u00e0 l\u2019\u00e9tranger. C\u2019est un cercle vicieux, et \u00e9videmment cela laisse les plus d\u00e9munis en grande difficult\u00e9. De nombreuses gr\u00e8ves ont r\u00e9cemment eu lieu cet \u00e9t\u00e9 pour attirer l\u2019attention des autorit\u00e9s sur ce ph\u00e9nom\u00e8ne et le personnel de la Sant\u00e9 a manifest\u00e9 sans rel\u00e2che plusieurs mois pour exiger de meilleurs salaires et de meilleures conditions de travail. Mais tout comme en France, on assiste en Roumanie \u00e0 un retrait massif de l\u2019Etat dans la prise en charge des services publiques, et le syst\u00e8me de Sant\u00e9 s\u2019en trouve tr\u00e8s affect\u00e9, et les choses ne vont pas en s\u2019arrangeant\u2026<\/p>\n<p>&nbsp;<\/p>\n<p>On poursuit avec Carlo Callegher qui nous \u00e9coute depuis l\u2019Italie et qui nous a fait parvenir son rapport d\u2019\u00e9coute. Un tout grand merci. Vous nous demandez aussi dans votre e-mail s\u2019il serait possible que nous vous envoyions un sticker. Malheureusement cela n\u2019est pas possible, notre Radio ne distribue plus de goodies, et m\u00eame nos cartes QSL sont aujourd\u2019hui au format num\u00e9rique (PDF). Nous en sommes vraiment d\u00e9sol\u00e9e. En tout cas encore merci pour votre message et votre rapport d\u2019\u00e9coute et \u00e0 tr\u00e8s bient\u00f4t de vous lire\u00a0!<\/p>\n<p>Bien le bonjour et nos amiti\u00e9s \u00e0 notre cher Raphael, toujours au rendez-vous pour parler ondes courtes et radio\u00a0! Merci beaucoup pour tous vos messages, rapports d\u2019\u00e9coute, partages et point de vue. Merci aussi d\u2019avoir pris le temps de diffuser ma r\u00e9ponse sur votre radio, je suis tr\u00e8s touch\u00e9e\u00a0! Dans l\u2019un de vos derniers courriers, vous vous interrogez sur la fin de RRI. Cette question, je me la pose moi-m\u00eame tr\u00e8s r\u00e9guli\u00e8rement. En effet, la radio est un service publique, et nous vivons dans un monde o\u00f9 les services publiques, comme je l\u2019\u00e9voquais juste avant concernant le syst\u00e8me de Sant\u00e9, sont en voie de disparition et r\u00e9duit \u00e0 peau de chagrin. Et force est de constater que les choses ne vont pas en s\u2019arrangeant. Les recrutements sont gel\u00e9s, souvent les d\u00e9parts \u00e0 la retraite ne sont pas remplac\u00e9s, les salaires rarement augment\u00e9s et les moyens techniques et les locaux souvent v\u00e9tustes\u2026 je suis pour ma part persuad\u00e9e qu\u2019il s\u2019agit d\u2019un choix id\u00e9ologique, car c\u2019est toujours sur les services publiques que l\u2019on choisit de faire des \u00e9conomies\u2026 mais l\u00e0 je rentre dans un d\u00e9bat que je ne suis pas s\u00fbre de pouvoir avoir dans cette rubrique. En tout cas, je ne pense pas que RRI disparaitra de si t\u00f4t si c\u2019est l\u00e0 votre inqui\u00e9tude. Mais je reste n\u00e9anmoins convaincue que notre situation ne va pas aller en s\u2019arrangeant\u00a0!<\/p>\n<p>&nbsp;<\/p>\n<p>Un tout grand merci \u00e0 Hitoshi Sugio, du Japon qui nous a fait parvenir son rapport d\u2019\u00e9coute d\u00e9taill\u00e9 et qui nous \u00e9crit \u00ab\u00a0<em>J&rsquo;ai \u00e9cout\u00e9 votre \u00e9mission depuis le Japon. Le signal \u00e9tait faible, mais j&rsquo;ai pu entendre le programme pendant la diffusion gr\u00e2ce \u00e0 l&rsquo;absence d&rsquo;interf\u00e9rences. Je regrette qu&rsquo;il n&rsquo;y ait pas eu de musique.<\/em>\u00a0\u00bb Je suis surprise que vous n\u2019ayez pas entendu de musique dans notre \u00e9mission car nous diffusons syst\u00e9matiquement un quart d\u2019heure de musique traditionnelle roumaine sur les \u00e9missions longues. Peut-\u00eatre y a-t-il eu un probl\u00e8me technique\u00a0? En tout cas merci pour ce retour en esp\u00e9rant que cela ne se reproduise plus et que vous puissiez vous aussi profiter de la musique roumaine traditionnelle la prochaine fois\u00a0!<\/p>\n<p>Enfin on termine en beaut\u00e9 avec notre cher Paul Jamet de France que je remercie aussi chaleureusement pour son article du monde sur les travailleurs roumains de Bretagne\u00a0! Votre remarque de fin m\u2019a bien fait sourire \u00ab\u00a0Puisqu\u2019il s\u2019agit de Bretagne, j\u2019imagine que Charlotte va s\u2019emparer du sujet\u00a0!\u00a0\u00bb. Merci pour ce petit clin d\u2019\u0153il et surtout merci pour cet article, en effet le sujet est int\u00e9ressant et m\u00e9rite que l\u2019on se penche sur la question\u00a0! je vais voir ce que je peux faire. En tout cas comme toujours un grand merci et surtout n\u2019h\u00e9sitez pas \u00e0 continuer \u00e0 partager toutes ces informations avec nous\u00a0!<\/p>\n<p>&nbsp;<\/p>\n<p>Chers auditeurs et auditrices, ainsi s\u2019ach\u00e8ve cette rubrique, un grand merci \u00e0 tous pour vos participations et surtout \u00e0 tr\u00e8s bient\u00f4t pour de nouvelles aventures radiophoniques\u00a0!<\/p>\n","protected":false},"excerpt":{"rendered":"<p>Bonjour \u00e0 tous et \u00e0 toutes qui nous \u00e9coutez o\u00f9 que vous soyez. Je suis tr\u00e8s heureuse de vous retrouver pour une nouvelle \u00e9dition de notre courrier des auditeurs. Et cette fois, je reviens tout juste d\u2019un tr\u00e8s beau week-end pass\u00e9 en Transylvanie, \u00e0 l\u2019occasion d\u2019un mariage. Mais pas n\u2019importe o\u00f9 : dans le minuscule [&hellip;]<\/p>\n","protected":false},"author":194,"featured_media":169745,"comment_status":"closed","ping_status":"closed","sticky":false,"template":"","format":"standard","meta":{"_acf_changed":false,"footnotes":""},"categories":[144406],"tags":[],"coauthors":[116468],"class_list":["post-1056215","post","type-post","status-publish","format-standard","has-post-thumbnail","hentry","category-le-courrier-des-auditeurs"],"acf":[],"yoast_head":"<!-- This site is optimized with the Yoast SEO plugin v28.2 - https:\/\/yoast.com\/product\/yoast-seo-wordpress\/ -->\n<title>Le courrier des auditeurs du 03.09.2026 - Radio Roumanie Internationale<\/title>\n<meta name=\"robots\" content=\"index, follow, max-snippet:-1, max-image-preview:large, max-video-preview:-1\" \/>\n<link rel=\"canonical\" href=\"https:\/\/www.rri.ro\/fr\/le-coin-des-auditeurs\/le-courrier-des-auditeurs\/le-courrier-des-auditeurs-du-03-09-2026-id1056215.html\" \/>\n<meta property=\"og:locale\" content=\"fr_FR\" \/>\n<meta property=\"og:type\" content=\"article\" \/>\n<meta property=\"og:title\" content=\"Le courrier des auditeurs du 03.09.2026 - Radio Roumanie Internationale\" \/>\n<meta property=\"og:description\" content=\"Bonjour \u00e0 tous et \u00e0 toutes qui nous \u00e9coutez o\u00f9 que vous soyez. Je suis tr\u00e8s heureuse de vous retrouver pour une nouvelle \u00e9dition de notre courrier des auditeurs. Et cette fois, je reviens tout juste d\u2019un tr\u00e8s beau week-end pass\u00e9 en Transylvanie, \u00e0 l\u2019occasion d\u2019un mariage. Mais pas n\u2019importe o\u00f9 : dans le minuscule [&hellip;]\" \/>\n<meta property=\"og:url\" content=\"https:\/\/www.rri.ro\/fr\/le-coin-des-auditeurs\/le-courrier-des-auditeurs\/le-courrier-des-auditeurs-du-03-09-2026-id1056215.html\" \/>\n<meta property=\"og:site_name\" content=\"Radio Roumanie Internationale\" \/>\n<meta property=\"article:published_time\" content=\"2026-09-04T08:01:25+00:00\" \/>\n<meta property=\"og:image\" content=\"https:\/\/www.rri.ro\/wp-content\/uploads\/2023\/10\/carti-postale-vechi-sursa-pixabay-com.jpg\" \/>\n\t<meta property=\"og:image:width\" content=\"640\" \/>\n\t<meta property=\"og:image:height\" content=\"426\" \/>\n\t<meta property=\"og:image:type\" content=\"image\/jpeg\" \/>\n<meta name=\"author\" content=\"Fromenteaud Charlotte\" \/>\n<meta name=\"twitter:card\" content=\"summary_large_image\" \/>\n<meta name=\"twitter:label1\" content=\"\u00c9crit par\" \/>\n\t<meta name=\"twitter:data1\" content=\"Fromenteaud Charlotte\" \/>\n\t<meta name=\"twitter:label2\" content=\"Dur\u00e9e de lecture estim\u00e9e\" \/>\n\t<meta name=\"twitter:data2\" content=\"9 minutes\" \/>\n\t<meta name=\"twitter:label3\" content=\"Written by\" \/>\n\t<meta name=\"twitter:data3\" content=\"Fromenteaud Charlotte\" \/>\n<script type=\"application\/ld+json\" class=\"yoast-schema-graph\">{\"@context\":\"https:\\\/\\\/schema.org\",\"@graph\":[{\"@type\":\"Article\",\"@id\":\"https:\\\/\\\/www.rri.ro\\\/fr\\\/le-coin-des-auditeurs\\\/le-courrier-des-auditeurs\\\/le-courrier-des-auditeurs-du-03-09-2026-id1056215.html#article\",\"isPartOf\":{\"@id\":\"https:\\\/\\\/www.rri.ro\\\/fr\\\/le-coin-des-auditeurs\\\/le-courrier-des-auditeurs\\\/le-courrier-des-auditeurs-du-03-09-2026-id1056215.html\"},\"author\":{\"name\":\"Fromenteaud Charlotte\",\"@id\":\"https:\\\/\\\/www.rri.ro\\\/#\\\/schema\\\/person\\\/a15054ec85697dcf62565b8ad3fdd6b1\"},\"headline\":\"Le courrier des auditeurs du 03.09.2026\",\"datePublished\":\"2026-09-04T08:01:25+00:00\",\"mainEntityOfPage\":{\"@id\":\"https:\\\/\\\/www.rri.ro\\\/fr\\\/le-coin-des-auditeurs\\\/le-courrier-des-auditeurs\\\/le-courrier-des-auditeurs-du-03-09-2026-id1056215.html\"},\"wordCount\":1780,\"image\":{\"@id\":\"https:\\\/\\\/www.rri.ro\\\/fr\\\/le-coin-des-auditeurs\\\/le-courrier-des-auditeurs\\\/le-courrier-des-auditeurs-du-03-09-2026-id1056215.html#primaryimage\"},\"thumbnailUrl\":\"https:\\\/\\\/www.rri.ro\\\/wp-content\\\/uploads\\\/2023\\\/10\\\/carti-postale-vechi-sursa-pixabay-com.jpg\",\"articleSection\":[\"Le Courrier des auditeurs\"],\"inLanguage\":\"fr-FR\"},{\"@type\":\"WebPage\",\"@id\":\"https:\\\/\\\/www.rri.ro\\\/fr\\\/le-coin-des-auditeurs\\\/le-courrier-des-auditeurs\\\/le-courrier-des-auditeurs-du-03-09-2026-id1056215.html\",\"url\":\"https:\\\/\\\/www.rri.ro\\\/fr\\\/le-coin-des-auditeurs\\\/le-courrier-des-auditeurs\\\/le-courrier-des-auditeurs-du-03-09-2026-id1056215.html\",\"name\":\"Le courrier des auditeurs du 03.09.2026 - Radio Roumanie Internationale\",\"isPartOf\":{\"@id\":\"https:\\\/\\\/www.rri.ro\\\/#website\"},\"primaryImageOfPage\":{\"@id\":\"https:\\\/\\\/www.rri.ro\\\/fr\\\/le-coin-des-auditeurs\\\/le-courrier-des-auditeurs\\\/le-courrier-des-auditeurs-du-03-09-2026-id1056215.html#primaryimage\"},\"image\":{\"@id\":\"https:\\\/\\\/www.rri.ro\\\/fr\\\/le-coin-des-auditeurs\\\/le-courrier-des-auditeurs\\\/le-courrier-des-auditeurs-du-03-09-2026-id1056215.html#primaryimage\"},\"thumbnailUrl\":\"https:\\\/\\\/www.rri.ro\\\/wp-content\\\/uploads\\\/2023\\\/10\\\/carti-postale-vechi-sursa-pixabay-com.jpg\",\"datePublished\":\"2026-09-04T08:01:25+00:00\",\"author\":{\"@id\":\"https:\\\/\\\/www.rri.ro\\\/#\\\/schema\\\/person\\\/a15054ec85697dcf62565b8ad3fdd6b1\"},\"breadcrumb\":{\"@id\":\"https:\\\/\\\/www.rri.ro\\\/fr\\\/le-coin-des-auditeurs\\\/le-courrier-des-auditeurs\\\/le-courrier-des-auditeurs-du-03-09-2026-id1056215.html#breadcrumb\"},\"inLanguage\":\"fr-FR\",\"potentialAction\":[{\"@type\":\"ReadAction\",\"target\":[\"https:\\\/\\\/www.rri.ro\\\/fr\\\/le-coin-des-auditeurs\\\/le-courrier-des-auditeurs\\\/le-courrier-des-auditeurs-du-03-09-2026-id1056215.html\"]}]},{\"@type\":\"ImageObject\",\"inLanguage\":\"fr-FR\",\"@id\":\"https:\\\/\\\/www.rri.ro\\\/fr\\\/le-coin-des-auditeurs\\\/le-courrier-des-auditeurs\\\/le-courrier-des-auditeurs-du-03-09-2026-id1056215.html#primaryimage\",\"url\":\"https:\\\/\\\/www.rri.ro\\\/wp-content\\\/uploads\\\/2023\\\/10\\\/carti-postale-vechi-sursa-pixabay-com.jpg\",\"contentUrl\":\"https:\\\/\\\/www.rri.ro\\\/wp-content\\\/uploads\\\/2023\\\/10\\\/carti-postale-vechi-sursa-pixabay-com.jpg\",\"width\":640,\"height\":426},{\"@type\":\"BreadcrumbList\",\"@id\":\"https:\\\/\\\/www.rri.ro\\\/fr\\\/le-coin-des-auditeurs\\\/le-courrier-des-auditeurs\\\/le-courrier-des-auditeurs-du-03-09-2026-id1056215.html#breadcrumb\",\"itemListElement\":[{\"@type\":\"ListItem\",\"position\":1,\"name\":\"Page d'accueil\",\"item\":\"https:\\\/\\\/www.rri.ro\\\/fr\"},{\"@type\":\"ListItem\",\"position\":2,\"name\":\"Le coin des auditeurs\",\"item\":\"https:\\\/\\\/www.rri.ro\\\/fr\\\/le-coin-des-auditeurs\"},{\"@type\":\"ListItem\",\"position\":3,\"name\":\"Le Courrier des auditeurs\",\"item\":\"https:\\\/\\\/www.rri.ro\\\/fr\\\/le-coin-des-auditeurs\\\/le-courrier-des-auditeurs\"},{\"@type\":\"ListItem\",\"position\":4,\"name\":\"Le courrier des auditeurs du 03.09.2026\"}]},{\"@type\":\"WebSite\",\"@id\":\"https:\\\/\\\/www.rri.ro\\\/#website\",\"url\":\"https:\\\/\\\/www.rri.ro\\\/\",\"name\":\"Radio Roumanie Internationale\",\"description\":\"Totul despre Rom\u00e2nia \u015fi rom\u00e2ni, \u00een 13 limbi\\\/dialecte!\",\"inLanguage\":\"fr-FR\"},{\"@type\":\"Person\",\"@id\":\"https:\\\/\\\/www.rri.ro\\\/#\\\/schema\\\/person\\\/a15054ec85697dcf62565b8ad3fdd6b1\",\"name\":\"Fromenteaud Charlotte\",\"url\":\"https:\\\/\\\/www.rri.ro\\\/fr\\\/author\\\/charlotte-fromenteaud\"}]}<\/script>\n<!-- \/ Yoast SEO plugin. -->","yoast_head_json":{"title":"Le courrier des auditeurs du 03.09.2026 - Radio Roumanie Internationale","robots":{"index":"index","follow":"follow","max-snippet":"max-snippet:-1","max-image-preview":"max-image-preview:large","max-video-preview":"max-video-preview:-1"},"canonical":"https:\/\/www.rri.ro\/fr\/le-coin-des-auditeurs\/le-courrier-des-auditeurs\/le-courrier-des-auditeurs-du-03-09-2026-id1056215.html","og_locale":"fr_FR","og_type":"article","og_title":"Le courrier des auditeurs du 03.09.2026 - Radio Roumanie Internationale","og_description":"Bonjour \u00e0 tous et \u00e0 toutes qui nous \u00e9coutez o\u00f9 que vous soyez. Je suis tr\u00e8s heureuse de vous retrouver pour une nouvelle \u00e9dition de notre courrier des auditeurs. Et cette fois, je reviens tout juste d\u2019un tr\u00e8s beau week-end pass\u00e9 en Transylvanie, \u00e0 l\u2019occasion d\u2019un mariage. Mais pas n\u2019importe o\u00f9 : dans le minuscule [&hellip;]","og_url":"https:\/\/www.rri.ro\/fr\/le-coin-des-auditeurs\/le-courrier-des-auditeurs\/le-courrier-des-auditeurs-du-03-09-2026-id1056215.html","og_site_name":"Radio Roumanie Internationale","article_published_time":"2026-09-04T08:01:25+00:00","og_image":[{"width":640,"height":426,"url":"https:\/\/www.rri.ro\/wp-content\/uploads\/2023\/10\/carti-postale-vechi-sursa-pixabay-com.jpg","type":"image\/jpeg"}],"author":"Fromenteaud Charlotte","twitter_card":"summary_large_image","twitter_misc":{"\u00c9crit par":"Fromenteaud Charlotte","Dur\u00e9e de lecture estim\u00e9e":"9 minutes","Written by":"Fromenteaud Charlotte"},"schema":{"@context":"https:\/\/schema.org","@graph":[{"@type":"Article","@id":"https:\/\/www.rri.ro\/fr\/le-coin-des-auditeurs\/le-courrier-des-auditeurs\/le-courrier-des-auditeurs-du-03-09-2026-id1056215.html#article","isPartOf":{"@id":"https:\/\/www.rri.ro\/fr\/le-coin-des-auditeurs\/le-courrier-des-auditeurs\/le-courrier-des-auditeurs-du-03-09-2026-id1056215.html"},"author":{"name":"Fromenteaud Charlotte","@id":"https:\/\/www.rri.ro\/#\/schema\/person\/a15054ec85697dcf62565b8ad3fdd6b1"},"headline":"Le courrier des auditeurs du 03.09.2026","datePublished":"2026-09-04T08:01:25+00:00","mainEntityOfPage":{"@id":"https:\/\/www.rri.ro\/fr\/le-coin-des-auditeurs\/le-courrier-des-auditeurs\/le-courrier-des-auditeurs-du-03-09-2026-id1056215.html"},"wordCount":1780,"image":{"@id":"https:\/\/www.rri.ro\/fr\/le-coin-des-auditeurs\/le-courrier-des-auditeurs\/le-courrier-des-auditeurs-du-03-09-2026-id1056215.html#primaryimage"},"thumbnailUrl":"https:\/\/www.rri.ro\/wp-content\/uploads\/2023\/10\/carti-postale-vechi-sursa-pixabay-com.jpg","articleSection":["Le Courrier des auditeurs"],"inLanguage":"fr-FR"},{"@type":"WebPage","@id":"https:\/\/www.rri.ro\/fr\/le-coin-des-auditeurs\/le-courrier-des-auditeurs\/le-courrier-des-auditeurs-du-03-09-2026-id1056215.html","url":"https:\/\/www.rri.ro\/fr\/le-coin-des-auditeurs\/le-courrier-des-auditeurs\/le-courrier-des-auditeurs-du-03-09-2026-id1056215.html","name":"Le courrier des auditeurs du 03.09.2026 - Radio Roumanie Internationale","isPartOf":{"@id":"https:\/\/www.rri.ro\/#website"},"primaryImageOfPage":{"@id":"https:\/\/www.rri.ro\/fr\/le-coin-des-auditeurs\/le-courrier-des-auditeurs\/le-courrier-des-auditeurs-du-03-09-2026-id1056215.html#primaryimage"},"image":{"@id":"https:\/\/www.rri.ro\/fr\/le-coin-des-auditeurs\/le-courrier-des-auditeurs\/le-courrier-des-auditeurs-du-03-09-2026-id1056215.html#primaryimage"},"thumbnailUrl":"https:\/\/www.rri.ro\/wp-content\/uploads\/2023\/10\/carti-postale-vechi-sursa-pixabay-com.jpg","datePublished":"2026-09-04T08:01:25+00:00","author":{"@id":"https:\/\/www.rri.ro\/#\/schema\/person\/a15054ec85697dcf62565b8ad3fdd6b1"},"breadcrumb":{"@id":"https:\/\/www.rri.ro\/fr\/le-coin-des-auditeurs\/le-courrier-des-auditeurs\/le-courrier-des-auditeurs-du-03-09-2026-id1056215.html#breadcrumb"},"inLanguage":"fr-FR","potentialAction":[{"@type":"ReadAction","target":["https:\/\/www.rri.ro\/fr\/le-coin-des-auditeurs\/le-courrier-des-auditeurs\/le-courrier-des-auditeurs-du-03-09-2026-id1056215.html"]}]},{"@type":"ImageObject","inLanguage":"fr-FR","@id":"https:\/\/www.rri.ro\/fr\/le-coin-des-auditeurs\/le-courrier-des-auditeurs\/le-courrier-des-auditeurs-du-03-09-2026-id1056215.html#primaryimage","url":"https:\/\/www.rri.ro\/wp-content\/uploads\/2023\/10\/carti-postale-vechi-sursa-pixabay-com.jpg","contentUrl":"https:\/\/www.rri.ro\/wp-content\/uploads\/2023\/10\/carti-postale-vechi-sursa-pixabay-com.jpg","width":640,"height":426},{"@type":"BreadcrumbList","@id":"https:\/\/www.rri.ro\/fr\/le-coin-des-auditeurs\/le-courrier-des-auditeurs\/le-courrier-des-auditeurs-du-03-09-2026-id1056215.html#breadcrumb","itemListElement":[{"@type":"ListItem","position":1,"name":"Page d'accueil","item":"https:\/\/www.rri.ro\/fr"},{"@type":"ListItem","position":2,"name":"Le coin des auditeurs","item":"https:\/\/www.rri.ro\/fr\/le-coin-des-auditeurs"},{"@type":"ListItem","position":3,"name":"Le Courrier des auditeurs","item":"https:\/\/www.rri.ro\/fr\/le-coin-des-auditeurs\/le-courrier-des-auditeurs"},{"@type":"ListItem","position":4,"name":"Le courrier des auditeurs du 03.09.2026"}]},{"@type":"WebSite","@id":"https:\/\/www.rri.ro\/#website","url":"https:\/\/www.rri.ro\/","name":"Radio Roumanie Internationale","description":"Totul despre Rom\u00e2nia \u015fi rom\u00e2ni, \u00een 13 limbi\/dialecte!","inLanguage":"fr-FR"},{"@type":"Person","@id":"https:\/\/www.rri.ro\/#\/schema\/person\/a15054ec85697dcf62565b8ad3fdd6b1","name":"Fromenteaud Charlotte","url":"https:\/\/www.rri.ro\/fr\/author\/charlotte-fromenteaud"}]}},"_links":{"self":[{"href":"https:\/\/www.rri.ro\/fr\/wp-json\/wp\/v2\/posts\/1056215","targetHints":{"allow":["GET"]}}],"collection":[{"href":"https:\/\/www.rri.ro\/fr\/wp-json\/wp\/v2\/posts"}],"about":[{"href":"https:\/\/www.rri.ro\/fr\/wp-json\/wp\/v2\/types\/post"}],"author":[{"embeddable":true,"href":"https:\/\/www.rri.ro\/fr\/wp-json\/wp\/v2\/users\/194"}],"replies":[{"embeddable":true,"href":"https:\/\/www.rri.ro\/fr\/wp-json\/wp\/v2\/comments?post=1056215"}],"version-history":[{"count":1,"href":"https:\/\/www.rri.ro\/fr\/wp-json\/wp\/v2\/posts\/1056215\/revisions"}],"predecessor-version":[{"id":1056217,"href":"https:\/\/www.rri.ro\/fr\/wp-json\/wp\/v2\/posts\/1056215\/revisions\/1056217"}],"wp:featuredmedia":[{"embeddable":true,"href":"https:\/\/www.rri.ro\/fr\/wp-json\/wp\/v2\/media\/169745"}],"wp:attachment":[{"href":"https:\/\/www.rri.ro\/fr\/wp-json\/wp\/v2\/media?parent=1056215"}],"wp:term":[{"taxonomy":"category","embeddable":true,"href":"https:\/\/www.rri.ro\/fr\/wp-json\/wp\/v2\/categories?post=1056215"},{"taxonomy":"post_tag","embeddable":true,"href":"https:\/\/www.rri.ro\/fr\/wp-json\/wp\/v2\/tags?post=1056215"},{"taxonomy":"author","embeddable":true,"href":"https:\/\/www.rri.ro\/fr\/wp-json\/wp\/v2\/coauthors?post=1056215"}],"curies":[{"name":"wp","href":"https:\/\/api.w.org\/{rel}","templated":true}]}}