{"id":1056249,"date":"2026-09-03T14:30:24","date_gmt":"2026-09-03T11:30:24","guid":{"rendered":"https:\/\/www.rri.ro\/?p=1056249"},"modified":"2026-09-03T14:30:24","modified_gmt":"2026-09-03T11:30:24","slug":"ecoutez-lemission-du-03-09-2026","status":"publish","type":"post","link":"https:\/\/www.rri.ro\/fr\/ecoutez-rri\/lemission-du-jour\/ecoutez-lemission-du-03-09-2026-id1056249.html","title":{"rendered":"Ecoutez l&rsquo;\u00e9mission du 03.09.2026"},"content":{"rendered":"<p>Aujourd&rsquo;hui sur les ondes de RRI on revient sur l&rsquo;actualit\u00e9, avec un dossier consacr\u00e9 \u00e0 la r\u00e9ponse de l&rsquo;UE et de l&rsquo;OTAN face aux attaques hyrbides de la Russie. Puis on parle f\u00e9minisme et cin\u00e9ma avec le Bucharest Feminist Film Festival qui aura prochainement lieu \u00e0 Bucarest. Enfin Ioana vous fait d\u00e9couvrir le nouveau coup de coeur du libraire, sans oublier votre rubrique musicale pr\u00e9f\u00e9r\u00e9e. Bonne \u00e9coute !<\/p>\n<p>&nbsp;<\/p>\n<div style=\"width: 100%; max-width: 960px; margin: 0 auto;\"><iframe style=\"display: block; width: 100%; height: 160px; border: 0;\" title=\"Ecoutez l'\u00e9mission du 03.09.2026\" src=\"https:\/\/mediahub.srr.ro\/e\/EZjX4hkLxC\"><br \/>\n<\/iframe><\/div>\n<p>&nbsp;<\/p>\n","protected":false},"excerpt":{"rendered":"<p>Aujourd&rsquo;hui sur les ondes de RRI on revient sur l&rsquo;actualit\u00e9, avec un dossier consacr\u00e9 \u00e0 la r\u00e9ponse de l&rsquo;UE et de l&rsquo;OTAN face aux attaques hyrbides de la Russie. Puis on parle f\u00e9minisme et cin\u00e9ma avec le Bucharest Feminist Film Festival qui aura prochainement lieu \u00e0 Bucarest. Enfin Ioana vous fait d\u00e9couvrir le nouveau coup [&hellip;]<\/p>\n","protected":false},"author":204,"featured_media":935947,"comment_status":"closed","ping_status":"closed","sticky":false,"template":"","format":"audio","meta":{"_acf_changed":false,"footnotes":""},"categories":[132195],"tags":[],"coauthors":[116693],"class_list":["post-1056249","post","type-post","status-publish","format-audio","has-post-thumbnail","hentry","category-lemission-du-jour","post_format-post-format-audio"],"acf":[],"yoast_head":"<!-- This site is optimized with the Yoast SEO plugin v28.2 - https:\/\/yoast.com\/product\/yoast-seo-wordpress\/ -->\n<title>Ecoutez l&#039;\u00e9mission du 03.09.2026 - Radio Roumanie Internationale<\/title>\n<meta name=\"robots\" content=\"index, follow, max-snippet:-1, max-image-preview:large, max-video-preview:-1\" \/>\n<link rel=\"canonical\" href=\"https:\/\/www.rri.ro\/fr\/ecoutez-rri\/lemission-du-jour\/ecoutez-lemission-du-03-09-2026-id1056249.html\" \/>\n<meta property=\"og:locale\" content=\"fr_FR\" \/>\n<meta property=\"og:type\" content=\"article\" \/>\n<meta property=\"og:title\" content=\"Ecoutez l&#039;\u00e9mission du 03.09.2026 - Radio Roumanie Internationale\" \/>\n<meta property=\"og:description\" content=\"Aujourd&rsquo;hui sur les ondes de RRI on revient sur l&rsquo;actualit\u00e9, avec un dossier consacr\u00e9 \u00e0 la r\u00e9ponse de l&rsquo;UE et de l&rsquo;OTAN face aux attaques hyrbides de la Russie. Puis on parle f\u00e9minisme et cin\u00e9ma avec le Bucharest Feminist Film Festival qui aura prochainement lieu \u00e0 Bucarest. Enfin Ioana vous fait d\u00e9couvrir le nouveau coup [&hellip;]\" \/>\n<meta property=\"og:url\" content=\"https:\/\/www.rri.ro\/fr\/ecoutez-rri\/lemission-du-jour\/ecoutez-lemission-du-03-09-2026-id1056249.html\" \/>\n<meta property=\"og:site_name\" content=\"Radio Roumanie Internationale\" \/>\n<meta property=\"article:published_time\" content=\"2026-09-03T11:30:24+00:00\" \/>\n<meta property=\"og:image\" content=\"https:\/\/www.rri.ro\/wp-content\/uploads\/2025\/10\/microfon-rri-dimensiune-mare_16x9-OK.jpg\" \/>\n\t<meta property=\"og:image:width\" content=\"1200\" \/>\n\t<meta property=\"og:image:height\" content=\"675\" \/>\n\t<meta property=\"og:image:type\" content=\"image\/jpeg\" \/>\n<meta name=\"author\" content=\"Radio Rom\u00e2nia Interna\u021bional\" \/>\n<meta name=\"twitter:card\" content=\"summary_large_image\" \/>\n<meta name=\"twitter:label1\" content=\"\u00c9crit par\" \/>\n\t<meta name=\"twitter:data1\" content=\"Radio Rom\u00e2nia Interna\u021bional\" \/>\n\t<meta name=\"twitter:label2\" content=\"Written by\" \/>\n\t<meta name=\"twitter:data2\" content=\"Radio Rom\u00e2nia Interna\u021bional\" \/>\n<script type=\"application\/ld+json\" class=\"yoast-schema-graph\">{\"@context\":\"https:\\\/\\\/schema.org\",\"@graph\":[{\"@type\":\"Article\",\"@id\":\"https:\\\/\\\/www.rri.ro\\\/fr\\\/ecoutez-rri\\\/lemission-du-jour\\\/ecoutez-lemission-du-03-09-2026-id1056249.html#article\",\"isPartOf\":{\"@id\":\"https:\\\/\\\/www.rri.ro\\\/fr\\\/ecoutez-rri\\\/lemission-du-jour\\\/ecoutez-lemission-du-03-09-2026-id1056249.html\"},\"author\":{\"name\":\"Radio Rom\u00e2nia Interna\u021bional\",\"@id\":\"https:\\\/\\\/www.rri.ro\\\/#\\\/schema\\\/person\\\/b195bd7930c756fef3f8a96bc79e0437\"},\"headline\":\"Ecoutez l&rsquo;\u00e9mission du 03.09.2026\",\"datePublished\":\"2026-09-03T11:30:24+00:00\",\"mainEntityOfPage\":{\"@id\":\"https:\\\/\\\/www.rri.ro\\\/fr\\\/ecoutez-rri\\\/lemission-du-jour\\\/ecoutez-lemission-du-03-09-2026-id1056249.html\"},\"wordCount\":82,\"image\":{\"@id\":\"https:\\\/\\\/www.rri.ro\\\/fr\\\/ecoutez-rri\\\/lemission-du-jour\\\/ecoutez-lemission-du-03-09-2026-id1056249.html#primaryimage\"},\"thumbnailUrl\":\"https:\\\/\\\/www.rri.ro\\\/wp-content\\\/uploads\\\/2025\\\/10\\\/microfon-rri-dimensiune-mare_16x9-OK.jpg\",\"articleSection\":[\"L'\u00e9mission du jour\"],\"inLanguage\":\"fr-FR\"},{\"@type\":\"WebPage\",\"@id\":\"https:\\\/\\\/www.rri.ro\\\/fr\\\/ecoutez-rri\\\/lemission-du-jour\\\/ecoutez-lemission-du-03-09-2026-id1056249.html\",\"url\":\"https:\\\/\\\/www.rri.ro\\\/fr\\\/ecoutez-rri\\\/lemission-du-jour\\\/ecoutez-lemission-du-03-09-2026-id1056249.html\",\"name\":\"Ecoutez l'\u00e9mission du 03.09.2026 - Radio Roumanie Internationale\",\"isPartOf\":{\"@id\":\"https:\\\/\\\/www.rri.ro\\\/#website\"},\"primaryImageOfPage\":{\"@id\":\"https:\\\/\\\/www.rri.ro\\\/fr\\\/ecoutez-rri\\\/lemission-du-jour\\\/ecoutez-lemission-du-03-09-2026-id1056249.html#primaryimage\"},\"image\":{\"@id\":\"https:\\\/\\\/www.rri.ro\\\/fr\\\/ecoutez-rri\\\/lemission-du-jour\\\/ecoutez-lemission-du-03-09-2026-id1056249.html#primaryimage\"},\"thumbnailUrl\":\"https:\\\/\\\/www.rri.ro\\\/wp-content\\\/uploads\\\/2025\\\/10\\\/microfon-rri-dimensiune-mare_16x9-OK.jpg\",\"datePublished\":\"2026-09-03T11:30:24+00:00\",\"author\":{\"@id\":\"https:\\\/\\\/www.rri.ro\\\/#\\\/schema\\\/person\\\/b195bd7930c756fef3f8a96bc79e0437\"},\"breadcrumb\":{\"@id\":\"https:\\\/\\\/www.rri.ro\\\/fr\\\/ecoutez-rri\\\/lemission-du-jour\\\/ecoutez-lemission-du-03-09-2026-id1056249.html#breadcrumb\"},\"inLanguage\":\"fr-FR\",\"potentialAction\":[{\"@type\":\"ReadAction\",\"target\":[\"https:\\\/\\\/www.rri.ro\\\/fr\\\/ecoutez-rri\\\/lemission-du-jour\\\/ecoutez-lemission-du-03-09-2026-id1056249.html\"]}]},{\"@type\":\"ImageObject\",\"inLanguage\":\"fr-FR\",\"@id\":\"https:\\\/\\\/www.rri.ro\\\/fr\\\/ecoutez-rri\\\/lemission-du-jour\\\/ecoutez-lemission-du-03-09-2026-id1056249.html#primaryimage\",\"url\":\"https:\\\/\\\/www.rri.ro\\\/wp-content\\\/uploads\\\/2025\\\/10\\\/microfon-rri-dimensiune-mare_16x9-OK.jpg\",\"contentUrl\":\"https:\\\/\\\/www.rri.ro\\\/wp-content\\\/uploads\\\/2025\\\/10\\\/microfon-rri-dimensiune-mare_16x9-OK.jpg\",\"width\":1200,\"height\":675,\"caption\":\"\u201eZiua Ascult\u0103torului\u201d\"},{\"@type\":\"BreadcrumbList\",\"@id\":\"https:\\\/\\\/www.rri.ro\\\/fr\\\/ecoutez-rri\\\/lemission-du-jour\\\/ecoutez-lemission-du-03-09-2026-id1056249.html#breadcrumb\",\"itemListElement\":[{\"@type\":\"ListItem\",\"position\":1,\"name\":\"Page d'accueil\",\"item\":\"https:\\\/\\\/www.rri.ro\\\/fr\"},{\"@type\":\"ListItem\",\"position\":2,\"name\":\"Ecoutez RRI\",\"item\":\"https:\\\/\\\/www.rri.ro\\\/fr\\\/ecoutez-rri\"},{\"@type\":\"ListItem\",\"position\":3,\"name\":\"L'\u00e9mission du jour\",\"item\":\"https:\\\/\\\/www.rri.ro\\\/fr\\\/ecoutez-rri\\\/lemission-du-jour\"},{\"@type\":\"ListItem\",\"position\":4,\"name\":\"Ecoutez l&#8217;\u00e9mission du 03.09.2026\"}]},{\"@type\":\"WebSite\",\"@id\":\"https:\\\/\\\/www.rri.ro\\\/#website\",\"url\":\"https:\\\/\\\/www.rri.ro\\\/\",\"name\":\"Radio Roumanie Internationale\",\"description\":\"Totul despre Rom\u00e2nia \u015fi rom\u00e2ni, \u00een 13 limbi\\\/dialecte!\",\"inLanguage\":\"fr-FR\"},{\"@type\":\"Person\",\"@id\":\"https:\\\/\\\/www.rri.ro\\\/#\\\/schema\\\/person\\\/b195bd7930c756fef3f8a96bc79e0437\",\"name\":\"Radio Rom\u00e2nia Interna\u021bional\",\"url\":\"https:\\\/\\\/www.rri.ro\\\/fr\\\/author\\\/rri\"}]}<\/script>\n<!-- \/ Yoast SEO plugin. -->","yoast_head_json":{"title":"Ecoutez l'\u00e9mission du 03.09.2026 - Radio Roumanie Internationale","robots":{"index":"index","follow":"follow","max-snippet":"max-snippet:-1","max-image-preview":"max-image-preview:large","max-video-preview":"max-video-preview:-1"},"canonical":"https:\/\/www.rri.ro\/fr\/ecoutez-rri\/lemission-du-jour\/ecoutez-lemission-du-03-09-2026-id1056249.html","og_locale":"fr_FR","og_type":"article","og_title":"Ecoutez l'\u00e9mission du 03.09.2026 - Radio Roumanie Internationale","og_description":"Aujourd&rsquo;hui sur les ondes de RRI on revient sur l&rsquo;actualit\u00e9, avec un dossier consacr\u00e9 \u00e0 la r\u00e9ponse de l&rsquo;UE et de l&rsquo;OTAN face aux attaques hyrbides de la Russie. Puis on parle f\u00e9minisme et cin\u00e9ma avec le Bucharest Feminist Film Festival qui aura prochainement lieu \u00e0 Bucarest. Enfin Ioana vous fait d\u00e9couvrir le nouveau coup [&hellip;]","og_url":"https:\/\/www.rri.ro\/fr\/ecoutez-rri\/lemission-du-jour\/ecoutez-lemission-du-03-09-2026-id1056249.html","og_site_name":"Radio Roumanie Internationale","article_published_time":"2026-09-03T11:30:24+00:00","og_image":[{"width":1200,"height":675,"url":"https:\/\/www.rri.ro\/wp-content\/uploads\/2025\/10\/microfon-rri-dimensiune-mare_16x9-OK.jpg","type":"image\/jpeg"}],"author":"Radio Rom\u00e2nia Interna\u021bional","twitter_card":"summary_large_image","twitter_misc":{"\u00c9crit par":"Radio Rom\u00e2nia Interna\u021bional","Written by":"Radio Rom\u00e2nia Interna\u021bional"},"schema":{"@context":"https:\/\/schema.org","@graph":[{"@type":"Article","@id":"https:\/\/www.rri.ro\/fr\/ecoutez-rri\/lemission-du-jour\/ecoutez-lemission-du-03-09-2026-id1056249.html#article","isPartOf":{"@id":"https:\/\/www.rri.ro\/fr\/ecoutez-rri\/lemission-du-jour\/ecoutez-lemission-du-03-09-2026-id1056249.html"},"author":{"name":"Radio Rom\u00e2nia Interna\u021bional","@id":"https:\/\/www.rri.ro\/#\/schema\/person\/b195bd7930c756fef3f8a96bc79e0437"},"headline":"Ecoutez l&rsquo;\u00e9mission du 03.09.2026","datePublished":"2026-09-03T11:30:24+00:00","mainEntityOfPage":{"@id":"https:\/\/www.rri.ro\/fr\/ecoutez-rri\/lemission-du-jour\/ecoutez-lemission-du-03-09-2026-id1056249.html"},"wordCount":82,"image":{"@id":"https:\/\/www.rri.ro\/fr\/ecoutez-rri\/lemission-du-jour\/ecoutez-lemission-du-03-09-2026-id1056249.html#primaryimage"},"thumbnailUrl":"https:\/\/www.rri.ro\/wp-content\/uploads\/2025\/10\/microfon-rri-dimensiune-mare_16x9-OK.jpg","articleSection":["L'\u00e9mission du jour"],"inLanguage":"fr-FR"},{"@type":"WebPage","@id":"https:\/\/www.rri.ro\/fr\/ecoutez-rri\/lemission-du-jour\/ecoutez-lemission-du-03-09-2026-id1056249.html","url":"https:\/\/www.rri.ro\/fr\/ecoutez-rri\/lemission-du-jour\/ecoutez-lemission-du-03-09-2026-id1056249.html","name":"Ecoutez l'\u00e9mission du 03.09.2026 - Radio Roumanie Internationale","isPartOf":{"@id":"https:\/\/www.rri.ro\/#website"},"primaryImageOfPage":{"@id":"https:\/\/www.rri.ro\/fr\/ecoutez-rri\/lemission-du-jour\/ecoutez-lemission-du-03-09-2026-id1056249.html#primaryimage"},"image":{"@id":"https:\/\/www.rri.ro\/fr\/ecoutez-rri\/lemission-du-jour\/ecoutez-lemission-du-03-09-2026-id1056249.html#primaryimage"},"thumbnailUrl":"https:\/\/www.rri.ro\/wp-content\/uploads\/2025\/10\/microfon-rri-dimensiune-mare_16x9-OK.jpg","datePublished":"2026-09-03T11:30:24+00:00","author":{"@id":"https:\/\/www.rri.ro\/#\/schema\/person\/b195bd7930c756fef3f8a96bc79e0437"},"breadcrumb":{"@id":"https:\/\/www.rri.ro\/fr\/ecoutez-rri\/lemission-du-jour\/ecoutez-lemission-du-03-09-2026-id1056249.html#breadcrumb"},"inLanguage":"fr-FR","potentialAction":[{"@type":"ReadAction","target":["https:\/\/www.rri.ro\/fr\/ecoutez-rri\/lemission-du-jour\/ecoutez-lemission-du-03-09-2026-id1056249.html"]}]},{"@type":"ImageObject","inLanguage":"fr-FR","@id":"https:\/\/www.rri.ro\/fr\/ecoutez-rri\/lemission-du-jour\/ecoutez-lemission-du-03-09-2026-id1056249.html#primaryimage","url":"https:\/\/www.rri.ro\/wp-content\/uploads\/2025\/10\/microfon-rri-dimensiune-mare_16x9-OK.jpg","contentUrl":"https:\/\/www.rri.ro\/wp-content\/uploads\/2025\/10\/microfon-rri-dimensiune-mare_16x9-OK.jpg","width":1200,"height":675,"caption":"\u201eZiua Ascult\u0103torului\u201d"},{"@type":"BreadcrumbList","@id":"https:\/\/www.rri.ro\/fr\/ecoutez-rri\/lemission-du-jour\/ecoutez-lemission-du-03-09-2026-id1056249.html#breadcrumb","itemListElement":[{"@type":"ListItem","position":1,"name":"Page d'accueil","item":"https:\/\/www.rri.ro\/fr"},{"@type":"ListItem","position":2,"name":"Ecoutez RRI","item":"https:\/\/www.rri.ro\/fr\/ecoutez-rri"},{"@type":"ListItem","position":3,"name":"L'\u00e9mission du jour","item":"https:\/\/www.rri.ro\/fr\/ecoutez-rri\/lemission-du-jour"},{"@type":"ListItem","position":4,"name":"Ecoutez l&#8217;\u00e9mission du 03.09.2026"}]},{"@type":"WebSite","@id":"https:\/\/www.rri.ro\/#website","url":"https:\/\/www.rri.ro\/","name":"Radio Roumanie Internationale","description":"Totul despre Rom\u00e2nia \u015fi rom\u00e2ni, \u00een 13 limbi\/dialecte!","inLanguage":"fr-FR"},{"@type":"Person","@id":"https:\/\/www.rri.ro\/#\/schema\/person\/b195bd7930c756fef3f8a96bc79e0437","name":"Radio Rom\u00e2nia Interna\u021bional","url":"https:\/\/www.rri.ro\/fr\/author\/rri"}]}},"_links":{"self":[{"href":"https:\/\/www.rri.ro\/fr\/wp-json\/wp\/v2\/posts\/1056249","targetHints":{"allow":["GET"]}}],"collection":[{"href":"https:\/\/www.rri.ro\/fr\/wp-json\/wp\/v2\/posts"}],"about":[{"href":"https:\/\/www.rri.ro\/fr\/wp-json\/wp\/v2\/types\/post"}],"author":[{"embeddable":true,"href":"https:\/\/www.rri.ro\/fr\/wp-json\/wp\/v2\/users\/204"}],"replies":[{"embeddable":true,"href":"https:\/\/www.rri.ro\/fr\/wp-json\/wp\/v2\/comments?post=1056249"}],"version-history":[{"count":1,"href":"https:\/\/www.rri.ro\/fr\/wp-json\/wp\/v2\/posts\/1056249\/revisions"}],"predecessor-version":[{"id":1056252,"href":"https:\/\/www.rri.ro\/fr\/wp-json\/wp\/v2\/posts\/1056249\/revisions\/1056252"}],"wp:featuredmedia":[{"embeddable":true,"href":"https:\/\/www.rri.ro\/fr\/wp-json\/wp\/v2\/media\/935947"}],"wp:attachment":[{"href":"https:\/\/www.rri.ro\/fr\/wp-json\/wp\/v2\/media?parent=1056249"}],"wp:term":[{"taxonomy":"category","embeddable":true,"href":"https:\/\/www.rri.ro\/fr\/wp-json\/wp\/v2\/categories?post=1056249"},{"taxonomy":"post_tag","embeddable":true,"href":"https:\/\/www.rri.ro\/fr\/wp-json\/wp\/v2\/tags?post=1056249"},{"taxonomy":"author","embeddable":true,"href":"https:\/\/www.rri.ro\/fr\/wp-json\/wp\/v2\/coauthors?post=1056249"}],"curies":[{"name":"wp","href":"https:\/\/api.w.org\/{rel}","templated":true}]}}