{"id":1056321,"date":"2026-09-03T20:01:17","date_gmt":"2026-09-03T17:01:17","guid":{"rendered":"https:\/\/www.rri.ro\/?p=1056321"},"modified":"2026-09-03T20:05:05","modified_gmt":"2026-09-03T17:05:05","slug":"03-09-2026-mise-a-jour-2","status":"publish","type":"post","link":"https:\/\/www.rri.ro\/fr\/actualites\/le-flash\/03-09-2026-mise-a-jour-2-id1056321.html","title":{"rendered":"03.09.2026 (mise \u00e0 jour 2)"},"content":{"rendered":"<p><strong>UE<\/strong> \u2013 La Roumanie souhaite voir un budget \u00ab\u00a0ambitieux \u00bb pour l\u2019UE, avec des sommes consistantes notamment pour la Coh\u00e9sion et l\u2019Agriculture, a d\u00e9clar\u00e9 le pr\u00e9sident roumain, Nicusor Dan, lors d\u2019une conf\u00e9rence de presse commune avec le pr\u00e9sident du Conseil Europ\u00e9en, Antonio Costa. Ce dernier a \u00e9t\u00e9 re\u00e7u ce jeudi \u00e0 Bucarest la le chef de l\u2019Etat roumain, dans le cadre d\u2019une visite consacr\u00e9e aux priorit\u00e9s et aux pr\u00e9occupations de la Roumanie. Le principal sujet \u00e0 l\u2019agenda des pourparlers a \u00e9t\u00e9 la n\u00e9gociation du futur budget de l\u2019UE pour la p\u00e9riode 2028-2034, a d\u00e9clar\u00e9 Nicusor Dan. Selon celui-ci, Bucarest plaide pour un budget \u00ab\u00a0ambitieux\u00bb qui permette \u00e0 la Roumanie de r\u00e9duire son d\u00e9calage par rapport aux autres Etats-membres. A son tour, Antonio Costa a d\u00e9clar\u00e9 que les r\u00e9centes violations de l\u2019espace a\u00e9rien roumain, ainsi que les incidents impliquant des drones marins \u00e9taient \u00ab\u00a0profond\u00e9ment inqui\u00e9tantes \u00bb et que par cons\u00e9quent, Bruxelles continuerait d\u2019appuyer la Roumanie, comprenant que la s\u00e9curit\u00e9 de la Roumanie comptait pour la s\u00e9curit\u00e9 de l\u2019Europe dans son ensemble. \u00ab\u00a0Nous devons rester unis dans nos d\u00e9marches pour une paix juste et durable en Ukraine \u00bb, a encore affirm\u00e9 le responsable europ\u00e9en. Enfin, il a remerci\u00e9 Bucarest pour \u00ab\u00a0le fort soutien accord\u00e9 par la Roumanie \u00e0 la R\u00e9publique de Moldova sur son parcours vers l\u2019int\u00e9gration au sein de l\u2019UE\u00a0\u00bb.\u00a0Apr\u00e8s Bucarest, M Costa se rendra ce jeudi m\u00eame en Bulgarie voisine et en Gr\u00e8ce, dans le cadre d\u2019une tourn\u00e9e des capitales europ\u00e9ennes. Jusqu\u2019ici il s\u2019est d\u00e9j\u00e0 rendu en Slovaquie, Estonie, Lettonie, Lituanie, R\u00e9publique tch\u00e8que, Hongrie, Croate et au Luxembourg.<\/p>\n<p>&nbsp;<\/p>\n<p><strong>CSM<\/strong> \u2013 Le pr\u00e9sident roumain Nicusor Dan s\u2019est exprim\u00e9 ce jeudi devant le Conseil Sup\u00e9rieur de la Magistrature. C\u2019est pour la premi\u00e8re fois qui pr\u00e9side un point \u00e0 l\u2019ordre du jour devant le pl\u00e9num de cette instance, \u00e0 savoir la nomination de procureurs \u00e0 la Section Sp\u00e9ciale qui m\u00e8ne des investigations concernant les magistrats. A l\u2019issue de sa visite, le pr\u00e9sident a d\u00e9clar\u00e9 pour la presse que la Section Sp\u00e9ciale \u00e9tait confront\u00e9e \u00e0 un d\u00e9ficit de procureurs. A son avis, il est important que ces postes soient occup\u00e9s, car les suspicions d\u2019infractions concernant les magistrats minaient la confiance faite par les citoyens \u00e0 l\u2019Etat roumain.<\/p>\n<p>&nbsp;<\/p>\n<p><strong>Moldova<\/strong> \u2013 La compagne du pr\u00e9sident roumain, Mirabela Gr\u0103dinaru, a particip\u00e9 ce jeudi dans la capitale moldave, Chi\u015fin\u0103u, \u00e0 la conf\u00e9rence internationale \u00ab\u00a0La s\u00e9curit\u00e9 en ligne et les facteurs d\u00e9terminants num\u00e9riques de la sant\u00e9 mentale et du bien-\u00eatre \u00e9motionnel des enfants et des adolescents\u00a0\u00bb. Les pourparlers ont vis\u00e9 aussi l\u2019id\u00e9e d\u2019interdire les t\u00e9l\u00e9phones portables dans les \u00e9coles et de responsabiliser les plateformes sociales en ligne. Les participants ont \u00e9galement pr\u00e9sent\u00e9 des donn\u00e9es concernant l\u2019Europe enti\u00e8re selon lesquelles les jeunes passent chaque jour entre 4 et 6 heures devant les \u00e9crans et presque 60 % des enfants ont d\u00e9j\u00e0 fait l&rsquo;exp\u00e9rience des probl\u00e8mes psychosociales dans le milieu en ligne. L\u2019\u00e9v\u00e9nement a accueilli aussi des repr\u00e9sentants de l\u2019Organisation Mondiale de la Sant\u00e9, de l\u2019UE, et de l\u2019UNICEF. A noter que Mme Mirabela Gr\u0103dinaru avait d\u00e9j\u00e0 pr\u00e9sid\u00e9 \u00e0 Bucarest plusieurs \u00e9v\u00e9nements sur des sujets importants pour la soci\u00e9t\u00e9, y compris la s\u00e9curit\u00e9 en ligne des jeunes.<\/p>\n<p>&nbsp;<\/p>\n<p><strong>Magistrats<\/strong> \u2013 La Haute Cour de cassation et de justice de Bucarest a report\u00e9 au 17 septembre sa d\u00e9cision d\u00e9finitive dans le litige, gagn\u00e9 en premi\u00e8re instance, qui l\u2019oppose au Gouvernement et au minist\u00e8re des Finances au sujet du paiement de rappels de salaire dus aux magistrats. Ces sommes correspondent \u00e0 des majorations accord\u00e9es r\u00e9troactivement par des d\u00e9cisions judiciaires ant\u00e9rieures. En premi\u00e8re instance, la Cour d\u2019appel de Bucarest avait donn\u00e9 raison, le 5 mai, \u00e0 la Haute Cour, en ordonnant \u00e0 l\u2019Ex\u00e9cutif et au minist\u00e8re des Finances de verser l\u2019int\u00e9gralit\u00e9 des droits salariaux restants, y compris via une rectification budg\u00e9taire. Le dossier se trouve d\u00e9sormais en recours. L\u2019enjeu financier en est consid\u00e9rable\u00a0: environ 5 milliards de lei, soit pr\u00e8s de 950 millions d\u2019euros.<\/p>\n<p>&nbsp;<\/p>\n<p>&nbsp;<\/p>\n<p><strong>M\u00e9t\u00e9o<\/strong> \u2013 Il continuera de faire chaud en Roumanie dans les prochaines 24 heures, principalement dans le sud du pays. Sur le reste du territoire, les temp\u00e9ratures seront g\u00e9n\u00e9ralement proches des normales saisonni\u00e8res. Le ciel sera variable et les m\u00e9t\u00e9orologues s\u2019attendent \u00e0 des averses et des orages, notamment sur les Carpates orientales et m\u00e9ridionales et par endroits sur le sud et le centre du pays. Il y aura aussi de risque de gr\u00eale. Les temp\u00e9ratures maximales iront de 23 \u00e0 33 degr\u00e9s Celsius.<\/p>\n","protected":false},"excerpt":{"rendered":"<p>UE \u2013 La Roumanie souhaite voir un budget \u00ab\u00a0ambitieux \u00bb pour l\u2019UE, avec des sommes consistantes notamment pour la Coh\u00e9sion et l\u2019Agriculture, a d\u00e9clar\u00e9 le pr\u00e9sident roumain, Nicusor Dan, lors d\u2019une conf\u00e9rence de presse commune avec le pr\u00e9sident du Conseil Europ\u00e9en, Antonio Costa. Ce dernier a \u00e9t\u00e9 re\u00e7u ce jeudi \u00e0 Bucarest la le chef [&hellip;]<\/p>\n","protected":false},"author":113,"featured_media":723357,"comment_status":"closed","ping_status":"closed","sticky":false,"template":"","format":"standard","meta":{"_acf_changed":false,"footnotes":""},"categories":[89002],"tags":[],"coauthors":[116091],"class_list":["post-1056321","post","type-post","status-publish","format-standard","has-post-thumbnail","hentry","category-le-flash"],"acf":[],"yoast_head":"<!-- This site is optimized with the Yoast SEO plugin v28.2 - https:\/\/yoast.com\/product\/yoast-seo-wordpress\/ -->\n<title>03.09.2026 (mise \u00e0 jour 2) - Radio Roumanie Internationale<\/title>\n<meta name=\"robots\" content=\"index, follow, max-snippet:-1, max-image-preview:large, max-video-preview:-1\" \/>\n<link rel=\"canonical\" href=\"https:\/\/www.rri.ro\/fr\/actualites\/le-flash\/03-09-2026-mise-a-jour-2-id1056321.html\" \/>\n<meta property=\"og:locale\" content=\"fr_FR\" \/>\n<meta property=\"og:type\" content=\"article\" \/>\n<meta property=\"og:title\" content=\"03.09.2026 (mise \u00e0 jour 2) - Radio Roumanie Internationale\" \/>\n<meta property=\"og:description\" content=\"UE \u2013 La Roumanie souhaite voir un budget \u00ab\u00a0ambitieux \u00bb pour l\u2019UE, avec des sommes consistantes notamment pour la Coh\u00e9sion et l\u2019Agriculture, a d\u00e9clar\u00e9 le pr\u00e9sident roumain, Nicusor Dan, lors d\u2019une conf\u00e9rence de presse commune avec le pr\u00e9sident du Conseil Europ\u00e9en, Antonio Costa. Ce dernier a \u00e9t\u00e9 re\u00e7u ce jeudi \u00e0 Bucarest la le chef [&hellip;]\" \/>\n<meta property=\"og:url\" content=\"https:\/\/www.rri.ro\/fr\/actualites\/le-flash\/03-09-2026-mise-a-jour-2-id1056321.html\" \/>\n<meta property=\"og:site_name\" content=\"Radio Roumanie Internationale\" \/>\n<meta property=\"article:published_time\" content=\"2026-09-03T17:01:17+00:00\" \/>\n<meta property=\"article:modified_time\" content=\"2026-09-03T17:05:05+00:00\" \/>\n<meta property=\"og:image\" content=\"https:\/\/www.rri.ro\/wp-content\/uploads\/2024\/03\/RRI-960x540-Le-flash-2-NOU.jpg\" \/>\n\t<meta property=\"og:image:width\" content=\"960\" \/>\n\t<meta property=\"og:image:height\" content=\"540\" \/>\n\t<meta property=\"og:image:type\" content=\"image\/jpeg\" \/>\n<meta name=\"author\" content=\"Newsroom\" \/>\n<meta name=\"twitter:card\" content=\"summary_large_image\" \/>\n<meta name=\"twitter:label1\" content=\"\u00c9crit par\" \/>\n\t<meta name=\"twitter:data1\" content=\"Newsroom\" \/>\n\t<meta name=\"twitter:label2\" content=\"Dur\u00e9e de lecture estim\u00e9e\" \/>\n\t<meta name=\"twitter:data2\" content=\"4 minutes\" \/>\n\t<meta name=\"twitter:label3\" content=\"Written by\" \/>\n\t<meta name=\"twitter:data3\" content=\"Newsroom\" \/>\n<script type=\"application\/ld+json\" class=\"yoast-schema-graph\">{\"@context\":\"https:\\\/\\\/schema.org\",\"@graph\":[{\"@type\":\"Article\",\"@id\":\"https:\\\/\\\/www.rri.ro\\\/fr\\\/actualites\\\/le-flash\\\/03-09-2026-mise-a-jour-2-id1056321.html#article\",\"isPartOf\":{\"@id\":\"https:\\\/\\\/www.rri.ro\\\/fr\\\/actualites\\\/le-flash\\\/03-09-2026-mise-a-jour-2-id1056321.html\"},\"author\":{\"name\":\"Newsroom\",\"@id\":\"https:\\\/\\\/www.rri.ro\\\/#\\\/schema\\\/person\\\/4a479940371b9fdefd194f561e8a7f88\"},\"headline\":\"03.09.2026 (mise \u00e0 jour 2)\",\"datePublished\":\"2026-09-03T17:01:17+00:00\",\"dateModified\":\"2026-09-03T17:05:05+00:00\",\"mainEntityOfPage\":{\"@id\":\"https:\\\/\\\/www.rri.ro\\\/fr\\\/actualites\\\/le-flash\\\/03-09-2026-mise-a-jour-2-id1056321.html\"},\"wordCount\":833,\"image\":{\"@id\":\"https:\\\/\\\/www.rri.ro\\\/fr\\\/actualites\\\/le-flash\\\/03-09-2026-mise-a-jour-2-id1056321.html#primaryimage\"},\"thumbnailUrl\":\"https:\\\/\\\/www.rri.ro\\\/wp-content\\\/uploads\\\/2024\\\/03\\\/RRI-960x540-Le-flash-2-NOU.jpg\",\"articleSection\":[\"Le flash\"],\"inLanguage\":\"fr-FR\"},{\"@type\":\"WebPage\",\"@id\":\"https:\\\/\\\/www.rri.ro\\\/fr\\\/actualites\\\/le-flash\\\/03-09-2026-mise-a-jour-2-id1056321.html\",\"url\":\"https:\\\/\\\/www.rri.ro\\\/fr\\\/actualites\\\/le-flash\\\/03-09-2026-mise-a-jour-2-id1056321.html\",\"name\":\"03.09.2026 (mise \u00e0 jour 2) - Radio Roumanie Internationale\",\"isPartOf\":{\"@id\":\"https:\\\/\\\/www.rri.ro\\\/#website\"},\"primaryImageOfPage\":{\"@id\":\"https:\\\/\\\/www.rri.ro\\\/fr\\\/actualites\\\/le-flash\\\/03-09-2026-mise-a-jour-2-id1056321.html#primaryimage\"},\"image\":{\"@id\":\"https:\\\/\\\/www.rri.ro\\\/fr\\\/actualites\\\/le-flash\\\/03-09-2026-mise-a-jour-2-id1056321.html#primaryimage\"},\"thumbnailUrl\":\"https:\\\/\\\/www.rri.ro\\\/wp-content\\\/uploads\\\/2024\\\/03\\\/RRI-960x540-Le-flash-2-NOU.jpg\",\"datePublished\":\"2026-09-03T17:01:17+00:00\",\"dateModified\":\"2026-09-03T17:05:05+00:00\",\"author\":{\"@id\":\"https:\\\/\\\/www.rri.ro\\\/#\\\/schema\\\/person\\\/4a479940371b9fdefd194f561e8a7f88\"},\"breadcrumb\":{\"@id\":\"https:\\\/\\\/www.rri.ro\\\/fr\\\/actualites\\\/le-flash\\\/03-09-2026-mise-a-jour-2-id1056321.html#breadcrumb\"},\"inLanguage\":\"fr-FR\",\"potentialAction\":[{\"@type\":\"ReadAction\",\"target\":[\"https:\\\/\\\/www.rri.ro\\\/fr\\\/actualites\\\/le-flash\\\/03-09-2026-mise-a-jour-2-id1056321.html\"]}]},{\"@type\":\"ImageObject\",\"inLanguage\":\"fr-FR\",\"@id\":\"https:\\\/\\\/www.rri.ro\\\/fr\\\/actualites\\\/le-flash\\\/03-09-2026-mise-a-jour-2-id1056321.html#primaryimage\",\"url\":\"https:\\\/\\\/www.rri.ro\\\/wp-content\\\/uploads\\\/2024\\\/03\\\/RRI-960x540-Le-flash-2-NOU.jpg\",\"contentUrl\":\"https:\\\/\\\/www.rri.ro\\\/wp-content\\\/uploads\\\/2024\\\/03\\\/RRI-960x540-Le-flash-2-NOU.jpg\",\"width\":960,\"height\":540},{\"@type\":\"BreadcrumbList\",\"@id\":\"https:\\\/\\\/www.rri.ro\\\/fr\\\/actualites\\\/le-flash\\\/03-09-2026-mise-a-jour-2-id1056321.html#breadcrumb\",\"itemListElement\":[{\"@type\":\"ListItem\",\"position\":1,\"name\":\"Page d'accueil\",\"item\":\"https:\\\/\\\/www.rri.ro\\\/fr\"},{\"@type\":\"ListItem\",\"position\":2,\"name\":\"Actualit\u00e9s\",\"item\":\"https:\\\/\\\/www.rri.ro\\\/fr\\\/actualites\"},{\"@type\":\"ListItem\",\"position\":3,\"name\":\"Le flash\",\"item\":\"https:\\\/\\\/www.rri.ro\\\/fr\\\/actualites\\\/le-flash\"},{\"@type\":\"ListItem\",\"position\":4,\"name\":\"03.09.2026 (mise \u00e0 jour 2)\"}]},{\"@type\":\"WebSite\",\"@id\":\"https:\\\/\\\/www.rri.ro\\\/#website\",\"url\":\"https:\\\/\\\/www.rri.ro\\\/\",\"name\":\"Radio Roumanie Internationale\",\"description\":\"Totul despre Rom\u00e2nia \u015fi rom\u00e2ni, \u00een 13 limbi\\\/dialecte!\",\"inLanguage\":\"fr-FR\"},{\"@type\":\"Person\",\"@id\":\"https:\\\/\\\/www.rri.ro\\\/#\\\/schema\\\/person\\\/4a479940371b9fdefd194f561e8a7f88\",\"name\":\"Newsroom\",\"url\":\"https:\\\/\\\/www.rri.ro\\\/fr\\\/author\\\/newsroom\"}]}<\/script>\n<!-- \/ Yoast SEO plugin. -->","yoast_head_json":{"title":"03.09.2026 (mise \u00e0 jour 2) - Radio Roumanie Internationale","robots":{"index":"index","follow":"follow","max-snippet":"max-snippet:-1","max-image-preview":"max-image-preview:large","max-video-preview":"max-video-preview:-1"},"canonical":"https:\/\/www.rri.ro\/fr\/actualites\/le-flash\/03-09-2026-mise-a-jour-2-id1056321.html","og_locale":"fr_FR","og_type":"article","og_title":"03.09.2026 (mise \u00e0 jour 2) - Radio Roumanie Internationale","og_description":"UE \u2013 La Roumanie souhaite voir un budget \u00ab\u00a0ambitieux \u00bb pour l\u2019UE, avec des sommes consistantes notamment pour la Coh\u00e9sion et l\u2019Agriculture, a d\u00e9clar\u00e9 le pr\u00e9sident roumain, Nicusor Dan, lors d\u2019une conf\u00e9rence de presse commune avec le pr\u00e9sident du Conseil Europ\u00e9en, Antonio Costa. Ce dernier a \u00e9t\u00e9 re\u00e7u ce jeudi \u00e0 Bucarest la le chef [&hellip;]","og_url":"https:\/\/www.rri.ro\/fr\/actualites\/le-flash\/03-09-2026-mise-a-jour-2-id1056321.html","og_site_name":"Radio Roumanie Internationale","article_published_time":"2026-09-03T17:01:17+00:00","article_modified_time":"2026-09-03T17:05:05+00:00","og_image":[{"width":960,"height":540,"url":"https:\/\/www.rri.ro\/wp-content\/uploads\/2024\/03\/RRI-960x540-Le-flash-2-NOU.jpg","type":"image\/jpeg"}],"author":"Newsroom","twitter_card":"summary_large_image","twitter_misc":{"\u00c9crit par":"Newsroom","Dur\u00e9e de lecture estim\u00e9e":"4 minutes","Written by":"Newsroom"},"schema":{"@context":"https:\/\/schema.org","@graph":[{"@type":"Article","@id":"https:\/\/www.rri.ro\/fr\/actualites\/le-flash\/03-09-2026-mise-a-jour-2-id1056321.html#article","isPartOf":{"@id":"https:\/\/www.rri.ro\/fr\/actualites\/le-flash\/03-09-2026-mise-a-jour-2-id1056321.html"},"author":{"name":"Newsroom","@id":"https:\/\/www.rri.ro\/#\/schema\/person\/4a479940371b9fdefd194f561e8a7f88"},"headline":"03.09.2026 (mise \u00e0 jour 2)","datePublished":"2026-09-03T17:01:17+00:00","dateModified":"2026-09-03T17:05:05+00:00","mainEntityOfPage":{"@id":"https:\/\/www.rri.ro\/fr\/actualites\/le-flash\/03-09-2026-mise-a-jour-2-id1056321.html"},"wordCount":833,"image":{"@id":"https:\/\/www.rri.ro\/fr\/actualites\/le-flash\/03-09-2026-mise-a-jour-2-id1056321.html#primaryimage"},"thumbnailUrl":"https:\/\/www.rri.ro\/wp-content\/uploads\/2024\/03\/RRI-960x540-Le-flash-2-NOU.jpg","articleSection":["Le flash"],"inLanguage":"fr-FR"},{"@type":"WebPage","@id":"https:\/\/www.rri.ro\/fr\/actualites\/le-flash\/03-09-2026-mise-a-jour-2-id1056321.html","url":"https:\/\/www.rri.ro\/fr\/actualites\/le-flash\/03-09-2026-mise-a-jour-2-id1056321.html","name":"03.09.2026 (mise \u00e0 jour 2) - Radio Roumanie Internationale","isPartOf":{"@id":"https:\/\/www.rri.ro\/#website"},"primaryImageOfPage":{"@id":"https:\/\/www.rri.ro\/fr\/actualites\/le-flash\/03-09-2026-mise-a-jour-2-id1056321.html#primaryimage"},"image":{"@id":"https:\/\/www.rri.ro\/fr\/actualites\/le-flash\/03-09-2026-mise-a-jour-2-id1056321.html#primaryimage"},"thumbnailUrl":"https:\/\/www.rri.ro\/wp-content\/uploads\/2024\/03\/RRI-960x540-Le-flash-2-NOU.jpg","datePublished":"2026-09-03T17:01:17+00:00","dateModified":"2026-09-03T17:05:05+00:00","author":{"@id":"https:\/\/www.rri.ro\/#\/schema\/person\/4a479940371b9fdefd194f561e8a7f88"},"breadcrumb":{"@id":"https:\/\/www.rri.ro\/fr\/actualites\/le-flash\/03-09-2026-mise-a-jour-2-id1056321.html#breadcrumb"},"inLanguage":"fr-FR","potentialAction":[{"@type":"ReadAction","target":["https:\/\/www.rri.ro\/fr\/actualites\/le-flash\/03-09-2026-mise-a-jour-2-id1056321.html"]}]},{"@type":"ImageObject","inLanguage":"fr-FR","@id":"https:\/\/www.rri.ro\/fr\/actualites\/le-flash\/03-09-2026-mise-a-jour-2-id1056321.html#primaryimage","url":"https:\/\/www.rri.ro\/wp-content\/uploads\/2024\/03\/RRI-960x540-Le-flash-2-NOU.jpg","contentUrl":"https:\/\/www.rri.ro\/wp-content\/uploads\/2024\/03\/RRI-960x540-Le-flash-2-NOU.jpg","width":960,"height":540},{"@type":"BreadcrumbList","@id":"https:\/\/www.rri.ro\/fr\/actualites\/le-flash\/03-09-2026-mise-a-jour-2-id1056321.html#breadcrumb","itemListElement":[{"@type":"ListItem","position":1,"name":"Page d'accueil","item":"https:\/\/www.rri.ro\/fr"},{"@type":"ListItem","position":2,"name":"Actualit\u00e9s","item":"https:\/\/www.rri.ro\/fr\/actualites"},{"@type":"ListItem","position":3,"name":"Le flash","item":"https:\/\/www.rri.ro\/fr\/actualites\/le-flash"},{"@type":"ListItem","position":4,"name":"03.09.2026 (mise \u00e0 jour 2)"}]},{"@type":"WebSite","@id":"https:\/\/www.rri.ro\/#website","url":"https:\/\/www.rri.ro\/","name":"Radio Roumanie Internationale","description":"Totul despre Rom\u00e2nia \u015fi rom\u00e2ni, \u00een 13 limbi\/dialecte!","inLanguage":"fr-FR"},{"@type":"Person","@id":"https:\/\/www.rri.ro\/#\/schema\/person\/4a479940371b9fdefd194f561e8a7f88","name":"Newsroom","url":"https:\/\/www.rri.ro\/fr\/author\/newsroom"}]}},"_links":{"self":[{"href":"https:\/\/www.rri.ro\/fr\/wp-json\/wp\/v2\/posts\/1056321","targetHints":{"allow":["GET"]}}],"collection":[{"href":"https:\/\/www.rri.ro\/fr\/wp-json\/wp\/v2\/posts"}],"about":[{"href":"https:\/\/www.rri.ro\/fr\/wp-json\/wp\/v2\/types\/post"}],"author":[{"embeddable":true,"href":"https:\/\/www.rri.ro\/fr\/wp-json\/wp\/v2\/users\/113"}],"replies":[{"embeddable":true,"href":"https:\/\/www.rri.ro\/fr\/wp-json\/wp\/v2\/comments?post=1056321"}],"version-history":[{"count":1,"href":"https:\/\/www.rri.ro\/fr\/wp-json\/wp\/v2\/posts\/1056321\/revisions"}],"predecessor-version":[{"id":1056372,"href":"https:\/\/www.rri.ro\/fr\/wp-json\/wp\/v2\/posts\/1056321\/revisions\/1056372"}],"wp:featuredmedia":[{"embeddable":true,"href":"https:\/\/www.rri.ro\/fr\/wp-json\/wp\/v2\/media\/723357"}],"wp:attachment":[{"href":"https:\/\/www.rri.ro\/fr\/wp-json\/wp\/v2\/media?parent=1056321"}],"wp:term":[{"taxonomy":"category","embeddable":true,"href":"https:\/\/www.rri.ro\/fr\/wp-json\/wp\/v2\/categories?post=1056321"},{"taxonomy":"post_tag","embeddable":true,"href":"https:\/\/www.rri.ro\/fr\/wp-json\/wp\/v2\/tags?post=1056321"},{"taxonomy":"author","embeddable":true,"href":"https:\/\/www.rri.ro\/fr\/wp-json\/wp\/v2\/coauthors?post=1056321"}],"curies":[{"name":"wp","href":"https:\/\/api.w.org\/{rel}","templated":true}]}}