{"id":1056478,"date":"2026-09-06T10:30:28","date_gmt":"2026-09-06T07:30:28","guid":{"rendered":"https:\/\/www.rri.ro\/?p=1056478"},"modified":"2026-09-04T13:25:52","modified_gmt":"2026-09-04T10:25:52","slug":"la-semaine-du-30-aout-au-06-septembre-2026","status":"publish","type":"post","link":"https:\/\/www.rri.ro\/fr\/actualites\/cette-semaine-en-roumanie\/la-semaine-du-30-aout-au-06-septembre-2026-id1056478.html","title":{"rendered":"La semaine du 30 ao\u00fbt au 06 septembre 2026"},"content":{"rendered":"<h3><strong>Diplomatie roumaine : s\u00e9curit\u00e9, \u00e9conomie et regards tourn\u00e9s vers l\u2019Est<\/strong><\/h3>\n<p>&nbsp;<\/p>\n<p>Bucarest a accueilli cette semaine la r\u00e9union annuelle de la diplomatie roumaine, r\u00e9unissant chefs de missions diplomatiques et de bureaux consulaires \u00e0 l\u2019\u00e9tranger, ambassadeurs \u00e9trangers et hauts responsables de l\u2019\u00c9tat. Plac\u00e9e sous le th\u00e8me \u00ab La diplomatie, point d\u2019ancrage d\u2019un monde en mutation \u00bb, cette \u00e9dition a \u00e9t\u00e9 domin\u00e9e par trois grandes priorit\u00e9s : la s\u00e9curit\u00e9, le d\u00e9veloppement \u00e9conomique et le renforcement des liens avec les quelque millions de Roumains \u00e9tablis \u00e0 l\u2019\u00e9tranger. Devant le corps diplomatique, le pr\u00e9sident Nicu\u015for Dan a ainsi d\u00e9fini les trois axes de la politique \u00e9trang\u00e8re roumaine : consolider la s\u00e9curit\u00e9 nationale et r\u00e9gionale, soutenir les communaut\u00e9s roumaines de la diaspora et d\u00e9velopper une diplomatie au service des int\u00e9r\u00eats \u00e9conomiques du pays. La Roumanie, a-t-il soulign\u00e9, entend continuer \u00e0 contribuer \u00e0 la s\u00e9curit\u00e9 transatlantique, au renforcement du flanc oriental de l\u2019OTAN et \u00e0 la stabilit\u00e9 de sa r\u00e9gion. Le chef de l\u2019\u00c9tat a \u00e9galement mis en avant les grands projets d\u2019interconnexion r\u00e9gionale, notamment dans le domaine \u00e9nerg\u00e9tique, annon\u00e7ant le d\u00e9but, d\u00e8s l\u2019ann\u00e9e prochaine, de l\u2019exploitation du gaz naturel du gisement offshore Neptun Deep. Il a parall\u00e8lement appel\u00e9 \u00e0 acc\u00e9l\u00e9rer la r\u00e9solution de plusieurs dossiers administratifs, parmi lesquels les difficult\u00e9s li\u00e9es aux locaux de certains consulats et les retards dans la rotation des diplomates. Sur le front europ\u00e9en, Nicu\u015for Dan a r\u00e9affirm\u00e9 le soutien de Bucarest aux candidatures de la R\u00e9publique de Moldavie et de l\u2019Ukraine \u00e0 l\u2019Union europ\u00e9enne, tout en soulignant le caract\u00e8re strat\u00e9gique des relations avec Chisinau. De son c\u00f4t\u00e9, la ministre des Affaires \u00e9trang\u00e8res par int\u00e9rim, Oana \u0162oiu, a plac\u00e9 l\u2019adh\u00e9sion de la Roumanie \u00e0 l\u2019Organisation de coop\u00e9ration et de d\u00e9veloppement \u00e9conomiques parmi les priorit\u00e9s de la diplomatie roumaine pour cette ann\u00e9e. Selon elle, Bucarest est aujourd\u2019hui le pays ayant accompli les progr\u00e8s les plus importants parmi les \u00c9tats engag\u00e9s dans ce processus.<\/p>\n<p>&nbsp;<\/p>\n<h3><strong>PNRR : la Roumanie au bout du chemin, entre r\u00e9alisations et fonds perdus<\/strong><\/h3>\n<p>&nbsp;<\/p>\n<p>Le Plan national de relance et de r\u00e9silience, vaste programme europ\u00e9en destin\u00e9 \u00e0 soutenir les r\u00e9formes et les investissements publics apr\u00e8s la pand\u00e9mie, est d\u00e9sormais arriv\u00e9 \u00e0 son terme. Jusqu\u2019au dernier jour, le 31 ao\u00fbt, la Roumanie a multipli\u00e9 les r\u00e9ceptions de projets et adopt\u00e9, \u00e0 Bucarest, les derniers actes l\u00e9gislatifs destin\u00e9s \u00e0 honorer autant que possible les engagements pris aupr\u00e8s de l\u2019Union europ\u00e9enne. Parmi les r\u00e9alisations de derni\u00e8re minute : l\u2019inauguration, \u00e0 T\u00e2rgu Mure\u0219, d\u2019un nouveau centre de chirurgie cardiovasculaire, ainsi que l\u2019ouverture \u00e0 la circulation d\u2019un tron\u00e7on suppl\u00e9mentaire de pr\u00e8s de 50 kilom\u00e8tres sur l\u2019autoroute A7, en Moldavie. Au total, le PNRR repr\u00e9sentait pour la Roumanie une enveloppe de 13,5 milliards d\u2019euros de subventions et quelque 7 milliards d\u2019euros de pr\u00eats. Selon le Premier ministre par int\u00e9rim Ilie Bolojan, plus de 90 % des fonds non remboursables auraient \u00e9t\u00e9 engag\u00e9s et investis. Le programme laisse ainsi derri\u00e8re lui des infrastructures qui n\u2019auraient probablement pas vu le jour au m\u00eame rythme sans le soutien europ\u00e9en : des voies ferr\u00e9es modernis\u00e9es et \u00e9lectrifi\u00e9es, des h\u00f4pitaux et des \u00e9coles dans la plupart des chefs-lieux de d\u00e9partement, mais aussi des projets destin\u00e9s \u00e0 am\u00e9liorer l\u2019efficacit\u00e9 \u00e9nerg\u00e9tique. Mais derri\u00e8re ces r\u00e9alisations, le bilan est loin d\u2019\u00eatre sans ombre. La Roumanie a perdu plusieurs centaines de millions d\u2019euros faute d\u2019avoir men\u00e9 certaines r\u00e9formes \u00e0 leur terme : 770 millions d\u2019euros, notamment, en raison de l\u2019\u00e9chec de la r\u00e9forme salariale des fonctionnaires, et pr\u00e8s de 100 millions d\u2019euros pour des mesures jug\u00e9es incompl\u00e8tes dans le domaine de la d\u00e9carbonation. Sur plus de 15 000 investissements pr\u00e9vus, pr\u00e8s de 4 500 n\u2019ont finalement pas \u00e9t\u00e9 achev\u00e9s ou r\u00e9ceptionn\u00e9s \u00e0 temps. \u00c0 l\u2019\u00e9chelle europ\u00e9enne, le contraste est encore plus net. Avec environ 61 % de l\u2019enveloppe totale effectivement per\u00e7ue, la Roumanie figure parmi les \u00c9tats membres les moins performants en mati\u00e8re d\u2019absorption des fonds du PNRR. L\u2019Espagne et l\u2019Italie font, elles, figure de locomotives, avec des taux compris entre 90 et 100 %, devant le Portugal et la Gr\u00e8ce, qui atteignent environ 80 \u00e0 85 %. Au terme de ce programme exceptionnel, la Roumanie peut donc se pr\u00e9valoir d\u2019investissements majeurs, mais aussi d\u2019une occasion partiellement manqu\u00e9e : celle de transformer l\u2019int\u00e9gralit\u00e9 des fonds europ\u00e9ens disponibles en r\u00e9formes durables et en infrastructures achev\u00e9es.<\/p>\n<p>&nbsp;<\/p>\n<h3><strong>Budget europ\u00e9en et s\u00e9curit\u00e9 : Bucarest affiche ses priorit\u00e9s \u00e0 Bruxelles<\/strong><\/h3>\n<p>&nbsp;<\/p>\n<p>Le pr\u00e9sident roumain Nicu\u015for Dan a re\u00e7u jeudi \u00e0 Bucarest le pr\u00e9sident du Conseil europ\u00e9en, Antonio Costa, pour une visite consacr\u00e9e aux priorit\u00e9s et aux pr\u00e9occupations de la Roumanie. Au c\u0153ur des \u00e9changes : le futur budget de l\u2019Union europ\u00e9enne pour la p\u00e9riode 2028-2034. Bucarest plaide pour une enveloppe \u00ab ambitieuse \u00bb, avec des moyens substantiels consacr\u00e9s \u00e0 la politique de coh\u00e9sion et \u00e0 l\u2019agriculture, deux secteurs jug\u00e9s essentiels pour permettre \u00e0 la Roumanie de combler son retard de d\u00e9veloppement par rapport \u00e0 ses partenaires europ\u00e9ens. La s\u00e9curit\u00e9 r\u00e9gionale s\u2019est \u00e9galement impos\u00e9e parmi les sujets de discussion. Antonio Costa s\u2019est dit \u00ab profond\u00e9ment pr\u00e9occup\u00e9 \u00bb par les r\u00e9centes violations de l\u2019espace a\u00e9rien roumain et par les incidents impliquant des drones maritimes. Le pr\u00e9sident du Conseil europ\u00e9en a assur\u00e9 que Bruxelles continuerait de se tenir aux c\u00f4t\u00e9s de la Roumanie, soulignant que sa s\u00e9curit\u00e9 \u00e9tait indissociable de celle de l\u2019ensemble de l\u2019Union europ\u00e9enne. \u00ab Nous devons \u00eatre unis dans nos efforts en faveur d\u2019une paix juste et durable en Ukraine \u00bb, a-t-il d\u00e9clar\u00e9. Antonio Costa a par ailleurs salu\u00e9 le \u00ab soutien massif \u00bb apport\u00e9 par Bucarest \u00e0 la R\u00e9publique de Moldavie dans son parcours vers l\u2019int\u00e9gration europ\u00e9enne. La visite du pr\u00e9sident du Conseil europ\u00e9en en Roumanie s\u2019inscrit dans une tourn\u00e9e qui l\u2019a \u00e9galement conduit, jeudi, en Bulgarie et en Gr\u00e8ce, apr\u00e8s plusieurs \u00e9tapes en Europe centrale et orientale, notamment en Slovaquie, dans les \u00c9tats baltes, en R\u00e9publique tch\u00e8que, en Hongrie, en Croatie et au Luxembourg.<\/p>\n<p>&nbsp;<\/p>\n<h3><strong>Soup\u00e7ons de sabotage : Bucarest demande des comptes \u00e0 Moscou<\/strong><\/h3>\n<p>&nbsp;<\/p>\n<p>Le minist\u00e8re roumain des Affaires \u00e9trang\u00e8res a convoqu\u00e9 l\u2019ambassadeur de Russie \u00e0 Bucarest, Vladimir Lipaev, pour obtenir des explications apr\u00e8s l\u2019incident impliquant un drone survenu le mois dernier \u00e0 l\u2019a\u00e9roport de Leipzig, en Allemagne, que Berlin attribue \u00e0 Moscou. La ministre roumaine des Affaires \u00e9trang\u00e8res par int\u00e9rim, Oana \u0162oiu, a assur\u00e9 que Bucarest se tenait aux c\u00f4t\u00e9s de Berlin et des autres capitales europ\u00e9ennes confront\u00e9es, selon elle, \u00e0 une multiplication des \u00ab activit\u00e9s hybrides \u00bb, des ing\u00e9rences et des provocations russes. Des m\u00e9thodes auxquelles la Roumanie affirme elle aussi avoir \u00e9t\u00e9 confront\u00e9e. \u00c0 Bruxelles, la pr\u00e9sidente de la Commission europ\u00e9enne, Ursula von der Leyen, a qualifi\u00e9 ces incursions de nouvelle \u00ab norme \u00bb, y voyant le signe d\u2019une escalade des op\u00e9rations russes sur le territoire de l\u2019Union europ\u00e9enne. Elle a estim\u00e9 que l\u2019incident de Leipzig aurait pu provoquer des d\u00e9g\u00e2ts consid\u00e9rables et potentiellement faire des victimes s\u2019il avait abouti. M\u00eame fermet\u00e9 du c\u00f4t\u00e9 de l\u2019OTAN. Son secr\u00e9taire g\u00e9n\u00e9ral, Mark Rutte, a jug\u00e9 la Russie \u00ab de plus en plus imprudente \u00bb dans le contexte de son invasion \u00e0 grande \u00e9chelle de l\u2019Ukraine, tout en affirmant que l\u2019unit\u00e9 des Alli\u00e9s demeurait \u00ab in\u00e9branlable \u00bb. Plusieurs \u00c9tats membres de l\u2019Union europ\u00e9enne ont, eux aussi, convoqu\u00e9 les repr\u00e9sentants diplomatiques russes. Selon les autorit\u00e9s allemandes, la police aurait identifi\u00e9 l\u2019ADN de deux hommes d\u00e9tenteurs d\u2019un passeport russe, soup\u00e7onn\u00e9s d\u2019avoir introduit \u00e0 l\u2019a\u00e9roport de Leipzig le drone qui aurait \u00e9t\u00e9 charg\u00e9 d\u2019explosifs.<\/p>\n<p>&nbsp;<\/p>\n<h3><strong>La langue roumaine, trait d\u2019union entre trois pays<\/strong><\/h3>\n<p>&nbsp;<\/p>\n<p>La langue roumaine \u00e9tait \u00e0 l\u2019honneur cette semaine, \u00e0 l\u2019occasion de la Journ\u00e9e qui lui est consacr\u00e9e, et c\u00e9l\u00e9br\u00e9e le 31 ao\u00fbt en Roumanie et en R\u00e9publique de Moldavie, mais aussi, pour la premi\u00e8re fois, en Ukraine. Un anniversaire plac\u00e9 sous le signe du partage et de la m\u00e9moire, qui a donn\u00e9 lieu \u00e0 des c\u00e9r\u00e9monies simultan\u00e9es \u00e0 l\u2019Acad\u00e9mie roumaine, \u00e0 Bucarest, et \u00e0 l\u2019Acad\u00e9mie des sciences de Moldavie, \u00e0 Chi\u0219in\u0103u. Dans la capitale roumaine, le S\u00e9nat a accueilli une initiative originale, baptis\u00e9e \u00ab La Grande Dict\u00e9e nationale \u00bb, destin\u00e9e \u00e0 faire vivre la langue aussi bien aupr\u00e8s des enfants que des adultes venus d\u2019horizons professionnels diff\u00e9rents. Les participants ont \u00e9t\u00e9 invit\u00e9s \u00e0 renouer avec l\u2019\u00e9criture manuscrite en recopiant, sous la dict\u00e9e, un extrait du journal intime de la reine Marie. \u00c0 Chi\u0219in\u0103u, une manifestation similaire a rassembl\u00e9 plus de 2 500 personnes dans le centre-ville, autour cette fois d\u2019un texte de Gheorghe Urschi, figure embl\u00e9matique de la culture moldave et surnomm\u00e9 le \u00ab roi de l\u2019humour \u00bb. La c\u00e9l\u00e9bration a \u00e9galement pris une dimension particuli\u00e8re \u00e0 Tchernivtsi, dans l\u2019ouest de l\u2019Ukraine, o\u00f9 repr\u00e9sentants des autorit\u00e9s locales, diplomates roumains et membres de la communaut\u00e9 roumaine se sont recueillis devant les statues de deux grandes figures de la po\u00e9sie nationale : Taras Chevtchenko, consid\u00e9r\u00e9 comme le po\u00e8te national ukrainien, et Mihai Eminescu, consid\u00e9r\u00e9 comme la personnalit\u00e9 la plus influente de la litt\u00e9rature roumaine. Des couronnes de fleurs y ont \u00e9t\u00e9 d\u00e9pos\u00e9es en hommage \u00e0 ces deux symboles litt\u00e9raires, comme pour rappeler les liens culturels qui traversent les fronti\u00e8res. \u00ab Nous assistons \u00e0 un moment historique, car, pour la premi\u00e8re fois, la Roumanie, la R\u00e9publique de Moldavie et l\u2019Ukraine c\u00e9l\u00e8brent la Journ\u00e9e de la langue roumaine le m\u00eame jour \u00bb, a soulign\u00e9 l\u2019ambassadeur de Roumanie \u00e0 Kiev, Victor Micula. Une premi\u00e8re qui conf\u00e8re \u00e0 cette journ\u00e9e une port\u00e9e qui d\u00e9passe largement la c\u00e9l\u00e9bration linguistique : celle d\u2019une langue devenue, le temps d\u2019une journ\u00e9e, un espace commun entre trois pays. Il a salu\u00e9 la d\u00e9cision du pr\u00e9sident ukrainien, Volodymyr Zelensky, de reconna\u00eetre officiellement la langue roumaine et d&rsquo;instaurer cette f\u00eate \u00e9galement dans le pays voisin.<\/p>\n","protected":false},"excerpt":{"rendered":"<p>Diplomatie roumaine : s\u00e9curit\u00e9, \u00e9conomie et regards tourn\u00e9s vers l\u2019Est &nbsp; Bucarest a accueilli cette semaine la r\u00e9union annuelle de la diplomatie roumaine, r\u00e9unissant chefs de missions diplomatiques et de bureaux consulaires \u00e0 l\u2019\u00e9tranger, ambassadeurs \u00e9trangers et hauts responsables de l\u2019\u00c9tat. Plac\u00e9e sous le th\u00e8me \u00ab La diplomatie, point d\u2019ancrage d\u2019un monde en mutation \u00bb, [&hellip;]<\/p>\n","protected":false},"author":118,"featured_media":892496,"comment_status":"closed","ping_status":"closed","sticky":false,"template":"","format":"standard","meta":{"_acf_changed":false,"footnotes":""},"categories":[94426],"tags":[],"coauthors":[113323],"class_list":["post-1056478","post","type-post","status-publish","format-standard","has-post-thumbnail","hentry","category-cette-semaine-en-roumanie"],"acf":[],"yoast_head":"<!-- This site is optimized with the Yoast SEO plugin v28.2 - https:\/\/yoast.com\/product\/yoast-seo-wordpress\/ -->\n<title>La semaine du 30 ao\u00fbt au 06 septembre 2026 - Radio Roumanie Internationale<\/title>\n<meta name=\"robots\" content=\"index, follow, max-snippet:-1, max-image-preview:large, max-video-preview:-1\" \/>\n<link rel=\"canonical\" href=\"https:\/\/www.rri.ro\/fr\/actualites\/cette-semaine-en-roumanie\/la-semaine-du-30-aout-au-06-septembre-2026-id1056478.html\" \/>\n<meta property=\"og:locale\" content=\"fr_FR\" \/>\n<meta property=\"og:type\" content=\"article\" \/>\n<meta property=\"og:title\" content=\"La semaine du 30 ao\u00fbt au 06 septembre 2026 - Radio Roumanie Internationale\" \/>\n<meta property=\"og:description\" content=\"Diplomatie roumaine : s\u00e9curit\u00e9, \u00e9conomie et regards tourn\u00e9s vers l\u2019Est &nbsp; Bucarest a accueilli cette semaine la r\u00e9union annuelle de la diplomatie roumaine, r\u00e9unissant chefs de missions diplomatiques et de bureaux consulaires \u00e0 l\u2019\u00e9tranger, ambassadeurs \u00e9trangers et hauts responsables de l\u2019\u00c9tat. Plac\u00e9e sous le th\u00e8me \u00ab La diplomatie, point d\u2019ancrage d\u2019un monde en mutation \u00bb, [&hellip;]\" \/>\n<meta property=\"og:url\" content=\"https:\/\/www.rri.ro\/fr\/actualites\/cette-semaine-en-roumanie\/la-semaine-du-30-aout-au-06-septembre-2026-id1056478.html\" \/>\n<meta property=\"og:site_name\" content=\"Radio Roumanie Internationale\" \/>\n<meta property=\"article:published_time\" content=\"2026-09-06T07:30:28+00:00\" \/>\n<meta property=\"og:image\" content=\"https:\/\/www.rri.ro\/wp-content\/uploads\/2025\/05\/eveniment-top-ND-2025-16x9-1.jpg\" \/>\n\t<meta property=\"og:image:width\" content=\"1280\" \/>\n\t<meta property=\"og:image:height\" content=\"720\" \/>\n\t<meta property=\"og:image:type\" content=\"image\/jpeg\" \/>\n<meta name=\"author\" content=\"Sorin Iordan\" \/>\n<meta name=\"twitter:card\" content=\"summary_large_image\" \/>\n<meta name=\"twitter:label1\" content=\"\u00c9crit par\" \/>\n\t<meta name=\"twitter:data1\" content=\"Sorin Iordan\" \/>\n\t<meta name=\"twitter:label2\" content=\"Dur\u00e9e de lecture estim\u00e9e\" \/>\n\t<meta name=\"twitter:data2\" content=\"9 minutes\" \/>\n\t<meta name=\"twitter:label3\" content=\"Written by\" \/>\n\t<meta name=\"twitter:data3\" content=\"Sorin Iordan\" \/>\n<script type=\"application\/ld+json\" class=\"yoast-schema-graph\">{\"@context\":\"https:\\\/\\\/schema.org\",\"@graph\":[{\"@type\":\"Article\",\"@id\":\"https:\\\/\\\/www.rri.ro\\\/fr\\\/actualites\\\/cette-semaine-en-roumanie\\\/la-semaine-du-30-aout-au-06-septembre-2026-id1056478.html#article\",\"isPartOf\":{\"@id\":\"https:\\\/\\\/www.rri.ro\\\/fr\\\/actualites\\\/cette-semaine-en-roumanie\\\/la-semaine-du-30-aout-au-06-septembre-2026-id1056478.html\"},\"author\":{\"name\":\"Sorin Iordan\",\"@id\":\"https:\\\/\\\/www.rri.ro\\\/#\\\/schema\\\/person\\\/4f66d7193567114976ed046851bb8dc3\"},\"headline\":\"La semaine du 30 ao\u00fbt au 06 septembre 2026\",\"datePublished\":\"2026-09-06T07:30:28+00:00\",\"mainEntityOfPage\":{\"@id\":\"https:\\\/\\\/www.rri.ro\\\/fr\\\/actualites\\\/cette-semaine-en-roumanie\\\/la-semaine-du-30-aout-au-06-septembre-2026-id1056478.html\"},\"wordCount\":1800,\"image\":{\"@id\":\"https:\\\/\\\/www.rri.ro\\\/fr\\\/actualites\\\/cette-semaine-en-roumanie\\\/la-semaine-du-30-aout-au-06-septembre-2026-id1056478.html#primaryimage\"},\"thumbnailUrl\":\"https:\\\/\\\/www.rri.ro\\\/wp-content\\\/uploads\\\/2025\\\/05\\\/eveniment-top-ND-2025-16x9-1.jpg\",\"articleSection\":[\"Cette semaine, en Roumanie\"],\"inLanguage\":\"fr-FR\"},{\"@type\":\"WebPage\",\"@id\":\"https:\\\/\\\/www.rri.ro\\\/fr\\\/actualites\\\/cette-semaine-en-roumanie\\\/la-semaine-du-30-aout-au-06-septembre-2026-id1056478.html\",\"url\":\"https:\\\/\\\/www.rri.ro\\\/fr\\\/actualites\\\/cette-semaine-en-roumanie\\\/la-semaine-du-30-aout-au-06-septembre-2026-id1056478.html\",\"name\":\"La semaine du 30 ao\u00fbt au 06 septembre 2026 - Radio Roumanie Internationale\",\"isPartOf\":{\"@id\":\"https:\\\/\\\/www.rri.ro\\\/#website\"},\"primaryImageOfPage\":{\"@id\":\"https:\\\/\\\/www.rri.ro\\\/fr\\\/actualites\\\/cette-semaine-en-roumanie\\\/la-semaine-du-30-aout-au-06-septembre-2026-id1056478.html#primaryimage\"},\"image\":{\"@id\":\"https:\\\/\\\/www.rri.ro\\\/fr\\\/actualites\\\/cette-semaine-en-roumanie\\\/la-semaine-du-30-aout-au-06-septembre-2026-id1056478.html#primaryimage\"},\"thumbnailUrl\":\"https:\\\/\\\/www.rri.ro\\\/wp-content\\\/uploads\\\/2025\\\/05\\\/eveniment-top-ND-2025-16x9-1.jpg\",\"datePublished\":\"2026-09-06T07:30:28+00:00\",\"author\":{\"@id\":\"https:\\\/\\\/www.rri.ro\\\/#\\\/schema\\\/person\\\/4f66d7193567114976ed046851bb8dc3\"},\"breadcrumb\":{\"@id\":\"https:\\\/\\\/www.rri.ro\\\/fr\\\/actualites\\\/cette-semaine-en-roumanie\\\/la-semaine-du-30-aout-au-06-septembre-2026-id1056478.html#breadcrumb\"},\"inLanguage\":\"fr-FR\",\"potentialAction\":[{\"@type\":\"ReadAction\",\"target\":[\"https:\\\/\\\/www.rri.ro\\\/fr\\\/actualites\\\/cette-semaine-en-roumanie\\\/la-semaine-du-30-aout-au-06-septembre-2026-id1056478.html\"]}]},{\"@type\":\"ImageObject\",\"inLanguage\":\"fr-FR\",\"@id\":\"https:\\\/\\\/www.rri.ro\\\/fr\\\/actualites\\\/cette-semaine-en-roumanie\\\/la-semaine-du-30-aout-au-06-septembre-2026-id1056478.html#primaryimage\",\"url\":\"https:\\\/\\\/www.rri.ro\\\/wp-content\\\/uploads\\\/2025\\\/05\\\/eveniment-top-ND-2025-16x9-1.jpg\",\"contentUrl\":\"https:\\\/\\\/www.rri.ro\\\/wp-content\\\/uploads\\\/2025\\\/05\\\/eveniment-top-ND-2025-16x9-1.jpg\",\"width\":1280,\"height\":720,\"caption\":\"\u041e\u0433\u043b\u044f\u0434 \u043f\u043e\u0434\u0456\u0439 \u0442\u0438\u0436\u043d\u044f\"},{\"@type\":\"BreadcrumbList\",\"@id\":\"https:\\\/\\\/www.rri.ro\\\/fr\\\/actualites\\\/cette-semaine-en-roumanie\\\/la-semaine-du-30-aout-au-06-septembre-2026-id1056478.html#breadcrumb\",\"itemListElement\":[{\"@type\":\"ListItem\",\"position\":1,\"name\":\"Page d'accueil\",\"item\":\"https:\\\/\\\/www.rri.ro\\\/fr\"},{\"@type\":\"ListItem\",\"position\":2,\"name\":\"Actualitate\",\"item\":\"https:\\\/\\\/www.rri.ro\\\/actualitate\"},{\"@type\":\"ListItem\",\"position\":3,\"name\":\"Cette semaine, en Roumanie\",\"item\":\"https:\\\/\\\/www.rri.ro\\\/fr\\\/actualites\\\/cette-semaine-en-roumanie\"},{\"@type\":\"ListItem\",\"position\":4,\"name\":\"La semaine du 30 ao\u00fbt au 06 septembre 2026\"}]},{\"@type\":\"WebSite\",\"@id\":\"https:\\\/\\\/www.rri.ro\\\/#website\",\"url\":\"https:\\\/\\\/www.rri.ro\\\/\",\"name\":\"Radio Roumanie Internationale\",\"description\":\"Totul despre Rom\u00e2nia \u015fi rom\u00e2ni, \u00een 13 limbi\\\/dialecte!\",\"inLanguage\":\"fr-FR\"},{\"@type\":\"Person\",\"@id\":\"https:\\\/\\\/www.rri.ro\\\/#\\\/schema\\\/person\\\/4f66d7193567114976ed046851bb8dc3\",\"name\":\"Sorin Iordan\",\"url\":\"https:\\\/\\\/www.rri.ro\\\/fr\\\/author\\\/sorin-iordan\"}]}<\/script>\n<!-- \/ Yoast SEO plugin. -->","yoast_head_json":{"title":"La semaine du 30 ao\u00fbt au 06 septembre 2026 - Radio Roumanie Internationale","robots":{"index":"index","follow":"follow","max-snippet":"max-snippet:-1","max-image-preview":"max-image-preview:large","max-video-preview":"max-video-preview:-1"},"canonical":"https:\/\/www.rri.ro\/fr\/actualites\/cette-semaine-en-roumanie\/la-semaine-du-30-aout-au-06-septembre-2026-id1056478.html","og_locale":"fr_FR","og_type":"article","og_title":"La semaine du 30 ao\u00fbt au 06 septembre 2026 - Radio Roumanie Internationale","og_description":"Diplomatie roumaine : s\u00e9curit\u00e9, \u00e9conomie et regards tourn\u00e9s vers l\u2019Est &nbsp; Bucarest a accueilli cette semaine la r\u00e9union annuelle de la diplomatie roumaine, r\u00e9unissant chefs de missions diplomatiques et de bureaux consulaires \u00e0 l\u2019\u00e9tranger, ambassadeurs \u00e9trangers et hauts responsables de l\u2019\u00c9tat. Plac\u00e9e sous le th\u00e8me \u00ab La diplomatie, point d\u2019ancrage d\u2019un monde en mutation \u00bb, [&hellip;]","og_url":"https:\/\/www.rri.ro\/fr\/actualites\/cette-semaine-en-roumanie\/la-semaine-du-30-aout-au-06-septembre-2026-id1056478.html","og_site_name":"Radio Roumanie Internationale","article_published_time":"2026-09-06T07:30:28+00:00","og_image":[{"width":1280,"height":720,"url":"https:\/\/www.rri.ro\/wp-content\/uploads\/2025\/05\/eveniment-top-ND-2025-16x9-1.jpg","type":"image\/jpeg"}],"author":"Sorin Iordan","twitter_card":"summary_large_image","twitter_misc":{"\u00c9crit par":"Sorin Iordan","Dur\u00e9e de lecture estim\u00e9e":"9 minutes","Written by":"Sorin Iordan"},"schema":{"@context":"https:\/\/schema.org","@graph":[{"@type":"Article","@id":"https:\/\/www.rri.ro\/fr\/actualites\/cette-semaine-en-roumanie\/la-semaine-du-30-aout-au-06-septembre-2026-id1056478.html#article","isPartOf":{"@id":"https:\/\/www.rri.ro\/fr\/actualites\/cette-semaine-en-roumanie\/la-semaine-du-30-aout-au-06-septembre-2026-id1056478.html"},"author":{"name":"Sorin Iordan","@id":"https:\/\/www.rri.ro\/#\/schema\/person\/4f66d7193567114976ed046851bb8dc3"},"headline":"La semaine du 30 ao\u00fbt au 06 septembre 2026","datePublished":"2026-09-06T07:30:28+00:00","mainEntityOfPage":{"@id":"https:\/\/www.rri.ro\/fr\/actualites\/cette-semaine-en-roumanie\/la-semaine-du-30-aout-au-06-septembre-2026-id1056478.html"},"wordCount":1800,"image":{"@id":"https:\/\/www.rri.ro\/fr\/actualites\/cette-semaine-en-roumanie\/la-semaine-du-30-aout-au-06-septembre-2026-id1056478.html#primaryimage"},"thumbnailUrl":"https:\/\/www.rri.ro\/wp-content\/uploads\/2025\/05\/eveniment-top-ND-2025-16x9-1.jpg","articleSection":["Cette semaine, en Roumanie"],"inLanguage":"fr-FR"},{"@type":"WebPage","@id":"https:\/\/www.rri.ro\/fr\/actualites\/cette-semaine-en-roumanie\/la-semaine-du-30-aout-au-06-septembre-2026-id1056478.html","url":"https:\/\/www.rri.ro\/fr\/actualites\/cette-semaine-en-roumanie\/la-semaine-du-30-aout-au-06-septembre-2026-id1056478.html","name":"La semaine du 30 ao\u00fbt au 06 septembre 2026 - Radio Roumanie Internationale","isPartOf":{"@id":"https:\/\/www.rri.ro\/#website"},"primaryImageOfPage":{"@id":"https:\/\/www.rri.ro\/fr\/actualites\/cette-semaine-en-roumanie\/la-semaine-du-30-aout-au-06-septembre-2026-id1056478.html#primaryimage"},"image":{"@id":"https:\/\/www.rri.ro\/fr\/actualites\/cette-semaine-en-roumanie\/la-semaine-du-30-aout-au-06-septembre-2026-id1056478.html#primaryimage"},"thumbnailUrl":"https:\/\/www.rri.ro\/wp-content\/uploads\/2025\/05\/eveniment-top-ND-2025-16x9-1.jpg","datePublished":"2026-09-06T07:30:28+00:00","author":{"@id":"https:\/\/www.rri.ro\/#\/schema\/person\/4f66d7193567114976ed046851bb8dc3"},"breadcrumb":{"@id":"https:\/\/www.rri.ro\/fr\/actualites\/cette-semaine-en-roumanie\/la-semaine-du-30-aout-au-06-septembre-2026-id1056478.html#breadcrumb"},"inLanguage":"fr-FR","potentialAction":[{"@type":"ReadAction","target":["https:\/\/www.rri.ro\/fr\/actualites\/cette-semaine-en-roumanie\/la-semaine-du-30-aout-au-06-septembre-2026-id1056478.html"]}]},{"@type":"ImageObject","inLanguage":"fr-FR","@id":"https:\/\/www.rri.ro\/fr\/actualites\/cette-semaine-en-roumanie\/la-semaine-du-30-aout-au-06-septembre-2026-id1056478.html#primaryimage","url":"https:\/\/www.rri.ro\/wp-content\/uploads\/2025\/05\/eveniment-top-ND-2025-16x9-1.jpg","contentUrl":"https:\/\/www.rri.ro\/wp-content\/uploads\/2025\/05\/eveniment-top-ND-2025-16x9-1.jpg","width":1280,"height":720,"caption":"\u041e\u0433\u043b\u044f\u0434 \u043f\u043e\u0434\u0456\u0439 \u0442\u0438\u0436\u043d\u044f"},{"@type":"BreadcrumbList","@id":"https:\/\/www.rri.ro\/fr\/actualites\/cette-semaine-en-roumanie\/la-semaine-du-30-aout-au-06-septembre-2026-id1056478.html#breadcrumb","itemListElement":[{"@type":"ListItem","position":1,"name":"Page d'accueil","item":"https:\/\/www.rri.ro\/fr"},{"@type":"ListItem","position":2,"name":"Actualitate","item":"https:\/\/www.rri.ro\/actualitate"},{"@type":"ListItem","position":3,"name":"Cette semaine, en Roumanie","item":"https:\/\/www.rri.ro\/fr\/actualites\/cette-semaine-en-roumanie"},{"@type":"ListItem","position":4,"name":"La semaine du 30 ao\u00fbt au 06 septembre 2026"}]},{"@type":"WebSite","@id":"https:\/\/www.rri.ro\/#website","url":"https:\/\/www.rri.ro\/","name":"Radio Roumanie Internationale","description":"Totul despre Rom\u00e2nia \u015fi rom\u00e2ni, \u00een 13 limbi\/dialecte!","inLanguage":"fr-FR"},{"@type":"Person","@id":"https:\/\/www.rri.ro\/#\/schema\/person\/4f66d7193567114976ed046851bb8dc3","name":"Sorin Iordan","url":"https:\/\/www.rri.ro\/fr\/author\/sorin-iordan"}]}},"_links":{"self":[{"href":"https:\/\/www.rri.ro\/fr\/wp-json\/wp\/v2\/posts\/1056478","targetHints":{"allow":["GET"]}}],"collection":[{"href":"https:\/\/www.rri.ro\/fr\/wp-json\/wp\/v2\/posts"}],"about":[{"href":"https:\/\/www.rri.ro\/fr\/wp-json\/wp\/v2\/types\/post"}],"author":[{"embeddable":true,"href":"https:\/\/www.rri.ro\/fr\/wp-json\/wp\/v2\/users\/118"}],"replies":[{"embeddable":true,"href":"https:\/\/www.rri.ro\/fr\/wp-json\/wp\/v2\/comments?post=1056478"}],"version-history":[{"count":2,"href":"https:\/\/www.rri.ro\/fr\/wp-json\/wp\/v2\/posts\/1056478\/revisions"}],"predecessor-version":[{"id":1056511,"href":"https:\/\/www.rri.ro\/fr\/wp-json\/wp\/v2\/posts\/1056478\/revisions\/1056511"}],"wp:featuredmedia":[{"embeddable":true,"href":"https:\/\/www.rri.ro\/fr\/wp-json\/wp\/v2\/media\/892496"}],"wp:attachment":[{"href":"https:\/\/www.rri.ro\/fr\/wp-json\/wp\/v2\/media?parent=1056478"}],"wp:term":[{"taxonomy":"category","embeddable":true,"href":"https:\/\/www.rri.ro\/fr\/wp-json\/wp\/v2\/categories?post=1056478"},{"taxonomy":"post_tag","embeddable":true,"href":"https:\/\/www.rri.ro\/fr\/wp-json\/wp\/v2\/tags?post=1056478"},{"taxonomy":"author","embeddable":true,"href":"https:\/\/www.rri.ro\/fr\/wp-json\/wp\/v2\/coauthors?post=1056478"}],"curies":[{"name":"wp","href":"https:\/\/api.w.org\/{rel}","templated":true}]}}