{"id":1056483,"date":"2026-09-04T12:19:56","date_gmt":"2026-09-04T09:19:56","guid":{"rendered":"https:\/\/www.rri.ro\/?p=1056483"},"modified":"2026-09-04T12:29:50","modified_gmt":"2026-09-04T09:29:50","slug":"le-president-du-conseil-europeen-a-bucarest-2","status":"publish","type":"post","link":"https:\/\/www.rri.ro\/fr\/actualites\/les-dossiers-de-lactualite\/le-president-du-conseil-europeen-a-bucarest-2-id1056483.html","title":{"rendered":"Le pr\u00e9sident du Conseil europ\u00e9en \u00e0 Bucarest"},"content":{"rendered":"<p>Dans le cadre d&rsquo;une tourn\u00e9e des capitales europ\u00e9ennes, le pr\u00e9sident du Conseil europ\u00e9en Ant\u00f3nio Costa s\u2019est rendu \u00e0 Bucarest ce jeudi, o\u00f9 il a \u00e9t\u00e9 re\u00e7u par le pr\u00e9sident roumain Nicusor Dan. Les pourparlers ont surtout port\u00e9 sur le futur budget de l&rsquo;Union pour la p\u00e9riode 2028-2034. Le responsable europ\u00e9en souhaitait conna\u00eetre la position de tous les Etats membres sur cette question. L\u2019agenda des discussions a inclus plusieurs sujets tels que la d\u00e9fense, l&rsquo;\u00e9largissement de l&rsquo;UE et le soutien \u00e0 l&rsquo;Ukraine.<\/p>\n<p>La Commission europ\u00e9enne propose un futur budget d&rsquo;environ 2 milliards d&rsquo;euros. Ce projet pr\u00e9voit \u00e9galement une r\u00e9duction d&rsquo;environ 10 % des fonds allou\u00e9s \u00e0 la politique agricole de l&rsquo;Union et \u00e0 la coh\u00e9sion, un point contest\u00e9 par la Roumanie et 16 autres Etats membres. La Roumanie souhaite un futur budget europ\u00e9en ambitieux, avec des montants substantiels pour les chapitres consacr\u00e9s \u00e0 la coh\u00e9sion et \u00e0 l&rsquo;agriculture, a d\u00e9clar\u00e9 le chef de l&rsquo;Etat roumain. Il a expliqu\u00e9 que Bucarest avait d\u00e9fini sa position au sein du format \u00ab\u00a0Amis de la coh\u00e9sion\u00a0\u00bb, coordonn\u00e9 par la Roumanie et regroupant 17 Etats europ\u00e9ens. Nicusor Dan \u00a0:<\/p>\n<p>&nbsp;<\/p>\n<blockquote><p><em>\u00ab\u00a0Nous souhaitons des montants substantiels pour les chapitres consacr\u00e9s \u00e0 la coh\u00e9sion et \u00e0 l\u2019agriculture, pr\u00e9cis\u00e9ment afin de r\u00e9duire les disparit\u00e9s entre les citoyens des diff\u00e9rents pays europ\u00e9ens. Nous sommes tr\u00e8s int\u00e9ress\u00e9s par le pilier de la comp\u00e9titivit\u00e9. L\u00e0 encore, il s\u2019agit de r\u00e9duire la disparit\u00e9 entre les pays europ\u00e9ens, et nous souhaitons que les entreprises de pays europ\u00e9ens moins d\u00e9velopp\u00e9s, comme la Roumanie, puissent acc\u00e9der aux fonds de comp\u00e9titivit\u00e9.\u00a0\u00bb <\/em>a expliqu\u00e9 le pr\u00e9sident roumain.<\/p><\/blockquote>\n<p>&nbsp;<\/p>\n<h3><strong>Renforcer la d\u00e9fense et la s\u00e9curit\u00e9<\/strong><\/h3>\n<p>&nbsp;<\/p>\n<p>Le prochain budget pluriannuel de l\u2019UE permettra \u00e0 l\u2019Europe de renforcer sa d\u00e9fense et sa s\u00e9curit\u00e9 et d\u2019accro\u00eetre sa comp\u00e9titivit\u00e9, a d\u00e9clar\u00e9 le pr\u00e9sident du Conseil europ\u00e9en. Il a soulign\u00e9 que les n\u00e9gociations sur le futur budget se d\u00e9roulaient dans un contexte g\u00e9opolitique diff\u00e9rent de celui qui pr\u00e9valait lors de l\u2019adoption du cadre financier pluriannuel actuel. Le responsable europ\u00e9en a remerci\u00e9 la Roumanie pour son engagement ferme en faveur de la d\u00e9fense et de la s\u00e9curit\u00e9 europ\u00e9enne. Ant\u00f3nio Costa a \u00e9galement d\u00e9clar\u00e9 que les r\u00e9centes violations de l&rsquo;espace a\u00e9rien roumain, ainsi que les incidents impliquant des drones navals, \u00e9taient \u00ab profond\u00e9ment inqui\u00e9tants \u00bb et que Bruxelles continuerait de soutenir la Roumanie, car elle comprenait que de la s\u00e9curit\u00e9 de la Roumanie d\u00e9pendait celle de l&rsquo;Europe toute enti\u00e8re.<\/p>\n<p>\u00ab\u00a0Nous devons \u00eatre unis dans nos efforts pour une paix juste et durable en Ukraine\u00a0\u00bb, a soulign\u00e9 le responsable europ\u00e9en.<\/p>\n<p>Au cours des pourparlers, Nicusor Dan a \u00e9galement abord\u00e9 le processus d&rsquo;\u00e9largissement de l&rsquo;UE, dans le contexte de la pr\u00e9paration du Conseil europ\u00e9en d&rsquo;octobre prochain. Le pr\u00e9sident roumain a d\u00e9clar\u00e9 que la Roumanie souhaitait que le processus d&rsquo;adh\u00e9sion de la R\u00e9publique de Moldova \u00e0 l&rsquo;UE se poursuive \u00ab \u00e0 un rythme soutenu \u00bb. Ant\u00f3nio Costa a remerci\u00e9 Bucarest pour le soutien apport\u00e9 \u00e0 Chisinau et a affirm\u00e9 que chaque \u00e9largissement avait renforc\u00e9 l&rsquo;Europe, tant sur le plan politique qu&rsquo;\u00e9conomique. \u00a0\u00ab C&rsquo;est l&rsquo;un des investissements g\u00e9opolitiques les plus importants de l&rsquo;Europe. C&rsquo;est un investissement dans notre s\u00e9curit\u00e9, notre stabilit\u00e9 et notre prosp\u00e9rit\u00e9 \u00bb a-t-il ajout\u00e9.<\/p>\n","protected":false},"excerpt":{"rendered":"<p>Dans le cadre d&rsquo;une tourn\u00e9e des capitales europ\u00e9ennes, le pr\u00e9sident du Conseil europ\u00e9en Ant\u00f3nio Costa s\u2019est rendu \u00e0 Bucarest ce jeudi, o\u00f9 il a \u00e9t\u00e9 re\u00e7u par le pr\u00e9sident roumain Nicusor Dan. Les pourparlers ont surtout port\u00e9 sur le futur budget de l&rsquo;Union pour la p\u00e9riode 2028-2034. Le responsable europ\u00e9en souhaitait conna\u00eetre la position de [&hellip;]<\/p>\n","protected":false},"author":106,"featured_media":1056420,"comment_status":"closed","ping_status":"closed","sticky":false,"template":"","format":"standard","meta":{"_acf_changed":false,"footnotes":""},"categories":[93377],"tags":[],"coauthors":[113311],"class_list":["post-1056483","post","type-post","status-publish","format-standard","has-post-thumbnail","hentry","category-les-dossiers-de-lactualite"],"acf":[],"yoast_head":"<!-- This site is optimized with the Yoast SEO plugin v28.2 - https:\/\/yoast.com\/product\/yoast-seo-wordpress\/ -->\n<title>Le pr\u00e9sident du Conseil europ\u00e9en \u00e0 Bucarest - Radio Roumanie Internationale<\/title>\n<meta name=\"robots\" content=\"index, follow, max-snippet:-1, max-image-preview:large, max-video-preview:-1\" \/>\n<link rel=\"canonical\" href=\"https:\/\/www.rri.ro\/fr\/actualites\/les-dossiers-de-lactualite\/le-president-du-conseil-europeen-a-bucarest-2-id1056483.html\" \/>\n<meta property=\"og:locale\" content=\"fr_FR\" \/>\n<meta property=\"og:type\" content=\"article\" \/>\n<meta property=\"og:title\" content=\"Le pr\u00e9sident du Conseil europ\u00e9en \u00e0 Bucarest - Radio Roumanie Internationale\" \/>\n<meta property=\"og:description\" content=\"Dans le cadre d&rsquo;une tourn\u00e9e des capitales europ\u00e9ennes, le pr\u00e9sident du Conseil europ\u00e9en Ant\u00f3nio Costa s\u2019est rendu \u00e0 Bucarest ce jeudi, o\u00f9 il a \u00e9t\u00e9 re\u00e7u par le pr\u00e9sident roumain Nicusor Dan. Les pourparlers ont surtout port\u00e9 sur le futur budget de l&rsquo;Union pour la p\u00e9riode 2028-2034. Le responsable europ\u00e9en souhaitait conna\u00eetre la position de [&hellip;]\" \/>\n<meta property=\"og:url\" content=\"https:\/\/www.rri.ro\/fr\/actualites\/les-dossiers-de-lactualite\/le-president-du-conseil-europeen-a-bucarest-2-id1056483.html\" \/>\n<meta property=\"og:site_name\" content=\"Radio Roumanie Internationale\" \/>\n<meta property=\"article:published_time\" content=\"2026-09-04T09:19:56+00:00\" \/>\n<meta property=\"article:modified_time\" content=\"2026-09-04T09:29:50+00:00\" \/>\n<meta property=\"og:image\" content=\"https:\/\/www.rri.ro\/wp-content\/uploads\/2026\/09\/Antonio-Costa-Nicusor-Dan-sep2026-presidency-ro.jpg\" \/>\n\t<meta property=\"og:image:width\" content=\"1280\" \/>\n\t<meta property=\"og:image:height\" content=\"720\" \/>\n\t<meta property=\"og:image:type\" content=\"image\/jpeg\" \/>\n<meta name=\"author\" content=\"Mihai Pelin\" \/>\n<meta name=\"twitter:card\" content=\"summary_large_image\" \/>\n<meta name=\"twitter:label1\" content=\"\u00c9crit par\" \/>\n\t<meta name=\"twitter:data1\" content=\"Mihai Pelin\" \/>\n\t<meta name=\"twitter:label2\" content=\"Dur\u00e9e de lecture estim\u00e9e\" \/>\n\t<meta name=\"twitter:data2\" content=\"3 minutes\" \/>\n\t<meta name=\"twitter:label3\" content=\"Written by\" \/>\n\t<meta name=\"twitter:data3\" content=\"Mihai Pelin\" \/>\n<script type=\"application\/ld+json\" class=\"yoast-schema-graph\">{\"@context\":\"https:\\\/\\\/schema.org\",\"@graph\":[{\"@type\":\"Article\",\"@id\":\"https:\\\/\\\/www.rri.ro\\\/fr\\\/actualites\\\/les-dossiers-de-lactualite\\\/le-president-du-conseil-europeen-a-bucarest-2-id1056483.html#article\",\"isPartOf\":{\"@id\":\"https:\\\/\\\/www.rri.ro\\\/fr\\\/actualites\\\/les-dossiers-de-lactualite\\\/le-president-du-conseil-europeen-a-bucarest-2-id1056483.html\"},\"author\":{\"name\":\"Mihai Pelin\",\"@id\":\"https:\\\/\\\/www.rri.ro\\\/#\\\/schema\\\/person\\\/c6036c822534c855dc3aad41a484f05d\"},\"headline\":\"Le pr\u00e9sident du Conseil europ\u00e9en \u00e0 Bucarest\",\"datePublished\":\"2026-09-04T09:19:56+00:00\",\"dateModified\":\"2026-09-04T09:29:50+00:00\",\"mainEntityOfPage\":{\"@id\":\"https:\\\/\\\/www.rri.ro\\\/fr\\\/actualites\\\/les-dossiers-de-lactualite\\\/le-president-du-conseil-europeen-a-bucarest-2-id1056483.html\"},\"wordCount\":615,\"image\":{\"@id\":\"https:\\\/\\\/www.rri.ro\\\/fr\\\/actualites\\\/les-dossiers-de-lactualite\\\/le-president-du-conseil-europeen-a-bucarest-2-id1056483.html#primaryimage\"},\"thumbnailUrl\":\"https:\\\/\\\/www.rri.ro\\\/wp-content\\\/uploads\\\/2026\\\/09\\\/Antonio-Costa-Nicusor-Dan-sep2026-presidency-ro.jpg\",\"articleSection\":[\"Les dossiers de l'actualit\u00e9\"],\"inLanguage\":\"fr-FR\"},{\"@type\":\"WebPage\",\"@id\":\"https:\\\/\\\/www.rri.ro\\\/fr\\\/actualites\\\/les-dossiers-de-lactualite\\\/le-president-du-conseil-europeen-a-bucarest-2-id1056483.html\",\"url\":\"https:\\\/\\\/www.rri.ro\\\/fr\\\/actualites\\\/les-dossiers-de-lactualite\\\/le-president-du-conseil-europeen-a-bucarest-2-id1056483.html\",\"name\":\"Le pr\u00e9sident du Conseil europ\u00e9en \u00e0 Bucarest - Radio Roumanie Internationale\",\"isPartOf\":{\"@id\":\"https:\\\/\\\/www.rri.ro\\\/#website\"},\"primaryImageOfPage\":{\"@id\":\"https:\\\/\\\/www.rri.ro\\\/fr\\\/actualites\\\/les-dossiers-de-lactualite\\\/le-president-du-conseil-europeen-a-bucarest-2-id1056483.html#primaryimage\"},\"image\":{\"@id\":\"https:\\\/\\\/www.rri.ro\\\/fr\\\/actualites\\\/les-dossiers-de-lactualite\\\/le-president-du-conseil-europeen-a-bucarest-2-id1056483.html#primaryimage\"},\"thumbnailUrl\":\"https:\\\/\\\/www.rri.ro\\\/wp-content\\\/uploads\\\/2026\\\/09\\\/Antonio-Costa-Nicusor-Dan-sep2026-presidency-ro.jpg\",\"datePublished\":\"2026-09-04T09:19:56+00:00\",\"dateModified\":\"2026-09-04T09:29:50+00:00\",\"author\":{\"@id\":\"https:\\\/\\\/www.rri.ro\\\/#\\\/schema\\\/person\\\/c6036c822534c855dc3aad41a484f05d\"},\"breadcrumb\":{\"@id\":\"https:\\\/\\\/www.rri.ro\\\/fr\\\/actualites\\\/les-dossiers-de-lactualite\\\/le-president-du-conseil-europeen-a-bucarest-2-id1056483.html#breadcrumb\"},\"inLanguage\":\"fr-FR\",\"potentialAction\":[{\"@type\":\"ReadAction\",\"target\":[\"https:\\\/\\\/www.rri.ro\\\/fr\\\/actualites\\\/les-dossiers-de-lactualite\\\/le-president-du-conseil-europeen-a-bucarest-2-id1056483.html\"]}]},{\"@type\":\"ImageObject\",\"inLanguage\":\"fr-FR\",\"@id\":\"https:\\\/\\\/www.rri.ro\\\/fr\\\/actualites\\\/les-dossiers-de-lactualite\\\/le-president-du-conseil-europeen-a-bucarest-2-id1056483.html#primaryimage\",\"url\":\"https:\\\/\\\/www.rri.ro\\\/wp-content\\\/uploads\\\/2026\\\/09\\\/Antonio-Costa-Nicusor-Dan-sep2026-presidency-ro.jpg\",\"contentUrl\":\"https:\\\/\\\/www.rri.ro\\\/wp-content\\\/uploads\\\/2026\\\/09\\\/Antonio-Costa-Nicusor-Dan-sep2026-presidency-ro.jpg\",\"width\":1280,\"height\":720,\"caption\":\"Antonio Costa , primit de Nicusor Dan la Palatul Cotroceni \\\/ Foto: presidency.ro\"},{\"@type\":\"BreadcrumbList\",\"@id\":\"https:\\\/\\\/www.rri.ro\\\/fr\\\/actualites\\\/les-dossiers-de-lactualite\\\/le-president-du-conseil-europeen-a-bucarest-2-id1056483.html#breadcrumb\",\"itemListElement\":[{\"@type\":\"ListItem\",\"position\":1,\"name\":\"Page d'accueil\",\"item\":\"https:\\\/\\\/www.rri.ro\\\/fr\"},{\"@type\":\"ListItem\",\"position\":2,\"name\":\"Actualit\u00e9s\",\"item\":\"https:\\\/\\\/www.rri.ro\\\/fr\\\/actualites\"},{\"@type\":\"ListItem\",\"position\":3,\"name\":\"Les dossiers de l'actualit\u00e9\",\"item\":\"https:\\\/\\\/www.rri.ro\\\/fr\\\/actualites\\\/les-dossiers-de-lactualite\"},{\"@type\":\"ListItem\",\"position\":4,\"name\":\"Le pr\u00e9sident du Conseil europ\u00e9en \u00e0 Bucarest\"}]},{\"@type\":\"WebSite\",\"@id\":\"https:\\\/\\\/www.rri.ro\\\/#website\",\"url\":\"https:\\\/\\\/www.rri.ro\\\/\",\"name\":\"Radio Roumanie Internationale\",\"description\":\"Totul despre Rom\u00e2nia \u015fi rom\u00e2ni, \u00een 13 limbi\\\/dialecte!\",\"inLanguage\":\"fr-FR\"},{\"@type\":\"Person\",\"@id\":\"https:\\\/\\\/www.rri.ro\\\/#\\\/schema\\\/person\\\/c6036c822534c855dc3aad41a484f05d\",\"name\":\"Mihai Pelin\",\"url\":\"https:\\\/\\\/www.rri.ro\\\/fr\\\/author\\\/mihai-pelin\"}]}<\/script>\n<!-- \/ Yoast SEO plugin. -->","yoast_head_json":{"title":"Le pr\u00e9sident du Conseil europ\u00e9en \u00e0 Bucarest - Radio Roumanie Internationale","robots":{"index":"index","follow":"follow","max-snippet":"max-snippet:-1","max-image-preview":"max-image-preview:large","max-video-preview":"max-video-preview:-1"},"canonical":"https:\/\/www.rri.ro\/fr\/actualites\/les-dossiers-de-lactualite\/le-president-du-conseil-europeen-a-bucarest-2-id1056483.html","og_locale":"fr_FR","og_type":"article","og_title":"Le pr\u00e9sident du Conseil europ\u00e9en \u00e0 Bucarest - Radio Roumanie Internationale","og_description":"Dans le cadre d&rsquo;une tourn\u00e9e des capitales europ\u00e9ennes, le pr\u00e9sident du Conseil europ\u00e9en Ant\u00f3nio Costa s\u2019est rendu \u00e0 Bucarest ce jeudi, o\u00f9 il a \u00e9t\u00e9 re\u00e7u par le pr\u00e9sident roumain Nicusor Dan. Les pourparlers ont surtout port\u00e9 sur le futur budget de l&rsquo;Union pour la p\u00e9riode 2028-2034. Le responsable europ\u00e9en souhaitait conna\u00eetre la position de [&hellip;]","og_url":"https:\/\/www.rri.ro\/fr\/actualites\/les-dossiers-de-lactualite\/le-president-du-conseil-europeen-a-bucarest-2-id1056483.html","og_site_name":"Radio Roumanie Internationale","article_published_time":"2026-09-04T09:19:56+00:00","article_modified_time":"2026-09-04T09:29:50+00:00","og_image":[{"width":1280,"height":720,"url":"https:\/\/www.rri.ro\/wp-content\/uploads\/2026\/09\/Antonio-Costa-Nicusor-Dan-sep2026-presidency-ro.jpg","type":"image\/jpeg"}],"author":"Mihai Pelin","twitter_card":"summary_large_image","twitter_misc":{"\u00c9crit par":"Mihai Pelin","Dur\u00e9e de lecture estim\u00e9e":"3 minutes","Written by":"Mihai Pelin"},"schema":{"@context":"https:\/\/schema.org","@graph":[{"@type":"Article","@id":"https:\/\/www.rri.ro\/fr\/actualites\/les-dossiers-de-lactualite\/le-president-du-conseil-europeen-a-bucarest-2-id1056483.html#article","isPartOf":{"@id":"https:\/\/www.rri.ro\/fr\/actualites\/les-dossiers-de-lactualite\/le-president-du-conseil-europeen-a-bucarest-2-id1056483.html"},"author":{"name":"Mihai Pelin","@id":"https:\/\/www.rri.ro\/#\/schema\/person\/c6036c822534c855dc3aad41a484f05d"},"headline":"Le pr\u00e9sident du Conseil europ\u00e9en \u00e0 Bucarest","datePublished":"2026-09-04T09:19:56+00:00","dateModified":"2026-09-04T09:29:50+00:00","mainEntityOfPage":{"@id":"https:\/\/www.rri.ro\/fr\/actualites\/les-dossiers-de-lactualite\/le-president-du-conseil-europeen-a-bucarest-2-id1056483.html"},"wordCount":615,"image":{"@id":"https:\/\/www.rri.ro\/fr\/actualites\/les-dossiers-de-lactualite\/le-president-du-conseil-europeen-a-bucarest-2-id1056483.html#primaryimage"},"thumbnailUrl":"https:\/\/www.rri.ro\/wp-content\/uploads\/2026\/09\/Antonio-Costa-Nicusor-Dan-sep2026-presidency-ro.jpg","articleSection":["Les dossiers de l'actualit\u00e9"],"inLanguage":"fr-FR"},{"@type":"WebPage","@id":"https:\/\/www.rri.ro\/fr\/actualites\/les-dossiers-de-lactualite\/le-president-du-conseil-europeen-a-bucarest-2-id1056483.html","url":"https:\/\/www.rri.ro\/fr\/actualites\/les-dossiers-de-lactualite\/le-president-du-conseil-europeen-a-bucarest-2-id1056483.html","name":"Le pr\u00e9sident du Conseil europ\u00e9en \u00e0 Bucarest - Radio Roumanie Internationale","isPartOf":{"@id":"https:\/\/www.rri.ro\/#website"},"primaryImageOfPage":{"@id":"https:\/\/www.rri.ro\/fr\/actualites\/les-dossiers-de-lactualite\/le-president-du-conseil-europeen-a-bucarest-2-id1056483.html#primaryimage"},"image":{"@id":"https:\/\/www.rri.ro\/fr\/actualites\/les-dossiers-de-lactualite\/le-president-du-conseil-europeen-a-bucarest-2-id1056483.html#primaryimage"},"thumbnailUrl":"https:\/\/www.rri.ro\/wp-content\/uploads\/2026\/09\/Antonio-Costa-Nicusor-Dan-sep2026-presidency-ro.jpg","datePublished":"2026-09-04T09:19:56+00:00","dateModified":"2026-09-04T09:29:50+00:00","author":{"@id":"https:\/\/www.rri.ro\/#\/schema\/person\/c6036c822534c855dc3aad41a484f05d"},"breadcrumb":{"@id":"https:\/\/www.rri.ro\/fr\/actualites\/les-dossiers-de-lactualite\/le-president-du-conseil-europeen-a-bucarest-2-id1056483.html#breadcrumb"},"inLanguage":"fr-FR","potentialAction":[{"@type":"ReadAction","target":["https:\/\/www.rri.ro\/fr\/actualites\/les-dossiers-de-lactualite\/le-president-du-conseil-europeen-a-bucarest-2-id1056483.html"]}]},{"@type":"ImageObject","inLanguage":"fr-FR","@id":"https:\/\/www.rri.ro\/fr\/actualites\/les-dossiers-de-lactualite\/le-president-du-conseil-europeen-a-bucarest-2-id1056483.html#primaryimage","url":"https:\/\/www.rri.ro\/wp-content\/uploads\/2026\/09\/Antonio-Costa-Nicusor-Dan-sep2026-presidency-ro.jpg","contentUrl":"https:\/\/www.rri.ro\/wp-content\/uploads\/2026\/09\/Antonio-Costa-Nicusor-Dan-sep2026-presidency-ro.jpg","width":1280,"height":720,"caption":"Antonio Costa , primit de Nicusor Dan la Palatul Cotroceni \/ Foto: presidency.ro"},{"@type":"BreadcrumbList","@id":"https:\/\/www.rri.ro\/fr\/actualites\/les-dossiers-de-lactualite\/le-president-du-conseil-europeen-a-bucarest-2-id1056483.html#breadcrumb","itemListElement":[{"@type":"ListItem","position":1,"name":"Page d'accueil","item":"https:\/\/www.rri.ro\/fr"},{"@type":"ListItem","position":2,"name":"Actualit\u00e9s","item":"https:\/\/www.rri.ro\/fr\/actualites"},{"@type":"ListItem","position":3,"name":"Les dossiers de l'actualit\u00e9","item":"https:\/\/www.rri.ro\/fr\/actualites\/les-dossiers-de-lactualite"},{"@type":"ListItem","position":4,"name":"Le pr\u00e9sident du Conseil europ\u00e9en \u00e0 Bucarest"}]},{"@type":"WebSite","@id":"https:\/\/www.rri.ro\/#website","url":"https:\/\/www.rri.ro\/","name":"Radio Roumanie Internationale","description":"Totul despre Rom\u00e2nia \u015fi rom\u00e2ni, \u00een 13 limbi\/dialecte!","inLanguage":"fr-FR"},{"@type":"Person","@id":"https:\/\/www.rri.ro\/#\/schema\/person\/c6036c822534c855dc3aad41a484f05d","name":"Mihai Pelin","url":"https:\/\/www.rri.ro\/fr\/author\/mihai-pelin"}]}},"_links":{"self":[{"href":"https:\/\/www.rri.ro\/fr\/wp-json\/wp\/v2\/posts\/1056483","targetHints":{"allow":["GET"]}}],"collection":[{"href":"https:\/\/www.rri.ro\/fr\/wp-json\/wp\/v2\/posts"}],"about":[{"href":"https:\/\/www.rri.ro\/fr\/wp-json\/wp\/v2\/types\/post"}],"author":[{"embeddable":true,"href":"https:\/\/www.rri.ro\/fr\/wp-json\/wp\/v2\/users\/106"}],"replies":[{"embeddable":true,"href":"https:\/\/www.rri.ro\/fr\/wp-json\/wp\/v2\/comments?post=1056483"}],"version-history":[{"count":2,"href":"https:\/\/www.rri.ro\/fr\/wp-json\/wp\/v2\/posts\/1056483\/revisions"}],"predecessor-version":[{"id":1056485,"href":"https:\/\/www.rri.ro\/fr\/wp-json\/wp\/v2\/posts\/1056483\/revisions\/1056485"}],"wp:featuredmedia":[{"embeddable":true,"href":"https:\/\/www.rri.ro\/fr\/wp-json\/wp\/v2\/media\/1056420"}],"wp:attachment":[{"href":"https:\/\/www.rri.ro\/fr\/wp-json\/wp\/v2\/media?parent=1056483"}],"wp:term":[{"taxonomy":"category","embeddable":true,"href":"https:\/\/www.rri.ro\/fr\/wp-json\/wp\/v2\/categories?post=1056483"},{"taxonomy":"post_tag","embeddable":true,"href":"https:\/\/www.rri.ro\/fr\/wp-json\/wp\/v2\/tags?post=1056483"},{"taxonomy":"author","embeddable":true,"href":"https:\/\/www.rri.ro\/fr\/wp-json\/wp\/v2\/coauthors?post=1056483"}],"curies":[{"name":"wp","href":"https:\/\/api.w.org\/{rel}","templated":true}]}}