{"id":1056493,"date":"2026-09-04T12:52:15","date_gmt":"2026-09-04T09:52:15","guid":{"rendered":"https:\/\/www.rri.ro\/?p=1056493"},"modified":"2026-09-04T12:52:15","modified_gmt":"2026-09-04T09:52:15","slug":"04-09-2026","status":"publish","type":"post","link":"https:\/\/www.rri.ro\/fr\/actualites\/le-flash\/04-09-2026-id1056493.html","title":{"rendered":"04.09.2026"},"content":{"rendered":"<p><strong>Visite<\/strong> &#8211; La Roumanie souhaite que le futur budget de l&rsquo;Union europ\u00e9enne soit \u00ab ambitieux \u00bb, avec des montants cons\u00e9quents allou\u00e9s aux chapitres \u00ab Coh\u00e9sion \u00bb et \u00ab Agriculture \u00bb, a d\u00e9clar\u00e9 le pr\u00e9sident roumain Nicu\u015for Dan lors d&rsquo;une conf\u00e9rence de presse conjointe avec le pr\u00e9sident du Conseil europ\u00e9en, Antonio Costa en visite \u00e0 Bucarest. Nicu\u015for Dan a re\u00e7u jeudi dans la capitale roumaine le responsable europ\u00e9en, venu en visite de consultation sur les priorit\u00e9s et les pr\u00e9occupations de la Roumanie. Le pr\u00e9sident roumain a indiqu\u00e9 que le principal sujet des discussions avait port\u00e9 sur la n\u00e9gociation du futur budget de l\u2019UE pour la p\u00e9riode 2028-2034. Les discussions entre les deux responsables ont \u00e9galement port\u00e9 sur le processus d\u2019\u00e9largissement de l\u2019Union europ\u00e9enne, la situation en mati\u00e8re de s\u00e9curit\u00e9, ainsi que le soutien de l\u2019Union europ\u00e9enne \u00e0 l\u2019Ukraine. Jeudi \u00e9galement, le pr\u00e9sident du Conseil europ\u00e9en s\u2019est rendu en Bulgarie et en Gr\u00e8ce. Il s\u2019\u00e9tait d\u00e9j\u00e0 rendu en Slovaquie, en Estonie, en Lettonie, en Lituanie, en R\u00e9publique tch\u00e8que, en Hongrie, en Croatie et au Luxembourg.<\/p>\n<p>&nbsp;<\/p>\n<p><strong>Gouvernement<\/strong> &#8211; Le pr\u00e9sident roumain, Nicu\u015for Dan, a annonc\u00e9 qu\u2019il d\u00e9signerait, dans les prochains jours, un candidat au poste de Premier ministre. Le chef de l\u2019\u00c9tat a \u00e9galement indiqu\u00e9 qu\u2019en raison des vacances parlementaires, il aurait \u00e9t\u00e9 difficile d\u2019organiser une s\u00e9ance l\u00e9gislative pour le vote d\u2019investiture d\u2019un nouveau gouvernement. Rappelons que la Roumanie n&rsquo;a plus de gouvernement stable depuis d\u00e9but mai, apr\u00e8s l&rsquo;adoption par le Parlement d&rsquo;une motion de censure contre le gouvernement dirig\u00e9 par le Premier ministre lib\u00e9ral Ilie Bolojan, qui continue d&rsquo;assurer le poste de Premier ministre par int\u00e9rim.<\/p>\n<p>&nbsp;<\/p>\n<p><strong>Diplomatie<\/strong> &#8211; La Ministre roumaine des Affaires Etrang\u00e8res par int\u00e9rim Oana Toiu s\u2019est entretenue \u00e0 Londres avec son homologue britannique Ed Miliband. Selon un communiqu\u00e9 du Minist\u00e8re des Affaires \u00e9trang\u00e8res de Bucarest l\u2019agenda des pourparlers a inclus un large \u00e9ventail de sujets tels la diaspora roumaine du Royaume-Uni, la coop\u00e9ration \u00e9conomique, la s\u00e9curit\u00e9 et la collaboration dans plusieurs domaines tels l\u2019\u00e9ducation et la culture. A cette occasion Oana Toiu a rappel\u00e9 la contribution remarquable au renforcement de la relation bilat\u00e9rale de plus d\u2019un million de citoyens roumains du Royaume-Uni et a remerci\u00e9 pour la mission de police du ciel renforc\u00e9e effectu\u00e9e par les Forces A\u00e9riennes Royales sur le territoire de la Roumanie entre mars et juillet 2026. Qui plus est, les deux responsables ont abord\u00e9 la question du statut actuel des \u00e9changes commerciaux bilat\u00e9raux et de l\u2019adh\u00e9sion de la Roumanie \u00e0 l\u2019Organisation de Coop\u00e9ration et D\u00e9veloppement Economique, pr\u00e9cise \u00e9galement le communiqu\u00e9 du Minist\u00e8re roumain des Affaires Etrang\u00e8res.<\/p>\n<p>&nbsp;<\/p>\n<p><strong>Virus<\/strong> &#8211; 58 cas d&rsquo;infection par le virus du Nil occidental ont \u00e9t\u00e9 recens\u00e9s en Roumanie entre juin et septembre, a annonc\u00e9 l&rsquo;Institut national de sant\u00e9 publique (INSP). Selon cet organisme, trois de ces cas ont entra\u00een\u00e9 le d\u00e9c\u00e8s des patients infect\u00e9es, qui \u00e9taient des personnes \u00e2g\u00e9es pr\u00e9sentant des comorbidit\u00e9s. Les autorit\u00e9s recommandent d&rsquo;\u00e9viter toute exposition aux moustiques et d&rsquo;utiliser des produits chimiques pour les repousser.<\/p>\n<p>&nbsp;<\/p>\n<p><strong>Cin\u00e9ma<\/strong> \u2013 Le Film \u00ab Fjord \u00bb du r\u00e9alisateur Cristian Mungiu est la proposition officielle de la Roumanie pour l\u2019Oscar du meilleur long-m\u00e9trage international de l\u2019ann\u00e9e prochaine, a annonc\u00e9 le Centre National de la Cin\u00e9matographie. La short-list des candidats sera rendue publique par l\u2019Acad\u00e9mie am\u00e9ricaine du film \u00e0 la mi-d\u00e9cembre. \u00ab Fjord \u00bb, port\u00e9 par les stars Sebastian Stan, d\u2019origine roumaine, et Renate Reinsve, a d\u00e9j\u00e0 remport\u00e9 la Palme d\u2019Or \u00e0 Cannes cette ann\u00e9e.<\/p>\n<p>&nbsp;<\/p>\n<p><strong>Tennis<\/strong> \u2013 La joueuse de tennis roumaine Sorana C\u00eerstea affronte ce vendredi l\u2019Italienne Jasmine Paolini, au 3\u00e8me tour de l\u2019US Open, dernier tournoi du Grand Chelem de l\u2019ann\u00e9e. T\u00eate de s\u00e9rie num\u00e9ro 16\u00a0 sur le court new-yorkais, la Roumaine, \u00e2g\u00e9e de 36 ans, s\u2019y est qualifi\u00e9e apr\u00e8s avoir eu raison en deux sets de la joueuse fran\u00e7aise Diane Parry. Dans les tournois de Grand Chelem de 2026, Sorana C\u00eerstea est all\u00e9e jusqu\u2019au deuxi\u00e8me tour \u00e0 l\u2019Open australien, en quarts de finale \u00e0 Roland Garros et au troisi\u00e8me tour \u00e0 Wimbledon.<\/p>\n<p>&nbsp;<\/p>\n<p><strong>M\u00e9t\u00e9o<\/strong> \u2013 En Roumanie, la chaleur persiste surtout dans le sud, tandis que sur le reste du territoire, les temp\u00e9ratures se situent g\u00e9n\u00e9ralement autour des normales saisonni\u00e8res. Le ciel restera variable, avec des nuages temporairement denses, des averses et des orages, notamment dans les Carpates orientales et m\u00e9ridionales, ainsi que sur des zones restreintes dans la moiti\u00e9 sud et au centre du pays. Les temp\u00e9ratures maximales varient entre 23 et 33 degr\u00e9s Celsius. 27 degr\u00e9s et du soleil \u00a0\u00e0 Bucarest.<\/p>\n","protected":false},"excerpt":{"rendered":"<p>Visite &#8211; La Roumanie souhaite que le futur budget de l&rsquo;Union europ\u00e9enne soit \u00ab ambitieux \u00bb, avec des montants cons\u00e9quents allou\u00e9s aux chapitres \u00ab Coh\u00e9sion \u00bb et \u00ab Agriculture \u00bb, a d\u00e9clar\u00e9 le pr\u00e9sident roumain Nicu\u015for Dan lors d&rsquo;une conf\u00e9rence de presse conjointe avec le pr\u00e9sident du Conseil europ\u00e9en, Antonio Costa en visite \u00e0 Bucarest. [&hellip;]<\/p>\n","protected":false},"author":113,"featured_media":723357,"comment_status":"closed","ping_status":"closed","sticky":false,"template":"","format":"standard","meta":{"_acf_changed":false,"footnotes":""},"categories":[89002],"tags":[],"coauthors":[116091],"class_list":["post-1056493","post","type-post","status-publish","format-standard","has-post-thumbnail","hentry","category-le-flash"],"acf":[],"yoast_head":"<!-- This site is optimized with the Yoast SEO plugin v28.2 - https:\/\/yoast.com\/product\/yoast-seo-wordpress\/ -->\n<title>04.09.2026 - Radio Roumanie Internationale<\/title>\n<meta name=\"robots\" content=\"index, follow, max-snippet:-1, max-image-preview:large, max-video-preview:-1\" \/>\n<link rel=\"canonical\" href=\"https:\/\/www.rri.ro\/fr\/actualites\/le-flash\/04-09-2026-id1056493.html\" \/>\n<meta property=\"og:locale\" content=\"fr_FR\" \/>\n<meta property=\"og:type\" content=\"article\" \/>\n<meta property=\"og:title\" content=\"04.09.2026 - Radio Roumanie Internationale\" \/>\n<meta property=\"og:description\" content=\"Visite &#8211; La Roumanie souhaite que le futur budget de l&rsquo;Union europ\u00e9enne soit \u00ab ambitieux \u00bb, avec des montants cons\u00e9quents allou\u00e9s aux chapitres \u00ab Coh\u00e9sion \u00bb et \u00ab Agriculture \u00bb, a d\u00e9clar\u00e9 le pr\u00e9sident roumain Nicu\u015for Dan lors d&rsquo;une conf\u00e9rence de presse conjointe avec le pr\u00e9sident du Conseil europ\u00e9en, Antonio Costa en visite \u00e0 Bucarest. [&hellip;]\" \/>\n<meta property=\"og:url\" content=\"https:\/\/www.rri.ro\/fr\/actualites\/le-flash\/04-09-2026-id1056493.html\" \/>\n<meta property=\"og:site_name\" content=\"Radio Roumanie Internationale\" \/>\n<meta property=\"article:published_time\" content=\"2026-09-04T09:52:15+00:00\" \/>\n<meta property=\"og:image\" content=\"https:\/\/www.rri.ro\/wp-content\/uploads\/2024\/03\/RRI-960x540-Le-flash-2-NOU.jpg\" \/>\n\t<meta property=\"og:image:width\" content=\"960\" \/>\n\t<meta property=\"og:image:height\" content=\"540\" \/>\n\t<meta property=\"og:image:type\" content=\"image\/jpeg\" \/>\n<meta name=\"author\" content=\"Newsroom\" \/>\n<meta name=\"twitter:card\" content=\"summary_large_image\" \/>\n<meta name=\"twitter:label1\" content=\"\u00c9crit par\" \/>\n\t<meta name=\"twitter:data1\" content=\"Newsroom\" \/>\n\t<meta name=\"twitter:label2\" content=\"Dur\u00e9e de lecture estim\u00e9e\" \/>\n\t<meta name=\"twitter:data2\" content=\"4 minutes\" \/>\n\t<meta name=\"twitter:label3\" content=\"Written by\" \/>\n\t<meta name=\"twitter:data3\" content=\"Newsroom\" \/>\n<script type=\"application\/ld+json\" class=\"yoast-schema-graph\">{\"@context\":\"https:\\\/\\\/schema.org\",\"@graph\":[{\"@type\":\"Article\",\"@id\":\"https:\\\/\\\/www.rri.ro\\\/fr\\\/actualites\\\/le-flash\\\/04-09-2026-id1056493.html#article\",\"isPartOf\":{\"@id\":\"https:\\\/\\\/www.rri.ro\\\/fr\\\/actualites\\\/le-flash\\\/04-09-2026-id1056493.html\"},\"author\":{\"name\":\"Newsroom\",\"@id\":\"https:\\\/\\\/www.rri.ro\\\/#\\\/schema\\\/person\\\/4a479940371b9fdefd194f561e8a7f88\"},\"headline\":\"04.09.2026\",\"datePublished\":\"2026-09-04T09:52:15+00:00\",\"mainEntityOfPage\":{\"@id\":\"https:\\\/\\\/www.rri.ro\\\/fr\\\/actualites\\\/le-flash\\\/04-09-2026-id1056493.html\"},\"wordCount\":842,\"image\":{\"@id\":\"https:\\\/\\\/www.rri.ro\\\/fr\\\/actualites\\\/le-flash\\\/04-09-2026-id1056493.html#primaryimage\"},\"thumbnailUrl\":\"https:\\\/\\\/www.rri.ro\\\/wp-content\\\/uploads\\\/2024\\\/03\\\/RRI-960x540-Le-flash-2-NOU.jpg\",\"articleSection\":[\"Le flash\"],\"inLanguage\":\"fr-FR\"},{\"@type\":\"WebPage\",\"@id\":\"https:\\\/\\\/www.rri.ro\\\/fr\\\/actualites\\\/le-flash\\\/04-09-2026-id1056493.html\",\"url\":\"https:\\\/\\\/www.rri.ro\\\/fr\\\/actualites\\\/le-flash\\\/04-09-2026-id1056493.html\",\"name\":\"04.09.2026 - Radio Roumanie Internationale\",\"isPartOf\":{\"@id\":\"https:\\\/\\\/www.rri.ro\\\/#website\"},\"primaryImageOfPage\":{\"@id\":\"https:\\\/\\\/www.rri.ro\\\/fr\\\/actualites\\\/le-flash\\\/04-09-2026-id1056493.html#primaryimage\"},\"image\":{\"@id\":\"https:\\\/\\\/www.rri.ro\\\/fr\\\/actualites\\\/le-flash\\\/04-09-2026-id1056493.html#primaryimage\"},\"thumbnailUrl\":\"https:\\\/\\\/www.rri.ro\\\/wp-content\\\/uploads\\\/2024\\\/03\\\/RRI-960x540-Le-flash-2-NOU.jpg\",\"datePublished\":\"2026-09-04T09:52:15+00:00\",\"author\":{\"@id\":\"https:\\\/\\\/www.rri.ro\\\/#\\\/schema\\\/person\\\/4a479940371b9fdefd194f561e8a7f88\"},\"breadcrumb\":{\"@id\":\"https:\\\/\\\/www.rri.ro\\\/fr\\\/actualites\\\/le-flash\\\/04-09-2026-id1056493.html#breadcrumb\"},\"inLanguage\":\"fr-FR\",\"potentialAction\":[{\"@type\":\"ReadAction\",\"target\":[\"https:\\\/\\\/www.rri.ro\\\/fr\\\/actualites\\\/le-flash\\\/04-09-2026-id1056493.html\"]}]},{\"@type\":\"ImageObject\",\"inLanguage\":\"fr-FR\",\"@id\":\"https:\\\/\\\/www.rri.ro\\\/fr\\\/actualites\\\/le-flash\\\/04-09-2026-id1056493.html#primaryimage\",\"url\":\"https:\\\/\\\/www.rri.ro\\\/wp-content\\\/uploads\\\/2024\\\/03\\\/RRI-960x540-Le-flash-2-NOU.jpg\",\"contentUrl\":\"https:\\\/\\\/www.rri.ro\\\/wp-content\\\/uploads\\\/2024\\\/03\\\/RRI-960x540-Le-flash-2-NOU.jpg\",\"width\":960,\"height\":540},{\"@type\":\"BreadcrumbList\",\"@id\":\"https:\\\/\\\/www.rri.ro\\\/fr\\\/actualites\\\/le-flash\\\/04-09-2026-id1056493.html#breadcrumb\",\"itemListElement\":[{\"@type\":\"ListItem\",\"position\":1,\"name\":\"Page d'accueil\",\"item\":\"https:\\\/\\\/www.rri.ro\\\/fr\"},{\"@type\":\"ListItem\",\"position\":2,\"name\":\"Actualit\u00e9s\",\"item\":\"https:\\\/\\\/www.rri.ro\\\/fr\\\/actualites\"},{\"@type\":\"ListItem\",\"position\":3,\"name\":\"Le flash\",\"item\":\"https:\\\/\\\/www.rri.ro\\\/fr\\\/actualites\\\/le-flash\"},{\"@type\":\"ListItem\",\"position\":4,\"name\":\"04.09.2026\"}]},{\"@type\":\"WebSite\",\"@id\":\"https:\\\/\\\/www.rri.ro\\\/#website\",\"url\":\"https:\\\/\\\/www.rri.ro\\\/\",\"name\":\"Radio Roumanie Internationale\",\"description\":\"Totul despre Rom\u00e2nia \u015fi rom\u00e2ni, \u00een 13 limbi\\\/dialecte!\",\"inLanguage\":\"fr-FR\"},{\"@type\":\"Person\",\"@id\":\"https:\\\/\\\/www.rri.ro\\\/#\\\/schema\\\/person\\\/4a479940371b9fdefd194f561e8a7f88\",\"name\":\"Newsroom\",\"url\":\"https:\\\/\\\/www.rri.ro\\\/fr\\\/author\\\/newsroom\"}]}<\/script>\n<!-- \/ Yoast SEO plugin. -->","yoast_head_json":{"title":"04.09.2026 - Radio Roumanie Internationale","robots":{"index":"index","follow":"follow","max-snippet":"max-snippet:-1","max-image-preview":"max-image-preview:large","max-video-preview":"max-video-preview:-1"},"canonical":"https:\/\/www.rri.ro\/fr\/actualites\/le-flash\/04-09-2026-id1056493.html","og_locale":"fr_FR","og_type":"article","og_title":"04.09.2026 - Radio Roumanie Internationale","og_description":"Visite &#8211; La Roumanie souhaite que le futur budget de l&rsquo;Union europ\u00e9enne soit \u00ab ambitieux \u00bb, avec des montants cons\u00e9quents allou\u00e9s aux chapitres \u00ab Coh\u00e9sion \u00bb et \u00ab Agriculture \u00bb, a d\u00e9clar\u00e9 le pr\u00e9sident roumain Nicu\u015for Dan lors d&rsquo;une conf\u00e9rence de presse conjointe avec le pr\u00e9sident du Conseil europ\u00e9en, Antonio Costa en visite \u00e0 Bucarest. [&hellip;]","og_url":"https:\/\/www.rri.ro\/fr\/actualites\/le-flash\/04-09-2026-id1056493.html","og_site_name":"Radio Roumanie Internationale","article_published_time":"2026-09-04T09:52:15+00:00","og_image":[{"width":960,"height":540,"url":"https:\/\/www.rri.ro\/wp-content\/uploads\/2024\/03\/RRI-960x540-Le-flash-2-NOU.jpg","type":"image\/jpeg"}],"author":"Newsroom","twitter_card":"summary_large_image","twitter_misc":{"\u00c9crit par":"Newsroom","Dur\u00e9e de lecture estim\u00e9e":"4 minutes","Written by":"Newsroom"},"schema":{"@context":"https:\/\/schema.org","@graph":[{"@type":"Article","@id":"https:\/\/www.rri.ro\/fr\/actualites\/le-flash\/04-09-2026-id1056493.html#article","isPartOf":{"@id":"https:\/\/www.rri.ro\/fr\/actualites\/le-flash\/04-09-2026-id1056493.html"},"author":{"name":"Newsroom","@id":"https:\/\/www.rri.ro\/#\/schema\/person\/4a479940371b9fdefd194f561e8a7f88"},"headline":"04.09.2026","datePublished":"2026-09-04T09:52:15+00:00","mainEntityOfPage":{"@id":"https:\/\/www.rri.ro\/fr\/actualites\/le-flash\/04-09-2026-id1056493.html"},"wordCount":842,"image":{"@id":"https:\/\/www.rri.ro\/fr\/actualites\/le-flash\/04-09-2026-id1056493.html#primaryimage"},"thumbnailUrl":"https:\/\/www.rri.ro\/wp-content\/uploads\/2024\/03\/RRI-960x540-Le-flash-2-NOU.jpg","articleSection":["Le flash"],"inLanguage":"fr-FR"},{"@type":"WebPage","@id":"https:\/\/www.rri.ro\/fr\/actualites\/le-flash\/04-09-2026-id1056493.html","url":"https:\/\/www.rri.ro\/fr\/actualites\/le-flash\/04-09-2026-id1056493.html","name":"04.09.2026 - Radio Roumanie Internationale","isPartOf":{"@id":"https:\/\/www.rri.ro\/#website"},"primaryImageOfPage":{"@id":"https:\/\/www.rri.ro\/fr\/actualites\/le-flash\/04-09-2026-id1056493.html#primaryimage"},"image":{"@id":"https:\/\/www.rri.ro\/fr\/actualites\/le-flash\/04-09-2026-id1056493.html#primaryimage"},"thumbnailUrl":"https:\/\/www.rri.ro\/wp-content\/uploads\/2024\/03\/RRI-960x540-Le-flash-2-NOU.jpg","datePublished":"2026-09-04T09:52:15+00:00","author":{"@id":"https:\/\/www.rri.ro\/#\/schema\/person\/4a479940371b9fdefd194f561e8a7f88"},"breadcrumb":{"@id":"https:\/\/www.rri.ro\/fr\/actualites\/le-flash\/04-09-2026-id1056493.html#breadcrumb"},"inLanguage":"fr-FR","potentialAction":[{"@type":"ReadAction","target":["https:\/\/www.rri.ro\/fr\/actualites\/le-flash\/04-09-2026-id1056493.html"]}]},{"@type":"ImageObject","inLanguage":"fr-FR","@id":"https:\/\/www.rri.ro\/fr\/actualites\/le-flash\/04-09-2026-id1056493.html#primaryimage","url":"https:\/\/www.rri.ro\/wp-content\/uploads\/2024\/03\/RRI-960x540-Le-flash-2-NOU.jpg","contentUrl":"https:\/\/www.rri.ro\/wp-content\/uploads\/2024\/03\/RRI-960x540-Le-flash-2-NOU.jpg","width":960,"height":540},{"@type":"BreadcrumbList","@id":"https:\/\/www.rri.ro\/fr\/actualites\/le-flash\/04-09-2026-id1056493.html#breadcrumb","itemListElement":[{"@type":"ListItem","position":1,"name":"Page d'accueil","item":"https:\/\/www.rri.ro\/fr"},{"@type":"ListItem","position":2,"name":"Actualit\u00e9s","item":"https:\/\/www.rri.ro\/fr\/actualites"},{"@type":"ListItem","position":3,"name":"Le flash","item":"https:\/\/www.rri.ro\/fr\/actualites\/le-flash"},{"@type":"ListItem","position":4,"name":"04.09.2026"}]},{"@type":"WebSite","@id":"https:\/\/www.rri.ro\/#website","url":"https:\/\/www.rri.ro\/","name":"Radio Roumanie Internationale","description":"Totul despre Rom\u00e2nia \u015fi rom\u00e2ni, \u00een 13 limbi\/dialecte!","inLanguage":"fr-FR"},{"@type":"Person","@id":"https:\/\/www.rri.ro\/#\/schema\/person\/4a479940371b9fdefd194f561e8a7f88","name":"Newsroom","url":"https:\/\/www.rri.ro\/fr\/author\/newsroom"}]}},"_links":{"self":[{"href":"https:\/\/www.rri.ro\/fr\/wp-json\/wp\/v2\/posts\/1056493","targetHints":{"allow":["GET"]}}],"collection":[{"href":"https:\/\/www.rri.ro\/fr\/wp-json\/wp\/v2\/posts"}],"about":[{"href":"https:\/\/www.rri.ro\/fr\/wp-json\/wp\/v2\/types\/post"}],"author":[{"embeddable":true,"href":"https:\/\/www.rri.ro\/fr\/wp-json\/wp\/v2\/users\/113"}],"replies":[{"embeddable":true,"href":"https:\/\/www.rri.ro\/fr\/wp-json\/wp\/v2\/comments?post=1056493"}],"version-history":[{"count":1,"href":"https:\/\/www.rri.ro\/fr\/wp-json\/wp\/v2\/posts\/1056493\/revisions"}],"predecessor-version":[{"id":1056494,"href":"https:\/\/www.rri.ro\/fr\/wp-json\/wp\/v2\/posts\/1056493\/revisions\/1056494"}],"wp:featuredmedia":[{"embeddable":true,"href":"https:\/\/www.rri.ro\/fr\/wp-json\/wp\/v2\/media\/723357"}],"wp:attachment":[{"href":"https:\/\/www.rri.ro\/fr\/wp-json\/wp\/v2\/media?parent=1056493"}],"wp:term":[{"taxonomy":"category","embeddable":true,"href":"https:\/\/www.rri.ro\/fr\/wp-json\/wp\/v2\/categories?post=1056493"},{"taxonomy":"post_tag","embeddable":true,"href":"https:\/\/www.rri.ro\/fr\/wp-json\/wp\/v2\/tags?post=1056493"},{"taxonomy":"author","embeddable":true,"href":"https:\/\/www.rri.ro\/fr\/wp-json\/wp\/v2\/coauthors?post=1056493"}],"curies":[{"name":"wp","href":"https:\/\/api.w.org\/{rel}","templated":true}]}}