{"id":1056499,"date":"2026-09-04T13:09:40","date_gmt":"2026-09-04T10:09:40","guid":{"rendered":"https:\/\/www.rri.ro\/?p=1056499"},"modified":"2026-09-04T13:14:16","modified_gmt":"2026-09-04T10:14:16","slug":"decouverte-de-la-vallee-du-jiu","status":"publish","type":"post","link":"https:\/\/www.rri.ro\/fr\/nos-emissions\/visitez-la-roumanie\/decouverte-de-la-vallee-du-jiu-id1056499.html","title":{"rendered":"D\u00e9couverte de la vall\u00e9e du Jiu"},"content":{"rendered":"<p>Nous nous rendons aujourd\u2019hui au sud du d\u00e9partement de Hunedoara, pour faire un tour dans la vall\u00e9e de la rivi\u00e8re Jiu, plus pr\u00e9cis\u00e9ment dans la d\u00e9pression de Petro\u0219ani. La vall\u00e9e du Jiu est une d\u00e9pression intramontagneuse longeant la rivi\u00e8re, connue pour ses richesses naturelles, dont des gisements de houille. Elle est encadr\u00e9e par des montagnes appartenant aux massifs Retezat-Godeanu et Par\u00e2ng-\u0218ureanu-Lotrului, dans les Carpates m\u00e9ridionales.<\/p>\n<p>Parmi les objectifs touristiques locaux, Pe\u0219tera Bolii (la grotte des Bolii) est accessible sur toute sa longueur, ce qui est plut\u00f4t rare parmi les cavit\u00e9s naturelles du pays. L\u2019avant-dernier weekend du mois d\u2019ao\u00fbt, l\u2019association \u00ab\u00a0Urban Lab Valea Jiului\u00a0\u00bb a organis\u00e9, avec le co-financement de l\u2019Administration du Fonds culturel national, l\u2019\u00e9v\u00e9nement\u00a0\u00ab\u00a0Echos de la Grotte. Un \u00e9v\u00e9nement culturel et artistique\u00a0\u00bb, point culminant du projet \u00ab\u00a0Pe\u0219tera Bolii: entre la roche et l\u2019histoire\u00a0\u00bb. Andrada Spafiu, paysagiste et coordinatrice dudit projet, dresse une liste non-exhaustive des attractions de ce coin de la Roumanie<\/p>\n<p><strong>\u00a0<\/strong><\/p>\n<p><em>\u00ab\u00a0La vall\u00e9e du Jiu est une zone qui a tout ce qu\u2019il faut pour offrir une exp\u00e9rience touristique compl\u00e8te. La grotte Bolii et les Gorges B\u0103ni\u0163ei, par exemple, sont des objectifs pl\u00e9biscit\u00e9s par les touristes. Mais, en r\u00e9alit\u00e9, c\u2019est la vall\u00e9e enti\u00e8re qui vaut le d\u00e9tour. Nous sommes entour\u00e9s de cha\u00eenes montagneuses- Retezat, Par\u00e2ng, Vulcan, \u015eureanu-, chacune ayant une personnalit\u00e9 distincte, avec des itin\u00e9raires spectaculaires et des paysages magnifiques. La r\u00e9gion est exceptionnelle pour les randonneurs, qui pourraient passer des mois \u00e0 explorer la nature de la vall\u00e9e du Jiu. Cette zone est aussi int\u00e9ressante du point de vue culturel, notamment en raison de la superposition de plusieurs \u00e9tapes de d\u00e9veloppement historiques. Nous y rencontrons la communaut\u00e9 des \u00ab\u00a0mom\u00e2rlani\u00a0\u00bb, les habitants premiers de ces terres, qui ont r\u00e9ussi \u00e0 pr\u00e9server une certaine partie de leurs traditions jusqu\u2019\u00e0 nos jours. L\u2019industrie mini\u00e8re est enfin venue s\u2019asseoir sur cette base couche historique, modelant les villes et l\u2019esprit des gens. A pr\u00e9sent, la culture des mom\u00e2rlani, le pass\u00e9 industriel et la nature ne s\u2019excluent pas les uns les autres. Au contraire, tout cela se m\u00e9lange d\u2019une fa\u00e7on unique et transforme la vall\u00e9e du Jiu en une destination touristique pour le moins int\u00e9ressante.\u00a0\u00bb<\/em><\/p>\n<p>&nbsp;<\/p>\n<p>Pe\u015fterea Bolii est une des grottes les plus spectaculaires de Roumanie, \u00e0 l\u2019int\u00e9rieure de laquelle pousse des champignons bioluminescents. Elle se trouve \u00e0 6 kilom\u00e8tres au nord de la ville de Petro\u0219ani, sur la route qui relie la vall\u00e9e du Jiu au Pays de Ha\u021beg, l\u2019endroit o\u00f9 les Monts Retezat rencontrent les Monts Sebe\u0219. Le nom de la grotte pourrait \u00eatre li\u00e9 \u00e0 la famille Bolia, qui d\u00e9tenait plusieurs propri\u00e9t\u00e9s dans la r\u00e9gion d\u00e8s le XVe si\u00e8cle. La grotte s\u2019ouvre \u00e0 l\u2019endroit o\u00f9 le ruisseau Jup\u00e2neasa se perd dans les calcaires jurassiques par une fente de 20 m\u00e8tres \u00e0 la base et 10 m\u00e8tres en hauteur. La grande galerie principale cr\u00e9e par endroits de v\u00e9ritables salles tr\u00e8s larges. Sur une longueur de 466 m\u00e8tres, la galerie ne descend que 3 m\u00e8tres. Le ruisseau \u00e0 la sortie de la grotte s\u2019appelle Galbina. Dans les ann\u00e9es 1960, des ponts ont \u00e9t\u00e9 mont\u00e9s pour faciliter la travers\u00e9e du ruisseau, mais ils n\u2019ont pas r\u00e9sist\u00e9 au passage du temps. De nos jours, d\u2019autres passerelles y ont \u00e9t\u00e9 install\u00e9s pour aider \u00e0 parcourir l\u2019enti\u00e8re cavit\u00e9 souterraine sans danger. (Trad. Ileana \u0162\u0103roi)<\/p>\n","protected":false},"excerpt":{"rendered":"<p>Nous nous rendons aujourd\u2019hui au sud du d\u00e9partement de Hunedoara, pour faire un tour dans la vall\u00e9e de la rivi\u00e8re Jiu, plus pr\u00e9cis\u00e9ment dans la d\u00e9pression de Petro\u0219ani. La vall\u00e9e du Jiu est une d\u00e9pression intramontagneuse longeant la rivi\u00e8re, connue pour ses richesses naturelles, dont des gisements de houille. Elle est encadr\u00e9e par des montagnes [&hellip;]<\/p>\n","protected":false},"author":126,"featured_media":904612,"comment_status":"closed","ping_status":"closed","sticky":false,"template":"","format":"standard","meta":{"_acf_changed":false,"footnotes":""},"categories":[96088],"tags":[],"coauthors":[113240],"class_list":["post-1056499","post","type-post","status-publish","format-standard","has-post-thumbnail","hentry","category-visitez-la-roumanie"],"acf":[],"yoast_head":"<!-- This site is optimized with the Yoast SEO plugin v28.2 - https:\/\/yoast.com\/product\/yoast-seo-wordpress\/ -->\n<title>D\u00e9couverte de la vall\u00e9e du Jiu - Radio Roumanie Internationale<\/title>\n<meta name=\"robots\" content=\"index, follow, max-snippet:-1, max-image-preview:large, max-video-preview:-1\" \/>\n<link rel=\"canonical\" href=\"https:\/\/www.rri.ro\/fr\/nos-emissions\/visitez-la-roumanie\/decouverte-de-la-vallee-du-jiu-id1056499.html\" \/>\n<meta property=\"og:locale\" content=\"fr_FR\" \/>\n<meta property=\"og:type\" content=\"article\" \/>\n<meta property=\"og:title\" content=\"D\u00e9couverte de la vall\u00e9e du Jiu - Radio Roumanie Internationale\" \/>\n<meta property=\"og:description\" content=\"Nous nous rendons aujourd\u2019hui au sud du d\u00e9partement de Hunedoara, pour faire un tour dans la vall\u00e9e de la rivi\u00e8re Jiu, plus pr\u00e9cis\u00e9ment dans la d\u00e9pression de Petro\u0219ani. La vall\u00e9e du Jiu est une d\u00e9pression intramontagneuse longeant la rivi\u00e8re, connue pour ses richesses naturelles, dont des gisements de houille. Elle est encadr\u00e9e par des montagnes [&hellip;]\" \/>\n<meta property=\"og:url\" content=\"https:\/\/www.rri.ro\/fr\/nos-emissions\/visitez-la-roumanie\/decouverte-de-la-vallee-du-jiu-id1056499.html\" \/>\n<meta property=\"og:site_name\" content=\"Radio Roumanie Internationale\" \/>\n<meta property=\"article:published_time\" content=\"2026-09-04T10:09:40+00:00\" \/>\n<meta property=\"article:modified_time\" content=\"2026-09-04T10:14:16+00:00\" \/>\n<meta property=\"og:image\" content=\"https:\/\/www.rri.ro\/wp-content\/uploads\/2025\/07\/Transalpina-spre-Parang-Foto-Stefan-Baciu-RRI.jpg\" \/>\n\t<meta property=\"og:image:width\" content=\"1280\" \/>\n\t<meta property=\"og:image:height\" content=\"720\" \/>\n\t<meta property=\"og:image:type\" content=\"image\/jpeg\" \/>\n<meta name=\"author\" content=\"Ana-Maria Cononovici\" \/>\n<meta name=\"twitter:card\" content=\"summary_large_image\" \/>\n<meta name=\"twitter:label1\" content=\"\u00c9crit par\" \/>\n\t<meta name=\"twitter:data1\" content=\"Ana-Maria Cononovici\" \/>\n\t<meta name=\"twitter:label2\" content=\"Dur\u00e9e de lecture estim\u00e9e\" \/>\n\t<meta name=\"twitter:data2\" content=\"3 minutes\" \/>\n\t<meta name=\"twitter:label3\" content=\"Written by\" \/>\n\t<meta name=\"twitter:data3\" content=\"Ana-Maria Cononovici\" \/>\n<script type=\"application\/ld+json\" class=\"yoast-schema-graph\">{\"@context\":\"https:\\\/\\\/schema.org\",\"@graph\":[{\"@type\":\"Article\",\"@id\":\"https:\\\/\\\/www.rri.ro\\\/fr\\\/nos-emissions\\\/visitez-la-roumanie\\\/decouverte-de-la-vallee-du-jiu-id1056499.html#article\",\"isPartOf\":{\"@id\":\"https:\\\/\\\/www.rri.ro\\\/fr\\\/nos-emissions\\\/visitez-la-roumanie\\\/decouverte-de-la-vallee-du-jiu-id1056499.html\"},\"author\":{\"name\":\"Ana-Maria Cononovici\",\"@id\":\"https:\\\/\\\/www.rri.ro\\\/#\\\/schema\\\/person\\\/70ee98042ca8b95ae29876ed4848670e\"},\"headline\":\"D\u00e9couverte de la vall\u00e9e du Jiu\",\"datePublished\":\"2026-09-04T10:09:40+00:00\",\"dateModified\":\"2026-09-04T10:14:16+00:00\",\"mainEntityOfPage\":{\"@id\":\"https:\\\/\\\/www.rri.ro\\\/fr\\\/nos-emissions\\\/visitez-la-roumanie\\\/decouverte-de-la-vallee-du-jiu-id1056499.html\"},\"wordCount\":631,\"image\":{\"@id\":\"https:\\\/\\\/www.rri.ro\\\/fr\\\/nos-emissions\\\/visitez-la-roumanie\\\/decouverte-de-la-vallee-du-jiu-id1056499.html#primaryimage\"},\"thumbnailUrl\":\"https:\\\/\\\/www.rri.ro\\\/wp-content\\\/uploads\\\/2025\\\/07\\\/Transalpina-spre-Parang-Foto-Stefan-Baciu-RRI.jpg\",\"articleSection\":[\"Visitez la Roumanie\"],\"inLanguage\":\"fr-FR\"},{\"@type\":\"WebPage\",\"@id\":\"https:\\\/\\\/www.rri.ro\\\/fr\\\/nos-emissions\\\/visitez-la-roumanie\\\/decouverte-de-la-vallee-du-jiu-id1056499.html\",\"url\":\"https:\\\/\\\/www.rri.ro\\\/fr\\\/nos-emissions\\\/visitez-la-roumanie\\\/decouverte-de-la-vallee-du-jiu-id1056499.html\",\"name\":\"D\u00e9couverte de la vall\u00e9e du Jiu - Radio Roumanie Internationale\",\"isPartOf\":{\"@id\":\"https:\\\/\\\/www.rri.ro\\\/#website\"},\"primaryImageOfPage\":{\"@id\":\"https:\\\/\\\/www.rri.ro\\\/fr\\\/nos-emissions\\\/visitez-la-roumanie\\\/decouverte-de-la-vallee-du-jiu-id1056499.html#primaryimage\"},\"image\":{\"@id\":\"https:\\\/\\\/www.rri.ro\\\/fr\\\/nos-emissions\\\/visitez-la-roumanie\\\/decouverte-de-la-vallee-du-jiu-id1056499.html#primaryimage\"},\"thumbnailUrl\":\"https:\\\/\\\/www.rri.ro\\\/wp-content\\\/uploads\\\/2025\\\/07\\\/Transalpina-spre-Parang-Foto-Stefan-Baciu-RRI.jpg\",\"datePublished\":\"2026-09-04T10:09:40+00:00\",\"dateModified\":\"2026-09-04T10:14:16+00:00\",\"author\":{\"@id\":\"https:\\\/\\\/www.rri.ro\\\/#\\\/schema\\\/person\\\/70ee98042ca8b95ae29876ed4848670e\"},\"breadcrumb\":{\"@id\":\"https:\\\/\\\/www.rri.ro\\\/fr\\\/nos-emissions\\\/visitez-la-roumanie\\\/decouverte-de-la-vallee-du-jiu-id1056499.html#breadcrumb\"},\"inLanguage\":\"fr-FR\",\"potentialAction\":[{\"@type\":\"ReadAction\",\"target\":[\"https:\\\/\\\/www.rri.ro\\\/fr\\\/nos-emissions\\\/visitez-la-roumanie\\\/decouverte-de-la-vallee-du-jiu-id1056499.html\"]}]},{\"@type\":\"ImageObject\",\"inLanguage\":\"fr-FR\",\"@id\":\"https:\\\/\\\/www.rri.ro\\\/fr\\\/nos-emissions\\\/visitez-la-roumanie\\\/decouverte-de-la-vallee-du-jiu-id1056499.html#primaryimage\",\"url\":\"https:\\\/\\\/www.rri.ro\\\/wp-content\\\/uploads\\\/2025\\\/07\\\/Transalpina-spre-Parang-Foto-Stefan-Baciu-RRI.jpg\",\"contentUrl\":\"https:\\\/\\\/www.rri.ro\\\/wp-content\\\/uploads\\\/2025\\\/07\\\/Transalpina-spre-Parang-Foto-Stefan-Baciu-RRI.jpg\",\"width\":1280,\"height\":720,\"caption\":\"Transalpina, verso Par\u00e2ng \\\/ Foto Stefan Baciu, RRI\"},{\"@type\":\"BreadcrumbList\",\"@id\":\"https:\\\/\\\/www.rri.ro\\\/fr\\\/nos-emissions\\\/visitez-la-roumanie\\\/decouverte-de-la-vallee-du-jiu-id1056499.html#breadcrumb\",\"itemListElement\":[{\"@type\":\"ListItem\",\"position\":1,\"name\":\"Page d'accueil\",\"item\":\"https:\\\/\\\/www.rri.ro\\\/fr\"},{\"@type\":\"ListItem\",\"position\":2,\"name\":\"Nos \u00e9missions\",\"item\":\"https:\\\/\\\/www.rri.ro\\\/fr\\\/nos-emissions\"},{\"@type\":\"ListItem\",\"position\":3,\"name\":\"Visitez la Roumanie\",\"item\":\"https:\\\/\\\/www.rri.ro\\\/fr\\\/nos-emissions\\\/visitez-la-roumanie\"},{\"@type\":\"ListItem\",\"position\":4,\"name\":\"D\u00e9couverte de la vall\u00e9e du Jiu\"}]},{\"@type\":\"WebSite\",\"@id\":\"https:\\\/\\\/www.rri.ro\\\/#website\",\"url\":\"https:\\\/\\\/www.rri.ro\\\/\",\"name\":\"Radio Roumanie Internationale\",\"description\":\"Totul despre Rom\u00e2nia \u015fi rom\u00e2ni, \u00een 13 limbi\\\/dialecte!\",\"inLanguage\":\"fr-FR\"},{\"@type\":\"Person\",\"@id\":\"https:\\\/\\\/www.rri.ro\\\/#\\\/schema\\\/person\\\/70ee98042ca8b95ae29876ed4848670e\",\"name\":\"Ana-Maria Cononovici\",\"url\":\"https:\\\/\\\/www.rri.ro\\\/fr\\\/author\\\/ana-maria-cononovici\"}]}<\/script>\n<!-- \/ Yoast SEO plugin. -->","yoast_head_json":{"title":"D\u00e9couverte de la vall\u00e9e du Jiu - Radio Roumanie Internationale","robots":{"index":"index","follow":"follow","max-snippet":"max-snippet:-1","max-image-preview":"max-image-preview:large","max-video-preview":"max-video-preview:-1"},"canonical":"https:\/\/www.rri.ro\/fr\/nos-emissions\/visitez-la-roumanie\/decouverte-de-la-vallee-du-jiu-id1056499.html","og_locale":"fr_FR","og_type":"article","og_title":"D\u00e9couverte de la vall\u00e9e du Jiu - Radio Roumanie Internationale","og_description":"Nous nous rendons aujourd\u2019hui au sud du d\u00e9partement de Hunedoara, pour faire un tour dans la vall\u00e9e de la rivi\u00e8re Jiu, plus pr\u00e9cis\u00e9ment dans la d\u00e9pression de Petro\u0219ani. La vall\u00e9e du Jiu est une d\u00e9pression intramontagneuse longeant la rivi\u00e8re, connue pour ses richesses naturelles, dont des gisements de houille. Elle est encadr\u00e9e par des montagnes [&hellip;]","og_url":"https:\/\/www.rri.ro\/fr\/nos-emissions\/visitez-la-roumanie\/decouverte-de-la-vallee-du-jiu-id1056499.html","og_site_name":"Radio Roumanie Internationale","article_published_time":"2026-09-04T10:09:40+00:00","article_modified_time":"2026-09-04T10:14:16+00:00","og_image":[{"width":1280,"height":720,"url":"https:\/\/www.rri.ro\/wp-content\/uploads\/2025\/07\/Transalpina-spre-Parang-Foto-Stefan-Baciu-RRI.jpg","type":"image\/jpeg"}],"author":"Ana-Maria Cononovici","twitter_card":"summary_large_image","twitter_misc":{"\u00c9crit par":"Ana-Maria Cononovici","Dur\u00e9e de lecture estim\u00e9e":"3 minutes","Written by":"Ana-Maria Cononovici"},"schema":{"@context":"https:\/\/schema.org","@graph":[{"@type":"Article","@id":"https:\/\/www.rri.ro\/fr\/nos-emissions\/visitez-la-roumanie\/decouverte-de-la-vallee-du-jiu-id1056499.html#article","isPartOf":{"@id":"https:\/\/www.rri.ro\/fr\/nos-emissions\/visitez-la-roumanie\/decouverte-de-la-vallee-du-jiu-id1056499.html"},"author":{"name":"Ana-Maria Cononovici","@id":"https:\/\/www.rri.ro\/#\/schema\/person\/70ee98042ca8b95ae29876ed4848670e"},"headline":"D\u00e9couverte de la vall\u00e9e du Jiu","datePublished":"2026-09-04T10:09:40+00:00","dateModified":"2026-09-04T10:14:16+00:00","mainEntityOfPage":{"@id":"https:\/\/www.rri.ro\/fr\/nos-emissions\/visitez-la-roumanie\/decouverte-de-la-vallee-du-jiu-id1056499.html"},"wordCount":631,"image":{"@id":"https:\/\/www.rri.ro\/fr\/nos-emissions\/visitez-la-roumanie\/decouverte-de-la-vallee-du-jiu-id1056499.html#primaryimage"},"thumbnailUrl":"https:\/\/www.rri.ro\/wp-content\/uploads\/2025\/07\/Transalpina-spre-Parang-Foto-Stefan-Baciu-RRI.jpg","articleSection":["Visitez la Roumanie"],"inLanguage":"fr-FR"},{"@type":"WebPage","@id":"https:\/\/www.rri.ro\/fr\/nos-emissions\/visitez-la-roumanie\/decouverte-de-la-vallee-du-jiu-id1056499.html","url":"https:\/\/www.rri.ro\/fr\/nos-emissions\/visitez-la-roumanie\/decouverte-de-la-vallee-du-jiu-id1056499.html","name":"D\u00e9couverte de la vall\u00e9e du Jiu - Radio Roumanie Internationale","isPartOf":{"@id":"https:\/\/www.rri.ro\/#website"},"primaryImageOfPage":{"@id":"https:\/\/www.rri.ro\/fr\/nos-emissions\/visitez-la-roumanie\/decouverte-de-la-vallee-du-jiu-id1056499.html#primaryimage"},"image":{"@id":"https:\/\/www.rri.ro\/fr\/nos-emissions\/visitez-la-roumanie\/decouverte-de-la-vallee-du-jiu-id1056499.html#primaryimage"},"thumbnailUrl":"https:\/\/www.rri.ro\/wp-content\/uploads\/2025\/07\/Transalpina-spre-Parang-Foto-Stefan-Baciu-RRI.jpg","datePublished":"2026-09-04T10:09:40+00:00","dateModified":"2026-09-04T10:14:16+00:00","author":{"@id":"https:\/\/www.rri.ro\/#\/schema\/person\/70ee98042ca8b95ae29876ed4848670e"},"breadcrumb":{"@id":"https:\/\/www.rri.ro\/fr\/nos-emissions\/visitez-la-roumanie\/decouverte-de-la-vallee-du-jiu-id1056499.html#breadcrumb"},"inLanguage":"fr-FR","potentialAction":[{"@type":"ReadAction","target":["https:\/\/www.rri.ro\/fr\/nos-emissions\/visitez-la-roumanie\/decouverte-de-la-vallee-du-jiu-id1056499.html"]}]},{"@type":"ImageObject","inLanguage":"fr-FR","@id":"https:\/\/www.rri.ro\/fr\/nos-emissions\/visitez-la-roumanie\/decouverte-de-la-vallee-du-jiu-id1056499.html#primaryimage","url":"https:\/\/www.rri.ro\/wp-content\/uploads\/2025\/07\/Transalpina-spre-Parang-Foto-Stefan-Baciu-RRI.jpg","contentUrl":"https:\/\/www.rri.ro\/wp-content\/uploads\/2025\/07\/Transalpina-spre-Parang-Foto-Stefan-Baciu-RRI.jpg","width":1280,"height":720,"caption":"Transalpina, verso Par\u00e2ng \/ Foto Stefan Baciu, RRI"},{"@type":"BreadcrumbList","@id":"https:\/\/www.rri.ro\/fr\/nos-emissions\/visitez-la-roumanie\/decouverte-de-la-vallee-du-jiu-id1056499.html#breadcrumb","itemListElement":[{"@type":"ListItem","position":1,"name":"Page d'accueil","item":"https:\/\/www.rri.ro\/fr"},{"@type":"ListItem","position":2,"name":"Nos \u00e9missions","item":"https:\/\/www.rri.ro\/fr\/nos-emissions"},{"@type":"ListItem","position":3,"name":"Visitez la Roumanie","item":"https:\/\/www.rri.ro\/fr\/nos-emissions\/visitez-la-roumanie"},{"@type":"ListItem","position":4,"name":"D\u00e9couverte de la vall\u00e9e du Jiu"}]},{"@type":"WebSite","@id":"https:\/\/www.rri.ro\/#website","url":"https:\/\/www.rri.ro\/","name":"Radio Roumanie Internationale","description":"Totul despre Rom\u00e2nia \u015fi rom\u00e2ni, \u00een 13 limbi\/dialecte!","inLanguage":"fr-FR"},{"@type":"Person","@id":"https:\/\/www.rri.ro\/#\/schema\/person\/70ee98042ca8b95ae29876ed4848670e","name":"Ana-Maria Cononovici","url":"https:\/\/www.rri.ro\/fr\/author\/ana-maria-cononovici"}]}},"_links":{"self":[{"href":"https:\/\/www.rri.ro\/fr\/wp-json\/wp\/v2\/posts\/1056499","targetHints":{"allow":["GET"]}}],"collection":[{"href":"https:\/\/www.rri.ro\/fr\/wp-json\/wp\/v2\/posts"}],"about":[{"href":"https:\/\/www.rri.ro\/fr\/wp-json\/wp\/v2\/types\/post"}],"author":[{"embeddable":true,"href":"https:\/\/www.rri.ro\/fr\/wp-json\/wp\/v2\/users\/126"}],"replies":[{"embeddable":true,"href":"https:\/\/www.rri.ro\/fr\/wp-json\/wp\/v2\/comments?post=1056499"}],"version-history":[{"count":1,"href":"https:\/\/www.rri.ro\/fr\/wp-json\/wp\/v2\/posts\/1056499\/revisions"}],"predecessor-version":[{"id":1056505,"href":"https:\/\/www.rri.ro\/fr\/wp-json\/wp\/v2\/posts\/1056499\/revisions\/1056505"}],"wp:featuredmedia":[{"embeddable":true,"href":"https:\/\/www.rri.ro\/fr\/wp-json\/wp\/v2\/media\/904612"}],"wp:attachment":[{"href":"https:\/\/www.rri.ro\/fr\/wp-json\/wp\/v2\/media?parent=1056499"}],"wp:term":[{"taxonomy":"category","embeddable":true,"href":"https:\/\/www.rri.ro\/fr\/wp-json\/wp\/v2\/categories?post=1056499"},{"taxonomy":"post_tag","embeddable":true,"href":"https:\/\/www.rri.ro\/fr\/wp-json\/wp\/v2\/tags?post=1056499"},{"taxonomy":"author","embeddable":true,"href":"https:\/\/www.rri.ro\/fr\/wp-json\/wp\/v2\/coauthors?post=1056499"}],"curies":[{"name":"wp","href":"https:\/\/api.w.org\/{rel}","templated":true}]}}