{"id":1056618,"date":"2026-09-04T19:20:10","date_gmt":"2026-09-04T16:20:10","guid":{"rendered":"https:\/\/www.rri.ro\/?p=1056618"},"modified":"2026-09-04T19:49:52","modified_gmt":"2026-09-04T16:49:52","slug":"04-09-2026-mise-a-jour","status":"publish","type":"post","link":"https:\/\/www.rri.ro\/fr\/actualites\/le-flash\/04-09-2026-mise-a-jour-id1056618.html","title":{"rendered":"04.09.2026 (mise \u00e0 jour)"},"content":{"rendered":"<p><strong>Accord<\/strong> \u2013 L\u2019accord bilat\u00e9ral dans le domaine de la s\u00e9curit\u00e9 sociale entre les Etats-Unis et la Roumanie est officiellement entr\u00e9 en vigueur, a fait savoir l\u2019Ambassade am\u00e9ricaine \u00e0 Bucarest. Sign\u00e9 initialement le 23 mars 2026, le document a pu entrer en vigueur une fois finalis\u00e9es toutes les proc\u00e9dures de ratification, pr\u00e9cise un communiqu\u00e9 de l\u2019Ambassade. Aux termes de l\u2019accord, le Partenariat Strat\u00e9gique Roumano-Am\u00e9ricain est renforc\u00e9 en \u00e9liminant les barri\u00e8res administratives, en prot\u00e9geant les droits et les facilit\u00e9s sociales et en supprimant les charges financi\u00e8res des travailleurs transfrontaliers, des retrait\u00e9s et des employeurs multinationaux. Cet accord repr\u00e9sente aussi un progr\u00e8s significatif dans les relations commerciales bilat\u00e9rales, offrant de la s\u00e9curit\u00e9 \u00e9conomique sur le long terme tant aux citoyens, qu\u2019aux entreprises roumaines et am\u00e9ricaines, pr\u00e9cise encore le communiqu\u00e9.<\/p>\n<p>&nbsp;<\/p>\n<p><strong>Meloni<\/strong> \u2013 Le pr\u00e9sident roumain Nicusor Dan a f\u00e9licit\u00e9 vendredi Mme Georgia Meloni, apr\u00e8s que le gouvernement de celle-ci est devenu l\u2019Ex\u00e9cutif ayant la plus grande long\u00e9vit\u00e9 de l\u2019histoire de l\u2019Italie. La stabilit\u00e9 gouvernementale assure la continuit\u00e9 institutionnelle, a soulign\u00e9 le chef de l\u2019Etat roumain, dans son message post\u00e9 sur les r\u00e9seaux sociaux. Il a \u00e9galement mis en avant les \u00e9troites relations roumano-italiennes et l\u2019importance de la communaut\u00e9 roumaine d\u2019Italie. \u00ab\u00a0La Roumanie et l\u2019Italie sont reli\u00e9es par un Partenariat Strat\u00e9gique aux fondements profonds. Plus d\u2019un million de Roumains vivent et travaillent en Italie, formant la plus grande diaspora de cet Etat, et nos \u00e9conomies sont aussi \u00e9troitement li\u00e9es. L\u2019Italie est la 2<sup>e<\/sup> partenaire commercial le plus grand de la Roumanie et la principale source des compagnies \u00e0 capital \u00e9tranger d\u2019ici. Nous c\u00e9l\u00e9brons ces liens par l\u2019Ann\u00e9e culturelle Roumanie-Italie \u00bb, a encore pr\u00e9cis\u00e9 pr\u00e9sident roumain Nicusor Dan.<\/p>\n<p>&nbsp;<\/p>\n<p><strong>Drone<\/strong> \u2013 Un fragment de drone a\u00e9rien avec charge explosive, qui flottait \u00e0 environ 5 milles marins \u00e0 l\u2019est de l\u2019entr\u00e9e sur le bras de Sulina du Danube, au d\u00e9partement de Tulcea, a \u00e9t\u00e9 neutralis\u00e9 par une \u00e9quipe des Forces navales roumaines. Selon un communiqu\u00e9 du minist\u00e8re roumain de la D\u00e9fense, une intervention similaire a eu lieu jeudi dans la zone de la Plateforme centrale d\u2019exploitation d\u2019hydrocarbure en mer Noire. Les deux situations ont \u00e9t\u00e9 signal\u00e9es par des navires commerciaux par l\u2019interm\u00e9diaire du Centre r\u00e9gional de coordination maritime. Ce vendredi encore, \u00a0ne aile de drone sans charge explosive a \u00e9t\u00e9 apport\u00e9e par les vagues de la mer Noire sur une plage de Constan\u0163a (sud-est). L\u2019objet a \u00e9t\u00e9 saisi par la Garde c\u00f4ti\u00e8re. Plusieurs incidents similaires ont eu lieu ces derniers mois sur le littoral roumain, dont un fragment de drone avec charge explosive \u00e0 bord.<\/p>\n<p>&nbsp;<\/p>\n<p><strong>Tennis<\/strong> \u2013 La joueuse de tennis roumaine Sorana C\u00eerstea a vaincu ce vendredi l\u2019Italienne Jasmine Paolini, au 3\u00e8me tour de l\u2019US Open, dernier tournoi du Grand Chelem de l\u2019ann\u00e9e. T\u00eate de s\u00e9rie num\u00e9ro 16\u00a0 sur le court new-yorkais, la Roumaine, \u00e2g\u00e9e de 36 ans, s\u2019y est qualifi\u00e9e apr\u00e8s avoir eu raison en deux sets de la joueuse fran\u00e7aise Diane Parry. Dans les tournois de Grand Chelem de 2026, Sorana C\u00eerstea est all\u00e9e jusqu\u2019au deuxi\u00e8me tour \u00e0 l\u2019Open australien, en quarts de finale \u00e0 Roland Garros et au troisi\u00e8me tour \u00e0 Wimbledon.<\/p>\n<p>&nbsp;<\/p>\n<p><strong>M\u00e9t\u00e9o<\/strong> \u2013 Le weekend s\u2019annonce plut\u00f4t chaud en Roumanie, notamment dans le sud, le centre et l\u2019est du territoire, avec des maxima allant de 26 \u00e0 36 degr\u00e9s. Une alerte code jaune \u00e0 la canicule concernera samedi la plupart des r\u00e9gions, \u00e0 l\u2019exception de quelques d\u00e9partements du nord. En m\u00eame temps, la m\u00e9t\u00e9o sera instable sur le nord, le centre et l\u2019est ainsi que sur les montagnes o\u00f9 le vent sera tr\u00e8s fort et sera doubl\u00e9 de pluies \u00e0 verse.<\/p>\n","protected":false},"excerpt":{"rendered":"<p>Accord \u2013 L\u2019accord bilat\u00e9ral dans le domaine de la s\u00e9curit\u00e9 sociale entre les Etats-Unis et la Roumanie est officiellement entr\u00e9 en vigueur, a fait savoir l\u2019Ambassade am\u00e9ricaine \u00e0 Bucarest. Sign\u00e9 initialement le 23 mars 2026, le document a pu entrer en vigueur une fois finalis\u00e9es toutes les proc\u00e9dures de ratification, pr\u00e9cise un communiqu\u00e9 de l\u2019Ambassade. [&hellip;]<\/p>\n","protected":false},"author":113,"featured_media":723357,"comment_status":"closed","ping_status":"closed","sticky":false,"template":"","format":"standard","meta":{"_acf_changed":false,"footnotes":""},"categories":[89002],"tags":[152015,85718,190211,87414,87057],"coauthors":[116091],"class_list":["post-1056618","post","type-post","status-publish","format-standard","has-post-thumbnail","hentry","category-le-flash","tag-drone-fr","tag-etats-unis","tag-giorgia-meloni-fr","tag-italie","tag-securite-sociale"],"acf":[],"yoast_head":"<!-- This site is optimized with the Yoast SEO plugin v28.2 - https:\/\/yoast.com\/product\/yoast-seo-wordpress\/ -->\n<title>04.09.2026 (mise \u00e0 jour) - Radio Roumanie Internationale<\/title>\n<meta name=\"robots\" content=\"index, follow, max-snippet:-1, max-image-preview:large, max-video-preview:-1\" \/>\n<link rel=\"canonical\" href=\"https:\/\/www.rri.ro\/fr\/actualites\/le-flash\/04-09-2026-mise-a-jour-id1056618.html\" \/>\n<meta property=\"og:locale\" content=\"fr_FR\" \/>\n<meta property=\"og:type\" content=\"article\" \/>\n<meta property=\"og:title\" content=\"04.09.2026 (mise \u00e0 jour) - Radio Roumanie Internationale\" \/>\n<meta property=\"og:description\" content=\"Accord \u2013 L\u2019accord bilat\u00e9ral dans le domaine de la s\u00e9curit\u00e9 sociale entre les Etats-Unis et la Roumanie est officiellement entr\u00e9 en vigueur, a fait savoir l\u2019Ambassade am\u00e9ricaine \u00e0 Bucarest. Sign\u00e9 initialement le 23 mars 2026, le document a pu entrer en vigueur une fois finalis\u00e9es toutes les proc\u00e9dures de ratification, pr\u00e9cise un communiqu\u00e9 de l\u2019Ambassade. [&hellip;]\" \/>\n<meta property=\"og:url\" content=\"https:\/\/www.rri.ro\/fr\/actualites\/le-flash\/04-09-2026-mise-a-jour-id1056618.html\" \/>\n<meta property=\"og:site_name\" content=\"Radio Roumanie Internationale\" \/>\n<meta property=\"article:published_time\" content=\"2026-09-04T16:20:10+00:00\" \/>\n<meta property=\"article:modified_time\" content=\"2026-09-04T16:49:52+00:00\" \/>\n<meta property=\"og:image\" content=\"https:\/\/www.rri.ro\/wp-content\/uploads\/2024\/03\/RRI-960x540-Le-flash-2-NOU.jpg\" \/>\n\t<meta property=\"og:image:width\" content=\"960\" \/>\n\t<meta property=\"og:image:height\" content=\"540\" \/>\n\t<meta property=\"og:image:type\" content=\"image\/jpeg\" \/>\n<meta name=\"author\" content=\"Newsroom\" \/>\n<meta name=\"twitter:card\" content=\"summary_large_image\" \/>\n<meta name=\"twitter:label1\" content=\"\u00c9crit par\" \/>\n\t<meta name=\"twitter:data1\" content=\"Newsroom\" \/>\n\t<meta name=\"twitter:label2\" content=\"Dur\u00e9e de lecture estim\u00e9e\" \/>\n\t<meta name=\"twitter:data2\" content=\"3 minutes\" \/>\n\t<meta name=\"twitter:label3\" content=\"Written by\" \/>\n\t<meta name=\"twitter:data3\" content=\"Newsroom\" \/>\n<script type=\"application\/ld+json\" class=\"yoast-schema-graph\">{\"@context\":\"https:\\\/\\\/schema.org\",\"@graph\":[{\"@type\":\"Article\",\"@id\":\"https:\\\/\\\/www.rri.ro\\\/fr\\\/actualites\\\/le-flash\\\/04-09-2026-mise-a-jour-id1056618.html#article\",\"isPartOf\":{\"@id\":\"https:\\\/\\\/www.rri.ro\\\/fr\\\/actualites\\\/le-flash\\\/04-09-2026-mise-a-jour-id1056618.html\"},\"author\":{\"name\":\"Newsroom\",\"@id\":\"https:\\\/\\\/www.rri.ro\\\/#\\\/schema\\\/person\\\/4a479940371b9fdefd194f561e8a7f88\"},\"headline\":\"04.09.2026 (mise \u00e0 jour)\",\"datePublished\":\"2026-09-04T16:20:10+00:00\",\"dateModified\":\"2026-09-04T16:49:52+00:00\",\"mainEntityOfPage\":{\"@id\":\"https:\\\/\\\/www.rri.ro\\\/fr\\\/actualites\\\/le-flash\\\/04-09-2026-mise-a-jour-id1056618.html\"},\"wordCount\":668,\"image\":{\"@id\":\"https:\\\/\\\/www.rri.ro\\\/fr\\\/actualites\\\/le-flash\\\/04-09-2026-mise-a-jour-id1056618.html#primaryimage\"},\"thumbnailUrl\":\"https:\\\/\\\/www.rri.ro\\\/wp-content\\\/uploads\\\/2024\\\/03\\\/RRI-960x540-Le-flash-2-NOU.jpg\",\"keywords\":[\"drone\",\"Etats-Unis\",\"Giorgia Meloni\",\"Italie\",\"s\u00e9curit\u00e9 sociale\"],\"articleSection\":[\"Le flash\"],\"inLanguage\":\"fr-FR\"},{\"@type\":\"WebPage\",\"@id\":\"https:\\\/\\\/www.rri.ro\\\/fr\\\/actualites\\\/le-flash\\\/04-09-2026-mise-a-jour-id1056618.html\",\"url\":\"https:\\\/\\\/www.rri.ro\\\/fr\\\/actualites\\\/le-flash\\\/04-09-2026-mise-a-jour-id1056618.html\",\"name\":\"04.09.2026 (mise \u00e0 jour) - Radio Roumanie Internationale\",\"isPartOf\":{\"@id\":\"https:\\\/\\\/www.rri.ro\\\/#website\"},\"primaryImageOfPage\":{\"@id\":\"https:\\\/\\\/www.rri.ro\\\/fr\\\/actualites\\\/le-flash\\\/04-09-2026-mise-a-jour-id1056618.html#primaryimage\"},\"image\":{\"@id\":\"https:\\\/\\\/www.rri.ro\\\/fr\\\/actualites\\\/le-flash\\\/04-09-2026-mise-a-jour-id1056618.html#primaryimage\"},\"thumbnailUrl\":\"https:\\\/\\\/www.rri.ro\\\/wp-content\\\/uploads\\\/2024\\\/03\\\/RRI-960x540-Le-flash-2-NOU.jpg\",\"datePublished\":\"2026-09-04T16:20:10+00:00\",\"dateModified\":\"2026-09-04T16:49:52+00:00\",\"author\":{\"@id\":\"https:\\\/\\\/www.rri.ro\\\/#\\\/schema\\\/person\\\/4a479940371b9fdefd194f561e8a7f88\"},\"breadcrumb\":{\"@id\":\"https:\\\/\\\/www.rri.ro\\\/fr\\\/actualites\\\/le-flash\\\/04-09-2026-mise-a-jour-id1056618.html#breadcrumb\"},\"inLanguage\":\"fr-FR\",\"potentialAction\":[{\"@type\":\"ReadAction\",\"target\":[\"https:\\\/\\\/www.rri.ro\\\/fr\\\/actualites\\\/le-flash\\\/04-09-2026-mise-a-jour-id1056618.html\"]}]},{\"@type\":\"ImageObject\",\"inLanguage\":\"fr-FR\",\"@id\":\"https:\\\/\\\/www.rri.ro\\\/fr\\\/actualites\\\/le-flash\\\/04-09-2026-mise-a-jour-id1056618.html#primaryimage\",\"url\":\"https:\\\/\\\/www.rri.ro\\\/wp-content\\\/uploads\\\/2024\\\/03\\\/RRI-960x540-Le-flash-2-NOU.jpg\",\"contentUrl\":\"https:\\\/\\\/www.rri.ro\\\/wp-content\\\/uploads\\\/2024\\\/03\\\/RRI-960x540-Le-flash-2-NOU.jpg\",\"width\":960,\"height\":540},{\"@type\":\"BreadcrumbList\",\"@id\":\"https:\\\/\\\/www.rri.ro\\\/fr\\\/actualites\\\/le-flash\\\/04-09-2026-mise-a-jour-id1056618.html#breadcrumb\",\"itemListElement\":[{\"@type\":\"ListItem\",\"position\":1,\"name\":\"Page d'accueil\",\"item\":\"https:\\\/\\\/www.rri.ro\\\/fr\"},{\"@type\":\"ListItem\",\"position\":2,\"name\":\"Actualit\u00e9s\",\"item\":\"https:\\\/\\\/www.rri.ro\\\/fr\\\/actualites\"},{\"@type\":\"ListItem\",\"position\":3,\"name\":\"Le flash\",\"item\":\"https:\\\/\\\/www.rri.ro\\\/fr\\\/actualites\\\/le-flash\"},{\"@type\":\"ListItem\",\"position\":4,\"name\":\"04.09.2026 (mise \u00e0 jour)\"}]},{\"@type\":\"WebSite\",\"@id\":\"https:\\\/\\\/www.rri.ro\\\/#website\",\"url\":\"https:\\\/\\\/www.rri.ro\\\/\",\"name\":\"Radio Roumanie Internationale\",\"description\":\"Totul despre Rom\u00e2nia \u015fi rom\u00e2ni, \u00een 13 limbi\\\/dialecte!\",\"inLanguage\":\"fr-FR\"},{\"@type\":\"Person\",\"@id\":\"https:\\\/\\\/www.rri.ro\\\/#\\\/schema\\\/person\\\/4a479940371b9fdefd194f561e8a7f88\",\"name\":\"Newsroom\",\"url\":\"https:\\\/\\\/www.rri.ro\\\/fr\\\/author\\\/newsroom\"}]}<\/script>\n<!-- \/ Yoast SEO plugin. -->","yoast_head_json":{"title":"04.09.2026 (mise \u00e0 jour) - Radio Roumanie Internationale","robots":{"index":"index","follow":"follow","max-snippet":"max-snippet:-1","max-image-preview":"max-image-preview:large","max-video-preview":"max-video-preview:-1"},"canonical":"https:\/\/www.rri.ro\/fr\/actualites\/le-flash\/04-09-2026-mise-a-jour-id1056618.html","og_locale":"fr_FR","og_type":"article","og_title":"04.09.2026 (mise \u00e0 jour) - Radio Roumanie Internationale","og_description":"Accord \u2013 L\u2019accord bilat\u00e9ral dans le domaine de la s\u00e9curit\u00e9 sociale entre les Etats-Unis et la Roumanie est officiellement entr\u00e9 en vigueur, a fait savoir l\u2019Ambassade am\u00e9ricaine \u00e0 Bucarest. Sign\u00e9 initialement le 23 mars 2026, le document a pu entrer en vigueur une fois finalis\u00e9es toutes les proc\u00e9dures de ratification, pr\u00e9cise un communiqu\u00e9 de l\u2019Ambassade. [&hellip;]","og_url":"https:\/\/www.rri.ro\/fr\/actualites\/le-flash\/04-09-2026-mise-a-jour-id1056618.html","og_site_name":"Radio Roumanie Internationale","article_published_time":"2026-09-04T16:20:10+00:00","article_modified_time":"2026-09-04T16:49:52+00:00","og_image":[{"width":960,"height":540,"url":"https:\/\/www.rri.ro\/wp-content\/uploads\/2024\/03\/RRI-960x540-Le-flash-2-NOU.jpg","type":"image\/jpeg"}],"author":"Newsroom","twitter_card":"summary_large_image","twitter_misc":{"\u00c9crit par":"Newsroom","Dur\u00e9e de lecture estim\u00e9e":"3 minutes","Written by":"Newsroom"},"schema":{"@context":"https:\/\/schema.org","@graph":[{"@type":"Article","@id":"https:\/\/www.rri.ro\/fr\/actualites\/le-flash\/04-09-2026-mise-a-jour-id1056618.html#article","isPartOf":{"@id":"https:\/\/www.rri.ro\/fr\/actualites\/le-flash\/04-09-2026-mise-a-jour-id1056618.html"},"author":{"name":"Newsroom","@id":"https:\/\/www.rri.ro\/#\/schema\/person\/4a479940371b9fdefd194f561e8a7f88"},"headline":"04.09.2026 (mise \u00e0 jour)","datePublished":"2026-09-04T16:20:10+00:00","dateModified":"2026-09-04T16:49:52+00:00","mainEntityOfPage":{"@id":"https:\/\/www.rri.ro\/fr\/actualites\/le-flash\/04-09-2026-mise-a-jour-id1056618.html"},"wordCount":668,"image":{"@id":"https:\/\/www.rri.ro\/fr\/actualites\/le-flash\/04-09-2026-mise-a-jour-id1056618.html#primaryimage"},"thumbnailUrl":"https:\/\/www.rri.ro\/wp-content\/uploads\/2024\/03\/RRI-960x540-Le-flash-2-NOU.jpg","keywords":["drone","Etats-Unis","Giorgia Meloni","Italie","s\u00e9curit\u00e9 sociale"],"articleSection":["Le flash"],"inLanguage":"fr-FR"},{"@type":"WebPage","@id":"https:\/\/www.rri.ro\/fr\/actualites\/le-flash\/04-09-2026-mise-a-jour-id1056618.html","url":"https:\/\/www.rri.ro\/fr\/actualites\/le-flash\/04-09-2026-mise-a-jour-id1056618.html","name":"04.09.2026 (mise \u00e0 jour) - Radio Roumanie Internationale","isPartOf":{"@id":"https:\/\/www.rri.ro\/#website"},"primaryImageOfPage":{"@id":"https:\/\/www.rri.ro\/fr\/actualites\/le-flash\/04-09-2026-mise-a-jour-id1056618.html#primaryimage"},"image":{"@id":"https:\/\/www.rri.ro\/fr\/actualites\/le-flash\/04-09-2026-mise-a-jour-id1056618.html#primaryimage"},"thumbnailUrl":"https:\/\/www.rri.ro\/wp-content\/uploads\/2024\/03\/RRI-960x540-Le-flash-2-NOU.jpg","datePublished":"2026-09-04T16:20:10+00:00","dateModified":"2026-09-04T16:49:52+00:00","author":{"@id":"https:\/\/www.rri.ro\/#\/schema\/person\/4a479940371b9fdefd194f561e8a7f88"},"breadcrumb":{"@id":"https:\/\/www.rri.ro\/fr\/actualites\/le-flash\/04-09-2026-mise-a-jour-id1056618.html#breadcrumb"},"inLanguage":"fr-FR","potentialAction":[{"@type":"ReadAction","target":["https:\/\/www.rri.ro\/fr\/actualites\/le-flash\/04-09-2026-mise-a-jour-id1056618.html"]}]},{"@type":"ImageObject","inLanguage":"fr-FR","@id":"https:\/\/www.rri.ro\/fr\/actualites\/le-flash\/04-09-2026-mise-a-jour-id1056618.html#primaryimage","url":"https:\/\/www.rri.ro\/wp-content\/uploads\/2024\/03\/RRI-960x540-Le-flash-2-NOU.jpg","contentUrl":"https:\/\/www.rri.ro\/wp-content\/uploads\/2024\/03\/RRI-960x540-Le-flash-2-NOU.jpg","width":960,"height":540},{"@type":"BreadcrumbList","@id":"https:\/\/www.rri.ro\/fr\/actualites\/le-flash\/04-09-2026-mise-a-jour-id1056618.html#breadcrumb","itemListElement":[{"@type":"ListItem","position":1,"name":"Page d'accueil","item":"https:\/\/www.rri.ro\/fr"},{"@type":"ListItem","position":2,"name":"Actualit\u00e9s","item":"https:\/\/www.rri.ro\/fr\/actualites"},{"@type":"ListItem","position":3,"name":"Le flash","item":"https:\/\/www.rri.ro\/fr\/actualites\/le-flash"},{"@type":"ListItem","position":4,"name":"04.09.2026 (mise \u00e0 jour)"}]},{"@type":"WebSite","@id":"https:\/\/www.rri.ro\/#website","url":"https:\/\/www.rri.ro\/","name":"Radio Roumanie Internationale","description":"Totul despre Rom\u00e2nia \u015fi rom\u00e2ni, \u00een 13 limbi\/dialecte!","inLanguage":"fr-FR"},{"@type":"Person","@id":"https:\/\/www.rri.ro\/#\/schema\/person\/4a479940371b9fdefd194f561e8a7f88","name":"Newsroom","url":"https:\/\/www.rri.ro\/fr\/author\/newsroom"}]}},"_links":{"self":[{"href":"https:\/\/www.rri.ro\/fr\/wp-json\/wp\/v2\/posts\/1056618","targetHints":{"allow":["GET"]}}],"collection":[{"href":"https:\/\/www.rri.ro\/fr\/wp-json\/wp\/v2\/posts"}],"about":[{"href":"https:\/\/www.rri.ro\/fr\/wp-json\/wp\/v2\/types\/post"}],"author":[{"embeddable":true,"href":"https:\/\/www.rri.ro\/fr\/wp-json\/wp\/v2\/users\/113"}],"replies":[{"embeddable":true,"href":"https:\/\/www.rri.ro\/fr\/wp-json\/wp\/v2\/comments?post=1056618"}],"version-history":[{"count":3,"href":"https:\/\/www.rri.ro\/fr\/wp-json\/wp\/v2\/posts\/1056618\/revisions"}],"predecessor-version":[{"id":1056627,"href":"https:\/\/www.rri.ro\/fr\/wp-json\/wp\/v2\/posts\/1056618\/revisions\/1056627"}],"wp:featuredmedia":[{"embeddable":true,"href":"https:\/\/www.rri.ro\/fr\/wp-json\/wp\/v2\/media\/723357"}],"wp:attachment":[{"href":"https:\/\/www.rri.ro\/fr\/wp-json\/wp\/v2\/media?parent=1056618"}],"wp:term":[{"taxonomy":"category","embeddable":true,"href":"https:\/\/www.rri.ro\/fr\/wp-json\/wp\/v2\/categories?post=1056618"},{"taxonomy":"post_tag","embeddable":true,"href":"https:\/\/www.rri.ro\/fr\/wp-json\/wp\/v2\/tags?post=1056618"},{"taxonomy":"author","embeddable":true,"href":"https:\/\/www.rri.ro\/fr\/wp-json\/wp\/v2\/coauthors?post=1056618"}],"curies":[{"name":"wp","href":"https:\/\/api.w.org\/{rel}","templated":true}]}}