{"id":1056678,"date":"2026-09-05T12:45:20","date_gmt":"2026-09-05T09:45:20","guid":{"rendered":"https:\/\/www.rri.ro\/?p=1056678"},"modified":"2026-09-05T12:45:20","modified_gmt":"2026-09-05T09:45:20","slug":"05-09-2026","status":"publish","type":"post","link":"https:\/\/www.rri.ro\/fr\/actualites\/le-flash\/05-09-2026-id1056678.html","title":{"rendered":"05.09.2026"},"content":{"rendered":"<p><strong>Premier ministre<\/strong> \u2013 Le pr\u00e9sident roumain Nicusor Dan devrait annoncer aujourd\u2019hui un nouveau candidat \u00e0 la fonction de premier ministre. Pourtant, l\u2019impasse des d\u00e9marches en vue de la formation d\u2019un nouvel Ex\u00e9cutif ne semble pas avoir \u00e9t\u00e9 surmont\u00e9e. Rappelons-le, le cabinet dirig\u00e9 par le lib\u00e9ral Ilie Bolojan a \u00e9t\u00e9 destitu\u00e9 par motion de censure par les sociaux-d\u00e9mocrates, anciens partenaires de la coalition gouvernementale, soutenus par l\u2019opposition souverainiste. \u00ab Le moment est venu de trancher ce probl\u00e8me \u00bb, a r\u00e9cemment d\u00e9clar\u00e9 le chef de l\u2019Etat roumain, sans pour autant annoncer de consultations officielles \u00e0 ce sujet. Propos\u00e9 pour la fonction de premier ministre par le Parti Social-D\u00e9mocrate qu\u2019il dirige, Sorin Grindeanu affirme que les sociaux-d\u00e9mocrates sont pr\u00eats \u00e0 construire une majorit\u00e9 et que l\u2019accent ne devrait pas \u00eatre mis sur les votes de soutien au Parlement, mais sur la situation \u00e9conomique et sociale de la Roumanie. De l\u2019autre c\u00f4t\u00e9 de la barricade, le d\u00e9put\u00e9 europ\u00e9en lib\u00e9ral Siegfried Mure\u015fan, propos\u00e9 au poste de premier ministre par le Parti Natioal Lib\u00e9ral, l\u2019Union Sauvez la Roumanie et l\u2019Union D\u00e9mocrate Maguare de Roumanie, estime que l\u2019\u00e9conomie de la Roumanie fonctionne mieux sans les sociaux-d\u00e9mocrates \u00e0 la gouvernance et que leur retour au sein du futur cabinet se traduirait par un d\u00e9ficit \u00e0 la hausse, par le gaspillage de l\u2019argent public et la mise en doute de la cr\u00e9dibilit\u00e9 du pays au niveau international. Enfin, du c\u00f4t\u00e9 de l\u2019opposition, pour les souverainistes de l\u2019Alliance pour l&rsquo;Union des Roumains, les \u00e9lections anticip\u00e9es sont la seule solution pour surmonter ce blocage politique. Le parti accuse le gouvernement par int\u00e9rim d\u2019avoir men\u00e9 une politique fiscale qui a min\u00e9 le pouvoir d\u2019achat des Roumains et le milieu d\u2019affaires autochtone. Pr\u00e9cisons aussi que, pour \u00eatre investi, un gouvernement roumain doit r\u00e9unir 233 voix favorables.<\/p>\n<p>&nbsp;<\/p>\n<p><strong>Energie<\/strong> \u2013 Il est possible de rattraper rapidement le d\u00e9calage de la Roumanie par rapport \u00e0 la Bulgarie en mati\u00e8re de capacit\u00e9s de stockage d\u2019\u00e9lectricit\u00e9, estime le chef de l\u2019Autorit\u00e9 nationale de r\u00e9glementation dans le domaine de l\u2019Energie, George Niculescu. Il pr\u00e9cise que plus de 80 % du total des autorisations demand\u00e9es visaient justement le stockage, ce qui est un bon signe quant \u00e0 la direction dans laquelle se dirige le syst\u00e8me \u00e9nerg\u00e9tique national. Des projets d\u00e9j\u00e0 construits attendent leurs certificats de branchement pour pouvoir recevoir une licence, ajoute George Niculescu qui exhorte les op\u00e9rateurs du transport et de la distribution d\u2019acc\u00e9l\u00e9rer les d\u00e9marches. Tout cela dans le contexte o\u00f9, vendredi, le Comit\u00e9 de r\u00e9glementation de l\u2019Autorit\u00e9 a approuv\u00e9 des autorisations de cr\u00e9ation et des licences d\u2019exploitation d\u00e9passant au total 1 GW d\u2019\u00e9nergie \u00e9lectrique. A noter que la Roumanie est actuellement confront\u00e9e \u00e0 un d\u00e9ficit d\u2019\u00e9lectrique, alors que les deux r\u00e9acteurs de la Centrale nucl\u00e9aire de Cernavoda, qui assurent ensemble 20 % de la consommation nationale, ont \u00e9t\u00e9 arr\u00eat\u00e9s en raison du d\u00e9bit tr\u00e8s bas du Danube.<\/p>\n<p>&nbsp;<\/p>\n<p><strong>Rentr\u00e9e scolaire<\/strong> \u2013 Le lundi 7 septembre, c\u2019est la rentr\u00e9e des classes pour les pr\u00e8s 3 millions d\u2019\u00e9l\u00e8ves et enfants de Roumanie. Plusieurs nouveaut\u00e9s et changements marqueront cette nouvelle ann\u00e9e scolaire. Par exemple, des standards d\u2019\u00e9valuation sont d\u00e9sormais introduits et les enseignants sont encourag\u00e9s \u00e0 les appliquer afin d\u2019avoir au niveau national des crit\u00e8res communs, r\u00e9partis sur trois niveaux de performance : de base, renforc\u00e9 et avanc\u00e9. Ces crit\u00e8res ne remplaceront pas les notes, mais ils sont cens\u00e9s aligner les arguments selon lesquels une note est accord\u00e9e, quel que soit l\u2019\u00e9tablissement scolaire. Pour ce qui est de l\u2019admission au lyc\u00e9e, une loi permettant d\u2019organiser des examens d\u2019admissions suppl\u00e9mentaires sera soumise la semaine prochaine au vote final au Parlement, dans le contexte o\u00f9 les s\u00e9nateurs de la Commission pour l\u2019enseignement ont vot\u00e9 \u00e0 l\u2019unanimit\u00e9 contre cette d\u00e9marche.<\/p>\n<p>&nbsp;<\/p>\n<p><strong>Drone<\/strong> \u2013 Un fragment de drone a\u00e9rien avec charge explosive, qui flottait \u00e0 environ 5 miles marins \u00e0 l\u2019est de l\u2019entr\u00e9e sur le bras de Sulina du Danube, au d\u00e9partement de Tulcea, a \u00e9t\u00e9 neutralis\u00e9 vendredi par les Forces navales roumaines. Une intervention similaire a eu lieu jeudi dans la zone de la Plateforme centrale d\u2019exploitation d\u2019hydrocarbures en mer Noire, o\u00f9 un fragment de drone a\u00e9rien toujours avec charge explosive a \u00e9t\u00e9 neutralis\u00e9. Les deux situations ont \u00e9t\u00e9 signal\u00e9es par des navires commerciaux par l\u2019interm\u00e9diaire du Centre r\u00e9gional de coordination maritime. Ce vendredi encore, une aile de drone sans charge explosive a \u00e9chou\u00e9 sur une plage de Constan\u0163a (sud-est). Notons que ces appareils sont utilis\u00e9s dans la guerre en Ukraine voisine et arrivent de plus en plus souvent sur le territoire de la Roumanie. R\u00e9cemment, les forces de l\u2019Air Roumains ont abattu trois tels dispositifs qui ont viol\u00e9 l\u2019espace a\u00e9rien national.<\/p>\n<p>&nbsp;<\/p>\n<p><strong>Tennis<\/strong> \u2013 La joueuse de tennis roumaine Sorana C\u00eerstea (n\u00b0 17 mondiale) s\u2019est qualifi\u00e9e dans les 8<sup>e<\/sup> de finale de l\u2019US Open, le dernier tournoi du Grand Chelem de l\u2019ann\u00e9e, o\u00f9 elle affrontera l\u2019Am\u00e9ricaine Jessica Pegula (n\u00b0 3 mondiale) ce dimanche 6 septembre. T\u00eate de s\u00e9rie n\u00b0 16, la Roumaine a vaincu vendredi, en trois sets, l\u2019Italienne Jasmine Paolini.<\/p>\n<p>&nbsp;<\/p>\n<p><strong>M\u00e9t\u00e9o<\/strong> \u2013 L\u2019automne commence par un weekend caniculaire en Roumanie, notamment dans le sud, le centre et le nord-est du territoire, avec des maxima allant de 26 \u00e0 36 degr\u00e9s. D\u2019ailleurs, une alerte code jaune \u00e0 la canicule concerne ce samedi la plupart des r\u00e9gions, \u00e0 l\u2019exception de quelques d\u00e9partements du nord. En m\u00eame temps, la m\u00e9t\u00e9o sera instable sur le nord ainsi que sur les montagnes o\u00f9 le vent sera tr\u00e8s fort et sera doubl\u00e9 de pluies \u00e0 verse. Il fait chaud \u00e0 Bucarest aussi, o\u00f9 le thermom\u00e8tre grimpera jusqu\u2019\u00e0 35\u00b0C.<\/p>\n","protected":false},"excerpt":{"rendered":"<p>Premier ministre \u2013 Le pr\u00e9sident roumain Nicusor Dan devrait annoncer aujourd\u2019hui un nouveau candidat \u00e0 la fonction de premier ministre. Pourtant, l\u2019impasse des d\u00e9marches en vue de la formation d\u2019un nouvel Ex\u00e9cutif ne semble pas avoir \u00e9t\u00e9 surmont\u00e9e. Rappelons-le, le cabinet dirig\u00e9 par le lib\u00e9ral Ilie Bolojan a \u00e9t\u00e9 destitu\u00e9 par motion de censure par [&hellip;]<\/p>\n","protected":false},"author":113,"featured_media":723357,"comment_status":"closed","ping_status":"closed","sticky":false,"template":"","format":"standard","meta":{"_acf_changed":false,"footnotes":""},"categories":[89002],"tags":[89419,152015,92524,116083,86263,85545,91096,184252,133425,143522],"coauthors":[116091],"class_list":["post-1056678","post","type-post","status-publish","format-standard","has-post-thumbnail","hentry","category-le-flash","tag-canicule","tag-drone-fr","tag-elections-anticipees","tag-energie-fr","tag-lycee","tag-premier-ministre","tag-rentree-scolaire","tag-sorana-cirstea-fr","tag-stockage","tag-tennis-fr"],"acf":[],"yoast_head":"<!-- This site is optimized with the Yoast SEO plugin v28.2 - https:\/\/yoast.com\/product\/yoast-seo-wordpress\/ -->\n<title>05.09.2026 - Radio Roumanie Internationale<\/title>\n<meta name=\"robots\" content=\"index, follow, max-snippet:-1, max-image-preview:large, max-video-preview:-1\" \/>\n<link rel=\"canonical\" href=\"https:\/\/www.rri.ro\/fr\/actualites\/le-flash\/05-09-2026-id1056678.html\" \/>\n<meta property=\"og:locale\" content=\"fr_FR\" \/>\n<meta property=\"og:type\" content=\"article\" \/>\n<meta property=\"og:title\" content=\"05.09.2026 - Radio Roumanie Internationale\" \/>\n<meta property=\"og:description\" content=\"Premier ministre \u2013 Le pr\u00e9sident roumain Nicusor Dan devrait annoncer aujourd\u2019hui un nouveau candidat \u00e0 la fonction de premier ministre. Pourtant, l\u2019impasse des d\u00e9marches en vue de la formation d\u2019un nouvel Ex\u00e9cutif ne semble pas avoir \u00e9t\u00e9 surmont\u00e9e. Rappelons-le, le cabinet dirig\u00e9 par le lib\u00e9ral Ilie Bolojan a \u00e9t\u00e9 destitu\u00e9 par motion de censure par [&hellip;]\" \/>\n<meta property=\"og:url\" content=\"https:\/\/www.rri.ro\/fr\/actualites\/le-flash\/05-09-2026-id1056678.html\" \/>\n<meta property=\"og:site_name\" content=\"Radio Roumanie Internationale\" \/>\n<meta property=\"article:published_time\" content=\"2026-09-05T09:45:20+00:00\" \/>\n<meta property=\"og:image\" content=\"https:\/\/www.rri.ro\/wp-content\/uploads\/2024\/03\/RRI-960x540-Le-flash-2-NOU.jpg\" \/>\n\t<meta property=\"og:image:width\" content=\"960\" \/>\n\t<meta property=\"og:image:height\" content=\"540\" \/>\n\t<meta property=\"og:image:type\" content=\"image\/jpeg\" \/>\n<meta name=\"author\" content=\"Newsroom\" \/>\n<meta name=\"twitter:card\" content=\"summary_large_image\" \/>\n<meta name=\"twitter:label1\" content=\"\u00c9crit par\" \/>\n\t<meta name=\"twitter:data1\" content=\"Newsroom\" \/>\n\t<meta name=\"twitter:label2\" content=\"Dur\u00e9e de lecture estim\u00e9e\" \/>\n\t<meta name=\"twitter:data2\" content=\"5 minutes\" \/>\n\t<meta name=\"twitter:label3\" content=\"Written by\" \/>\n\t<meta name=\"twitter:data3\" content=\"Newsroom\" \/>\n<script type=\"application\/ld+json\" class=\"yoast-schema-graph\">{\"@context\":\"https:\\\/\\\/schema.org\",\"@graph\":[{\"@type\":\"Article\",\"@id\":\"https:\\\/\\\/www.rri.ro\\\/fr\\\/actualites\\\/le-flash\\\/05-09-2026-id1056678.html#article\",\"isPartOf\":{\"@id\":\"https:\\\/\\\/www.rri.ro\\\/fr\\\/actualites\\\/le-flash\\\/05-09-2026-id1056678.html\"},\"author\":{\"name\":\"Newsroom\",\"@id\":\"https:\\\/\\\/www.rri.ro\\\/#\\\/schema\\\/person\\\/4a479940371b9fdefd194f561e8a7f88\"},\"headline\":\"05.09.2026\",\"datePublished\":\"2026-09-05T09:45:20+00:00\",\"mainEntityOfPage\":{\"@id\":\"https:\\\/\\\/www.rri.ro\\\/fr\\\/actualites\\\/le-flash\\\/05-09-2026-id1056678.html\"},\"wordCount\":1018,\"image\":{\"@id\":\"https:\\\/\\\/www.rri.ro\\\/fr\\\/actualites\\\/le-flash\\\/05-09-2026-id1056678.html#primaryimage\"},\"thumbnailUrl\":\"https:\\\/\\\/www.rri.ro\\\/wp-content\\\/uploads\\\/2024\\\/03\\\/RRI-960x540-Le-flash-2-NOU.jpg\",\"keywords\":[\"canicule\",\"drone\",\"\u00e9lections anticip\u00e9es\",\"energie\",\"lyc\u00e9e\",\"premier ministre\",\"rentr\u00e9e scolaire\",\"Sorana Cirstea\",\"stockage\",\"tennis\"],\"articleSection\":[\"Le flash\"],\"inLanguage\":\"fr-FR\"},{\"@type\":\"WebPage\",\"@id\":\"https:\\\/\\\/www.rri.ro\\\/fr\\\/actualites\\\/le-flash\\\/05-09-2026-id1056678.html\",\"url\":\"https:\\\/\\\/www.rri.ro\\\/fr\\\/actualites\\\/le-flash\\\/05-09-2026-id1056678.html\",\"name\":\"05.09.2026 - Radio Roumanie Internationale\",\"isPartOf\":{\"@id\":\"https:\\\/\\\/www.rri.ro\\\/#website\"},\"primaryImageOfPage\":{\"@id\":\"https:\\\/\\\/www.rri.ro\\\/fr\\\/actualites\\\/le-flash\\\/05-09-2026-id1056678.html#primaryimage\"},\"image\":{\"@id\":\"https:\\\/\\\/www.rri.ro\\\/fr\\\/actualites\\\/le-flash\\\/05-09-2026-id1056678.html#primaryimage\"},\"thumbnailUrl\":\"https:\\\/\\\/www.rri.ro\\\/wp-content\\\/uploads\\\/2024\\\/03\\\/RRI-960x540-Le-flash-2-NOU.jpg\",\"datePublished\":\"2026-09-05T09:45:20+00:00\",\"author\":{\"@id\":\"https:\\\/\\\/www.rri.ro\\\/#\\\/schema\\\/person\\\/4a479940371b9fdefd194f561e8a7f88\"},\"breadcrumb\":{\"@id\":\"https:\\\/\\\/www.rri.ro\\\/fr\\\/actualites\\\/le-flash\\\/05-09-2026-id1056678.html#breadcrumb\"},\"inLanguage\":\"fr-FR\",\"potentialAction\":[{\"@type\":\"ReadAction\",\"target\":[\"https:\\\/\\\/www.rri.ro\\\/fr\\\/actualites\\\/le-flash\\\/05-09-2026-id1056678.html\"]}]},{\"@type\":\"ImageObject\",\"inLanguage\":\"fr-FR\",\"@id\":\"https:\\\/\\\/www.rri.ro\\\/fr\\\/actualites\\\/le-flash\\\/05-09-2026-id1056678.html#primaryimage\",\"url\":\"https:\\\/\\\/www.rri.ro\\\/wp-content\\\/uploads\\\/2024\\\/03\\\/RRI-960x540-Le-flash-2-NOU.jpg\",\"contentUrl\":\"https:\\\/\\\/www.rri.ro\\\/wp-content\\\/uploads\\\/2024\\\/03\\\/RRI-960x540-Le-flash-2-NOU.jpg\",\"width\":960,\"height\":540},{\"@type\":\"BreadcrumbList\",\"@id\":\"https:\\\/\\\/www.rri.ro\\\/fr\\\/actualites\\\/le-flash\\\/05-09-2026-id1056678.html#breadcrumb\",\"itemListElement\":[{\"@type\":\"ListItem\",\"position\":1,\"name\":\"Page d'accueil\",\"item\":\"https:\\\/\\\/www.rri.ro\\\/fr\"},{\"@type\":\"ListItem\",\"position\":2,\"name\":\"Actualit\u00e9s\",\"item\":\"https:\\\/\\\/www.rri.ro\\\/fr\\\/actualites\"},{\"@type\":\"ListItem\",\"position\":3,\"name\":\"Le flash\",\"item\":\"https:\\\/\\\/www.rri.ro\\\/fr\\\/actualites\\\/le-flash\"},{\"@type\":\"ListItem\",\"position\":4,\"name\":\"05.09.2026\"}]},{\"@type\":\"WebSite\",\"@id\":\"https:\\\/\\\/www.rri.ro\\\/#website\",\"url\":\"https:\\\/\\\/www.rri.ro\\\/\",\"name\":\"Radio Roumanie Internationale\",\"description\":\"Totul despre Rom\u00e2nia \u015fi rom\u00e2ni, \u00een 13 limbi\\\/dialecte!\",\"inLanguage\":\"fr-FR\"},{\"@type\":\"Person\",\"@id\":\"https:\\\/\\\/www.rri.ro\\\/#\\\/schema\\\/person\\\/4a479940371b9fdefd194f561e8a7f88\",\"name\":\"Newsroom\",\"url\":\"https:\\\/\\\/www.rri.ro\\\/fr\\\/author\\\/newsroom\"}]}<\/script>\n<!-- \/ Yoast SEO plugin. -->","yoast_head_json":{"title":"05.09.2026 - Radio Roumanie Internationale","robots":{"index":"index","follow":"follow","max-snippet":"max-snippet:-1","max-image-preview":"max-image-preview:large","max-video-preview":"max-video-preview:-1"},"canonical":"https:\/\/www.rri.ro\/fr\/actualites\/le-flash\/05-09-2026-id1056678.html","og_locale":"fr_FR","og_type":"article","og_title":"05.09.2026 - Radio Roumanie Internationale","og_description":"Premier ministre \u2013 Le pr\u00e9sident roumain Nicusor Dan devrait annoncer aujourd\u2019hui un nouveau candidat \u00e0 la fonction de premier ministre. Pourtant, l\u2019impasse des d\u00e9marches en vue de la formation d\u2019un nouvel Ex\u00e9cutif ne semble pas avoir \u00e9t\u00e9 surmont\u00e9e. Rappelons-le, le cabinet dirig\u00e9 par le lib\u00e9ral Ilie Bolojan a \u00e9t\u00e9 destitu\u00e9 par motion de censure par [&hellip;]","og_url":"https:\/\/www.rri.ro\/fr\/actualites\/le-flash\/05-09-2026-id1056678.html","og_site_name":"Radio Roumanie Internationale","article_published_time":"2026-09-05T09:45:20+00:00","og_image":[{"width":960,"height":540,"url":"https:\/\/www.rri.ro\/wp-content\/uploads\/2024\/03\/RRI-960x540-Le-flash-2-NOU.jpg","type":"image\/jpeg"}],"author":"Newsroom","twitter_card":"summary_large_image","twitter_misc":{"\u00c9crit par":"Newsroom","Dur\u00e9e de lecture estim\u00e9e":"5 minutes","Written by":"Newsroom"},"schema":{"@context":"https:\/\/schema.org","@graph":[{"@type":"Article","@id":"https:\/\/www.rri.ro\/fr\/actualites\/le-flash\/05-09-2026-id1056678.html#article","isPartOf":{"@id":"https:\/\/www.rri.ro\/fr\/actualites\/le-flash\/05-09-2026-id1056678.html"},"author":{"name":"Newsroom","@id":"https:\/\/www.rri.ro\/#\/schema\/person\/4a479940371b9fdefd194f561e8a7f88"},"headline":"05.09.2026","datePublished":"2026-09-05T09:45:20+00:00","mainEntityOfPage":{"@id":"https:\/\/www.rri.ro\/fr\/actualites\/le-flash\/05-09-2026-id1056678.html"},"wordCount":1018,"image":{"@id":"https:\/\/www.rri.ro\/fr\/actualites\/le-flash\/05-09-2026-id1056678.html#primaryimage"},"thumbnailUrl":"https:\/\/www.rri.ro\/wp-content\/uploads\/2024\/03\/RRI-960x540-Le-flash-2-NOU.jpg","keywords":["canicule","drone","\u00e9lections anticip\u00e9es","energie","lyc\u00e9e","premier ministre","rentr\u00e9e scolaire","Sorana Cirstea","stockage","tennis"],"articleSection":["Le flash"],"inLanguage":"fr-FR"},{"@type":"WebPage","@id":"https:\/\/www.rri.ro\/fr\/actualites\/le-flash\/05-09-2026-id1056678.html","url":"https:\/\/www.rri.ro\/fr\/actualites\/le-flash\/05-09-2026-id1056678.html","name":"05.09.2026 - Radio Roumanie Internationale","isPartOf":{"@id":"https:\/\/www.rri.ro\/#website"},"primaryImageOfPage":{"@id":"https:\/\/www.rri.ro\/fr\/actualites\/le-flash\/05-09-2026-id1056678.html#primaryimage"},"image":{"@id":"https:\/\/www.rri.ro\/fr\/actualites\/le-flash\/05-09-2026-id1056678.html#primaryimage"},"thumbnailUrl":"https:\/\/www.rri.ro\/wp-content\/uploads\/2024\/03\/RRI-960x540-Le-flash-2-NOU.jpg","datePublished":"2026-09-05T09:45:20+00:00","author":{"@id":"https:\/\/www.rri.ro\/#\/schema\/person\/4a479940371b9fdefd194f561e8a7f88"},"breadcrumb":{"@id":"https:\/\/www.rri.ro\/fr\/actualites\/le-flash\/05-09-2026-id1056678.html#breadcrumb"},"inLanguage":"fr-FR","potentialAction":[{"@type":"ReadAction","target":["https:\/\/www.rri.ro\/fr\/actualites\/le-flash\/05-09-2026-id1056678.html"]}]},{"@type":"ImageObject","inLanguage":"fr-FR","@id":"https:\/\/www.rri.ro\/fr\/actualites\/le-flash\/05-09-2026-id1056678.html#primaryimage","url":"https:\/\/www.rri.ro\/wp-content\/uploads\/2024\/03\/RRI-960x540-Le-flash-2-NOU.jpg","contentUrl":"https:\/\/www.rri.ro\/wp-content\/uploads\/2024\/03\/RRI-960x540-Le-flash-2-NOU.jpg","width":960,"height":540},{"@type":"BreadcrumbList","@id":"https:\/\/www.rri.ro\/fr\/actualites\/le-flash\/05-09-2026-id1056678.html#breadcrumb","itemListElement":[{"@type":"ListItem","position":1,"name":"Page d'accueil","item":"https:\/\/www.rri.ro\/fr"},{"@type":"ListItem","position":2,"name":"Actualit\u00e9s","item":"https:\/\/www.rri.ro\/fr\/actualites"},{"@type":"ListItem","position":3,"name":"Le flash","item":"https:\/\/www.rri.ro\/fr\/actualites\/le-flash"},{"@type":"ListItem","position":4,"name":"05.09.2026"}]},{"@type":"WebSite","@id":"https:\/\/www.rri.ro\/#website","url":"https:\/\/www.rri.ro\/","name":"Radio Roumanie Internationale","description":"Totul despre Rom\u00e2nia \u015fi rom\u00e2ni, \u00een 13 limbi\/dialecte!","inLanguage":"fr-FR"},{"@type":"Person","@id":"https:\/\/www.rri.ro\/#\/schema\/person\/4a479940371b9fdefd194f561e8a7f88","name":"Newsroom","url":"https:\/\/www.rri.ro\/fr\/author\/newsroom"}]}},"_links":{"self":[{"href":"https:\/\/www.rri.ro\/fr\/wp-json\/wp\/v2\/posts\/1056678","targetHints":{"allow":["GET"]}}],"collection":[{"href":"https:\/\/www.rri.ro\/fr\/wp-json\/wp\/v2\/posts"}],"about":[{"href":"https:\/\/www.rri.ro\/fr\/wp-json\/wp\/v2\/types\/post"}],"author":[{"embeddable":true,"href":"https:\/\/www.rri.ro\/fr\/wp-json\/wp\/v2\/users\/113"}],"replies":[{"embeddable":true,"href":"https:\/\/www.rri.ro\/fr\/wp-json\/wp\/v2\/comments?post=1056678"}],"version-history":[{"count":1,"href":"https:\/\/www.rri.ro\/fr\/wp-json\/wp\/v2\/posts\/1056678\/revisions"}],"predecessor-version":[{"id":1056679,"href":"https:\/\/www.rri.ro\/fr\/wp-json\/wp\/v2\/posts\/1056678\/revisions\/1056679"}],"wp:featuredmedia":[{"embeddable":true,"href":"https:\/\/www.rri.ro\/fr\/wp-json\/wp\/v2\/media\/723357"}],"wp:attachment":[{"href":"https:\/\/www.rri.ro\/fr\/wp-json\/wp\/v2\/media?parent=1056678"}],"wp:term":[{"taxonomy":"category","embeddable":true,"href":"https:\/\/www.rri.ro\/fr\/wp-json\/wp\/v2\/categories?post=1056678"},{"taxonomy":"post_tag","embeddable":true,"href":"https:\/\/www.rri.ro\/fr\/wp-json\/wp\/v2\/tags?post=1056678"},{"taxonomy":"author","embeddable":true,"href":"https:\/\/www.rri.ro\/fr\/wp-json\/wp\/v2\/coauthors?post=1056678"}],"curies":[{"name":"wp","href":"https:\/\/api.w.org\/{rel}","templated":true}]}}