{"id":1056742,"date":"2026-09-05T16:22:59","date_gmt":"2026-09-05T13:22:59","guid":{"rendered":"https:\/\/www.rri.ro\/?p=1056742"},"modified":"2026-09-05T18:59:06","modified_gmt":"2026-09-05T15:59:06","slug":"ecoutez-lemission-du-05-09-2026","status":"publish","type":"post","link":"https:\/\/www.rri.ro\/fr\/ecoutez-rri\/lemission-du-jour\/ecoutez-lemission-du-05-09-2026-id1056742.html","title":{"rendered":"Ecoutez l&rsquo;\u00e9mission du 05.09.2026"},"content":{"rendered":"<p>Ce samedi, RRI vous propose d&rsquo;abord un tour d&rsquo;horizon de l&rsquo;actualit\u00e9 du jour en Roumanie, dans son Journal, avant de passer en revue les d\u00e9cisions en mati\u00e8re de vacances prises par les Roumains cet \u00e9t\u00e9. On encha\u00eene avec notre Espace Culture consacr\u00e9 \u00e0 un projet pluridisciplinaire qui m\u00eale arts, culture, nature, environnement et m\u00eame agriculture. Suit la recette de notre chef-cuisinier : une soupe paysanne \u00e0 base d&rsquo;abats de poulet. Passionn\u00e9s de musique traditionnelle roumaine, aujourd&rsquo;hui nous vous ferons d\u00e9couvrir les sonorit\u00e9s du folklore sp\u00e9cifique de la Vall\u00e9e du Mures, pour terminer notre emission au bord de la mer Noire, en parlant avec les repr\u00e9sentants d&rsquo;une ONG qui lutte contre la pollution plastique. Bonne \u00e9coute!<\/p>\n<p>&nbsp;<\/p>\n<div style=\"width: 100%; max-width: 960px; margin: 0 auto;\"><iframe style=\"display: block; width: 100%; height: 160px; border: 0;\" title=\"Ecoutez l'\u00e9mission du 05.09.2026\" src=\"https:\/\/mediahub.srr.ro\/e\/BLgS37FpFl\"><br \/>\n<\/iframe><\/div>\n<p>&nbsp;<\/p>\n","protected":false},"excerpt":{"rendered":"<p>Ce samedi, RRI vous propose d&rsquo;abord un tour d&rsquo;horizon de l&rsquo;actualit\u00e9 du jour en Roumanie, dans son Journal, avant de passer en revue les d\u00e9cisions en mati\u00e8re de vacances prises par les Roumains cet \u00e9t\u00e9. On encha\u00eene avec notre Espace Culture consacr\u00e9 \u00e0 un projet pluridisciplinaire qui m\u00eale arts, culture, nature, environnement et m\u00eame agriculture. [&hellip;]<\/p>\n","protected":false},"author":204,"featured_media":809580,"comment_status":"closed","ping_status":"closed","sticky":false,"template":"","format":"audio","meta":{"_acf_changed":false,"footnotes":""},"categories":[132195],"tags":[],"coauthors":[116693],"class_list":["post-1056742","post","type-post","status-publish","format-audio","has-post-thumbnail","hentry","category-lemission-du-jour","post_format-post-format-audio"],"acf":[],"yoast_head":"<!-- This site is optimized with the Yoast SEO plugin v28.2 - https:\/\/yoast.com\/product\/yoast-seo-wordpress\/ -->\n<title>Ecoutez l&#039;\u00e9mission du 05.09.2026 - Radio Roumanie Internationale<\/title>\n<meta name=\"robots\" content=\"index, follow, max-snippet:-1, max-image-preview:large, max-video-preview:-1\" \/>\n<link rel=\"canonical\" href=\"https:\/\/www.rri.ro\/fr\/ecoutez-rri\/lemission-du-jour\/ecoutez-lemission-du-05-09-2026-id1056742.html\" \/>\n<meta property=\"og:locale\" content=\"fr_FR\" \/>\n<meta property=\"og:type\" content=\"article\" \/>\n<meta property=\"og:title\" content=\"Ecoutez l&#039;\u00e9mission du 05.09.2026 - Radio Roumanie Internationale\" \/>\n<meta property=\"og:description\" content=\"Ce samedi, RRI vous propose d&rsquo;abord un tour d&rsquo;horizon de l&rsquo;actualit\u00e9 du jour en Roumanie, dans son Journal, avant de passer en revue les d\u00e9cisions en mati\u00e8re de vacances prises par les Roumains cet \u00e9t\u00e9. On encha\u00eene avec notre Espace Culture consacr\u00e9 \u00e0 un projet pluridisciplinaire qui m\u00eale arts, culture, nature, environnement et m\u00eame agriculture. [&hellip;]\" \/>\n<meta property=\"og:url\" content=\"https:\/\/www.rri.ro\/fr\/ecoutez-rri\/lemission-du-jour\/ecoutez-lemission-du-05-09-2026-id1056742.html\" \/>\n<meta property=\"og:site_name\" content=\"Radio Roumanie Internationale\" \/>\n<meta property=\"article:published_time\" content=\"2026-09-05T13:22:59+00:00\" \/>\n<meta property=\"article:modified_time\" content=\"2026-09-05T15:59:06+00:00\" \/>\n<meta property=\"og:image\" content=\"https:\/\/www.rri.ro\/wp-content\/uploads\/2024\/09\/ucra-microfon-rri-dimensiune-mare-scaled-1.jpg\" \/>\n\t<meta property=\"og:image:width\" content=\"2560\" \/>\n\t<meta property=\"og:image:height\" content=\"1483\" \/>\n\t<meta property=\"og:image:type\" content=\"image\/jpeg\" \/>\n<meta name=\"author\" content=\"Radio Rom\u00e2nia Interna\u021bional\" \/>\n<meta name=\"twitter:card\" content=\"summary_large_image\" \/>\n<meta name=\"twitter:label1\" content=\"\u00c9crit par\" \/>\n\t<meta name=\"twitter:data1\" content=\"Radio Rom\u00e2nia Interna\u021bional\" \/>\n\t<meta name=\"twitter:label2\" content=\"Dur\u00e9e de lecture estim\u00e9e\" \/>\n\t<meta name=\"twitter:data2\" content=\"1 minute\" \/>\n\t<meta name=\"twitter:label3\" content=\"Written by\" \/>\n\t<meta name=\"twitter:data3\" content=\"Radio Rom\u00e2nia Interna\u021bional\" \/>\n<script type=\"application\/ld+json\" class=\"yoast-schema-graph\">{\"@context\":\"https:\\\/\\\/schema.org\",\"@graph\":[{\"@type\":\"Article\",\"@id\":\"https:\\\/\\\/www.rri.ro\\\/fr\\\/ecoutez-rri\\\/lemission-du-jour\\\/ecoutez-lemission-du-05-09-2026-id1056742.html#article\",\"isPartOf\":{\"@id\":\"https:\\\/\\\/www.rri.ro\\\/fr\\\/ecoutez-rri\\\/lemission-du-jour\\\/ecoutez-lemission-du-05-09-2026-id1056742.html\"},\"author\":{\"name\":\"Radio Rom\u00e2nia Interna\u021bional\",\"@id\":\"https:\\\/\\\/www.rri.ro\\\/#\\\/schema\\\/person\\\/b195bd7930c756fef3f8a96bc79e0437\"},\"headline\":\"Ecoutez l&rsquo;\u00e9mission du 05.09.2026\",\"datePublished\":\"2026-09-05T13:22:59+00:00\",\"dateModified\":\"2026-09-05T15:59:06+00:00\",\"mainEntityOfPage\":{\"@id\":\"https:\\\/\\\/www.rri.ro\\\/fr\\\/ecoutez-rri\\\/lemission-du-jour\\\/ecoutez-lemission-du-05-09-2026-id1056742.html\"},\"wordCount\":135,\"image\":{\"@id\":\"https:\\\/\\\/www.rri.ro\\\/fr\\\/ecoutez-rri\\\/lemission-du-jour\\\/ecoutez-lemission-du-05-09-2026-id1056742.html#primaryimage\"},\"thumbnailUrl\":\"https:\\\/\\\/www.rri.ro\\\/wp-content\\\/uploads\\\/2024\\\/09\\\/ucra-microfon-rri-dimensiune-mare-scaled-1.jpg\",\"articleSection\":[\"L'\u00e9mission du jour\"],\"inLanguage\":\"fr-FR\"},{\"@type\":\"WebPage\",\"@id\":\"https:\\\/\\\/www.rri.ro\\\/fr\\\/ecoutez-rri\\\/lemission-du-jour\\\/ecoutez-lemission-du-05-09-2026-id1056742.html\",\"url\":\"https:\\\/\\\/www.rri.ro\\\/fr\\\/ecoutez-rri\\\/lemission-du-jour\\\/ecoutez-lemission-du-05-09-2026-id1056742.html\",\"name\":\"Ecoutez l'\u00e9mission du 05.09.2026 - Radio Roumanie Internationale\",\"isPartOf\":{\"@id\":\"https:\\\/\\\/www.rri.ro\\\/#website\"},\"primaryImageOfPage\":{\"@id\":\"https:\\\/\\\/www.rri.ro\\\/fr\\\/ecoutez-rri\\\/lemission-du-jour\\\/ecoutez-lemission-du-05-09-2026-id1056742.html#primaryimage\"},\"image\":{\"@id\":\"https:\\\/\\\/www.rri.ro\\\/fr\\\/ecoutez-rri\\\/lemission-du-jour\\\/ecoutez-lemission-du-05-09-2026-id1056742.html#primaryimage\"},\"thumbnailUrl\":\"https:\\\/\\\/www.rri.ro\\\/wp-content\\\/uploads\\\/2024\\\/09\\\/ucra-microfon-rri-dimensiune-mare-scaled-1.jpg\",\"datePublished\":\"2026-09-05T13:22:59+00:00\",\"dateModified\":\"2026-09-05T15:59:06+00:00\",\"author\":{\"@id\":\"https:\\\/\\\/www.rri.ro\\\/#\\\/schema\\\/person\\\/b195bd7930c756fef3f8a96bc79e0437\"},\"breadcrumb\":{\"@id\":\"https:\\\/\\\/www.rri.ro\\\/fr\\\/ecoutez-rri\\\/lemission-du-jour\\\/ecoutez-lemission-du-05-09-2026-id1056742.html#breadcrumb\"},\"inLanguage\":\"fr-FR\",\"potentialAction\":[{\"@type\":\"ReadAction\",\"target\":[\"https:\\\/\\\/www.rri.ro\\\/fr\\\/ecoutez-rri\\\/lemission-du-jour\\\/ecoutez-lemission-du-05-09-2026-id1056742.html\"]}]},{\"@type\":\"ImageObject\",\"inLanguage\":\"fr-FR\",\"@id\":\"https:\\\/\\\/www.rri.ro\\\/fr\\\/ecoutez-rri\\\/lemission-du-jour\\\/ecoutez-lemission-du-05-09-2026-id1056742.html#primaryimage\",\"url\":\"https:\\\/\\\/www.rri.ro\\\/wp-content\\\/uploads\\\/2024\\\/09\\\/ucra-microfon-rri-dimensiune-mare-scaled-1.jpg\",\"contentUrl\":\"https:\\\/\\\/www.rri.ro\\\/wp-content\\\/uploads\\\/2024\\\/09\\\/ucra-microfon-rri-dimensiune-mare-scaled-1.jpg\",\"width\":2560,\"height\":1483},{\"@type\":\"BreadcrumbList\",\"@id\":\"https:\\\/\\\/www.rri.ro\\\/fr\\\/ecoutez-rri\\\/lemission-du-jour\\\/ecoutez-lemission-du-05-09-2026-id1056742.html#breadcrumb\",\"itemListElement\":[{\"@type\":\"ListItem\",\"position\":1,\"name\":\"Page d'accueil\",\"item\":\"https:\\\/\\\/www.rri.ro\\\/fr\"},{\"@type\":\"ListItem\",\"position\":2,\"name\":\"Ecoutez RRI\",\"item\":\"https:\\\/\\\/www.rri.ro\\\/fr\\\/ecoutez-rri\"},{\"@type\":\"ListItem\",\"position\":3,\"name\":\"L'\u00e9mission du jour\",\"item\":\"https:\\\/\\\/www.rri.ro\\\/fr\\\/ecoutez-rri\\\/lemission-du-jour\"},{\"@type\":\"ListItem\",\"position\":4,\"name\":\"Ecoutez l&#8217;\u00e9mission du 05.09.2026\"}]},{\"@type\":\"WebSite\",\"@id\":\"https:\\\/\\\/www.rri.ro\\\/#website\",\"url\":\"https:\\\/\\\/www.rri.ro\\\/\",\"name\":\"Radio Roumanie Internationale\",\"description\":\"Totul despre Rom\u00e2nia \u015fi rom\u00e2ni, \u00een 13 limbi\\\/dialecte!\",\"inLanguage\":\"fr-FR\"},{\"@type\":\"Person\",\"@id\":\"https:\\\/\\\/www.rri.ro\\\/#\\\/schema\\\/person\\\/b195bd7930c756fef3f8a96bc79e0437\",\"name\":\"Radio Rom\u00e2nia Interna\u021bional\",\"url\":\"https:\\\/\\\/www.rri.ro\\\/fr\\\/author\\\/rri\"}]}<\/script>\n<!-- \/ Yoast SEO plugin. -->","yoast_head_json":{"title":"Ecoutez l'\u00e9mission du 05.09.2026 - Radio Roumanie Internationale","robots":{"index":"index","follow":"follow","max-snippet":"max-snippet:-1","max-image-preview":"max-image-preview:large","max-video-preview":"max-video-preview:-1"},"canonical":"https:\/\/www.rri.ro\/fr\/ecoutez-rri\/lemission-du-jour\/ecoutez-lemission-du-05-09-2026-id1056742.html","og_locale":"fr_FR","og_type":"article","og_title":"Ecoutez l'\u00e9mission du 05.09.2026 - Radio Roumanie Internationale","og_description":"Ce samedi, RRI vous propose d&rsquo;abord un tour d&rsquo;horizon de l&rsquo;actualit\u00e9 du jour en Roumanie, dans son Journal, avant de passer en revue les d\u00e9cisions en mati\u00e8re de vacances prises par les Roumains cet \u00e9t\u00e9. On encha\u00eene avec notre Espace Culture consacr\u00e9 \u00e0 un projet pluridisciplinaire qui m\u00eale arts, culture, nature, environnement et m\u00eame agriculture. [&hellip;]","og_url":"https:\/\/www.rri.ro\/fr\/ecoutez-rri\/lemission-du-jour\/ecoutez-lemission-du-05-09-2026-id1056742.html","og_site_name":"Radio Roumanie Internationale","article_published_time":"2026-09-05T13:22:59+00:00","article_modified_time":"2026-09-05T15:59:06+00:00","og_image":[{"width":2560,"height":1483,"url":"https:\/\/www.rri.ro\/wp-content\/uploads\/2024\/09\/ucra-microfon-rri-dimensiune-mare-scaled-1.jpg","type":"image\/jpeg"}],"author":"Radio Rom\u00e2nia Interna\u021bional","twitter_card":"summary_large_image","twitter_misc":{"\u00c9crit par":"Radio Rom\u00e2nia Interna\u021bional","Dur\u00e9e de lecture estim\u00e9e":"1 minute","Written by":"Radio Rom\u00e2nia Interna\u021bional"},"schema":{"@context":"https:\/\/schema.org","@graph":[{"@type":"Article","@id":"https:\/\/www.rri.ro\/fr\/ecoutez-rri\/lemission-du-jour\/ecoutez-lemission-du-05-09-2026-id1056742.html#article","isPartOf":{"@id":"https:\/\/www.rri.ro\/fr\/ecoutez-rri\/lemission-du-jour\/ecoutez-lemission-du-05-09-2026-id1056742.html"},"author":{"name":"Radio Rom\u00e2nia Interna\u021bional","@id":"https:\/\/www.rri.ro\/#\/schema\/person\/b195bd7930c756fef3f8a96bc79e0437"},"headline":"Ecoutez l&rsquo;\u00e9mission du 05.09.2026","datePublished":"2026-09-05T13:22:59+00:00","dateModified":"2026-09-05T15:59:06+00:00","mainEntityOfPage":{"@id":"https:\/\/www.rri.ro\/fr\/ecoutez-rri\/lemission-du-jour\/ecoutez-lemission-du-05-09-2026-id1056742.html"},"wordCount":135,"image":{"@id":"https:\/\/www.rri.ro\/fr\/ecoutez-rri\/lemission-du-jour\/ecoutez-lemission-du-05-09-2026-id1056742.html#primaryimage"},"thumbnailUrl":"https:\/\/www.rri.ro\/wp-content\/uploads\/2024\/09\/ucra-microfon-rri-dimensiune-mare-scaled-1.jpg","articleSection":["L'\u00e9mission du jour"],"inLanguage":"fr-FR"},{"@type":"WebPage","@id":"https:\/\/www.rri.ro\/fr\/ecoutez-rri\/lemission-du-jour\/ecoutez-lemission-du-05-09-2026-id1056742.html","url":"https:\/\/www.rri.ro\/fr\/ecoutez-rri\/lemission-du-jour\/ecoutez-lemission-du-05-09-2026-id1056742.html","name":"Ecoutez l'\u00e9mission du 05.09.2026 - Radio Roumanie Internationale","isPartOf":{"@id":"https:\/\/www.rri.ro\/#website"},"primaryImageOfPage":{"@id":"https:\/\/www.rri.ro\/fr\/ecoutez-rri\/lemission-du-jour\/ecoutez-lemission-du-05-09-2026-id1056742.html#primaryimage"},"image":{"@id":"https:\/\/www.rri.ro\/fr\/ecoutez-rri\/lemission-du-jour\/ecoutez-lemission-du-05-09-2026-id1056742.html#primaryimage"},"thumbnailUrl":"https:\/\/www.rri.ro\/wp-content\/uploads\/2024\/09\/ucra-microfon-rri-dimensiune-mare-scaled-1.jpg","datePublished":"2026-09-05T13:22:59+00:00","dateModified":"2026-09-05T15:59:06+00:00","author":{"@id":"https:\/\/www.rri.ro\/#\/schema\/person\/b195bd7930c756fef3f8a96bc79e0437"},"breadcrumb":{"@id":"https:\/\/www.rri.ro\/fr\/ecoutez-rri\/lemission-du-jour\/ecoutez-lemission-du-05-09-2026-id1056742.html#breadcrumb"},"inLanguage":"fr-FR","potentialAction":[{"@type":"ReadAction","target":["https:\/\/www.rri.ro\/fr\/ecoutez-rri\/lemission-du-jour\/ecoutez-lemission-du-05-09-2026-id1056742.html"]}]},{"@type":"ImageObject","inLanguage":"fr-FR","@id":"https:\/\/www.rri.ro\/fr\/ecoutez-rri\/lemission-du-jour\/ecoutez-lemission-du-05-09-2026-id1056742.html#primaryimage","url":"https:\/\/www.rri.ro\/wp-content\/uploads\/2024\/09\/ucra-microfon-rri-dimensiune-mare-scaled-1.jpg","contentUrl":"https:\/\/www.rri.ro\/wp-content\/uploads\/2024\/09\/ucra-microfon-rri-dimensiune-mare-scaled-1.jpg","width":2560,"height":1483},{"@type":"BreadcrumbList","@id":"https:\/\/www.rri.ro\/fr\/ecoutez-rri\/lemission-du-jour\/ecoutez-lemission-du-05-09-2026-id1056742.html#breadcrumb","itemListElement":[{"@type":"ListItem","position":1,"name":"Page d'accueil","item":"https:\/\/www.rri.ro\/fr"},{"@type":"ListItem","position":2,"name":"Ecoutez RRI","item":"https:\/\/www.rri.ro\/fr\/ecoutez-rri"},{"@type":"ListItem","position":3,"name":"L'\u00e9mission du jour","item":"https:\/\/www.rri.ro\/fr\/ecoutez-rri\/lemission-du-jour"},{"@type":"ListItem","position":4,"name":"Ecoutez l&#8217;\u00e9mission du 05.09.2026"}]},{"@type":"WebSite","@id":"https:\/\/www.rri.ro\/#website","url":"https:\/\/www.rri.ro\/","name":"Radio Roumanie Internationale","description":"Totul despre Rom\u00e2nia \u015fi rom\u00e2ni, \u00een 13 limbi\/dialecte!","inLanguage":"fr-FR"},{"@type":"Person","@id":"https:\/\/www.rri.ro\/#\/schema\/person\/b195bd7930c756fef3f8a96bc79e0437","name":"Radio Rom\u00e2nia Interna\u021bional","url":"https:\/\/www.rri.ro\/fr\/author\/rri"}]}},"_links":{"self":[{"href":"https:\/\/www.rri.ro\/fr\/wp-json\/wp\/v2\/posts\/1056742","targetHints":{"allow":["GET"]}}],"collection":[{"href":"https:\/\/www.rri.ro\/fr\/wp-json\/wp\/v2\/posts"}],"about":[{"href":"https:\/\/www.rri.ro\/fr\/wp-json\/wp\/v2\/types\/post"}],"author":[{"embeddable":true,"href":"https:\/\/www.rri.ro\/fr\/wp-json\/wp\/v2\/users\/204"}],"replies":[{"embeddable":true,"href":"https:\/\/www.rri.ro\/fr\/wp-json\/wp\/v2\/comments?post=1056742"}],"version-history":[{"count":2,"href":"https:\/\/www.rri.ro\/fr\/wp-json\/wp\/v2\/posts\/1056742\/revisions"}],"predecessor-version":[{"id":1056753,"href":"https:\/\/www.rri.ro\/fr\/wp-json\/wp\/v2\/posts\/1056742\/revisions\/1056753"}],"wp:featuredmedia":[{"embeddable":true,"href":"https:\/\/www.rri.ro\/fr\/wp-json\/wp\/v2\/media\/809580"}],"wp:attachment":[{"href":"https:\/\/www.rri.ro\/fr\/wp-json\/wp\/v2\/media?parent=1056742"}],"wp:term":[{"taxonomy":"category","embeddable":true,"href":"https:\/\/www.rri.ro\/fr\/wp-json\/wp\/v2\/categories?post=1056742"},{"taxonomy":"post_tag","embeddable":true,"href":"https:\/\/www.rri.ro\/fr\/wp-json\/wp\/v2\/tags?post=1056742"},{"taxonomy":"author","embeddable":true,"href":"https:\/\/www.rri.ro\/fr\/wp-json\/wp\/v2\/coauthors?post=1056742"}],"curies":[{"name":"wp","href":"https:\/\/api.w.org\/{rel}","templated":true}]}}