{"id":1056754,"date":"2026-09-05T19:02:12","date_gmt":"2026-09-05T16:02:12","guid":{"rendered":"https:\/\/www.rri.ro\/?p=1056754"},"modified":"2026-09-05T19:02:12","modified_gmt":"2026-09-05T16:02:12","slug":"05-09-2026-mise-a-jour","status":"publish","type":"post","link":"https:\/\/www.rri.ro\/fr\/actualites\/le-flash\/05-09-2026-mise-a-jour-id1056754.html","title":{"rendered":"05.09.2026 (mise \u00e0 jour)"},"content":{"rendered":"<p><strong>Rentr\u00e9e scolaire<\/strong> \u2013 Ce lundi 7 septembre, c\u2019est la rentr\u00e9e des classes pour les pr\u00e8s 3 millions d\u2019\u00e9l\u00e8ves et enfants de Roumanie. Plusieurs nouveaut\u00e9s et changements marqueront cette nouvelle ann\u00e9e scolaire. Par exemple, des standards d\u2019\u00e9valuation sont d\u00e9sormais introduits et les enseignants sont encourag\u00e9s \u00e0 les appliquer afin d\u2019avoir au niveau national des crit\u00e8res communs, r\u00e9partis sur trois niveaux de performance\u00a0: de base, renforc\u00e9 et avanc\u00e9. Ces crit\u00e8res ne remplaceront pas les notes, mais ils sont cens\u00e9s aligner les arguments selon lesquels une note est accord\u00e9e, quel que soit l\u2019\u00e9tablissement scolaire. Pour ce qui est de l\u2019admission au lyc\u00e9e, une loi permettant d\u2019organiser des examens d\u2019admission suppl\u00e9mentaires sera soumise la semaine prochaine au vote final au Parlement, dans le contexte o\u00f9 les s\u00e9nateurs de la Commission pour l\u2019enseignement ont vot\u00e9 \u00e0 l\u2019unanimit\u00e9 contre cette d\u00e9marche.<\/p>\n<p>&nbsp;<\/p>\n<p><strong>Contrefa\u00e7on<\/strong> \u2013 Suite aux contr\u00f4les men\u00e9s cette semaine, la police roumaine aux fronti\u00e8res au sein de la Garde c\u00f4ti\u00e8re a d\u00e9pist\u00e9 environ 2000 pi\u00e8ces vestimentaires, chaussure, produits de beaut\u00e9 et parfums de marque susceptibles d\u2019\u00eatre des contrefa\u00e7ons. Estim\u00e9s \u00e0 environ 1,8 millions de lei (340 000 euros), les produits ont \u00e9t\u00e9 d\u00e9couverts au d\u00e9partement de Constanta (sud-est) dans deux bus et un minibus qui se d\u00e9pla\u00e7aient entre la Turquie et la Roumanie ainsi que dans un ensemble routier immatricul\u00e9 en R\u00e9publique de Moldova. Les possesseurs ne d\u00e9tenaient pas de documents attestant la provenance des produits ni l\u2019accord des titulaires des marques pour leur mise en vente. Les biens ont \u00e9t\u00e9 confisqu\u00e9s\u00a0pour \u00eatre soumis \u00e0 une expertise.<\/p>\n<p>&nbsp;<\/p>\n<p><strong>Pompiers<\/strong> \u2013 Retour au pays, ce samedi, des pompiers roumains d\u00e9ploy\u00e9s pendant deux semaines en Serbie voisine pour aider leurs camarades serbes \u00e0 lutter contre les incendies de v\u00e9g\u00e9tation qui ont touch\u00e9 de vastes superficies de terrain et de nombreuses communaut\u00e9s. Selon le D\u00e9partement pour les Situations d\u2019Urgence, le soutien leur a \u00e9t\u00e9 offert via le M\u00e9canisme de Protection Civile de l\u2019UE, suite \u00e0 une demande avanc\u00e9e par Belgrade. Pour cette mission, la Roumanie a mobilis\u00e9 69 pompiers et 15 moyens techniques, y compris un h\u00e9licopt\u00e8re Black Hawk S-70M de la r\u00e9serve strat\u00e9gique europ\u00e9enne de capacit\u00e9s d\u2019urgence rescEU.<\/p>\n<p>&nbsp;<\/p>\n<p><strong>Ukraine<\/strong> &#8211; \u00ab\u00a0Les \u00e9missaires du Donald Trump, Jared Kushner et Steve Witkoff, sont arriv\u00e9s ce samedi \u00e0 Moscou, porteurs selon le pr\u00e9sident am\u00e9ricain d&rsquo;une proposition pour mettre fin \u00e0 la guerre en Ukraine, dont l&rsquo;issue semble toujours aussi lointaine\u00a0\u00bb, note l\u2019AFP. Selon l&rsquo;agence, \u00ab\u00a0pour la premi\u00e8re fois depuis le d\u00e9but de leur travail de m\u00e9diateur dans ce conflit, MM. Kushner et Witkoff doivent ensuite se rendre \u00e0 Kiev. Mais les deux a\u00e9roports de la capitale ukrainienne ont \u00e9t\u00e9 frapp\u00e9s par des bombardements russes dans la nuit de vendredi \u00e0 samedi, selon le pr\u00e9sident Volodymyr Zelensky qui y a vu la volont\u00e9 du Kremlin de perturber leur visite\u00a0\u00bb. En r\u00e9plique, le porte-parole du Kremlin, Dmitri Peskov, a affirm\u00e9 samedi que Vladimir Poutine avait ordonn\u00e9 une cessation des frappes pour trois jours sur la capitale ukrainienne, le temps de ces contacts avec les Am\u00e9ricains. M. Peskov a confirm\u00e9 que le pr\u00e9sident russe recevra samedi ses deux h\u00f4tes. A l&rsquo;a\u00e9roport moscovite de Vnoukovo, ou ils ont \u00e9t\u00e9 accueillis par l&rsquo;\u00e9missaire russe pour les questions \u00e9conomiques, Kirill Dmitriev, pr\u00e9cise encore l\u2019AFP.<\/p>\n<p>&nbsp;<\/p>\n<p><strong>Tennis<\/strong> \u2013 La joueuse de tennis roumaine Sorana C\u00eerstea (n\u00b0 17 mondiale) s\u2019est qualifi\u00e9e dans les 8<sup>e<\/sup> de finale de l\u2019US Open, le dernier tournoi du Grand Chelem de l\u2019ann\u00e9e, o\u00f9 elle affrontera l\u2019Am\u00e9ricaine Jessica Pegula (n\u00b0 3 mondiale) ce dimanche 6 septembre. T\u00eate de s\u00e9rie n\u00b0 16, la Roumaine a vaincu vendredi, en trois sets, l\u2019Italienne Jasmine Paolini.<\/p>\n<p>&nbsp;<\/p>\n<p><strong>M\u00e9t\u00e9o<\/strong> \u2013 Apr\u00e8s un samedi plut\u00f4t caniculaire, les temp\u00e9ratures seront \u00e0 la baisse dimanche et lundi sur la plupart du territoire roumain, \u00e0 l\u2019exception du sud. Les maxima iront jusqu\u2019\u00e0 33 degr\u00e9s. On attend du beau temps \u00e0 Bucarest dimanche avec une temp\u00e9rature maximale d\u2019environ 32 degr\u00e9s.<\/p>\n","protected":false},"excerpt":{"rendered":"<p>Rentr\u00e9e scolaire \u2013 Ce lundi 7 septembre, c\u2019est la rentr\u00e9e des classes pour les pr\u00e8s 3 millions d\u2019\u00e9l\u00e8ves et enfants de Roumanie. Plusieurs nouveaut\u00e9s et changements marqueront cette nouvelle ann\u00e9e scolaire. Par exemple, des standards d\u2019\u00e9valuation sont d\u00e9sormais introduits et les enseignants sont encourag\u00e9s \u00e0 les appliquer afin d\u2019avoir au niveau national des crit\u00e8res communs, [&hellip;]<\/p>\n","protected":false},"author":113,"featured_media":723357,"comment_status":"closed","ping_status":"closed","sticky":false,"template":"","format":"standard","meta":{"_acf_changed":false,"footnotes":""},"categories":[89002],"tags":[],"coauthors":[116091],"class_list":["post-1056754","post","type-post","status-publish","format-standard","has-post-thumbnail","hentry","category-le-flash"],"acf":[],"yoast_head":"<!-- This site is optimized with the Yoast SEO plugin v28.2 - https:\/\/yoast.com\/product\/yoast-seo-wordpress\/ -->\n<title>05.09.2026 (mise \u00e0 jour) - Radio Roumanie Internationale<\/title>\n<meta name=\"robots\" content=\"index, follow, max-snippet:-1, max-image-preview:large, max-video-preview:-1\" \/>\n<link rel=\"canonical\" href=\"https:\/\/www.rri.ro\/fr\/actualites\/le-flash\/05-09-2026-mise-a-jour-id1056754.html\" \/>\n<meta property=\"og:locale\" content=\"fr_FR\" \/>\n<meta property=\"og:type\" content=\"article\" \/>\n<meta property=\"og:title\" content=\"05.09.2026 (mise \u00e0 jour) - Radio Roumanie Internationale\" \/>\n<meta property=\"og:description\" content=\"Rentr\u00e9e scolaire \u2013 Ce lundi 7 septembre, c\u2019est la rentr\u00e9e des classes pour les pr\u00e8s 3 millions d\u2019\u00e9l\u00e8ves et enfants de Roumanie. Plusieurs nouveaut\u00e9s et changements marqueront cette nouvelle ann\u00e9e scolaire. Par exemple, des standards d\u2019\u00e9valuation sont d\u00e9sormais introduits et les enseignants sont encourag\u00e9s \u00e0 les appliquer afin d\u2019avoir au niveau national des crit\u00e8res communs, [&hellip;]\" \/>\n<meta property=\"og:url\" content=\"https:\/\/www.rri.ro\/fr\/actualites\/le-flash\/05-09-2026-mise-a-jour-id1056754.html\" \/>\n<meta property=\"og:site_name\" content=\"Radio Roumanie Internationale\" \/>\n<meta property=\"article:published_time\" content=\"2026-09-05T16:02:12+00:00\" \/>\n<meta property=\"og:image\" content=\"https:\/\/www.rri.ro\/wp-content\/uploads\/2024\/03\/RRI-960x540-Le-flash-2-NOU.jpg\" \/>\n\t<meta property=\"og:image:width\" content=\"960\" \/>\n\t<meta property=\"og:image:height\" content=\"540\" \/>\n\t<meta property=\"og:image:type\" content=\"image\/jpeg\" \/>\n<meta name=\"author\" content=\"Newsroom\" \/>\n<meta name=\"twitter:card\" content=\"summary_large_image\" \/>\n<meta name=\"twitter:label1\" content=\"\u00c9crit par\" \/>\n\t<meta name=\"twitter:data1\" content=\"Newsroom\" \/>\n\t<meta name=\"twitter:label2\" content=\"Dur\u00e9e de lecture estim\u00e9e\" \/>\n\t<meta name=\"twitter:data2\" content=\"4 minutes\" \/>\n\t<meta name=\"twitter:label3\" content=\"Written by\" \/>\n\t<meta name=\"twitter:data3\" content=\"Newsroom\" \/>\n<script type=\"application\/ld+json\" class=\"yoast-schema-graph\">{\"@context\":\"https:\\\/\\\/schema.org\",\"@graph\":[{\"@type\":\"Article\",\"@id\":\"https:\\\/\\\/www.rri.ro\\\/fr\\\/actualites\\\/le-flash\\\/05-09-2026-mise-a-jour-id1056754.html#article\",\"isPartOf\":{\"@id\":\"https:\\\/\\\/www.rri.ro\\\/fr\\\/actualites\\\/le-flash\\\/05-09-2026-mise-a-jour-id1056754.html\"},\"author\":{\"name\":\"Newsroom\",\"@id\":\"https:\\\/\\\/www.rri.ro\\\/#\\\/schema\\\/person\\\/4a479940371b9fdefd194f561e8a7f88\"},\"headline\":\"05.09.2026 (mise \u00e0 jour)\",\"datePublished\":\"2026-09-05T16:02:12+00:00\",\"mainEntityOfPage\":{\"@id\":\"https:\\\/\\\/www.rri.ro\\\/fr\\\/actualites\\\/le-flash\\\/05-09-2026-mise-a-jour-id1056754.html\"},\"wordCount\":715,\"image\":{\"@id\":\"https:\\\/\\\/www.rri.ro\\\/fr\\\/actualites\\\/le-flash\\\/05-09-2026-mise-a-jour-id1056754.html#primaryimage\"},\"thumbnailUrl\":\"https:\\\/\\\/www.rri.ro\\\/wp-content\\\/uploads\\\/2024\\\/03\\\/RRI-960x540-Le-flash-2-NOU.jpg\",\"articleSection\":[\"Le flash\"],\"inLanguage\":\"fr-FR\"},{\"@type\":\"WebPage\",\"@id\":\"https:\\\/\\\/www.rri.ro\\\/fr\\\/actualites\\\/le-flash\\\/05-09-2026-mise-a-jour-id1056754.html\",\"url\":\"https:\\\/\\\/www.rri.ro\\\/fr\\\/actualites\\\/le-flash\\\/05-09-2026-mise-a-jour-id1056754.html\",\"name\":\"05.09.2026 (mise \u00e0 jour) - Radio Roumanie Internationale\",\"isPartOf\":{\"@id\":\"https:\\\/\\\/www.rri.ro\\\/#website\"},\"primaryImageOfPage\":{\"@id\":\"https:\\\/\\\/www.rri.ro\\\/fr\\\/actualites\\\/le-flash\\\/05-09-2026-mise-a-jour-id1056754.html#primaryimage\"},\"image\":{\"@id\":\"https:\\\/\\\/www.rri.ro\\\/fr\\\/actualites\\\/le-flash\\\/05-09-2026-mise-a-jour-id1056754.html#primaryimage\"},\"thumbnailUrl\":\"https:\\\/\\\/www.rri.ro\\\/wp-content\\\/uploads\\\/2024\\\/03\\\/RRI-960x540-Le-flash-2-NOU.jpg\",\"datePublished\":\"2026-09-05T16:02:12+00:00\",\"author\":{\"@id\":\"https:\\\/\\\/www.rri.ro\\\/#\\\/schema\\\/person\\\/4a479940371b9fdefd194f561e8a7f88\"},\"breadcrumb\":{\"@id\":\"https:\\\/\\\/www.rri.ro\\\/fr\\\/actualites\\\/le-flash\\\/05-09-2026-mise-a-jour-id1056754.html#breadcrumb\"},\"inLanguage\":\"fr-FR\",\"potentialAction\":[{\"@type\":\"ReadAction\",\"target\":[\"https:\\\/\\\/www.rri.ro\\\/fr\\\/actualites\\\/le-flash\\\/05-09-2026-mise-a-jour-id1056754.html\"]}]},{\"@type\":\"ImageObject\",\"inLanguage\":\"fr-FR\",\"@id\":\"https:\\\/\\\/www.rri.ro\\\/fr\\\/actualites\\\/le-flash\\\/05-09-2026-mise-a-jour-id1056754.html#primaryimage\",\"url\":\"https:\\\/\\\/www.rri.ro\\\/wp-content\\\/uploads\\\/2024\\\/03\\\/RRI-960x540-Le-flash-2-NOU.jpg\",\"contentUrl\":\"https:\\\/\\\/www.rri.ro\\\/wp-content\\\/uploads\\\/2024\\\/03\\\/RRI-960x540-Le-flash-2-NOU.jpg\",\"width\":960,\"height\":540},{\"@type\":\"BreadcrumbList\",\"@id\":\"https:\\\/\\\/www.rri.ro\\\/fr\\\/actualites\\\/le-flash\\\/05-09-2026-mise-a-jour-id1056754.html#breadcrumb\",\"itemListElement\":[{\"@type\":\"ListItem\",\"position\":1,\"name\":\"Page d'accueil\",\"item\":\"https:\\\/\\\/www.rri.ro\\\/fr\"},{\"@type\":\"ListItem\",\"position\":2,\"name\":\"Actualit\u00e9s\",\"item\":\"https:\\\/\\\/www.rri.ro\\\/fr\\\/actualites\"},{\"@type\":\"ListItem\",\"position\":3,\"name\":\"Le flash\",\"item\":\"https:\\\/\\\/www.rri.ro\\\/fr\\\/actualites\\\/le-flash\"},{\"@type\":\"ListItem\",\"position\":4,\"name\":\"05.09.2026 (mise \u00e0 jour)\"}]},{\"@type\":\"WebSite\",\"@id\":\"https:\\\/\\\/www.rri.ro\\\/#website\",\"url\":\"https:\\\/\\\/www.rri.ro\\\/\",\"name\":\"Radio Roumanie Internationale\",\"description\":\"Totul despre Rom\u00e2nia \u015fi rom\u00e2ni, \u00een 13 limbi\\\/dialecte!\",\"inLanguage\":\"fr-FR\"},{\"@type\":\"Person\",\"@id\":\"https:\\\/\\\/www.rri.ro\\\/#\\\/schema\\\/person\\\/4a479940371b9fdefd194f561e8a7f88\",\"name\":\"Newsroom\",\"url\":\"https:\\\/\\\/www.rri.ro\\\/fr\\\/author\\\/newsroom\"}]}<\/script>\n<!-- \/ Yoast SEO plugin. -->","yoast_head_json":{"title":"05.09.2026 (mise \u00e0 jour) - Radio Roumanie Internationale","robots":{"index":"index","follow":"follow","max-snippet":"max-snippet:-1","max-image-preview":"max-image-preview:large","max-video-preview":"max-video-preview:-1"},"canonical":"https:\/\/www.rri.ro\/fr\/actualites\/le-flash\/05-09-2026-mise-a-jour-id1056754.html","og_locale":"fr_FR","og_type":"article","og_title":"05.09.2026 (mise \u00e0 jour) - Radio Roumanie Internationale","og_description":"Rentr\u00e9e scolaire \u2013 Ce lundi 7 septembre, c\u2019est la rentr\u00e9e des classes pour les pr\u00e8s 3 millions d\u2019\u00e9l\u00e8ves et enfants de Roumanie. Plusieurs nouveaut\u00e9s et changements marqueront cette nouvelle ann\u00e9e scolaire. Par exemple, des standards d\u2019\u00e9valuation sont d\u00e9sormais introduits et les enseignants sont encourag\u00e9s \u00e0 les appliquer afin d\u2019avoir au niveau national des crit\u00e8res communs, [&hellip;]","og_url":"https:\/\/www.rri.ro\/fr\/actualites\/le-flash\/05-09-2026-mise-a-jour-id1056754.html","og_site_name":"Radio Roumanie Internationale","article_published_time":"2026-09-05T16:02:12+00:00","og_image":[{"width":960,"height":540,"url":"https:\/\/www.rri.ro\/wp-content\/uploads\/2024\/03\/RRI-960x540-Le-flash-2-NOU.jpg","type":"image\/jpeg"}],"author":"Newsroom","twitter_card":"summary_large_image","twitter_misc":{"\u00c9crit par":"Newsroom","Dur\u00e9e de lecture estim\u00e9e":"4 minutes","Written by":"Newsroom"},"schema":{"@context":"https:\/\/schema.org","@graph":[{"@type":"Article","@id":"https:\/\/www.rri.ro\/fr\/actualites\/le-flash\/05-09-2026-mise-a-jour-id1056754.html#article","isPartOf":{"@id":"https:\/\/www.rri.ro\/fr\/actualites\/le-flash\/05-09-2026-mise-a-jour-id1056754.html"},"author":{"name":"Newsroom","@id":"https:\/\/www.rri.ro\/#\/schema\/person\/4a479940371b9fdefd194f561e8a7f88"},"headline":"05.09.2026 (mise \u00e0 jour)","datePublished":"2026-09-05T16:02:12+00:00","mainEntityOfPage":{"@id":"https:\/\/www.rri.ro\/fr\/actualites\/le-flash\/05-09-2026-mise-a-jour-id1056754.html"},"wordCount":715,"image":{"@id":"https:\/\/www.rri.ro\/fr\/actualites\/le-flash\/05-09-2026-mise-a-jour-id1056754.html#primaryimage"},"thumbnailUrl":"https:\/\/www.rri.ro\/wp-content\/uploads\/2024\/03\/RRI-960x540-Le-flash-2-NOU.jpg","articleSection":["Le flash"],"inLanguage":"fr-FR"},{"@type":"WebPage","@id":"https:\/\/www.rri.ro\/fr\/actualites\/le-flash\/05-09-2026-mise-a-jour-id1056754.html","url":"https:\/\/www.rri.ro\/fr\/actualites\/le-flash\/05-09-2026-mise-a-jour-id1056754.html","name":"05.09.2026 (mise \u00e0 jour) - Radio Roumanie Internationale","isPartOf":{"@id":"https:\/\/www.rri.ro\/#website"},"primaryImageOfPage":{"@id":"https:\/\/www.rri.ro\/fr\/actualites\/le-flash\/05-09-2026-mise-a-jour-id1056754.html#primaryimage"},"image":{"@id":"https:\/\/www.rri.ro\/fr\/actualites\/le-flash\/05-09-2026-mise-a-jour-id1056754.html#primaryimage"},"thumbnailUrl":"https:\/\/www.rri.ro\/wp-content\/uploads\/2024\/03\/RRI-960x540-Le-flash-2-NOU.jpg","datePublished":"2026-09-05T16:02:12+00:00","author":{"@id":"https:\/\/www.rri.ro\/#\/schema\/person\/4a479940371b9fdefd194f561e8a7f88"},"breadcrumb":{"@id":"https:\/\/www.rri.ro\/fr\/actualites\/le-flash\/05-09-2026-mise-a-jour-id1056754.html#breadcrumb"},"inLanguage":"fr-FR","potentialAction":[{"@type":"ReadAction","target":["https:\/\/www.rri.ro\/fr\/actualites\/le-flash\/05-09-2026-mise-a-jour-id1056754.html"]}]},{"@type":"ImageObject","inLanguage":"fr-FR","@id":"https:\/\/www.rri.ro\/fr\/actualites\/le-flash\/05-09-2026-mise-a-jour-id1056754.html#primaryimage","url":"https:\/\/www.rri.ro\/wp-content\/uploads\/2024\/03\/RRI-960x540-Le-flash-2-NOU.jpg","contentUrl":"https:\/\/www.rri.ro\/wp-content\/uploads\/2024\/03\/RRI-960x540-Le-flash-2-NOU.jpg","width":960,"height":540},{"@type":"BreadcrumbList","@id":"https:\/\/www.rri.ro\/fr\/actualites\/le-flash\/05-09-2026-mise-a-jour-id1056754.html#breadcrumb","itemListElement":[{"@type":"ListItem","position":1,"name":"Page d'accueil","item":"https:\/\/www.rri.ro\/fr"},{"@type":"ListItem","position":2,"name":"Actualit\u00e9s","item":"https:\/\/www.rri.ro\/fr\/actualites"},{"@type":"ListItem","position":3,"name":"Le flash","item":"https:\/\/www.rri.ro\/fr\/actualites\/le-flash"},{"@type":"ListItem","position":4,"name":"05.09.2026 (mise \u00e0 jour)"}]},{"@type":"WebSite","@id":"https:\/\/www.rri.ro\/#website","url":"https:\/\/www.rri.ro\/","name":"Radio Roumanie Internationale","description":"Totul despre Rom\u00e2nia \u015fi rom\u00e2ni, \u00een 13 limbi\/dialecte!","inLanguage":"fr-FR"},{"@type":"Person","@id":"https:\/\/www.rri.ro\/#\/schema\/person\/4a479940371b9fdefd194f561e8a7f88","name":"Newsroom","url":"https:\/\/www.rri.ro\/fr\/author\/newsroom"}]}},"_links":{"self":[{"href":"https:\/\/www.rri.ro\/fr\/wp-json\/wp\/v2\/posts\/1056754","targetHints":{"allow":["GET"]}}],"collection":[{"href":"https:\/\/www.rri.ro\/fr\/wp-json\/wp\/v2\/posts"}],"about":[{"href":"https:\/\/www.rri.ro\/fr\/wp-json\/wp\/v2\/types\/post"}],"author":[{"embeddable":true,"href":"https:\/\/www.rri.ro\/fr\/wp-json\/wp\/v2\/users\/113"}],"replies":[{"embeddable":true,"href":"https:\/\/www.rri.ro\/fr\/wp-json\/wp\/v2\/comments?post=1056754"}],"version-history":[{"count":1,"href":"https:\/\/www.rri.ro\/fr\/wp-json\/wp\/v2\/posts\/1056754\/revisions"}],"predecessor-version":[{"id":1056755,"href":"https:\/\/www.rri.ro\/fr\/wp-json\/wp\/v2\/posts\/1056754\/revisions\/1056755"}],"wp:featuredmedia":[{"embeddable":true,"href":"https:\/\/www.rri.ro\/fr\/wp-json\/wp\/v2\/media\/723357"}],"wp:attachment":[{"href":"https:\/\/www.rri.ro\/fr\/wp-json\/wp\/v2\/media?parent=1056754"}],"wp:term":[{"taxonomy":"category","embeddable":true,"href":"https:\/\/www.rri.ro\/fr\/wp-json\/wp\/v2\/categories?post=1056754"},{"taxonomy":"post_tag","embeddable":true,"href":"https:\/\/www.rri.ro\/fr\/wp-json\/wp\/v2\/tags?post=1056754"},{"taxonomy":"author","embeddable":true,"href":"https:\/\/www.rri.ro\/fr\/wp-json\/wp\/v2\/coauthors?post=1056754"}],"curies":[{"name":"wp","href":"https:\/\/api.w.org\/{rel}","templated":true}]}}