{"id":382476,"date":"2026-03-24T13:17:00","date_gmt":"2026-03-24T11:17:00","guid":{"rendered":"http:\/\/devrri.freshlemon.ro\/consulter-les-lecons\/lecon-89-le-genitif-2e-partie-id382476.html"},"modified":"2026-03-24T13:46:48","modified_gmt":"2026-03-24T11:46:48","slug":"lecon-89-le-genitif-2e-partie","status":"publish","type":"post","link":"https:\/\/www.rri.ro\/fr\/le-roumain-mot-a-mot\/consulter-les-lecons\/lecon-89-le-genitif-2e-partie-id382476.html","title":{"rendered":"Le\u00e7on 89 &#8211; Le g\u00e9nitif (2e partie)"},"content":{"rendered":"<p><strong>Lec<\/strong><strong>\u0163ia optzeci \u015fi nou\u0103<\/strong><\/p>\n<p>&nbsp;<\/p>\n<p>&nbsp;<\/p>\n<p><em>Dominique : <\/em><strong>Bun\u0103 ziua. <\/strong><\/p>\n<p>&nbsp;<\/p>\n<p><strong>Bun venit la lec\u0163ia de limba rom\u00e2n\u0103. <\/strong>Ne craignez rien. Tout le monde est l\u00e0.<\/p>\n<p>&nbsp;<\/p>\n<p><em>Alexandra: <\/em><strong>Bun\u0103 diminea\u0163a. Eu sunt Alexandra. Acesta este microfonul meu <\/strong>(C\u2019est mon micro) <strong>\u015fi aceasta este vocea mea <\/strong>(et c\u2019est ma voix)<strong>. <\/strong><\/p>\n<p>&nbsp;<\/p>\n<p><em>Alexandru :<\/em><strong> Bun\u0103 seara. Eu sunt Alexandru. Acesta este microfonul meu <\/strong>(C\u2019est mon micro) <strong>\u015fi aceasta este vocea mea <\/strong>(et c\u2019est ma voix)<strong>.<\/strong><\/p>\n<p>&nbsp;<\/p>\n<p><em>Valentina :<\/em><strong> Bun\u0103. Eu sunt Valentina. Acesta este microfonul meu <\/strong>(C\u2019est mon micro) <strong>\u015fi aceasta este vocea mea <\/strong>(et c\u2019est ma voix)<strong>.<\/strong><\/p>\n<p>&nbsp;<\/p>\n<p><strong>Tu e\u015fti Alexandra. <\/strong>(Tu es Alexandra). <strong>Acesta este microfonul t\u0103u <\/strong>(C\u2019est ton micro) <strong>\u015fi aceasta este vocea ta <\/strong>(et c\u2019est ta voix)<strong>.<\/strong><\/p>\n<p>&nbsp;<\/p>\n<p><em>Alexandra:<\/em><strong> El este Alexandru. <\/strong>(Tu es Alexandru.)<strong> Acesta este microfonul lui <\/strong>(C\u2019est son micro) <strong>\u015fi aceasta este vocea lui <\/strong>(et \u00e7a c\u2019est sa voix, \u00e0 lui)<strong>. <\/strong><\/p>\n<p>&nbsp;<\/p>\n<p><em>Valentina :<\/em><strong> Acesta este microfonul lui Alexandru <\/strong>(C\u2019est le micro d\u2019Alexandru) <strong>\u015fi aceasta este vocea lui Alexandru <\/strong>(et \u00e7a c\u2019est la voix d\u2019Alexandru)<strong>.<\/strong><\/p>\n<p>&nbsp;<\/p>\n<p><em>Alexandru:<\/em><strong> Ea este Alexandra. <\/strong>(Elle est Alexandra.)<strong> Acesta este microfonul ei <\/strong>(C\u2019est son micro, \u00e0 elle) <strong>\u015fi aceasta este vocea ei <\/strong>(et \u00e7a c\u2019est sa voix, \u00e0 elle)<strong>. <\/strong><\/p>\n<p>&nbsp;<\/p>\n<p><em>Valentina :<\/em><strong> microfonul ei, microfonul Alexandrei <\/strong>(son micro, le micro d\u2019Alexandra)<\/p>\n<p>&nbsp;<\/p>\n<p><em>Alexandru:<\/em><strong> vocea ei, vocea Alexandrei <\/strong>(sa voix, la voix d\u2019Alexandra)<strong>.<\/strong><\/p>\n<p>&nbsp;<\/p>\n<p><em>Valentina:<\/em><strong> mobilul ei <\/strong>(son portable, \u00e0 elle) ;<\/p>\n<p>&nbsp;<\/p>\n<p><strong>mobilul Alexandrei <\/strong>(le portable d\u2019Alexandra)<\/p>\n<p>&nbsp;<\/p>\n<p><em>Alexandru :<\/em><strong> pixul ei <\/strong>(son bic, \u00e0 elle) ;<\/p>\n<p>&nbsp;<\/p>\n<p><strong>pixul Alexandrei <\/strong>(le bic d\u2019Alexandra)<\/p>\n<p>&nbsp;<\/p>\n<p><em>Alexandra :<\/em><strong> pixul ei ; pixul Valentinei<\/strong><\/p>\n<p>&nbsp;<\/p>\n<p><em>Valentina: <\/em><strong>mesajul ei <\/strong>(son message \u00e0 elle);<\/p>\n<p>&nbsp;<\/p>\n<p><strong>mesajul Ioanei <\/strong>(le message d\u2019Ioana)<\/p>\n<p>&nbsp;<\/p>\n<p>Nous avons donc dit:<\/p>\n<p>&nbsp;<\/p>\n<p><em>Valentina:<\/em><strong> pixul lui ; pixul lui Alexandru<\/strong><\/p>\n<p>&nbsp;<\/p>\n<p>mais<\/p>\n<p>&nbsp;<\/p>\n<p><em>Valentina:<\/em><strong> pixul ei ; pixul Alexandrei<\/strong><\/p>\n<p>&nbsp;<\/p>\n<p>Nous avons \u00e9galement dit:<\/p>\n<p>&nbsp;<\/p>\n<p><em>Valentina:<\/em><strong> vocea lui ; vocea lui Alexandru<\/strong><\/p>\n<p>&nbsp;<\/p>\n<p>mais<\/p>\n<p>&nbsp;<\/p>\n<p><em>Valentina:<\/em><strong> vocea ei ; vocea Alexandrei<\/strong><\/p>\n<p>&nbsp;<\/p>\n<p>La possession est plus facile \u00e0 exprimer qu\u2019\u00e0 expliquer.<\/p>\n<p>&nbsp;<\/p>\n<p>Pour exprimer l\u2019appartenance de quelque chose \u00e0 une certaine personne que nous voulons ou devons nommer, nous allons utiliser le m\u00eame petit mot qui nous a aid\u00e9 \u00e0 exprimer cette appartenance sans nommer la personne. Seulement, pour le possesseur masculin, le petit mot <strong>lui <\/strong>est plac\u00e9 avant le nom<\/p>\n<p>&nbsp;<\/p>\n<p><em>Valentina: <\/em><strong>vocea lui Alexandru<\/strong><\/p>\n<p>&nbsp;<\/p>\n<p>alors que pour un possesseur f\u00e9minin, le petit mot <strong>ei <\/strong>est plac\u00e9 \u00e0 la fin du nom de la personne et soud\u00e9 \u00e0 celui-ci.<\/p>\n<p>&nbsp;<\/p>\n<p><em>Valentina:<\/em><strong> vocea Alexandrei<\/strong><\/p>\n<p>&nbsp;<\/p>\n<p><em>Alexandru:<\/em><strong> Alexandra &#8212; Alexandrei<\/strong><\/p>\n<p>&nbsp;<\/p>\n<p>La grammaire appelle \u00e7a \u00able g\u00e9nitif\u00bb, un des cas que le roumain a conserv\u00e9 du latin.<\/p>\n<p>&nbsp;<\/p>\n<p><em>Alexandru: <\/em><strong> vocea ei, vocea Valentinei <\/strong><\/p>\n<p>&nbsp;<\/p>\n<p><em>Valentina:<\/em><strong> vocea ei, vocea Ioanei<\/strong><\/p>\n<p>&nbsp;<\/p>\n<p><em>Alexandra: <\/em><strong>Aceasta este vocea Valentinei, nu este vocea Ioanei. <\/strong>(C\u2019est la voix de Valentina, ce n\u2019est pas la voix de Ioana.)<\/p>\n<p>&nbsp;<\/p>\n<p><em>Alexandru :<\/em><strong> \u00cemi place vocea Alexandrei. <\/strong>J\u2019aime la voix d\u2019Alexandra.<\/p>\n<p>&nbsp;<\/p>\n<p><em>Alexandra:<\/em><strong> \u00cemi place vocea lui Alexandru.\u00a0 <\/strong>J\u2019aime la voix d\u2019Alexandru.<\/p>\n<p>&nbsp;<\/p>\n<p><em>Alexandru :<\/em><strong> \u00cemi place vocea Valentinei.\u00a0<\/strong>J\u2019aime la voix de Valentina.<\/p>\n<p>&nbsp;<\/p>\n<p><em>Valentina:<\/em><strong> \u00cemi place vocea lui Andrei.\u00a0<\/strong>J\u2019aime la voix d\u2019Andrei.<\/p>\n<p>&nbsp;<\/p>\n<p><em>Alexandra: <\/em><strong>echipa Rom\u00e2niei <\/strong>(l\u2019\u00e9quipe de Roumanie)<\/p>\n<p>&nbsp;<\/p>\n<p><em>Alexandru:<\/em><strong> echipa Fran\u0163ei <\/strong>(l\u2019\u00e9quipe de France)<\/p>\n<p>&nbsp;<\/p>\n<p><em>Valentina: <\/em><strong>harta Rom\u00e2niei <\/strong>(la carte de la Roumanie)<\/p>\n<p>&nbsp;<\/p>\n<p><em>Alexandra:<\/em><strong> harta Fran\u0163ei <\/strong>(la carte de la France)<\/p>\n<p>&nbsp;<\/p>\n<p><em>Alexandru :<\/em><strong> harta Europei <\/strong>(la carte de l\u2019Europe)<\/p>\n<p>&nbsp;<\/p>\n<p><em>Valentina: <\/em><strong>pe harta Europei <\/strong>(sur la carte de l\u2019Europe)<\/p>\n<p>&nbsp;<\/p>\n<p><strong>Cu ochii pe harta Europei <\/strong>&#8212; Les yeux sur la carte de l\u2019Europe &#8212; c\u2019est la petite promenade musicale \u00e0 laquelle nous invite la chanson de la le\u00e7on.<\/p>\n<p>&nbsp;<\/p>\n<p><strong>LA REVEDERE !<\/strong><\/p>\n<p>&nbsp;<\/p>\n<p>&nbsp;<\/p>\n<p>Mondial &#8212; Pe harta Europei <strong>(Sur la carte de l\u2019Europe)<\/strong><\/p>\n<p>&nbsp;<\/p>\n<p>&nbsp;<\/p>\n<p><iframe loading=\"lazy\" src=\"https:\/\/w.soundcloud.com\/player\/?url=https%3A\/\/api.soundcloud.com\/tracks\/342499893&amp;color=%23ff5500&amp;auto_play=false&amp;hide_related=false&amp;show_comments=true&amp;show_user=true&amp;show_reposts=false\" width=\"100%\" height=\"166\" frameborder=\"no\" scrolling=\"no\"><\/iframe><\/p>\n<p>&nbsp;<\/p>\n<p>&nbsp;<\/p>\n<p>&nbsp;<\/p>\n","protected":false},"excerpt":{"rendered":"<p>Lec\u0163ia optzeci \u015fi nou\u0103 &nbsp; &nbsp; Dominique : Bun\u0103 ziua. &nbsp; Bun venit la lec\u0163ia de limba rom\u00e2n\u0103. Ne craignez rien. Tout le monde est l\u00e0. &nbsp; Alexandra: Bun\u0103 diminea\u0163a. Eu sunt Alexandra. Acesta este microfonul meu (C\u2019est mon micro) \u015fi aceasta este vocea mea (et c\u2019est ma voix). &nbsp; Alexandru : Bun\u0103 seara. Eu [&hellip;]<\/p>\n","protected":false},"author":204,"featured_media":141860,"comment_status":"closed","ping_status":"closed","sticky":false,"template":"","format":"audio","meta":{"_acf_changed":false,"footnotes":""},"categories":[24],"tags":[85214,85215],"coauthors":[116693],"class_list":["post-382476","post","type-post","status-publish","format-audio","has-post-thumbnail","hentry","category-consulter-les-lecons","tag-genitif","tag-genitiv","post_format-post-format-audio"],"acf":[],"yoast_head":"<!-- This site is optimized with the Yoast SEO plugin v27.5 - https:\/\/yoast.com\/product\/yoast-seo-wordpress\/ -->\n<title>Le\u00e7on 89 - Le g\u00e9nitif (2e partie) - Radio Roumanie Internationale<\/title>\n<meta name=\"robots\" content=\"index, follow, max-snippet:-1, max-image-preview:large, max-video-preview:-1\" \/>\n<link rel=\"canonical\" href=\"https:\/\/www.rri.ro\/fr\/le-roumain-mot-a-mot\/consulter-les-lecons\/lecon-89-le-genitif-2e-partie-id382476.html\" \/>\n<meta property=\"og:locale\" content=\"fr_FR\" \/>\n<meta property=\"og:type\" content=\"article\" \/>\n<meta property=\"og:title\" content=\"Le\u00e7on 89 - Le g\u00e9nitif (2e partie) - Radio Roumanie Internationale\" \/>\n<meta property=\"og:description\" content=\"Lec\u0163ia optzeci \u015fi nou\u0103 &nbsp; &nbsp; Dominique : Bun\u0103 ziua. &nbsp; Bun venit la lec\u0163ia de limba rom\u00e2n\u0103. Ne craignez rien. Tout le monde est l\u00e0. &nbsp; Alexandra: Bun\u0103 diminea\u0163a. Eu sunt Alexandra. Acesta este microfonul meu (C\u2019est mon micro) \u015fi aceasta este vocea mea (et c\u2019est ma voix). &nbsp; Alexandru : Bun\u0103 seara. Eu [&hellip;]\" \/>\n<meta property=\"og:url\" content=\"https:\/\/www.rri.ro\/fr\/le-roumain-mot-a-mot\/consulter-les-lecons\/lecon-89-le-genitif-2e-partie-id382476.html\" \/>\n<meta property=\"og:site_name\" content=\"Radio Roumanie Internationale\" \/>\n<meta property=\"article:published_time\" content=\"2026-03-24T11:17:00+00:00\" \/>\n<meta property=\"article:modified_time\" content=\"2026-03-24T11:46:48+00:00\" \/>\n<meta property=\"og:image\" content=\"https:\/\/www.rri.ro\/wp-content\/uploads\/2023\/10\/limba-romana1.jpeg\" \/>\n\t<meta property=\"og:image:width\" content=\"640\" \/>\n\t<meta property=\"og:image:height\" content=\"327\" \/>\n\t<meta property=\"og:image:type\" content=\"image\/jpeg\" \/>\n<meta name=\"author\" content=\"Radio Rom\u00e2nia Interna\u021bional\" \/>\n<meta name=\"twitter:card\" content=\"summary_large_image\" \/>\n<meta name=\"twitter:label1\" content=\"\u00c9crit par\" \/>\n\t<meta name=\"twitter:data1\" content=\"Radio Rom\u00e2nia Interna\u021bional\" \/>\n\t<meta name=\"twitter:label2\" content=\"Dur\u00e9e de lecture estim\u00e9e\" \/>\n\t<meta name=\"twitter:data2\" content=\"3 minutes\" \/>\n\t<meta name=\"twitter:label3\" content=\"Written by\" \/>\n\t<meta name=\"twitter:data3\" content=\"Radio Rom\u00e2nia Interna\u021bional\" \/>\n<script type=\"application\/ld+json\" class=\"yoast-schema-graph\">{\"@context\":\"https:\\\/\\\/schema.org\",\"@graph\":[{\"@type\":\"Article\",\"@id\":\"https:\\\/\\\/www.rri.ro\\\/fr\\\/le-roumain-mot-a-mot\\\/consulter-les-lecons\\\/lecon-89-le-genitif-2e-partie-id382476.html#article\",\"isPartOf\":{\"@id\":\"https:\\\/\\\/www.rri.ro\\\/fr\\\/le-roumain-mot-a-mot\\\/consulter-les-lecons\\\/lecon-89-le-genitif-2e-partie-id382476.html\"},\"author\":{\"name\":\"Radio Rom\u00e2nia Interna\u021bional\",\"@id\":\"https:\\\/\\\/www.rri.ro\\\/#\\\/schema\\\/person\\\/b195bd7930c756fef3f8a96bc79e0437\"},\"headline\":\"Le\u00e7on 89 &#8211; Le g\u00e9nitif (2e partie)\",\"datePublished\":\"2026-03-24T11:17:00+00:00\",\"dateModified\":\"2026-03-24T11:46:48+00:00\",\"mainEntityOfPage\":{\"@id\":\"https:\\\/\\\/www.rri.ro\\\/fr\\\/le-roumain-mot-a-mot\\\/consulter-les-lecons\\\/lecon-89-le-genitif-2e-partie-id382476.html\"},\"wordCount\":645,\"image\":{\"@id\":\"https:\\\/\\\/www.rri.ro\\\/fr\\\/le-roumain-mot-a-mot\\\/consulter-les-lecons\\\/lecon-89-le-genitif-2e-partie-id382476.html#primaryimage\"},\"thumbnailUrl\":\"https:\\\/\\\/www.rri.ro\\\/wp-content\\\/uploads\\\/2023\\\/10\\\/limba-romana1.jpeg\",\"keywords\":[\"g\u00e9nitif\",\"genitiv\"],\"articleSection\":[\"Consulter les le\u00e7ons\"],\"inLanguage\":\"fr-FR\"},{\"@type\":\"WebPage\",\"@id\":\"https:\\\/\\\/www.rri.ro\\\/fr\\\/le-roumain-mot-a-mot\\\/consulter-les-lecons\\\/lecon-89-le-genitif-2e-partie-id382476.html\",\"url\":\"https:\\\/\\\/www.rri.ro\\\/fr\\\/le-roumain-mot-a-mot\\\/consulter-les-lecons\\\/lecon-89-le-genitif-2e-partie-id382476.html\",\"name\":\"Le\u00e7on 89 - Le g\u00e9nitif (2e partie) - Radio Roumanie Internationale\",\"isPartOf\":{\"@id\":\"https:\\\/\\\/www.rri.ro\\\/#website\"},\"primaryImageOfPage\":{\"@id\":\"https:\\\/\\\/www.rri.ro\\\/fr\\\/le-roumain-mot-a-mot\\\/consulter-les-lecons\\\/lecon-89-le-genitif-2e-partie-id382476.html#primaryimage\"},\"image\":{\"@id\":\"https:\\\/\\\/www.rri.ro\\\/fr\\\/le-roumain-mot-a-mot\\\/consulter-les-lecons\\\/lecon-89-le-genitif-2e-partie-id382476.html#primaryimage\"},\"thumbnailUrl\":\"https:\\\/\\\/www.rri.ro\\\/wp-content\\\/uploads\\\/2023\\\/10\\\/limba-romana1.jpeg\",\"datePublished\":\"2026-03-24T11:17:00+00:00\",\"dateModified\":\"2026-03-24T11:46:48+00:00\",\"author\":{\"@id\":\"https:\\\/\\\/www.rri.ro\\\/#\\\/schema\\\/person\\\/b195bd7930c756fef3f8a96bc79e0437\"},\"breadcrumb\":{\"@id\":\"https:\\\/\\\/www.rri.ro\\\/fr\\\/le-roumain-mot-a-mot\\\/consulter-les-lecons\\\/lecon-89-le-genitif-2e-partie-id382476.html#breadcrumb\"},\"inLanguage\":\"fr-FR\",\"potentialAction\":[{\"@type\":\"ReadAction\",\"target\":[\"https:\\\/\\\/www.rri.ro\\\/fr\\\/le-roumain-mot-a-mot\\\/consulter-les-lecons\\\/lecon-89-le-genitif-2e-partie-id382476.html\"]}]},{\"@type\":\"ImageObject\",\"inLanguage\":\"fr-FR\",\"@id\":\"https:\\\/\\\/www.rri.ro\\\/fr\\\/le-roumain-mot-a-mot\\\/consulter-les-lecons\\\/lecon-89-le-genitif-2e-partie-id382476.html#primaryimage\",\"url\":\"https:\\\/\\\/www.rri.ro\\\/wp-content\\\/uploads\\\/2023\\\/10\\\/limba-romana1.jpeg\",\"contentUrl\":\"https:\\\/\\\/www.rri.ro\\\/wp-content\\\/uploads\\\/2023\\\/10\\\/limba-romana1.jpeg\",\"width\":640,\"height\":327},{\"@type\":\"BreadcrumbList\",\"@id\":\"https:\\\/\\\/www.rri.ro\\\/fr\\\/le-roumain-mot-a-mot\\\/consulter-les-lecons\\\/lecon-89-le-genitif-2e-partie-id382476.html#breadcrumb\",\"itemListElement\":[{\"@type\":\"ListItem\",\"position\":1,\"name\":\"Page d'accueil\",\"item\":\"https:\\\/\\\/www.rri.ro\\\/fr\"},{\"@type\":\"ListItem\",\"position\":2,\"name\":\"Le roumain mot \u00e0 mot\",\"item\":\"https:\\\/\\\/www.rri.ro\\\/fr\\\/le-roumain-mot-a-mot\"},{\"@type\":\"ListItem\",\"position\":3,\"name\":\"Consulter les le\u00e7ons\",\"item\":\"https:\\\/\\\/www.rri.ro\\\/fr\\\/le-roumain-mot-a-mot\\\/consulter-les-lecons\"},{\"@type\":\"ListItem\",\"position\":4,\"name\":\"Le\u00e7on 89 &#8211; Le g\u00e9nitif (2e partie)\"}]},{\"@type\":\"WebSite\",\"@id\":\"https:\\\/\\\/www.rri.ro\\\/#website\",\"url\":\"https:\\\/\\\/www.rri.ro\\\/\",\"name\":\"Radio Roumanie Internationale\",\"description\":\"Totul despre Rom\u00e2nia \u015fi rom\u00e2ni, \u00een 13 limbi\\\/dialecte!\",\"inLanguage\":\"fr-FR\"},{\"@type\":\"Person\",\"@id\":\"https:\\\/\\\/www.rri.ro\\\/#\\\/schema\\\/person\\\/b195bd7930c756fef3f8a96bc79e0437\",\"name\":\"Radio Rom\u00e2nia Interna\u021bional\",\"url\":\"https:\\\/\\\/www.rri.ro\\\/fr\\\/author\\\/rri\"}]}<\/script>\n<!-- \/ Yoast SEO plugin. -->","yoast_head_json":{"title":"Le\u00e7on 89 - Le g\u00e9nitif (2e partie) - Radio Roumanie Internationale","robots":{"index":"index","follow":"follow","max-snippet":"max-snippet:-1","max-image-preview":"max-image-preview:large","max-video-preview":"max-video-preview:-1"},"canonical":"https:\/\/www.rri.ro\/fr\/le-roumain-mot-a-mot\/consulter-les-lecons\/lecon-89-le-genitif-2e-partie-id382476.html","og_locale":"fr_FR","og_type":"article","og_title":"Le\u00e7on 89 - Le g\u00e9nitif (2e partie) - Radio Roumanie Internationale","og_description":"Lec\u0163ia optzeci \u015fi nou\u0103 &nbsp; &nbsp; Dominique : Bun\u0103 ziua. &nbsp; Bun venit la lec\u0163ia de limba rom\u00e2n\u0103. Ne craignez rien. Tout le monde est l\u00e0. &nbsp; Alexandra: Bun\u0103 diminea\u0163a. Eu sunt Alexandra. Acesta este microfonul meu (C\u2019est mon micro) \u015fi aceasta este vocea mea (et c\u2019est ma voix). &nbsp; Alexandru : Bun\u0103 seara. Eu [&hellip;]","og_url":"https:\/\/www.rri.ro\/fr\/le-roumain-mot-a-mot\/consulter-les-lecons\/lecon-89-le-genitif-2e-partie-id382476.html","og_site_name":"Radio Roumanie Internationale","article_published_time":"2026-03-24T11:17:00+00:00","article_modified_time":"2026-03-24T11:46:48+00:00","og_image":[{"width":640,"height":327,"url":"https:\/\/www.rri.ro\/wp-content\/uploads\/2023\/10\/limba-romana1.jpeg","type":"image\/jpeg"}],"author":"Radio Rom\u00e2nia Interna\u021bional","twitter_card":"summary_large_image","twitter_misc":{"\u00c9crit par":"Radio Rom\u00e2nia Interna\u021bional","Dur\u00e9e de lecture estim\u00e9e":"3 minutes","Written by":"Radio Rom\u00e2nia Interna\u021bional"},"schema":{"@context":"https:\/\/schema.org","@graph":[{"@type":"Article","@id":"https:\/\/www.rri.ro\/fr\/le-roumain-mot-a-mot\/consulter-les-lecons\/lecon-89-le-genitif-2e-partie-id382476.html#article","isPartOf":{"@id":"https:\/\/www.rri.ro\/fr\/le-roumain-mot-a-mot\/consulter-les-lecons\/lecon-89-le-genitif-2e-partie-id382476.html"},"author":{"name":"Radio Rom\u00e2nia Interna\u021bional","@id":"https:\/\/www.rri.ro\/#\/schema\/person\/b195bd7930c756fef3f8a96bc79e0437"},"headline":"Le\u00e7on 89 &#8211; Le g\u00e9nitif (2e partie)","datePublished":"2026-03-24T11:17:00+00:00","dateModified":"2026-03-24T11:46:48+00:00","mainEntityOfPage":{"@id":"https:\/\/www.rri.ro\/fr\/le-roumain-mot-a-mot\/consulter-les-lecons\/lecon-89-le-genitif-2e-partie-id382476.html"},"wordCount":645,"image":{"@id":"https:\/\/www.rri.ro\/fr\/le-roumain-mot-a-mot\/consulter-les-lecons\/lecon-89-le-genitif-2e-partie-id382476.html#primaryimage"},"thumbnailUrl":"https:\/\/www.rri.ro\/wp-content\/uploads\/2023\/10\/limba-romana1.jpeg","keywords":["g\u00e9nitif","genitiv"],"articleSection":["Consulter les le\u00e7ons"],"inLanguage":"fr-FR"},{"@type":"WebPage","@id":"https:\/\/www.rri.ro\/fr\/le-roumain-mot-a-mot\/consulter-les-lecons\/lecon-89-le-genitif-2e-partie-id382476.html","url":"https:\/\/www.rri.ro\/fr\/le-roumain-mot-a-mot\/consulter-les-lecons\/lecon-89-le-genitif-2e-partie-id382476.html","name":"Le\u00e7on 89 - Le g\u00e9nitif (2e partie) - Radio Roumanie Internationale","isPartOf":{"@id":"https:\/\/www.rri.ro\/#website"},"primaryImageOfPage":{"@id":"https:\/\/www.rri.ro\/fr\/le-roumain-mot-a-mot\/consulter-les-lecons\/lecon-89-le-genitif-2e-partie-id382476.html#primaryimage"},"image":{"@id":"https:\/\/www.rri.ro\/fr\/le-roumain-mot-a-mot\/consulter-les-lecons\/lecon-89-le-genitif-2e-partie-id382476.html#primaryimage"},"thumbnailUrl":"https:\/\/www.rri.ro\/wp-content\/uploads\/2023\/10\/limba-romana1.jpeg","datePublished":"2026-03-24T11:17:00+00:00","dateModified":"2026-03-24T11:46:48+00:00","author":{"@id":"https:\/\/www.rri.ro\/#\/schema\/person\/b195bd7930c756fef3f8a96bc79e0437"},"breadcrumb":{"@id":"https:\/\/www.rri.ro\/fr\/le-roumain-mot-a-mot\/consulter-les-lecons\/lecon-89-le-genitif-2e-partie-id382476.html#breadcrumb"},"inLanguage":"fr-FR","potentialAction":[{"@type":"ReadAction","target":["https:\/\/www.rri.ro\/fr\/le-roumain-mot-a-mot\/consulter-les-lecons\/lecon-89-le-genitif-2e-partie-id382476.html"]}]},{"@type":"ImageObject","inLanguage":"fr-FR","@id":"https:\/\/www.rri.ro\/fr\/le-roumain-mot-a-mot\/consulter-les-lecons\/lecon-89-le-genitif-2e-partie-id382476.html#primaryimage","url":"https:\/\/www.rri.ro\/wp-content\/uploads\/2023\/10\/limba-romana1.jpeg","contentUrl":"https:\/\/www.rri.ro\/wp-content\/uploads\/2023\/10\/limba-romana1.jpeg","width":640,"height":327},{"@type":"BreadcrumbList","@id":"https:\/\/www.rri.ro\/fr\/le-roumain-mot-a-mot\/consulter-les-lecons\/lecon-89-le-genitif-2e-partie-id382476.html#breadcrumb","itemListElement":[{"@type":"ListItem","position":1,"name":"Page d'accueil","item":"https:\/\/www.rri.ro\/fr"},{"@type":"ListItem","position":2,"name":"Le roumain mot \u00e0 mot","item":"https:\/\/www.rri.ro\/fr\/le-roumain-mot-a-mot"},{"@type":"ListItem","position":3,"name":"Consulter les le\u00e7ons","item":"https:\/\/www.rri.ro\/fr\/le-roumain-mot-a-mot\/consulter-les-lecons"},{"@type":"ListItem","position":4,"name":"Le\u00e7on 89 &#8211; Le g\u00e9nitif (2e partie)"}]},{"@type":"WebSite","@id":"https:\/\/www.rri.ro\/#website","url":"https:\/\/www.rri.ro\/","name":"Radio Roumanie Internationale","description":"Totul despre Rom\u00e2nia \u015fi rom\u00e2ni, \u00een 13 limbi\/dialecte!","inLanguage":"fr-FR"},{"@type":"Person","@id":"https:\/\/www.rri.ro\/#\/schema\/person\/b195bd7930c756fef3f8a96bc79e0437","name":"Radio Rom\u00e2nia Interna\u021bional","url":"https:\/\/www.rri.ro\/fr\/author\/rri"}]}},"_links":{"self":[{"href":"https:\/\/www.rri.ro\/fr\/wp-json\/wp\/v2\/posts\/382476","targetHints":{"allow":["GET"]}}],"collection":[{"href":"https:\/\/www.rri.ro\/fr\/wp-json\/wp\/v2\/posts"}],"about":[{"href":"https:\/\/www.rri.ro\/fr\/wp-json\/wp\/v2\/types\/post"}],"author":[{"embeddable":true,"href":"https:\/\/www.rri.ro\/fr\/wp-json\/wp\/v2\/users\/204"}],"replies":[{"embeddable":true,"href":"https:\/\/www.rri.ro\/fr\/wp-json\/wp\/v2\/comments?post=382476"}],"version-history":[{"count":0,"href":"https:\/\/www.rri.ro\/fr\/wp-json\/wp\/v2\/posts\/382476\/revisions"}],"wp:featuredmedia":[{"embeddable":true,"href":"https:\/\/www.rri.ro\/fr\/wp-json\/wp\/v2\/media\/141860"}],"wp:attachment":[{"href":"https:\/\/www.rri.ro\/fr\/wp-json\/wp\/v2\/media?parent=382476"}],"wp:term":[{"taxonomy":"category","embeddable":true,"href":"https:\/\/www.rri.ro\/fr\/wp-json\/wp\/v2\/categories?post=382476"},{"taxonomy":"post_tag","embeddable":true,"href":"https:\/\/www.rri.ro\/fr\/wp-json\/wp\/v2\/tags?post=382476"},{"taxonomy":"author","embeddable":true,"href":"https:\/\/www.rri.ro\/fr\/wp-json\/wp\/v2\/coauthors?post=382476"}],"curies":[{"name":"wp","href":"https:\/\/api.w.org\/{rel}","templated":true}]}}