{"id":382477,"date":"2026-04-07T10:24:00","date_gmt":"2026-04-07T07:24:00","guid":{"rendered":"http:\/\/devrri.freshlemon.ro\/consulter-les-lecons\/lecon-90-le-genitif-3e-partie-id382477.html"},"modified":"2026-04-07T13:40:52","modified_gmt":"2026-04-07T10:40:52","slug":"lecon-90-le-genitif-3e-partie","status":"publish","type":"post","link":"https:\/\/www.rri.ro\/fr\/le-roumain-mot-a-mot\/consulter-les-lecons\/lecon-90-le-genitif-3e-partie-id382477.html","title":{"rendered":"Le\u00e7on 90 &#8211; Le g\u00e9nitif (3e partie)"},"content":{"rendered":"<p><strong>Lec\u0163ia nou\u0103zeci<\/strong><\/p>\n<p>&nbsp;<\/p>\n<p>&nbsp;<\/p>\n<p><em>Dominique: <\/em><strong>Bun\u0103 ziua.<\/strong><\/p>\n<p>&nbsp;<\/p>\n<p><em>Ioana: <\/em><strong>Bun\u0103 diminea\u0163a.<\/strong><\/p>\n<p>&nbsp;<\/p>\n<p><em>Alexandru: <\/em><strong>Bun\u0103 seara. <\/strong><\/p>\n<p>&nbsp;<\/p>\n<p><em>Valentina: <\/em><strong>Bun\u0103. <\/strong><\/p>\n<p>&nbsp;<\/p>\n<p><strong>Bun venit, dragi prieteni. <\/strong>Aujourdhui nous allons nous occuper, une fois de plus, de ce qui nous appartient &#8212; en fait de ce qui appartient aux autres. Deux sont les petits mots utilis\u00e9s pour exprimer lappartenance \u00e0 un seul possesseur:<\/p>\n<p>&nbsp;<\/p>\n<p><strong>lui <\/strong>&#8212; pour un possesseur masculin<\/p>\n<p>&nbsp;<\/p>\n<p><strong>ei<\/strong> &#8212; pour un possesseur f\u00e9minin<\/p>\n<p>&nbsp;<\/p>\n<p>Je vous rappelle que, pour exprimer correctement lappartenance, seul le possesseur compte, pas le ou les objets poss\u00e9d\u00e9s. Je vous ai propos\u00e9, d\u00e8s le d\u00e9but, une approche tout \u00e0 fait empirique, simplifiant au maximum les choses. Nous avons commenc\u00e9 \u00e0 rebours, par un cas particulier, celui o\u00f9 le possesseur est une personne appel\u00e9e par son nom. Pour le masculin, ce possesseur \u00e9tait notre coll\u00e8gue Alexandru. Et nous avons dit:<\/p>\n<p>&nbsp;<\/p>\n<p><em>Ioana: <\/em><strong>mobilul lui Alexandru <\/strong><\/p>\n<p>&nbsp;<\/p>\n<p>le portable dAlexandru<\/p>\n<p>&nbsp;<\/p>\n<p><em>Valentina: <\/em><strong>microfonul lui Alexandru <\/strong><\/p>\n<p>&nbsp;<\/p>\n<p>le micro dAlexandru<\/p>\n<p>&nbsp;<\/p>\n<p><em>Ioana: <\/em><strong>vocea lui Alexandru<\/strong><\/p>\n<p>&nbsp;<\/p>\n<p>la voix dAlexandru<\/p>\n<p>&nbsp;<\/p>\n<p><em>Valentina: <\/em><strong>mesajele lui Alexandru<\/strong><\/p>\n<p>&nbsp;<\/p>\n<p>les messages dAlexandru<\/p>\n<p>&nbsp;<\/p>\n<p>Dans ce cas particulier, le petit mot <strong>lui <\/strong>est plac\u00e9 avant le nom du possesseur.<\/p>\n<p>&nbsp;<\/p>\n<p>Pour le possesseur f\u00e9minin, le petit mot <strong>ei <\/strong>est plac\u00e9 \u00e0 la fin de son nom et il est soud\u00e9 \u00e0 celui-ci. Le possesseur f\u00e9minin \u00e9tait pour nous notre coll\u00e8gue Alexandra. Et nous avons dit:<\/p>\n<p>&nbsp;<\/p>\n<p><em>Ioana: <\/em><strong>mobilul Alexandrei <\/strong><\/p>\n<p>&nbsp;<\/p>\n<p>le portable dAlexandra<\/p>\n<p>&nbsp;<\/p>\n<p><em>Valentina: <\/em><strong>microfonul Alexandrei<\/strong><\/p>\n<p>&nbsp;<\/p>\n<p>le micro dAlexandra<\/p>\n<p>&nbsp;<\/p>\n<p><em>Ioana: <\/em><strong>vocea Alexandrei<\/strong><\/p>\n<p>&nbsp;<\/p>\n<p>la voix dAlexandra<\/p>\n<p>&nbsp;<\/p>\n<p><em>Valentina: <\/em><strong>mesajele Alexandrei <\/strong><\/p>\n<p>&nbsp;<\/p>\n<p>les messages dAlexandra<\/p>\n<p>&nbsp;<\/p>\n<p><strong>&amp;<\/strong><\/p>\n<p>&nbsp;<\/p>\n<p>Aujourdhui nous arrivons, enfin, au cas g\u00e9n\u00e9ral, celui dun possesseur quelconque &#8212; masculin ou f\u00e9minin &#8212; exprim\u00e9 par un nom commun. Dans ce cas, les deux petits mots sont plac\u00e9s, tous les deux, \u00e0 la fin du mot qui exprime le possesseur et soud\u00e9s \u00e0 lui. Attention, ce mot doit porter d\u00e9j\u00e0 larticle d\u00e9fini. Prenons, par exemple les mots<\/p>\n<p>&nbsp;<\/p>\n<p><strong>prieten &#8212; prieten\u0103 <\/strong> (ami &#8212; amie)<\/p>\n<p>&nbsp;<\/p>\n<p>Au masculin, on aura:<\/p>\n<p>&nbsp;<\/p>\n<p><strong>prieten <\/strong>(ami)<strong> &#8212; prietenul <\/strong>(lami) <strong>&#8212; prietenului <\/strong>(de lami)<\/p>\n<p>&nbsp;<\/p>\n<p><em>Ioana: <\/em><strong>mobilul prietenului <\/strong>(le portable de lami)<\/p>\n<p>&nbsp;<\/p>\n<p><em>Alexandru: <\/em><strong>vocea prietenului <\/strong>(la voix de lami)<\/p>\n<p>&nbsp;<\/p>\n<p><em>Valentina:<\/em> <strong>mesajele prietenului <\/strong>(les messages de lami)<\/p>\n<p>&nbsp;<\/p>\n<p>Pour le f\u00e9minin, cest plus simple, parce que la derni\u00e8re voyelle du mot se perd de toute fa\u00e7on &#8212; quil y ait article ou pas.<\/p>\n<p>&nbsp;<\/p>\n<p><strong>prieten\u0103<\/strong> <strong>&#8212; prietenei<\/strong><\/p>\n<p>&nbsp;<\/p>\n<p><em>Ioana: <\/em><strong>adresa prietenei <\/strong>(ladresse de lamie)<\/p>\n<p>&nbsp;<\/p>\n<p><em>Alexandru: <\/em><strong>vocea prietenei <\/strong>(la voix de lamie)<\/p>\n<p>&nbsp;<\/p>\n<p><em>Valentina: <\/em><strong>mesajele prietenei <\/strong>(les messages de lamie)<\/p>\n<p>&nbsp;<\/p>\n<p><strong>&amp;<\/strong><\/p>\n<p>&nbsp;<\/p>\n<p><strong>student &#8212; student\u0103 <\/strong>(\u00e9tudiant &#8212; \u00e9tudiante)<\/p>\n<p>&nbsp;<\/p>\n<p>Au masculin, on aura:<\/p>\n<p>&nbsp;<\/p>\n<p><strong>student <\/strong>(\u00e9tudiant) &#8212; <strong>studentul <\/strong>(l\u00e9tudiant) &#8212; <strong>studentului <\/strong>(de l\u00e9tudiant)<\/p>\n<p>&nbsp;<\/p>\n<p><em>Ioana:<\/em><strong> examenul studentului <\/strong>(lexamen de l\u00e9tudiant)<\/p>\n<p>&nbsp;<\/p>\n<p><em>Alexandru:<\/em><strong> examenele studentului <\/strong>(les examens de l\u00e9tudiant)<\/p>\n<p>&nbsp;<\/p>\n<p><em>Valentina: <\/em><strong>adresa studentului <\/strong>(ladresse de l\u00e9tudiant)<\/p>\n<p>&nbsp;<\/p>\n<p>Au f\u00e9minin, on dira:<\/p>\n<p>&nbsp;<\/p>\n<p><strong>student\u0103 &#8212; studentei<\/strong><\/p>\n<p>&nbsp;<\/p>\n<p><em>Ioana:<\/em><strong> examenul studentei <\/strong>(lexamen de l\u00e9tudiante)<\/p>\n<p>&nbsp;<\/p>\n<p><em>Alexandru:<\/em><strong> examenele studentei <\/strong>(les examens de l\u00e9tudiante)<\/p>\n<p>&nbsp;<\/p>\n<p><em>Valentina: <\/em><strong>adresa studentei <\/strong>(ladresse de l\u00e9tudiante)<\/p>\n<p>&nbsp;<\/p>\n<p>Comme je vous le disais, la possession est difficile \u00e0 expliquer, mais facile \u00e0 appliquer. Je compte beaucoup sur votre intuition linguistique.<\/p>\n<p>&nbsp;<\/p>\n<p>Prenons un dernier petit exemple. Le mot <strong>soare &#8212; <\/strong>soleil est un possesseur masculin qui ne pose pas de probl\u00e8mes &#8212; \u00e0 ce point le soleil est g\u00e9n\u00e9reux, m\u00eame du point de vue linguistique.<\/p>\n<p>&nbsp;<\/p>\n<p><strong>soare &#8212; soarelui <\/strong>(soleil &#8212; du soleil)<\/p>\n<p>&nbsp;<\/p>\n<p><em>Ioana: <\/em><strong>lumina soarelui <\/strong>(la lumi\u00e8re du soleil)<\/p>\n<p>&nbsp;<\/p>\n<p><em>Alexandru: <\/em><strong>raza soarelui <\/strong>(le rayon du soleil)<\/p>\n<p>&nbsp;<\/p>\n<p><em>Valentina: <\/em><strong>floarea soarelui <\/strong>(textuellement: la fleur du soleil &#8212; nom roumain du tournesol)<\/p>\n<p>&nbsp;<\/p>\n<p><strong>Ast\u0103zi ascult\u0103m <\/strong>(aujourd\u2019hui nous \u00e9coutons)<strong> un colind <\/strong>(un cantique). Il s\u2019appelle <strong>Trei p\u0103stori <\/strong>(Trois pastoureaux) et il est construit sur une jolie r\u00e9p\u00e9tition de ces deux g\u00e9nitifs :<strong>raza soarelui, floarea soarelui. <\/strong><\/p>\n<p>&nbsp;<\/p>\n<p><strong>Raza soarelui, floarea soarelui <\/strong>&#8212; cest aussi notre souhait pour vous.<\/p>\n<p>&nbsp;<\/p>\n<p><strong>LA REVEDERE !<\/strong><\/p>\n<p>&nbsp;<\/p>\n<p><strong>Madrigal &#8212; Trei p\u0103stori <\/strong>(Trois pastoureaux)<\/p>\n<p>&nbsp;<\/p>\n<p>&nbsp;<\/p>\n<p>TREI P\u0102STORI<\/p>\n<p>&nbsp;<\/p>\n<p>&nbsp;<\/p>\n<p>Trei p\u0103stori se \u00eent\u00e2lnir\u0103,<\/p>\n<p>&nbsp;<\/p>\n<p>(Trois pastoureaux se rencontr\u00e8rent)<\/p>\n<p>&nbsp;<\/p>\n<p>Trei p\u0103stori se \u00eent\u00e2lnir\u0103,<\/p>\n<p>&nbsp;<\/p>\n<p>Raza soarelui, floarea soarelui<\/p>\n<p>&nbsp;<\/p>\n<p>(Rayon du soleil, fleur du soleil*)<\/p>\n<p>&nbsp;<\/p>\n<p>\u015ei a\u015fa se sf\u0103tuir\u0103:<\/p>\n<p>&nbsp;<\/p>\n<p>(Et, tenant conseil, ils se dirent)<\/p>\n<p>&nbsp;<\/p>\n<p>Raza soarelui, floarea soarelui<\/p>\n<p>&nbsp;<\/p>\n<p>\u015ei a\u015fa se sf\u0103tuir\u0103:<\/p>\n<p>&nbsp;<\/p>\n<p>&nbsp;<\/p>\n<p>Haide\u0163i fra\u0163ilor s\u0103 mergem,<\/p>\n<p>&nbsp;<\/p>\n<p>(Allons, fr\u00e8res, allons)<\/p>\n<p>&nbsp;<\/p>\n<p>Haide\u0163i fra\u0163ilor s\u0103 mergem,<\/p>\n<p>&nbsp;<\/p>\n<p>Raza soarelui, floarea soarelui<\/p>\n<p>&nbsp;<\/p>\n<p>Floricele s\u0103 culegem !<\/p>\n<p>&nbsp;<\/p>\n<p>(Cueillir de petites fleurs !)<\/p>\n<p>&nbsp;<\/p>\n<p>Raza soarelui, floarea soarelui,<\/p>\n<p>&nbsp;<\/p>\n<p>Floricele s\u0103 culegem<\/p>\n<p>&nbsp;<\/p>\n<p>&nbsp;<\/p>\n<p>\u015ei s\u0103 facem o cunun\u0103<\/p>\n<p>&nbsp;<\/p>\n<p>(Pour en faire une couronne)<\/p>\n<p>&nbsp;<\/p>\n<p>\u015ei s\u0103 facem o cunun\u0103<\/p>\n<p>&nbsp;<\/p>\n<p>Raza soarelui, floarea soarelui<\/p>\n<p>&nbsp;<\/p>\n<p>S-o-mpletim cu voie bun\u0103<\/p>\n<p>&nbsp;<\/p>\n<p>(La tresser all\u00e8grement)<\/p>\n<p>&nbsp;<\/p>\n<p>Raza soarelui, floarea soarelui<\/p>\n<p>&nbsp;<\/p>\n<p>S-o-mpletim cu voie bun\u0103<\/p>\n<p>&nbsp;<\/p>\n<p>&nbsp;<\/p>\n<p>\u015ei s-o ducem lui Hristos<\/p>\n<p>&nbsp;<\/p>\n<p>(Et la porter \u00e0 J\u00e9sus)<\/p>\n<p>&nbsp;<\/p>\n<p>\u015ei s-o ducem lui Hristos,<\/p>\n<p>&nbsp;<\/p>\n<p>Raza soarelui, floarea soarelui,<\/p>\n<p>&nbsp;<\/p>\n<p>S\u0103 ne fie de folos.<\/p>\n<p>&nbsp;<\/p>\n<p>(Pour quelle nous soit b\u00e9n\u00e9fique).<\/p>\n<p>&nbsp;<\/p>\n<p>Raza soarelui, floarea soarelui<\/p>\n<p>&nbsp;<\/p>\n<p>S\u0103 ne fie de folos.<\/p>\n<p>&nbsp;<\/p>\n<p>*tournesol<\/p>\n<p>&nbsp;<\/p>\n<p>&nbsp;<\/p>\n<p><iframe loading=\"lazy\" src=\"https:\/\/w.soundcloud.com\/player\/?url=https%3A\/\/api.soundcloud.com\/tracks\/342500233&amp;color=%23ff5500&amp;auto_play=false&amp;hide_related=false&amp;show_comments=true&amp;show_user=true&amp;show_reposts=false\" width=\"100%\" height=\"166\" frameborder=\"no\" scrolling=\"no\"><\/iframe><\/p>\n<p>&nbsp;<\/p>\n","protected":false},"excerpt":{"rendered":"<p>Lec\u0163ia nou\u0103zeci &nbsp; &nbsp; Dominique: Bun\u0103 ziua. &nbsp; Ioana: Bun\u0103 diminea\u0163a. &nbsp; Alexandru: Bun\u0103 seara. &nbsp; Valentina: Bun\u0103. &nbsp; Bun venit, dragi prieteni. Aujourdhui nous allons nous occuper, une fois de plus, de ce qui nous appartient &#8212; en fait de ce qui appartient aux autres. Deux sont les petits mots utilis\u00e9s pour exprimer lappartenance [&hellip;]<\/p>\n","protected":false},"author":2,"featured_media":141860,"comment_status":"closed","ping_status":"closed","sticky":false,"template":"","format":"standard","meta":{"_acf_changed":false,"footnotes":""},"categories":[24],"tags":[85214,85215],"coauthors":[113285],"class_list":["post-382477","post","type-post","status-publish","format-standard","has-post-thumbnail","hentry","category-consulter-les-lecons","tag-genitif","tag-genitiv"],"acf":[],"yoast_head":"<!-- This site is optimized with the Yoast SEO plugin v27.5 - https:\/\/yoast.com\/product\/yoast-seo-wordpress\/ -->\n<title>Le\u00e7on 90 - Le g\u00e9nitif (3e partie) - Radio Roumanie Internationale<\/title>\n<meta name=\"robots\" content=\"index, follow, max-snippet:-1, max-image-preview:large, max-video-preview:-1\" \/>\n<link rel=\"canonical\" href=\"https:\/\/www.rri.ro\/fr\/le-roumain-mot-a-mot\/consulter-les-lecons\/lecon-90-le-genitif-3e-partie-id382477.html\" \/>\n<meta property=\"og:locale\" content=\"fr_FR\" \/>\n<meta property=\"og:type\" content=\"article\" \/>\n<meta property=\"og:title\" content=\"Le\u00e7on 90 - Le g\u00e9nitif (3e partie) - Radio Roumanie Internationale\" \/>\n<meta property=\"og:description\" content=\"Lec\u0163ia nou\u0103zeci &nbsp; &nbsp; Dominique: Bun\u0103 ziua. &nbsp; Ioana: Bun\u0103 diminea\u0163a. &nbsp; Alexandru: Bun\u0103 seara. &nbsp; Valentina: Bun\u0103. &nbsp; Bun venit, dragi prieteni. Aujourdhui nous allons nous occuper, une fois de plus, de ce qui nous appartient &#8212; en fait de ce qui appartient aux autres. Deux sont les petits mots utilis\u00e9s pour exprimer lappartenance [&hellip;]\" \/>\n<meta property=\"og:url\" content=\"https:\/\/www.rri.ro\/fr\/le-roumain-mot-a-mot\/consulter-les-lecons\/lecon-90-le-genitif-3e-partie-id382477.html\" \/>\n<meta property=\"og:site_name\" content=\"Radio Roumanie Internationale\" \/>\n<meta property=\"article:published_time\" content=\"2026-04-07T07:24:00+00:00\" \/>\n<meta property=\"article:modified_time\" content=\"2026-04-07T10:40:52+00:00\" \/>\n<meta property=\"og:image\" content=\"https:\/\/www.rri.ro\/wp-content\/uploads\/2023\/10\/limba-romana1.jpeg\" \/>\n\t<meta property=\"og:image:width\" content=\"640\" \/>\n\t<meta property=\"og:image:height\" content=\"327\" \/>\n\t<meta property=\"og:image:type\" content=\"image\/jpeg\" \/>\n<meta name=\"author\" content=\"Rom\u00e2nia Interna\u021bional\" \/>\n<meta name=\"twitter:card\" content=\"summary_large_image\" \/>\n<meta name=\"twitter:label1\" content=\"\u00c9crit par\" \/>\n\t<meta name=\"twitter:data1\" content=\"Rom\u00e2nia Interna\u021bional\" \/>\n\t<meta name=\"twitter:label2\" content=\"Dur\u00e9e de lecture estim\u00e9e\" \/>\n\t<meta name=\"twitter:data2\" content=\"4 minutes\" \/>\n\t<meta name=\"twitter:label3\" content=\"Written by\" \/>\n\t<meta name=\"twitter:data3\" content=\"Rom\u00e2nia Interna\u021bional\" \/>\n<script type=\"application\/ld+json\" class=\"yoast-schema-graph\">{\"@context\":\"https:\\\/\\\/schema.org\",\"@graph\":[{\"@type\":\"Article\",\"@id\":\"https:\\\/\\\/www.rri.ro\\\/fr\\\/le-roumain-mot-a-mot\\\/consulter-les-lecons\\\/lecon-90-le-genitif-3e-partie-id382477.html#article\",\"isPartOf\":{\"@id\":\"https:\\\/\\\/www.rri.ro\\\/fr\\\/le-roumain-mot-a-mot\\\/consulter-les-lecons\\\/lecon-90-le-genitif-3e-partie-id382477.html\"},\"author\":{\"name\":\"Rom\u00e2nia Interna\u021bional\",\"@id\":\"https:\\\/\\\/www.rri.ro\\\/#\\\/schema\\\/person\\\/18fac491bccbfe149b92aea77ad60abd\"},\"headline\":\"Le\u00e7on 90 &#8211; Le g\u00e9nitif (3e partie)\",\"datePublished\":\"2026-04-07T07:24:00+00:00\",\"dateModified\":\"2026-04-07T10:40:52+00:00\",\"mainEntityOfPage\":{\"@id\":\"https:\\\/\\\/www.rri.ro\\\/fr\\\/le-roumain-mot-a-mot\\\/consulter-les-lecons\\\/lecon-90-le-genitif-3e-partie-id382477.html\"},\"wordCount\":901,\"image\":{\"@id\":\"https:\\\/\\\/www.rri.ro\\\/fr\\\/le-roumain-mot-a-mot\\\/consulter-les-lecons\\\/lecon-90-le-genitif-3e-partie-id382477.html#primaryimage\"},\"thumbnailUrl\":\"https:\\\/\\\/www.rri.ro\\\/wp-content\\\/uploads\\\/2023\\\/10\\\/limba-romana1.jpeg\",\"keywords\":[\"g\u00e9nitif\",\"genitiv\"],\"articleSection\":[\"Consulter les le\u00e7ons\"],\"inLanguage\":\"fr-FR\"},{\"@type\":\"WebPage\",\"@id\":\"https:\\\/\\\/www.rri.ro\\\/fr\\\/le-roumain-mot-a-mot\\\/consulter-les-lecons\\\/lecon-90-le-genitif-3e-partie-id382477.html\",\"url\":\"https:\\\/\\\/www.rri.ro\\\/fr\\\/le-roumain-mot-a-mot\\\/consulter-les-lecons\\\/lecon-90-le-genitif-3e-partie-id382477.html\",\"name\":\"Le\u00e7on 90 - Le g\u00e9nitif (3e partie) - Radio Roumanie Internationale\",\"isPartOf\":{\"@id\":\"https:\\\/\\\/www.rri.ro\\\/#website\"},\"primaryImageOfPage\":{\"@id\":\"https:\\\/\\\/www.rri.ro\\\/fr\\\/le-roumain-mot-a-mot\\\/consulter-les-lecons\\\/lecon-90-le-genitif-3e-partie-id382477.html#primaryimage\"},\"image\":{\"@id\":\"https:\\\/\\\/www.rri.ro\\\/fr\\\/le-roumain-mot-a-mot\\\/consulter-les-lecons\\\/lecon-90-le-genitif-3e-partie-id382477.html#primaryimage\"},\"thumbnailUrl\":\"https:\\\/\\\/www.rri.ro\\\/wp-content\\\/uploads\\\/2023\\\/10\\\/limba-romana1.jpeg\",\"datePublished\":\"2026-04-07T07:24:00+00:00\",\"dateModified\":\"2026-04-07T10:40:52+00:00\",\"author\":{\"@id\":\"https:\\\/\\\/www.rri.ro\\\/#\\\/schema\\\/person\\\/18fac491bccbfe149b92aea77ad60abd\"},\"breadcrumb\":{\"@id\":\"https:\\\/\\\/www.rri.ro\\\/fr\\\/le-roumain-mot-a-mot\\\/consulter-les-lecons\\\/lecon-90-le-genitif-3e-partie-id382477.html#breadcrumb\"},\"inLanguage\":\"fr-FR\",\"potentialAction\":[{\"@type\":\"ReadAction\",\"target\":[\"https:\\\/\\\/www.rri.ro\\\/fr\\\/le-roumain-mot-a-mot\\\/consulter-les-lecons\\\/lecon-90-le-genitif-3e-partie-id382477.html\"]}]},{\"@type\":\"ImageObject\",\"inLanguage\":\"fr-FR\",\"@id\":\"https:\\\/\\\/www.rri.ro\\\/fr\\\/le-roumain-mot-a-mot\\\/consulter-les-lecons\\\/lecon-90-le-genitif-3e-partie-id382477.html#primaryimage\",\"url\":\"https:\\\/\\\/www.rri.ro\\\/wp-content\\\/uploads\\\/2023\\\/10\\\/limba-romana1.jpeg\",\"contentUrl\":\"https:\\\/\\\/www.rri.ro\\\/wp-content\\\/uploads\\\/2023\\\/10\\\/limba-romana1.jpeg\",\"width\":640,\"height\":327},{\"@type\":\"BreadcrumbList\",\"@id\":\"https:\\\/\\\/www.rri.ro\\\/fr\\\/le-roumain-mot-a-mot\\\/consulter-les-lecons\\\/lecon-90-le-genitif-3e-partie-id382477.html#breadcrumb\",\"itemListElement\":[{\"@type\":\"ListItem\",\"position\":1,\"name\":\"Page d'accueil\",\"item\":\"https:\\\/\\\/www.rri.ro\\\/fr\"},{\"@type\":\"ListItem\",\"position\":2,\"name\":\"Le roumain mot \u00e0 mot\",\"item\":\"https:\\\/\\\/www.rri.ro\\\/fr\\\/le-roumain-mot-a-mot\"},{\"@type\":\"ListItem\",\"position\":3,\"name\":\"Consulter les le\u00e7ons\",\"item\":\"https:\\\/\\\/www.rri.ro\\\/fr\\\/le-roumain-mot-a-mot\\\/consulter-les-lecons\"},{\"@type\":\"ListItem\",\"position\":4,\"name\":\"Le\u00e7on 90 &#8211; Le g\u00e9nitif (3e partie)\"}]},{\"@type\":\"WebSite\",\"@id\":\"https:\\\/\\\/www.rri.ro\\\/#website\",\"url\":\"https:\\\/\\\/www.rri.ro\\\/\",\"name\":\"Radio Roumanie Internationale\",\"description\":\"Totul despre Rom\u00e2nia \u015fi rom\u00e2ni, \u00een 13 limbi\\\/dialecte!\",\"inLanguage\":\"fr-FR\"},{\"@type\":\"Person\",\"@id\":\"https:\\\/\\\/www.rri.ro\\\/#\\\/schema\\\/person\\\/18fac491bccbfe149b92aea77ad60abd\",\"name\":\"Rom\u00e2nia Interna\u021bional\",\"url\":\"https:\\\/\\\/www.rri.ro\\\/fr\\\/author\\\/redactia\"}]}<\/script>\n<!-- \/ Yoast SEO plugin. -->","yoast_head_json":{"title":"Le\u00e7on 90 - Le g\u00e9nitif (3e partie) - Radio Roumanie Internationale","robots":{"index":"index","follow":"follow","max-snippet":"max-snippet:-1","max-image-preview":"max-image-preview:large","max-video-preview":"max-video-preview:-1"},"canonical":"https:\/\/www.rri.ro\/fr\/le-roumain-mot-a-mot\/consulter-les-lecons\/lecon-90-le-genitif-3e-partie-id382477.html","og_locale":"fr_FR","og_type":"article","og_title":"Le\u00e7on 90 - Le g\u00e9nitif (3e partie) - Radio Roumanie Internationale","og_description":"Lec\u0163ia nou\u0103zeci &nbsp; &nbsp; Dominique: Bun\u0103 ziua. &nbsp; Ioana: Bun\u0103 diminea\u0163a. &nbsp; Alexandru: Bun\u0103 seara. &nbsp; Valentina: Bun\u0103. &nbsp; Bun venit, dragi prieteni. Aujourdhui nous allons nous occuper, une fois de plus, de ce qui nous appartient &#8212; en fait de ce qui appartient aux autres. Deux sont les petits mots utilis\u00e9s pour exprimer lappartenance [&hellip;]","og_url":"https:\/\/www.rri.ro\/fr\/le-roumain-mot-a-mot\/consulter-les-lecons\/lecon-90-le-genitif-3e-partie-id382477.html","og_site_name":"Radio Roumanie Internationale","article_published_time":"2026-04-07T07:24:00+00:00","article_modified_time":"2026-04-07T10:40:52+00:00","og_image":[{"width":640,"height":327,"url":"https:\/\/www.rri.ro\/wp-content\/uploads\/2023\/10\/limba-romana1.jpeg","type":"image\/jpeg"}],"author":"Rom\u00e2nia Interna\u021bional","twitter_card":"summary_large_image","twitter_misc":{"\u00c9crit par":"Rom\u00e2nia Interna\u021bional","Dur\u00e9e de lecture estim\u00e9e":"4 minutes","Written by":"Rom\u00e2nia Interna\u021bional"},"schema":{"@context":"https:\/\/schema.org","@graph":[{"@type":"Article","@id":"https:\/\/www.rri.ro\/fr\/le-roumain-mot-a-mot\/consulter-les-lecons\/lecon-90-le-genitif-3e-partie-id382477.html#article","isPartOf":{"@id":"https:\/\/www.rri.ro\/fr\/le-roumain-mot-a-mot\/consulter-les-lecons\/lecon-90-le-genitif-3e-partie-id382477.html"},"author":{"name":"Rom\u00e2nia Interna\u021bional","@id":"https:\/\/www.rri.ro\/#\/schema\/person\/18fac491bccbfe149b92aea77ad60abd"},"headline":"Le\u00e7on 90 &#8211; Le g\u00e9nitif (3e partie)","datePublished":"2026-04-07T07:24:00+00:00","dateModified":"2026-04-07T10:40:52+00:00","mainEntityOfPage":{"@id":"https:\/\/www.rri.ro\/fr\/le-roumain-mot-a-mot\/consulter-les-lecons\/lecon-90-le-genitif-3e-partie-id382477.html"},"wordCount":901,"image":{"@id":"https:\/\/www.rri.ro\/fr\/le-roumain-mot-a-mot\/consulter-les-lecons\/lecon-90-le-genitif-3e-partie-id382477.html#primaryimage"},"thumbnailUrl":"https:\/\/www.rri.ro\/wp-content\/uploads\/2023\/10\/limba-romana1.jpeg","keywords":["g\u00e9nitif","genitiv"],"articleSection":["Consulter les le\u00e7ons"],"inLanguage":"fr-FR"},{"@type":"WebPage","@id":"https:\/\/www.rri.ro\/fr\/le-roumain-mot-a-mot\/consulter-les-lecons\/lecon-90-le-genitif-3e-partie-id382477.html","url":"https:\/\/www.rri.ro\/fr\/le-roumain-mot-a-mot\/consulter-les-lecons\/lecon-90-le-genitif-3e-partie-id382477.html","name":"Le\u00e7on 90 - Le g\u00e9nitif (3e partie) - Radio Roumanie Internationale","isPartOf":{"@id":"https:\/\/www.rri.ro\/#website"},"primaryImageOfPage":{"@id":"https:\/\/www.rri.ro\/fr\/le-roumain-mot-a-mot\/consulter-les-lecons\/lecon-90-le-genitif-3e-partie-id382477.html#primaryimage"},"image":{"@id":"https:\/\/www.rri.ro\/fr\/le-roumain-mot-a-mot\/consulter-les-lecons\/lecon-90-le-genitif-3e-partie-id382477.html#primaryimage"},"thumbnailUrl":"https:\/\/www.rri.ro\/wp-content\/uploads\/2023\/10\/limba-romana1.jpeg","datePublished":"2026-04-07T07:24:00+00:00","dateModified":"2026-04-07T10:40:52+00:00","author":{"@id":"https:\/\/www.rri.ro\/#\/schema\/person\/18fac491bccbfe149b92aea77ad60abd"},"breadcrumb":{"@id":"https:\/\/www.rri.ro\/fr\/le-roumain-mot-a-mot\/consulter-les-lecons\/lecon-90-le-genitif-3e-partie-id382477.html#breadcrumb"},"inLanguage":"fr-FR","potentialAction":[{"@type":"ReadAction","target":["https:\/\/www.rri.ro\/fr\/le-roumain-mot-a-mot\/consulter-les-lecons\/lecon-90-le-genitif-3e-partie-id382477.html"]}]},{"@type":"ImageObject","inLanguage":"fr-FR","@id":"https:\/\/www.rri.ro\/fr\/le-roumain-mot-a-mot\/consulter-les-lecons\/lecon-90-le-genitif-3e-partie-id382477.html#primaryimage","url":"https:\/\/www.rri.ro\/wp-content\/uploads\/2023\/10\/limba-romana1.jpeg","contentUrl":"https:\/\/www.rri.ro\/wp-content\/uploads\/2023\/10\/limba-romana1.jpeg","width":640,"height":327},{"@type":"BreadcrumbList","@id":"https:\/\/www.rri.ro\/fr\/le-roumain-mot-a-mot\/consulter-les-lecons\/lecon-90-le-genitif-3e-partie-id382477.html#breadcrumb","itemListElement":[{"@type":"ListItem","position":1,"name":"Page d'accueil","item":"https:\/\/www.rri.ro\/fr"},{"@type":"ListItem","position":2,"name":"Le roumain mot \u00e0 mot","item":"https:\/\/www.rri.ro\/fr\/le-roumain-mot-a-mot"},{"@type":"ListItem","position":3,"name":"Consulter les le\u00e7ons","item":"https:\/\/www.rri.ro\/fr\/le-roumain-mot-a-mot\/consulter-les-lecons"},{"@type":"ListItem","position":4,"name":"Le\u00e7on 90 &#8211; Le g\u00e9nitif (3e partie)"}]},{"@type":"WebSite","@id":"https:\/\/www.rri.ro\/#website","url":"https:\/\/www.rri.ro\/","name":"Radio Roumanie Internationale","description":"Totul despre Rom\u00e2nia \u015fi rom\u00e2ni, \u00een 13 limbi\/dialecte!","inLanguage":"fr-FR"},{"@type":"Person","@id":"https:\/\/www.rri.ro\/#\/schema\/person\/18fac491bccbfe149b92aea77ad60abd","name":"Rom\u00e2nia Interna\u021bional","url":"https:\/\/www.rri.ro\/fr\/author\/redactia"}]}},"_links":{"self":[{"href":"https:\/\/www.rri.ro\/fr\/wp-json\/wp\/v2\/posts\/382477","targetHints":{"allow":["GET"]}}],"collection":[{"href":"https:\/\/www.rri.ro\/fr\/wp-json\/wp\/v2\/posts"}],"about":[{"href":"https:\/\/www.rri.ro\/fr\/wp-json\/wp\/v2\/types\/post"}],"author":[{"embeddable":true,"href":"https:\/\/www.rri.ro\/fr\/wp-json\/wp\/v2\/users\/2"}],"replies":[{"embeddable":true,"href":"https:\/\/www.rri.ro\/fr\/wp-json\/wp\/v2\/comments?post=382477"}],"version-history":[{"count":0,"href":"https:\/\/www.rri.ro\/fr\/wp-json\/wp\/v2\/posts\/382477\/revisions"}],"wp:featuredmedia":[{"embeddable":true,"href":"https:\/\/www.rri.ro\/fr\/wp-json\/wp\/v2\/media\/141860"}],"wp:attachment":[{"href":"https:\/\/www.rri.ro\/fr\/wp-json\/wp\/v2\/media?parent=382477"}],"wp:term":[{"taxonomy":"category","embeddable":true,"href":"https:\/\/www.rri.ro\/fr\/wp-json\/wp\/v2\/categories?post=382477"},{"taxonomy":"post_tag","embeddable":true,"href":"https:\/\/www.rri.ro\/fr\/wp-json\/wp\/v2\/tags?post=382477"},{"taxonomy":"author","embeddable":true,"href":"https:\/\/www.rri.ro\/fr\/wp-json\/wp\/v2\/coauthors?post=382477"}],"curies":[{"name":"wp","href":"https:\/\/api.w.org\/{rel}","templated":true}]}}