{"id":382478,"date":"2026-04-21T10:32:00","date_gmt":"2026-04-21T07:32:00","guid":{"rendered":"http:\/\/devrri.freshlemon.ro\/consulter-les-lecons\/lecon-92-le-genitif-4e-partie-id382478.html"},"modified":"2026-04-20T18:17:54","modified_gmt":"2026-04-20T15:17:54","slug":"lecon-92-le-genitif-4e-partie","status":"publish","type":"post","link":"https:\/\/www.rri.ro\/fr\/le-roumain-mot-a-mot\/consulter-les-lecons\/lecon-92-le-genitif-4e-partie-id382478.html","title":{"rendered":"Le\u00e7on 92 &#8211; Le g\u00e9nitif (4e partie)"},"content":{"rendered":"<p><strong>Le<\/strong><strong>c\u0163ia nou\u0103zeci \u015fi doi<\/strong><\/p>\n<p>&nbsp;<\/p>\n<p>&nbsp;<\/p>\n<p><em>Dominique:<\/em><strong> Bun\u0103 ziua.<\/strong><\/p>\n<p>&nbsp;<\/p>\n<p><em>Alexandra:<\/em><strong> Bun\u0103 diminea\u0163a.<\/strong><\/p>\n<p>&nbsp;<\/p>\n<p><em>Alexandru:<\/em><strong> Bun\u0103 seara.<\/strong><\/p>\n<p>&nbsp;<\/p>\n<p><em>Valentina: <\/em><strong>Bun\u0103.<\/strong><\/p>\n<p>&nbsp;<\/p>\n<p><strong>Bun venit, dragi prieteni. <\/strong>Un petit mot de g\u00e9nitif, aujourd\u2019hui encore, pour achever notre entretien sur cette mani\u00e8re d\u2019exprimer la possession. Le g\u00e9nitif demeure certainement un peu \u00e9trange pour vous, puisque la langue fran\u00e7aise n\u2019a pas conserv\u00e9 les cas du latin. Mais ne vous faites pas de soucis, nous nous contenterons de survoler ce dernier aspect de la question.<\/p>\n<p>&nbsp;<\/p>\n<p>Nous nous sommes limit\u00e9s jusqu\u2019ici \u00e0 un seul possesseur. Il nous reste \u00e0 exprimer la possession par rapport \u00e0 plusieurs possesseurs.<\/p>\n<p>&nbsp;<\/p>\n<p>Pour ce faire, nous mettrons un peu la charrue avant les b\u0153ufs, parce que vous ne connaissez pas encore le petit mot qui exprime la possession par rapport \u00e0 la 3e personne du pluriel. Rien de plus simple, vu qu\u2019il est invariable et ressemble beaucoup au fran\u00e7ais :<\/p>\n<p>&nbsp;<\/p>\n<p>&#8211; <strong>lor &#8212; <\/strong>comme le fran\u00e7ais \u00ab leur(s) \u00bb.<\/p>\n<p>&nbsp;<\/p>\n<p><em>Alexandra: <\/em><strong>prietenul lor <\/strong>&#8212; leur ami<\/p>\n<p>&nbsp;<\/p>\n<p><strong> prietenul lor, Alexandru <\/strong>&#8212; leur ami, Alexandru<\/p>\n<p>&nbsp;<\/p>\n<p><em>Alexandru: <\/em><strong>prietena lor <\/strong>&#8212; leur amie<\/p>\n<p>&nbsp;<\/p>\n<p><strong>prietena lor, Valentina <\/strong>&#8212; leur amie, Valentina<\/p>\n<p>&nbsp;<\/p>\n<p><em>Valentina : <\/em><strong>prietenii lor <\/strong>&#8212; leurs amis<\/p>\n<p>&nbsp;<\/p>\n<p><strong>prietenii lor, Alexandru \u015fi Andrei <\/strong>&#8212; leurs amis, Alexandru et Andrei<\/p>\n<p>&nbsp;<\/p>\n<p><em>Alexandru: <\/em><strong>prietenele lor <\/strong>&#8212; leurs amies<\/p>\n<p>&nbsp;<\/p>\n<p><strong>prietenele lor, Alexandra \u015fi Valentina <\/strong>&#8212; leurs amies, Alexandra et Valentina<\/p>\n<p>&nbsp;<\/p>\n<p>&nbsp;<\/p>\n<p>Pour exprimer la possession par rapport \u00e0 plusieurs possesseurs, on proc\u00e8de comme pour le singulier: le petit mot (<strong>lor<\/strong>) est ajout\u00e9 \u00e0 la fin du nom respectif et soud\u00e9 \u00e0 lui :<\/p>\n<p>&nbsp;<\/p>\n<p><em>Alexandra: <\/em> <strong>flori <\/strong>(fleurs) &#8212; <strong>florilor<\/strong> (des fleurs)<\/p>\n<p>&nbsp;<\/p>\n<p><strong>parfumul florilor<\/strong> &#8212; le parfum des fleurs<\/p>\n<p>&nbsp;<\/p>\n<p><em>Alexandru:<\/em><strong> fructe <\/strong>(fruits)<strong> &#8212; fructelor <\/strong>(des fruits)<\/p>\n<p>&nbsp;<\/p>\n<p><strong> gustul fructelor <\/strong>&#8212; le go\u00fbt des fruits<\/p>\n<p>&nbsp;<\/p>\n<p><em>Valentina :<\/em><strong> studen\u0163i <\/strong>(\u00e9tudiants) <strong>&#8212; studen\u0163ilor <\/strong>(des \u00e9tudiants)<\/p>\n<p>&nbsp;<\/p>\n<p><strong> examenele studen\u0163ilor <\/strong>&#8212; les examens des \u00e9tudiants<\/p>\n<p>&nbsp;<\/p>\n<p><em>Alexandra: <\/em><strong>elevi <\/strong>(\u00e9l\u00e8ves) &#8212; <strong>elevilor <\/strong>(des \u00e9l\u00e8ves)<\/p>\n<p>&nbsp;<\/p>\n<p><strong>vacan\u0163a elevilor <\/strong>&#8212; les vacances des \u00e9l\u00e8ves<\/p>\n<p>&nbsp;<\/p>\n<p><em>Alexandru: <\/em><strong>trenuri <\/strong>(trains) &#8212; <strong>trenurilor <\/strong>(des trains)<\/p>\n<p>&nbsp;<\/p>\n<p><strong>mersul trenurilor <\/strong>&#8212; l\u2019horaire des trains<\/p>\n<p>&nbsp;<\/p>\n<p><em>Valentina: <\/em><strong>francezi <\/strong>(Fran\u00e7ais) &#8212; <strong>francezilor <\/strong><\/p>\n<p>&nbsp;<\/p>\n<p>(des Fran\u00e7ais)<\/p>\n<p>&nbsp;<\/p>\n<p><strong>calit\u0103\u0163ile francezilor <\/strong>&#8212; les qualit\u00e9s des Fran\u00e7ais<\/p>\n<p>&nbsp;<\/p>\n<p>&nbsp;<\/p>\n<p><strong>&amp;<\/strong><\/p>\n<p>&nbsp;<\/p>\n<p>Souvent, le g\u00e9nitif peut devenir tr\u00e8s sympathique, surtout lorsqu\u2019il nous aide \u00e0 comprendre certains toponymes ou diff\u00e9rents mots compos\u00e9s. Gr\u00e2ce \u00e0 lui, vous pourrez regarder d\u00e9sormais en connaisseurs des syntagmes tels:<\/p>\n<p>&nbsp;<\/p>\n<p><strong>Autostrada Soarelui <\/strong>&#8212; l\u2019Autoroute du Soleil &#8212; qui relie la capitale \u00e0 la c\u00f4te de la Mer Noire<\/p>\n<p>&nbsp;<\/p>\n<p><strong>Palatul Parlamentului<\/strong> &#8212; le Palais du Parlement<\/p>\n<p>&nbsp;<\/p>\n<p><strong>Valea Mure\u015fului<\/strong> &#8212; la Vall\u00e9e du Mure\u015f<\/p>\n<p>&nbsp;<\/p>\n<p><strong>Valea Oltului<\/strong> &#8212; la Vall\u00e9e de l\u2019Olt<\/p>\n<p>&nbsp;<\/p>\n<p><strong>Delta Dun\u0103rii <\/strong>&#8212; le Delta du Danube. En fait, on devrait dire <strong>Delta Dun\u0103rei, <\/strong>pourtant cette forme a \u00e9t\u00e9 lim\u00e9e par l\u2019usage, c\u2019est-\u00e0-dire fa\u00e7onn\u00e9e sous la pression d\u2019une loi qui r\u00e9git le langage aussi, celle du moindre effort &#8212; articulatoire, en l\u2019occurrence.<\/p>\n<p>&nbsp;<\/p>\n<p>On dira, de la m\u00eame fa\u00e7on :<\/p>\n<p>&nbsp;<\/p>\n<p><strong>Harta Americii <\/strong>&#8212; la carte de l\u2019Am\u00e9rique<\/p>\n<p>&nbsp;<\/p>\n<p><strong>Harta Africii <\/strong>&#8212; la carte de l\u2019Afrique<\/p>\n<p>&nbsp;<\/p>\n<p><strong>Pia\u0163a Unirii <\/strong>&#8212; la Place de l\u2019Union, une des plus connues de Bucarest<\/p>\n<p>&nbsp;<\/p>\n<p>Ou bien<\/p>\n<p>&nbsp;<\/p>\n<p><strong>Masa T\u0103cerii<\/strong> &#8212; la Table du Silence &#8212; une tr\u00e8s belle oeuvre monumentale du sculpteur d\u2019origine roumaine Constantin Brancusi<\/p>\n<p>&nbsp;<\/p>\n<p><strong>Calea Victoriei <\/strong>&#8212; l\u2019Avenue de la Victoire &#8212; qui est une des plus connues de la capitale roumaine<\/p>\n<p>&nbsp;<\/p>\n<p>Le nom de nombreuses fleurs reposent sur un g\u00e9nitif<\/p>\n<p>&nbsp;<\/p>\n<p><strong>gura leului <\/strong>&#8212; gueule de loup (textuellement \u00ab la gueule du lion \u00bb)<\/p>\n<p>&nbsp;<\/p>\n<p><strong>ciubo\u0163ica cucului <\/strong>&#8212; textuellement \u00ab le petit sabot du coucou \u00bb, d\u00e9signant la primev\u00e8re officinale, commun\u00e9ment appel\u00e9e \u00ab coucou \u00bb)<\/p>\n<p>&nbsp;<\/p>\n<p>&nbsp;<\/p>\n<p>A ce g\u00e9nitif de la possession nous devons \u00e9galement de tr\u00e8s belles chansons.<\/p>\n<p>&nbsp;<\/p>\n<p><strong>Parfumul str\u0103zilor <\/strong>(Le parfum des rues) a charm\u00e9 Corina Chiriac et il nous charmera, nous aussi, par son interm\u00e9diaire, au moins jusqu\u2019\u00e0 notre prochaine rencontre.<\/p>\n<p>&nbsp;<\/p>\n<p>&nbsp;<\/p>\n<p><strong>LA REVEDERE !<\/strong><\/p>\n<p>&nbsp;<\/p>\n<p>&nbsp;<\/p>\n<p><strong>Corina Chiriac &#8212; Parfumul str\u0103zilor <\/strong>(Le parfum des rues)<\/p>\n<p>&nbsp;<\/p>\n<p>&nbsp;<\/p>\n<p><iframe loading=\"lazy\" src=\"https:\/\/w.soundcloud.com\/player\/?url=https%3A\/\/api.soundcloud.com\/tracks\/342501068&amp;color=%23ff5500&amp;auto_play=false&amp;hide_related=false&amp;show_comments=true&amp;show_user=true&amp;show_reposts=false\" width=\"100%\" height=\"166\" frameborder=\"no\" scrolling=\"no\"><\/iframe><\/p>\n<p>&nbsp;<\/p>\n","protected":false},"excerpt":{"rendered":"<p>Lec\u0163ia nou\u0103zeci \u015fi doi &nbsp; &nbsp; Dominique: Bun\u0103 ziua. &nbsp; Alexandra: Bun\u0103 diminea\u0163a. &nbsp; Alexandru: Bun\u0103 seara. &nbsp; Valentina: Bun\u0103. &nbsp; Bun venit, dragi prieteni. Un petit mot de g\u00e9nitif, aujourd\u2019hui encore, pour achever notre entretien sur cette mani\u00e8re d\u2019exprimer la possession. Le g\u00e9nitif demeure certainement un peu \u00e9trange pour vous, puisque la langue fran\u00e7aise [&hellip;]<\/p>\n","protected":false},"author":2,"featured_media":141860,"comment_status":"closed","ping_status":"closed","sticky":false,"template":"","format":"standard","meta":{"_acf_changed":false,"footnotes":""},"categories":[24],"tags":[85214,85215],"coauthors":[113285],"class_list":["post-382478","post","type-post","status-publish","format-standard","has-post-thumbnail","hentry","category-consulter-les-lecons","tag-genitif","tag-genitiv"],"acf":[],"yoast_head":"<!-- This site is optimized with the Yoast SEO plugin v27.5 - https:\/\/yoast.com\/product\/yoast-seo-wordpress\/ -->\n<title>Le\u00e7on 92 - Le g\u00e9nitif (4e partie) - Radio Roumanie Internationale<\/title>\n<meta name=\"robots\" content=\"index, follow, max-snippet:-1, max-image-preview:large, max-video-preview:-1\" \/>\n<link rel=\"canonical\" href=\"https:\/\/www.rri.ro\/fr\/le-roumain-mot-a-mot\/consulter-les-lecons\/lecon-92-le-genitif-4e-partie-id382478.html\" \/>\n<meta property=\"og:locale\" content=\"fr_FR\" \/>\n<meta property=\"og:type\" content=\"article\" \/>\n<meta property=\"og:title\" content=\"Le\u00e7on 92 - Le g\u00e9nitif (4e partie) - Radio Roumanie Internationale\" \/>\n<meta property=\"og:description\" content=\"Lec\u0163ia nou\u0103zeci \u015fi doi &nbsp; &nbsp; Dominique: Bun\u0103 ziua. &nbsp; Alexandra: Bun\u0103 diminea\u0163a. &nbsp; Alexandru: Bun\u0103 seara. &nbsp; Valentina: Bun\u0103. &nbsp; Bun venit, dragi prieteni. Un petit mot de g\u00e9nitif, aujourd\u2019hui encore, pour achever notre entretien sur cette mani\u00e8re d\u2019exprimer la possession. Le g\u00e9nitif demeure certainement un peu \u00e9trange pour vous, puisque la langue fran\u00e7aise [&hellip;]\" \/>\n<meta property=\"og:url\" content=\"https:\/\/www.rri.ro\/fr\/le-roumain-mot-a-mot\/consulter-les-lecons\/lecon-92-le-genitif-4e-partie-id382478.html\" \/>\n<meta property=\"og:site_name\" content=\"Radio Roumanie Internationale\" \/>\n<meta property=\"article:published_time\" content=\"2026-04-21T07:32:00+00:00\" \/>\n<meta property=\"og:image\" content=\"https:\/\/www.rri.ro\/wp-content\/uploads\/2023\/10\/limba-romana1.jpeg\" \/>\n\t<meta property=\"og:image:width\" content=\"640\" \/>\n\t<meta property=\"og:image:height\" content=\"327\" \/>\n\t<meta property=\"og:image:type\" content=\"image\/jpeg\" \/>\n<meta name=\"author\" content=\"Rom\u00e2nia Interna\u021bional\" \/>\n<meta name=\"twitter:card\" content=\"summary_large_image\" \/>\n<meta name=\"twitter:label1\" content=\"\u00c9crit par\" \/>\n\t<meta name=\"twitter:data1\" content=\"Rom\u00e2nia Interna\u021bional\" \/>\n\t<meta name=\"twitter:label2\" content=\"Dur\u00e9e de lecture estim\u00e9e\" \/>\n\t<meta name=\"twitter:data2\" content=\"4 minutes\" \/>\n\t<meta name=\"twitter:label3\" content=\"Written by\" \/>\n\t<meta name=\"twitter:data3\" content=\"Rom\u00e2nia Interna\u021bional\" \/>\n<script type=\"application\/ld+json\" class=\"yoast-schema-graph\">{\"@context\":\"https:\\\/\\\/schema.org\",\"@graph\":[{\"@type\":\"Article\",\"@id\":\"https:\\\/\\\/www.rri.ro\\\/fr\\\/le-roumain-mot-a-mot\\\/consulter-les-lecons\\\/lecon-92-le-genitif-4e-partie-id382478.html#article\",\"isPartOf\":{\"@id\":\"https:\\\/\\\/www.rri.ro\\\/fr\\\/le-roumain-mot-a-mot\\\/consulter-les-lecons\\\/lecon-92-le-genitif-4e-partie-id382478.html\"},\"author\":{\"name\":\"Rom\u00e2nia Interna\u021bional\",\"@id\":\"https:\\\/\\\/www.rri.ro\\\/#\\\/schema\\\/person\\\/18fac491bccbfe149b92aea77ad60abd\"},\"headline\":\"Le\u00e7on 92 &#8211; Le g\u00e9nitif (4e partie)\",\"datePublished\":\"2026-04-21T07:32:00+00:00\",\"mainEntityOfPage\":{\"@id\":\"https:\\\/\\\/www.rri.ro\\\/fr\\\/le-roumain-mot-a-mot\\\/consulter-les-lecons\\\/lecon-92-le-genitif-4e-partie-id382478.html\"},\"wordCount\":730,\"image\":{\"@id\":\"https:\\\/\\\/www.rri.ro\\\/fr\\\/le-roumain-mot-a-mot\\\/consulter-les-lecons\\\/lecon-92-le-genitif-4e-partie-id382478.html#primaryimage\"},\"thumbnailUrl\":\"https:\\\/\\\/www.rri.ro\\\/wp-content\\\/uploads\\\/2023\\\/10\\\/limba-romana1.jpeg\",\"keywords\":[\"g\u00e9nitif\",\"genitiv\"],\"articleSection\":[\"Consulter les le\u00e7ons\"],\"inLanguage\":\"fr-FR\"},{\"@type\":\"WebPage\",\"@id\":\"https:\\\/\\\/www.rri.ro\\\/fr\\\/le-roumain-mot-a-mot\\\/consulter-les-lecons\\\/lecon-92-le-genitif-4e-partie-id382478.html\",\"url\":\"https:\\\/\\\/www.rri.ro\\\/fr\\\/le-roumain-mot-a-mot\\\/consulter-les-lecons\\\/lecon-92-le-genitif-4e-partie-id382478.html\",\"name\":\"Le\u00e7on 92 - Le g\u00e9nitif (4e partie) - Radio Roumanie Internationale\",\"isPartOf\":{\"@id\":\"https:\\\/\\\/www.rri.ro\\\/#website\"},\"primaryImageOfPage\":{\"@id\":\"https:\\\/\\\/www.rri.ro\\\/fr\\\/le-roumain-mot-a-mot\\\/consulter-les-lecons\\\/lecon-92-le-genitif-4e-partie-id382478.html#primaryimage\"},\"image\":{\"@id\":\"https:\\\/\\\/www.rri.ro\\\/fr\\\/le-roumain-mot-a-mot\\\/consulter-les-lecons\\\/lecon-92-le-genitif-4e-partie-id382478.html#primaryimage\"},\"thumbnailUrl\":\"https:\\\/\\\/www.rri.ro\\\/wp-content\\\/uploads\\\/2023\\\/10\\\/limba-romana1.jpeg\",\"datePublished\":\"2026-04-21T07:32:00+00:00\",\"author\":{\"@id\":\"https:\\\/\\\/www.rri.ro\\\/#\\\/schema\\\/person\\\/18fac491bccbfe149b92aea77ad60abd\"},\"breadcrumb\":{\"@id\":\"https:\\\/\\\/www.rri.ro\\\/fr\\\/le-roumain-mot-a-mot\\\/consulter-les-lecons\\\/lecon-92-le-genitif-4e-partie-id382478.html#breadcrumb\"},\"inLanguage\":\"fr-FR\",\"potentialAction\":[{\"@type\":\"ReadAction\",\"target\":[\"https:\\\/\\\/www.rri.ro\\\/fr\\\/le-roumain-mot-a-mot\\\/consulter-les-lecons\\\/lecon-92-le-genitif-4e-partie-id382478.html\"]}]},{\"@type\":\"ImageObject\",\"inLanguage\":\"fr-FR\",\"@id\":\"https:\\\/\\\/www.rri.ro\\\/fr\\\/le-roumain-mot-a-mot\\\/consulter-les-lecons\\\/lecon-92-le-genitif-4e-partie-id382478.html#primaryimage\",\"url\":\"https:\\\/\\\/www.rri.ro\\\/wp-content\\\/uploads\\\/2023\\\/10\\\/limba-romana1.jpeg\",\"contentUrl\":\"https:\\\/\\\/www.rri.ro\\\/wp-content\\\/uploads\\\/2023\\\/10\\\/limba-romana1.jpeg\",\"width\":640,\"height\":327},{\"@type\":\"BreadcrumbList\",\"@id\":\"https:\\\/\\\/www.rri.ro\\\/fr\\\/le-roumain-mot-a-mot\\\/consulter-les-lecons\\\/lecon-92-le-genitif-4e-partie-id382478.html#breadcrumb\",\"itemListElement\":[{\"@type\":\"ListItem\",\"position\":1,\"name\":\"Page d'accueil\",\"item\":\"https:\\\/\\\/www.rri.ro\\\/fr\"},{\"@type\":\"ListItem\",\"position\":2,\"name\":\"Actualitate\",\"item\":\"https:\\\/\\\/www.rri.ro\\\/actualitate\"},{\"@type\":\"ListItem\",\"position\":3,\"name\":\"\u015etiri\",\"item\":\"https:\\\/\\\/www.rri.ro\\\/actualitate\\\/stiri\"},{\"@type\":\"ListItem\",\"position\":4,\"name\":\"Le\u00e7on 92 &#8211; Le g\u00e9nitif (4e partie)\"}]},{\"@type\":\"WebSite\",\"@id\":\"https:\\\/\\\/www.rri.ro\\\/#website\",\"url\":\"https:\\\/\\\/www.rri.ro\\\/\",\"name\":\"Radio Roumanie Internationale\",\"description\":\"Totul despre Rom\u00e2nia \u015fi rom\u00e2ni, \u00een 13 limbi\\\/dialecte!\",\"inLanguage\":\"fr-FR\"},{\"@type\":\"Person\",\"@id\":\"https:\\\/\\\/www.rri.ro\\\/#\\\/schema\\\/person\\\/18fac491bccbfe149b92aea77ad60abd\",\"name\":\"Rom\u00e2nia Interna\u021bional\",\"url\":\"https:\\\/\\\/www.rri.ro\\\/fr\\\/author\\\/redactia\"}]}<\/script>\n<!-- \/ Yoast SEO plugin. -->","yoast_head_json":{"title":"Le\u00e7on 92 - Le g\u00e9nitif (4e partie) - Radio Roumanie Internationale","robots":{"index":"index","follow":"follow","max-snippet":"max-snippet:-1","max-image-preview":"max-image-preview:large","max-video-preview":"max-video-preview:-1"},"canonical":"https:\/\/www.rri.ro\/fr\/le-roumain-mot-a-mot\/consulter-les-lecons\/lecon-92-le-genitif-4e-partie-id382478.html","og_locale":"fr_FR","og_type":"article","og_title":"Le\u00e7on 92 - Le g\u00e9nitif (4e partie) - Radio Roumanie Internationale","og_description":"Lec\u0163ia nou\u0103zeci \u015fi doi &nbsp; &nbsp; Dominique: Bun\u0103 ziua. &nbsp; Alexandra: Bun\u0103 diminea\u0163a. &nbsp; Alexandru: Bun\u0103 seara. &nbsp; Valentina: Bun\u0103. &nbsp; Bun venit, dragi prieteni. Un petit mot de g\u00e9nitif, aujourd\u2019hui encore, pour achever notre entretien sur cette mani\u00e8re d\u2019exprimer la possession. Le g\u00e9nitif demeure certainement un peu \u00e9trange pour vous, puisque la langue fran\u00e7aise [&hellip;]","og_url":"https:\/\/www.rri.ro\/fr\/le-roumain-mot-a-mot\/consulter-les-lecons\/lecon-92-le-genitif-4e-partie-id382478.html","og_site_name":"Radio Roumanie Internationale","article_published_time":"2026-04-21T07:32:00+00:00","og_image":[{"width":640,"height":327,"url":"https:\/\/www.rri.ro\/wp-content\/uploads\/2023\/10\/limba-romana1.jpeg","type":"image\/jpeg"}],"author":"Rom\u00e2nia Interna\u021bional","twitter_card":"summary_large_image","twitter_misc":{"\u00c9crit par":"Rom\u00e2nia Interna\u021bional","Dur\u00e9e de lecture estim\u00e9e":"4 minutes","Written by":"Rom\u00e2nia Interna\u021bional"},"schema":{"@context":"https:\/\/schema.org","@graph":[{"@type":"Article","@id":"https:\/\/www.rri.ro\/fr\/le-roumain-mot-a-mot\/consulter-les-lecons\/lecon-92-le-genitif-4e-partie-id382478.html#article","isPartOf":{"@id":"https:\/\/www.rri.ro\/fr\/le-roumain-mot-a-mot\/consulter-les-lecons\/lecon-92-le-genitif-4e-partie-id382478.html"},"author":{"name":"Rom\u00e2nia Interna\u021bional","@id":"https:\/\/www.rri.ro\/#\/schema\/person\/18fac491bccbfe149b92aea77ad60abd"},"headline":"Le\u00e7on 92 &#8211; Le g\u00e9nitif (4e partie)","datePublished":"2026-04-21T07:32:00+00:00","mainEntityOfPage":{"@id":"https:\/\/www.rri.ro\/fr\/le-roumain-mot-a-mot\/consulter-les-lecons\/lecon-92-le-genitif-4e-partie-id382478.html"},"wordCount":730,"image":{"@id":"https:\/\/www.rri.ro\/fr\/le-roumain-mot-a-mot\/consulter-les-lecons\/lecon-92-le-genitif-4e-partie-id382478.html#primaryimage"},"thumbnailUrl":"https:\/\/www.rri.ro\/wp-content\/uploads\/2023\/10\/limba-romana1.jpeg","keywords":["g\u00e9nitif","genitiv"],"articleSection":["Consulter les le\u00e7ons"],"inLanguage":"fr-FR"},{"@type":"WebPage","@id":"https:\/\/www.rri.ro\/fr\/le-roumain-mot-a-mot\/consulter-les-lecons\/lecon-92-le-genitif-4e-partie-id382478.html","url":"https:\/\/www.rri.ro\/fr\/le-roumain-mot-a-mot\/consulter-les-lecons\/lecon-92-le-genitif-4e-partie-id382478.html","name":"Le\u00e7on 92 - Le g\u00e9nitif (4e partie) - Radio Roumanie Internationale","isPartOf":{"@id":"https:\/\/www.rri.ro\/#website"},"primaryImageOfPage":{"@id":"https:\/\/www.rri.ro\/fr\/le-roumain-mot-a-mot\/consulter-les-lecons\/lecon-92-le-genitif-4e-partie-id382478.html#primaryimage"},"image":{"@id":"https:\/\/www.rri.ro\/fr\/le-roumain-mot-a-mot\/consulter-les-lecons\/lecon-92-le-genitif-4e-partie-id382478.html#primaryimage"},"thumbnailUrl":"https:\/\/www.rri.ro\/wp-content\/uploads\/2023\/10\/limba-romana1.jpeg","datePublished":"2026-04-21T07:32:00+00:00","author":{"@id":"https:\/\/www.rri.ro\/#\/schema\/person\/18fac491bccbfe149b92aea77ad60abd"},"breadcrumb":{"@id":"https:\/\/www.rri.ro\/fr\/le-roumain-mot-a-mot\/consulter-les-lecons\/lecon-92-le-genitif-4e-partie-id382478.html#breadcrumb"},"inLanguage":"fr-FR","potentialAction":[{"@type":"ReadAction","target":["https:\/\/www.rri.ro\/fr\/le-roumain-mot-a-mot\/consulter-les-lecons\/lecon-92-le-genitif-4e-partie-id382478.html"]}]},{"@type":"ImageObject","inLanguage":"fr-FR","@id":"https:\/\/www.rri.ro\/fr\/le-roumain-mot-a-mot\/consulter-les-lecons\/lecon-92-le-genitif-4e-partie-id382478.html#primaryimage","url":"https:\/\/www.rri.ro\/wp-content\/uploads\/2023\/10\/limba-romana1.jpeg","contentUrl":"https:\/\/www.rri.ro\/wp-content\/uploads\/2023\/10\/limba-romana1.jpeg","width":640,"height":327},{"@type":"BreadcrumbList","@id":"https:\/\/www.rri.ro\/fr\/le-roumain-mot-a-mot\/consulter-les-lecons\/lecon-92-le-genitif-4e-partie-id382478.html#breadcrumb","itemListElement":[{"@type":"ListItem","position":1,"name":"Page d'accueil","item":"https:\/\/www.rri.ro\/fr"},{"@type":"ListItem","position":2,"name":"Actualitate","item":"https:\/\/www.rri.ro\/actualitate"},{"@type":"ListItem","position":3,"name":"\u015etiri","item":"https:\/\/www.rri.ro\/actualitate\/stiri"},{"@type":"ListItem","position":4,"name":"Le\u00e7on 92 &#8211; Le g\u00e9nitif (4e partie)"}]},{"@type":"WebSite","@id":"https:\/\/www.rri.ro\/#website","url":"https:\/\/www.rri.ro\/","name":"Radio Roumanie Internationale","description":"Totul despre Rom\u00e2nia \u015fi rom\u00e2ni, \u00een 13 limbi\/dialecte!","inLanguage":"fr-FR"},{"@type":"Person","@id":"https:\/\/www.rri.ro\/#\/schema\/person\/18fac491bccbfe149b92aea77ad60abd","name":"Rom\u00e2nia Interna\u021bional","url":"https:\/\/www.rri.ro\/fr\/author\/redactia"}]}},"_links":{"self":[{"href":"https:\/\/www.rri.ro\/fr\/wp-json\/wp\/v2\/posts\/382478","targetHints":{"allow":["GET"]}}],"collection":[{"href":"https:\/\/www.rri.ro\/fr\/wp-json\/wp\/v2\/posts"}],"about":[{"href":"https:\/\/www.rri.ro\/fr\/wp-json\/wp\/v2\/types\/post"}],"author":[{"embeddable":true,"href":"https:\/\/www.rri.ro\/fr\/wp-json\/wp\/v2\/users\/2"}],"replies":[{"embeddable":true,"href":"https:\/\/www.rri.ro\/fr\/wp-json\/wp\/v2\/comments?post=382478"}],"version-history":[{"count":0,"href":"https:\/\/www.rri.ro\/fr\/wp-json\/wp\/v2\/posts\/382478\/revisions"}],"wp:featuredmedia":[{"embeddable":true,"href":"https:\/\/www.rri.ro\/fr\/wp-json\/wp\/v2\/media\/141860"}],"wp:attachment":[{"href":"https:\/\/www.rri.ro\/fr\/wp-json\/wp\/v2\/media?parent=382478"}],"wp:term":[{"taxonomy":"category","embeddable":true,"href":"https:\/\/www.rri.ro\/fr\/wp-json\/wp\/v2\/categories?post=382478"},{"taxonomy":"post_tag","embeddable":true,"href":"https:\/\/www.rri.ro\/fr\/wp-json\/wp\/v2\/tags?post=382478"},{"taxonomy":"author","embeddable":true,"href":"https:\/\/www.rri.ro\/fr\/wp-json\/wp\/v2\/coauthors?post=382478"}],"curies":[{"name":"wp","href":"https:\/\/api.w.org\/{rel}","templated":true}]}}