{"id":383204,"date":"2015-11-30T15:12:00","date_gmt":"2015-11-30T13:12:00","guid":{"rendered":"http:\/\/devrri.freshlemon.ro\/le-roumain-mot-a-mot\/consulter-les-lecons\/idees-politiques-roumaines-en-1918-id383204.html"},"modified":"2015-11-30T15:12:00","modified_gmt":"2015-11-30T13:12:00","slug":"idees-politiques-roumaines-en-1918","status":"publish","type":"post","link":"https:\/\/www.rri.ro\/fr\/chroniques-hebdomadaires\/pro-memoria-fr\/idees-politiques-roumaines-en-1918-id383204.html","title":{"rendered":"Id\u00e9es politiques roumaines en 1918"},"content":{"rendered":"<p>La Premi\u00e8re guerre mondiale s\u2019est achev\u00e9e par la victoire de l\u2019Entente et par la modification radicale de la carte g\u00e9opolitique de l\u2019Europe. De nouveaux Etats sont n\u00e9s sur les ruines des anciens empires, d\u2019autres ont r\u00e9ussi \u00e0 \u00e9largir leur territoire au d\u00e9triment de certains autres Etats.<\/p>\n<p>&#13;<br \/>\n&#13;<\/p>\n<p>&#13;<br \/>\n&#13;<\/p>\n<p>Pour sa part, la Roumanie a figur\u00e9 dans le camp des vainqueurs. Le 1er d\u00e9cembre 1918, suite \u00e0 l\u2019union du Royaume de Roumanie avec les provinces de Bessarabie, de Bucovine et de Transylvanie, habit\u00e9es majoritairement par des populations roumaines, le Royaume de la Grande Roumanie fut cr\u00e9\u00e9.<\/p>\n<p>&#13;<br \/>\n&#13;<\/p>\n<p>&#13;<br \/>\n&#13;<\/p>\n<p>Les id\u00e9es les plus importantes ayant port\u00e9 cette construction politique furent crayonn\u00e9es au cours des ann\u00e9es pr\u00e9c\u00e9dant la Grande Guerre, notamment parmi les Roumains d\u2019Autriche-Hongrie. L\u2019historiographie d\u2019apr\u00e8s 1918 a insist\u00e9 sur le caract\u00e8re monumental de cet \u00e9v\u00e9nement et soulign\u00e9 le sacrifice de la Nation roumaine pour r\u00e9aliser l\u2019Union de tous les Roumains en un seul Etat, au centre duquel se trouvait le Roi. Le r\u00e9gime communiste a fortement alt\u00e9r\u00e9 la perception de l\u2019\u00e9v\u00e9nement du 1er d\u00e9cembre 1918, le transformant dans le r\u00e9sultat d\u2019un combat mill\u00e9naire du peuple entier pour la cr\u00e9ation d\u2019un \u00ab Etat national unitaire \u00bb.<\/p>\n<p>&#13;<br \/>\n&#13;<\/p>\n<p>&#13;<br \/>\n&#13;<\/p>\n<p>Mais les id\u00e9es ayant accompagn\u00e9 la lutte pour les droits nationaux des Roumains d\u2019Autriche-Hongrie ont suivi un itin\u00e9raire beaucoup plus complexe et sinueux. Loin d\u2019\u00eatre unis dans leurs buts et moyens, les Roumains de Transylvanie se situaient souvent sur des positions divergentes dans des questions relatives \u00e0 la politique et aux droits nationaux. Un tel exemple \u00e9tait la lutte entre le quotidien \u00ab Tribuna \u00bb \/ \u00ab La Tribune \u00bb et le Parti national roumain, consid\u00e9r\u00e9e comme fratricide du point de vue de la tactique \u00e9lectorale. Le cas de la Tribune \u00e9tait  repr\u00e9sentatif pour le climat social et politique des ann\u00e9es 1890, marqu\u00e9es par le d\u00e9but du radicalisme d\u2019une nouvelle g\u00e9n\u00e9ration d\u2019intellectuels men\u00e9es par Octavian Goga et Octavian Taslauanu. Selon une id\u00e9e qui commen\u00e7ait \u00e0 se r\u00e9pandre \u00e0 l\u2019\u00e9poque, c\u2019\u00e9taient les partis qui semaient la discorde au sein de la nation, alors que la culture \u00e9tait celle qui l\u2019unissait.<\/p>\n<p>&#13;<br \/>\n&#13;<\/p>\n<p>&#13;<br \/>\n&#13;<\/p>\n<p>Le f\u00e9d\u00e9ralisme a \u00e9galement compt\u00e9 parmi les id\u00e9es les plus r\u00e9pandues \u00e0 l\u2019\u00e9poque. Paru durant la premi\u00e8re moiti\u00e9 du 19e si\u00e8cle, le f\u00e9d\u00e9ralisme a attir\u00e9 les intellectuels qui cherchaient la modernisation. En Autriche-Hongrie, l\u2019id\u00e9e a connu un succ\u00e8s consid\u00e9rable puisque la structure de la monarchie dualiste rendait possible une telle r\u00e9forme.<\/p>\n<p>&#13;<br \/>\n&#13;<\/p>\n<p>&#13;<br \/>\n&#13;<\/p>\n<p>L\u2019historien Razvan P\u00e2r\u00e2ianu, de l\u2019Universit\u00e9 \u00ab\u00a0Petru Maior\u00a0\u00bb de T\u00e2rgu Mures, explique : <em>\u00ab Aurel C. Popovici \u00e9tait un des nationalistes les plus importants de la fin du 19e si\u00e8cle, notamment en raison sa th\u00e9orie de la f\u00e9d\u00e9ralisation de l\u2019Empire de l\u2019Autriche-Hongrie, qui devait reposer sur des fondements nationaux. Selon son mod\u00e8le th\u00e9orique, toutes ces nations d\u2019Europe centrale et de l\u2019Est ne pouvaient pas survivre seules entre ce qu\u2019il appelait \u00ab la grande race allemande \u00bb et \u00ab la grande race slave \u00bb. T\u00f4t ou tard, affirmait Popovici, ces deux races allaient s\u2019affronter et toutes les autres nations, dont les Roumains et les Hongrois, seraient pratiquement \u00e9cras\u00e9es par ces deux forces. Popovici est d\u00e9c\u00e9d\u00e9, en exil, en 1917, avant la fin de la premi\u00e8re guerre mondiale, \u00e0 un moment o\u00f9 la Roumanie traversait une situation tr\u00e8s difficile. Ce n\u2019est qu\u2019\u00e0 la fin qu\u2019il fut enfin convaincu de l\u2019absence de tout espoir pour l\u2019Empire \u00e0 cause des politiques particuli\u00e8rement mal-inspir\u00e9es du gouvernement d\u2019Istvan Tisza. \u00bb<\/em><\/p>\n<p>&#13;<br \/>\n&#13;<\/p>\n<p>&#13;<br \/>\n&#13;<\/p>\n<p>Comme la fin de la guerre approchait, les choses se sont pr\u00e9cipit\u00e9es de sorte que les solutions radicales avaient de plus en plus d\u2019adeptes. R\u0103zvan P\u00e2r\u00e2ianu: <em>\u00abIl convient de mentionner qu\u2019au d\u00e9but de la guerre, le gouvernement de Tisza a eu une position relativement favorable aux Roumains, surpris par leur enthousiasme de se mobiliser pour la guerre. Par cons\u00e9quent, Tisza \u00e9tait enclin \u00e0 prendre en compte certaines revendications nationales. Mais la situation change dramatiquement apr\u00e8s l\u2019entr\u00e9e de la Roumanie en guerre contre l\u2019Autriche &#8212; Hongrie. A ce moment-l\u00e0, de nombreuses personnalit\u00e9s roumaines de la r\u00e9gion de Brasov (centre) ont accueilli les bras ouverts l\u2019arm\u00e9e roumaine. Dans ces conditions, au moment o\u00f9 l\u2019arm\u00e9e roumaine a \u00e9t\u00e9 forc\u00e9e \u00e0 se retirer, le gouvernement hongrois a men\u00e9 une politique de revanche non seulement contre les personnes qui avaient fait preuve d\u2019enthousiasme pour l\u2019entr\u00e9e de l\u2019arm\u00e9e roumaine dans l\u2019empire, mais aussi contre les Roumains en g\u00e9n\u00e9ral. <\/em><\/p>\n<p>&#13;<br \/>\n&#13;<\/p>\n<p><em>Par exemple, le gouvernement Tisza a suspendu l\u2019autonomie des \u00e9coles confessionnelles, en les transformant en \u00e9coles d\u2019Etat. Il a tent\u00e9 d\u2019acc\u00e9l\u00e9rer la politique de magyarisation de la population roumaine. De nombreux pr\u00eatres et enseignants ont \u00e9t\u00e9 envoy\u00e9s dans des camps de concentration ou dans d\u2019autres r\u00e9gions pour ne pas alimenter le m\u00e9contentement de la population. Dans ce contexte, vers la fin de la guerre, lorsque les choses ont pris une tournure de plus en plus d\u00e9favorable aux arm\u00e9es des Habsbourg et allemandes, il \u00e9tait \u00e9vident que le m\u00e9contentement en \u00e9tait \u00e0 son maximum. Et c\u2019\u00e9tait un m\u00e9contentement g\u00e9n\u00e9ral. Des r\u00e9volutions bolcheviques \u00e9clataient \u00e0 Budapest, \u00e0 Vienne et en Allemagne. Sur cette toile de fond, les Roumains de Transylvanie ont consid\u00e9r\u00e9 la Roumanie comme une solution \u00e0 tout ce chaos \u00e0 cause duquel la soci\u00e9t\u00e9 et l\u2019Etat s\u2019effondraient. \u00bb<\/em>  <\/p>\n<p>&#13;<br \/>\n&#13;<\/p>\n<p>&#13;<br \/>\n&#13;<\/p>\n<p>La Grande Roumanie s\u2019est form\u00e9e le 1er d\u00e9cembre 1918, par la volont\u00e9 et le vote, lors du rassemblement national d\u2019Alba Iulia, de leaders des Roumains de Transylvanie, dont Iuliu Maniu, Alexandru Vaida-Voevod et Vasile Goldi\u015f, et des hauts pr\u00e9lats orthodoxes et grecs-catholiques. Tous ont vu dans l\u2019\u00e9difice politique de la nouvelle Roumanie la sortie de l\u2019incertitude et l\u2019entr\u00e9e pleine d\u2019espoir dans un nouveau type d\u2019Etat et de soci\u00e9t\u00e9. (trad.: Alex Diaconescu, Valentina Beleavski)<\/p>\n<p>&#13;<\/p>\n","protected":false},"excerpt":{"rendered":"<p>La Premi\u00e8re guerre mondiale s\u2019est achev\u00e9e par la victoire de l\u2019Entente et par la modification radicale de la carte g\u00e9opolitique de l\u2019Europe. De nouveaux Etats sont n\u00e9s sur les ruines des anciens empires, d\u2019autres ont r\u00e9ussi \u00e0 \u00e9largir leur territoire au d\u00e9triment de certains autres Etats. &#13; &#13; &#13; &#13; Pour sa part, la Roumanie [&hellip;]<\/p>\n","protected":false},"author":127,"featured_media":129277,"comment_status":"closed","ping_status":"closed","sticky":false,"template":"","format":"standard","meta":{"_acf_changed":false,"footnotes":""},"categories":[85276],"tags":[42971,85590,85567,159171],"coauthors":[],"class_list":["post-383204","post","type-post","status-publish","format-standard","has-post-thumbnail","hentry","category-pro-memoria-fr","tag-empire","tag-idees","tag-politique","tag-union-fr"],"acf":[],"yoast_head":"<!-- This site is optimized with the Yoast SEO plugin v27.5 - https:\/\/yoast.com\/product\/yoast-seo-wordpress\/ -->\n<title>Id\u00e9es politiques roumaines en 1918 - Radio Roumanie Internationale<\/title>\n<meta name=\"robots\" content=\"index, follow, max-snippet:-1, max-image-preview:large, max-video-preview:-1\" \/>\n<link rel=\"canonical\" href=\"https:\/\/www.rri.ro\/fr\/chroniques-hebdomadaires\/pro-memoria-fr\/idees-politiques-roumaines-en-1918-id383204.html\" \/>\n<meta property=\"og:locale\" content=\"fr_FR\" \/>\n<meta property=\"og:type\" content=\"article\" \/>\n<meta property=\"og:title\" content=\"Id\u00e9es politiques roumaines en 1918 - Radio Roumanie Internationale\" \/>\n<meta property=\"og:description\" content=\"La Premi\u00e8re guerre mondiale s\u2019est achev\u00e9e par la victoire de l\u2019Entente et par la modification radicale de la carte g\u00e9opolitique de l\u2019Europe. De nouveaux Etats sont n\u00e9s sur les ruines des anciens empires, d\u2019autres ont r\u00e9ussi \u00e0 \u00e9largir leur territoire au d\u00e9triment de certains autres Etats. &#013; &#013; &#013; &#013; Pour sa part, la Roumanie [&hellip;]\" \/>\n<meta property=\"og:url\" content=\"https:\/\/www.rri.ro\/fr\/chroniques-hebdomadaires\/pro-memoria-fr\/idees-politiques-roumaines-en-1918-id383204.html\" \/>\n<meta property=\"og:site_name\" content=\"Radio Roumanie Internationale\" \/>\n<meta property=\"article:published_time\" content=\"2015-11-30T13:12:00+00:00\" \/>\n<meta property=\"og:image\" content=\"https:\/\/www.rri.ro\/wp-content\/uploads\/2023\/10\/unirea-1-decembrie-1918.png\" \/>\n\t<meta property=\"og:image:width\" content=\"640\" \/>\n\t<meta property=\"og:image:height\" content=\"450\" \/>\n\t<meta property=\"og:image:type\" content=\"image\/png\" \/>\n<meta name=\"author\" content=\"Steliu Lambru\" \/>\n<meta name=\"twitter:card\" content=\"summary_large_image\" \/>\n<meta name=\"twitter:label1\" content=\"\u00c9crit par\" \/>\n\t<meta name=\"twitter:data1\" content=\"Steliu Lambru\" \/>\n\t<meta name=\"twitter:label2\" content=\"Dur\u00e9e de lecture estim\u00e9e\" \/>\n\t<meta name=\"twitter:data2\" content=\"5 minutes\" \/>\n\t<meta name=\"twitter:label3\" content=\"Written by\" \/>\n\t<meta name=\"twitter:data3\" content=\"Steliu Lambru\" \/>\n<script type=\"application\/ld+json\" class=\"yoast-schema-graph\">{\"@context\":\"https:\\\/\\\/schema.org\",\"@graph\":[{\"@type\":\"Article\",\"@id\":\"https:\\\/\\\/www.rri.ro\\\/fr\\\/chroniques-hebdomadaires\\\/pro-memoria-fr\\\/idees-politiques-roumaines-en-1918-id383204.html#article\",\"isPartOf\":{\"@id\":\"https:\\\/\\\/www.rri.ro\\\/fr\\\/chroniques-hebdomadaires\\\/pro-memoria-fr\\\/idees-politiques-roumaines-en-1918-id383204.html\"},\"author\":{\"name\":\"Steliu Lambru\",\"@id\":\"https:\\\/\\\/www.rri.ro\\\/#\\\/schema\\\/person\\\/32dfff47877fea659b3b498015876c1d\"},\"headline\":\"Id\u00e9es politiques roumaines en 1918\",\"datePublished\":\"2015-11-30T13:12:00+00:00\",\"mainEntityOfPage\":{\"@id\":\"https:\\\/\\\/www.rri.ro\\\/fr\\\/chroniques-hebdomadaires\\\/pro-memoria-fr\\\/idees-politiques-roumaines-en-1918-id383204.html\"},\"wordCount\":1048,\"image\":{\"@id\":\"https:\\\/\\\/www.rri.ro\\\/fr\\\/chroniques-hebdomadaires\\\/pro-memoria-fr\\\/idees-politiques-roumaines-en-1918-id383204.html#primaryimage\"},\"thumbnailUrl\":\"https:\\\/\\\/www.rri.ro\\\/wp-content\\\/uploads\\\/2023\\\/10\\\/unirea-1-decembrie-1918.png\",\"keywords\":[\"empire\",\"id\u00e9es\",\"politique\",\"union\"],\"articleSection\":[\"Pro Memoria\"],\"inLanguage\":\"fr-FR\"},{\"@type\":\"WebPage\",\"@id\":\"https:\\\/\\\/www.rri.ro\\\/fr\\\/chroniques-hebdomadaires\\\/pro-memoria-fr\\\/idees-politiques-roumaines-en-1918-id383204.html\",\"url\":\"https:\\\/\\\/www.rri.ro\\\/fr\\\/chroniques-hebdomadaires\\\/pro-memoria-fr\\\/idees-politiques-roumaines-en-1918-id383204.html\",\"name\":\"Id\u00e9es politiques roumaines en 1918 - Radio Roumanie Internationale\",\"isPartOf\":{\"@id\":\"https:\\\/\\\/www.rri.ro\\\/#website\"},\"primaryImageOfPage\":{\"@id\":\"https:\\\/\\\/www.rri.ro\\\/fr\\\/chroniques-hebdomadaires\\\/pro-memoria-fr\\\/idees-politiques-roumaines-en-1918-id383204.html#primaryimage\"},\"image\":{\"@id\":\"https:\\\/\\\/www.rri.ro\\\/fr\\\/chroniques-hebdomadaires\\\/pro-memoria-fr\\\/idees-politiques-roumaines-en-1918-id383204.html#primaryimage\"},\"thumbnailUrl\":\"https:\\\/\\\/www.rri.ro\\\/wp-content\\\/uploads\\\/2023\\\/10\\\/unirea-1-decembrie-1918.png\",\"datePublished\":\"2015-11-30T13:12:00+00:00\",\"author\":{\"@id\":\"https:\\\/\\\/www.rri.ro\\\/#\\\/schema\\\/person\\\/32dfff47877fea659b3b498015876c1d\"},\"breadcrumb\":{\"@id\":\"https:\\\/\\\/www.rri.ro\\\/fr\\\/chroniques-hebdomadaires\\\/pro-memoria-fr\\\/idees-politiques-roumaines-en-1918-id383204.html#breadcrumb\"},\"inLanguage\":\"fr-FR\",\"potentialAction\":[{\"@type\":\"ReadAction\",\"target\":[\"https:\\\/\\\/www.rri.ro\\\/fr\\\/chroniques-hebdomadaires\\\/pro-memoria-fr\\\/idees-politiques-roumaines-en-1918-id383204.html\"]}]},{\"@type\":\"ImageObject\",\"inLanguage\":\"fr-FR\",\"@id\":\"https:\\\/\\\/www.rri.ro\\\/fr\\\/chroniques-hebdomadaires\\\/pro-memoria-fr\\\/idees-politiques-roumaines-en-1918-id383204.html#primaryimage\",\"url\":\"https:\\\/\\\/www.rri.ro\\\/wp-content\\\/uploads\\\/2023\\\/10\\\/unirea-1-decembrie-1918.png\",\"contentUrl\":\"https:\\\/\\\/www.rri.ro\\\/wp-content\\\/uploads\\\/2023\\\/10\\\/unirea-1-decembrie-1918.png\",\"width\":640,\"height\":450},{\"@type\":\"BreadcrumbList\",\"@id\":\"https:\\\/\\\/www.rri.ro\\\/fr\\\/chroniques-hebdomadaires\\\/pro-memoria-fr\\\/idees-politiques-roumaines-en-1918-id383204.html#breadcrumb\",\"itemListElement\":[{\"@type\":\"ListItem\",\"position\":1,\"name\":\"Page d'accueil\",\"item\":\"https:\\\/\\\/www.rri.ro\\\/fr\"},{\"@type\":\"ListItem\",\"position\":2,\"name\":\"Chroniques hebdomadaires\",\"item\":\"https:\\\/\\\/www.rri.ro\\\/fr\\\/chroniques-hebdomadaires\"},{\"@type\":\"ListItem\",\"position\":3,\"name\":\"Pro Memoria\",\"item\":\"https:\\\/\\\/www.rri.ro\\\/fr\\\/chroniques-hebdomadaires\\\/pro-memoria-fr\"},{\"@type\":\"ListItem\",\"position\":4,\"name\":\"Id\u00e9es politiques roumaines en 1918\"}]},{\"@type\":\"WebSite\",\"@id\":\"https:\\\/\\\/www.rri.ro\\\/#website\",\"url\":\"https:\\\/\\\/www.rri.ro\\\/\",\"name\":\"Radio Roumanie Internationale\",\"description\":\"Totul despre Rom\u00e2nia \u015fi rom\u00e2ni, \u00een 13 limbi\\\/dialecte!\",\"inLanguage\":\"fr-FR\"},{\"@type\":\"Person\",\"@id\":\"https:\\\/\\\/www.rri.ro\\\/#\\\/schema\\\/person\\\/32dfff47877fea659b3b498015876c1d\",\"name\":\"Steliu Lambru\",\"url\":\"https:\\\/\\\/www.rri.ro\\\/fr\\\/author\\\/steliu-lambru\"}]}<\/script>\n<!-- \/ Yoast SEO plugin. -->","yoast_head_json":{"title":"Id\u00e9es politiques roumaines en 1918 - Radio Roumanie Internationale","robots":{"index":"index","follow":"follow","max-snippet":"max-snippet:-1","max-image-preview":"max-image-preview:large","max-video-preview":"max-video-preview:-1"},"canonical":"https:\/\/www.rri.ro\/fr\/chroniques-hebdomadaires\/pro-memoria-fr\/idees-politiques-roumaines-en-1918-id383204.html","og_locale":"fr_FR","og_type":"article","og_title":"Id\u00e9es politiques roumaines en 1918 - Radio Roumanie Internationale","og_description":"La Premi\u00e8re guerre mondiale s\u2019est achev\u00e9e par la victoire de l\u2019Entente et par la modification radicale de la carte g\u00e9opolitique de l\u2019Europe. De nouveaux Etats sont n\u00e9s sur les ruines des anciens empires, d\u2019autres ont r\u00e9ussi \u00e0 \u00e9largir leur territoire au d\u00e9triment de certains autres Etats. &#13; &#13; &#13; &#13; Pour sa part, la Roumanie [&hellip;]","og_url":"https:\/\/www.rri.ro\/fr\/chroniques-hebdomadaires\/pro-memoria-fr\/idees-politiques-roumaines-en-1918-id383204.html","og_site_name":"Radio Roumanie Internationale","article_published_time":"2015-11-30T13:12:00+00:00","og_image":[{"width":640,"height":450,"url":"https:\/\/www.rri.ro\/wp-content\/uploads\/2023\/10\/unirea-1-decembrie-1918.png","type":"image\/png"}],"author":"Steliu Lambru","twitter_card":"summary_large_image","twitter_misc":{"\u00c9crit par":"Steliu Lambru","Dur\u00e9e de lecture estim\u00e9e":"5 minutes","Written by":"Steliu Lambru"},"schema":{"@context":"https:\/\/schema.org","@graph":[{"@type":"Article","@id":"https:\/\/www.rri.ro\/fr\/chroniques-hebdomadaires\/pro-memoria-fr\/idees-politiques-roumaines-en-1918-id383204.html#article","isPartOf":{"@id":"https:\/\/www.rri.ro\/fr\/chroniques-hebdomadaires\/pro-memoria-fr\/idees-politiques-roumaines-en-1918-id383204.html"},"author":{"name":"Steliu Lambru","@id":"https:\/\/www.rri.ro\/#\/schema\/person\/32dfff47877fea659b3b498015876c1d"},"headline":"Id\u00e9es politiques roumaines en 1918","datePublished":"2015-11-30T13:12:00+00:00","mainEntityOfPage":{"@id":"https:\/\/www.rri.ro\/fr\/chroniques-hebdomadaires\/pro-memoria-fr\/idees-politiques-roumaines-en-1918-id383204.html"},"wordCount":1048,"image":{"@id":"https:\/\/www.rri.ro\/fr\/chroniques-hebdomadaires\/pro-memoria-fr\/idees-politiques-roumaines-en-1918-id383204.html#primaryimage"},"thumbnailUrl":"https:\/\/www.rri.ro\/wp-content\/uploads\/2023\/10\/unirea-1-decembrie-1918.png","keywords":["empire","id\u00e9es","politique","union"],"articleSection":["Pro Memoria"],"inLanguage":"fr-FR"},{"@type":"WebPage","@id":"https:\/\/www.rri.ro\/fr\/chroniques-hebdomadaires\/pro-memoria-fr\/idees-politiques-roumaines-en-1918-id383204.html","url":"https:\/\/www.rri.ro\/fr\/chroniques-hebdomadaires\/pro-memoria-fr\/idees-politiques-roumaines-en-1918-id383204.html","name":"Id\u00e9es politiques roumaines en 1918 - Radio Roumanie Internationale","isPartOf":{"@id":"https:\/\/www.rri.ro\/#website"},"primaryImageOfPage":{"@id":"https:\/\/www.rri.ro\/fr\/chroniques-hebdomadaires\/pro-memoria-fr\/idees-politiques-roumaines-en-1918-id383204.html#primaryimage"},"image":{"@id":"https:\/\/www.rri.ro\/fr\/chroniques-hebdomadaires\/pro-memoria-fr\/idees-politiques-roumaines-en-1918-id383204.html#primaryimage"},"thumbnailUrl":"https:\/\/www.rri.ro\/wp-content\/uploads\/2023\/10\/unirea-1-decembrie-1918.png","datePublished":"2015-11-30T13:12:00+00:00","author":{"@id":"https:\/\/www.rri.ro\/#\/schema\/person\/32dfff47877fea659b3b498015876c1d"},"breadcrumb":{"@id":"https:\/\/www.rri.ro\/fr\/chroniques-hebdomadaires\/pro-memoria-fr\/idees-politiques-roumaines-en-1918-id383204.html#breadcrumb"},"inLanguage":"fr-FR","potentialAction":[{"@type":"ReadAction","target":["https:\/\/www.rri.ro\/fr\/chroniques-hebdomadaires\/pro-memoria-fr\/idees-politiques-roumaines-en-1918-id383204.html"]}]},{"@type":"ImageObject","inLanguage":"fr-FR","@id":"https:\/\/www.rri.ro\/fr\/chroniques-hebdomadaires\/pro-memoria-fr\/idees-politiques-roumaines-en-1918-id383204.html#primaryimage","url":"https:\/\/www.rri.ro\/wp-content\/uploads\/2023\/10\/unirea-1-decembrie-1918.png","contentUrl":"https:\/\/www.rri.ro\/wp-content\/uploads\/2023\/10\/unirea-1-decembrie-1918.png","width":640,"height":450},{"@type":"BreadcrumbList","@id":"https:\/\/www.rri.ro\/fr\/chroniques-hebdomadaires\/pro-memoria-fr\/idees-politiques-roumaines-en-1918-id383204.html#breadcrumb","itemListElement":[{"@type":"ListItem","position":1,"name":"Page d'accueil","item":"https:\/\/www.rri.ro\/fr"},{"@type":"ListItem","position":2,"name":"Chroniques hebdomadaires","item":"https:\/\/www.rri.ro\/fr\/chroniques-hebdomadaires"},{"@type":"ListItem","position":3,"name":"Pro Memoria","item":"https:\/\/www.rri.ro\/fr\/chroniques-hebdomadaires\/pro-memoria-fr"},{"@type":"ListItem","position":4,"name":"Id\u00e9es politiques roumaines en 1918"}]},{"@type":"WebSite","@id":"https:\/\/www.rri.ro\/#website","url":"https:\/\/www.rri.ro\/","name":"Radio Roumanie Internationale","description":"Totul despre Rom\u00e2nia \u015fi rom\u00e2ni, \u00een 13 limbi\/dialecte!","inLanguage":"fr-FR"},{"@type":"Person","@id":"https:\/\/www.rri.ro\/#\/schema\/person\/32dfff47877fea659b3b498015876c1d","name":"Steliu Lambru","url":"https:\/\/www.rri.ro\/fr\/author\/steliu-lambru"}]}},"_links":{"self":[{"href":"https:\/\/www.rri.ro\/fr\/wp-json\/wp\/v2\/posts\/383204","targetHints":{"allow":["GET"]}}],"collection":[{"href":"https:\/\/www.rri.ro\/fr\/wp-json\/wp\/v2\/posts"}],"about":[{"href":"https:\/\/www.rri.ro\/fr\/wp-json\/wp\/v2\/types\/post"}],"author":[{"embeddable":true,"href":"https:\/\/www.rri.ro\/fr\/wp-json\/wp\/v2\/users\/127"}],"replies":[{"embeddable":true,"href":"https:\/\/www.rri.ro\/fr\/wp-json\/wp\/v2\/comments?post=383204"}],"version-history":[{"count":0,"href":"https:\/\/www.rri.ro\/fr\/wp-json\/wp\/v2\/posts\/383204\/revisions"}],"wp:featuredmedia":[{"embeddable":true,"href":"https:\/\/www.rri.ro\/fr\/wp-json\/wp\/v2\/media\/129277"}],"wp:attachment":[{"href":"https:\/\/www.rri.ro\/fr\/wp-json\/wp\/v2\/media?parent=383204"}],"wp:term":[{"taxonomy":"category","embeddable":true,"href":"https:\/\/www.rri.ro\/fr\/wp-json\/wp\/v2\/categories?post=383204"},{"taxonomy":"post_tag","embeddable":true,"href":"https:\/\/www.rri.ro\/fr\/wp-json\/wp\/v2\/tags?post=383204"},{"taxonomy":"author","embeddable":true,"href":"https:\/\/www.rri.ro\/fr\/wp-json\/wp\/v2\/coauthors?post=383204"}],"curies":[{"name":"wp","href":"https:\/\/api.w.org\/{rel}","templated":true}]}}