{"id":383781,"date":"2022-09-26T17:06:00","date_gmt":"2022-09-26T14:06:00","guid":{"rendered":"http:\/\/devrri.freshlemon.ro\/le-roumain-mot-a-mot\/consulter-les-lecons\/les-jeunesses-legionnaires-ou-les-confreries-de-croix-id383781.html"},"modified":"2022-09-26T17:06:00","modified_gmt":"2022-09-26T14:06:00","slug":"les-jeunesses-legionnaires-ou-les-confreries-de-croix","status":"publish","type":"post","link":"https:\/\/www.rri.ro\/fr\/chroniques-hebdomadaires\/pro-memoria-fr\/les-jeunesses-legionnaires-ou-les-confreries-de-croix-id383781.html","title":{"rendered":"Les jeunesses l\u00e9gionnaires, ou les confr\u00e9ries de Croix"},"content":{"rendered":"<p>Le XXe si\u00e8cle a fait le lit de ces deux formes terribles de totalitarisme qu&rsquo;ont \u00e9t\u00e9 le communisme et le fascisme. Ce fut le si\u00e8cle qui a mis la d\u00e9mocratie \u00e0 rude \u00e9preuve, alors que les totalitarismes florissaient, et se voyaient embrass\u00e9es par des foules enthousiastes. La Roumanie n&rsquo;avait pas \u00e9t\u00e9 \u00e9pargn\u00e9e par la tendance totalitaire qui n&rsquo;allait pas tarder d&#8217;embraser le monde. Le mouvement l\u00e9gionnaire roumain, d&rsquo;extr\u00eame droite, et son bras politique, la Garde de Fer, se sont rang\u00e9s parmi les courants id\u00e9ologiques et politiques les plus radicaux dans leur genre. Les confr\u00e9ries de Croix firent leur apparition d\u00e8s 1923, \u00e0 l&rsquo;initiative de Corneliu Zelea Codreanu, futur leader de la Garde de Fer, sous la forme d&rsquo;associations de jeunesse regroupant les jeunes nationalistes. Ces organisations devinrent tr\u00e8s vite le creuset du fanatisme totalitaire, version extr\u00eame droite. <\/p>\n<p><\/p>\n<p>Le Centre d&rsquo;histoire orale de la Radiodiffusion roumaine a r\u00e9colt\u00e9 apr\u00e8s 1990 plusieurs t\u00e9moignages d&rsquo;anciens membres de ces organisations. Aussi, en 1997, Alexandru B\u0103ncescu, originaire de la ville de C\u00e2mpulung Moldovenesc, se rappelait, avec une certaine nostalgie, du sentiment de solidarit\u00e9 qui unissait les membres de son mouvement :<em class=cms-italic>\u00ab L&rsquo;id\u00e9ologie l\u00e9gionnaire constituait notre lient. Nous priions souvent ensemble, et puis il y avait ce que l&rsquo;on appelait \u00ab la minute de l&rsquo;amiti\u00e9 \u00bb, une sorte de confession publique, de th\u00e9rapie de groupe. C&rsquo;\u00e9tait le moment o\u00f9 chacun regardait en soi, et confessait ses d\u00e9fauts, ses travers, et il se faisait aider par ses camarades pour s&rsquo;en affranchir. Et puis il y avait aussi les camps, organis\u00e9s par nos confr\u00e9ries dans des r\u00e9gions montagneuses, \u00e0 Rar\u0103u, \u00e0 Moara Dracului, le Moulin du Diable en fran\u00e7ais, o\u00f9 nous nous r\u00e9unissions pour vivre ce sentiment de fraternit\u00e9, de partage, de communion, et en profiter pour nous raffermir le corps et l&rsquo;esprit. On se r\u00e9unissait, et on parlait de notre nation, de notre histoire, on chantait, et on communiait ensemble \u00bb.<\/em>   <\/p>\n<p><\/p>\n<p>C&rsquo;est en 1999 que Mircea Dumitrescu, originaire de Bucarest, racontait son initiation, \u00e0 13 ans, dans les Jeunesses l\u00e9gionnaires : <em class=cms-italic>\u00ab J&rsquo;avais approch\u00e9 le mouvement par la lecture, et gr\u00e2ce aux \u00e9changes que j&rsquo;avais avec des coll\u00e8gues d&rsquo;\u00e9cole et des copains. J&rsquo;avais lu le manifeste intitul\u00e9 \u00ab Aux membres de la L\u00e9gion \u00bb, \u00e9crit par Corneliu Zelea Codreanu. Et aussi, la \u00ab Confr\u00e9rie de Croix \u00bb, de Gheorghe Istrate, et \u00ab Foi de ma g\u00e9n\u00e9ration \u00bb d&rsquo;Ion Mota, ou encore \u00ab Du monde l\u00e9gionnaire \u00bb, et bien d&rsquo;autres fascicules encore. Ces livres paraissaient souvent en samizdat, et \u00e9taient distribu\u00e9s en douce. Je connaissais certains de leurs \u00e9diteurs. L&rsquo;un d&rsquo;entre eux a \u00e9t\u00e9 tu\u00e9 par la police du roi Carol II en 1939. Je le connaissais bien, je connaissais son p\u00e8re aussi. Il y avait aussi les fr\u00e8res Stan, d\u00e9tenteurs d&rsquo;un doctorat en \u00e9conomie. Je les avais rencontr\u00e9s gr\u00e2ce \u00e0 mon p\u00e8re, par l&rsquo;interm\u00e9diaire de ses amis \u00bb.<\/em>      <\/p>\n<p><\/p>\n<p>Ces fratries devinrent bien vite le creuset de la spiritualit\u00e9 l\u00e9gionnaire, le creuset de cette homme nouveau, pur et h\u00e9ro\u00efque, vant\u00e9 par la propagande l\u00e9gionnaire. Mircea Dumitrescu :<em class=cms-italic>\u00ab Pour y parvenir, il fallait tout d&rsquo;abord embrasser intens\u00e9ment la pratique religieuse orthodoxe. Il fallait d\u00e9dier \u00e0 Dieu une quaranti\u00e8me de sa journ\u00e9e. Sur 24 heures, cela fait 36 minutes. Il fallait donc d\u00e9dier ces minutes \u00e0 sa relation avec Dieu. Lire le Nouveau Testament, par exemple ; Repasser en revue sa journ\u00e9e, les actions accomplies, et les jauger \u00e0 l&rsquo;aune des Saintes Ecritures, pour comprendre ses errements, ses erreurs, ses p\u00e9ch\u00e9s \u00e9ventuels. Puis, l&rsquo;on nous disait que l&rsquo;on ne pouvait nouer une v\u00e9ritable relation avec Dieu, \u00e0 moins de nouer d&rsquo;abord une relation de confiance, de sinc\u00e9rit\u00e9 et de partage avec notre prochain. Alors, une quarantaine de nos d\u00e9penses, il fallait les r\u00e9server pour aider son prochain. Prenez, si l&rsquo;on a mang\u00e9 une glace qui avait co\u00fbt\u00e9 40 francs, il fallait mettre de c\u00f4t\u00e9 1 franc pour celui qui se trouve dans le besoin. Et c&rsquo;est ce qu&rsquo;on faisait. Parce qu&rsquo;il y avait des contr\u00f4les, cela ne rigolait pas. Il fallait noter dans un calepin ses d\u00e9penses, son emploi de temps. Et ce calpin, on l&rsquo;appelait \u00ab notre carnet \u00bb \u00bb.<\/em>    <\/p>\n<p><\/p>\n<p>L&rsquo;\u00e9ducation chr\u00e9tienne instill\u00e9e dans le chef de cette jeune g\u00e9n\u00e9ration, sous-tendue d&rsquo;une exigence \u00e9thique permanente, \u00e9tait vou\u00e9e \u00e0 forger la nouvelle \u00e9lite du pays. Dans son interview de 1994, le pr\u00eatre Ilie \u021ainta, ancien membre de la fratrie, d\u00e9taillait la mani\u00e8re dont le processus de s\u00e9lection et d&#8217;embrigadement se d\u00e9roulait : <em class=cms-italic>\u00ab En r\u00e8gle g\u00e9n\u00e9rale, l&rsquo;on ne s\u00e9lectionnait que les bons \u00e9l\u00e8ves, au comportement exemplaire. Des cancres, on n&rsquo;avait que faire. \u00c0 la suite de la r\u00e9pression des ann\u00e9es 38, 39, nos rangs s&rsquo;\u00e9taient quelque peu clairsem\u00e9s. La S\u00fbret\u00e9 de l&rsquo;Etat nous avait \u00e0 l&rsquo;\u0153il, et nous prenait en chasse. Mais le mouvement \u00e9tait parvenu \u00e0 survivre. Et puis, en 1940, le mouvement a pris le pouvoir, pour un bref laps de temps, \u00e0 l&rsquo;occasion de la constitution du gouvernement national-l\u00e9gionnaire, dirig\u00e9 par le g\u00e9n\u00e9ral Antonescu. A l&rsquo;\u00e9poque, je dirigeais l&rsquo;organisation de la Fratrie de Croix du S\u00e9minaire Nifon, de Bucarest \u00bb.<\/em> <\/p>\n<p><\/p>\n<p>Le fascisme, d\u00e9fait en 1945, laissara la place au communisme. Un totalitarisme chassa l&rsquo;autre. La plupart des survivants des Jeunesses l\u00e9gionnaires pass\u00e8rent de longues ann\u00e9es dans les ge\u00f4les communistes. Malgr\u00e9 tout, certains parvinrent toutefois \u00e0 constituer l&rsquo;une des branches les plus combatives de la r\u00e9sistance anticommuniste de l&rsquo;apr\u00e8s-guerre.    (Trad. Ionut Jugureanu)<\/p>\n<p><\/p>\n","protected":false},"excerpt":{"rendered":"<p>Le XXe si\u00e8cle a fait le lit de ces deux formes terribles de totalitarisme qu&rsquo;ont \u00e9t\u00e9 le communisme et le fascisme. Ce fut le si\u00e8cle qui a mis la d\u00e9mocratie \u00e0 rude \u00e9preuve, alors que les totalitarismes florissaient, et se voyaient embrass\u00e9es par des foules enthousiastes. La Roumanie n&rsquo;avait pas \u00e9t\u00e9 \u00e9pargn\u00e9e par la tendance [&hellip;]<\/p>\n","protected":false},"author":127,"featured_media":93684,"comment_status":"closed","ping_status":"closed","sticky":false,"template":"","format":"standard","meta":{"_acf_changed":false,"footnotes":""},"categories":[85276],"tags":[85342,85277,85958,143520],"coauthors":[],"class_list":["post-383781","post","type-post","status-publish","format-standard","has-post-thumbnail","hentry","category-pro-memoria-fr","tag-fascisme","tag-histoire","tag-legion","tag-rri-fr"],"acf":[],"yoast_head":"<!-- This site is optimized with the Yoast SEO plugin v27.5 - https:\/\/yoast.com\/product\/yoast-seo-wordpress\/ -->\n<title>Les jeunesses l\u00e9gionnaires, ou les confr\u00e9ries de Croix - Radio Roumanie Internationale<\/title>\n<meta name=\"robots\" content=\"index, follow, max-snippet:-1, max-image-preview:large, max-video-preview:-1\" \/>\n<link rel=\"canonical\" href=\"https:\/\/www.rri.ro\/fr\/chroniques-hebdomadaires\/pro-memoria-fr\/les-jeunesses-legionnaires-ou-les-confreries-de-croix-id383781.html\" \/>\n<meta property=\"og:locale\" content=\"fr_FR\" \/>\n<meta property=\"og:type\" content=\"article\" \/>\n<meta property=\"og:title\" content=\"Les jeunesses l\u00e9gionnaires, ou les confr\u00e9ries de Croix - Radio Roumanie Internationale\" \/>\n<meta property=\"og:description\" content=\"Le XXe si\u00e8cle a fait le lit de ces deux formes terribles de totalitarisme qu&rsquo;ont \u00e9t\u00e9 le communisme et le fascisme. Ce fut le si\u00e8cle qui a mis la d\u00e9mocratie \u00e0 rude \u00e9preuve, alors que les totalitarismes florissaient, et se voyaient embrass\u00e9es par des foules enthousiastes. La Roumanie n&rsquo;avait pas \u00e9t\u00e9 \u00e9pargn\u00e9e par la tendance [&hellip;]\" \/>\n<meta property=\"og:url\" content=\"https:\/\/www.rri.ro\/fr\/chroniques-hebdomadaires\/pro-memoria-fr\/les-jeunesses-legionnaires-ou-les-confreries-de-croix-id383781.html\" \/>\n<meta property=\"og:site_name\" content=\"Radio Roumanie Internationale\" \/>\n<meta property=\"article:published_time\" content=\"2022-09-26T14:06:00+00:00\" \/>\n<meta property=\"og:image\" content=\"https:\/\/www.rri.ro\/wp-content\/uploads\/2023\/10\/logo-rri-fundal-bleu.png\" \/>\n\t<meta property=\"og:image:width\" content=\"640\" \/>\n\t<meta property=\"og:image:height\" content=\"480\" \/>\n\t<meta property=\"og:image:type\" content=\"image\/png\" \/>\n<meta name=\"author\" content=\"Steliu Lambru\" \/>\n<meta name=\"twitter:card\" content=\"summary_large_image\" \/>\n<meta name=\"twitter:label1\" content=\"\u00c9crit par\" \/>\n\t<meta name=\"twitter:data1\" content=\"Steliu Lambru\" \/>\n\t<meta name=\"twitter:label2\" content=\"Dur\u00e9e de lecture estim\u00e9e\" \/>\n\t<meta name=\"twitter:data2\" content=\"5 minutes\" \/>\n\t<meta name=\"twitter:label3\" content=\"Written by\" \/>\n\t<meta name=\"twitter:data3\" content=\"Steliu Lambru\" \/>\n<script type=\"application\/ld+json\" class=\"yoast-schema-graph\">{\"@context\":\"https:\\\/\\\/schema.org\",\"@graph\":[{\"@type\":\"Article\",\"@id\":\"https:\\\/\\\/www.rri.ro\\\/fr\\\/chroniques-hebdomadaires\\\/pro-memoria-fr\\\/les-jeunesses-legionnaires-ou-les-confreries-de-croix-id383781.html#article\",\"isPartOf\":{\"@id\":\"https:\\\/\\\/www.rri.ro\\\/fr\\\/chroniques-hebdomadaires\\\/pro-memoria-fr\\\/les-jeunesses-legionnaires-ou-les-confreries-de-croix-id383781.html\"},\"author\":{\"name\":\"Steliu Lambru\",\"@id\":\"https:\\\/\\\/www.rri.ro\\\/#\\\/schema\\\/person\\\/32dfff47877fea659b3b498015876c1d\"},\"headline\":\"Les jeunesses l\u00e9gionnaires, ou les confr\u00e9ries de Croix\",\"datePublished\":\"2022-09-26T14:06:00+00:00\",\"mainEntityOfPage\":{\"@id\":\"https:\\\/\\\/www.rri.ro\\\/fr\\\/chroniques-hebdomadaires\\\/pro-memoria-fr\\\/les-jeunesses-legionnaires-ou-les-confreries-de-croix-id383781.html\"},\"wordCount\":985,\"image\":{\"@id\":\"https:\\\/\\\/www.rri.ro\\\/fr\\\/chroniques-hebdomadaires\\\/pro-memoria-fr\\\/les-jeunesses-legionnaires-ou-les-confreries-de-croix-id383781.html#primaryimage\"},\"thumbnailUrl\":\"https:\\\/\\\/www.rri.ro\\\/wp-content\\\/uploads\\\/2023\\\/10\\\/logo-rri-fundal-bleu.png\",\"keywords\":[\"fascisme\",\"histoire\",\"L\u00e9gion\",\"RRI\"],\"articleSection\":[\"Pro Memoria\"],\"inLanguage\":\"fr-FR\"},{\"@type\":\"WebPage\",\"@id\":\"https:\\\/\\\/www.rri.ro\\\/fr\\\/chroniques-hebdomadaires\\\/pro-memoria-fr\\\/les-jeunesses-legionnaires-ou-les-confreries-de-croix-id383781.html\",\"url\":\"https:\\\/\\\/www.rri.ro\\\/fr\\\/chroniques-hebdomadaires\\\/pro-memoria-fr\\\/les-jeunesses-legionnaires-ou-les-confreries-de-croix-id383781.html\",\"name\":\"Les jeunesses l\u00e9gionnaires, ou les confr\u00e9ries de Croix - Radio Roumanie Internationale\",\"isPartOf\":{\"@id\":\"https:\\\/\\\/www.rri.ro\\\/#website\"},\"primaryImageOfPage\":{\"@id\":\"https:\\\/\\\/www.rri.ro\\\/fr\\\/chroniques-hebdomadaires\\\/pro-memoria-fr\\\/les-jeunesses-legionnaires-ou-les-confreries-de-croix-id383781.html#primaryimage\"},\"image\":{\"@id\":\"https:\\\/\\\/www.rri.ro\\\/fr\\\/chroniques-hebdomadaires\\\/pro-memoria-fr\\\/les-jeunesses-legionnaires-ou-les-confreries-de-croix-id383781.html#primaryimage\"},\"thumbnailUrl\":\"https:\\\/\\\/www.rri.ro\\\/wp-content\\\/uploads\\\/2023\\\/10\\\/logo-rri-fundal-bleu.png\",\"datePublished\":\"2022-09-26T14:06:00+00:00\",\"author\":{\"@id\":\"https:\\\/\\\/www.rri.ro\\\/#\\\/schema\\\/person\\\/32dfff47877fea659b3b498015876c1d\"},\"breadcrumb\":{\"@id\":\"https:\\\/\\\/www.rri.ro\\\/fr\\\/chroniques-hebdomadaires\\\/pro-memoria-fr\\\/les-jeunesses-legionnaires-ou-les-confreries-de-croix-id383781.html#breadcrumb\"},\"inLanguage\":\"fr-FR\",\"potentialAction\":[{\"@type\":\"ReadAction\",\"target\":[\"https:\\\/\\\/www.rri.ro\\\/fr\\\/chroniques-hebdomadaires\\\/pro-memoria-fr\\\/les-jeunesses-legionnaires-ou-les-confreries-de-croix-id383781.html\"]}]},{\"@type\":\"ImageObject\",\"inLanguage\":\"fr-FR\",\"@id\":\"https:\\\/\\\/www.rri.ro\\\/fr\\\/chroniques-hebdomadaires\\\/pro-memoria-fr\\\/les-jeunesses-legionnaires-ou-les-confreries-de-croix-id383781.html#primaryimage\",\"url\":\"https:\\\/\\\/www.rri.ro\\\/wp-content\\\/uploads\\\/2023\\\/10\\\/logo-rri-fundal-bleu.png\",\"contentUrl\":\"https:\\\/\\\/www.rri.ro\\\/wp-content\\\/uploads\\\/2023\\\/10\\\/logo-rri-fundal-bleu.png\",\"width\":640,\"height\":480},{\"@type\":\"BreadcrumbList\",\"@id\":\"https:\\\/\\\/www.rri.ro\\\/fr\\\/chroniques-hebdomadaires\\\/pro-memoria-fr\\\/les-jeunesses-legionnaires-ou-les-confreries-de-croix-id383781.html#breadcrumb\",\"itemListElement\":[{\"@type\":\"ListItem\",\"position\":1,\"name\":\"Page d'accueil\",\"item\":\"https:\\\/\\\/www.rri.ro\\\/fr\"},{\"@type\":\"ListItem\",\"position\":2,\"name\":\"Chroniques hebdomadaires\",\"item\":\"https:\\\/\\\/www.rri.ro\\\/fr\\\/chroniques-hebdomadaires\"},{\"@type\":\"ListItem\",\"position\":3,\"name\":\"Pro Memoria\",\"item\":\"https:\\\/\\\/www.rri.ro\\\/fr\\\/chroniques-hebdomadaires\\\/pro-memoria-fr\"},{\"@type\":\"ListItem\",\"position\":4,\"name\":\"Les jeunesses l\u00e9gionnaires, ou les confr\u00e9ries de Croix\"}]},{\"@type\":\"WebSite\",\"@id\":\"https:\\\/\\\/www.rri.ro\\\/#website\",\"url\":\"https:\\\/\\\/www.rri.ro\\\/\",\"name\":\"Radio Roumanie Internationale\",\"description\":\"Totul despre Rom\u00e2nia \u015fi rom\u00e2ni, \u00een 13 limbi\\\/dialecte!\",\"inLanguage\":\"fr-FR\"},{\"@type\":\"Person\",\"@id\":\"https:\\\/\\\/www.rri.ro\\\/#\\\/schema\\\/person\\\/32dfff47877fea659b3b498015876c1d\",\"name\":\"Steliu Lambru\",\"url\":\"https:\\\/\\\/www.rri.ro\\\/fr\\\/author\\\/steliu-lambru\"}]}<\/script>\n<!-- \/ Yoast SEO plugin. -->","yoast_head_json":{"title":"Les jeunesses l\u00e9gionnaires, ou les confr\u00e9ries de Croix - Radio Roumanie Internationale","robots":{"index":"index","follow":"follow","max-snippet":"max-snippet:-1","max-image-preview":"max-image-preview:large","max-video-preview":"max-video-preview:-1"},"canonical":"https:\/\/www.rri.ro\/fr\/chroniques-hebdomadaires\/pro-memoria-fr\/les-jeunesses-legionnaires-ou-les-confreries-de-croix-id383781.html","og_locale":"fr_FR","og_type":"article","og_title":"Les jeunesses l\u00e9gionnaires, ou les confr\u00e9ries de Croix - Radio Roumanie Internationale","og_description":"Le XXe si\u00e8cle a fait le lit de ces deux formes terribles de totalitarisme qu&rsquo;ont \u00e9t\u00e9 le communisme et le fascisme. Ce fut le si\u00e8cle qui a mis la d\u00e9mocratie \u00e0 rude \u00e9preuve, alors que les totalitarismes florissaient, et se voyaient embrass\u00e9es par des foules enthousiastes. La Roumanie n&rsquo;avait pas \u00e9t\u00e9 \u00e9pargn\u00e9e par la tendance [&hellip;]","og_url":"https:\/\/www.rri.ro\/fr\/chroniques-hebdomadaires\/pro-memoria-fr\/les-jeunesses-legionnaires-ou-les-confreries-de-croix-id383781.html","og_site_name":"Radio Roumanie Internationale","article_published_time":"2022-09-26T14:06:00+00:00","og_image":[{"width":640,"height":480,"url":"https:\/\/www.rri.ro\/wp-content\/uploads\/2023\/10\/logo-rri-fundal-bleu.png","type":"image\/png"}],"author":"Steliu Lambru","twitter_card":"summary_large_image","twitter_misc":{"\u00c9crit par":"Steliu Lambru","Dur\u00e9e de lecture estim\u00e9e":"5 minutes","Written by":"Steliu Lambru"},"schema":{"@context":"https:\/\/schema.org","@graph":[{"@type":"Article","@id":"https:\/\/www.rri.ro\/fr\/chroniques-hebdomadaires\/pro-memoria-fr\/les-jeunesses-legionnaires-ou-les-confreries-de-croix-id383781.html#article","isPartOf":{"@id":"https:\/\/www.rri.ro\/fr\/chroniques-hebdomadaires\/pro-memoria-fr\/les-jeunesses-legionnaires-ou-les-confreries-de-croix-id383781.html"},"author":{"name":"Steliu Lambru","@id":"https:\/\/www.rri.ro\/#\/schema\/person\/32dfff47877fea659b3b498015876c1d"},"headline":"Les jeunesses l\u00e9gionnaires, ou les confr\u00e9ries de Croix","datePublished":"2022-09-26T14:06:00+00:00","mainEntityOfPage":{"@id":"https:\/\/www.rri.ro\/fr\/chroniques-hebdomadaires\/pro-memoria-fr\/les-jeunesses-legionnaires-ou-les-confreries-de-croix-id383781.html"},"wordCount":985,"image":{"@id":"https:\/\/www.rri.ro\/fr\/chroniques-hebdomadaires\/pro-memoria-fr\/les-jeunesses-legionnaires-ou-les-confreries-de-croix-id383781.html#primaryimage"},"thumbnailUrl":"https:\/\/www.rri.ro\/wp-content\/uploads\/2023\/10\/logo-rri-fundal-bleu.png","keywords":["fascisme","histoire","L\u00e9gion","RRI"],"articleSection":["Pro Memoria"],"inLanguage":"fr-FR"},{"@type":"WebPage","@id":"https:\/\/www.rri.ro\/fr\/chroniques-hebdomadaires\/pro-memoria-fr\/les-jeunesses-legionnaires-ou-les-confreries-de-croix-id383781.html","url":"https:\/\/www.rri.ro\/fr\/chroniques-hebdomadaires\/pro-memoria-fr\/les-jeunesses-legionnaires-ou-les-confreries-de-croix-id383781.html","name":"Les jeunesses l\u00e9gionnaires, ou les confr\u00e9ries de Croix - Radio Roumanie Internationale","isPartOf":{"@id":"https:\/\/www.rri.ro\/#website"},"primaryImageOfPage":{"@id":"https:\/\/www.rri.ro\/fr\/chroniques-hebdomadaires\/pro-memoria-fr\/les-jeunesses-legionnaires-ou-les-confreries-de-croix-id383781.html#primaryimage"},"image":{"@id":"https:\/\/www.rri.ro\/fr\/chroniques-hebdomadaires\/pro-memoria-fr\/les-jeunesses-legionnaires-ou-les-confreries-de-croix-id383781.html#primaryimage"},"thumbnailUrl":"https:\/\/www.rri.ro\/wp-content\/uploads\/2023\/10\/logo-rri-fundal-bleu.png","datePublished":"2022-09-26T14:06:00+00:00","author":{"@id":"https:\/\/www.rri.ro\/#\/schema\/person\/32dfff47877fea659b3b498015876c1d"},"breadcrumb":{"@id":"https:\/\/www.rri.ro\/fr\/chroniques-hebdomadaires\/pro-memoria-fr\/les-jeunesses-legionnaires-ou-les-confreries-de-croix-id383781.html#breadcrumb"},"inLanguage":"fr-FR","potentialAction":[{"@type":"ReadAction","target":["https:\/\/www.rri.ro\/fr\/chroniques-hebdomadaires\/pro-memoria-fr\/les-jeunesses-legionnaires-ou-les-confreries-de-croix-id383781.html"]}]},{"@type":"ImageObject","inLanguage":"fr-FR","@id":"https:\/\/www.rri.ro\/fr\/chroniques-hebdomadaires\/pro-memoria-fr\/les-jeunesses-legionnaires-ou-les-confreries-de-croix-id383781.html#primaryimage","url":"https:\/\/www.rri.ro\/wp-content\/uploads\/2023\/10\/logo-rri-fundal-bleu.png","contentUrl":"https:\/\/www.rri.ro\/wp-content\/uploads\/2023\/10\/logo-rri-fundal-bleu.png","width":640,"height":480},{"@type":"BreadcrumbList","@id":"https:\/\/www.rri.ro\/fr\/chroniques-hebdomadaires\/pro-memoria-fr\/les-jeunesses-legionnaires-ou-les-confreries-de-croix-id383781.html#breadcrumb","itemListElement":[{"@type":"ListItem","position":1,"name":"Page d'accueil","item":"https:\/\/www.rri.ro\/fr"},{"@type":"ListItem","position":2,"name":"Chroniques hebdomadaires","item":"https:\/\/www.rri.ro\/fr\/chroniques-hebdomadaires"},{"@type":"ListItem","position":3,"name":"Pro Memoria","item":"https:\/\/www.rri.ro\/fr\/chroniques-hebdomadaires\/pro-memoria-fr"},{"@type":"ListItem","position":4,"name":"Les jeunesses l\u00e9gionnaires, ou les confr\u00e9ries de Croix"}]},{"@type":"WebSite","@id":"https:\/\/www.rri.ro\/#website","url":"https:\/\/www.rri.ro\/","name":"Radio Roumanie Internationale","description":"Totul despre Rom\u00e2nia \u015fi rom\u00e2ni, \u00een 13 limbi\/dialecte!","inLanguage":"fr-FR"},{"@type":"Person","@id":"https:\/\/www.rri.ro\/#\/schema\/person\/32dfff47877fea659b3b498015876c1d","name":"Steliu Lambru","url":"https:\/\/www.rri.ro\/fr\/author\/steliu-lambru"}]}},"_links":{"self":[{"href":"https:\/\/www.rri.ro\/fr\/wp-json\/wp\/v2\/posts\/383781","targetHints":{"allow":["GET"]}}],"collection":[{"href":"https:\/\/www.rri.ro\/fr\/wp-json\/wp\/v2\/posts"}],"about":[{"href":"https:\/\/www.rri.ro\/fr\/wp-json\/wp\/v2\/types\/post"}],"author":[{"embeddable":true,"href":"https:\/\/www.rri.ro\/fr\/wp-json\/wp\/v2\/users\/127"}],"replies":[{"embeddable":true,"href":"https:\/\/www.rri.ro\/fr\/wp-json\/wp\/v2\/comments?post=383781"}],"version-history":[{"count":0,"href":"https:\/\/www.rri.ro\/fr\/wp-json\/wp\/v2\/posts\/383781\/revisions"}],"wp:featuredmedia":[{"embeddable":true,"href":"https:\/\/www.rri.ro\/fr\/wp-json\/wp\/v2\/media\/93684"}],"wp:attachment":[{"href":"https:\/\/www.rri.ro\/fr\/wp-json\/wp\/v2\/media?parent=383781"}],"wp:term":[{"taxonomy":"category","embeddable":true,"href":"https:\/\/www.rri.ro\/fr\/wp-json\/wp\/v2\/categories?post=383781"},{"taxonomy":"post_tag","embeddable":true,"href":"https:\/\/www.rri.ro\/fr\/wp-json\/wp\/v2\/tags?post=383781"},{"taxonomy":"author","embeddable":true,"href":"https:\/\/www.rri.ro\/fr\/wp-json\/wp\/v2\/coauthors?post=383781"}],"curies":[{"name":"wp","href":"https:\/\/api.w.org\/{rel}","templated":true}]}}