{"id":384335,"date":"2014-09-14T13:22:00","date_gmt":"2014-09-14T10:22:00","guid":{"rendered":"http:\/\/devrri.freshlemon.ro\/le-roumain-mot-a-mot\/consulter-les-lecons\/la-fete-des-etoiles-id384335.html"},"modified":"2014-09-14T13:22:00","modified_gmt":"2014-09-14T10:22:00","slug":"la-fete-des-etoiles","status":"publish","type":"post","link":"https:\/\/www.rri.ro\/fr\/chroniques-hebdomadaires\/la-roumanie-chez-elle\/la-fete-des-etoiles-id384335.html","title":{"rendered":"La f\u00eate des \u00e9toiles"},"content":{"rendered":"<p>Nuit sereine d\u2019\u00e9t\u00e9. Sur un champ situ\u00e9 tout pr\u00e8s de l\u2019Autoroute du Soleil, \u00e0 une trentaine de km \u00e0 l\u2019est de Bucarest, un groupe de personnes observe le ciel avec un t\u00e9lescope. Il ne fait ni trop chaud, ni trop frais. Les gens parlent entre eux \u00e0 voix basse, comme s\u2019ils craignaient de casser le silence de la nuit. C\u2019est la \u00ab f\u00eate des \u00e9toiles \u00bb, pourtant, personne n\u2019appellera la police pour se plaindre du bruit ou d\u2019un quelconque d\u00e9sagr\u00e9ment cr\u00e9\u00e9 par les f\u00eatards. Les organisateurs de cette soir\u00e9e sont Oana Sandu et Adrian \u015eonka. Pour eux, observer les astres est plus qu\u2019une passion. Adrian \u015eonka est astronome amateur et coordinateur de l\u2019Observatoire astronomique \u00ab Amiral Vasile Urseanu \u00bb de Bucarest. Oana Sandu est dipl\u00f4m\u00e9e de la facult\u00e9 de communication et porte-parole du projet \u00ab Aux \u00e9toiles \u00bb. Depuis 7 ans, ils racontent des choses sur les \u00e9toiles, les essaims, les n\u00e9buleuses et les galaxies \u00e0 tous ceux qui veulent bien les \u00e9couter.<\/p>\n<p>&#13;<br \/>\n&#13;<\/p>\n<p>&#13;<br \/>\n&#13;<\/p>\n<p>Oana Sandu nous raconte comment tout cela a commenc\u00e9 : <em>\u00abL\u2019id\u00e9e est n\u00e9e de notre d\u00e9sir de faire d\u00e9couvrir aux habitants des villes le ciel \u00e9toil\u00e9, ce ciel que nous, Adrian, mon partenaire dans ce projet, et moi, nous appelions le ciel de la campagne lorsque nous \u00e9tions enfants, ce ciel qu\u2019on ne voit pas malheureusement dans les villes trop pollu\u00e9es. Quand on a vu ce ciel&#8211;l\u00e0, on a envie de le partager avec les autres. Le projet \u00ab Aux \u00e9toiles \u00bb invite les gens \u00e0 sortir \u00e0 la p\u00e9riph\u00e9rie de leur ville, dans un endroit sombre pour leur montrer tout ce qu\u2019il y a dans le ciel : \u00e9toiles, plan\u00e8tes ou objets se trouvant \u00e0 l\u2019ext\u00e9rieur du syst\u00e8me solaire, appel\u00e9s objets du ciel profond.\u00bb <\/em><\/p>\n<p>&#13;<br \/>\n&#13;<\/p>\n<p>&#13;<br \/>\n&#13;<\/p>\n<p>\u00abNous nous proposons de d\u00e9voiler les secrets des \u00e9toiles par des m\u00e9thodes qui vous inspirent et vous incitent \u00e0 en savoir davantage. Nous avons voulu nous servir de l\u2019astronomie pour cultiver un esprit critique, curieux et attentif. C\u2019est aussi un passe &#8212; temps in\u00e9dit, aux c\u00f4t\u00e9s de ses amis, de sa famille ou de ses coll\u00e8gues. Nous souhaitons que toutes nos activit\u00e9s transmettent de mani\u00e8re directe ou indirecte : de la passion, de l\u2019enthousiasme, de l\u2019exactitude ; qu\u2019elles \u00e9veillent la curiosit\u00e9, l\u2019envie de faire des d\u00e9couvertes, de se laisser inspirer.\u00bb (fin de citation) C\u2019est l\u2019invitation \u00e0 lire sur le site du projet \u00abAux \u00e9toiles\u00bb.<\/p>\n<p>&#13;<br \/>\n&#13;<\/p>\n<p>&#13;<br \/>\n&#13;<\/p>\n<p>Comment \u00e7a se passe plus concr\u00e8tement ? Oana Sandu raconte : <em>\u00ab L\u2019id\u00e9al c\u2019est de se d\u00e9placer \u00e0 plusieurs km distance de la ville ; mais pour joindre en quelque sorte l\u2019utile \u00e0 l\u2019agr\u00e9able, nous avons choisi un endroit \u00e0 une trentaine de km de Bucarest, sur l\u2019autoroute du Soleil, qui m\u00e8ne \u00e0 la Mer Noire. L\u00e0, nous tentons de familiariser nos invit\u00e9s avec le ciel, en leur parlant des principales constellations visibles en cette p\u00e9riode, nous leur apprenons \u00e0 s\u2019orienter en regardant le ciel et les \u00e9toiles. Ensuite, nous commen\u00e7ons \u00e0 faire des observations \u00e0 l\u2019aide de nos t\u00e9lescopes. Nous commen\u00e7ons avec les choses simples : regarder les \u00e9toiles et les \u00e9toiles doubles, pour passer ensuite aux plus complexes comme par exemple : les galaxies, les n\u00e9buleuses, les essaims d\u2019\u00e9toiles et les plan\u00e8tes visibles en chaque saison. En g\u00e9n\u00e9ral tout commence vers 21 h et finit vers 1h ou 2h du matin. Nous n\u2019assurons pas le transport, mais nous essayons d\u2019encourager le covoiturage, comme une forme de socialisation. Jusqu\u2019ici cela a bien fonctionn\u00e9. \u00bb  <\/em><\/p>\n<p>&#13;<br \/>\n&#13;<\/p>\n<p>&#13;<br \/>\n&#13;<\/p>\n<p>Quelle est la r\u00e9action des participants \u00e0 ces soir\u00e9es \u00e9toil\u00e9es ? Oana Sandu : <em>\u00ab Les gens sont toujours surpris lorsqu\u2019ils regardent le ciel \u00e0 travers un t\u00e9lescope, ils ont des r\u00e9actions diverses. Les enfants ont la mani\u00e8re la plus vocale de se manifester. D\u2019autres sont d\u00e9\u00e7us de ne pas voir le ciel comme dans les images pr\u00e9sent\u00e9es \u00e0 la t\u00e9l\u00e9, prises \u00e0 l\u2019aide de grands t\u00e9lescopes sp\u00e9cialis\u00e9s. Mais nous leur expliquons que le principal c\u2019est qu\u2019ils regardent eux-m\u00eames par un t\u00e9lescope. Pourquoi cela ne ressemble pas aux images de t\u00e9l\u00e9vision ? C\u2019est parce qu\u2019en fait la lumi\u00e8re qui entre dans le t\u00e9lescope doit parcourir des milliers d\u2019ann\u00e9es-lumi\u00e8re jusqu\u2019ici, et nous regardons en fait \u00e0 travers le temps. \u00bb<\/em> <\/p>\n<p>&#13;<br \/>\n&#13;<\/p>\n<p>&#13;<br \/>\n&#13;<\/p>\n<p>Lorsque le ciel s\u2019annonce clair, Oana et Adrian rassemblent leur invit\u00e9s. N\u2019importe qui peut participer, m\u00eame les enfants plus grands qui n\u2019ont plus peur de l\u2019obscurit\u00e9 : <em style=line-height: 1.6em;>\u00abNous n\u2019encourageons pourtant pas les enfants les plus jeunes \u00e0 nous rejoindre, car il fait trop noir, nous allons dans un champ, ce n\u2019est pas un environnement tr\u00e8s ad\u00e9quat pour les petits. M\u00eame si tous les mineurs doivent \u00eatre accompagn\u00e9s par des adultes. Ce qui nous motive, c\u2019est de partager avec les habitants de la ville un sentiment de familiarit\u00e9. Lorsque l\u2019on conna\u00eet le ciel, on se sent chez soi, o\u00f9 que l\u2019on puisse aller, on a un endroit qui reste constant. Les essaims d\u2019\u00e9toiles, les galaxies, les n\u00e9buleuses seront toujours l\u00e0.\u00bb<\/em><\/p>\n<p>&#13;<br \/>\n&#13;<\/p>\n<p>Par cons\u00e9quent, si vous souhaitez conna\u00eetre les constellations qui nous entourent, comment choisir et monter un t\u00e9lescope, comment expliquer les signes du zodiaque ou comment naissent les \u00e9toiles, contactez Oana et Adrian. Vous les trouverez sur le site Internet : lastele.ro (aux \u00e9toiles). (Trad. Dominique, Valentina Beleavski)<\/p>\n<p>&#13;<\/p>\n","protected":false},"excerpt":{"rendered":"<p>Nuit sereine d\u2019\u00e9t\u00e9. Sur un champ situ\u00e9 tout pr\u00e8s de l\u2019Autoroute du Soleil, \u00e0 une trentaine de km \u00e0 l\u2019est de Bucarest, un groupe de personnes observe le ciel avec un t\u00e9lescope. Il ne fait ni trop chaud, ni trop frais. Les gens parlent entre eux \u00e0 voix basse, comme s\u2019ils craignaient de casser le [&hellip;]<\/p>\n","protected":false},"author":2,"featured_media":134096,"comment_status":"closed","ping_status":"closed","sticky":false,"template":"","format":"standard","meta":{"_acf_changed":false,"footnotes":""},"categories":[85306],"tags":[85769,86181,86179,86180],"coauthors":[],"class_list":["post-384335","post","type-post","status-publish","format-standard","has-post-thumbnail","hentry","category-la-roumanie-chez-elle","tag-etoiles","tag-galaxies","tag-observation","tag-telescope"],"acf":[],"yoast_head":"<!-- This site is optimized with the Yoast SEO plugin v27.5 - https:\/\/yoast.com\/product\/yoast-seo-wordpress\/ -->\n<title>La f\u00eate des \u00e9toiles - Radio Roumanie Internationale<\/title>\n<meta name=\"robots\" content=\"index, follow, max-snippet:-1, max-image-preview:large, max-video-preview:-1\" \/>\n<link rel=\"canonical\" href=\"https:\/\/www.rri.ro\/fr\/chroniques-hebdomadaires\/la-roumanie-chez-elle\/la-fete-des-etoiles-id384335.html\" \/>\n<meta property=\"og:locale\" content=\"fr_FR\" \/>\n<meta property=\"og:type\" content=\"article\" \/>\n<meta property=\"og:title\" content=\"La f\u00eate des \u00e9toiles - Radio Roumanie Internationale\" \/>\n<meta property=\"og:description\" content=\"Nuit sereine d\u2019\u00e9t\u00e9. Sur un champ situ\u00e9 tout pr\u00e8s de l\u2019Autoroute du Soleil, \u00e0 une trentaine de km \u00e0 l\u2019est de Bucarest, un groupe de personnes observe le ciel avec un t\u00e9lescope. Il ne fait ni trop chaud, ni trop frais. Les gens parlent entre eux \u00e0 voix basse, comme s\u2019ils craignaient de casser le [&hellip;]\" \/>\n<meta property=\"og:url\" content=\"https:\/\/www.rri.ro\/fr\/chroniques-hebdomadaires\/la-roumanie-chez-elle\/la-fete-des-etoiles-id384335.html\" \/>\n<meta property=\"og:site_name\" content=\"Radio Roumanie Internationale\" \/>\n<meta property=\"article:published_time\" content=\"2014-09-14T10:22:00+00:00\" \/>\n<meta property=\"og:image\" content=\"https:\/\/www.rri.ro\/wp-content\/uploads\/2023\/10\/la-stele-640.png\" \/>\n\t<meta property=\"og:image:width\" content=\"640\" \/>\n\t<meta property=\"og:image:height\" content=\"427\" \/>\n\t<meta property=\"og:image:type\" content=\"image\/png\" \/>\n<meta name=\"author\" content=\"Rom\u00e2nia Interna\u021bional\" \/>\n<meta name=\"twitter:card\" content=\"summary_large_image\" \/>\n<meta name=\"twitter:label1\" content=\"\u00c9crit par\" \/>\n\t<meta name=\"twitter:data1\" content=\"Rom\u00e2nia Interna\u021bional\" \/>\n\t<meta name=\"twitter:label2\" content=\"Dur\u00e9e de lecture estim\u00e9e\" \/>\n\t<meta name=\"twitter:data2\" content=\"5 minutes\" \/>\n\t<meta name=\"twitter:label3\" content=\"Written by\" \/>\n\t<meta name=\"twitter:data3\" content=\"Rom\u00e2nia Interna\u021bional\" \/>\n<script type=\"application\/ld+json\" class=\"yoast-schema-graph\">{\"@context\":\"https:\\\/\\\/schema.org\",\"@graph\":[{\"@type\":\"Article\",\"@id\":\"https:\\\/\\\/www.rri.ro\\\/fr\\\/chroniques-hebdomadaires\\\/la-roumanie-chez-elle\\\/la-fete-des-etoiles-id384335.html#article\",\"isPartOf\":{\"@id\":\"https:\\\/\\\/www.rri.ro\\\/fr\\\/chroniques-hebdomadaires\\\/la-roumanie-chez-elle\\\/la-fete-des-etoiles-id384335.html\"},\"author\":{\"name\":\"Rom\u00e2nia Interna\u021bional\",\"@id\":\"https:\\\/\\\/www.rri.ro\\\/#\\\/schema\\\/person\\\/18fac491bccbfe149b92aea77ad60abd\"},\"headline\":\"La f\u00eate des \u00e9toiles\",\"datePublished\":\"2014-09-14T10:22:00+00:00\",\"mainEntityOfPage\":{\"@id\":\"https:\\\/\\\/www.rri.ro\\\/fr\\\/chroniques-hebdomadaires\\\/la-roumanie-chez-elle\\\/la-fete-des-etoiles-id384335.html\"},\"wordCount\":935,\"image\":{\"@id\":\"https:\\\/\\\/www.rri.ro\\\/fr\\\/chroniques-hebdomadaires\\\/la-roumanie-chez-elle\\\/la-fete-des-etoiles-id384335.html#primaryimage\"},\"thumbnailUrl\":\"https:\\\/\\\/www.rri.ro\\\/wp-content\\\/uploads\\\/2023\\\/10\\\/la-stele-640.png\",\"keywords\":[\"\u00e9toiles\",\"galaxies\",\"observation\",\"t\u00e9lescope\"],\"articleSection\":[\"La Roumanie chez elle\"],\"inLanguage\":\"fr-FR\"},{\"@type\":\"WebPage\",\"@id\":\"https:\\\/\\\/www.rri.ro\\\/fr\\\/chroniques-hebdomadaires\\\/la-roumanie-chez-elle\\\/la-fete-des-etoiles-id384335.html\",\"url\":\"https:\\\/\\\/www.rri.ro\\\/fr\\\/chroniques-hebdomadaires\\\/la-roumanie-chez-elle\\\/la-fete-des-etoiles-id384335.html\",\"name\":\"La f\u00eate des \u00e9toiles - Radio Roumanie Internationale\",\"isPartOf\":{\"@id\":\"https:\\\/\\\/www.rri.ro\\\/#website\"},\"primaryImageOfPage\":{\"@id\":\"https:\\\/\\\/www.rri.ro\\\/fr\\\/chroniques-hebdomadaires\\\/la-roumanie-chez-elle\\\/la-fete-des-etoiles-id384335.html#primaryimage\"},\"image\":{\"@id\":\"https:\\\/\\\/www.rri.ro\\\/fr\\\/chroniques-hebdomadaires\\\/la-roumanie-chez-elle\\\/la-fete-des-etoiles-id384335.html#primaryimage\"},\"thumbnailUrl\":\"https:\\\/\\\/www.rri.ro\\\/wp-content\\\/uploads\\\/2023\\\/10\\\/la-stele-640.png\",\"datePublished\":\"2014-09-14T10:22:00+00:00\",\"author\":{\"@id\":\"https:\\\/\\\/www.rri.ro\\\/#\\\/schema\\\/person\\\/18fac491bccbfe149b92aea77ad60abd\"},\"breadcrumb\":{\"@id\":\"https:\\\/\\\/www.rri.ro\\\/fr\\\/chroniques-hebdomadaires\\\/la-roumanie-chez-elle\\\/la-fete-des-etoiles-id384335.html#breadcrumb\"},\"inLanguage\":\"fr-FR\",\"potentialAction\":[{\"@type\":\"ReadAction\",\"target\":[\"https:\\\/\\\/www.rri.ro\\\/fr\\\/chroniques-hebdomadaires\\\/la-roumanie-chez-elle\\\/la-fete-des-etoiles-id384335.html\"]}]},{\"@type\":\"ImageObject\",\"inLanguage\":\"fr-FR\",\"@id\":\"https:\\\/\\\/www.rri.ro\\\/fr\\\/chroniques-hebdomadaires\\\/la-roumanie-chez-elle\\\/la-fete-des-etoiles-id384335.html#primaryimage\",\"url\":\"https:\\\/\\\/www.rri.ro\\\/wp-content\\\/uploads\\\/2023\\\/10\\\/la-stele-640.png\",\"contentUrl\":\"https:\\\/\\\/www.rri.ro\\\/wp-content\\\/uploads\\\/2023\\\/10\\\/la-stele-640.png\",\"width\":640,\"height\":427},{\"@type\":\"BreadcrumbList\",\"@id\":\"https:\\\/\\\/www.rri.ro\\\/fr\\\/chroniques-hebdomadaires\\\/la-roumanie-chez-elle\\\/la-fete-des-etoiles-id384335.html#breadcrumb\",\"itemListElement\":[{\"@type\":\"ListItem\",\"position\":1,\"name\":\"Page d'accueil\",\"item\":\"https:\\\/\\\/www.rri.ro\\\/fr\"},{\"@type\":\"ListItem\",\"position\":2,\"name\":\"Chroniques hebdomadaires\",\"item\":\"https:\\\/\\\/www.rri.ro\\\/fr\\\/chroniques-hebdomadaires\"},{\"@type\":\"ListItem\",\"position\":3,\"name\":\"La Roumanie chez elle\",\"item\":\"https:\\\/\\\/www.rri.ro\\\/fr\\\/chroniques-hebdomadaires\\\/la-roumanie-chez-elle\"},{\"@type\":\"ListItem\",\"position\":4,\"name\":\"La f\u00eate des \u00e9toiles\"}]},{\"@type\":\"WebSite\",\"@id\":\"https:\\\/\\\/www.rri.ro\\\/#website\",\"url\":\"https:\\\/\\\/www.rri.ro\\\/\",\"name\":\"Radio Roumanie Internationale\",\"description\":\"Totul despre Rom\u00e2nia \u015fi rom\u00e2ni, \u00een 13 limbi\\\/dialecte!\",\"inLanguage\":\"fr-FR\"},{\"@type\":\"Person\",\"@id\":\"https:\\\/\\\/www.rri.ro\\\/#\\\/schema\\\/person\\\/18fac491bccbfe149b92aea77ad60abd\",\"name\":\"Rom\u00e2nia Interna\u021bional\",\"url\":\"https:\\\/\\\/www.rri.ro\\\/fr\\\/author\\\/redactia\"}]}<\/script>\n<!-- \/ Yoast SEO plugin. -->","yoast_head_json":{"title":"La f\u00eate des \u00e9toiles - Radio Roumanie Internationale","robots":{"index":"index","follow":"follow","max-snippet":"max-snippet:-1","max-image-preview":"max-image-preview:large","max-video-preview":"max-video-preview:-1"},"canonical":"https:\/\/www.rri.ro\/fr\/chroniques-hebdomadaires\/la-roumanie-chez-elle\/la-fete-des-etoiles-id384335.html","og_locale":"fr_FR","og_type":"article","og_title":"La f\u00eate des \u00e9toiles - Radio Roumanie Internationale","og_description":"Nuit sereine d\u2019\u00e9t\u00e9. Sur un champ situ\u00e9 tout pr\u00e8s de l\u2019Autoroute du Soleil, \u00e0 une trentaine de km \u00e0 l\u2019est de Bucarest, un groupe de personnes observe le ciel avec un t\u00e9lescope. Il ne fait ni trop chaud, ni trop frais. Les gens parlent entre eux \u00e0 voix basse, comme s\u2019ils craignaient de casser le [&hellip;]","og_url":"https:\/\/www.rri.ro\/fr\/chroniques-hebdomadaires\/la-roumanie-chez-elle\/la-fete-des-etoiles-id384335.html","og_site_name":"Radio Roumanie Internationale","article_published_time":"2014-09-14T10:22:00+00:00","og_image":[{"width":640,"height":427,"url":"https:\/\/www.rri.ro\/wp-content\/uploads\/2023\/10\/la-stele-640.png","type":"image\/png"}],"author":"Rom\u00e2nia Interna\u021bional","twitter_card":"summary_large_image","twitter_misc":{"\u00c9crit par":"Rom\u00e2nia Interna\u021bional","Dur\u00e9e de lecture estim\u00e9e":"5 minutes","Written by":"Rom\u00e2nia Interna\u021bional"},"schema":{"@context":"https:\/\/schema.org","@graph":[{"@type":"Article","@id":"https:\/\/www.rri.ro\/fr\/chroniques-hebdomadaires\/la-roumanie-chez-elle\/la-fete-des-etoiles-id384335.html#article","isPartOf":{"@id":"https:\/\/www.rri.ro\/fr\/chroniques-hebdomadaires\/la-roumanie-chez-elle\/la-fete-des-etoiles-id384335.html"},"author":{"name":"Rom\u00e2nia Interna\u021bional","@id":"https:\/\/www.rri.ro\/#\/schema\/person\/18fac491bccbfe149b92aea77ad60abd"},"headline":"La f\u00eate des \u00e9toiles","datePublished":"2014-09-14T10:22:00+00:00","mainEntityOfPage":{"@id":"https:\/\/www.rri.ro\/fr\/chroniques-hebdomadaires\/la-roumanie-chez-elle\/la-fete-des-etoiles-id384335.html"},"wordCount":935,"image":{"@id":"https:\/\/www.rri.ro\/fr\/chroniques-hebdomadaires\/la-roumanie-chez-elle\/la-fete-des-etoiles-id384335.html#primaryimage"},"thumbnailUrl":"https:\/\/www.rri.ro\/wp-content\/uploads\/2023\/10\/la-stele-640.png","keywords":["\u00e9toiles","galaxies","observation","t\u00e9lescope"],"articleSection":["La Roumanie chez elle"],"inLanguage":"fr-FR"},{"@type":"WebPage","@id":"https:\/\/www.rri.ro\/fr\/chroniques-hebdomadaires\/la-roumanie-chez-elle\/la-fete-des-etoiles-id384335.html","url":"https:\/\/www.rri.ro\/fr\/chroniques-hebdomadaires\/la-roumanie-chez-elle\/la-fete-des-etoiles-id384335.html","name":"La f\u00eate des \u00e9toiles - Radio Roumanie Internationale","isPartOf":{"@id":"https:\/\/www.rri.ro\/#website"},"primaryImageOfPage":{"@id":"https:\/\/www.rri.ro\/fr\/chroniques-hebdomadaires\/la-roumanie-chez-elle\/la-fete-des-etoiles-id384335.html#primaryimage"},"image":{"@id":"https:\/\/www.rri.ro\/fr\/chroniques-hebdomadaires\/la-roumanie-chez-elle\/la-fete-des-etoiles-id384335.html#primaryimage"},"thumbnailUrl":"https:\/\/www.rri.ro\/wp-content\/uploads\/2023\/10\/la-stele-640.png","datePublished":"2014-09-14T10:22:00+00:00","author":{"@id":"https:\/\/www.rri.ro\/#\/schema\/person\/18fac491bccbfe149b92aea77ad60abd"},"breadcrumb":{"@id":"https:\/\/www.rri.ro\/fr\/chroniques-hebdomadaires\/la-roumanie-chez-elle\/la-fete-des-etoiles-id384335.html#breadcrumb"},"inLanguage":"fr-FR","potentialAction":[{"@type":"ReadAction","target":["https:\/\/www.rri.ro\/fr\/chroniques-hebdomadaires\/la-roumanie-chez-elle\/la-fete-des-etoiles-id384335.html"]}]},{"@type":"ImageObject","inLanguage":"fr-FR","@id":"https:\/\/www.rri.ro\/fr\/chroniques-hebdomadaires\/la-roumanie-chez-elle\/la-fete-des-etoiles-id384335.html#primaryimage","url":"https:\/\/www.rri.ro\/wp-content\/uploads\/2023\/10\/la-stele-640.png","contentUrl":"https:\/\/www.rri.ro\/wp-content\/uploads\/2023\/10\/la-stele-640.png","width":640,"height":427},{"@type":"BreadcrumbList","@id":"https:\/\/www.rri.ro\/fr\/chroniques-hebdomadaires\/la-roumanie-chez-elle\/la-fete-des-etoiles-id384335.html#breadcrumb","itemListElement":[{"@type":"ListItem","position":1,"name":"Page d'accueil","item":"https:\/\/www.rri.ro\/fr"},{"@type":"ListItem","position":2,"name":"Chroniques hebdomadaires","item":"https:\/\/www.rri.ro\/fr\/chroniques-hebdomadaires"},{"@type":"ListItem","position":3,"name":"La Roumanie chez elle","item":"https:\/\/www.rri.ro\/fr\/chroniques-hebdomadaires\/la-roumanie-chez-elle"},{"@type":"ListItem","position":4,"name":"La f\u00eate des \u00e9toiles"}]},{"@type":"WebSite","@id":"https:\/\/www.rri.ro\/#website","url":"https:\/\/www.rri.ro\/","name":"Radio Roumanie Internationale","description":"Totul despre Rom\u00e2nia \u015fi rom\u00e2ni, \u00een 13 limbi\/dialecte!","inLanguage":"fr-FR"},{"@type":"Person","@id":"https:\/\/www.rri.ro\/#\/schema\/person\/18fac491bccbfe149b92aea77ad60abd","name":"Rom\u00e2nia Interna\u021bional","url":"https:\/\/www.rri.ro\/fr\/author\/redactia"}]}},"_links":{"self":[{"href":"https:\/\/www.rri.ro\/fr\/wp-json\/wp\/v2\/posts\/384335","targetHints":{"allow":["GET"]}}],"collection":[{"href":"https:\/\/www.rri.ro\/fr\/wp-json\/wp\/v2\/posts"}],"about":[{"href":"https:\/\/www.rri.ro\/fr\/wp-json\/wp\/v2\/types\/post"}],"author":[{"embeddable":true,"href":"https:\/\/www.rri.ro\/fr\/wp-json\/wp\/v2\/users\/2"}],"replies":[{"embeddable":true,"href":"https:\/\/www.rri.ro\/fr\/wp-json\/wp\/v2\/comments?post=384335"}],"version-history":[{"count":0,"href":"https:\/\/www.rri.ro\/fr\/wp-json\/wp\/v2\/posts\/384335\/revisions"}],"wp:featuredmedia":[{"embeddable":true,"href":"https:\/\/www.rri.ro\/fr\/wp-json\/wp\/v2\/media\/134096"}],"wp:attachment":[{"href":"https:\/\/www.rri.ro\/fr\/wp-json\/wp\/v2\/media?parent=384335"}],"wp:term":[{"taxonomy":"category","embeddable":true,"href":"https:\/\/www.rri.ro\/fr\/wp-json\/wp\/v2\/categories?post=384335"},{"taxonomy":"post_tag","embeddable":true,"href":"https:\/\/www.rri.ro\/fr\/wp-json\/wp\/v2\/tags?post=384335"},{"taxonomy":"author","embeddable":true,"href":"https:\/\/www.rri.ro\/fr\/wp-json\/wp\/v2\/coauthors?post=384335"}],"curies":[{"name":"wp","href":"https:\/\/api.w.org\/{rel}","templated":true}]}}