{"id":384400,"date":"2015-03-22T13:10:00","date_gmt":"2015-03-22T11:10:00","guid":{"rendered":"http:\/\/devrri.freshlemon.ro\/le-roumain-mot-a-mot\/consulter-les-lecons\/voler-de-toute-beaute-id384400.html"},"modified":"2015-03-22T13:10:00","modified_gmt":"2015-03-22T11:10:00","slug":"voler-de-toute-beaute","status":"publish","type":"post","link":"https:\/\/www.rri.ro\/fr\/chroniques-hebdomadaires\/la-roumanie-chez-elle\/voler-de-toute-beaute-id384400.html","title":{"rendered":"Voler de toute beaut\u00e9"},"content":{"rendered":"<p>Bien que figurant parmi les sports extr\u00eames, le vol en parapente ne n\u00e9cessite pas une condition physique sp\u00e9ciale. On doit seulement pouvoir courir quelques pas au d\u00e9collage et quelques autres \u00e0 l\u2019atterrissage. Il n\u2019y a pas, non plus, de limite d\u2019\u00e2ge pour le pratiquer, mais uniquement une limite de poids : on doit peser entre 40 et 100 kilos.<\/p>\n<p>&#13;<br \/>\n&#13;<\/p>\n<p>&#13;<br \/>\n&#13;<\/p>\n<p>D\u00e8s la lecture d\u2019un article sur le vol en parapente, on arrive \u00e0 d\u00e9velopper une passion pour ce sport, c\u2019est \u015etefan Adam qui nous le dit. Il a d\u00e9couvert le parapente quand il \u00e9tait encore \u00e9tudiant \u00e0 la Facult\u00e9 d\u2019automatisation et d\u2019informatique de Ia\u015fi.<\/p>\n<p>&#13;<br \/>\n&#13;<\/p>\n<p>&#13;<br \/>\n&#13;<\/p>\n<p>\u015etefan Adam: <em>\u00ab Quand j\u2019\u00e9tais en derni\u00e8re ann\u00e9e, j\u2019ai vu dans une revue un article sur le parapente : \u00ab Le parapente, sport extr\u00eame \u00bb &#8212; ou quelque chose de ce genre. Cela m\u2019a sembl\u00e9 tr\u00e8s int\u00e9ressant. Je me suis rendu compte que c\u2019\u00e9tait peut-\u00eatre le moyen par lequel je pouvais r\u00e9aliser le r\u00eave de ma vie : celui de voler. J\u2019ai contact\u00e9 les instructeurs de vol mentionn\u00e9s dans cet article et c\u2019est ainsi que j\u2019ai fait la connaissance d\u2019un moniteur de Piatra Neam\u0163, ville plus proche de chez moi. J\u2019ai effectu\u00e9 avec lui un premier vol en tandem et quelques gonflages. Ensuite, j\u2019ai commenc\u00e9 \u00e0 apprendre avec un \u00e9tudiant de Ia\u015fi et nous avons plan\u00e9 au-dessus des collines qui entourent la ville. J\u2019ai effectu\u00e9 plusieurs vols plut\u00f4t brefs du haut de la colline et j\u2019ai atterri dans la vall\u00e9e, des vols \u00e0 basse altitude. J\u2019ai progress\u00e9 \u00e0 petits pas.\u00bb  <\/em><\/p>\n<p>&#13;<br \/>\n&#13;<\/p>\n<p>&#13;<br \/>\n&#13;<\/p>\n<p>L\u2019exp\u00e9rience du vol en parapente a amen\u00e9 \u015etefan Adam dans des endroits qu\u2019il ne croyait pas jamais arriver \u00e0 visiter : <em>\u00ab J\u2019ai \u00e9t\u00e9 au N\u00e9pal et en Inde, au Kenya et au Br\u00e9sil, pour ne mentionner que les pays les plus exotiques. En Europe, je me suis rendu en Italie, en Slov\u00e9nie, en Autriche. Et puis, bien s\u00fbr, j\u2019ai fr\u00e9quent\u00e9 de nombreux sites de vol de Roumanie. J\u2019ai essay\u00e9 de couvrir les formes de relief les plus vari\u00e9es, pour pratiquer les diff\u00e9rents types de vol en parapente. Le N\u00e9pal s\u2019est av\u00e9r\u00e9 exceptionnel. Non seulement c\u2019est un pays tr\u00e8s int\u00e9ressant du point de vue culturel et humain, mais son relief vous permet d\u2019effectuer des vols de toute beaut\u00e9 et pas tellement difficiles \u00e0 r\u00e9aliser, car l\u00e0 il y a un microclimat, ce qui fait que les conditions de vol sont \u00e0 peu pr\u00e8s les m\u00eames chaque jour, le vent souffle dans la m\u00eame direction, avec m\u00eame intensit\u00e9 ou presque. Et on peut apprendre \u00e0 faire des vols tr\u00e8s longs, sur plusieurs kilom\u00e8tres. Tout le monde aspire \u00e0 des vols sur une centaine de kilom\u00e8tres, ce qui veut dire 3, 4 ou m\u00eame 5 heures de parapente. \u00bb<\/em><\/p>\n<p>&#13;<br \/>\n&#13;<\/p>\n<p>&#13;<br \/>\n&#13;<\/p>\n<p>Nous avons demand\u00e9 \u00e0 \u015etefan Adam \u00e0 quoi ressemble de Br\u00e9sil, vu d\u2019en haut : <em>\u00ab Ce qui fait la beaut\u00e9 du Br\u00e9sil, c\u2019est son relief, sa v\u00e9g\u00e9tation &#8212; une v\u00e9g\u00e9tation luxuriante. J\u2019ai effectu\u00e9 des vols en parapente \u00e0 Rio de Janeiro et \u00e0 Govarnador Valadares. Rio de Janeiro est une ville spectaculaire, tr\u00e8s int\u00e9ressante, construite au bord de l\u2019oc\u00e9an, entre des rochers de 800 \u00e0 1000 m\u00e8tres. C\u2019est une ville o\u00f9 se donnent rendez-vous la for\u00eat tropicale, la mer et la montagne, c\u2019est vraiment sp\u00e9cial, je n\u2019ai rien vu de pareil. Governador Valadares est entour\u00e9e de petites collines de 200 \u00e0 300 m\u00e8tres qui cr\u00e9ent un effet visuel exceptionnel. \u00bb <\/em><\/p>\n<p>&#13;<br \/>\n&#13;<\/p>\n<p>&#13;<br \/>\n&#13;<\/p>\n<p>O\u00f9 que l\u2019on aille pour faire du parapente, on \u00e9prouve, avant tout, le plaisir du vol, ensuite, la joie de d\u00e9couvrir des paysages qui sont tout \u00e0 fait diff\u00e9rents vus d\u2019en haut &#8212; dit notre interlocuteur. Et il ajoute : <em>\u00ab La Roumanie est tr\u00e8s belle, vue d\u2019en haut. Nous avons des endroits mirifiques. Je mentionnerais le massif de F\u0103g\u0103ra\u015f, des Carpates M\u00e9ridionales. Ce sont de tr\u00e8s belles montagnes. J\u2019ai long\u00e9 toute la cr\u00eate, aller-retour, et j\u2019ai \u00e9galement vol\u00e9 depuis le massif de F\u0103g\u0103ra\u015f vers la ville de Bra\u015fov. J\u2019ai effectu\u00e9 des vols un peu partout en Roumanie, dans les Carpates M\u00e9ridionales aussi : dans les massifs de Ceahl\u0103u, Rar\u0103u et Par\u00e2ng, \u00e0 Vatra Dornei et Miercurea Ciuc, dans la zone du lac volcanique Sf\u00e2nta Ana (Sainte Anne). La Roumanie a son charme \u00e0 elle. On peut faire du parapente en hiver aussi, seulement on ne peut pas parcourir de grandes distances, car pour cela il faut des courants d\u2019air chaud, qui sont tr\u00e8s faibles en hiver. Alors, tout ce que l\u2019on peut faire, c\u2019est de d\u00e9coller \u00e0 une certaine altitude et de descendre jusqu\u2019en bas. Le paysage est beau, spectaculaire, tout est couvert de neige, pourtant c\u2019est moins int\u00e9ressant, pour moi, alors qu\u2019au printemps, en \u00e9t\u00e9 et en automne, on peut tr\u00e8s bien effectuer des vols et couvrir m\u00eame de grandes distances. \u00bb <\/em><\/p>\n<p>&#13;<br \/>\n&#13;<\/p>\n<p>&#13;<br \/>\n&#13;<\/p>\n<p>\u015etefan Adam se propose d\u2019aller bient\u00f4t faire du parapente dans les Alpes, pour admirer les beaux paysages depuis la hauteur des montagnes aux cimes toujours couvertes de neige et descendre dans leurs vall\u00e9es profondes. La Colombie et l\u2019Australie figurent \u00e9galement sur sa liste d\u2019attente.<\/p>\n<p>&#13;<br \/>\n&#13;<\/p>\n<p>&#13;<br \/>\n&#13;<\/p>\n<p>\u015etefan Adam nous encourage tous \u00e0 tenter l\u2019aventure : <em>\u00ab Quel message pourrais-je transmettre aux auditeurs ? D\u2019essayer le vol en parapente et surtout d\u2019essayer un vol en tandem, parce que c\u2019est vraiment sp\u00e9cial. Il faut le faire au moins une fois dans sa vie. <\/em><em>\u00c7<\/em><em>a peut vous donner le go\u00fbt du vol, du vol en solitaire. \u00bb<\/em><\/p>\n<p>&#13;<br \/>\n&#13;<\/p>\n<p>&#13;<br \/>\n&#13;<\/p>\n<p>En attendant, nous vous souhaitons des vols de toute beaut\u00e9 et \u00ab vent de face \u00bb ! (Trad. : Dominique)<\/p>\n<p>&#13;<\/p>\n","protected":false},"excerpt":{"rendered":"<p>Bien que figurant parmi les sports extr\u00eames, le vol en parapente ne n\u00e9cessite pas une condition physique sp\u00e9ciale. On doit seulement pouvoir courir quelques pas au d\u00e9collage et quelques autres \u00e0 l\u2019atterrissage. Il n\u2019y a pas, non plus, de limite d\u2019\u00e2ge pour le pratiquer, mais uniquement une limite de poids : on doit peser entre [&hellip;]<\/p>\n","protected":false},"author":126,"featured_media":134713,"comment_status":"closed","ping_status":"closed","sticky":false,"template":"","format":"standard","meta":{"_acf_changed":false,"footnotes":""},"categories":[85306],"tags":[86233,86232],"coauthors":[],"class_list":["post-384400","post","type-post","status-publish","format-standard","has-post-thumbnail","hentry","category-la-roumanie-chez-elle","tag-parapente","tag-voler"],"acf":[],"yoast_head":"<!-- This site is optimized with the Yoast SEO plugin v27.5 - https:\/\/yoast.com\/product\/yoast-seo-wordpress\/ -->\n<title>Voler de toute beaut\u00e9 - Radio Roumanie Internationale<\/title>\n<meta name=\"robots\" content=\"index, follow, max-snippet:-1, max-image-preview:large, max-video-preview:-1\" \/>\n<link rel=\"canonical\" href=\"https:\/\/www.rri.ro\/fr\/chroniques-hebdomadaires\/la-roumanie-chez-elle\/voler-de-toute-beaute-id384400.html\" \/>\n<meta property=\"og:locale\" content=\"fr_FR\" \/>\n<meta property=\"og:type\" content=\"article\" \/>\n<meta property=\"og:title\" content=\"Voler de toute beaut\u00e9 - Radio Roumanie Internationale\" \/>\n<meta property=\"og:description\" content=\"Bien que figurant parmi les sports extr\u00eames, le vol en parapente ne n\u00e9cessite pas une condition physique sp\u00e9ciale. On doit seulement pouvoir courir quelques pas au d\u00e9collage et quelques autres \u00e0 l\u2019atterrissage. Il n\u2019y a pas, non plus, de limite d\u2019\u00e2ge pour le pratiquer, mais uniquement une limite de poids : on doit peser entre [&hellip;]\" \/>\n<meta property=\"og:url\" content=\"https:\/\/www.rri.ro\/fr\/chroniques-hebdomadaires\/la-roumanie-chez-elle\/voler-de-toute-beaute-id384400.html\" \/>\n<meta property=\"og:site_name\" content=\"Radio Roumanie Internationale\" \/>\n<meta property=\"article:published_time\" content=\"2015-03-22T11:10:00+00:00\" \/>\n<meta property=\"og:image\" content=\"https:\/\/www.rri.ro\/wp-content\/uploads\/2023\/10\/Stefan-Adam-Parapanta-Nepal.png\" \/>\n\t<meta property=\"og:image:width\" content=\"640\" \/>\n\t<meta property=\"og:image:height\" content=\"480\" \/>\n\t<meta property=\"og:image:type\" content=\"image\/png\" \/>\n<meta name=\"author\" content=\"Ana-Maria Cononovici\" \/>\n<meta name=\"twitter:card\" content=\"summary_large_image\" \/>\n<meta name=\"twitter:label1\" content=\"\u00c9crit par\" \/>\n\t<meta name=\"twitter:data1\" content=\"Ana-Maria Cononovici\" \/>\n\t<meta name=\"twitter:label2\" content=\"Dur\u00e9e de lecture estim\u00e9e\" \/>\n\t<meta name=\"twitter:data2\" content=\"5 minutes\" \/>\n\t<meta name=\"twitter:label3\" content=\"Written by\" \/>\n\t<meta name=\"twitter:data3\" content=\"Ana-Maria Cononovici\" \/>\n<script type=\"application\/ld+json\" class=\"yoast-schema-graph\">{\"@context\":\"https:\\\/\\\/schema.org\",\"@graph\":[{\"@type\":\"Article\",\"@id\":\"https:\\\/\\\/www.rri.ro\\\/fr\\\/chroniques-hebdomadaires\\\/la-roumanie-chez-elle\\\/voler-de-toute-beaute-id384400.html#article\",\"isPartOf\":{\"@id\":\"https:\\\/\\\/www.rri.ro\\\/fr\\\/chroniques-hebdomadaires\\\/la-roumanie-chez-elle\\\/voler-de-toute-beaute-id384400.html\"},\"author\":{\"name\":\"Ana-Maria Cononovici\",\"@id\":\"https:\\\/\\\/www.rri.ro\\\/#\\\/schema\\\/person\\\/70ee98042ca8b95ae29876ed4848670e\"},\"headline\":\"Voler de toute beaut\u00e9\",\"datePublished\":\"2015-03-22T11:10:00+00:00\",\"mainEntityOfPage\":{\"@id\":\"https:\\\/\\\/www.rri.ro\\\/fr\\\/chroniques-hebdomadaires\\\/la-roumanie-chez-elle\\\/voler-de-toute-beaute-id384400.html\"},\"wordCount\":991,\"image\":{\"@id\":\"https:\\\/\\\/www.rri.ro\\\/fr\\\/chroniques-hebdomadaires\\\/la-roumanie-chez-elle\\\/voler-de-toute-beaute-id384400.html#primaryimage\"},\"thumbnailUrl\":\"https:\\\/\\\/www.rri.ro\\\/wp-content\\\/uploads\\\/2023\\\/10\\\/Stefan-Adam-Parapanta-Nepal.png\",\"keywords\":[\"parapente\",\"Voler\"],\"articleSection\":[\"La Roumanie chez elle\"],\"inLanguage\":\"fr-FR\"},{\"@type\":\"WebPage\",\"@id\":\"https:\\\/\\\/www.rri.ro\\\/fr\\\/chroniques-hebdomadaires\\\/la-roumanie-chez-elle\\\/voler-de-toute-beaute-id384400.html\",\"url\":\"https:\\\/\\\/www.rri.ro\\\/fr\\\/chroniques-hebdomadaires\\\/la-roumanie-chez-elle\\\/voler-de-toute-beaute-id384400.html\",\"name\":\"Voler de toute beaut\u00e9 - Radio Roumanie Internationale\",\"isPartOf\":{\"@id\":\"https:\\\/\\\/www.rri.ro\\\/#website\"},\"primaryImageOfPage\":{\"@id\":\"https:\\\/\\\/www.rri.ro\\\/fr\\\/chroniques-hebdomadaires\\\/la-roumanie-chez-elle\\\/voler-de-toute-beaute-id384400.html#primaryimage\"},\"image\":{\"@id\":\"https:\\\/\\\/www.rri.ro\\\/fr\\\/chroniques-hebdomadaires\\\/la-roumanie-chez-elle\\\/voler-de-toute-beaute-id384400.html#primaryimage\"},\"thumbnailUrl\":\"https:\\\/\\\/www.rri.ro\\\/wp-content\\\/uploads\\\/2023\\\/10\\\/Stefan-Adam-Parapanta-Nepal.png\",\"datePublished\":\"2015-03-22T11:10:00+00:00\",\"author\":{\"@id\":\"https:\\\/\\\/www.rri.ro\\\/#\\\/schema\\\/person\\\/70ee98042ca8b95ae29876ed4848670e\"},\"breadcrumb\":{\"@id\":\"https:\\\/\\\/www.rri.ro\\\/fr\\\/chroniques-hebdomadaires\\\/la-roumanie-chez-elle\\\/voler-de-toute-beaute-id384400.html#breadcrumb\"},\"inLanguage\":\"fr-FR\",\"potentialAction\":[{\"@type\":\"ReadAction\",\"target\":[\"https:\\\/\\\/www.rri.ro\\\/fr\\\/chroniques-hebdomadaires\\\/la-roumanie-chez-elle\\\/voler-de-toute-beaute-id384400.html\"]}]},{\"@type\":\"ImageObject\",\"inLanguage\":\"fr-FR\",\"@id\":\"https:\\\/\\\/www.rri.ro\\\/fr\\\/chroniques-hebdomadaires\\\/la-roumanie-chez-elle\\\/voler-de-toute-beaute-id384400.html#primaryimage\",\"url\":\"https:\\\/\\\/www.rri.ro\\\/wp-content\\\/uploads\\\/2023\\\/10\\\/Stefan-Adam-Parapanta-Nepal.png\",\"contentUrl\":\"https:\\\/\\\/www.rri.ro\\\/wp-content\\\/uploads\\\/2023\\\/10\\\/Stefan-Adam-Parapanta-Nepal.png\",\"width\":640,\"height\":480},{\"@type\":\"BreadcrumbList\",\"@id\":\"https:\\\/\\\/www.rri.ro\\\/fr\\\/chroniques-hebdomadaires\\\/la-roumanie-chez-elle\\\/voler-de-toute-beaute-id384400.html#breadcrumb\",\"itemListElement\":[{\"@type\":\"ListItem\",\"position\":1,\"name\":\"Page d'accueil\",\"item\":\"https:\\\/\\\/www.rri.ro\\\/fr\"},{\"@type\":\"ListItem\",\"position\":2,\"name\":\"Chroniques hebdomadaires\",\"item\":\"https:\\\/\\\/www.rri.ro\\\/fr\\\/chroniques-hebdomadaires\"},{\"@type\":\"ListItem\",\"position\":3,\"name\":\"La Roumanie chez elle\",\"item\":\"https:\\\/\\\/www.rri.ro\\\/fr\\\/chroniques-hebdomadaires\\\/la-roumanie-chez-elle\"},{\"@type\":\"ListItem\",\"position\":4,\"name\":\"Voler de toute beaut\u00e9\"}]},{\"@type\":\"WebSite\",\"@id\":\"https:\\\/\\\/www.rri.ro\\\/#website\",\"url\":\"https:\\\/\\\/www.rri.ro\\\/\",\"name\":\"Radio Roumanie Internationale\",\"description\":\"Totul despre Rom\u00e2nia \u015fi rom\u00e2ni, \u00een 13 limbi\\\/dialecte!\",\"inLanguage\":\"fr-FR\"},{\"@type\":\"Person\",\"@id\":\"https:\\\/\\\/www.rri.ro\\\/#\\\/schema\\\/person\\\/70ee98042ca8b95ae29876ed4848670e\",\"name\":\"Ana-Maria Cononovici\",\"url\":\"https:\\\/\\\/www.rri.ro\\\/fr\\\/author\\\/ana-maria-cononovici\"}]}<\/script>\n<!-- \/ Yoast SEO plugin. -->","yoast_head_json":{"title":"Voler de toute beaut\u00e9 - Radio Roumanie Internationale","robots":{"index":"index","follow":"follow","max-snippet":"max-snippet:-1","max-image-preview":"max-image-preview:large","max-video-preview":"max-video-preview:-1"},"canonical":"https:\/\/www.rri.ro\/fr\/chroniques-hebdomadaires\/la-roumanie-chez-elle\/voler-de-toute-beaute-id384400.html","og_locale":"fr_FR","og_type":"article","og_title":"Voler de toute beaut\u00e9 - Radio Roumanie Internationale","og_description":"Bien que figurant parmi les sports extr\u00eames, le vol en parapente ne n\u00e9cessite pas une condition physique sp\u00e9ciale. On doit seulement pouvoir courir quelques pas au d\u00e9collage et quelques autres \u00e0 l\u2019atterrissage. Il n\u2019y a pas, non plus, de limite d\u2019\u00e2ge pour le pratiquer, mais uniquement une limite de poids : on doit peser entre [&hellip;]","og_url":"https:\/\/www.rri.ro\/fr\/chroniques-hebdomadaires\/la-roumanie-chez-elle\/voler-de-toute-beaute-id384400.html","og_site_name":"Radio Roumanie Internationale","article_published_time":"2015-03-22T11:10:00+00:00","og_image":[{"width":640,"height":480,"url":"https:\/\/www.rri.ro\/wp-content\/uploads\/2023\/10\/Stefan-Adam-Parapanta-Nepal.png","type":"image\/png"}],"author":"Ana-Maria Cononovici","twitter_card":"summary_large_image","twitter_misc":{"\u00c9crit par":"Ana-Maria Cononovici","Dur\u00e9e de lecture estim\u00e9e":"5 minutes","Written by":"Ana-Maria Cononovici"},"schema":{"@context":"https:\/\/schema.org","@graph":[{"@type":"Article","@id":"https:\/\/www.rri.ro\/fr\/chroniques-hebdomadaires\/la-roumanie-chez-elle\/voler-de-toute-beaute-id384400.html#article","isPartOf":{"@id":"https:\/\/www.rri.ro\/fr\/chroniques-hebdomadaires\/la-roumanie-chez-elle\/voler-de-toute-beaute-id384400.html"},"author":{"name":"Ana-Maria Cononovici","@id":"https:\/\/www.rri.ro\/#\/schema\/person\/70ee98042ca8b95ae29876ed4848670e"},"headline":"Voler de toute beaut\u00e9","datePublished":"2015-03-22T11:10:00+00:00","mainEntityOfPage":{"@id":"https:\/\/www.rri.ro\/fr\/chroniques-hebdomadaires\/la-roumanie-chez-elle\/voler-de-toute-beaute-id384400.html"},"wordCount":991,"image":{"@id":"https:\/\/www.rri.ro\/fr\/chroniques-hebdomadaires\/la-roumanie-chez-elle\/voler-de-toute-beaute-id384400.html#primaryimage"},"thumbnailUrl":"https:\/\/www.rri.ro\/wp-content\/uploads\/2023\/10\/Stefan-Adam-Parapanta-Nepal.png","keywords":["parapente","Voler"],"articleSection":["La Roumanie chez elle"],"inLanguage":"fr-FR"},{"@type":"WebPage","@id":"https:\/\/www.rri.ro\/fr\/chroniques-hebdomadaires\/la-roumanie-chez-elle\/voler-de-toute-beaute-id384400.html","url":"https:\/\/www.rri.ro\/fr\/chroniques-hebdomadaires\/la-roumanie-chez-elle\/voler-de-toute-beaute-id384400.html","name":"Voler de toute beaut\u00e9 - Radio Roumanie Internationale","isPartOf":{"@id":"https:\/\/www.rri.ro\/#website"},"primaryImageOfPage":{"@id":"https:\/\/www.rri.ro\/fr\/chroniques-hebdomadaires\/la-roumanie-chez-elle\/voler-de-toute-beaute-id384400.html#primaryimage"},"image":{"@id":"https:\/\/www.rri.ro\/fr\/chroniques-hebdomadaires\/la-roumanie-chez-elle\/voler-de-toute-beaute-id384400.html#primaryimage"},"thumbnailUrl":"https:\/\/www.rri.ro\/wp-content\/uploads\/2023\/10\/Stefan-Adam-Parapanta-Nepal.png","datePublished":"2015-03-22T11:10:00+00:00","author":{"@id":"https:\/\/www.rri.ro\/#\/schema\/person\/70ee98042ca8b95ae29876ed4848670e"},"breadcrumb":{"@id":"https:\/\/www.rri.ro\/fr\/chroniques-hebdomadaires\/la-roumanie-chez-elle\/voler-de-toute-beaute-id384400.html#breadcrumb"},"inLanguage":"fr-FR","potentialAction":[{"@type":"ReadAction","target":["https:\/\/www.rri.ro\/fr\/chroniques-hebdomadaires\/la-roumanie-chez-elle\/voler-de-toute-beaute-id384400.html"]}]},{"@type":"ImageObject","inLanguage":"fr-FR","@id":"https:\/\/www.rri.ro\/fr\/chroniques-hebdomadaires\/la-roumanie-chez-elle\/voler-de-toute-beaute-id384400.html#primaryimage","url":"https:\/\/www.rri.ro\/wp-content\/uploads\/2023\/10\/Stefan-Adam-Parapanta-Nepal.png","contentUrl":"https:\/\/www.rri.ro\/wp-content\/uploads\/2023\/10\/Stefan-Adam-Parapanta-Nepal.png","width":640,"height":480},{"@type":"BreadcrumbList","@id":"https:\/\/www.rri.ro\/fr\/chroniques-hebdomadaires\/la-roumanie-chez-elle\/voler-de-toute-beaute-id384400.html#breadcrumb","itemListElement":[{"@type":"ListItem","position":1,"name":"Page d'accueil","item":"https:\/\/www.rri.ro\/fr"},{"@type":"ListItem","position":2,"name":"Chroniques hebdomadaires","item":"https:\/\/www.rri.ro\/fr\/chroniques-hebdomadaires"},{"@type":"ListItem","position":3,"name":"La Roumanie chez elle","item":"https:\/\/www.rri.ro\/fr\/chroniques-hebdomadaires\/la-roumanie-chez-elle"},{"@type":"ListItem","position":4,"name":"Voler de toute beaut\u00e9"}]},{"@type":"WebSite","@id":"https:\/\/www.rri.ro\/#website","url":"https:\/\/www.rri.ro\/","name":"Radio Roumanie Internationale","description":"Totul despre Rom\u00e2nia \u015fi rom\u00e2ni, \u00een 13 limbi\/dialecte!","inLanguage":"fr-FR"},{"@type":"Person","@id":"https:\/\/www.rri.ro\/#\/schema\/person\/70ee98042ca8b95ae29876ed4848670e","name":"Ana-Maria Cononovici","url":"https:\/\/www.rri.ro\/fr\/author\/ana-maria-cononovici"}]}},"_links":{"self":[{"href":"https:\/\/www.rri.ro\/fr\/wp-json\/wp\/v2\/posts\/384400","targetHints":{"allow":["GET"]}}],"collection":[{"href":"https:\/\/www.rri.ro\/fr\/wp-json\/wp\/v2\/posts"}],"about":[{"href":"https:\/\/www.rri.ro\/fr\/wp-json\/wp\/v2\/types\/post"}],"author":[{"embeddable":true,"href":"https:\/\/www.rri.ro\/fr\/wp-json\/wp\/v2\/users\/126"}],"replies":[{"embeddable":true,"href":"https:\/\/www.rri.ro\/fr\/wp-json\/wp\/v2\/comments?post=384400"}],"version-history":[{"count":0,"href":"https:\/\/www.rri.ro\/fr\/wp-json\/wp\/v2\/posts\/384400\/revisions"}],"wp:featuredmedia":[{"embeddable":true,"href":"https:\/\/www.rri.ro\/fr\/wp-json\/wp\/v2\/media\/134713"}],"wp:attachment":[{"href":"https:\/\/www.rri.ro\/fr\/wp-json\/wp\/v2\/media?parent=384400"}],"wp:term":[{"taxonomy":"category","embeddable":true,"href":"https:\/\/www.rri.ro\/fr\/wp-json\/wp\/v2\/categories?post=384400"},{"taxonomy":"post_tag","embeddable":true,"href":"https:\/\/www.rri.ro\/fr\/wp-json\/wp\/v2\/tags?post=384400"},{"taxonomy":"author","embeddable":true,"href":"https:\/\/www.rri.ro\/fr\/wp-json\/wp\/v2\/coauthors?post=384400"}],"curies":[{"name":"wp","href":"https:\/\/api.w.org\/{rel}","templated":true}]}}