{"id":384871,"date":"2020-02-18T15:21:00","date_gmt":"2020-02-18T13:21:00","guid":{"rendered":"http:\/\/devrri.freshlemon.ro\/le-roumain-mot-a-mot\/consulter-les-lecons\/la-nuit-des-idees-porte-conseil-id384871.html"},"modified":"2020-02-18T15:21:00","modified_gmt":"2020-02-18T13:21:00","slug":"la-nuit-des-idees-porte-conseil","status":"publish","type":"post","link":"https:\/\/www.rri.ro\/fr\/chroniques-hebdomadaires\/la-roumanie-chez-elle\/la-nuit-des-idees-porte-conseil-id384871.html","title":{"rendered":"La Nuit des id\u00e9es &#8230; porte conseil !"},"content":{"rendered":"<\/p>\n<p>Les quatre antennes de l&rsquo;Institut fran\u00e7ais de Roumanie &#8211; Bucarest, Cluj-Napoca, Ia\u015fi et Timi\u015foara &#8211; ont propos\u00e9 des affiches g\u00e9n\u00e9reuses, contenant d\u00e9bats, expositions, ateliers cr\u00e9atifs. S&rsquo;y est jointe l&rsquo;Alliance fran\u00e7aise de la ville de Ploie\u015fti, avec \u00e9galement plusieurs d\u00e9bats et ateliers interactifs. Cette ann\u00e9e, la Nuit des id\u00e9es a eu pour th\u00e8me <em>\u00ab l&rsquo;\u00eatre vivant \u00bb<\/em>, une ambigu\u00eft\u00e9 voulue entre le verbe et le nom, puisque l&rsquo;\u00e9v\u00e9nement est avant tout une invitation \u00e0 la r\u00e9flexion, loin des traditionnelles rencontres avec des experts d\u00e9tenteurs de la v\u00e9rit\u00e9 qu&rsquo;ils r\u00e9v\u00e8lent aux autres mortels. <\/p>\n<p><\/p>\n<p>Quelle est notre place dans le monde vivant ? Comment le fait d&rsquo;\u00eatre vivant nous oblige-t-il \u00e0 passer \u00e0 l&rsquo;action ? Comment l&rsquo;acte cr\u00e9ateur peut-il sauvegarder l&rsquo;environnement? Cristian Neagoe, responsable des relations publiques \u00e0 Greenpeace Roumanie, explique: <em>\u00ab La nature et la culture vont main dans la main ; sans la nature, il n&rsquo;y aurait pas de culture et r\u00e9ciproquement. La mani\u00e8re dont nous r\u00e9ussissons \u00e0 comprendre ce qui se passe \u00e0 pr\u00e9sent est, je crois, vitale pour ce se passera plus tard. \u00bbOn dit qu&rsquo;\u00e0 l&rsquo;int\u00e9rieur de chaque \u00eatre humain se cache un artiste. Suzana Dan, manager culturel de la R\u00e9sidence BRD Scena9, a reformul\u00e9 cette phrase, disant que: \u00ab Aujourd&rsquo;hui, il faudrait que chaque \u00eatre humain soit un activiste. A mon avis, que l&rsquo;on soit artiste ou acteur dans un autre domaine d&rsquo;activit\u00e9, il est tr\u00e8s important d&rsquo;avoir le courage d&rsquo;assumer une r\u00e9action, ce qui est en fait une forme d&rsquo;activisme par rapport \u00e0 nos probl\u00e8mes, qui sont communs. Les artistes ont effectivement un fort atout, celui d&rsquo;\u00eatre pr\u00e9sents et visibles. L&rsquo;image a une grande richesse et une force de communication qui transmettra un message tr\u00e8s fort. J&rsquo;aimerais que nous soyons aussi r\u00e9actifs que possible.\u00bb<\/em><\/p>\n<p><\/p>\n<p>Mihai Stoica, directeur ex\u00e9cutif de l&rsquo;Association 2Celsius, a \u00e9largi l&rsquo;activisme \u00e0 d&rsquo;autres acteurs du quotidien: <em>\u00ab J&rsquo;ai un ami photographe qui est en m\u00eame temps doctorant en biologie, \u00e0 l&rsquo;Universit\u00e9 de Hambourg, o\u00f9 il \u00e9tudie les algovirus et la transmission des virus de diff\u00e9rents organismes h\u00f4tes \u00e0 l&rsquo;homme. Il disait, r\u00e9cemment, que le changement climatique a commenc\u00e9 \u00e0 modifier l&rsquo;aire de diss\u00e9mination des virus. Et il a choisi de documenter sa recherche en exposant des photos. Est-il un scientifique ou un photographe? A-t-il une responsabilit\u00e9 de communiquer ? Ses photos sont g\u00e9n\u00e9ralement tr\u00e8s po\u00e9tiques, sans aucun rapport avec le fait qu&rsquo;il est un homme de science. Mais il a assum\u00e9 aussi ce r\u00f4le, de nous dire quelque chose aussi sur les virus, et de le dire d&rsquo;une mani\u00e8re qui fasse r\u00e9fl\u00e9chir au changement climatique. \u00bb<\/em><\/p>\n<p><\/p>\n<p>Cristian Neagoe, responsable des relations publiques de Greenpeace Roumanie, a ajout\u00e9: <em>\u00ab A mon sens, le grand probl\u00e8me de l&rsquo;humanit\u00e9 est le fait qu&rsquo;elle ne s&rsquo;est jamais consid\u00e9r\u00e9e comme une partie de la nature, qu&rsquo;aux yeux de tous nos anc\u00eatres, jusqu&rsquo;il y a cent ans, la nature devait \u00eatre conquise, soumise, exploit\u00e9e. Toutes les religions, toutes les croyances nous disent que la nature nous est donn\u00e9e par Quelqu&rsquo;un, pour l&rsquo;utiliser \u00e0 nous d\u00e9velopper et nous multiplier. Platon et Aristote la voyaient immuable, impossible \u00e0 d\u00e9truire et infinie. Eh bien, nous sommes arriv\u00e9s au point o\u00f9 nous constatons qu&rsquo;elle tr\u00e8s fragile et que nous autres humains, nous nous sommes multipli\u00e9s beaucoup plus qu&rsquo;il ne le fallait. Nous sommes devenus une soci\u00e9t\u00e9 de la consommation excessive. Aux yeux de Greenpeace, les plus grands probl\u00e8mes sont la nature et la paix. Nous essayons de les prot\u00e9ger, nous essayons de convaincre aussi d&rsquo;autres de se joindre \u00e0 nous. \u00bb<\/em><\/p>\n<p><\/p>\n<p>Pr\u00e9sente dans 55 pays, Greenpeace se bat en Roumanie pour la protection des for\u00eats, le poumon vert de l&rsquo;Europe, puisque nous d\u00e9tenons deux tiers des for\u00eats s\u00e9culaires du continent tandis que le bois est coup\u00e9 \u00e0 un rythme effr\u00e9n\u00e9, a rappel\u00e9 Cristian Neagoe. <em>\u00ab L&rsquo;art r\u00e9ussit \u00e0 rendre accessibles des choses apparemment tr\u00e8s \u00e9loign\u00e9es de nous. Il est donc diff\u00e9rent de l&rsquo;activisme, qui est plus acharn\u00e9 ; l&rsquo;art nous conquiert en douceur. C&rsquo;est d&rsquo;ailleurs pour \u00e7a que l&rsquo;art et l&rsquo;activisme, ensemble, pourraient faire des miracles en mati\u00e8re de protection de l&rsquo;environnement. \u00bb<\/em><\/p>\n<p><\/p>\n<p>La Nuit des id\u00e9es ne produit pas que des d\u00e9bats, l&rsquo;\u00e9change d&rsquo;id\u00e9es peut prendre d&rsquo;autres formes aussi &#8211; danse, photographie, bande dessin\u00e9e, peinture, caricatures, installations artistiques. Cette ann\u00e9e, la responsabilit\u00e9 \u00e9cologique a occup\u00e9 le devant de la sc\u00e8ne : la BD en tant que manifeste, des projets innovants dans la protection de l&rsquo;environnement et l&rsquo;utilisation efficace des ressources, l&rsquo;implication des jeunes dans la protection de l&rsquo;environnement, l&rsquo;engagement citoyen \u00e0 l&rsquo;\u00e9poque des urgences climatiques. (Trad. : Ileana \u0162\u0103roi)<\/p>\n<p><\/p>\n","protected":false},"excerpt":{"rendered":"<p>Les quatre antennes de l&rsquo;Institut fran\u00e7ais de Roumanie &#8211; Bucarest, Cluj-Napoca, Ia\u015fi et Timi\u015foara &#8211; ont propos\u00e9 des affiches g\u00e9n\u00e9reuses, contenant d\u00e9bats, expositions, ateliers cr\u00e9atifs. S&rsquo;y est jointe l&rsquo;Alliance fran\u00e7aise de la ville de Ploie\u015fti, avec \u00e9galement plusieurs d\u00e9bats et ateliers interactifs. Cette ann\u00e9e, la Nuit des id\u00e9es a eu pour th\u00e8me \u00ab l&rsquo;\u00eatre vivant [&hellip;]<\/p>\n","protected":false},"author":126,"featured_media":136079,"comment_status":"closed","ping_status":"closed","sticky":false,"template":"","format":"standard","meta":{"_acf_changed":false,"footnotes":""},"categories":[85306],"tags":[85590,86569,86568],"coauthors":[],"class_list":["post-384871","post","type-post","status-publish","format-standard","has-post-thumbnail","hentry","category-la-roumanie-chez-elle","tag-idees","tag-institut-francais","tag-nuit-des-idees"],"acf":[],"yoast_head":"<!-- This site is optimized with the Yoast SEO plugin v27.5 - https:\/\/yoast.com\/product\/yoast-seo-wordpress\/ -->\n<title>La Nuit des id\u00e9es ... porte conseil ! - Radio Roumanie Internationale<\/title>\n<meta name=\"robots\" content=\"index, follow, max-snippet:-1, max-image-preview:large, max-video-preview:-1\" \/>\n<link rel=\"canonical\" href=\"https:\/\/www.rri.ro\/fr\/chroniques-hebdomadaires\/la-roumanie-chez-elle\/la-nuit-des-idees-porte-conseil-id384871.html\" \/>\n<meta property=\"og:locale\" content=\"fr_FR\" \/>\n<meta property=\"og:type\" content=\"article\" \/>\n<meta property=\"og:title\" content=\"La Nuit des id\u00e9es ... porte conseil ! - Radio Roumanie Internationale\" \/>\n<meta property=\"og:description\" content=\"Les quatre antennes de l&rsquo;Institut fran\u00e7ais de Roumanie &#8211; Bucarest, Cluj-Napoca, Ia\u015fi et Timi\u015foara &#8211; ont propos\u00e9 des affiches g\u00e9n\u00e9reuses, contenant d\u00e9bats, expositions, ateliers cr\u00e9atifs. S&rsquo;y est jointe l&rsquo;Alliance fran\u00e7aise de la ville de Ploie\u015fti, avec \u00e9galement plusieurs d\u00e9bats et ateliers interactifs. Cette ann\u00e9e, la Nuit des id\u00e9es a eu pour th\u00e8me \u00ab l&rsquo;\u00eatre vivant [&hellip;]\" \/>\n<meta property=\"og:url\" content=\"https:\/\/www.rri.ro\/fr\/chroniques-hebdomadaires\/la-roumanie-chez-elle\/la-nuit-des-idees-porte-conseil-id384871.html\" \/>\n<meta property=\"og:site_name\" content=\"Radio Roumanie Internationale\" \/>\n<meta property=\"article:published_time\" content=\"2020-02-18T13:21:00+00:00\" \/>\n<meta property=\"og:image\" content=\"https:\/\/www.rri.ro\/wp-content\/uploads\/2023\/10\/noaptea-ideilor-foto-facebook-kyralina-ro.png\" \/>\n\t<meta property=\"og:image:width\" content=\"640\" \/>\n\t<meta property=\"og:image:height\" content=\"401\" \/>\n\t<meta property=\"og:image:type\" content=\"image\/png\" \/>\n<meta name=\"author\" content=\"Ana-Maria Cononovici\" \/>\n<meta name=\"twitter:card\" content=\"summary_large_image\" \/>\n<meta name=\"twitter:label1\" content=\"\u00c9crit par\" \/>\n\t<meta name=\"twitter:data1\" content=\"Ana-Maria Cononovici\" \/>\n\t<meta name=\"twitter:label2\" content=\"Dur\u00e9e de lecture estim\u00e9e\" \/>\n\t<meta name=\"twitter:data2\" content=\"4 minutes\" \/>\n\t<meta name=\"twitter:label3\" content=\"Written by\" \/>\n\t<meta name=\"twitter:data3\" content=\"Ana-Maria Cononovici\" \/>\n<script type=\"application\/ld+json\" class=\"yoast-schema-graph\">{\"@context\":\"https:\\\/\\\/schema.org\",\"@graph\":[{\"@type\":\"Article\",\"@id\":\"https:\\\/\\\/www.rri.ro\\\/fr\\\/chroniques-hebdomadaires\\\/la-roumanie-chez-elle\\\/la-nuit-des-idees-porte-conseil-id384871.html#article\",\"isPartOf\":{\"@id\":\"https:\\\/\\\/www.rri.ro\\\/fr\\\/chroniques-hebdomadaires\\\/la-roumanie-chez-elle\\\/la-nuit-des-idees-porte-conseil-id384871.html\"},\"author\":{\"name\":\"Ana-Maria Cononovici\",\"@id\":\"https:\\\/\\\/www.rri.ro\\\/#\\\/schema\\\/person\\\/70ee98042ca8b95ae29876ed4848670e\"},\"headline\":\"La Nuit des id\u00e9es &#8230; porte conseil !\",\"datePublished\":\"2020-02-18T13:21:00+00:00\",\"mainEntityOfPage\":{\"@id\":\"https:\\\/\\\/www.rri.ro\\\/fr\\\/chroniques-hebdomadaires\\\/la-roumanie-chez-elle\\\/la-nuit-des-idees-porte-conseil-id384871.html\"},\"wordCount\":855,\"image\":{\"@id\":\"https:\\\/\\\/www.rri.ro\\\/fr\\\/chroniques-hebdomadaires\\\/la-roumanie-chez-elle\\\/la-nuit-des-idees-porte-conseil-id384871.html#primaryimage\"},\"thumbnailUrl\":\"https:\\\/\\\/www.rri.ro\\\/wp-content\\\/uploads\\\/2023\\\/10\\\/noaptea-ideilor-foto-facebook-kyralina-ro.png\",\"keywords\":[\"id\u00e9es\",\"institut fran\u00e7ais\",\"nuit des id\u00e9es\"],\"articleSection\":[\"La Roumanie chez elle\"],\"inLanguage\":\"fr-FR\"},{\"@type\":\"WebPage\",\"@id\":\"https:\\\/\\\/www.rri.ro\\\/fr\\\/chroniques-hebdomadaires\\\/la-roumanie-chez-elle\\\/la-nuit-des-idees-porte-conseil-id384871.html\",\"url\":\"https:\\\/\\\/www.rri.ro\\\/fr\\\/chroniques-hebdomadaires\\\/la-roumanie-chez-elle\\\/la-nuit-des-idees-porte-conseil-id384871.html\",\"name\":\"La Nuit des id\u00e9es ... porte conseil ! - Radio Roumanie Internationale\",\"isPartOf\":{\"@id\":\"https:\\\/\\\/www.rri.ro\\\/#website\"},\"primaryImageOfPage\":{\"@id\":\"https:\\\/\\\/www.rri.ro\\\/fr\\\/chroniques-hebdomadaires\\\/la-roumanie-chez-elle\\\/la-nuit-des-idees-porte-conseil-id384871.html#primaryimage\"},\"image\":{\"@id\":\"https:\\\/\\\/www.rri.ro\\\/fr\\\/chroniques-hebdomadaires\\\/la-roumanie-chez-elle\\\/la-nuit-des-idees-porte-conseil-id384871.html#primaryimage\"},\"thumbnailUrl\":\"https:\\\/\\\/www.rri.ro\\\/wp-content\\\/uploads\\\/2023\\\/10\\\/noaptea-ideilor-foto-facebook-kyralina-ro.png\",\"datePublished\":\"2020-02-18T13:21:00+00:00\",\"author\":{\"@id\":\"https:\\\/\\\/www.rri.ro\\\/#\\\/schema\\\/person\\\/70ee98042ca8b95ae29876ed4848670e\"},\"breadcrumb\":{\"@id\":\"https:\\\/\\\/www.rri.ro\\\/fr\\\/chroniques-hebdomadaires\\\/la-roumanie-chez-elle\\\/la-nuit-des-idees-porte-conseil-id384871.html#breadcrumb\"},\"inLanguage\":\"fr-FR\",\"potentialAction\":[{\"@type\":\"ReadAction\",\"target\":[\"https:\\\/\\\/www.rri.ro\\\/fr\\\/chroniques-hebdomadaires\\\/la-roumanie-chez-elle\\\/la-nuit-des-idees-porte-conseil-id384871.html\"]}]},{\"@type\":\"ImageObject\",\"inLanguage\":\"fr-FR\",\"@id\":\"https:\\\/\\\/www.rri.ro\\\/fr\\\/chroniques-hebdomadaires\\\/la-roumanie-chez-elle\\\/la-nuit-des-idees-porte-conseil-id384871.html#primaryimage\",\"url\":\"https:\\\/\\\/www.rri.ro\\\/wp-content\\\/uploads\\\/2023\\\/10\\\/noaptea-ideilor-foto-facebook-kyralina-ro.png\",\"contentUrl\":\"https:\\\/\\\/www.rri.ro\\\/wp-content\\\/uploads\\\/2023\\\/10\\\/noaptea-ideilor-foto-facebook-kyralina-ro.png\",\"width\":640,\"height\":401},{\"@type\":\"BreadcrumbList\",\"@id\":\"https:\\\/\\\/www.rri.ro\\\/fr\\\/chroniques-hebdomadaires\\\/la-roumanie-chez-elle\\\/la-nuit-des-idees-porte-conseil-id384871.html#breadcrumb\",\"itemListElement\":[{\"@type\":\"ListItem\",\"position\":1,\"name\":\"Page d'accueil\",\"item\":\"https:\\\/\\\/www.rri.ro\\\/fr\"},{\"@type\":\"ListItem\",\"position\":2,\"name\":\"Chroniques hebdomadaires\",\"item\":\"https:\\\/\\\/www.rri.ro\\\/fr\\\/chroniques-hebdomadaires\"},{\"@type\":\"ListItem\",\"position\":3,\"name\":\"La Roumanie chez elle\",\"item\":\"https:\\\/\\\/www.rri.ro\\\/fr\\\/chroniques-hebdomadaires\\\/la-roumanie-chez-elle\"},{\"@type\":\"ListItem\",\"position\":4,\"name\":\"La Nuit des id\u00e9es &#8230; porte conseil !\"}]},{\"@type\":\"WebSite\",\"@id\":\"https:\\\/\\\/www.rri.ro\\\/#website\",\"url\":\"https:\\\/\\\/www.rri.ro\\\/\",\"name\":\"Radio Roumanie Internationale\",\"description\":\"Totul despre Rom\u00e2nia \u015fi rom\u00e2ni, \u00een 13 limbi\\\/dialecte!\",\"inLanguage\":\"fr-FR\"},{\"@type\":\"Person\",\"@id\":\"https:\\\/\\\/www.rri.ro\\\/#\\\/schema\\\/person\\\/70ee98042ca8b95ae29876ed4848670e\",\"name\":\"Ana-Maria Cononovici\",\"url\":\"https:\\\/\\\/www.rri.ro\\\/fr\\\/author\\\/ana-maria-cononovici\"}]}<\/script>\n<!-- \/ Yoast SEO plugin. -->","yoast_head_json":{"title":"La Nuit des id\u00e9es ... porte conseil ! - Radio Roumanie Internationale","robots":{"index":"index","follow":"follow","max-snippet":"max-snippet:-1","max-image-preview":"max-image-preview:large","max-video-preview":"max-video-preview:-1"},"canonical":"https:\/\/www.rri.ro\/fr\/chroniques-hebdomadaires\/la-roumanie-chez-elle\/la-nuit-des-idees-porte-conseil-id384871.html","og_locale":"fr_FR","og_type":"article","og_title":"La Nuit des id\u00e9es ... porte conseil ! - Radio Roumanie Internationale","og_description":"Les quatre antennes de l&rsquo;Institut fran\u00e7ais de Roumanie &#8211; Bucarest, Cluj-Napoca, Ia\u015fi et Timi\u015foara &#8211; ont propos\u00e9 des affiches g\u00e9n\u00e9reuses, contenant d\u00e9bats, expositions, ateliers cr\u00e9atifs. S&rsquo;y est jointe l&rsquo;Alliance fran\u00e7aise de la ville de Ploie\u015fti, avec \u00e9galement plusieurs d\u00e9bats et ateliers interactifs. Cette ann\u00e9e, la Nuit des id\u00e9es a eu pour th\u00e8me \u00ab l&rsquo;\u00eatre vivant [&hellip;]","og_url":"https:\/\/www.rri.ro\/fr\/chroniques-hebdomadaires\/la-roumanie-chez-elle\/la-nuit-des-idees-porte-conseil-id384871.html","og_site_name":"Radio Roumanie Internationale","article_published_time":"2020-02-18T13:21:00+00:00","og_image":[{"width":640,"height":401,"url":"https:\/\/www.rri.ro\/wp-content\/uploads\/2023\/10\/noaptea-ideilor-foto-facebook-kyralina-ro.png","type":"image\/png"}],"author":"Ana-Maria Cononovici","twitter_card":"summary_large_image","twitter_misc":{"\u00c9crit par":"Ana-Maria Cononovici","Dur\u00e9e de lecture estim\u00e9e":"4 minutes","Written by":"Ana-Maria Cononovici"},"schema":{"@context":"https:\/\/schema.org","@graph":[{"@type":"Article","@id":"https:\/\/www.rri.ro\/fr\/chroniques-hebdomadaires\/la-roumanie-chez-elle\/la-nuit-des-idees-porte-conseil-id384871.html#article","isPartOf":{"@id":"https:\/\/www.rri.ro\/fr\/chroniques-hebdomadaires\/la-roumanie-chez-elle\/la-nuit-des-idees-porte-conseil-id384871.html"},"author":{"name":"Ana-Maria Cononovici","@id":"https:\/\/www.rri.ro\/#\/schema\/person\/70ee98042ca8b95ae29876ed4848670e"},"headline":"La Nuit des id\u00e9es &#8230; porte conseil !","datePublished":"2020-02-18T13:21:00+00:00","mainEntityOfPage":{"@id":"https:\/\/www.rri.ro\/fr\/chroniques-hebdomadaires\/la-roumanie-chez-elle\/la-nuit-des-idees-porte-conseil-id384871.html"},"wordCount":855,"image":{"@id":"https:\/\/www.rri.ro\/fr\/chroniques-hebdomadaires\/la-roumanie-chez-elle\/la-nuit-des-idees-porte-conseil-id384871.html#primaryimage"},"thumbnailUrl":"https:\/\/www.rri.ro\/wp-content\/uploads\/2023\/10\/noaptea-ideilor-foto-facebook-kyralina-ro.png","keywords":["id\u00e9es","institut fran\u00e7ais","nuit des id\u00e9es"],"articleSection":["La Roumanie chez elle"],"inLanguage":"fr-FR"},{"@type":"WebPage","@id":"https:\/\/www.rri.ro\/fr\/chroniques-hebdomadaires\/la-roumanie-chez-elle\/la-nuit-des-idees-porte-conseil-id384871.html","url":"https:\/\/www.rri.ro\/fr\/chroniques-hebdomadaires\/la-roumanie-chez-elle\/la-nuit-des-idees-porte-conseil-id384871.html","name":"La Nuit des id\u00e9es ... porte conseil ! - Radio Roumanie Internationale","isPartOf":{"@id":"https:\/\/www.rri.ro\/#website"},"primaryImageOfPage":{"@id":"https:\/\/www.rri.ro\/fr\/chroniques-hebdomadaires\/la-roumanie-chez-elle\/la-nuit-des-idees-porte-conseil-id384871.html#primaryimage"},"image":{"@id":"https:\/\/www.rri.ro\/fr\/chroniques-hebdomadaires\/la-roumanie-chez-elle\/la-nuit-des-idees-porte-conseil-id384871.html#primaryimage"},"thumbnailUrl":"https:\/\/www.rri.ro\/wp-content\/uploads\/2023\/10\/noaptea-ideilor-foto-facebook-kyralina-ro.png","datePublished":"2020-02-18T13:21:00+00:00","author":{"@id":"https:\/\/www.rri.ro\/#\/schema\/person\/70ee98042ca8b95ae29876ed4848670e"},"breadcrumb":{"@id":"https:\/\/www.rri.ro\/fr\/chroniques-hebdomadaires\/la-roumanie-chez-elle\/la-nuit-des-idees-porte-conseil-id384871.html#breadcrumb"},"inLanguage":"fr-FR","potentialAction":[{"@type":"ReadAction","target":["https:\/\/www.rri.ro\/fr\/chroniques-hebdomadaires\/la-roumanie-chez-elle\/la-nuit-des-idees-porte-conseil-id384871.html"]}]},{"@type":"ImageObject","inLanguage":"fr-FR","@id":"https:\/\/www.rri.ro\/fr\/chroniques-hebdomadaires\/la-roumanie-chez-elle\/la-nuit-des-idees-porte-conseil-id384871.html#primaryimage","url":"https:\/\/www.rri.ro\/wp-content\/uploads\/2023\/10\/noaptea-ideilor-foto-facebook-kyralina-ro.png","contentUrl":"https:\/\/www.rri.ro\/wp-content\/uploads\/2023\/10\/noaptea-ideilor-foto-facebook-kyralina-ro.png","width":640,"height":401},{"@type":"BreadcrumbList","@id":"https:\/\/www.rri.ro\/fr\/chroniques-hebdomadaires\/la-roumanie-chez-elle\/la-nuit-des-idees-porte-conseil-id384871.html#breadcrumb","itemListElement":[{"@type":"ListItem","position":1,"name":"Page d'accueil","item":"https:\/\/www.rri.ro\/fr"},{"@type":"ListItem","position":2,"name":"Chroniques hebdomadaires","item":"https:\/\/www.rri.ro\/fr\/chroniques-hebdomadaires"},{"@type":"ListItem","position":3,"name":"La Roumanie chez elle","item":"https:\/\/www.rri.ro\/fr\/chroniques-hebdomadaires\/la-roumanie-chez-elle"},{"@type":"ListItem","position":4,"name":"La Nuit des id\u00e9es &#8230; porte conseil !"}]},{"@type":"WebSite","@id":"https:\/\/www.rri.ro\/#website","url":"https:\/\/www.rri.ro\/","name":"Radio Roumanie Internationale","description":"Totul despre Rom\u00e2nia \u015fi rom\u00e2ni, \u00een 13 limbi\/dialecte!","inLanguage":"fr-FR"},{"@type":"Person","@id":"https:\/\/www.rri.ro\/#\/schema\/person\/70ee98042ca8b95ae29876ed4848670e","name":"Ana-Maria Cononovici","url":"https:\/\/www.rri.ro\/fr\/author\/ana-maria-cononovici"}]}},"_links":{"self":[{"href":"https:\/\/www.rri.ro\/fr\/wp-json\/wp\/v2\/posts\/384871","targetHints":{"allow":["GET"]}}],"collection":[{"href":"https:\/\/www.rri.ro\/fr\/wp-json\/wp\/v2\/posts"}],"about":[{"href":"https:\/\/www.rri.ro\/fr\/wp-json\/wp\/v2\/types\/post"}],"author":[{"embeddable":true,"href":"https:\/\/www.rri.ro\/fr\/wp-json\/wp\/v2\/users\/126"}],"replies":[{"embeddable":true,"href":"https:\/\/www.rri.ro\/fr\/wp-json\/wp\/v2\/comments?post=384871"}],"version-history":[{"count":0,"href":"https:\/\/www.rri.ro\/fr\/wp-json\/wp\/v2\/posts\/384871\/revisions"}],"wp:featuredmedia":[{"embeddable":true,"href":"https:\/\/www.rri.ro\/fr\/wp-json\/wp\/v2\/media\/136079"}],"wp:attachment":[{"href":"https:\/\/www.rri.ro\/fr\/wp-json\/wp\/v2\/media?parent=384871"}],"wp:term":[{"taxonomy":"category","embeddable":true,"href":"https:\/\/www.rri.ro\/fr\/wp-json\/wp\/v2\/categories?post=384871"},{"taxonomy":"post_tag","embeddable":true,"href":"https:\/\/www.rri.ro\/fr\/wp-json\/wp\/v2\/tags?post=384871"},{"taxonomy":"author","embeddable":true,"href":"https:\/\/www.rri.ro\/fr\/wp-json\/wp\/v2\/coauthors?post=384871"}],"curies":[{"name":"wp","href":"https:\/\/api.w.org\/{rel}","templated":true}]}}