{"id":384910,"date":"2020-11-03T07:14:00","date_gmt":"2020-11-03T05:14:00","guid":{"rendered":"http:\/\/devrri.freshlemon.ro\/le-roumain-mot-a-mot\/consulter-les-lecons\/le-musee-de-lambre-et-non-seulement-id384910.html"},"modified":"2020-11-03T07:14:00","modified_gmt":"2020-11-03T05:14:00","slug":"le-musee-de-lambre-et-non-seulement","status":"publish","type":"post","link":"https:\/\/www.rri.ro\/fr\/chroniques-hebdomadaires\/la-roumanie-chez-elle\/le-musee-de-lambre-et-non-seulement-id384910.html","title":{"rendered":"Le mus\u00e9e de l\u2019ambre \u2013 et non seulement"},"content":{"rendered":"<p>L&rsquo;ambre de Col\u0163i, que le g\u00e9ologue Oscar Helm a appel\u00e9 \u00ab rumanit \u00bb, est vieux de 40 \u00e0 60 millions d&rsquo;ann\u00e9es (alors que le fameux ambre de la Baltique est plus jeune de quelque 40.000 ans). L&rsquo;ambre noir est devenu un symbole de la Roumanie apr\u00e8s avoir \u00e9t\u00e9 pr\u00e9sent\u00e9 en 1867 \u00e0 la Grande Exposition Universelle de Paris &#8211; en m\u00eame temps que le c\u00e9l\u00e8bre tr\u00e9sor \u00ab La poule aux poussins d&rsquo;or \u00bb de Pietroasele. La Roumanie y remportait la m\u00e9daille d&rsquo;or. Ce type d&rsquo;ambre est \u00e0 retrouver \u00e9galement sur l&rsquo;\u00eele de Sakhaline, dans l&rsquo;Extr\u00eame-Orient russe. Les visiteurs du mus\u00e9e de Col\u0163i peuvent admirer de magnifiques morceaux d&rsquo;ambre, environ 300 au total, dont les nuances vont depuis le jaune translucide au noir opaque. <\/p>\n<p><\/p>\n<p>Le mus\u00e9e d\u00e9tient le deuxi\u00e8me plus grand morceau d&rsquo;ambre au monde, qui p\u00e8se pr\u00e8s de 2 kilos. (Le plus grand, pesant 3,45 kilos, est expos\u00e9 au Mus\u00e9e d\u00e9partemental de Buz\u0103u.) Au Mus\u00e9e de l&rsquo;ambre de Col\u0163i on peut \u00e9galement admirer des bijoux &#8211; bagues, boucles d&rsquo;oreille, pendentifs, colliers &#8211; ainsi que des outils utilis\u00e9s pour extraire et travailler l&rsquo;ambre (tours en bois, marteaux, lampes de mineur, pioches). S&rsquo;y ajoutent les collections de cristaux de roche et de pal\u00e9o-faune appartenant au patrimoine du Mus\u00e9e d\u00e9partemental de Buz\u0103u, ainsi que le f\u00e9mur d&rsquo;un mammouth ayant v\u00e9cu sur le territoire du d\u00e9partement de Buz\u0103u il y a 2 millions et demi d&rsquo;ann\u00e9es. Daniel Costache, manager du Mus\u00e9e d\u00e9partemental de Buz\u0103u, explique. <em class=cms-italic style=font-size: 1em;>Le Mus\u00e9e de l&rsquo;ambre de Col\u0163i est le seul de Roumanie \u00e0 accueillir une collection de \u00ab rumanit \u00bb. Pourtant, contrairement \u00e0 ce que l&rsquo;on pourrait croire, il n&rsquo;est pas uniquement un mus\u00e9e de l&rsquo;ambre et r\u00e9serve aux visiteurs de nombreuses surprises. Entre autres, une salle consacr\u00e9e \u00e0 la Grotte \u00ab Fundul Pe\u015fterii \u00bb, un monument d&rsquo;art pr\u00e9historique unique en Roumanie. Cette grotte garde les traces d&rsquo;une pr\u00e9sence humaine d\u00e8s l&rsquo;\u0202ge du bronze moyen. Une autre salle abrite la collection de pal\u00e9o-faune du Mus\u00e9e d\u00e9partemental de Buz\u0103u. Il s&rsquo;agit de mandibules et de f\u00e9murs de mammouths. Au premier \u00e9tage, il y a 3 salles dont la premi\u00e8re accueille une partie de la collection de cristaux de roche du Mus\u00e9e d\u00e9partemental de Buz\u0103u. Dans la salle situ\u00e9e au milieu est expos\u00e9e la collection d&rsquo;ambre. La troisi\u00e8me salle est un tr\u00e8s bel espace r\u00e9serv\u00e9 aux outils utilis\u00e9s pour extraire, transporter et travailler l&rsquo;ambre. <\/em> <\/p>\n<p><\/p>\n<p>Durant cette p\u00e9riode de pand\u00e9mie, le mus\u00e9e a pris des mesures de protection pour les visiteurs : distanciation physique, produits et tapis d\u00e9sinfectants, surchaussures jetables. Daniel Costache, manager du Mus\u00e9e d\u00e9partemental de Buz\u0103u pr\u00e9cise que les objets expos\u00e9s sont le r\u00e9sultat des recherches entreprises par le mus\u00e9e ou proviennent de donations.   J<em class=cms-italic>e dois dire que les visiteurs qui viennent \u00e0 Col\u0163i, au sommet de la montagne, y trouvent un mus\u00e9e moderne, bien ancr\u00e9 dans les r\u00e9alit\u00e9s du 21e si\u00e8cle et qui met en valeur son patrimoine d&rsquo;une mani\u00e8re unique. Pour la premi\u00e8re fois depuis sa cr\u00e9ation, le mus\u00e9e dispose d&rsquo;une boutique de souvenirs. \u00c7a vaut la peine de quitter la route nationale 10, qui relie Buz\u0103u \u00e0 Bra\u015fov, pour faire un d\u00e9tour de 6 km et visiter le Mus\u00e9e de Col\u0163i.Un mus\u00e9e pas comme les autres &#8211; <\/em>estime Daniel Costache. <em class=cms-italic>Le Mus\u00e9e de l&rsquo;ambre de Col\u0163i est unique &#8211; et cela pour plusieurs raisons. C&rsquo;est le seul mus\u00e9e de l&rsquo;ambre de Roumanie et nous avons mis en place des techniques tr\u00e8s moderne de pr\u00e9sentation des objets. Il s&rsquo;agit avant tout d&rsquo;une vitrine interactive tactile. Le visiteur peut d\u00e9placer les objets expos\u00e9s, les voir sous des angles diff\u00e9rents, les agrandir \u00e0 l&rsquo;aide d&rsquo;une cam\u00e9ra ultra HD 4 K. Derri\u00e8re, sur un \u00e9cran, sont projet\u00e9es des informations qui viennent compl\u00e9ter les \u00e9tiquettes classiques. Dans une des salles, nous avons reconstitu\u00e9 l&rsquo;int\u00e9rieur d&rsquo;une grotte. L\u00e0 aussi, nous utilisons des techniques modernes de pr\u00e9sentation. Retrouver tout cela dans un mus\u00e9e situ\u00e9 pratiquement au sommet de la montagne est une bien agr\u00e9able surprise<\/em>. <\/p>\n<p><\/p>\n<p> Une des pi\u00e8ces importantes de la collection du Mus\u00e9e de l&rsquo;Ambre de Col\u0163i est un ensemble de bijoux ayant appartenu \u00e0 Elena Ceau\u015fescu. Offerts \u00e0 l&rsquo;\u00e9pouse du dictateur Nicolae Ceau\u015fescu, ils ont \u00e9t\u00e9 r\u00e9cup\u00e9r\u00e9s et r\u00e9int\u00e9gr\u00e9s \u00e0 la collection. Les a-t-elle port\u00e9s ou non ? Les mus\u00e9ographes ne sauraient le dire. (Trad. : Dominique)<\/p>\n","protected":false},"excerpt":{"rendered":"<p>L&rsquo;ambre de Col\u0163i, que le g\u00e9ologue Oscar Helm a appel\u00e9 \u00ab rumanit \u00bb, est vieux de 40 \u00e0 60 millions d&rsquo;ann\u00e9es (alors que le fameux ambre de la Baltique est plus jeune de quelque 40.000 ans). L&rsquo;ambre noir est devenu un symbole de la Roumanie apr\u00e8s avoir \u00e9t\u00e9 pr\u00e9sent\u00e9 en 1867 \u00e0 la Grande Exposition [&hellip;]<\/p>\n","protected":false},"author":126,"featured_media":136378,"comment_status":"closed","ping_status":"closed","sticky":false,"template":"","format":"standard","meta":{"_acf_changed":false,"footnotes":""},"categories":[85306],"tags":[86615,86399,44441,85639,85549,47026],"coauthors":[],"class_list":["post-384910","post","type-post","status-publish","format-standard","has-post-thumbnail","hentry","category-la-roumanie-chez-elle","tag-ambre","tag-bijoux","tag-colti","tag-exposition","tag-musee","tag-pandemie"],"acf":[],"yoast_head":"<!-- This site is optimized with the Yoast SEO plugin v27.5 - https:\/\/yoast.com\/product\/yoast-seo-wordpress\/ -->\n<title>Le mus\u00e9e de l\u2019ambre \u2013 et non seulement - Radio Roumanie Internationale<\/title>\n<meta name=\"robots\" content=\"index, follow, max-snippet:-1, max-image-preview:large, max-video-preview:-1\" \/>\n<link rel=\"canonical\" href=\"https:\/\/www.rri.ro\/fr\/chroniques-hebdomadaires\/la-roumanie-chez-elle\/le-musee-de-lambre-et-non-seulement-id384910.html\" \/>\n<meta property=\"og:locale\" content=\"fr_FR\" \/>\n<meta property=\"og:type\" content=\"article\" \/>\n<meta property=\"og:title\" content=\"Le mus\u00e9e de l\u2019ambre \u2013 et non seulement - Radio Roumanie Internationale\" \/>\n<meta property=\"og:description\" content=\"L&rsquo;ambre de Col\u0163i, que le g\u00e9ologue Oscar Helm a appel\u00e9 \u00ab rumanit \u00bb, est vieux de 40 \u00e0 60 millions d&rsquo;ann\u00e9es (alors que le fameux ambre de la Baltique est plus jeune de quelque 40.000 ans). L&rsquo;ambre noir est devenu un symbole de la Roumanie apr\u00e8s avoir \u00e9t\u00e9 pr\u00e9sent\u00e9 en 1867 \u00e0 la Grande Exposition [&hellip;]\" \/>\n<meta property=\"og:url\" content=\"https:\/\/www.rri.ro\/fr\/chroniques-hebdomadaires\/la-roumanie-chez-elle\/le-musee-de-lambre-et-non-seulement-id384910.html\" \/>\n<meta property=\"og:site_name\" content=\"Radio Roumanie Internationale\" \/>\n<meta property=\"article:published_time\" content=\"2020-11-03T05:14:00+00:00\" \/>\n<meta property=\"og:image\" content=\"https:\/\/www.rri.ro\/wp-content\/uploads\/2023\/10\/muzeul-de-chihlinbvar-colti-foto-muzeufb.png\" \/>\n\t<meta property=\"og:image:width\" content=\"640\" \/>\n\t<meta property=\"og:image:height\" content=\"479\" \/>\n\t<meta property=\"og:image:type\" content=\"image\/png\" \/>\n<meta name=\"author\" content=\"Ana-Maria Cononovici\" \/>\n<meta name=\"twitter:card\" content=\"summary_large_image\" \/>\n<meta name=\"twitter:label1\" content=\"\u00c9crit par\" \/>\n\t<meta name=\"twitter:data1\" content=\"Ana-Maria Cononovici\" \/>\n\t<meta name=\"twitter:label2\" content=\"Dur\u00e9e de lecture estim\u00e9e\" \/>\n\t<meta name=\"twitter:data2\" content=\"4 minutes\" \/>\n\t<meta name=\"twitter:label3\" content=\"Written by\" \/>\n\t<meta name=\"twitter:data3\" content=\"Ana-Maria Cononovici\" \/>\n<script type=\"application\/ld+json\" class=\"yoast-schema-graph\">{\"@context\":\"https:\\\/\\\/schema.org\",\"@graph\":[{\"@type\":\"Article\",\"@id\":\"https:\\\/\\\/www.rri.ro\\\/fr\\\/chroniques-hebdomadaires\\\/la-roumanie-chez-elle\\\/le-musee-de-lambre-et-non-seulement-id384910.html#article\",\"isPartOf\":{\"@id\":\"https:\\\/\\\/www.rri.ro\\\/fr\\\/chroniques-hebdomadaires\\\/la-roumanie-chez-elle\\\/le-musee-de-lambre-et-non-seulement-id384910.html\"},\"author\":{\"name\":\"Ana-Maria Cononovici\",\"@id\":\"https:\\\/\\\/www.rri.ro\\\/#\\\/schema\\\/person\\\/70ee98042ca8b95ae29876ed4848670e\"},\"headline\":\"Le mus\u00e9e de l\u2019ambre \u2013 et non seulement\",\"datePublished\":\"2020-11-03T05:14:00+00:00\",\"mainEntityOfPage\":{\"@id\":\"https:\\\/\\\/www.rri.ro\\\/fr\\\/chroniques-hebdomadaires\\\/la-roumanie-chez-elle\\\/le-musee-de-lambre-et-non-seulement-id384910.html\"},\"wordCount\":833,\"image\":{\"@id\":\"https:\\\/\\\/www.rri.ro\\\/fr\\\/chroniques-hebdomadaires\\\/la-roumanie-chez-elle\\\/le-musee-de-lambre-et-non-seulement-id384910.html#primaryimage\"},\"thumbnailUrl\":\"https:\\\/\\\/www.rri.ro\\\/wp-content\\\/uploads\\\/2023\\\/10\\\/muzeul-de-chihlinbvar-colti-foto-muzeufb.png\",\"keywords\":[\"ambre\",\"bijoux\",\"Col\u021bi\",\"exposition\",\"mus\u00e9e\",\"pandemie\"],\"articleSection\":[\"La Roumanie chez elle\"],\"inLanguage\":\"fr-FR\"},{\"@type\":\"WebPage\",\"@id\":\"https:\\\/\\\/www.rri.ro\\\/fr\\\/chroniques-hebdomadaires\\\/la-roumanie-chez-elle\\\/le-musee-de-lambre-et-non-seulement-id384910.html\",\"url\":\"https:\\\/\\\/www.rri.ro\\\/fr\\\/chroniques-hebdomadaires\\\/la-roumanie-chez-elle\\\/le-musee-de-lambre-et-non-seulement-id384910.html\",\"name\":\"Le mus\u00e9e de l\u2019ambre \u2013 et non seulement - Radio Roumanie Internationale\",\"isPartOf\":{\"@id\":\"https:\\\/\\\/www.rri.ro\\\/#website\"},\"primaryImageOfPage\":{\"@id\":\"https:\\\/\\\/www.rri.ro\\\/fr\\\/chroniques-hebdomadaires\\\/la-roumanie-chez-elle\\\/le-musee-de-lambre-et-non-seulement-id384910.html#primaryimage\"},\"image\":{\"@id\":\"https:\\\/\\\/www.rri.ro\\\/fr\\\/chroniques-hebdomadaires\\\/la-roumanie-chez-elle\\\/le-musee-de-lambre-et-non-seulement-id384910.html#primaryimage\"},\"thumbnailUrl\":\"https:\\\/\\\/www.rri.ro\\\/wp-content\\\/uploads\\\/2023\\\/10\\\/muzeul-de-chihlinbvar-colti-foto-muzeufb.png\",\"datePublished\":\"2020-11-03T05:14:00+00:00\",\"author\":{\"@id\":\"https:\\\/\\\/www.rri.ro\\\/#\\\/schema\\\/person\\\/70ee98042ca8b95ae29876ed4848670e\"},\"breadcrumb\":{\"@id\":\"https:\\\/\\\/www.rri.ro\\\/fr\\\/chroniques-hebdomadaires\\\/la-roumanie-chez-elle\\\/le-musee-de-lambre-et-non-seulement-id384910.html#breadcrumb\"},\"inLanguage\":\"fr-FR\",\"potentialAction\":[{\"@type\":\"ReadAction\",\"target\":[\"https:\\\/\\\/www.rri.ro\\\/fr\\\/chroniques-hebdomadaires\\\/la-roumanie-chez-elle\\\/le-musee-de-lambre-et-non-seulement-id384910.html\"]}]},{\"@type\":\"ImageObject\",\"inLanguage\":\"fr-FR\",\"@id\":\"https:\\\/\\\/www.rri.ro\\\/fr\\\/chroniques-hebdomadaires\\\/la-roumanie-chez-elle\\\/le-musee-de-lambre-et-non-seulement-id384910.html#primaryimage\",\"url\":\"https:\\\/\\\/www.rri.ro\\\/wp-content\\\/uploads\\\/2023\\\/10\\\/muzeul-de-chihlinbvar-colti-foto-muzeufb.png\",\"contentUrl\":\"https:\\\/\\\/www.rri.ro\\\/wp-content\\\/uploads\\\/2023\\\/10\\\/muzeul-de-chihlinbvar-colti-foto-muzeufb.png\",\"width\":640,\"height\":479},{\"@type\":\"BreadcrumbList\",\"@id\":\"https:\\\/\\\/www.rri.ro\\\/fr\\\/chroniques-hebdomadaires\\\/la-roumanie-chez-elle\\\/le-musee-de-lambre-et-non-seulement-id384910.html#breadcrumb\",\"itemListElement\":[{\"@type\":\"ListItem\",\"position\":1,\"name\":\"Page d'accueil\",\"item\":\"https:\\\/\\\/www.rri.ro\\\/fr\"},{\"@type\":\"ListItem\",\"position\":2,\"name\":\"Chroniques hebdomadaires\",\"item\":\"https:\\\/\\\/www.rri.ro\\\/fr\\\/chroniques-hebdomadaires\"},{\"@type\":\"ListItem\",\"position\":3,\"name\":\"La Roumanie chez elle\",\"item\":\"https:\\\/\\\/www.rri.ro\\\/fr\\\/chroniques-hebdomadaires\\\/la-roumanie-chez-elle\"},{\"@type\":\"ListItem\",\"position\":4,\"name\":\"Le mus\u00e9e de l\u2019ambre \u2013 et non seulement\"}]},{\"@type\":\"WebSite\",\"@id\":\"https:\\\/\\\/www.rri.ro\\\/#website\",\"url\":\"https:\\\/\\\/www.rri.ro\\\/\",\"name\":\"Radio Roumanie Internationale\",\"description\":\"Totul despre Rom\u00e2nia \u015fi rom\u00e2ni, \u00een 13 limbi\\\/dialecte!\",\"inLanguage\":\"fr-FR\"},{\"@type\":\"Person\",\"@id\":\"https:\\\/\\\/www.rri.ro\\\/#\\\/schema\\\/person\\\/70ee98042ca8b95ae29876ed4848670e\",\"name\":\"Ana-Maria Cononovici\",\"url\":\"https:\\\/\\\/www.rri.ro\\\/fr\\\/author\\\/ana-maria-cononovici\"}]}<\/script>\n<!-- \/ Yoast SEO plugin. -->","yoast_head_json":{"title":"Le mus\u00e9e de l\u2019ambre \u2013 et non seulement - Radio Roumanie Internationale","robots":{"index":"index","follow":"follow","max-snippet":"max-snippet:-1","max-image-preview":"max-image-preview:large","max-video-preview":"max-video-preview:-1"},"canonical":"https:\/\/www.rri.ro\/fr\/chroniques-hebdomadaires\/la-roumanie-chez-elle\/le-musee-de-lambre-et-non-seulement-id384910.html","og_locale":"fr_FR","og_type":"article","og_title":"Le mus\u00e9e de l\u2019ambre \u2013 et non seulement - Radio Roumanie Internationale","og_description":"L&rsquo;ambre de Col\u0163i, que le g\u00e9ologue Oscar Helm a appel\u00e9 \u00ab rumanit \u00bb, est vieux de 40 \u00e0 60 millions d&rsquo;ann\u00e9es (alors que le fameux ambre de la Baltique est plus jeune de quelque 40.000 ans). L&rsquo;ambre noir est devenu un symbole de la Roumanie apr\u00e8s avoir \u00e9t\u00e9 pr\u00e9sent\u00e9 en 1867 \u00e0 la Grande Exposition [&hellip;]","og_url":"https:\/\/www.rri.ro\/fr\/chroniques-hebdomadaires\/la-roumanie-chez-elle\/le-musee-de-lambre-et-non-seulement-id384910.html","og_site_name":"Radio Roumanie Internationale","article_published_time":"2020-11-03T05:14:00+00:00","og_image":[{"width":640,"height":479,"url":"https:\/\/www.rri.ro\/wp-content\/uploads\/2023\/10\/muzeul-de-chihlinbvar-colti-foto-muzeufb.png","type":"image\/png"}],"author":"Ana-Maria Cononovici","twitter_card":"summary_large_image","twitter_misc":{"\u00c9crit par":"Ana-Maria Cononovici","Dur\u00e9e de lecture estim\u00e9e":"4 minutes","Written by":"Ana-Maria Cononovici"},"schema":{"@context":"https:\/\/schema.org","@graph":[{"@type":"Article","@id":"https:\/\/www.rri.ro\/fr\/chroniques-hebdomadaires\/la-roumanie-chez-elle\/le-musee-de-lambre-et-non-seulement-id384910.html#article","isPartOf":{"@id":"https:\/\/www.rri.ro\/fr\/chroniques-hebdomadaires\/la-roumanie-chez-elle\/le-musee-de-lambre-et-non-seulement-id384910.html"},"author":{"name":"Ana-Maria Cononovici","@id":"https:\/\/www.rri.ro\/#\/schema\/person\/70ee98042ca8b95ae29876ed4848670e"},"headline":"Le mus\u00e9e de l\u2019ambre \u2013 et non seulement","datePublished":"2020-11-03T05:14:00+00:00","mainEntityOfPage":{"@id":"https:\/\/www.rri.ro\/fr\/chroniques-hebdomadaires\/la-roumanie-chez-elle\/le-musee-de-lambre-et-non-seulement-id384910.html"},"wordCount":833,"image":{"@id":"https:\/\/www.rri.ro\/fr\/chroniques-hebdomadaires\/la-roumanie-chez-elle\/le-musee-de-lambre-et-non-seulement-id384910.html#primaryimage"},"thumbnailUrl":"https:\/\/www.rri.ro\/wp-content\/uploads\/2023\/10\/muzeul-de-chihlinbvar-colti-foto-muzeufb.png","keywords":["ambre","bijoux","Col\u021bi","exposition","mus\u00e9e","pandemie"],"articleSection":["La Roumanie chez elle"],"inLanguage":"fr-FR"},{"@type":"WebPage","@id":"https:\/\/www.rri.ro\/fr\/chroniques-hebdomadaires\/la-roumanie-chez-elle\/le-musee-de-lambre-et-non-seulement-id384910.html","url":"https:\/\/www.rri.ro\/fr\/chroniques-hebdomadaires\/la-roumanie-chez-elle\/le-musee-de-lambre-et-non-seulement-id384910.html","name":"Le mus\u00e9e de l\u2019ambre \u2013 et non seulement - Radio Roumanie Internationale","isPartOf":{"@id":"https:\/\/www.rri.ro\/#website"},"primaryImageOfPage":{"@id":"https:\/\/www.rri.ro\/fr\/chroniques-hebdomadaires\/la-roumanie-chez-elle\/le-musee-de-lambre-et-non-seulement-id384910.html#primaryimage"},"image":{"@id":"https:\/\/www.rri.ro\/fr\/chroniques-hebdomadaires\/la-roumanie-chez-elle\/le-musee-de-lambre-et-non-seulement-id384910.html#primaryimage"},"thumbnailUrl":"https:\/\/www.rri.ro\/wp-content\/uploads\/2023\/10\/muzeul-de-chihlinbvar-colti-foto-muzeufb.png","datePublished":"2020-11-03T05:14:00+00:00","author":{"@id":"https:\/\/www.rri.ro\/#\/schema\/person\/70ee98042ca8b95ae29876ed4848670e"},"breadcrumb":{"@id":"https:\/\/www.rri.ro\/fr\/chroniques-hebdomadaires\/la-roumanie-chez-elle\/le-musee-de-lambre-et-non-seulement-id384910.html#breadcrumb"},"inLanguage":"fr-FR","potentialAction":[{"@type":"ReadAction","target":["https:\/\/www.rri.ro\/fr\/chroniques-hebdomadaires\/la-roumanie-chez-elle\/le-musee-de-lambre-et-non-seulement-id384910.html"]}]},{"@type":"ImageObject","inLanguage":"fr-FR","@id":"https:\/\/www.rri.ro\/fr\/chroniques-hebdomadaires\/la-roumanie-chez-elle\/le-musee-de-lambre-et-non-seulement-id384910.html#primaryimage","url":"https:\/\/www.rri.ro\/wp-content\/uploads\/2023\/10\/muzeul-de-chihlinbvar-colti-foto-muzeufb.png","contentUrl":"https:\/\/www.rri.ro\/wp-content\/uploads\/2023\/10\/muzeul-de-chihlinbvar-colti-foto-muzeufb.png","width":640,"height":479},{"@type":"BreadcrumbList","@id":"https:\/\/www.rri.ro\/fr\/chroniques-hebdomadaires\/la-roumanie-chez-elle\/le-musee-de-lambre-et-non-seulement-id384910.html#breadcrumb","itemListElement":[{"@type":"ListItem","position":1,"name":"Page d'accueil","item":"https:\/\/www.rri.ro\/fr"},{"@type":"ListItem","position":2,"name":"Chroniques hebdomadaires","item":"https:\/\/www.rri.ro\/fr\/chroniques-hebdomadaires"},{"@type":"ListItem","position":3,"name":"La Roumanie chez elle","item":"https:\/\/www.rri.ro\/fr\/chroniques-hebdomadaires\/la-roumanie-chez-elle"},{"@type":"ListItem","position":4,"name":"Le mus\u00e9e de l\u2019ambre \u2013 et non seulement"}]},{"@type":"WebSite","@id":"https:\/\/www.rri.ro\/#website","url":"https:\/\/www.rri.ro\/","name":"Radio Roumanie Internationale","description":"Totul despre Rom\u00e2nia \u015fi rom\u00e2ni, \u00een 13 limbi\/dialecte!","inLanguage":"fr-FR"},{"@type":"Person","@id":"https:\/\/www.rri.ro\/#\/schema\/person\/70ee98042ca8b95ae29876ed4848670e","name":"Ana-Maria Cononovici","url":"https:\/\/www.rri.ro\/fr\/author\/ana-maria-cononovici"}]}},"_links":{"self":[{"href":"https:\/\/www.rri.ro\/fr\/wp-json\/wp\/v2\/posts\/384910","targetHints":{"allow":["GET"]}}],"collection":[{"href":"https:\/\/www.rri.ro\/fr\/wp-json\/wp\/v2\/posts"}],"about":[{"href":"https:\/\/www.rri.ro\/fr\/wp-json\/wp\/v2\/types\/post"}],"author":[{"embeddable":true,"href":"https:\/\/www.rri.ro\/fr\/wp-json\/wp\/v2\/users\/126"}],"replies":[{"embeddable":true,"href":"https:\/\/www.rri.ro\/fr\/wp-json\/wp\/v2\/comments?post=384910"}],"version-history":[{"count":0,"href":"https:\/\/www.rri.ro\/fr\/wp-json\/wp\/v2\/posts\/384910\/revisions"}],"wp:featuredmedia":[{"embeddable":true,"href":"https:\/\/www.rri.ro\/fr\/wp-json\/wp\/v2\/media\/136378"}],"wp:attachment":[{"href":"https:\/\/www.rri.ro\/fr\/wp-json\/wp\/v2\/media?parent=384910"}],"wp:term":[{"taxonomy":"category","embeddable":true,"href":"https:\/\/www.rri.ro\/fr\/wp-json\/wp\/v2\/categories?post=384910"},{"taxonomy":"post_tag","embeddable":true,"href":"https:\/\/www.rri.ro\/fr\/wp-json\/wp\/v2\/tags?post=384910"},{"taxonomy":"author","embeddable":true,"href":"https:\/\/www.rri.ro\/fr\/wp-json\/wp\/v2\/coauthors?post=384910"}],"curies":[{"name":"wp","href":"https:\/\/api.w.org\/{rel}","templated":true}]}}