{"id":384942,"date":"2021-08-17T10:35:00","date_gmt":"2021-08-17T07:35:00","guid":{"rendered":"http:\/\/devrri.freshlemon.ro\/le-roumain-mot-a-mot\/consulter-les-lecons\/70-ans-de-jeunesse-id384942.html"},"modified":"2021-08-17T10:35:00","modified_gmt":"2021-08-17T07:35:00","slug":"70-ans-de-jeunesse","status":"publish","type":"post","link":"https:\/\/www.rri.ro\/fr\/chroniques-hebdomadaires\/la-roumanie-chez-elle\/70-ans-de-jeunesse-id384942.html","title":{"rendered":"70 ans de jeunesse"},"content":{"rendered":"<p>HORA, la fabrique d&rsquo;instruments de musique en bois de Reghin (est de la Roumanie), est la plus grande d&rsquo;Europe. Elle f\u00eate cette ann\u00e9e son 70e anniversaire. D\u00e9fiant les bouleversements caus\u00e9s par la pand\u00e9mie, HORA a r\u00e9ussi \u00e0 lancer sur le march\u00e9 trois nouveaux produits. Quel que soit le domaine d&rsquo;activit\u00e9, il faut s&rsquo;adapter \u00e0 l&rsquo;\u00e9conomie de march\u00e9, affirme Dorin Man, le directeur technique de la fabrique, qui explique comment fonctionne la production d&rsquo;instruments de musique \u00e0 Reghin: <em class=cms-italic>Notre fabrique a d\u00e9velopp\u00e9 trois grandes cha\u00eenes de production. Il y a tout d&rsquo;abord celle consacr\u00e9e \u00e0 la fabrication de guitares d&rsquo;une tr\u00e8s grande vari\u00e9t\u00e9, dont les dimensions vont de 1\/4 \u00e0  4\/4. La vari\u00e9t\u00e9 concerne aussi les  essences de bois utilis\u00e9es, la qualit\u00e9, la structure, le registre. Vient ensuite la ligne de production d&rsquo;instruments \u00e0 archet: violons, violes, violoncelles, contrebasses et \u00e9ventuellement certains autres instruments  de ce type, tel le psautier. L\u00e0 aussi la gamme est tr\u00e8s large, en fonction des essences de bois utilis\u00e9es, de la structure, des couleurs et de la qualit\u00e9. Cette derni\u00e8re  varie suivant que les instruments s&rsquo;adressent \u00e0 des joueurs d\u00e9butants, avanc\u00e9s ou professionnels. La troisi\u00e8me cha\u00eene de production,  cr\u00e9\u00e9e dans le but d&rsquo;accro\u00eetre la diversit\u00e9 dans le  contexte du march\u00e9 international, est celle des instruments sp\u00e9cifiques des diff\u00e9rentes communaut\u00e9s ethniques. C&rsquo;est le cas de la balala\u00efka et de la domra (instruments traditionnels russes), du psautier allemand, du bouzouki irlandais, de la mandoline, des  fl\u00fbtes de Pan roumaine et p\u00e9ruvienne ou encore des instruments de musique pour personnes en situation de handicap. Ce qui nous a pouss\u00e9 \u00e0 d\u00e9velopper cette gamme d&rsquo;instruments c&rsquo;est la baisse des achats de guitares et de violons, sur toile de fond de  la crise sanitaire et la forte concurrence des fabricants d&rsquo;Asie. Nous avons donc fabriqu\u00e9 l&rsquo;instrument \u00e0 percussion appel\u00e9 cajon, ainsi que le violon trompette ou \u00e0 pavillon, sp\u00e9cifique \u00e0 la r\u00e9gion de Bihor. Nous avons \u00e9galement am\u00e9lior\u00e9 les guitares \u00e9lectriques et lanc\u00e9 sur le march\u00e9 deux types de guitares solo \u00e9lectriques. <\/em><\/p>\n<p>Dorin Man nous a parl\u00e9 de chacun de ces produits de niche: <em class=cms-italic>Le violon trompette a une histoire \u00e0 part. Un certain monsieur Stroh a combin\u00e9 la vibration de la corde avec celle d&rsquo;un dispositif sp\u00e9cial. Cette vibration a par la suite \u00e9t\u00e9 amplifi\u00e9e gr\u00e2ce \u00e0 une trompette et non pas par le biais d&rsquo;une caisse de r\u00e9sonance, comme cela se passe pour le  violon. C&rsquo;est ce pavillon qui conf\u00e8re timbre et volume \u00e0 la vibration. La fabrication en s\u00e9rie  de cet instrument est assez rare. <\/em><\/p>\n<p>Dorin Man, le directeur technique de la fabrique d&rsquo;instruments de musique de Reghin, nous a \u00e9galement racont\u00e9 l&rsquo;histoire du cajon, instrument \u00e0 percussion sp\u00e9cifique de la musique latino-am\u00e9ricaine. <em class=cms-italic>Le cajon est une bo\u00eete en bois sur laquelle on tape. Il a la forme d&rsquo;un parall\u00e9l\u00e9pip\u00e8de rectangulaire \u00e0 six faces et n&rsquo;est  pas plus haut qu&rsquo;un tabouret. La personne qui veut jouer du cajon  s&rsquo;assoit dessus et tape sur la plaque pr\u00e9vue de cordes dont la structure \u00e0 part permet de produire un certain son. Ce n&rsquo;est pas qu&rsquo;une simple vibration du bois, mais une vibration du bois touch\u00e9 par des cordes. On peut obtenir diff\u00e9rentes combinaisons de sons. <\/em><\/p>\n<p><\/p>\n<p>HORA fabrique \u00e9galement des guitares \u00e9lectriques \u00e0 6 cordes, avec des finitions tr\u00e8s sp\u00e9ciales, qui lancent une nouvelle mode. Ces instruments, aux formes plus complexes, cr\u00e9\u00e9es avec des machines \u00e0 commande num\u00e9rique \u00e0 haute mobilit\u00e9, r\u00e9pondent aux derni\u00e8res exigences des grands guitaristes.<\/p>\n","protected":false},"excerpt":{"rendered":"<p>HORA, la fabrique d&rsquo;instruments de musique en bois de Reghin (est de la Roumanie), est la plus grande d&rsquo;Europe. Elle f\u00eate cette ann\u00e9e son 70e anniversaire. D\u00e9fiant les bouleversements caus\u00e9s par la pand\u00e9mie, HORA a r\u00e9ussi \u00e0 lancer sur le march\u00e9 trois nouveaux produits. Quel que soit le domaine d&rsquo;activit\u00e9, il faut s&rsquo;adapter \u00e0 l&rsquo;\u00e9conomie [&hellip;]<\/p>\n","protected":false},"author":126,"featured_media":284838,"comment_status":"closed","ping_status":"closed","sticky":false,"template":"","format":"standard","meta":{"_acf_changed":false,"footnotes":""},"categories":[85306],"tags":[86481,86661,85774,85782,39487,86660],"coauthors":[],"class_list":["post-384942","post","type-post","status-publish","format-standard","has-post-thumbnail","hentry","category-la-roumanie-chez-elle","tag-artisans","tag-faabrique-de-violons","tag-fabrique","tag-musique","tag-reghin","tag-violons"],"acf":[],"yoast_head":"<!-- This site is optimized with the Yoast SEO plugin v27.5 - https:\/\/yoast.com\/product\/yoast-seo-wordpress\/ -->\n<title>70 ans de jeunesse - Radio Roumanie Internationale<\/title>\n<meta name=\"robots\" content=\"index, follow, max-snippet:-1, max-image-preview:large, max-video-preview:-1\" \/>\n<link rel=\"canonical\" href=\"https:\/\/www.rri.ro\/fr\/chroniques-hebdomadaires\/la-roumanie-chez-elle\/70-ans-de-jeunesse-id384942.html\" \/>\n<meta property=\"og:locale\" content=\"fr_FR\" \/>\n<meta property=\"og:type\" content=\"article\" \/>\n<meta property=\"og:title\" content=\"70 ans de jeunesse - Radio Roumanie Internationale\" \/>\n<meta property=\"og:description\" content=\"HORA, la fabrique d&rsquo;instruments de musique en bois de Reghin (est de la Roumanie), est la plus grande d&rsquo;Europe. Elle f\u00eate cette ann\u00e9e son 70e anniversaire. D\u00e9fiant les bouleversements caus\u00e9s par la pand\u00e9mie, HORA a r\u00e9ussi \u00e0 lancer sur le march\u00e9 trois nouveaux produits. Quel que soit le domaine d&rsquo;activit\u00e9, il faut s&rsquo;adapter \u00e0 l&rsquo;\u00e9conomie [&hellip;]\" \/>\n<meta property=\"og:url\" content=\"https:\/\/www.rri.ro\/fr\/chroniques-hebdomadaires\/la-roumanie-chez-elle\/70-ans-de-jeunesse-id384942.html\" \/>\n<meta property=\"og:site_name\" content=\"Radio Roumanie Internationale\" \/>\n<meta property=\"article:published_time\" content=\"2021-08-17T07:35:00+00:00\" \/>\n<meta property=\"og:image\" content=\"https:\/\/www.rri.ro\/wp-content\/uploads\/2023\/10\/vioara-viori-foto-pixabay-baohm.png\" \/>\n\t<meta property=\"og:image:width\" content=\"640\" \/>\n\t<meta property=\"og:image:height\" content=\"426\" \/>\n\t<meta property=\"og:image:type\" content=\"image\/png\" \/>\n<meta name=\"author\" content=\"Ana-Maria Cononovici\" \/>\n<meta name=\"twitter:card\" content=\"summary_large_image\" \/>\n<meta name=\"twitter:label1\" content=\"\u00c9crit par\" \/>\n\t<meta name=\"twitter:data1\" content=\"Ana-Maria Cononovici\" \/>\n\t<meta name=\"twitter:label2\" content=\"Dur\u00e9e de lecture estim\u00e9e\" \/>\n\t<meta name=\"twitter:data2\" content=\"3 minutes\" \/>\n\t<meta name=\"twitter:label3\" content=\"Written by\" \/>\n\t<meta name=\"twitter:data3\" content=\"Ana-Maria Cononovici\" \/>\n<script type=\"application\/ld+json\" class=\"yoast-schema-graph\">{\"@context\":\"https:\\\/\\\/schema.org\",\"@graph\":[{\"@type\":\"Article\",\"@id\":\"https:\\\/\\\/www.rri.ro\\\/fr\\\/chroniques-hebdomadaires\\\/la-roumanie-chez-elle\\\/70-ans-de-jeunesse-id384942.html#article\",\"isPartOf\":{\"@id\":\"https:\\\/\\\/www.rri.ro\\\/fr\\\/chroniques-hebdomadaires\\\/la-roumanie-chez-elle\\\/70-ans-de-jeunesse-id384942.html\"},\"author\":{\"name\":\"Ana-Maria Cononovici\",\"@id\":\"https:\\\/\\\/www.rri.ro\\\/#\\\/schema\\\/person\\\/70ee98042ca8b95ae29876ed4848670e\"},\"headline\":\"70 ans de jeunesse\",\"datePublished\":\"2021-08-17T07:35:00+00:00\",\"mainEntityOfPage\":{\"@id\":\"https:\\\/\\\/www.rri.ro\\\/fr\\\/chroniques-hebdomadaires\\\/la-roumanie-chez-elle\\\/70-ans-de-jeunesse-id384942.html\"},\"wordCount\":626,\"image\":{\"@id\":\"https:\\\/\\\/www.rri.ro\\\/fr\\\/chroniques-hebdomadaires\\\/la-roumanie-chez-elle\\\/70-ans-de-jeunesse-id384942.html#primaryimage\"},\"thumbnailUrl\":\"https:\\\/\\\/www.rri.ro\\\/wp-content\\\/uploads\\\/2023\\\/10\\\/vioara-viori-foto-pixabay-baohm.png\",\"keywords\":[\"artisans\",\"faabrique de violons\",\"fabrique\",\"musique\",\"Reghin\",\"violons\"],\"articleSection\":[\"La Roumanie chez elle\"],\"inLanguage\":\"fr-FR\"},{\"@type\":\"WebPage\",\"@id\":\"https:\\\/\\\/www.rri.ro\\\/fr\\\/chroniques-hebdomadaires\\\/la-roumanie-chez-elle\\\/70-ans-de-jeunesse-id384942.html\",\"url\":\"https:\\\/\\\/www.rri.ro\\\/fr\\\/chroniques-hebdomadaires\\\/la-roumanie-chez-elle\\\/70-ans-de-jeunesse-id384942.html\",\"name\":\"70 ans de jeunesse - Radio Roumanie Internationale\",\"isPartOf\":{\"@id\":\"https:\\\/\\\/www.rri.ro\\\/#website\"},\"primaryImageOfPage\":{\"@id\":\"https:\\\/\\\/www.rri.ro\\\/fr\\\/chroniques-hebdomadaires\\\/la-roumanie-chez-elle\\\/70-ans-de-jeunesse-id384942.html#primaryimage\"},\"image\":{\"@id\":\"https:\\\/\\\/www.rri.ro\\\/fr\\\/chroniques-hebdomadaires\\\/la-roumanie-chez-elle\\\/70-ans-de-jeunesse-id384942.html#primaryimage\"},\"thumbnailUrl\":\"https:\\\/\\\/www.rri.ro\\\/wp-content\\\/uploads\\\/2023\\\/10\\\/vioara-viori-foto-pixabay-baohm.png\",\"datePublished\":\"2021-08-17T07:35:00+00:00\",\"author\":{\"@id\":\"https:\\\/\\\/www.rri.ro\\\/#\\\/schema\\\/person\\\/70ee98042ca8b95ae29876ed4848670e\"},\"breadcrumb\":{\"@id\":\"https:\\\/\\\/www.rri.ro\\\/fr\\\/chroniques-hebdomadaires\\\/la-roumanie-chez-elle\\\/70-ans-de-jeunesse-id384942.html#breadcrumb\"},\"inLanguage\":\"fr-FR\",\"potentialAction\":[{\"@type\":\"ReadAction\",\"target\":[\"https:\\\/\\\/www.rri.ro\\\/fr\\\/chroniques-hebdomadaires\\\/la-roumanie-chez-elle\\\/70-ans-de-jeunesse-id384942.html\"]}]},{\"@type\":\"ImageObject\",\"inLanguage\":\"fr-FR\",\"@id\":\"https:\\\/\\\/www.rri.ro\\\/fr\\\/chroniques-hebdomadaires\\\/la-roumanie-chez-elle\\\/70-ans-de-jeunesse-id384942.html#primaryimage\",\"url\":\"https:\\\/\\\/www.rri.ro\\\/wp-content\\\/uploads\\\/2023\\\/10\\\/vioara-viori-foto-pixabay-baohm.png\",\"contentUrl\":\"https:\\\/\\\/www.rri.ro\\\/wp-content\\\/uploads\\\/2023\\\/10\\\/vioara-viori-foto-pixabay-baohm.png\",\"width\":640,\"height\":426},{\"@type\":\"BreadcrumbList\",\"@id\":\"https:\\\/\\\/www.rri.ro\\\/fr\\\/chroniques-hebdomadaires\\\/la-roumanie-chez-elle\\\/70-ans-de-jeunesse-id384942.html#breadcrumb\",\"itemListElement\":[{\"@type\":\"ListItem\",\"position\":1,\"name\":\"Page d'accueil\",\"item\":\"https:\\\/\\\/www.rri.ro\\\/fr\"},{\"@type\":\"ListItem\",\"position\":2,\"name\":\"Chroniques hebdomadaires\",\"item\":\"https:\\\/\\\/www.rri.ro\\\/fr\\\/chroniques-hebdomadaires\"},{\"@type\":\"ListItem\",\"position\":3,\"name\":\"La Roumanie chez elle\",\"item\":\"https:\\\/\\\/www.rri.ro\\\/fr\\\/chroniques-hebdomadaires\\\/la-roumanie-chez-elle\"},{\"@type\":\"ListItem\",\"position\":4,\"name\":\"70 ans de jeunesse\"}]},{\"@type\":\"WebSite\",\"@id\":\"https:\\\/\\\/www.rri.ro\\\/#website\",\"url\":\"https:\\\/\\\/www.rri.ro\\\/\",\"name\":\"Radio Roumanie Internationale\",\"description\":\"Totul despre Rom\u00e2nia \u015fi rom\u00e2ni, \u00een 13 limbi\\\/dialecte!\",\"inLanguage\":\"fr-FR\"},{\"@type\":\"Person\",\"@id\":\"https:\\\/\\\/www.rri.ro\\\/#\\\/schema\\\/person\\\/70ee98042ca8b95ae29876ed4848670e\",\"name\":\"Ana-Maria Cononovici\",\"url\":\"https:\\\/\\\/www.rri.ro\\\/fr\\\/author\\\/ana-maria-cononovici\"}]}<\/script>\n<!-- \/ Yoast SEO plugin. -->","yoast_head_json":{"title":"70 ans de jeunesse - Radio Roumanie Internationale","robots":{"index":"index","follow":"follow","max-snippet":"max-snippet:-1","max-image-preview":"max-image-preview:large","max-video-preview":"max-video-preview:-1"},"canonical":"https:\/\/www.rri.ro\/fr\/chroniques-hebdomadaires\/la-roumanie-chez-elle\/70-ans-de-jeunesse-id384942.html","og_locale":"fr_FR","og_type":"article","og_title":"70 ans de jeunesse - Radio Roumanie Internationale","og_description":"HORA, la fabrique d&rsquo;instruments de musique en bois de Reghin (est de la Roumanie), est la plus grande d&rsquo;Europe. Elle f\u00eate cette ann\u00e9e son 70e anniversaire. D\u00e9fiant les bouleversements caus\u00e9s par la pand\u00e9mie, HORA a r\u00e9ussi \u00e0 lancer sur le march\u00e9 trois nouveaux produits. Quel que soit le domaine d&rsquo;activit\u00e9, il faut s&rsquo;adapter \u00e0 l&rsquo;\u00e9conomie [&hellip;]","og_url":"https:\/\/www.rri.ro\/fr\/chroniques-hebdomadaires\/la-roumanie-chez-elle\/70-ans-de-jeunesse-id384942.html","og_site_name":"Radio Roumanie Internationale","article_published_time":"2021-08-17T07:35:00+00:00","og_image":[{"width":640,"height":426,"url":"https:\/\/www.rri.ro\/wp-content\/uploads\/2023\/10\/vioara-viori-foto-pixabay-baohm.png","type":"image\/png"}],"author":"Ana-Maria Cononovici","twitter_card":"summary_large_image","twitter_misc":{"\u00c9crit par":"Ana-Maria Cononovici","Dur\u00e9e de lecture estim\u00e9e":"3 minutes","Written by":"Ana-Maria Cononovici"},"schema":{"@context":"https:\/\/schema.org","@graph":[{"@type":"Article","@id":"https:\/\/www.rri.ro\/fr\/chroniques-hebdomadaires\/la-roumanie-chez-elle\/70-ans-de-jeunesse-id384942.html#article","isPartOf":{"@id":"https:\/\/www.rri.ro\/fr\/chroniques-hebdomadaires\/la-roumanie-chez-elle\/70-ans-de-jeunesse-id384942.html"},"author":{"name":"Ana-Maria Cononovici","@id":"https:\/\/www.rri.ro\/#\/schema\/person\/70ee98042ca8b95ae29876ed4848670e"},"headline":"70 ans de jeunesse","datePublished":"2021-08-17T07:35:00+00:00","mainEntityOfPage":{"@id":"https:\/\/www.rri.ro\/fr\/chroniques-hebdomadaires\/la-roumanie-chez-elle\/70-ans-de-jeunesse-id384942.html"},"wordCount":626,"image":{"@id":"https:\/\/www.rri.ro\/fr\/chroniques-hebdomadaires\/la-roumanie-chez-elle\/70-ans-de-jeunesse-id384942.html#primaryimage"},"thumbnailUrl":"https:\/\/www.rri.ro\/wp-content\/uploads\/2023\/10\/vioara-viori-foto-pixabay-baohm.png","keywords":["artisans","faabrique de violons","fabrique","musique","Reghin","violons"],"articleSection":["La Roumanie chez elle"],"inLanguage":"fr-FR"},{"@type":"WebPage","@id":"https:\/\/www.rri.ro\/fr\/chroniques-hebdomadaires\/la-roumanie-chez-elle\/70-ans-de-jeunesse-id384942.html","url":"https:\/\/www.rri.ro\/fr\/chroniques-hebdomadaires\/la-roumanie-chez-elle\/70-ans-de-jeunesse-id384942.html","name":"70 ans de jeunesse - Radio Roumanie Internationale","isPartOf":{"@id":"https:\/\/www.rri.ro\/#website"},"primaryImageOfPage":{"@id":"https:\/\/www.rri.ro\/fr\/chroniques-hebdomadaires\/la-roumanie-chez-elle\/70-ans-de-jeunesse-id384942.html#primaryimage"},"image":{"@id":"https:\/\/www.rri.ro\/fr\/chroniques-hebdomadaires\/la-roumanie-chez-elle\/70-ans-de-jeunesse-id384942.html#primaryimage"},"thumbnailUrl":"https:\/\/www.rri.ro\/wp-content\/uploads\/2023\/10\/vioara-viori-foto-pixabay-baohm.png","datePublished":"2021-08-17T07:35:00+00:00","author":{"@id":"https:\/\/www.rri.ro\/#\/schema\/person\/70ee98042ca8b95ae29876ed4848670e"},"breadcrumb":{"@id":"https:\/\/www.rri.ro\/fr\/chroniques-hebdomadaires\/la-roumanie-chez-elle\/70-ans-de-jeunesse-id384942.html#breadcrumb"},"inLanguage":"fr-FR","potentialAction":[{"@type":"ReadAction","target":["https:\/\/www.rri.ro\/fr\/chroniques-hebdomadaires\/la-roumanie-chez-elle\/70-ans-de-jeunesse-id384942.html"]}]},{"@type":"ImageObject","inLanguage":"fr-FR","@id":"https:\/\/www.rri.ro\/fr\/chroniques-hebdomadaires\/la-roumanie-chez-elle\/70-ans-de-jeunesse-id384942.html#primaryimage","url":"https:\/\/www.rri.ro\/wp-content\/uploads\/2023\/10\/vioara-viori-foto-pixabay-baohm.png","contentUrl":"https:\/\/www.rri.ro\/wp-content\/uploads\/2023\/10\/vioara-viori-foto-pixabay-baohm.png","width":640,"height":426},{"@type":"BreadcrumbList","@id":"https:\/\/www.rri.ro\/fr\/chroniques-hebdomadaires\/la-roumanie-chez-elle\/70-ans-de-jeunesse-id384942.html#breadcrumb","itemListElement":[{"@type":"ListItem","position":1,"name":"Page d'accueil","item":"https:\/\/www.rri.ro\/fr"},{"@type":"ListItem","position":2,"name":"Chroniques hebdomadaires","item":"https:\/\/www.rri.ro\/fr\/chroniques-hebdomadaires"},{"@type":"ListItem","position":3,"name":"La Roumanie chez elle","item":"https:\/\/www.rri.ro\/fr\/chroniques-hebdomadaires\/la-roumanie-chez-elle"},{"@type":"ListItem","position":4,"name":"70 ans de jeunesse"}]},{"@type":"WebSite","@id":"https:\/\/www.rri.ro\/#website","url":"https:\/\/www.rri.ro\/","name":"Radio Roumanie Internationale","description":"Totul despre Rom\u00e2nia \u015fi rom\u00e2ni, \u00een 13 limbi\/dialecte!","inLanguage":"fr-FR"},{"@type":"Person","@id":"https:\/\/www.rri.ro\/#\/schema\/person\/70ee98042ca8b95ae29876ed4848670e","name":"Ana-Maria Cononovici","url":"https:\/\/www.rri.ro\/fr\/author\/ana-maria-cononovici"}]}},"_links":{"self":[{"href":"https:\/\/www.rri.ro\/fr\/wp-json\/wp\/v2\/posts\/384942","targetHints":{"allow":["GET"]}}],"collection":[{"href":"https:\/\/www.rri.ro\/fr\/wp-json\/wp\/v2\/posts"}],"about":[{"href":"https:\/\/www.rri.ro\/fr\/wp-json\/wp\/v2\/types\/post"}],"author":[{"embeddable":true,"href":"https:\/\/www.rri.ro\/fr\/wp-json\/wp\/v2\/users\/126"}],"replies":[{"embeddable":true,"href":"https:\/\/www.rri.ro\/fr\/wp-json\/wp\/v2\/comments?post=384942"}],"version-history":[{"count":0,"href":"https:\/\/www.rri.ro\/fr\/wp-json\/wp\/v2\/posts\/384942\/revisions"}],"wp:featuredmedia":[{"embeddable":true,"href":"https:\/\/www.rri.ro\/fr\/wp-json\/wp\/v2\/media\/284838"}],"wp:attachment":[{"href":"https:\/\/www.rri.ro\/fr\/wp-json\/wp\/v2\/media?parent=384942"}],"wp:term":[{"taxonomy":"category","embeddable":true,"href":"https:\/\/www.rri.ro\/fr\/wp-json\/wp\/v2\/categories?post=384942"},{"taxonomy":"post_tag","embeddable":true,"href":"https:\/\/www.rri.ro\/fr\/wp-json\/wp\/v2\/tags?post=384942"},{"taxonomy":"author","embeddable":true,"href":"https:\/\/www.rri.ro\/fr\/wp-json\/wp\/v2\/coauthors?post=384942"}],"curies":[{"name":"wp","href":"https:\/\/api.w.org\/{rel}","templated":true}]}}