{"id":385504,"date":"2016-06-01T14:16:00","date_gmt":"2016-06-01T11:16:00","guid":{"rendered":"http:\/\/devrri.freshlemon.ro\/le-roumain-mot-a-mot\/consulter-les-lecons\/discours-public-et-debats-didees-id385504.html"},"modified":"2016-06-01T14:16:00","modified_gmt":"2016-06-01T11:16:00","slug":"discours-public-et-debats-didees","status":"publish","type":"post","link":"https:\/\/www.rri.ro\/fr\/chroniques-hebdomadaires\/societe\/discours-public-et-debats-didees-id385504.html","title":{"rendered":"Discours public et d\u00e9b\u00e2ts d&rsquo;id\u00e9es"},"content":{"rendered":"<p>Les d\u00e9bats scolaires sont une tr\u00e8s bonne m\u00e9thode en ce sens, en tout cas c&rsquo;est une m\u00e9thode qui donne de tr\u00e8s bons r\u00e9sultats depuis longtemps d\u00e9j\u00e0 aux Etats-Unis. Ces derni\u00e8res ann\u00e9es, ce type d&rsquo;exercice intellectuel s&rsquo;est r\u00e9pandu aussi dans les lyc\u00e9es roumains. 5 clubs de d\u00e9bats existent actuellement en Roumanie, qui organisent diff\u00e9rentes comp\u00e9titions. Parmi elles, une comp\u00e9tition qui s&rsquo;intitule \u00ab Pache Open \u00bb et qui s&rsquo;est d\u00e9roul\u00e9e au Coll\u00e8ge national Mihai Viteazul de Bucarest, r\u00e9unissant 200 participants, des \u00e9l\u00e8ves de diff\u00e9rents coins du pays, arbitres, enseignants et organisateurs. D&rsquo;o\u00f9 vient le nom de \u00ab Pache Open \u00bb ? Du nom du boulevard Pache Protopopescu, o\u00f9 se trouve le lyc\u00e9e Mihai Viteazul. C&rsquo;est l\u00e0 qu&rsquo;est n\u00e9 le Club de d\u00e9bats Pache. Son fondateur, Andrei Petre, est aujourd&rsquo;hui \u00e9tudiant en Droit :<em class=cms-italic> \u00abNous avons d\u00e9j\u00e0 plus de 15 ann\u00e9es d&rsquo;exp\u00e9rience, nous sommes donc un des clubs \u00e0 tradition en Roumanie. Nous organisons des d\u00e9bats, notamment entre lyc\u00e9ens. Nous avons deux \u00e9quipes : l&rsquo;une repr\u00e9sente les autorit\u00e9s ou le gouvernement, l&rsquo;autre repr\u00e9sente l&rsquo;opposition. Chacune compte 3 membres. Au d\u00e9but, c&rsquo;est-\u00e0-dire il y a 8 ans, il n&rsquo;y avait que des comp\u00e9titions de week-end avec une trentaine de participants tout au plus. A l&rsquo;\u00e9poque, notre club comptait 4 personnes. A l&rsquo;heure actuelle nous avons des comp\u00e9titions qui r\u00e9unissent plusieurs centaines de personnes, donc c&rsquo;est un ph\u00e9nom\u00e8ne qui gagne en ampleur. \u00bb<\/em><\/p>\n<p><\/p>\n<p><em class=cms-italic><\/em> A part le go\u00fbt de la comp\u00e9tition, quels sont les autres \u00e9l\u00e9ments qui attirent les lyc\u00e9ens \u00e0 une confrontation d&rsquo;id\u00e9es ? Andrei Petre r\u00e9pond :<em class=cms-italic> \u00abBeaucoup de choses nous attirent. Premi\u00e8rement, l&rsquo;ambiance. Deuxi\u00e8mement, nous aimons le fait que cela nous oblige d&rsquo;\u00eatre au courant des informations, \u00e0 apprendre de nouvelles choses, \u00e0 nous d\u00e9velopper. En fin de compte, je pense que nous devenons de meilleures personnes par ces d\u00e9bats, en tout cas des personnes mieux instruites. Nous aimons dire que tout sujet peut faire l&rsquo;objet d&rsquo;un d\u00e9bat. La plupart de nos comp\u00e9titions portent sur des sujets de politique ext\u00e9rieure ou \u00e9conomiques. D&rsquo;habitude nous tentons d&rsquo;avoir un peu de chaque domaine. \u00bb <\/em> <\/p>\n<p><\/p>\n<p>Mais quels sont les sujets soumis au d\u00e9bat par ces jeunes? Par exemple, lors de la comp\u00e9tition Pache Open, ils ont trouv\u00e9 des arguments pour et contre le Brexit ou bien pour et contre une taxe sur le vice dans les restaurants au lieu de l&rsquo;interdiction totale de fumer dans les espaces publics. Ou bien faut-il permettre aux sportifs ayant des pr\u00e9dispositions m\u00e9dicales dangereuses de participer aux comp\u00e9titions sportives, m\u00eame sous leur propre responsabilit\u00e9? Ou encore faut-il incriminer les femmes qui tombent enceintes sans l&rsquo;accord de leur partenaire? \u00ab Ce n&rsquo;est pas une simple querelle \u00bb, c&rsquo;est un d\u00e9bat s\u00e9rieux qui nous sera utile dans la vie, vu que c&rsquo;est une pratique tr\u00e8s r\u00e9pandue, notamment parmi les hommes politiques, lit-on sur un site de presse jeunesse. <\/p>\n<p>Alice Kempf, \u00e9l\u00e8ve en terminale au lyc\u00e9e Gheorghe Lazar de Bucarest et la gagnante du concours de d\u00e9bats mentionn\u00e9, souhaite s&rsquo;inscrire \u00e0 la Facult\u00e9 de relations internationales. L&rsquo;exercice de l&rsquo;argumentation et la participation aux concours de d\u00e9bats peuvent constituer un atout important dans son avenir professionnel : <em class=cms-italic>\u00ab Je suis en g\u00e9n\u00e9ral tr\u00e8s passionn\u00e9e de l&rsquo;art du discours. Il me semble fondamental dans une soci\u00e9t\u00e9 qui cherche \u00e0 progresser, mais avoir un bon discours ne suffit pas, il faut aussi avoir des arguments s\u00e9rieux et des sources d&rsquo;information qui puissent l&rsquo;appuyer. Je pense que c&rsquo;est plut\u00f4t toute cette s\u00e9rie d&rsquo;\u00e9l\u00e9ments qui m&rsquo;intriguent le plus et me passionnent. Tout ce processus de documentation est devenu pour moi une sorte de technique de d\u00e9tente. J&rsquo;aime beaucoup lire des sujets de politique internationale et d&rsquo;\u00e9conomie qui sortent de la sph\u00e8re des choses que nous apprenons d&rsquo;habitude \u00e0 l&rsquo;\u00e9cole. \u00bb<\/em> <\/p>\n<p><\/p>\n<p>Mais les d\u00e9bats peuvent s&rsquo;av\u00e9rer utiles non seulement du point de vue professionnel, affirme Luca Mihailescu, \u00e9l\u00e8ve en troisi\u00e8me ann\u00e9e de lyc\u00e9e au Coll\u00e8ge Mihai Viteazu, membre du club de d\u00e9bats \u00ab Pache \u00bb. Ecoutons-le : <em class=cms-italic>\u00ab Je crois que cela me sera utile quel que ce sera mon choix de vie \u00e0 l&rsquo;avenir. Pratiquement il s&rsquo;agit d&rsquo;une aptitude n\u00e9cessaire, celle de savoir parler devant un public, trouver des arguments pour appuyer son point de vue, penser  autrement que la majorit\u00e9. Je crois que toutes ces aptitudes sont tr\u00e8s appr\u00e9ci\u00e9es dans nombre de facult\u00e9s \u00e9trang\u00e8res et roumaines. Et m\u00eame apr\u00e8s la fac, elles sont utiles, quel que soit le chemin que vous d\u00e9cidiez de prendre. Moi, par exemple, je veux \u00e9tudier la physique et je crois que les d\u00e9bats me serviront. C&rsquo;est gr\u00e2ce \u00e0 eux que j&rsquo;ai d\u00e9velopp\u00e9 une mani\u00e8re de penser qui m&rsquo;aidera \u00e0 trouver du travail plus facilement. \u00bb<\/em> <\/p>\n<p><\/p>\n<p>Les d\u00e9bats d\u00e9veloppent non seulement une mani\u00e8re de penser, mais aussi de s&rsquo;exprimer poliment, \u00e9tay\u00e9e sur des arguments bien document\u00e9s, chose qui semble manquer dans les pol\u00e9miques de l&rsquo;espace public roumain. C&rsquo;est la remarque de Mihai Stavastre, membre de l&rsquo;\u00e9quipe qui a remport\u00e9 le deuxi\u00e8me prix de la comp\u00e9tition Pache Open, \u00e9l\u00e8ve en seconde au Coll\u00e8ge Mihai Viteazu de Bucarest :<em class=cms-italic> \u00abC&rsquo;est tr\u00e8s rare que l&rsquo;on puisse entendre des arguments corrects du point de vue logique ou qui soient bas\u00e9s sur des pr\u00e9misses correctes. Souvent on entend des sophismes et d&rsquo;autres choses qui ne devraient pas se retrouver dans un d\u00e9bat. Si plus de personnes avaient acc\u00e8s \u00e0 des cours de d\u00e9bats, je crois qu&rsquo;elles pourraient apprendre plus de choses utiles pour la soci\u00e9t\u00e9 civile. Si plus de monde avait acc\u00e8s aux d\u00e9bats et si ceux-ci pouvaient se r\u00e9pandre davantage, alors les b\u00e9n\u00e9fices seraient encore plus visibles. \u00bb<\/em>  <\/p>\n<p><\/p>\n<p>Avant d&rsquo;avoir la chance de s&rsquo;exprimer dans l&rsquo;espace public, les lyc\u00e9ens de Roumanie s&rsquo;entra\u00eenent dans le cadre de ces comp\u00e9titions de d\u00e9bats extra-scolaires. Ces activit\u00e9s auront sans nul doute un impact positif dans le parcours professionnel et personnel des actuels lyc\u00e9ens roumains.  (Trad. Valentina Beleavski, Alex Diaconescu)<\/p>\n","protected":false},"excerpt":{"rendered":"<p>Les d\u00e9bats scolaires sont une tr\u00e8s bonne m\u00e9thode en ce sens, en tout cas c&rsquo;est une m\u00e9thode qui donne de tr\u00e8s bons r\u00e9sultats depuis longtemps d\u00e9j\u00e0 aux Etats-Unis. Ces derni\u00e8res ann\u00e9es, ce type d&rsquo;exercice intellectuel s&rsquo;est r\u00e9pandu aussi dans les lyc\u00e9es roumains. 5 clubs de d\u00e9bats existent actuellement en Roumanie, qui organisent diff\u00e9rentes comp\u00e9titions. Parmi [&hellip;]<\/p>\n","protected":false},"author":136,"featured_media":141930,"comment_status":"closed","ping_status":"closed","sticky":false,"template":"","format":"standard","meta":{"_acf_changed":false,"footnotes":""},"categories":[85355],"tags":[85543,87004,85590,86263],"coauthors":[],"class_list":["post-385504","post","type-post","status-publish","format-standard","has-post-thumbnail","hentry","category-societe","tag-concours","tag-debat","tag-idees","tag-lycee"],"acf":[],"yoast_head":"<!-- This site is optimized with the Yoast SEO plugin v27.5 - https:\/\/yoast.com\/product\/yoast-seo-wordpress\/ -->\n<title>Discours public et d\u00e9b\u00e2ts d&#039;id\u00e9es - Radio Roumanie Internationale<\/title>\n<meta name=\"robots\" content=\"index, follow, max-snippet:-1, max-image-preview:large, max-video-preview:-1\" \/>\n<link rel=\"canonical\" href=\"https:\/\/www.rri.ro\/fr\/chroniques-hebdomadaires\/societe\/discours-public-et-debats-didees-id385504.html\" \/>\n<meta property=\"og:locale\" content=\"fr_FR\" \/>\n<meta property=\"og:type\" content=\"article\" \/>\n<meta property=\"og:title\" content=\"Discours public et d\u00e9b\u00e2ts d&#039;id\u00e9es - Radio Roumanie Internationale\" \/>\n<meta property=\"og:description\" content=\"Les d\u00e9bats scolaires sont une tr\u00e8s bonne m\u00e9thode en ce sens, en tout cas c&rsquo;est une m\u00e9thode qui donne de tr\u00e8s bons r\u00e9sultats depuis longtemps d\u00e9j\u00e0 aux Etats-Unis. Ces derni\u00e8res ann\u00e9es, ce type d&rsquo;exercice intellectuel s&rsquo;est r\u00e9pandu aussi dans les lyc\u00e9es roumains. 5 clubs de d\u00e9bats existent actuellement en Roumanie, qui organisent diff\u00e9rentes comp\u00e9titions. Parmi [&hellip;]\" \/>\n<meta property=\"og:url\" content=\"https:\/\/www.rri.ro\/fr\/chroniques-hebdomadaires\/societe\/discours-public-et-debats-didees-id385504.html\" \/>\n<meta property=\"og:site_name\" content=\"Radio Roumanie Internationale\" \/>\n<meta property=\"article:published_time\" content=\"2016-06-01T11:16:00+00:00\" \/>\n<meta property=\"og:image\" content=\"https:\/\/www.rri.ro\/wp-content\/uploads\/2023\/10\/pache-open-colegiul-mihai-viteazul.png\" \/>\n\t<meta property=\"og:image:width\" content=\"640\" \/>\n\t<meta property=\"og:image:height\" content=\"480\" \/>\n\t<meta property=\"og:image:type\" content=\"image\/png\" \/>\n<meta name=\"author\" content=\"Christine Le\u0219cu\" \/>\n<meta name=\"twitter:card\" content=\"summary_large_image\" \/>\n<meta name=\"twitter:label1\" content=\"\u00c9crit par\" \/>\n\t<meta name=\"twitter:data1\" content=\"Christine Le\u0219cu\" \/>\n\t<meta name=\"twitter:label2\" content=\"Dur\u00e9e de lecture estim\u00e9e\" \/>\n\t<meta name=\"twitter:data2\" content=\"5 minutes\" \/>\n\t<meta name=\"twitter:label3\" content=\"Written by\" \/>\n\t<meta name=\"twitter:data3\" content=\"Christine Le\u0219cu\" \/>\n<script type=\"application\/ld+json\" class=\"yoast-schema-graph\">{\"@context\":\"https:\\\/\\\/schema.org\",\"@graph\":[{\"@type\":\"Article\",\"@id\":\"https:\\\/\\\/www.rri.ro\\\/fr\\\/chroniques-hebdomadaires\\\/societe\\\/discours-public-et-debats-didees-id385504.html#article\",\"isPartOf\":{\"@id\":\"https:\\\/\\\/www.rri.ro\\\/fr\\\/chroniques-hebdomadaires\\\/societe\\\/discours-public-et-debats-didees-id385504.html\"},\"author\":{\"name\":\"Christine Le\u0219cu\",\"@id\":\"https:\\\/\\\/www.rri.ro\\\/#\\\/schema\\\/person\\\/90282b710df17e2fe4e8831187ac186f\"},\"headline\":\"Discours public et d\u00e9b\u00e2ts d&rsquo;id\u00e9es\",\"datePublished\":\"2016-06-01T11:16:00+00:00\",\"mainEntityOfPage\":{\"@id\":\"https:\\\/\\\/www.rri.ro\\\/fr\\\/chroniques-hebdomadaires\\\/societe\\\/discours-public-et-debats-didees-id385504.html\"},\"wordCount\":1113,\"image\":{\"@id\":\"https:\\\/\\\/www.rri.ro\\\/fr\\\/chroniques-hebdomadaires\\\/societe\\\/discours-public-et-debats-didees-id385504.html#primaryimage\"},\"thumbnailUrl\":\"https:\\\/\\\/www.rri.ro\\\/wp-content\\\/uploads\\\/2023\\\/10\\\/pache-open-colegiul-mihai-viteazul.png\",\"keywords\":[\"concours\",\"d\u00e9bat\",\"id\u00e9es\",\"lyc\u00e9e\"],\"articleSection\":[\"Soci\u00e9t\u00e9\"],\"inLanguage\":\"fr-FR\"},{\"@type\":\"WebPage\",\"@id\":\"https:\\\/\\\/www.rri.ro\\\/fr\\\/chroniques-hebdomadaires\\\/societe\\\/discours-public-et-debats-didees-id385504.html\",\"url\":\"https:\\\/\\\/www.rri.ro\\\/fr\\\/chroniques-hebdomadaires\\\/societe\\\/discours-public-et-debats-didees-id385504.html\",\"name\":\"Discours public et d\u00e9b\u00e2ts d'id\u00e9es - Radio Roumanie Internationale\",\"isPartOf\":{\"@id\":\"https:\\\/\\\/www.rri.ro\\\/#website\"},\"primaryImageOfPage\":{\"@id\":\"https:\\\/\\\/www.rri.ro\\\/fr\\\/chroniques-hebdomadaires\\\/societe\\\/discours-public-et-debats-didees-id385504.html#primaryimage\"},\"image\":{\"@id\":\"https:\\\/\\\/www.rri.ro\\\/fr\\\/chroniques-hebdomadaires\\\/societe\\\/discours-public-et-debats-didees-id385504.html#primaryimage\"},\"thumbnailUrl\":\"https:\\\/\\\/www.rri.ro\\\/wp-content\\\/uploads\\\/2023\\\/10\\\/pache-open-colegiul-mihai-viteazul.png\",\"datePublished\":\"2016-06-01T11:16:00+00:00\",\"author\":{\"@id\":\"https:\\\/\\\/www.rri.ro\\\/#\\\/schema\\\/person\\\/90282b710df17e2fe4e8831187ac186f\"},\"breadcrumb\":{\"@id\":\"https:\\\/\\\/www.rri.ro\\\/fr\\\/chroniques-hebdomadaires\\\/societe\\\/discours-public-et-debats-didees-id385504.html#breadcrumb\"},\"inLanguage\":\"fr-FR\",\"potentialAction\":[{\"@type\":\"ReadAction\",\"target\":[\"https:\\\/\\\/www.rri.ro\\\/fr\\\/chroniques-hebdomadaires\\\/societe\\\/discours-public-et-debats-didees-id385504.html\"]}]},{\"@type\":\"ImageObject\",\"inLanguage\":\"fr-FR\",\"@id\":\"https:\\\/\\\/www.rri.ro\\\/fr\\\/chroniques-hebdomadaires\\\/societe\\\/discours-public-et-debats-didees-id385504.html#primaryimage\",\"url\":\"https:\\\/\\\/www.rri.ro\\\/wp-content\\\/uploads\\\/2023\\\/10\\\/pache-open-colegiul-mihai-viteazul.png\",\"contentUrl\":\"https:\\\/\\\/www.rri.ro\\\/wp-content\\\/uploads\\\/2023\\\/10\\\/pache-open-colegiul-mihai-viteazul.png\",\"width\":640,\"height\":480},{\"@type\":\"BreadcrumbList\",\"@id\":\"https:\\\/\\\/www.rri.ro\\\/fr\\\/chroniques-hebdomadaires\\\/societe\\\/discours-public-et-debats-didees-id385504.html#breadcrumb\",\"itemListElement\":[{\"@type\":\"ListItem\",\"position\":1,\"name\":\"Page d'accueil\",\"item\":\"https:\\\/\\\/www.rri.ro\\\/fr\"},{\"@type\":\"ListItem\",\"position\":2,\"name\":\"Chroniques hebdomadaires\",\"item\":\"https:\\\/\\\/www.rri.ro\\\/fr\\\/chroniques-hebdomadaires\"},{\"@type\":\"ListItem\",\"position\":3,\"name\":\"Soci\u00e9t\u00e9\",\"item\":\"https:\\\/\\\/www.rri.ro\\\/fr\\\/chroniques-hebdomadaires\\\/societe\"},{\"@type\":\"ListItem\",\"position\":4,\"name\":\"Discours public et d\u00e9b\u00e2ts d&rsquo;id\u00e9es\"}]},{\"@type\":\"WebSite\",\"@id\":\"https:\\\/\\\/www.rri.ro\\\/#website\",\"url\":\"https:\\\/\\\/www.rri.ro\\\/\",\"name\":\"Radio Roumanie Internationale\",\"description\":\"Totul despre Rom\u00e2nia \u015fi rom\u00e2ni, \u00een 13 limbi\\\/dialecte!\",\"inLanguage\":\"fr-FR\"},{\"@type\":\"Person\",\"@id\":\"https:\\\/\\\/www.rri.ro\\\/#\\\/schema\\\/person\\\/90282b710df17e2fe4e8831187ac186f\",\"name\":\"Christine Le\u0219cu\",\"url\":\"https:\\\/\\\/www.rri.ro\\\/fr\\\/author\\\/christine-lescu\"}]}<\/script>\n<!-- \/ Yoast SEO plugin. -->","yoast_head_json":{"title":"Discours public et d\u00e9b\u00e2ts d'id\u00e9es - Radio Roumanie Internationale","robots":{"index":"index","follow":"follow","max-snippet":"max-snippet:-1","max-image-preview":"max-image-preview:large","max-video-preview":"max-video-preview:-1"},"canonical":"https:\/\/www.rri.ro\/fr\/chroniques-hebdomadaires\/societe\/discours-public-et-debats-didees-id385504.html","og_locale":"fr_FR","og_type":"article","og_title":"Discours public et d\u00e9b\u00e2ts d'id\u00e9es - Radio Roumanie Internationale","og_description":"Les d\u00e9bats scolaires sont une tr\u00e8s bonne m\u00e9thode en ce sens, en tout cas c&rsquo;est une m\u00e9thode qui donne de tr\u00e8s bons r\u00e9sultats depuis longtemps d\u00e9j\u00e0 aux Etats-Unis. Ces derni\u00e8res ann\u00e9es, ce type d&rsquo;exercice intellectuel s&rsquo;est r\u00e9pandu aussi dans les lyc\u00e9es roumains. 5 clubs de d\u00e9bats existent actuellement en Roumanie, qui organisent diff\u00e9rentes comp\u00e9titions. Parmi [&hellip;]","og_url":"https:\/\/www.rri.ro\/fr\/chroniques-hebdomadaires\/societe\/discours-public-et-debats-didees-id385504.html","og_site_name":"Radio Roumanie Internationale","article_published_time":"2016-06-01T11:16:00+00:00","og_image":[{"width":640,"height":480,"url":"https:\/\/www.rri.ro\/wp-content\/uploads\/2023\/10\/pache-open-colegiul-mihai-viteazul.png","type":"image\/png"}],"author":"Christine Le\u0219cu","twitter_card":"summary_large_image","twitter_misc":{"\u00c9crit par":"Christine Le\u0219cu","Dur\u00e9e de lecture estim\u00e9e":"5 minutes","Written by":"Christine Le\u0219cu"},"schema":{"@context":"https:\/\/schema.org","@graph":[{"@type":"Article","@id":"https:\/\/www.rri.ro\/fr\/chroniques-hebdomadaires\/societe\/discours-public-et-debats-didees-id385504.html#article","isPartOf":{"@id":"https:\/\/www.rri.ro\/fr\/chroniques-hebdomadaires\/societe\/discours-public-et-debats-didees-id385504.html"},"author":{"name":"Christine Le\u0219cu","@id":"https:\/\/www.rri.ro\/#\/schema\/person\/90282b710df17e2fe4e8831187ac186f"},"headline":"Discours public et d\u00e9b\u00e2ts d&rsquo;id\u00e9es","datePublished":"2016-06-01T11:16:00+00:00","mainEntityOfPage":{"@id":"https:\/\/www.rri.ro\/fr\/chroniques-hebdomadaires\/societe\/discours-public-et-debats-didees-id385504.html"},"wordCount":1113,"image":{"@id":"https:\/\/www.rri.ro\/fr\/chroniques-hebdomadaires\/societe\/discours-public-et-debats-didees-id385504.html#primaryimage"},"thumbnailUrl":"https:\/\/www.rri.ro\/wp-content\/uploads\/2023\/10\/pache-open-colegiul-mihai-viteazul.png","keywords":["concours","d\u00e9bat","id\u00e9es","lyc\u00e9e"],"articleSection":["Soci\u00e9t\u00e9"],"inLanguage":"fr-FR"},{"@type":"WebPage","@id":"https:\/\/www.rri.ro\/fr\/chroniques-hebdomadaires\/societe\/discours-public-et-debats-didees-id385504.html","url":"https:\/\/www.rri.ro\/fr\/chroniques-hebdomadaires\/societe\/discours-public-et-debats-didees-id385504.html","name":"Discours public et d\u00e9b\u00e2ts d'id\u00e9es - Radio Roumanie Internationale","isPartOf":{"@id":"https:\/\/www.rri.ro\/#website"},"primaryImageOfPage":{"@id":"https:\/\/www.rri.ro\/fr\/chroniques-hebdomadaires\/societe\/discours-public-et-debats-didees-id385504.html#primaryimage"},"image":{"@id":"https:\/\/www.rri.ro\/fr\/chroniques-hebdomadaires\/societe\/discours-public-et-debats-didees-id385504.html#primaryimage"},"thumbnailUrl":"https:\/\/www.rri.ro\/wp-content\/uploads\/2023\/10\/pache-open-colegiul-mihai-viteazul.png","datePublished":"2016-06-01T11:16:00+00:00","author":{"@id":"https:\/\/www.rri.ro\/#\/schema\/person\/90282b710df17e2fe4e8831187ac186f"},"breadcrumb":{"@id":"https:\/\/www.rri.ro\/fr\/chroniques-hebdomadaires\/societe\/discours-public-et-debats-didees-id385504.html#breadcrumb"},"inLanguage":"fr-FR","potentialAction":[{"@type":"ReadAction","target":["https:\/\/www.rri.ro\/fr\/chroniques-hebdomadaires\/societe\/discours-public-et-debats-didees-id385504.html"]}]},{"@type":"ImageObject","inLanguage":"fr-FR","@id":"https:\/\/www.rri.ro\/fr\/chroniques-hebdomadaires\/societe\/discours-public-et-debats-didees-id385504.html#primaryimage","url":"https:\/\/www.rri.ro\/wp-content\/uploads\/2023\/10\/pache-open-colegiul-mihai-viteazul.png","contentUrl":"https:\/\/www.rri.ro\/wp-content\/uploads\/2023\/10\/pache-open-colegiul-mihai-viteazul.png","width":640,"height":480},{"@type":"BreadcrumbList","@id":"https:\/\/www.rri.ro\/fr\/chroniques-hebdomadaires\/societe\/discours-public-et-debats-didees-id385504.html#breadcrumb","itemListElement":[{"@type":"ListItem","position":1,"name":"Page d'accueil","item":"https:\/\/www.rri.ro\/fr"},{"@type":"ListItem","position":2,"name":"Chroniques hebdomadaires","item":"https:\/\/www.rri.ro\/fr\/chroniques-hebdomadaires"},{"@type":"ListItem","position":3,"name":"Soci\u00e9t\u00e9","item":"https:\/\/www.rri.ro\/fr\/chroniques-hebdomadaires\/societe"},{"@type":"ListItem","position":4,"name":"Discours public et d\u00e9b\u00e2ts d&rsquo;id\u00e9es"}]},{"@type":"WebSite","@id":"https:\/\/www.rri.ro\/#website","url":"https:\/\/www.rri.ro\/","name":"Radio Roumanie Internationale","description":"Totul despre Rom\u00e2nia \u015fi rom\u00e2ni, \u00een 13 limbi\/dialecte!","inLanguage":"fr-FR"},{"@type":"Person","@id":"https:\/\/www.rri.ro\/#\/schema\/person\/90282b710df17e2fe4e8831187ac186f","name":"Christine Le\u0219cu","url":"https:\/\/www.rri.ro\/fr\/author\/christine-lescu"}]}},"_links":{"self":[{"href":"https:\/\/www.rri.ro\/fr\/wp-json\/wp\/v2\/posts\/385504","targetHints":{"allow":["GET"]}}],"collection":[{"href":"https:\/\/www.rri.ro\/fr\/wp-json\/wp\/v2\/posts"}],"about":[{"href":"https:\/\/www.rri.ro\/fr\/wp-json\/wp\/v2\/types\/post"}],"author":[{"embeddable":true,"href":"https:\/\/www.rri.ro\/fr\/wp-json\/wp\/v2\/users\/136"}],"replies":[{"embeddable":true,"href":"https:\/\/www.rri.ro\/fr\/wp-json\/wp\/v2\/comments?post=385504"}],"version-history":[{"count":0,"href":"https:\/\/www.rri.ro\/fr\/wp-json\/wp\/v2\/posts\/385504\/revisions"}],"wp:featuredmedia":[{"embeddable":true,"href":"https:\/\/www.rri.ro\/fr\/wp-json\/wp\/v2\/media\/141930"}],"wp:attachment":[{"href":"https:\/\/www.rri.ro\/fr\/wp-json\/wp\/v2\/media?parent=385504"}],"wp:term":[{"taxonomy":"category","embeddable":true,"href":"https:\/\/www.rri.ro\/fr\/wp-json\/wp\/v2\/categories?post=385504"},{"taxonomy":"post_tag","embeddable":true,"href":"https:\/\/www.rri.ro\/fr\/wp-json\/wp\/v2\/tags?post=385504"},{"taxonomy":"author","embeddable":true,"href":"https:\/\/www.rri.ro\/fr\/wp-json\/wp\/v2\/coauthors?post=385504"}],"curies":[{"name":"wp","href":"https:\/\/api.w.org\/{rel}","templated":true}]}}