{"id":385578,"date":"2017-08-16T15:20:00","date_gmt":"2017-08-16T12:20:00","guid":{"rendered":"http:\/\/devrri.freshlemon.ro\/le-roumain-mot-a-mot\/consulter-les-lecons\/les-paradoxes-roumains-de-la-pauvrete-id385578.html"},"modified":"2017-08-16T15:20:00","modified_gmt":"2017-08-16T12:20:00","slug":"les-paradoxes-roumains-de-la-pauvrete","status":"publish","type":"post","link":"https:\/\/www.rri.ro\/fr\/chroniques-hebdomadaires\/societe\/les-paradoxes-roumains-de-la-pauvrete-id385578.html","title":{"rendered":"Les paradoxes roumains de la pauvret\u00e9"},"content":{"rendered":"<p>10 ann\u00e9es apr\u00e8s ladh\u00e9sion de la Roumanie \u00e0 lUE, cest un bon moment pour dresser le bilan. Selon les statistiques, la Roumanie a fait des progr\u00e8s significatifs dans la baisse de la pauvret\u00e9. Si, en 2007, 47% des Roumains vivaient en dessous du seuil de pauvret\u00e9, en 2015, ce pourcentage avait baiss\u00e9 jusqu\u00e0 37%. Ces donn\u00e9es sont calcul\u00e9es en fonction dun certain indicateur statistique appel\u00e9 AROPE qui mesure tant les revenus annuels que les biens quune personne poss\u00e8de. Dans le cas des Roumains, cela veut dire que ces derni\u00e8res ann\u00e9es, plusieurs Roumains ont pu se permettre dacheter des appareils \u00e9lectriques, de l\u00e9lectrom\u00e9nager et un t\u00e9l\u00e9phone portable et aussi de consommer un repas avec de la viande un jour sur deux ou de partir en vacances une semaine par an.<\/p>\n<p>&#13;<br \/>\n&#13;<\/p>\n<p>&#13;<br \/>\n&#13;<\/p>\n<p>Par son projet \u00ab Le Moniteur social \u00bb, la Fondation Friedrich Ebert a analys\u00e9 les chiffres collect\u00e9s dans les ann\u00e9es \u00e9coul\u00e9es apr\u00e8s ladh\u00e9sion et a ses propres conclusions concernant la pauvret\u00e9. Victoria Stoiciu les a partag\u00e9es avec nous : <em>\u00ab Il est visible \u00e0 l\u0153il nu que beaucoup plus de gens ont aujourdhui un t\u00e9l\u00e9phone portable et une t\u00e9l\u00e9 couleur par rapport \u00e0 2007. Dune part, ces biens co\u00fbtent moins cher actuellement, et souscrire un cr\u00e9dit \u00e0 la consommation est beaucoup plus ais\u00e9 maintenant. Si nous consid\u00e9rons cet indicateur, on peut constater que la pauvret\u00e9 a baiss\u00e9 de mani\u00e8re consid\u00e9rable de 2007 \u00e0 2015. Et les Roumains m\u00e8nent une vie meilleure. \u00bb<\/em><\/p>\n<p>&#13;<br \/>\n&#13;<\/p>\n<p>&#13;<br \/>\n&#13;<\/p>\n<p>Dautre part, une conclusion paradoxale ressort des donn\u00e9es interpr\u00e9t\u00e9es par le \u00ab Moniteur social \u00bb : m\u00eame si les manques ont diminu\u00e9 dans lensemble, dans certains cas, ils se sont creus\u00e9s, en fait. Sil fallait analyser uniquement les revenus, donc les sommes dargent dont les gens disposent, nous serions surpris de constater que la pauvret\u00e9 est all\u00e9e croissant. A savoir, le nombre de ceux qui ont des revenus de 60% moins importants par rapport au revenu m\u00e9dian sest accru. En 2015, ils arrivaient \u00e0 pr\u00e8s de 25% de la population, alors quen 2007, leur pourcentage \u00e9tait de 18%.<\/p>\n<p>&#13;<br \/>\n&#13;<\/p>\n<p>&#13;<br \/>\n&#13;<\/p>\n<p>Victoria Stoiciu compl\u00e8te ce tableau : <em>\u00ab <\/em><em>Les Roumains les plus pauvres des continuent de se trouver en milieu rural, et sont en g\u00e9n\u00e9ral des personnes qui soccupent de lagriculture de subsistance. A leur \u00e9gard, aucun progr\u00e8s na \u00e9t\u00e9 constat\u00e9. En 2007, les 10% de Roumains les plus pauvres avaient 556 euros par an. Je parle des revenus, pas des salaires, mais des revenus qui peuvent \u00eatre r\u00e9alis\u00e9s aussi de la vente de la petite production du m\u00e9nage : \u0153ufs, fromage etc. En 2015, les revenus des plus pauvres arrivaient \u00e0 714 euros par an, donc une am\u00e9lioration insignifiante. Pr\u00e8s de 2 millions de Roumains vivent avec 714 euros par an. \u00bb<\/em><\/p>\n<p>&#13;<br \/>\n&#13;<\/p>\n<p>&#13;<br \/>\n&#13;<\/p>\n<p>Au sujet des manques dans lesquels vivent les villageois, surtout ceux des r\u00e9gions montagneuses, nous nous sommes entretenus avec Iulian Anghelu\u0163\u0103. Par sa fondation, \u00ab Free Miori\u0163a \u00bb, il a assum\u00e9, depuis quelques ann\u00e9es, un projet difficile : emmener l\u00e9lectricit\u00e9 dans les zones encore non \u00e9lectrifi\u00e9es de Roumanie. Ces zones sont encore nombreuses dans ce pays, et le manque d\u00e9lectricit\u00e9 est per\u00e7u de mani\u00e8re tr\u00e8s aigu\u00eb dans ces parties du pays qui sont les plus isol\u00e9es : les villages ou les habitations de montagne.<\/p>\n<p>&#13;<br \/>\n&#13;<\/p>\n<p>&#13;<br \/>\n&#13;<\/p>\n<p>Comment vivent les gens l\u00e0-bas ? Iulian Anghelu\u0163\u0103 : <em>\u00ab Il y a l\u00e0-bas des routes foresti\u00e8res. Il existe des sources deau, comme par exemple les sources de montagne. Mais pas d\u00e9lectricit\u00e9. L\u00e9lectricit\u00e9 na pas atteint la plupart des zones des Monts Apuseni, dans la partie montagneuse des d\u00e9partements tels que Hunedoara, Maramure<\/em><em>\u015f<\/em><em>, Bistri<\/em><em>\u0163<\/em><em>a N<\/em><em>\u0103<\/em><em>s<\/em><em>\u0103<\/em><em>ud. Il y a des plans et de soi-disant \u00e9tudes de faisabilit\u00e9. En plus, \u00e0 beaucoup dendroits, les rep\u00e8res obligatoires pour une existence civilis\u00e9e, comme l\u00e9cole ou le dispensaire, sont compl\u00e8tement absents. Ces gens-l\u00e0 vivent de lagriculture de subsistance. Chacun a quelques animaux, surtout des moutons et des vaches. La for\u00eat avoisinante est utilis\u00e9e pour le bois de chauffage, mais aussi pour la cueillette de diff\u00e9rents fruits, et celle des champignons. \u00bb<\/em><\/p>\n<p>&#13;<br \/>\n&#13;<\/p>\n<p>&#13;<br \/>\n&#13;<\/p>\n<p>L\u00e9lectricit\u00e9, cest un confort minimal pour ces gens, mais aussi la possibilit\u00e9 de sortir de lisolement. La lumi\u00e8re est arriv\u00e9e chez eux sous la forme de panneaux photovolta\u00efques ou solaires apport\u00e9s par Iulian Anghelu\u0163\u0103  et ses coll\u00e8gues de Free Miori\u0163a. Leur premi\u00e8re pens\u00e9e a \u00e9t\u00e9 pour les enfants qui vivent dans ces communaut\u00e9s isol\u00e9es. Ecoutons Iulian Anghelu\u0163\u0103: <em>\u00ab Toute habitation a besoin de main d\u0153uvre. Que cela nous plaise ou pas, les enfants aident aux t\u00e2ches m\u00e9nag\u00e8res. Ils vont en montagne avec les moutons ou aident les parents de diff\u00e9rentes autres mani\u00e8res. Leur vie est tr\u00e8s dure. L\u00e9ducation est rel\u00e9gu\u00e9e au second plan. Cest pourquoi \u00e0 moi, l\u00e9lectricit\u00e9 me semble importante. Elle est importante aussi pour les enfants au moment de faire leurs devoirs, elle est importante aussi pour linformation, et pour l\u00e9ducation dans son ensemble. Ainsi, on peut avoir acc\u00e8s \u00e0 la radio, au t\u00e9l\u00e9phone pour acc\u00e9der \u00e0 des services durgence tels que lambulance. \u00bb <\/em><\/p>\n<p>&#13;<br \/>\n&#13;<\/p>\n<p>&#13;<br \/>\n&#13;<\/p>\n<p>La situation des enfants et des jeunes compar\u00e9e \u00e0 celle des personnes \u00e2g\u00e9es est, dailleurs, un des paradoxes constat\u00e9s avec lanalyse de la baisse de la pauvret\u00e9, estime Victoria Stoiciu, repr\u00e9sentante de la Fondation Friedrich Ebert : <em>\u00ab Alors que la Roumanie a fait des progr\u00e8s en ce qui concerne la r\u00e9duction de la pauvret\u00e9 et de lexclusion sociale parmi les personnes \u00e2g\u00e9es, force est de constater que parmi les jeunes, les progr\u00e8s ont \u00e9t\u00e9 beaucoup plus modestes. La pauvret\u00e9 na baiss\u00e9 que de 6% entre 2007 et 2015 pour les jeunes de moins de 16 ans. Pour les plus de 64 ans, la pr\u00e9carit\u00e9 a baiss\u00e9 de 24%. Le rythme a \u00e9t\u00e9 beaucoup plus acc\u00e9l\u00e9r\u00e9. Ce serait une explication pour ce fait. En 2009, le gouvernement de l\u00e9poque a adopt\u00e9 une mesure qui a contribu\u00e9 de mani\u00e8re d\u00e9cisive \u00e0 la baisse de la pr\u00e9carit\u00e9 parmi les personnes \u00e2g\u00e9es : lintroduction de la retraite sociale minimum. Pour le moment, cette retraite est de 415 lei, soit 90 euros. Soyons francs ! 400 lei nassurent pas une vie d\u00e9cente, mais cest pourtant un peu mieux quavant. \u00bb<\/em><\/p>\n<p>&#13;<br \/>\n&#13;<\/p>\n<p>&#13;<br \/>\n&#13;<\/p>\n<p>Dans lattente de rem\u00e9dier \u00e0 ces d\u00e9calages par des politiques publiques de protection sociale, les initiatives entam\u00e9es par la soci\u00e9t\u00e9 civile essaient dy suppl\u00e9er. Cette derni\u00e8re ann\u00e9e, par exemple, Free Miori\u0163a a r\u00e9ussi \u00e0 livrer des panneaux solaires ou photovolta\u00efques \u00e0 78 habitations de 15 d\u00e9partements. Ainsi, cette derni\u00e8re ann\u00e9e, elle a contribu\u00e9 \u00e0 \u00e9lectrifier 4 \u00e9coles et deux \u00e9glises. (trad. : Ligia Mihaiescu)<\/p>\n<p>&#13;<\/p>\n","protected":false},"excerpt":{"rendered":"<p>10 ann\u00e9es apr\u00e8s ladh\u00e9sion de la Roumanie \u00e0 lUE, cest un bon moment pour dresser le bilan. Selon les statistiques, la Roumanie a fait des progr\u00e8s significatifs dans la baisse de la pauvret\u00e9. Si, en 2007, 47% des Roumains vivaient en dessous du seuil de pauvret\u00e9, en 2015, ce pourcentage avait baiss\u00e9 jusqu\u00e0 37%. Ces [&hellip;]<\/p>\n","protected":false},"author":136,"featured_media":141541,"comment_status":"closed","ping_status":"closed","sticky":false,"template":"","format":"standard","meta":{"_acf_changed":false,"footnotes":""},"categories":[85355],"tags":[86209,85650,85620,86809],"coauthors":[],"class_list":["post-385578","post","type-post","status-publish","format-standard","has-post-thumbnail","hentry","category-societe","tag-argent","tag-jeunes","tag-pauvrete","tag-revenu"],"acf":[],"yoast_head":"<!-- This site is optimized with the Yoast SEO plugin v27.5 - https:\/\/yoast.com\/product\/yoast-seo-wordpress\/ -->\n<title>Les paradoxes roumains de la pauvret\u00e9 - Radio Roumanie Internationale<\/title>\n<meta name=\"robots\" content=\"index, follow, max-snippet:-1, max-image-preview:large, max-video-preview:-1\" \/>\n<link rel=\"canonical\" href=\"https:\/\/www.rri.ro\/fr\/chroniques-hebdomadaires\/societe\/les-paradoxes-roumains-de-la-pauvrete-id385578.html\" \/>\n<meta property=\"og:locale\" content=\"fr_FR\" \/>\n<meta property=\"og:type\" content=\"article\" \/>\n<meta property=\"og:title\" content=\"Les paradoxes roumains de la pauvret\u00e9 - Radio Roumanie Internationale\" \/>\n<meta property=\"og:description\" content=\"10 ann\u00e9es apr\u00e8s ladh\u00e9sion de la Roumanie \u00e0 lUE, cest un bon moment pour dresser le bilan. Selon les statistiques, la Roumanie a fait des progr\u00e8s significatifs dans la baisse de la pauvret\u00e9. Si, en 2007, 47% des Roumains vivaient en dessous du seuil de pauvret\u00e9, en 2015, ce pourcentage avait baiss\u00e9 jusqu\u00e0 37%. Ces [&hellip;]\" \/>\n<meta property=\"og:url\" content=\"https:\/\/www.rri.ro\/fr\/chroniques-hebdomadaires\/societe\/les-paradoxes-roumains-de-la-pauvrete-id385578.html\" \/>\n<meta property=\"og:site_name\" content=\"Radio Roumanie Internationale\" \/>\n<meta property=\"article:published_time\" content=\"2017-08-16T12:20:00+00:00\" \/>\n<meta property=\"og:image\" content=\"https:\/\/www.rri.ro\/wp-content\/uploads\/2023\/10\/lumina-scoli-freemiorita.png\" \/>\n\t<meta property=\"og:image:width\" content=\"640\" \/>\n\t<meta property=\"og:image:height\" content=\"418\" \/>\n\t<meta property=\"og:image:type\" content=\"image\/png\" \/>\n<meta name=\"author\" content=\"Christine Le\u0219cu\" \/>\n<meta name=\"twitter:card\" content=\"summary_large_image\" \/>\n<meta name=\"twitter:label1\" content=\"\u00c9crit par\" \/>\n\t<meta name=\"twitter:data1\" content=\"Christine Le\u0219cu\" \/>\n\t<meta name=\"twitter:label2\" content=\"Dur\u00e9e de lecture estim\u00e9e\" \/>\n\t<meta name=\"twitter:data2\" content=\"6 minutes\" \/>\n\t<meta name=\"twitter:label3\" content=\"Written by\" \/>\n\t<meta name=\"twitter:data3\" content=\"Christine Le\u0219cu\" \/>\n<script type=\"application\/ld+json\" class=\"yoast-schema-graph\">{\"@context\":\"https:\\\/\\\/schema.org\",\"@graph\":[{\"@type\":\"Article\",\"@id\":\"https:\\\/\\\/www.rri.ro\\\/fr\\\/chroniques-hebdomadaires\\\/societe\\\/les-paradoxes-roumains-de-la-pauvrete-id385578.html#article\",\"isPartOf\":{\"@id\":\"https:\\\/\\\/www.rri.ro\\\/fr\\\/chroniques-hebdomadaires\\\/societe\\\/les-paradoxes-roumains-de-la-pauvrete-id385578.html\"},\"author\":{\"name\":\"Christine Le\u0219cu\",\"@id\":\"https:\\\/\\\/www.rri.ro\\\/#\\\/schema\\\/person\\\/90282b710df17e2fe4e8831187ac186f\"},\"headline\":\"Les paradoxes roumains de la pauvret\u00e9\",\"datePublished\":\"2017-08-16T12:20:00+00:00\",\"mainEntityOfPage\":{\"@id\":\"https:\\\/\\\/www.rri.ro\\\/fr\\\/chroniques-hebdomadaires\\\/societe\\\/les-paradoxes-roumains-de-la-pauvrete-id385578.html\"},\"wordCount\":1124,\"image\":{\"@id\":\"https:\\\/\\\/www.rri.ro\\\/fr\\\/chroniques-hebdomadaires\\\/societe\\\/les-paradoxes-roumains-de-la-pauvrete-id385578.html#primaryimage\"},\"thumbnailUrl\":\"https:\\\/\\\/www.rri.ro\\\/wp-content\\\/uploads\\\/2023\\\/10\\\/lumina-scoli-freemiorita.png\",\"keywords\":[\"argent\",\"jeunes\",\"pauvret\u00e9\",\"revenu\"],\"articleSection\":[\"Soci\u00e9t\u00e9\"],\"inLanguage\":\"fr-FR\"},{\"@type\":\"WebPage\",\"@id\":\"https:\\\/\\\/www.rri.ro\\\/fr\\\/chroniques-hebdomadaires\\\/societe\\\/les-paradoxes-roumains-de-la-pauvrete-id385578.html\",\"url\":\"https:\\\/\\\/www.rri.ro\\\/fr\\\/chroniques-hebdomadaires\\\/societe\\\/les-paradoxes-roumains-de-la-pauvrete-id385578.html\",\"name\":\"Les paradoxes roumains de la pauvret\u00e9 - Radio Roumanie Internationale\",\"isPartOf\":{\"@id\":\"https:\\\/\\\/www.rri.ro\\\/#website\"},\"primaryImageOfPage\":{\"@id\":\"https:\\\/\\\/www.rri.ro\\\/fr\\\/chroniques-hebdomadaires\\\/societe\\\/les-paradoxes-roumains-de-la-pauvrete-id385578.html#primaryimage\"},\"image\":{\"@id\":\"https:\\\/\\\/www.rri.ro\\\/fr\\\/chroniques-hebdomadaires\\\/societe\\\/les-paradoxes-roumains-de-la-pauvrete-id385578.html#primaryimage\"},\"thumbnailUrl\":\"https:\\\/\\\/www.rri.ro\\\/wp-content\\\/uploads\\\/2023\\\/10\\\/lumina-scoli-freemiorita.png\",\"datePublished\":\"2017-08-16T12:20:00+00:00\",\"author\":{\"@id\":\"https:\\\/\\\/www.rri.ro\\\/#\\\/schema\\\/person\\\/90282b710df17e2fe4e8831187ac186f\"},\"breadcrumb\":{\"@id\":\"https:\\\/\\\/www.rri.ro\\\/fr\\\/chroniques-hebdomadaires\\\/societe\\\/les-paradoxes-roumains-de-la-pauvrete-id385578.html#breadcrumb\"},\"inLanguage\":\"fr-FR\",\"potentialAction\":[{\"@type\":\"ReadAction\",\"target\":[\"https:\\\/\\\/www.rri.ro\\\/fr\\\/chroniques-hebdomadaires\\\/societe\\\/les-paradoxes-roumains-de-la-pauvrete-id385578.html\"]}]},{\"@type\":\"ImageObject\",\"inLanguage\":\"fr-FR\",\"@id\":\"https:\\\/\\\/www.rri.ro\\\/fr\\\/chroniques-hebdomadaires\\\/societe\\\/les-paradoxes-roumains-de-la-pauvrete-id385578.html#primaryimage\",\"url\":\"https:\\\/\\\/www.rri.ro\\\/wp-content\\\/uploads\\\/2023\\\/10\\\/lumina-scoli-freemiorita.png\",\"contentUrl\":\"https:\\\/\\\/www.rri.ro\\\/wp-content\\\/uploads\\\/2023\\\/10\\\/lumina-scoli-freemiorita.png\",\"width\":640,\"height\":418},{\"@type\":\"BreadcrumbList\",\"@id\":\"https:\\\/\\\/www.rri.ro\\\/fr\\\/chroniques-hebdomadaires\\\/societe\\\/les-paradoxes-roumains-de-la-pauvrete-id385578.html#breadcrumb\",\"itemListElement\":[{\"@type\":\"ListItem\",\"position\":1,\"name\":\"Page d'accueil\",\"item\":\"https:\\\/\\\/www.rri.ro\\\/fr\"},{\"@type\":\"ListItem\",\"position\":2,\"name\":\"Chroniques hebdomadaires\",\"item\":\"https:\\\/\\\/www.rri.ro\\\/fr\\\/chroniques-hebdomadaires\"},{\"@type\":\"ListItem\",\"position\":3,\"name\":\"Soci\u00e9t\u00e9\",\"item\":\"https:\\\/\\\/www.rri.ro\\\/fr\\\/chroniques-hebdomadaires\\\/societe\"},{\"@type\":\"ListItem\",\"position\":4,\"name\":\"Les paradoxes roumains de la pauvret\u00e9\"}]},{\"@type\":\"WebSite\",\"@id\":\"https:\\\/\\\/www.rri.ro\\\/#website\",\"url\":\"https:\\\/\\\/www.rri.ro\\\/\",\"name\":\"Radio Roumanie Internationale\",\"description\":\"Totul despre Rom\u00e2nia \u015fi rom\u00e2ni, \u00een 13 limbi\\\/dialecte!\",\"inLanguage\":\"fr-FR\"},{\"@type\":\"Person\",\"@id\":\"https:\\\/\\\/www.rri.ro\\\/#\\\/schema\\\/person\\\/90282b710df17e2fe4e8831187ac186f\",\"name\":\"Christine Le\u0219cu\",\"url\":\"https:\\\/\\\/www.rri.ro\\\/fr\\\/author\\\/christine-lescu\"}]}<\/script>\n<!-- \/ Yoast SEO plugin. -->","yoast_head_json":{"title":"Les paradoxes roumains de la pauvret\u00e9 - Radio Roumanie Internationale","robots":{"index":"index","follow":"follow","max-snippet":"max-snippet:-1","max-image-preview":"max-image-preview:large","max-video-preview":"max-video-preview:-1"},"canonical":"https:\/\/www.rri.ro\/fr\/chroniques-hebdomadaires\/societe\/les-paradoxes-roumains-de-la-pauvrete-id385578.html","og_locale":"fr_FR","og_type":"article","og_title":"Les paradoxes roumains de la pauvret\u00e9 - Radio Roumanie Internationale","og_description":"10 ann\u00e9es apr\u00e8s ladh\u00e9sion de la Roumanie \u00e0 lUE, cest un bon moment pour dresser le bilan. Selon les statistiques, la Roumanie a fait des progr\u00e8s significatifs dans la baisse de la pauvret\u00e9. Si, en 2007, 47% des Roumains vivaient en dessous du seuil de pauvret\u00e9, en 2015, ce pourcentage avait baiss\u00e9 jusqu\u00e0 37%. Ces [&hellip;]","og_url":"https:\/\/www.rri.ro\/fr\/chroniques-hebdomadaires\/societe\/les-paradoxes-roumains-de-la-pauvrete-id385578.html","og_site_name":"Radio Roumanie Internationale","article_published_time":"2017-08-16T12:20:00+00:00","og_image":[{"width":640,"height":418,"url":"https:\/\/www.rri.ro\/wp-content\/uploads\/2023\/10\/lumina-scoli-freemiorita.png","type":"image\/png"}],"author":"Christine Le\u0219cu","twitter_card":"summary_large_image","twitter_misc":{"\u00c9crit par":"Christine Le\u0219cu","Dur\u00e9e de lecture estim\u00e9e":"6 minutes","Written by":"Christine Le\u0219cu"},"schema":{"@context":"https:\/\/schema.org","@graph":[{"@type":"Article","@id":"https:\/\/www.rri.ro\/fr\/chroniques-hebdomadaires\/societe\/les-paradoxes-roumains-de-la-pauvrete-id385578.html#article","isPartOf":{"@id":"https:\/\/www.rri.ro\/fr\/chroniques-hebdomadaires\/societe\/les-paradoxes-roumains-de-la-pauvrete-id385578.html"},"author":{"name":"Christine Le\u0219cu","@id":"https:\/\/www.rri.ro\/#\/schema\/person\/90282b710df17e2fe4e8831187ac186f"},"headline":"Les paradoxes roumains de la pauvret\u00e9","datePublished":"2017-08-16T12:20:00+00:00","mainEntityOfPage":{"@id":"https:\/\/www.rri.ro\/fr\/chroniques-hebdomadaires\/societe\/les-paradoxes-roumains-de-la-pauvrete-id385578.html"},"wordCount":1124,"image":{"@id":"https:\/\/www.rri.ro\/fr\/chroniques-hebdomadaires\/societe\/les-paradoxes-roumains-de-la-pauvrete-id385578.html#primaryimage"},"thumbnailUrl":"https:\/\/www.rri.ro\/wp-content\/uploads\/2023\/10\/lumina-scoli-freemiorita.png","keywords":["argent","jeunes","pauvret\u00e9","revenu"],"articleSection":["Soci\u00e9t\u00e9"],"inLanguage":"fr-FR"},{"@type":"WebPage","@id":"https:\/\/www.rri.ro\/fr\/chroniques-hebdomadaires\/societe\/les-paradoxes-roumains-de-la-pauvrete-id385578.html","url":"https:\/\/www.rri.ro\/fr\/chroniques-hebdomadaires\/societe\/les-paradoxes-roumains-de-la-pauvrete-id385578.html","name":"Les paradoxes roumains de la pauvret\u00e9 - Radio Roumanie Internationale","isPartOf":{"@id":"https:\/\/www.rri.ro\/#website"},"primaryImageOfPage":{"@id":"https:\/\/www.rri.ro\/fr\/chroniques-hebdomadaires\/societe\/les-paradoxes-roumains-de-la-pauvrete-id385578.html#primaryimage"},"image":{"@id":"https:\/\/www.rri.ro\/fr\/chroniques-hebdomadaires\/societe\/les-paradoxes-roumains-de-la-pauvrete-id385578.html#primaryimage"},"thumbnailUrl":"https:\/\/www.rri.ro\/wp-content\/uploads\/2023\/10\/lumina-scoli-freemiorita.png","datePublished":"2017-08-16T12:20:00+00:00","author":{"@id":"https:\/\/www.rri.ro\/#\/schema\/person\/90282b710df17e2fe4e8831187ac186f"},"breadcrumb":{"@id":"https:\/\/www.rri.ro\/fr\/chroniques-hebdomadaires\/societe\/les-paradoxes-roumains-de-la-pauvrete-id385578.html#breadcrumb"},"inLanguage":"fr-FR","potentialAction":[{"@type":"ReadAction","target":["https:\/\/www.rri.ro\/fr\/chroniques-hebdomadaires\/societe\/les-paradoxes-roumains-de-la-pauvrete-id385578.html"]}]},{"@type":"ImageObject","inLanguage":"fr-FR","@id":"https:\/\/www.rri.ro\/fr\/chroniques-hebdomadaires\/societe\/les-paradoxes-roumains-de-la-pauvrete-id385578.html#primaryimage","url":"https:\/\/www.rri.ro\/wp-content\/uploads\/2023\/10\/lumina-scoli-freemiorita.png","contentUrl":"https:\/\/www.rri.ro\/wp-content\/uploads\/2023\/10\/lumina-scoli-freemiorita.png","width":640,"height":418},{"@type":"BreadcrumbList","@id":"https:\/\/www.rri.ro\/fr\/chroniques-hebdomadaires\/societe\/les-paradoxes-roumains-de-la-pauvrete-id385578.html#breadcrumb","itemListElement":[{"@type":"ListItem","position":1,"name":"Page d'accueil","item":"https:\/\/www.rri.ro\/fr"},{"@type":"ListItem","position":2,"name":"Chroniques hebdomadaires","item":"https:\/\/www.rri.ro\/fr\/chroniques-hebdomadaires"},{"@type":"ListItem","position":3,"name":"Soci\u00e9t\u00e9","item":"https:\/\/www.rri.ro\/fr\/chroniques-hebdomadaires\/societe"},{"@type":"ListItem","position":4,"name":"Les paradoxes roumains de la pauvret\u00e9"}]},{"@type":"WebSite","@id":"https:\/\/www.rri.ro\/#website","url":"https:\/\/www.rri.ro\/","name":"Radio Roumanie Internationale","description":"Totul despre Rom\u00e2nia \u015fi rom\u00e2ni, \u00een 13 limbi\/dialecte!","inLanguage":"fr-FR"},{"@type":"Person","@id":"https:\/\/www.rri.ro\/#\/schema\/person\/90282b710df17e2fe4e8831187ac186f","name":"Christine Le\u0219cu","url":"https:\/\/www.rri.ro\/fr\/author\/christine-lescu"}]}},"_links":{"self":[{"href":"https:\/\/www.rri.ro\/fr\/wp-json\/wp\/v2\/posts\/385578","targetHints":{"allow":["GET"]}}],"collection":[{"href":"https:\/\/www.rri.ro\/fr\/wp-json\/wp\/v2\/posts"}],"about":[{"href":"https:\/\/www.rri.ro\/fr\/wp-json\/wp\/v2\/types\/post"}],"author":[{"embeddable":true,"href":"https:\/\/www.rri.ro\/fr\/wp-json\/wp\/v2\/users\/136"}],"replies":[{"embeddable":true,"href":"https:\/\/www.rri.ro\/fr\/wp-json\/wp\/v2\/comments?post=385578"}],"version-history":[{"count":0,"href":"https:\/\/www.rri.ro\/fr\/wp-json\/wp\/v2\/posts\/385578\/revisions"}],"wp:featuredmedia":[{"embeddable":true,"href":"https:\/\/www.rri.ro\/fr\/wp-json\/wp\/v2\/media\/141541"}],"wp:attachment":[{"href":"https:\/\/www.rri.ro\/fr\/wp-json\/wp\/v2\/media?parent=385578"}],"wp:term":[{"taxonomy":"category","embeddable":true,"href":"https:\/\/www.rri.ro\/fr\/wp-json\/wp\/v2\/categories?post=385578"},{"taxonomy":"post_tag","embeddable":true,"href":"https:\/\/www.rri.ro\/fr\/wp-json\/wp\/v2\/tags?post=385578"},{"taxonomy":"author","embeddable":true,"href":"https:\/\/www.rri.ro\/fr\/wp-json\/wp\/v2\/coauthors?post=385578"}],"curies":[{"name":"wp","href":"https:\/\/api.w.org\/{rel}","templated":true}]}}