{"id":385797,"date":"2020-07-22T13:48:00","date_gmt":"2020-07-22T10:48:00","guid":{"rendered":"http:\/\/devrri.freshlemon.ro\/le-roumain-mot-a-mot\/consulter-les-lecons\/gestion-des-cas-de-seropositivite-vih-sida-en-roumanie-id385797.html"},"modified":"2020-07-22T13:48:00","modified_gmt":"2020-07-22T10:48:00","slug":"gestion-des-cas-de-seropositivite-vih-sida-en-roumanie","status":"publish","type":"post","link":"https:\/\/www.rri.ro\/fr\/chroniques-hebdomadaires\/societe\/gestion-des-cas-de-seropositivite-vih-sida-en-roumanie-id385797.html","title":{"rendered":"Gestion des cas de s\u00e9ropositivit\u00e9 VIH-SIDA en Roumanie"},"content":{"rendered":"<p>La s\u00e9ropositivit\u00e9 VIH\/SIDA continue d&rsquo;\u00eatre un probl\u00e8me de sant\u00e9 publique dans le monde entier. La maladie a d\u00e9j\u00e0 tu\u00e9 des millions de personnes sur la plan\u00e8te et, malgr\u00e9 les progr\u00e8s enregistr\u00e9s par la recherche m\u00e9dicale, un traitement qui \u00e9limine la maladie n&rsquo;a toujours pas \u00e9t\u00e9 mis au point. En 2018, les statistiques faisaient \u00e9tat de plus de 37 millions de s\u00e9ropositifs dans le monde et de 16.000 en Roumanie. Environ 700 nous cas sont d\u00e9pist\u00e9s chaque ann\u00e9e, l&rsquo;infection \u00e9tant bien avanc\u00e9e pour plus de la moiti\u00e9 d&rsquo;entre eux. Pourtant, l&rsquo;esp\u00e9rance de vie d&rsquo;une personne s\u00e9ropositive s&rsquo;est accrue partout o\u00f9 il existe des programmes nationaux de traitement. <\/p>\n<p><\/p>\n<p>La Roumanie a mis en place un Programme national de lutte contre le VIH\/SIDA, ce qui lui permet de disposer de m\u00e9dicaments antir\u00e9troviraux (ARV) de derni\u00e8re g\u00e9n\u00e9ration, qui emp\u00eachent la contamination au VIH de nouvelles cellules. Le pays a cependant besoin de programmes de pr\u00e9vention par l&rsquo;\u00e9ducation, avec un accent mis sur les groupes de population vuln\u00e9rables et sur les communaut\u00e9s d\u00e9favoris\u00e9es. <\/p>\n<p><\/p>\n<p>Hora\u021biu Moldovan, secr\u00e9taire d&rsquo;Etat au minist\u00e8re de la sant\u00e9 de Bucarest, d\u00e9veloppe le sujet: <em class=cms-italic>\u00abNotre objectif est de maintenir la Roumanie parmi les pays \u00e0 faible risque d&rsquo;infection VIH\/SIDA. Le minist\u00e8re de la sant\u00e9 a mis en \u0153uvre, depuis 1985, un programme national de lutte contre le VIH\/SIDA. Le budget en a \u00e9t\u00e9 de 303 millions de lei en 2018 et de 328 millions de lei en 2019. C&rsquo;est une petite hausse de 9%, le nombre de malades VIH\/SIDA pris en charge actuellement \u00e9tant d&rsquo;environ 13.000. Entre temps, le minist\u00e8re de la sant\u00e9 a \u00e9labor\u00e9 un Programme national strat\u00e9gique de surveillance, contr\u00f4le et pr\u00e9vention des cas d&rsquo;infection VIH\/SIDA pour 2019 &#8211; 2021. C&rsquo;est un document finalis\u00e9, de strat\u00e9gie de politique publique, mais qui n&rsquo;a pas \u00e9t\u00e9 approuv\u00e9 ni mis en \u0153uvre au cours du mandat minist\u00e9riel pr\u00e9c\u00e9dent. \u00bb<\/em><\/p>\n<p><\/p>\n<p>Malheureusement, pour les malades, la stigmatisation sociale et la discrimination sont plus difficiles \u00e0 supporter que la maladie elle-m\u00eame. Ces gens cachent leur maladie, ce qui a pour cons\u00e9quence sa diss\u00e9mination, explique Hora\u0163iu Moldovan.: <em class=cms-italic>\u00ab En tant que chirurgien cardiovasculaire, je me suis souvent trouv\u00e9 dans des situations o\u00f9 j&rsquo;ai op\u00e9r\u00e9 des malades s\u00e9ropositifs. Mais c&rsquo;\u00e9tait encore plus difficile quand je devais envoyer de tels patients \u00e0 des confr\u00e8res chirurgiens, qui manifestaient une certaine r\u00e9ticence \u00e0 s&rsquo;impliquer dans de tels cas. Il ne suffit pas qu&rsquo;un chirurgien accepte d&rsquo;op\u00e9rer un patient s\u00e9ropositif, encore faut-il que l&rsquo;institution l&rsquo;accepte, car la cha\u00eene technologique m\u00e9dicale est plus longue. Il y a une peur \u00e0 l&rsquo;\u00e9gard de ces patients, mais, au minist\u00e8re de la sant\u00e9, nous nous proposons d&rsquo;att\u00e9nuer ces asp\u00e9rit\u00e9s, pour que tous ces malades puissent recevoir le traitement m\u00e9dical, chirurgical, dont ils ont besoin. \u00bb <\/em><\/p>\n<p><\/p>\n<p>Un autre probl\u00e8me qui n\u00e9cessite une solution est celui de l&rsquo;approvisionnement discontinu en m\u00e9dicaments, avec des effets n\u00e9gatifs sur le traitement. La Roumanie r\u00e9alise en partie les objectifs d&rsquo;acc\u00e8s \u00e0 la th\u00e9rapie antivirale continue, 67% des malades b\u00e9n\u00e9ficiant de traitement sp\u00e9cifique et 54% en \u00e9tant arriv\u00e9s \u00e0 la suppression de la charge virale (ils ne transmettent plus la maladie). Le Pr Adrian Streinu Cercel, manager de l&rsquo;Institut national des maladies infectieuses \u00ab Pr Matei Bal\u015f \u00bb, ajoute: <em class=cms-italic>\u00abLe patient s\u00e9ropositif d&rsquo;aujourd&rsquo;hui ne ressemble plus du tout \u00e0 celui infect\u00e9 au VIH en 1985. Celui d&rsquo;aujourd&rsquo;hui avale une pilule par jour, qui contient 3 ou 4 substances, et il m\u00e8ne une vie absolument normale. Certes, toutes sortes de choses peuvent se manifester durant la vie d&rsquo;un tel patient, mais elles ne seront pas li\u00e9es au VIH. Ce virus n&rsquo;est pas pr\u00eat \u00e0 dispara\u00eetre, et c&rsquo;est \u00e0 cause de nous, parce que nous ne nous prot\u00e9geons pas&#8230; Si on ne le fait pas, on assume le risque. La Roumanie a eu et continue d&rsquo;avoir un programme exceptionnel, y compris de soutient pour les patients. \u00bb<\/em><\/p>\n<p><\/p>\n<p>Il est possible qu&rsquo;\u00e0 partir de cette ann\u00e9e, les malades du VIH\/SIDA de Roumanie se voient d\u00e9livrer les m\u00e9dicaments \u00e0 leur domicile. De l&rsquo;avis des m\u00e9decins, cette mesure est particuli\u00e8rement b\u00e9n\u00e9fique, notamment pour les malades actifs, qui ont un emploi et qui ne seront plus oblig\u00e9s \u00e0 prendre une journ\u00e9e libre par mois pour aller chercher les m\u00e9dicaments \u00e0 l&rsquo;h\u00f4pital. A part cela, le programme de lutte contre le VIH\/SIDA est tr\u00e8s bien encadr\u00e9, les coordonn\u00e9es des s\u00e9ropositifs\/malades sont connues, ce qui permettrait une distribution zonale des m\u00e9dicaments, ajoute Adrian Streinu Cercel: <em class=cms-italic>\u00abLes \u00e9volutions en Roumanie sont tr\u00e8s bonnes: le nombre de contaminations continue \u00e0 baisser, les s\u00e9ropositifs sont bien pris en charge et redirig\u00e9s vers les centres r\u00e9gionaux. La Roumanie est le seul pays europ\u00e9ens \u00e0 enregistrer chaque patient avec nom, pr\u00e9noms et num\u00e9ro de s\u00e9curit\u00e9 sociale, ce qui nous permet d&rsquo;avoir une image juste de l&rsquo;\u00e9volution du ph\u00e9nom\u00e8ne. En 2018, toutes les \u00e9volutions ont \u00e9t\u00e9 \u00e0 la baisse. Nous avons encore des probl\u00e8mes avec des femmes enceintes qui refusent la prophylaxie pour le nouveau-n\u00e9. C&rsquo;est pourquoi nous avons cr\u00e9\u00e9 un registre des nouveau-n\u00e9s de m\u00e8res s\u00e9ropositives, que font l&rsquo;objet d&rsquo;un suivi m\u00e9dical.<\/em>Les experts estiment, pour 2020, un nombre global d&rsquo;environ 500.000 infections au VIH et de 200.000 pour 2030. (Trad. : Ileana \u0162\u0103roi)<\/p>\n","protected":false},"excerpt":{"rendered":"<p>La s\u00e9ropositivit\u00e9 VIH\/SIDA continue d&rsquo;\u00eatre un probl\u00e8me de sant\u00e9 publique dans le monde entier. La maladie a d\u00e9j\u00e0 tu\u00e9 des millions de personnes sur la plan\u00e8te et, malgr\u00e9 les progr\u00e8s enregistr\u00e9s par la recherche m\u00e9dicale, un traitement qui \u00e9limine la maladie n&rsquo;a toujours pas \u00e9t\u00e9 mis au point. En 2018, les statistiques faisaient \u00e9tat de [&hellip;]<\/p>\n","protected":false},"author":2,"featured_media":143384,"comment_status":"closed","ping_status":"closed","sticky":false,"template":"","format":"standard","meta":{"_acf_changed":false,"footnotes":""},"categories":[85355],"tags":[29951,69174,85855,86066,51515,86134],"coauthors":[],"class_list":["post-385797","post","type-post","status-publish","format-standard","has-post-thumbnail","hentry","category-societe","tag-infection","tag-maladie","tag-medicaments","tag-sante","tag-sida","tag-vih"],"acf":[],"yoast_head":"<!-- This site is optimized with the Yoast SEO plugin v27.5 - https:\/\/yoast.com\/product\/yoast-seo-wordpress\/ -->\n<title>Gestion des cas de s\u00e9ropositivit\u00e9 VIH-SIDA en Roumanie - Radio Roumanie Internationale<\/title>\n<meta name=\"robots\" content=\"index, follow, max-snippet:-1, max-image-preview:large, max-video-preview:-1\" \/>\n<link rel=\"canonical\" href=\"https:\/\/www.rri.ro\/fr\/chroniques-hebdomadaires\/societe\/gestion-des-cas-de-seropositivite-vih-sida-en-roumanie-id385797.html\" \/>\n<meta property=\"og:locale\" content=\"fr_FR\" \/>\n<meta property=\"og:type\" content=\"article\" \/>\n<meta property=\"og:title\" content=\"Gestion des cas de s\u00e9ropositivit\u00e9 VIH-SIDA en Roumanie - Radio Roumanie Internationale\" \/>\n<meta property=\"og:description\" content=\"La s\u00e9ropositivit\u00e9 VIH\/SIDA continue d&rsquo;\u00eatre un probl\u00e8me de sant\u00e9 publique dans le monde entier. La maladie a d\u00e9j\u00e0 tu\u00e9 des millions de personnes sur la plan\u00e8te et, malgr\u00e9 les progr\u00e8s enregistr\u00e9s par la recherche m\u00e9dicale, un traitement qui \u00e9limine la maladie n&rsquo;a toujours pas \u00e9t\u00e9 mis au point. En 2018, les statistiques faisaient \u00e9tat de [&hellip;]\" \/>\n<meta property=\"og:url\" content=\"https:\/\/www.rri.ro\/fr\/chroniques-hebdomadaires\/societe\/gestion-des-cas-de-seropositivite-vih-sida-en-roumanie-id385797.html\" \/>\n<meta property=\"og:site_name\" content=\"Radio Roumanie Internationale\" \/>\n<meta property=\"article:published_time\" content=\"2020-07-22T10:48:00+00:00\" \/>\n<meta property=\"og:image\" content=\"https:\/\/www.rri.ro\/wp-content\/uploads\/2023\/10\/hiv-virus-sida-infectare-celulule-sanatate-foto-pixabay-com.png\" \/>\n\t<meta property=\"og:image:width\" content=\"640\" \/>\n\t<meta property=\"og:image:height\" content=\"361\" \/>\n\t<meta property=\"og:image:type\" content=\"image\/png\" \/>\n<meta name=\"author\" content=\"Rom\u00e2nia Interna\u021bional\" \/>\n<meta name=\"twitter:card\" content=\"summary_large_image\" \/>\n<meta name=\"twitter:label1\" content=\"\u00c9crit par\" \/>\n\t<meta name=\"twitter:data1\" content=\"Rom\u00e2nia Interna\u021bional\" \/>\n\t<meta name=\"twitter:label2\" content=\"Dur\u00e9e de lecture estim\u00e9e\" \/>\n\t<meta name=\"twitter:data2\" content=\"5 minutes\" \/>\n\t<meta name=\"twitter:label3\" content=\"Written by\" \/>\n\t<meta name=\"twitter:data3\" content=\"Rom\u00e2nia Interna\u021bional\" \/>\n<script type=\"application\/ld+json\" class=\"yoast-schema-graph\">{\"@context\":\"https:\\\/\\\/schema.org\",\"@graph\":[{\"@type\":\"Article\",\"@id\":\"https:\\\/\\\/www.rri.ro\\\/fr\\\/chroniques-hebdomadaires\\\/societe\\\/gestion-des-cas-de-seropositivite-vih-sida-en-roumanie-id385797.html#article\",\"isPartOf\":{\"@id\":\"https:\\\/\\\/www.rri.ro\\\/fr\\\/chroniques-hebdomadaires\\\/societe\\\/gestion-des-cas-de-seropositivite-vih-sida-en-roumanie-id385797.html\"},\"author\":{\"name\":\"Rom\u00e2nia Interna\u021bional\",\"@id\":\"https:\\\/\\\/www.rri.ro\\\/#\\\/schema\\\/person\\\/18fac491bccbfe149b92aea77ad60abd\"},\"headline\":\"Gestion des cas de s\u00e9ropositivit\u00e9 VIH-SIDA en Roumanie\",\"datePublished\":\"2020-07-22T10:48:00+00:00\",\"mainEntityOfPage\":{\"@id\":\"https:\\\/\\\/www.rri.ro\\\/fr\\\/chroniques-hebdomadaires\\\/societe\\\/gestion-des-cas-de-seropositivite-vih-sida-en-roumanie-id385797.html\"},\"wordCount\":965,\"image\":{\"@id\":\"https:\\\/\\\/www.rri.ro\\\/fr\\\/chroniques-hebdomadaires\\\/societe\\\/gestion-des-cas-de-seropositivite-vih-sida-en-roumanie-id385797.html#primaryimage\"},\"thumbnailUrl\":\"https:\\\/\\\/www.rri.ro\\\/wp-content\\\/uploads\\\/2023\\\/10\\\/hiv-virus-sida-infectare-celulule-sanatate-foto-pixabay-com.png\",\"keywords\":[\"infection\",\"maladie\",\"m\u00e9dicaments\",\"sant\u00e9\",\"SIDA\",\"VIH\"],\"articleSection\":[\"Soci\u00e9t\u00e9\"],\"inLanguage\":\"fr-FR\"},{\"@type\":\"WebPage\",\"@id\":\"https:\\\/\\\/www.rri.ro\\\/fr\\\/chroniques-hebdomadaires\\\/societe\\\/gestion-des-cas-de-seropositivite-vih-sida-en-roumanie-id385797.html\",\"url\":\"https:\\\/\\\/www.rri.ro\\\/fr\\\/chroniques-hebdomadaires\\\/societe\\\/gestion-des-cas-de-seropositivite-vih-sida-en-roumanie-id385797.html\",\"name\":\"Gestion des cas de s\u00e9ropositivit\u00e9 VIH-SIDA en Roumanie - Radio Roumanie Internationale\",\"isPartOf\":{\"@id\":\"https:\\\/\\\/www.rri.ro\\\/#website\"},\"primaryImageOfPage\":{\"@id\":\"https:\\\/\\\/www.rri.ro\\\/fr\\\/chroniques-hebdomadaires\\\/societe\\\/gestion-des-cas-de-seropositivite-vih-sida-en-roumanie-id385797.html#primaryimage\"},\"image\":{\"@id\":\"https:\\\/\\\/www.rri.ro\\\/fr\\\/chroniques-hebdomadaires\\\/societe\\\/gestion-des-cas-de-seropositivite-vih-sida-en-roumanie-id385797.html#primaryimage\"},\"thumbnailUrl\":\"https:\\\/\\\/www.rri.ro\\\/wp-content\\\/uploads\\\/2023\\\/10\\\/hiv-virus-sida-infectare-celulule-sanatate-foto-pixabay-com.png\",\"datePublished\":\"2020-07-22T10:48:00+00:00\",\"author\":{\"@id\":\"https:\\\/\\\/www.rri.ro\\\/#\\\/schema\\\/person\\\/18fac491bccbfe149b92aea77ad60abd\"},\"breadcrumb\":{\"@id\":\"https:\\\/\\\/www.rri.ro\\\/fr\\\/chroniques-hebdomadaires\\\/societe\\\/gestion-des-cas-de-seropositivite-vih-sida-en-roumanie-id385797.html#breadcrumb\"},\"inLanguage\":\"fr-FR\",\"potentialAction\":[{\"@type\":\"ReadAction\",\"target\":[\"https:\\\/\\\/www.rri.ro\\\/fr\\\/chroniques-hebdomadaires\\\/societe\\\/gestion-des-cas-de-seropositivite-vih-sida-en-roumanie-id385797.html\"]}]},{\"@type\":\"ImageObject\",\"inLanguage\":\"fr-FR\",\"@id\":\"https:\\\/\\\/www.rri.ro\\\/fr\\\/chroniques-hebdomadaires\\\/societe\\\/gestion-des-cas-de-seropositivite-vih-sida-en-roumanie-id385797.html#primaryimage\",\"url\":\"https:\\\/\\\/www.rri.ro\\\/wp-content\\\/uploads\\\/2023\\\/10\\\/hiv-virus-sida-infectare-celulule-sanatate-foto-pixabay-com.png\",\"contentUrl\":\"https:\\\/\\\/www.rri.ro\\\/wp-content\\\/uploads\\\/2023\\\/10\\\/hiv-virus-sida-infectare-celulule-sanatate-foto-pixabay-com.png\",\"width\":640,\"height\":361},{\"@type\":\"BreadcrumbList\",\"@id\":\"https:\\\/\\\/www.rri.ro\\\/fr\\\/chroniques-hebdomadaires\\\/societe\\\/gestion-des-cas-de-seropositivite-vih-sida-en-roumanie-id385797.html#breadcrumb\",\"itemListElement\":[{\"@type\":\"ListItem\",\"position\":1,\"name\":\"Page d'accueil\",\"item\":\"https:\\\/\\\/www.rri.ro\\\/fr\"},{\"@type\":\"ListItem\",\"position\":2,\"name\":\"Chroniques hebdomadaires\",\"item\":\"https:\\\/\\\/www.rri.ro\\\/fr\\\/chroniques-hebdomadaires\"},{\"@type\":\"ListItem\",\"position\":3,\"name\":\"Soci\u00e9t\u00e9\",\"item\":\"https:\\\/\\\/www.rri.ro\\\/fr\\\/chroniques-hebdomadaires\\\/societe\"},{\"@type\":\"ListItem\",\"position\":4,\"name\":\"Gestion des cas de s\u00e9ropositivit\u00e9 VIH-SIDA en Roumanie\"}]},{\"@type\":\"WebSite\",\"@id\":\"https:\\\/\\\/www.rri.ro\\\/#website\",\"url\":\"https:\\\/\\\/www.rri.ro\\\/\",\"name\":\"Radio Roumanie Internationale\",\"description\":\"Totul despre Rom\u00e2nia \u015fi rom\u00e2ni, \u00een 13 limbi\\\/dialecte!\",\"inLanguage\":\"fr-FR\"},{\"@type\":\"Person\",\"@id\":\"https:\\\/\\\/www.rri.ro\\\/#\\\/schema\\\/person\\\/18fac491bccbfe149b92aea77ad60abd\",\"name\":\"Rom\u00e2nia Interna\u021bional\",\"url\":\"https:\\\/\\\/www.rri.ro\\\/fr\\\/author\\\/redactia\"}]}<\/script>\n<!-- \/ Yoast SEO plugin. -->","yoast_head_json":{"title":"Gestion des cas de s\u00e9ropositivit\u00e9 VIH-SIDA en Roumanie - Radio Roumanie Internationale","robots":{"index":"index","follow":"follow","max-snippet":"max-snippet:-1","max-image-preview":"max-image-preview:large","max-video-preview":"max-video-preview:-1"},"canonical":"https:\/\/www.rri.ro\/fr\/chroniques-hebdomadaires\/societe\/gestion-des-cas-de-seropositivite-vih-sida-en-roumanie-id385797.html","og_locale":"fr_FR","og_type":"article","og_title":"Gestion des cas de s\u00e9ropositivit\u00e9 VIH-SIDA en Roumanie - Radio Roumanie Internationale","og_description":"La s\u00e9ropositivit\u00e9 VIH\/SIDA continue d&rsquo;\u00eatre un probl\u00e8me de sant\u00e9 publique dans le monde entier. La maladie a d\u00e9j\u00e0 tu\u00e9 des millions de personnes sur la plan\u00e8te et, malgr\u00e9 les progr\u00e8s enregistr\u00e9s par la recherche m\u00e9dicale, un traitement qui \u00e9limine la maladie n&rsquo;a toujours pas \u00e9t\u00e9 mis au point. En 2018, les statistiques faisaient \u00e9tat de [&hellip;]","og_url":"https:\/\/www.rri.ro\/fr\/chroniques-hebdomadaires\/societe\/gestion-des-cas-de-seropositivite-vih-sida-en-roumanie-id385797.html","og_site_name":"Radio Roumanie Internationale","article_published_time":"2020-07-22T10:48:00+00:00","og_image":[{"width":640,"height":361,"url":"https:\/\/www.rri.ro\/wp-content\/uploads\/2023\/10\/hiv-virus-sida-infectare-celulule-sanatate-foto-pixabay-com.png","type":"image\/png"}],"author":"Rom\u00e2nia Interna\u021bional","twitter_card":"summary_large_image","twitter_misc":{"\u00c9crit par":"Rom\u00e2nia Interna\u021bional","Dur\u00e9e de lecture estim\u00e9e":"5 minutes","Written by":"Rom\u00e2nia Interna\u021bional"},"schema":{"@context":"https:\/\/schema.org","@graph":[{"@type":"Article","@id":"https:\/\/www.rri.ro\/fr\/chroniques-hebdomadaires\/societe\/gestion-des-cas-de-seropositivite-vih-sida-en-roumanie-id385797.html#article","isPartOf":{"@id":"https:\/\/www.rri.ro\/fr\/chroniques-hebdomadaires\/societe\/gestion-des-cas-de-seropositivite-vih-sida-en-roumanie-id385797.html"},"author":{"name":"Rom\u00e2nia Interna\u021bional","@id":"https:\/\/www.rri.ro\/#\/schema\/person\/18fac491bccbfe149b92aea77ad60abd"},"headline":"Gestion des cas de s\u00e9ropositivit\u00e9 VIH-SIDA en Roumanie","datePublished":"2020-07-22T10:48:00+00:00","mainEntityOfPage":{"@id":"https:\/\/www.rri.ro\/fr\/chroniques-hebdomadaires\/societe\/gestion-des-cas-de-seropositivite-vih-sida-en-roumanie-id385797.html"},"wordCount":965,"image":{"@id":"https:\/\/www.rri.ro\/fr\/chroniques-hebdomadaires\/societe\/gestion-des-cas-de-seropositivite-vih-sida-en-roumanie-id385797.html#primaryimage"},"thumbnailUrl":"https:\/\/www.rri.ro\/wp-content\/uploads\/2023\/10\/hiv-virus-sida-infectare-celulule-sanatate-foto-pixabay-com.png","keywords":["infection","maladie","m\u00e9dicaments","sant\u00e9","SIDA","VIH"],"articleSection":["Soci\u00e9t\u00e9"],"inLanguage":"fr-FR"},{"@type":"WebPage","@id":"https:\/\/www.rri.ro\/fr\/chroniques-hebdomadaires\/societe\/gestion-des-cas-de-seropositivite-vih-sida-en-roumanie-id385797.html","url":"https:\/\/www.rri.ro\/fr\/chroniques-hebdomadaires\/societe\/gestion-des-cas-de-seropositivite-vih-sida-en-roumanie-id385797.html","name":"Gestion des cas de s\u00e9ropositivit\u00e9 VIH-SIDA en Roumanie - Radio Roumanie Internationale","isPartOf":{"@id":"https:\/\/www.rri.ro\/#website"},"primaryImageOfPage":{"@id":"https:\/\/www.rri.ro\/fr\/chroniques-hebdomadaires\/societe\/gestion-des-cas-de-seropositivite-vih-sida-en-roumanie-id385797.html#primaryimage"},"image":{"@id":"https:\/\/www.rri.ro\/fr\/chroniques-hebdomadaires\/societe\/gestion-des-cas-de-seropositivite-vih-sida-en-roumanie-id385797.html#primaryimage"},"thumbnailUrl":"https:\/\/www.rri.ro\/wp-content\/uploads\/2023\/10\/hiv-virus-sida-infectare-celulule-sanatate-foto-pixabay-com.png","datePublished":"2020-07-22T10:48:00+00:00","author":{"@id":"https:\/\/www.rri.ro\/#\/schema\/person\/18fac491bccbfe149b92aea77ad60abd"},"breadcrumb":{"@id":"https:\/\/www.rri.ro\/fr\/chroniques-hebdomadaires\/societe\/gestion-des-cas-de-seropositivite-vih-sida-en-roumanie-id385797.html#breadcrumb"},"inLanguage":"fr-FR","potentialAction":[{"@type":"ReadAction","target":["https:\/\/www.rri.ro\/fr\/chroniques-hebdomadaires\/societe\/gestion-des-cas-de-seropositivite-vih-sida-en-roumanie-id385797.html"]}]},{"@type":"ImageObject","inLanguage":"fr-FR","@id":"https:\/\/www.rri.ro\/fr\/chroniques-hebdomadaires\/societe\/gestion-des-cas-de-seropositivite-vih-sida-en-roumanie-id385797.html#primaryimage","url":"https:\/\/www.rri.ro\/wp-content\/uploads\/2023\/10\/hiv-virus-sida-infectare-celulule-sanatate-foto-pixabay-com.png","contentUrl":"https:\/\/www.rri.ro\/wp-content\/uploads\/2023\/10\/hiv-virus-sida-infectare-celulule-sanatate-foto-pixabay-com.png","width":640,"height":361},{"@type":"BreadcrumbList","@id":"https:\/\/www.rri.ro\/fr\/chroniques-hebdomadaires\/societe\/gestion-des-cas-de-seropositivite-vih-sida-en-roumanie-id385797.html#breadcrumb","itemListElement":[{"@type":"ListItem","position":1,"name":"Page d'accueil","item":"https:\/\/www.rri.ro\/fr"},{"@type":"ListItem","position":2,"name":"Chroniques hebdomadaires","item":"https:\/\/www.rri.ro\/fr\/chroniques-hebdomadaires"},{"@type":"ListItem","position":3,"name":"Soci\u00e9t\u00e9","item":"https:\/\/www.rri.ro\/fr\/chroniques-hebdomadaires\/societe"},{"@type":"ListItem","position":4,"name":"Gestion des cas de s\u00e9ropositivit\u00e9 VIH-SIDA en Roumanie"}]},{"@type":"WebSite","@id":"https:\/\/www.rri.ro\/#website","url":"https:\/\/www.rri.ro\/","name":"Radio Roumanie Internationale","description":"Totul despre Rom\u00e2nia \u015fi rom\u00e2ni, \u00een 13 limbi\/dialecte!","inLanguage":"fr-FR"},{"@type":"Person","@id":"https:\/\/www.rri.ro\/#\/schema\/person\/18fac491bccbfe149b92aea77ad60abd","name":"Rom\u00e2nia Interna\u021bional","url":"https:\/\/www.rri.ro\/fr\/author\/redactia"}]}},"_links":{"self":[{"href":"https:\/\/www.rri.ro\/fr\/wp-json\/wp\/v2\/posts\/385797","targetHints":{"allow":["GET"]}}],"collection":[{"href":"https:\/\/www.rri.ro\/fr\/wp-json\/wp\/v2\/posts"}],"about":[{"href":"https:\/\/www.rri.ro\/fr\/wp-json\/wp\/v2\/types\/post"}],"author":[{"embeddable":true,"href":"https:\/\/www.rri.ro\/fr\/wp-json\/wp\/v2\/users\/2"}],"replies":[{"embeddable":true,"href":"https:\/\/www.rri.ro\/fr\/wp-json\/wp\/v2\/comments?post=385797"}],"version-history":[{"count":0,"href":"https:\/\/www.rri.ro\/fr\/wp-json\/wp\/v2\/posts\/385797\/revisions"}],"wp:featuredmedia":[{"embeddable":true,"href":"https:\/\/www.rri.ro\/fr\/wp-json\/wp\/v2\/media\/143384"}],"wp:attachment":[{"href":"https:\/\/www.rri.ro\/fr\/wp-json\/wp\/v2\/media?parent=385797"}],"wp:term":[{"taxonomy":"category","embeddable":true,"href":"https:\/\/www.rri.ro\/fr\/wp-json\/wp\/v2\/categories?post=385797"},{"taxonomy":"post_tag","embeddable":true,"href":"https:\/\/www.rri.ro\/fr\/wp-json\/wp\/v2\/tags?post=385797"},{"taxonomy":"author","embeddable":true,"href":"https:\/\/www.rri.ro\/fr\/wp-json\/wp\/v2\/coauthors?post=385797"}],"curies":[{"name":"wp","href":"https:\/\/api.w.org\/{rel}","templated":true}]}}