{"id":386051,"date":"2013-02-17T17:17:00","date_gmt":"2013-02-17T15:17:00","guid":{"rendered":"http:\/\/devrri.freshlemon.ro\/le-roumain-mot-a-mot\/consulter-les-lecons\/tourisme-daventure-dans-les-carpates-id386051.html"},"modified":"2013-02-17T17:17:00","modified_gmt":"2013-02-17T15:17:00","slug":"tourisme-daventure-dans-les-carpates","status":"publish","type":"post","link":"https:\/\/www.rri.ro\/fr\/chroniques-hebdomadaires\/radio-tour-fr\/tourisme-daventure-dans-les-carpates-id386051.html","title":{"rendered":"Tourisme d\u2019aventure dans les Carpates"},"content":{"rendered":"<p>&#13;<br \/>\n\tNous d\u00e9dions cette \u00e9dition de notre rubrique \u00e0 tous ceux qui aiment bouger, qui aiment l\u2019insolite et l\u2019aventure.S\u2019ils y a parmi des contemplatifs, ils sont les bienvenus en spectateurs.<\/p>\n<p>&#13;<\/p>\n<p>&#13;\n\t <\/p>\n<p>&#13;<\/p>\n<p>&#13;\n\t <\/p>\n<p>&#13;<\/p>\n<p>&#13;<br \/>\n\tNotre itin\u00e9raire d\u00e9bute dans le comt\u00e9 d\u2019Alba, dans le sud de la Transylvanie. L\u00e0, nous allons rencontrer Constantin Che\u015fculescu, propri\u00e9taire d\u2019une pension qui offre, comme principal loisir, l\u2019\u00e9quitation. Vous pouvez choisir entre un parcours aventure dans les Carpates qui dure 3 jours et un parcours villages roumains\u201d de 8 jours.<\/p>\n<p>&#13;<\/p>\n<p>&#13;\n\t <\/p>\n<p>&#13;<\/p>\n<p>&#13;\n\t <\/p>\n<p>&#13;<\/p>\n<p>&#13;<br \/>\n\tLe programme de 8 jours vous permet de vous lier d\u2019amiti\u00e9 avec le cheval qui va vous porter sur les pentes des montagnes. L\u2019aventure proprement dite commence, en fait, le 3e jour. Constantin Che\u015fculescu d\u00e9crit l\u2019itin\u00e9raire: \u00ab <em>On se rend dans le massif de Cindrel, des Carpates M\u00e9ridionales. Le point de d\u00e9part est le village de R\u0103h\u0103u, situ\u00e9 \u00e0 proximit\u00e9 de la ville de Sebe\u015f et nous nous dirigeons vers Sibiu, pour atteindre un village avoisinant la Clairi\u00e8re de Sibiu, zone pastorale tr\u00e8s connue. L\u00e0 nous attend un souper traditionnel. Le lendemain on part pour Crin\u0163, un autre village des Monts Cindrel. Il faut dire que chaque village est pittoresque \u00e0 sa fa\u00e7on, chaque endroit a quelque chose de sp\u00e9cial \u00e0 offrir au visiteur: un pain cuit dans le four comme on n\u2019en mange nul part ailleurs, un fromage fait maison, un mus\u00e9e des bergers &#8212; et c\u2019est le cas du village de Jina. \u00bb<\/em><\/p>\n<p>&#13;<\/p>\n<p>&#13;\n\t <\/p>\n<p>&#13;<\/p>\n<p>&#13;\n\t <\/p>\n<p>&#13;<\/p>\n<p>&#13;<br \/>\n\tAu retour, on traverse de nouveau les monts Cindrel, empruntant un autre itin\u00e9raire, tout aussi pittoresque. Tout au long de ce voyage, les loisirs sont interactifs. Les touristes participent \u00e0 la pr\u00e9paration des repas o\u00f9 de la barbecue. Si, pendant cette exp\u00e9dition, les chevaux ont besoin de repos, pendant ce laps de temps on vous propose une aventure tout terrain. La destination en est la ville de Sibiu.<\/p>\n<p>&#13;<\/p>\n<p>&#13;\n\t <\/p>\n<p>&#13;<\/p>\n<p>&#13;\n\t <\/p>\n<p>&#13;<\/p>\n<p>&#13;<br \/>\n\tCombien co\u00fbte de telles vacances dans les Carpates roumaines? Constantin Che\u015fculescu explique: <em>\u00ab C\u2019est un s\u00e9jour tout compris. Le touriste qui le r\u00e9serve ne paie rien de plus pour la composante \u00e9quitation. Une journ\u00e9e \u00e0 cheval co\u00fbte environ 120 euro. Sur les 8 jours de ce programme, il y en 2 o\u00f9 l\u2019on ne fait pas d\u2019\u00e9quitation, alors le prix baisse \u00e0 55 ou 60 euro, en fonction des conditions d\u2019h\u00e9bergement et des repas. Nous souhaitons renouer avec une tradition d\u2019avant la deuxi\u00e8me guerre mondiale et je suis content qu\u2019il y ait un si grand nombre de familles qui souhaitent \u00e9duquer leurs enfants de cette fa\u00e7on. Travailler avec les chevaux est tr\u00e8s \u00e9ducatif, \u00e7a rend patient, vous rapproche de la nature et des animaux, tout en vous \u00e9loignant de l\u2019ordinateur et du portable.\u00bb<\/em><\/p>\n<p>&#13;<\/p>\n<p>&#13;\n\t <\/p>\n<p>&#13;<\/p>\n<p>&#13;\n\t  <\/p>\n<p>&#13;<\/p>\n<p>&#13;<br \/>\n\tApr\u00e8s le tourisme \u00e9questre &#8212; un peu de tourisme d\u2019aventure. C\u2019est ce que nous propose Valentin Gheorghe, manager d\u2019une soci\u00e9t\u00e9 sp\u00e9cialis\u00e9e dans ce genre de tourisme. Depuis deux ans, Valentin s\u2019est focalis\u00e9 sur la zone des Carpates de courbure &#8212; avec les massifs de Penteleu et de Siriu, situ\u00e9s sur les territoires de deux comt\u00e9s de l\u2019Est du pays: Buz\u0103u et Vrancea. Il l\u2019a choisie notamment en raison de sa nature sauvage. Voici son offre: <strong>\u00ab <\/strong><em>Les touristes \u00e9trangers pr\u00e9f\u00e8rent les choses un peu sp\u00e9ciales. Aussi, ma premi\u00e8re offre comporte-t-elle entre autres des sc\u00e9narios de survie. Les vacanciers sont emmen\u00e9s en voitures tout terrain, par exemple, dans une zone sauvage et de l\u00e0, accompagn\u00e9s par des instructeurs, ils doivent refaire le chemin vers la civilisation. Ils apprennent des techniques de survie enseign\u00e9es aux militaires et ils t\u00e2chent de se d\u00e9brouiller, sans se rendre compte que tout a \u00e9t\u00e9 pr\u00e9vu d\u2019avance, pour les obliger \u00e0 pratiquer diff\u00e9rents sports. Par exemple, il ne peuvent  arriver d\u2019un certain endroit dans un autre qu\u2019en traversant une rivi\u00e8re. Et quelque part, \u00e0 proximit\u00e9, ils d\u00e9couvriront des cano\u00ebs. En une heure, ils parcourent ainsi une grande distance. Ensuite, ils arrivent \u00e0 un pr\u00e9cipice. Ils y trouvent une tyrolienne. Et ainsi de suite. Dans deux ou trois jours, ils regagnent la civilisation. \u00bb<\/em><\/p>\n<p>&#13;<\/p>\n<p>&#13;\n\t  <\/p>\n<p>&#13;<\/p>\n<p>&#13;\n\t <\/p>\n<p>&#13;<\/p>\n<p>&#13;<br \/>\n\tValentin Gheorghe compte \u00e9galement parmi les promoteurs de ce programme d\u2019aventure. Ecoutons-le : <em>\u00ab Nos touristes ne poss\u00e8dent pas de l\u2019\u00e9quipement sp\u00e9cial. En effet, nous assurons tout l\u2019\u00e9quipement sportif, de protection, les tout-terrains. Ils s\u2019habillent normalement, comme s\u2019ils auraient voulu faire une randonn\u00e9e en montagne. Nous avons re\u00e7u nombre de touristes venus individuellement d\u2019Allemagne, de France, de la Hongrie. C\u00f4t\u00e9 groupes organis\u00e9s jusqu\u2019ici nous avons re\u00e7u uniquement des Polonais. Nous collaborons avec une agence de voyage de Pologne depuis quelques ann\u00e9es. A commencer par cette ann\u00e9e, nous esp\u00e9rons p\u00e9n\u00e9trer avec succ\u00e8s de nouveaux march\u00e9s : Isra\u00ebl, Espagne et en premi\u00e8re les Emirats Arabes Unis. \u00bb<\/em>  <\/p>\n<p>&#13;<\/p>\n<p>&#13;\n\t <\/p>\n<p>&#13;<\/p>\n<p>&#13;<br \/>\n\tVous pouvez \u00e9galement d\u00e9couvrir l\u2019offre roumaine de tourisme d\u2019aventure \u00e0 Adventure Fest, qui se tient vers la fin du mois en cours. C\u2019est un festival de trois jours, o\u00f9 les touristes peuvent pratiquer presque tous les activit\u00e9s au niveau d\u00e9butants.<\/p>\n<p>&#13;<\/p>\n<p>&#13;\n\t <\/p>\n<p>&#13;<\/p>\n<p>&#13;\n\t <\/p>\n<p>&#13;<\/p>\n<p>&#13;<br \/>\n\tCe voyage \u00e0 travers le massif Apuseni s\u2019ach\u00e8ve sur le tourisme sp\u00e9l\u00e9ologique, puisque dans ces montagnes il y a une contr\u00e9e de 55 kilom\u00e8tres carr\u00e9s o\u00f9 se trouvent pr\u00e8s de 2 mille grottes. Ecoutons Cristi V\u00e2rciu, responsable d\u2019Apuseni Adventure : <em>\u00ab J\u2019ai travaill\u00e9 pendant quatre ans en tant que guide touristique pour les Fran\u00e7ais. Le printemps je travaille avec des touristes isra\u00e9liens, alors qu\u2019en automne avec les Tch\u00e8ques et les Polonais. Ce sont les trois cat\u00e9gories importantes de touristes que je guide \u00e0 travers les Apuseni. Le tourisme sp\u00e9l\u00e9ologique a connu le plus grand succ\u00e8s. Mon paquet pr\u00e9f\u00e9r\u00e9 s\u2019\u00e9tend sur sept jours et pr\u00e9voit de partir \u00e0 pied vers la majorit\u00e9 des sites touristiques de la r\u00e9gion alors que les bagages son transport\u00e9s avec des tout-terrains. Le dimanche, avec un seul sac \u00e0 dos, quelques vivres et un peu d\u2019eau nous partons pour visiter une s\u00e9rie de monuments tant naturels qu\u2019ethnographiques. Le soir nous dormons au g\u00eete rural, l\u00e0 ou les bagages nous attendent d\u00e9j\u00e0. Et le lendemain matin l\u2019histoire se r\u00e9p\u00e8te. Nous montons sur des quads, nous traversons des gorges, nous allons m\u00eame en chariot. Ce paquet de sept jours a connu un gros succ\u00e8s aux expositions touristiques o\u00f9 nous l\u2019avons pr\u00e9sent\u00e9. Bref, je peux te porter n\u2019import\u00e9 o\u00f9 dans le Massif Apuseni, m\u00eame dans le temps. On peut commencer par l\u2019\u00e9poque de l\u2019homme primitif, au Glacier de feu, la plus ancienne grotte habit\u00e9e par des \u00eatres humains, et finir par une activit\u00e9 moderne : survoler le massif Apuseni en parapente. \u00bb<\/em><\/p>\n<p>&#13;<\/p>\n<p>&#13;\n\t <\/p>\n<p>&#13;<\/p>\n<p>&#13;\n\t  <\/p>\n<p>&#13;<\/p>\n<p>&#13;<br \/>\n\tM\u00eame le menu est in\u00e9dit si on pense \u00e0 la galette cuite sur une pierre chauff\u00e9e ou \u00e0 une autre invention culinaire : le poulet au barrique, qui se pr\u00e9parent dans la grotte dans un barrique selon le mod\u00e8le de la r\u00f4tissoire. Voici donc autant d\u2019arguments qui font des Carpates Orientales une destination \u00e0 ne pas rater. A bient\u00f4t ! (trad.: Alex Diaconescu, Dominique)<\/p>\n<p>&#13;<\/p>\n","protected":false},"excerpt":{"rendered":"<p>&#13; Nous d\u00e9dions cette \u00e9dition de notre rubrique \u00e0 tous ceux qui aiment bouger, qui aiment l\u2019insolite et l\u2019aventure.S\u2019ils y a parmi des contemplatifs, ils sont les bienvenus en spectateurs. &#13; &#13; &#13; &#13; &#13; &#13; Notre itin\u00e9raire d\u00e9bute dans le comt\u00e9 d\u2019Alba, dans le sud de la Transylvanie. L\u00e0, nous allons rencontrer Constantin Che\u015fculescu, [&hellip;]<\/p>\n","protected":false},"author":128,"featured_media":144952,"comment_status":"closed","ping_status":"closed","sticky":false,"template":"","format":"standard","meta":{"_acf_changed":false,"footnotes":""},"categories":[86826],"tags":[87546,144398,148567,87541,151606,85821,87544,87543,87547,85898,87542,87545,150235,68411,87548,85314,30947],"coauthors":[],"class_list":["post-386051","post","type-post","status-publish","format-standard","has-post-thumbnail","hentry","category-radio-tour-fr","tag-adventure-fest","tag-alba-fr","tag-apuseni-fr","tag-aventure","tag-buzau-fr","tag-carpates","tag-cheval","tag-cindrel","tag-grottes","tag-montagnes","tag-monts","tag-penteleu","tag-sibiu-fr","tag-siriu","tag-speleologie","tag-transylvanie","tag-vrancea"],"acf":[],"yoast_head":"<!-- This site is optimized with the Yoast SEO plugin v27.5 - https:\/\/yoast.com\/product\/yoast-seo-wordpress\/ -->\n<title>Tourisme d\u2019aventure dans les Carpates - Radio Roumanie Internationale<\/title>\n<meta name=\"robots\" content=\"index, follow, max-snippet:-1, max-image-preview:large, max-video-preview:-1\" \/>\n<link rel=\"canonical\" href=\"https:\/\/www.rri.ro\/fr\/chroniques-hebdomadaires\/radio-tour-fr\/tourisme-daventure-dans-les-carpates-id386051.html\" \/>\n<meta property=\"og:locale\" content=\"fr_FR\" \/>\n<meta property=\"og:type\" content=\"article\" \/>\n<meta property=\"og:title\" content=\"Tourisme d\u2019aventure dans les Carpates - Radio Roumanie Internationale\" \/>\n<meta property=\"og:description\" content=\"&#013; Nous d\u00e9dions cette \u00e9dition de notre rubrique \u00e0 tous ceux qui aiment bouger, qui aiment l\u2019insolite et l\u2019aventure.S\u2019ils y a parmi des contemplatifs, ils sont les bienvenus en spectateurs. &#013; &#013; &#013; &#013; &#013; &#013; Notre itin\u00e9raire d\u00e9bute dans le comt\u00e9 d\u2019Alba, dans le sud de la Transylvanie. L\u00e0, nous allons rencontrer Constantin Che\u015fculescu, [&hellip;]\" \/>\n<meta property=\"og:url\" content=\"https:\/\/www.rri.ro\/fr\/chroniques-hebdomadaires\/radio-tour-fr\/tourisme-daventure-dans-les-carpates-id386051.html\" \/>\n<meta property=\"og:site_name\" content=\"Radio Roumanie Internationale\" \/>\n<meta property=\"article:published_time\" content=\"2013-02-17T15:17:00+00:00\" \/>\n<meta property=\"og:image\" content=\"https:\/\/www.rri.ro\/wp-content\/uploads\/2023\/10\/Herghelie1.jpg\" \/>\n\t<meta property=\"og:image:width\" content=\"640\" \/>\n\t<meta property=\"og:image:height\" content=\"480\" \/>\n\t<meta property=\"og:image:type\" content=\"image\/png\" \/>\n<meta name=\"author\" content=\"Daniel Onea\" \/>\n<meta name=\"twitter:card\" content=\"summary_large_image\" \/>\n<meta name=\"twitter:label1\" content=\"\u00c9crit par\" \/>\n\t<meta name=\"twitter:data1\" content=\"Daniel Onea\" \/>\n\t<meta name=\"twitter:label2\" content=\"Dur\u00e9e de lecture estim\u00e9e\" \/>\n\t<meta name=\"twitter:data2\" content=\"6 minutes\" \/>\n\t<meta name=\"twitter:label3\" content=\"Written by\" \/>\n\t<meta name=\"twitter:data3\" content=\"Daniel Onea\" \/>\n<script type=\"application\/ld+json\" class=\"yoast-schema-graph\">{\"@context\":\"https:\\\/\\\/schema.org\",\"@graph\":[{\"@type\":\"Article\",\"@id\":\"https:\\\/\\\/www.rri.ro\\\/fr\\\/chroniques-hebdomadaires\\\/radio-tour-fr\\\/tourisme-daventure-dans-les-carpates-id386051.html#article\",\"isPartOf\":{\"@id\":\"https:\\\/\\\/www.rri.ro\\\/fr\\\/chroniques-hebdomadaires\\\/radio-tour-fr\\\/tourisme-daventure-dans-les-carpates-id386051.html\"},\"author\":{\"name\":\"Daniel Onea\",\"@id\":\"https:\\\/\\\/www.rri.ro\\\/#\\\/schema\\\/person\\\/fcce42c208d45f30f5b054b64bc1e0df\"},\"headline\":\"Tourisme d\u2019aventure dans les Carpates\",\"datePublished\":\"2013-02-17T15:17:00+00:00\",\"mainEntityOfPage\":{\"@id\":\"https:\\\/\\\/www.rri.ro\\\/fr\\\/chroniques-hebdomadaires\\\/radio-tour-fr\\\/tourisme-daventure-dans-les-carpates-id386051.html\"},\"wordCount\":1236,\"image\":{\"@id\":\"https:\\\/\\\/www.rri.ro\\\/fr\\\/chroniques-hebdomadaires\\\/radio-tour-fr\\\/tourisme-daventure-dans-les-carpates-id386051.html#primaryimage\"},\"thumbnailUrl\":\"https:\\\/\\\/www.rri.ro\\\/wp-content\\\/uploads\\\/2023\\\/10\\\/Herghelie1.jpg\",\"keywords\":[\"Adventure Fest\",\"Alba\",\"apuseni\",\"aventure\",\"buzau\",\"Carpates\",\"cheval\",\"Cindrel\",\"grottes\",\"montagnes\",\"monts\",\"Penteleu\",\"Sibiu\",\"Siriu\",\"sp\u00e9l\u00e9ologie\",\"Transylvanie\",\"Vrancea\"],\"articleSection\":[\"Radio Tour\"],\"inLanguage\":\"fr-FR\"},{\"@type\":\"WebPage\",\"@id\":\"https:\\\/\\\/www.rri.ro\\\/fr\\\/chroniques-hebdomadaires\\\/radio-tour-fr\\\/tourisme-daventure-dans-les-carpates-id386051.html\",\"url\":\"https:\\\/\\\/www.rri.ro\\\/fr\\\/chroniques-hebdomadaires\\\/radio-tour-fr\\\/tourisme-daventure-dans-les-carpates-id386051.html\",\"name\":\"Tourisme d\u2019aventure dans les Carpates - Radio Roumanie Internationale\",\"isPartOf\":{\"@id\":\"https:\\\/\\\/www.rri.ro\\\/#website\"},\"primaryImageOfPage\":{\"@id\":\"https:\\\/\\\/www.rri.ro\\\/fr\\\/chroniques-hebdomadaires\\\/radio-tour-fr\\\/tourisme-daventure-dans-les-carpates-id386051.html#primaryimage\"},\"image\":{\"@id\":\"https:\\\/\\\/www.rri.ro\\\/fr\\\/chroniques-hebdomadaires\\\/radio-tour-fr\\\/tourisme-daventure-dans-les-carpates-id386051.html#primaryimage\"},\"thumbnailUrl\":\"https:\\\/\\\/www.rri.ro\\\/wp-content\\\/uploads\\\/2023\\\/10\\\/Herghelie1.jpg\",\"datePublished\":\"2013-02-17T15:17:00+00:00\",\"author\":{\"@id\":\"https:\\\/\\\/www.rri.ro\\\/#\\\/schema\\\/person\\\/fcce42c208d45f30f5b054b64bc1e0df\"},\"breadcrumb\":{\"@id\":\"https:\\\/\\\/www.rri.ro\\\/fr\\\/chroniques-hebdomadaires\\\/radio-tour-fr\\\/tourisme-daventure-dans-les-carpates-id386051.html#breadcrumb\"},\"inLanguage\":\"fr-FR\",\"potentialAction\":[{\"@type\":\"ReadAction\",\"target\":[\"https:\\\/\\\/www.rri.ro\\\/fr\\\/chroniques-hebdomadaires\\\/radio-tour-fr\\\/tourisme-daventure-dans-les-carpates-id386051.html\"]}]},{\"@type\":\"ImageObject\",\"inLanguage\":\"fr-FR\",\"@id\":\"https:\\\/\\\/www.rri.ro\\\/fr\\\/chroniques-hebdomadaires\\\/radio-tour-fr\\\/tourisme-daventure-dans-les-carpates-id386051.html#primaryimage\",\"url\":\"https:\\\/\\\/www.rri.ro\\\/wp-content\\\/uploads\\\/2023\\\/10\\\/Herghelie1.jpg\",\"contentUrl\":\"https:\\\/\\\/www.rri.ro\\\/wp-content\\\/uploads\\\/2023\\\/10\\\/Herghelie1.jpg\",\"width\":640,\"height\":480},{\"@type\":\"BreadcrumbList\",\"@id\":\"https:\\\/\\\/www.rri.ro\\\/fr\\\/chroniques-hebdomadaires\\\/radio-tour-fr\\\/tourisme-daventure-dans-les-carpates-id386051.html#breadcrumb\",\"itemListElement\":[{\"@type\":\"ListItem\",\"position\":1,\"name\":\"Page d'accueil\",\"item\":\"https:\\\/\\\/www.rri.ro\\\/fr\"},{\"@type\":\"ListItem\",\"position\":2,\"name\":\"Chroniques hebdomadaires\",\"item\":\"https:\\\/\\\/www.rri.ro\\\/fr\\\/chroniques-hebdomadaires\"},{\"@type\":\"ListItem\",\"position\":3,\"name\":\"Radio Tour\",\"item\":\"https:\\\/\\\/www.rri.ro\\\/fr\\\/chroniques-hebdomadaires\\\/radio-tour-fr\"},{\"@type\":\"ListItem\",\"position\":4,\"name\":\"Tourisme d\u2019aventure dans les Carpates\"}]},{\"@type\":\"WebSite\",\"@id\":\"https:\\\/\\\/www.rri.ro\\\/#website\",\"url\":\"https:\\\/\\\/www.rri.ro\\\/\",\"name\":\"Radio Roumanie Internationale\",\"description\":\"Totul despre Rom\u00e2nia \u015fi rom\u00e2ni, \u00een 13 limbi\\\/dialecte!\",\"inLanguage\":\"fr-FR\"},{\"@type\":\"Person\",\"@id\":\"https:\\\/\\\/www.rri.ro\\\/#\\\/schema\\\/person\\\/fcce42c208d45f30f5b054b64bc1e0df\",\"name\":\"Daniel Onea\",\"url\":\"https:\\\/\\\/www.rri.ro\\\/fr\\\/author\\\/daniel-onea\"}]}<\/script>\n<!-- \/ Yoast SEO plugin. -->","yoast_head_json":{"title":"Tourisme d\u2019aventure dans les Carpates - Radio Roumanie Internationale","robots":{"index":"index","follow":"follow","max-snippet":"max-snippet:-1","max-image-preview":"max-image-preview:large","max-video-preview":"max-video-preview:-1"},"canonical":"https:\/\/www.rri.ro\/fr\/chroniques-hebdomadaires\/radio-tour-fr\/tourisme-daventure-dans-les-carpates-id386051.html","og_locale":"fr_FR","og_type":"article","og_title":"Tourisme d\u2019aventure dans les Carpates - Radio Roumanie Internationale","og_description":"&#13; Nous d\u00e9dions cette \u00e9dition de notre rubrique \u00e0 tous ceux qui aiment bouger, qui aiment l\u2019insolite et l\u2019aventure.S\u2019ils y a parmi des contemplatifs, ils sont les bienvenus en spectateurs. &#13; &#13; &#13; &#13; &#13; &#13; Notre itin\u00e9raire d\u00e9bute dans le comt\u00e9 d\u2019Alba, dans le sud de la Transylvanie. L\u00e0, nous allons rencontrer Constantin Che\u015fculescu, [&hellip;]","og_url":"https:\/\/www.rri.ro\/fr\/chroniques-hebdomadaires\/radio-tour-fr\/tourisme-daventure-dans-les-carpates-id386051.html","og_site_name":"Radio Roumanie Internationale","article_published_time":"2013-02-17T15:17:00+00:00","og_image":[{"width":640,"height":480,"url":"https:\/\/www.rri.ro\/wp-content\/uploads\/2023\/10\/Herghelie1.jpg","type":"image\/png"}],"author":"Daniel Onea","twitter_card":"summary_large_image","twitter_misc":{"\u00c9crit par":"Daniel Onea","Dur\u00e9e de lecture estim\u00e9e":"6 minutes","Written by":"Daniel Onea"},"schema":{"@context":"https:\/\/schema.org","@graph":[{"@type":"Article","@id":"https:\/\/www.rri.ro\/fr\/chroniques-hebdomadaires\/radio-tour-fr\/tourisme-daventure-dans-les-carpates-id386051.html#article","isPartOf":{"@id":"https:\/\/www.rri.ro\/fr\/chroniques-hebdomadaires\/radio-tour-fr\/tourisme-daventure-dans-les-carpates-id386051.html"},"author":{"name":"Daniel Onea","@id":"https:\/\/www.rri.ro\/#\/schema\/person\/fcce42c208d45f30f5b054b64bc1e0df"},"headline":"Tourisme d\u2019aventure dans les Carpates","datePublished":"2013-02-17T15:17:00+00:00","mainEntityOfPage":{"@id":"https:\/\/www.rri.ro\/fr\/chroniques-hebdomadaires\/radio-tour-fr\/tourisme-daventure-dans-les-carpates-id386051.html"},"wordCount":1236,"image":{"@id":"https:\/\/www.rri.ro\/fr\/chroniques-hebdomadaires\/radio-tour-fr\/tourisme-daventure-dans-les-carpates-id386051.html#primaryimage"},"thumbnailUrl":"https:\/\/www.rri.ro\/wp-content\/uploads\/2023\/10\/Herghelie1.jpg","keywords":["Adventure Fest","Alba","apuseni","aventure","buzau","Carpates","cheval","Cindrel","grottes","montagnes","monts","Penteleu","Sibiu","Siriu","sp\u00e9l\u00e9ologie","Transylvanie","Vrancea"],"articleSection":["Radio Tour"],"inLanguage":"fr-FR"},{"@type":"WebPage","@id":"https:\/\/www.rri.ro\/fr\/chroniques-hebdomadaires\/radio-tour-fr\/tourisme-daventure-dans-les-carpates-id386051.html","url":"https:\/\/www.rri.ro\/fr\/chroniques-hebdomadaires\/radio-tour-fr\/tourisme-daventure-dans-les-carpates-id386051.html","name":"Tourisme d\u2019aventure dans les Carpates - Radio Roumanie Internationale","isPartOf":{"@id":"https:\/\/www.rri.ro\/#website"},"primaryImageOfPage":{"@id":"https:\/\/www.rri.ro\/fr\/chroniques-hebdomadaires\/radio-tour-fr\/tourisme-daventure-dans-les-carpates-id386051.html#primaryimage"},"image":{"@id":"https:\/\/www.rri.ro\/fr\/chroniques-hebdomadaires\/radio-tour-fr\/tourisme-daventure-dans-les-carpates-id386051.html#primaryimage"},"thumbnailUrl":"https:\/\/www.rri.ro\/wp-content\/uploads\/2023\/10\/Herghelie1.jpg","datePublished":"2013-02-17T15:17:00+00:00","author":{"@id":"https:\/\/www.rri.ro\/#\/schema\/person\/fcce42c208d45f30f5b054b64bc1e0df"},"breadcrumb":{"@id":"https:\/\/www.rri.ro\/fr\/chroniques-hebdomadaires\/radio-tour-fr\/tourisme-daventure-dans-les-carpates-id386051.html#breadcrumb"},"inLanguage":"fr-FR","potentialAction":[{"@type":"ReadAction","target":["https:\/\/www.rri.ro\/fr\/chroniques-hebdomadaires\/radio-tour-fr\/tourisme-daventure-dans-les-carpates-id386051.html"]}]},{"@type":"ImageObject","inLanguage":"fr-FR","@id":"https:\/\/www.rri.ro\/fr\/chroniques-hebdomadaires\/radio-tour-fr\/tourisme-daventure-dans-les-carpates-id386051.html#primaryimage","url":"https:\/\/www.rri.ro\/wp-content\/uploads\/2023\/10\/Herghelie1.jpg","contentUrl":"https:\/\/www.rri.ro\/wp-content\/uploads\/2023\/10\/Herghelie1.jpg","width":640,"height":480},{"@type":"BreadcrumbList","@id":"https:\/\/www.rri.ro\/fr\/chroniques-hebdomadaires\/radio-tour-fr\/tourisme-daventure-dans-les-carpates-id386051.html#breadcrumb","itemListElement":[{"@type":"ListItem","position":1,"name":"Page d'accueil","item":"https:\/\/www.rri.ro\/fr"},{"@type":"ListItem","position":2,"name":"Chroniques hebdomadaires","item":"https:\/\/www.rri.ro\/fr\/chroniques-hebdomadaires"},{"@type":"ListItem","position":3,"name":"Radio Tour","item":"https:\/\/www.rri.ro\/fr\/chroniques-hebdomadaires\/radio-tour-fr"},{"@type":"ListItem","position":4,"name":"Tourisme d\u2019aventure dans les Carpates"}]},{"@type":"WebSite","@id":"https:\/\/www.rri.ro\/#website","url":"https:\/\/www.rri.ro\/","name":"Radio Roumanie Internationale","description":"Totul despre Rom\u00e2nia \u015fi rom\u00e2ni, \u00een 13 limbi\/dialecte!","inLanguage":"fr-FR"},{"@type":"Person","@id":"https:\/\/www.rri.ro\/#\/schema\/person\/fcce42c208d45f30f5b054b64bc1e0df","name":"Daniel Onea","url":"https:\/\/www.rri.ro\/fr\/author\/daniel-onea"}]}},"_links":{"self":[{"href":"https:\/\/www.rri.ro\/fr\/wp-json\/wp\/v2\/posts\/386051","targetHints":{"allow":["GET"]}}],"collection":[{"href":"https:\/\/www.rri.ro\/fr\/wp-json\/wp\/v2\/posts"}],"about":[{"href":"https:\/\/www.rri.ro\/fr\/wp-json\/wp\/v2\/types\/post"}],"author":[{"embeddable":true,"href":"https:\/\/www.rri.ro\/fr\/wp-json\/wp\/v2\/users\/128"}],"replies":[{"embeddable":true,"href":"https:\/\/www.rri.ro\/fr\/wp-json\/wp\/v2\/comments?post=386051"}],"version-history":[{"count":0,"href":"https:\/\/www.rri.ro\/fr\/wp-json\/wp\/v2\/posts\/386051\/revisions"}],"wp:featuredmedia":[{"embeddable":true,"href":"https:\/\/www.rri.ro\/fr\/wp-json\/wp\/v2\/media\/144952"}],"wp:attachment":[{"href":"https:\/\/www.rri.ro\/fr\/wp-json\/wp\/v2\/media?parent=386051"}],"wp:term":[{"taxonomy":"category","embeddable":true,"href":"https:\/\/www.rri.ro\/fr\/wp-json\/wp\/v2\/categories?post=386051"},{"taxonomy":"post_tag","embeddable":true,"href":"https:\/\/www.rri.ro\/fr\/wp-json\/wp\/v2\/tags?post=386051"},{"taxonomy":"author","embeddable":true,"href":"https:\/\/www.rri.ro\/fr\/wp-json\/wp\/v2\/coauthors?post=386051"}],"curies":[{"name":"wp","href":"https:\/\/api.w.org\/{rel}","templated":true}]}}