{"id":386392,"date":"2014-09-18T15:22:00","date_gmt":"2014-09-18T12:22:00","guid":{"rendered":"http:\/\/devrri.freshlemon.ro\/le-roumain-mot-a-mot\/consulter-les-lecons\/lautomne-dans-le-delta-du-danube-id386392.html"},"modified":"2014-09-18T15:22:00","modified_gmt":"2014-09-18T12:22:00","slug":"lautomne-dans-le-delta-du-danube","status":"publish","type":"post","link":"https:\/\/www.rri.ro\/fr\/chroniques-hebdomadaires\/radio-tour-fr\/lautomne-dans-le-delta-du-danube-id386392.html","title":{"rendered":"L\u2019automne dans le Delta du Danube"},"content":{"rendered":"<p>Chers amis, aujourd\u2019hui nous vous emmenons au paradis des oiseaux qu\u2019est le delta du Danube, lieu unique en Roumanie et en Europe. Nous allons explorer des for\u00eats tropicales, go\u00fbter la cuisine du terroir et nous verrons ce que l\u2019automne fait d\u00e9couvrir aux vacanciers. Inscrit au patrimoine de l\u2019UNESCO en 1991, le delta du Danube est une r\u00e9serve nationale de la biosph\u00e8re situ\u00e9e dans le sud-est de la Roumanie ; ses plus de 1.500 km carr\u00e9s accueillent des centaines d\u2019esp\u00e8ces de volatiles et de poissons d\u2019eau douce, ainsi que des maisons lacustres. Voil\u00e0 d\u00e9j\u00e0 une partie des \u00e9l\u00e9ments qui font que le delta soit une destination de vacances id\u00e9ale.<\/p>\n<p>&#13;<br \/>\n&#13;<\/p>\n<p>&#13;<br \/>\n&#13;<\/p>\n<p>Pour Drago\u015f Olaru, g\u00e9rant d\u2019une firme de tourisme, chaque saison a son charme et celui de l\u2019automne est incontestable : <em>\u00ab En automne, quand il fait beau, nous organisons des promenades en bateau dans le delta ; c\u2019est tr\u00e8s agr\u00e9able, surtout pour les enfants et pour les personnes \u00e2g\u00e9es. Mais c\u2019est la p\u00eache sportive qui est la raison principale de la pr\u00e9sence automnale des touristes dans le delta du Danube. L\u2019observation des oiseaux touche, elle, \u00e0 sa fin : il y a des esp\u00e8ces qui sont d\u00e9j\u00e0 parties, mais il y en a d\u2019autres qui se pr\u00e9parent \u00e0 migrer et, de ce fait, c\u2019est plus facile de les admirer. L\u2019agitation estivale a disparu et nous pouvons nous rapprocher d\u2019eux beaucoup plus. \u00bb<\/em><\/p>\n<p>&#13;<br \/>\n&#13;<\/p>\n<p>&#13;<br \/>\n&#13;<\/p>\n<p>Drago\u015f Olaru et ses collaborateurs qui sont des guides aguerris, proposent une dizaine d\u2019itin\u00e9raires, tous imagin\u00e9s pour vous faire d\u00e9couvrir de pr\u00e8s la flore et la faune des lieux. Les promenades durent entre trois et huit heures. En voici un exemple : <em>\u00ab Chaque itin\u00e9raire a son charme et des objectifs touristiques qui lui sont propres. Un que j\u2019aime beaucoup est celui qui m\u00e8ne \u00e0 Mila 23. La promenade commence vers 9h ou 10h, sur le canal du Danube, o\u00f9 nous remarquons les p\u00eacheurs sportifs en comp\u00e9tition, en train de capturer des carpes. Nous nous dirigeons ensuite vers le lac Bogdaproste. Sur notre route, nous rencontrons des \u00eelots flottants appel\u00e9s \u00ab plauri \u00bb et \u00ab grinduri \u00bb. Des groupes de p\u00e9licans s\u2019animent sur les lacs plus petits, autour. Le lac le plus grand que nous allons traverser s\u2019appelle \u00ab Trei Iezere \u00bb et l\u00e0 encore, nous rencontrerons des p\u00e9licans et puis, plein de n\u00e9nuphars. Le terminus de la promenade est Mila 23, un village de p\u00eacheurs traditionnel, avec des maisons et une petite \u00e9glise charmantes. Nous nous arr\u00eatons ensuite chez une famille lipov\u00e8ne (des habitants d\u2019origine russe du delta) o\u00f9 nous allons pr\u00e9parer ensemble un potage de poisson traditionnel. La promenade est pr\u00e9vue durer jusqu\u2019\u00e0 environ 15h, mais ce n\u2019est pas frapp\u00e9 dans le marbre. \u00c7a d\u00e9pend de l\u2019endurance des touristes. \u00bb<\/em><\/p>\n<p>&#13;<br \/>\n&#13;<\/p>\n<p>&#13;<br \/>\n&#13;<\/p>\n<p>C\u00f4t\u00e9 h\u00e9bergement, sachez que vous pouvez opter pour un h\u00f4tel flottant, un g\u00eete rural ou un ensemble d\u2019h\u00f4tels comme celui de quatre \u00e9toiles de la commune de Murighiol. La superbe vue sur le lac qui s\u2019offre aux yeux ne lasse pas d\u2019impressionner le visiteur. Le prix d\u2019une suite, petit d\u00e9jeuner et Internet wi-fi compris, est de 90 euros dans le courant de la semaine et de 110 euros en week-end.<\/p>\n<p>&#13;<br \/>\n&#13;<\/p>\n<p>&#13;<br \/>\n&#13;<\/p>\n<p>Et ce n\u2019est pas tout, affirme notre interlocutrice Mihaela Andrei, charg\u00e9e de marketing : <em>\u00ab Nous avons une piscine olympique et une aire de jeux pour enfants. On peut p\u00eacher dans le lac Murighiol, faire du p\u00e9dalo ou se promener \u00e0 bord de barques \u00e0 rames. A cela s\u2019ajoute un centre de bien-\u00eatre, avec piscine couverte, sauna, bain de vapeurs d\u2019eau saline, jacuzzi, salle de massage. Nous pouvons organiser des excursions d\u2019une dur\u00e9e de trois \u00e0 huit heures sur les canaux du delta du Danube. A hauteur de la localit\u00e9 de Sf. Gheorghe, se trouve l\u2019endroit o\u00f9 le fleuve se jette dans la Mer noire \u00bb .<\/em><\/p>\n<p>&#13;<br \/>\n&#13;<\/p>\n<p>&#13;<br \/>\n&#13;<\/p>\n<p>Contr\u00e9e mirifique, le Delta du Danube enchante le touriste par les paysages, par sa richesse floristique et faunistique. La cuisine du terroir r\u00e9serve des surprises tout aussi agr\u00e9ables: des menus du p\u00eacheur avec salades d\u2019\u0153ufs de poisson en entr\u00e9e, boulettes de poisson, bouillabaisse, brochettes de hareng du Danube et de carpe ou bien r\u00f4ti d\u2019agneau et de mouton, zakouski, salade de haricots blancs, bortsch aux lardons fum\u00e9s. Si les tarifs d\u2019h\u00e9bergement pour un s\u00e9jour dans le Delta du Danube sont plus \u00e9lev\u00e9s que dans d\u2019autres contr\u00e9es de la Roumanie c\u2019est parce qu\u2019ils incluent aussi le transport par voie d\u2019eau, a-t-on appris par Drago\u015f Olaru, responsable d\u2019une agence de voyage. Il tient \u00e0 pr\u00e9ciser cependant que ces prix ne sont pas prohibitifs.<\/p>\n<p>&#13;<br \/>\n&#13;<\/p>\n<p>&#13;<br \/>\n&#13;<\/p>\n<p>A preuve, l\u2019afflux des visiteurs venus des quatre coins du monde : <em>\u00ab Ils viennent de France, d\u2019Espagne, d\u2019Allemagne, des Am\u00e9riques, d\u2019Afrique du sud, et j\u2019en passe, et des meilleurs<\/em><em>. Nos h\u00f4tes \u00e9trangers se d\u00e9clarent tr\u00e8s satisfaits des services et ne rechignent pas sur les prix. En 2013, nous avons accueilli un couple de Britanniques qui y a pass\u00e9 neuf jours. Ils nous ont rendu visite cette ann\u00e9e aussi, en pr\u00e9cisant que c\u2019est le seul endroit au monde o\u00f9 ils soient revenus une deuxi\u00e8me fois. A pr\u00e9sent, nous h\u00e9bergeons un groupe d\u2019Arm\u00e9niens auquel j\u2019avais \u00e9t\u00e9 recommand\u00e9. Le plus important c\u2019est, en fin de compte, la satisfaction du client\u00bb. <\/em><\/p>\n<p>&#13;<br \/>\n&#13;<\/p>\n<p>&#13;<br \/>\n&#13;<\/p>\n<p>Le Delta du Danube est la destination id\u00e9ale tant pour les passionn\u00e9s de nature, que pour les personnes en qu\u00eate de d\u00e9tente. Dans l\u2019espoir de vous en avoir convaincus, nous vous conseillons de contacter d\u00e8s maintenant votre agence de voyage, afin que vous b\u00e9n\u00e9ficiiez des offres les plus attractives pour un s\u00e9jour automnal dans cet endroit mirifique. (Trad.: Ileana Taroi, Mariana Tudose)<\/p>\n<p>&#13;<\/p>\n","protected":false},"excerpt":{"rendered":"<p>Chers amis, aujourd\u2019hui nous vous emmenons au paradis des oiseaux qu\u2019est le delta du Danube, lieu unique en Roumanie et en Europe. Nous allons explorer des for\u00eats tropicales, go\u00fbter la cuisine du terroir et nous verrons ce que l\u2019automne fait d\u00e9couvrir aux vacanciers. Inscrit au patrimoine de l\u2019UNESCO en 1991, le delta du Danube est [&hellip;]<\/p>\n","protected":false},"author":128,"featured_media":57687,"comment_status":"closed","ping_status":"closed","sticky":false,"template":"","format":"standard","meta":{"_acf_changed":false,"footnotes":""},"categories":[86826],"tags":[86483,87692,29883],"coauthors":[],"class_list":["post-386392","post","type-post","status-publish","format-standard","has-post-thumbnail","hentry","category-radio-tour-fr","tag-delta-du-danube","tag-hotel-flottant","tag-unesco"],"acf":[],"yoast_head":"<!-- This site is optimized with the Yoast SEO plugin v27.5 - https:\/\/yoast.com\/product\/yoast-seo-wordpress\/ -->\n<title>L\u2019automne dans le Delta du Danube - Radio Roumanie Internationale<\/title>\n<meta name=\"robots\" content=\"index, follow, max-snippet:-1, max-image-preview:large, max-video-preview:-1\" \/>\n<link rel=\"canonical\" href=\"https:\/\/www.rri.ro\/fr\/chroniques-hebdomadaires\/radio-tour-fr\/lautomne-dans-le-delta-du-danube-id386392.html\" \/>\n<meta property=\"og:locale\" content=\"fr_FR\" \/>\n<meta property=\"og:type\" content=\"article\" \/>\n<meta property=\"og:title\" content=\"L\u2019automne dans le Delta du Danube - Radio Roumanie Internationale\" \/>\n<meta property=\"og:description\" content=\"Chers amis, aujourd\u2019hui nous vous emmenons au paradis des oiseaux qu\u2019est le delta du Danube, lieu unique en Roumanie et en Europe. Nous allons explorer des for\u00eats tropicales, go\u00fbter la cuisine du terroir et nous verrons ce que l\u2019automne fait d\u00e9couvrir aux vacanciers. Inscrit au patrimoine de l\u2019UNESCO en 1991, le delta du Danube est [&hellip;]\" \/>\n<meta property=\"og:url\" content=\"https:\/\/www.rri.ro\/fr\/chroniques-hebdomadaires\/radio-tour-fr\/lautomne-dans-le-delta-du-danube-id386392.html\" \/>\n<meta property=\"og:site_name\" content=\"Radio Roumanie Internationale\" \/>\n<meta property=\"article:published_time\" content=\"2014-09-18T12:22:00+00:00\" \/>\n<meta property=\"og:image\" content=\"https:\/\/www.rri.ro\/wp-content\/uploads\/2023\/10\/Delta12.png\" \/>\n\t<meta property=\"og:image:width\" content=\"950\" \/>\n\t<meta property=\"og:image:height\" content=\"713\" \/>\n\t<meta property=\"og:image:type\" content=\"image\/png\" \/>\n<meta name=\"author\" content=\"Daniel Onea\" \/>\n<meta name=\"twitter:card\" content=\"summary_large_image\" \/>\n<meta name=\"twitter:label1\" content=\"\u00c9crit par\" \/>\n\t<meta name=\"twitter:data1\" content=\"Daniel Onea\" \/>\n\t<meta name=\"twitter:label2\" content=\"Dur\u00e9e de lecture estim\u00e9e\" \/>\n\t<meta name=\"twitter:data2\" content=\"5 minutes\" \/>\n\t<meta name=\"twitter:label3\" content=\"Written by\" \/>\n\t<meta name=\"twitter:data3\" content=\"Daniel Onea\" \/>\n<script type=\"application\/ld+json\" class=\"yoast-schema-graph\">{\"@context\":\"https:\\\/\\\/schema.org\",\"@graph\":[{\"@type\":\"Article\",\"@id\":\"https:\\\/\\\/www.rri.ro\\\/fr\\\/chroniques-hebdomadaires\\\/radio-tour-fr\\\/lautomne-dans-le-delta-du-danube-id386392.html#article\",\"isPartOf\":{\"@id\":\"https:\\\/\\\/www.rri.ro\\\/fr\\\/chroniques-hebdomadaires\\\/radio-tour-fr\\\/lautomne-dans-le-delta-du-danube-id386392.html\"},\"author\":{\"name\":\"Daniel Onea\",\"@id\":\"https:\\\/\\\/www.rri.ro\\\/#\\\/schema\\\/person\\\/fcce42c208d45f30f5b054b64bc1e0df\"},\"headline\":\"L\u2019automne dans le Delta du Danube\",\"datePublished\":\"2014-09-18T12:22:00+00:00\",\"mainEntityOfPage\":{\"@id\":\"https:\\\/\\\/www.rri.ro\\\/fr\\\/chroniques-hebdomadaires\\\/radio-tour-fr\\\/lautomne-dans-le-delta-du-danube-id386392.html\"},\"wordCount\":1020,\"image\":{\"@id\":\"https:\\\/\\\/www.rri.ro\\\/fr\\\/chroniques-hebdomadaires\\\/radio-tour-fr\\\/lautomne-dans-le-delta-du-danube-id386392.html#primaryimage\"},\"thumbnailUrl\":\"https:\\\/\\\/www.rri.ro\\\/wp-content\\\/uploads\\\/2023\\\/10\\\/Delta12.png\",\"keywords\":[\"delta du Danube\",\"h\u00f4tel flottant\",\"UNESCO\"],\"articleSection\":[\"Radio Tour\"],\"inLanguage\":\"fr-FR\"},{\"@type\":\"WebPage\",\"@id\":\"https:\\\/\\\/www.rri.ro\\\/fr\\\/chroniques-hebdomadaires\\\/radio-tour-fr\\\/lautomne-dans-le-delta-du-danube-id386392.html\",\"url\":\"https:\\\/\\\/www.rri.ro\\\/fr\\\/chroniques-hebdomadaires\\\/radio-tour-fr\\\/lautomne-dans-le-delta-du-danube-id386392.html\",\"name\":\"L\u2019automne dans le Delta du Danube - Radio Roumanie Internationale\",\"isPartOf\":{\"@id\":\"https:\\\/\\\/www.rri.ro\\\/#website\"},\"primaryImageOfPage\":{\"@id\":\"https:\\\/\\\/www.rri.ro\\\/fr\\\/chroniques-hebdomadaires\\\/radio-tour-fr\\\/lautomne-dans-le-delta-du-danube-id386392.html#primaryimage\"},\"image\":{\"@id\":\"https:\\\/\\\/www.rri.ro\\\/fr\\\/chroniques-hebdomadaires\\\/radio-tour-fr\\\/lautomne-dans-le-delta-du-danube-id386392.html#primaryimage\"},\"thumbnailUrl\":\"https:\\\/\\\/www.rri.ro\\\/wp-content\\\/uploads\\\/2023\\\/10\\\/Delta12.png\",\"datePublished\":\"2014-09-18T12:22:00+00:00\",\"author\":{\"@id\":\"https:\\\/\\\/www.rri.ro\\\/#\\\/schema\\\/person\\\/fcce42c208d45f30f5b054b64bc1e0df\"},\"breadcrumb\":{\"@id\":\"https:\\\/\\\/www.rri.ro\\\/fr\\\/chroniques-hebdomadaires\\\/radio-tour-fr\\\/lautomne-dans-le-delta-du-danube-id386392.html#breadcrumb\"},\"inLanguage\":\"fr-FR\",\"potentialAction\":[{\"@type\":\"ReadAction\",\"target\":[\"https:\\\/\\\/www.rri.ro\\\/fr\\\/chroniques-hebdomadaires\\\/radio-tour-fr\\\/lautomne-dans-le-delta-du-danube-id386392.html\"]}]},{\"@type\":\"ImageObject\",\"inLanguage\":\"fr-FR\",\"@id\":\"https:\\\/\\\/www.rri.ro\\\/fr\\\/chroniques-hebdomadaires\\\/radio-tour-fr\\\/lautomne-dans-le-delta-du-danube-id386392.html#primaryimage\",\"url\":\"https:\\\/\\\/www.rri.ro\\\/wp-content\\\/uploads\\\/2023\\\/10\\\/Delta12.png\",\"contentUrl\":\"https:\\\/\\\/www.rri.ro\\\/wp-content\\\/uploads\\\/2023\\\/10\\\/Delta12.png\",\"width\":950,\"height\":713},{\"@type\":\"BreadcrumbList\",\"@id\":\"https:\\\/\\\/www.rri.ro\\\/fr\\\/chroniques-hebdomadaires\\\/radio-tour-fr\\\/lautomne-dans-le-delta-du-danube-id386392.html#breadcrumb\",\"itemListElement\":[{\"@type\":\"ListItem\",\"position\":1,\"name\":\"Page d'accueil\",\"item\":\"https:\\\/\\\/www.rri.ro\\\/fr\"},{\"@type\":\"ListItem\",\"position\":2,\"name\":\"Chroniques hebdomadaires\",\"item\":\"https:\\\/\\\/www.rri.ro\\\/fr\\\/chroniques-hebdomadaires\"},{\"@type\":\"ListItem\",\"position\":3,\"name\":\"Radio Tour\",\"item\":\"https:\\\/\\\/www.rri.ro\\\/fr\\\/chroniques-hebdomadaires\\\/radio-tour-fr\"},{\"@type\":\"ListItem\",\"position\":4,\"name\":\"L\u2019automne dans le Delta du Danube\"}]},{\"@type\":\"WebSite\",\"@id\":\"https:\\\/\\\/www.rri.ro\\\/#website\",\"url\":\"https:\\\/\\\/www.rri.ro\\\/\",\"name\":\"Radio Roumanie Internationale\",\"description\":\"Totul despre Rom\u00e2nia \u015fi rom\u00e2ni, \u00een 13 limbi\\\/dialecte!\",\"inLanguage\":\"fr-FR\"},{\"@type\":\"Person\",\"@id\":\"https:\\\/\\\/www.rri.ro\\\/#\\\/schema\\\/person\\\/fcce42c208d45f30f5b054b64bc1e0df\",\"name\":\"Daniel Onea\",\"url\":\"https:\\\/\\\/www.rri.ro\\\/fr\\\/author\\\/daniel-onea\"}]}<\/script>\n<!-- \/ Yoast SEO plugin. -->","yoast_head_json":{"title":"L\u2019automne dans le Delta du Danube - Radio Roumanie Internationale","robots":{"index":"index","follow":"follow","max-snippet":"max-snippet:-1","max-image-preview":"max-image-preview:large","max-video-preview":"max-video-preview:-1"},"canonical":"https:\/\/www.rri.ro\/fr\/chroniques-hebdomadaires\/radio-tour-fr\/lautomne-dans-le-delta-du-danube-id386392.html","og_locale":"fr_FR","og_type":"article","og_title":"L\u2019automne dans le Delta du Danube - Radio Roumanie Internationale","og_description":"Chers amis, aujourd\u2019hui nous vous emmenons au paradis des oiseaux qu\u2019est le delta du Danube, lieu unique en Roumanie et en Europe. Nous allons explorer des for\u00eats tropicales, go\u00fbter la cuisine du terroir et nous verrons ce que l\u2019automne fait d\u00e9couvrir aux vacanciers. Inscrit au patrimoine de l\u2019UNESCO en 1991, le delta du Danube est [&hellip;]","og_url":"https:\/\/www.rri.ro\/fr\/chroniques-hebdomadaires\/radio-tour-fr\/lautomne-dans-le-delta-du-danube-id386392.html","og_site_name":"Radio Roumanie Internationale","article_published_time":"2014-09-18T12:22:00+00:00","og_image":[{"width":950,"height":713,"url":"https:\/\/www.rri.ro\/wp-content\/uploads\/2023\/10\/Delta12.png","type":"image\/png"}],"author":"Daniel Onea","twitter_card":"summary_large_image","twitter_misc":{"\u00c9crit par":"Daniel Onea","Dur\u00e9e de lecture estim\u00e9e":"5 minutes","Written by":"Daniel Onea"},"schema":{"@context":"https:\/\/schema.org","@graph":[{"@type":"Article","@id":"https:\/\/www.rri.ro\/fr\/chroniques-hebdomadaires\/radio-tour-fr\/lautomne-dans-le-delta-du-danube-id386392.html#article","isPartOf":{"@id":"https:\/\/www.rri.ro\/fr\/chroniques-hebdomadaires\/radio-tour-fr\/lautomne-dans-le-delta-du-danube-id386392.html"},"author":{"name":"Daniel Onea","@id":"https:\/\/www.rri.ro\/#\/schema\/person\/fcce42c208d45f30f5b054b64bc1e0df"},"headline":"L\u2019automne dans le Delta du Danube","datePublished":"2014-09-18T12:22:00+00:00","mainEntityOfPage":{"@id":"https:\/\/www.rri.ro\/fr\/chroniques-hebdomadaires\/radio-tour-fr\/lautomne-dans-le-delta-du-danube-id386392.html"},"wordCount":1020,"image":{"@id":"https:\/\/www.rri.ro\/fr\/chroniques-hebdomadaires\/radio-tour-fr\/lautomne-dans-le-delta-du-danube-id386392.html#primaryimage"},"thumbnailUrl":"https:\/\/www.rri.ro\/wp-content\/uploads\/2023\/10\/Delta12.png","keywords":["delta du Danube","h\u00f4tel flottant","UNESCO"],"articleSection":["Radio Tour"],"inLanguage":"fr-FR"},{"@type":"WebPage","@id":"https:\/\/www.rri.ro\/fr\/chroniques-hebdomadaires\/radio-tour-fr\/lautomne-dans-le-delta-du-danube-id386392.html","url":"https:\/\/www.rri.ro\/fr\/chroniques-hebdomadaires\/radio-tour-fr\/lautomne-dans-le-delta-du-danube-id386392.html","name":"L\u2019automne dans le Delta du Danube - Radio Roumanie Internationale","isPartOf":{"@id":"https:\/\/www.rri.ro\/#website"},"primaryImageOfPage":{"@id":"https:\/\/www.rri.ro\/fr\/chroniques-hebdomadaires\/radio-tour-fr\/lautomne-dans-le-delta-du-danube-id386392.html#primaryimage"},"image":{"@id":"https:\/\/www.rri.ro\/fr\/chroniques-hebdomadaires\/radio-tour-fr\/lautomne-dans-le-delta-du-danube-id386392.html#primaryimage"},"thumbnailUrl":"https:\/\/www.rri.ro\/wp-content\/uploads\/2023\/10\/Delta12.png","datePublished":"2014-09-18T12:22:00+00:00","author":{"@id":"https:\/\/www.rri.ro\/#\/schema\/person\/fcce42c208d45f30f5b054b64bc1e0df"},"breadcrumb":{"@id":"https:\/\/www.rri.ro\/fr\/chroniques-hebdomadaires\/radio-tour-fr\/lautomne-dans-le-delta-du-danube-id386392.html#breadcrumb"},"inLanguage":"fr-FR","potentialAction":[{"@type":"ReadAction","target":["https:\/\/www.rri.ro\/fr\/chroniques-hebdomadaires\/radio-tour-fr\/lautomne-dans-le-delta-du-danube-id386392.html"]}]},{"@type":"ImageObject","inLanguage":"fr-FR","@id":"https:\/\/www.rri.ro\/fr\/chroniques-hebdomadaires\/radio-tour-fr\/lautomne-dans-le-delta-du-danube-id386392.html#primaryimage","url":"https:\/\/www.rri.ro\/wp-content\/uploads\/2023\/10\/Delta12.png","contentUrl":"https:\/\/www.rri.ro\/wp-content\/uploads\/2023\/10\/Delta12.png","width":950,"height":713},{"@type":"BreadcrumbList","@id":"https:\/\/www.rri.ro\/fr\/chroniques-hebdomadaires\/radio-tour-fr\/lautomne-dans-le-delta-du-danube-id386392.html#breadcrumb","itemListElement":[{"@type":"ListItem","position":1,"name":"Page d'accueil","item":"https:\/\/www.rri.ro\/fr"},{"@type":"ListItem","position":2,"name":"Chroniques hebdomadaires","item":"https:\/\/www.rri.ro\/fr\/chroniques-hebdomadaires"},{"@type":"ListItem","position":3,"name":"Radio Tour","item":"https:\/\/www.rri.ro\/fr\/chroniques-hebdomadaires\/radio-tour-fr"},{"@type":"ListItem","position":4,"name":"L\u2019automne dans le Delta du Danube"}]},{"@type":"WebSite","@id":"https:\/\/www.rri.ro\/#website","url":"https:\/\/www.rri.ro\/","name":"Radio Roumanie Internationale","description":"Totul despre Rom\u00e2nia \u015fi rom\u00e2ni, \u00een 13 limbi\/dialecte!","inLanguage":"fr-FR"},{"@type":"Person","@id":"https:\/\/www.rri.ro\/#\/schema\/person\/fcce42c208d45f30f5b054b64bc1e0df","name":"Daniel Onea","url":"https:\/\/www.rri.ro\/fr\/author\/daniel-onea"}]}},"_links":{"self":[{"href":"https:\/\/www.rri.ro\/fr\/wp-json\/wp\/v2\/posts\/386392","targetHints":{"allow":["GET"]}}],"collection":[{"href":"https:\/\/www.rri.ro\/fr\/wp-json\/wp\/v2\/posts"}],"about":[{"href":"https:\/\/www.rri.ro\/fr\/wp-json\/wp\/v2\/types\/post"}],"author":[{"embeddable":true,"href":"https:\/\/www.rri.ro\/fr\/wp-json\/wp\/v2\/users\/128"}],"replies":[{"embeddable":true,"href":"https:\/\/www.rri.ro\/fr\/wp-json\/wp\/v2\/comments?post=386392"}],"version-history":[{"count":0,"href":"https:\/\/www.rri.ro\/fr\/wp-json\/wp\/v2\/posts\/386392\/revisions"}],"wp:featuredmedia":[{"embeddable":true,"href":"https:\/\/www.rri.ro\/fr\/wp-json\/wp\/v2\/media\/57687"}],"wp:attachment":[{"href":"https:\/\/www.rri.ro\/fr\/wp-json\/wp\/v2\/media?parent=386392"}],"wp:term":[{"taxonomy":"category","embeddable":true,"href":"https:\/\/www.rri.ro\/fr\/wp-json\/wp\/v2\/categories?post=386392"},{"taxonomy":"post_tag","embeddable":true,"href":"https:\/\/www.rri.ro\/fr\/wp-json\/wp\/v2\/tags?post=386392"},{"taxonomy":"author","embeddable":true,"href":"https:\/\/www.rri.ro\/fr\/wp-json\/wp\/v2\/coauthors?post=386392"}],"curies":[{"name":"wp","href":"https:\/\/api.w.org\/{rel}","templated":true}]}}