{"id":386407,"date":"2015-01-01T13:00:00","date_gmt":"2015-01-01T11:00:00","guid":{"rendered":"http:\/\/devrri.freshlemon.ro\/le-roumain-mot-a-mot\/consulter-les-lecons\/la-retrospective-touristique-2014-id386407.html"},"modified":"2015-01-01T13:00:00","modified_gmt":"2015-01-01T11:00:00","slug":"la-retrospective-touristique-2014","status":"publish","type":"post","link":"https:\/\/www.rri.ro\/fr\/chroniques-hebdomadaires\/radio-tour-fr\/la-retrospective-touristique-2014-id386407.html","title":{"rendered":"La r\u00e9trospective touristique 2014"},"content":{"rendered":"<p>Les premi\u00e8res \u00e9ditions 2014 de notre voyage radiophonique \u00e0 travers la Roumanie  \u00e9taient consacr\u00e9es au jeu concours intitul\u00e9  \u00ab Depuis la route du vin \u00e0 celle des vo\u00efvodes \u00bb. Le concours, qui nous a emmen\u00e9s au comt\u00e9 de Prahova, a \u00e9t\u00e9 inspir\u00e9 par les programmes de promotion touristique \u00ab La route des fruits \u00bb, \u00ab La route du vin \u00bb et \u00ab La route des vo\u00efvodes \u00bb organis\u00e9s par le Conseil d\u00e9partemental de Prahova.  Nous avons re\u00e7u de votre part 606 r\u00e9ponses correctes au questionnaire. Le Grand Prix a consist\u00e9 en un  s\u00e9jour pour deux personnes, de 9 nuit\u00e9es, du 18 au 26 octobre 2014, dans le d\u00e9partement de Prahova. Un s\u00e9jour qui a permis aux deux heureux gagnants, Philippe Sonnet et \u00e0 son \u00e9pouse Cynthia Marie Rosewicz, de Belgique, de conna\u00eetre les attractions touristiques, culturelles et historiques de cette r\u00e9gion.  <\/p>\n<p>&#13;<br \/>\n&#13;<\/p>\n<p>&#13;<br \/>\n&#13;<\/p>\n<p>Le 15 juillet 2014,  s\u2019est achev\u00e9 un autre jeu concours organis\u00e9 par RRI. Intitul\u00e9 \u201c Mili\u0163a Petra\u015fcu, g\u00e9n\u00e9ration Brancusi \u201d, il a \u00e9t\u00e9 consacr\u00e9 au c\u00e9l\u00e8bre sculpteur Constantin Brancusi et \u00e0 une de ses \u00e9l\u00e8ves, non moins connue, Mili\u0163a Petra\u015fcu. <span style=line-height: 1.6em;>Le Grand prix a \u00e9t\u00e9 un s\u00e9jour pour une seule personne, de 6 nuit\u00e9es, pension compl\u00e8te, dans la seconde moiti\u00e9 du mois d\u2019ao\u00fbt 2014, dans le d\u00e9partement de Gorj, r\u00e9gion d\u2019origine du sculpteur Constantin Brancusi. Le nombre de r\u00e9ponses correctes \u00e0 notre questionnaire (199) a \u00e9t\u00e9 consid\u00e9rable, vu que ce jeu concours s\u2019est d\u00e9roul\u00e9 pendant un seul mois. Notre auditeur Jean-Marc Olry, de France, le gagnant d\u00e9sign\u00e9 par tirage au sort a eu l\u2019occasion d\u2019admirer les cr\u00e9ations de Brancusi se trouvant \u00e0 T\u00e2rgu Jiu, de visiter la maison mus\u00e9e de l\u2019artiste et bien d\u2019autres attractions culturelles, touristiques et historiques de la zone.<\/span><\/p>\n<p>&#13;<br \/>\n&#13;<\/p>\n<p>&#13;<br \/>\n&#13;<\/p>\n<p>Au printemps 2014, nous vous avons pr\u00e9sent\u00e9 les offres hors saison de la c\u00f4te roumaine de la Mer noire, mais aussi les paquets  touristiques  pour la XXXIe \u00e9dition du Salon du tourisme roumain, qui s\u2019est tenu du 13 au 16 mars \u00e0 Bucarest. Ensuite, on vous a fait part des offres les plus int\u00e9ressantes en mati\u00e8re de tourisme rural au Maramures et invit\u00e9 \u00e0 fl\u00e2ner ensemble dans la ville de Iasi. Situ\u00e9e dans le nord-est du pays et surnomm\u00e9e aussi \u00ab la ville des sept  collines \u00bb, Iasi est une des destinations les plus attractives, gr\u00e2ce \u00e0 ses nombreux objectifs historiques, culturels et centres de loisirs. Ia\u015fi est synonyme d\u2019histoire, d\u2019art, de sciences et d\u2019innovation. Qu\u2019il s\u2019agisse de l\u2019ancienne culture de Cucuteni ou des grandes familles de boyards, la ville de Ia\u015fi a toujours jou\u00e9 un r\u00f4le de premi\u00e8re importance dans l\u2019histoire de la Roumanie. <\/p>\n<p>&#13;<br \/>\n&#13;<\/p>\n<p>&#13;<br \/>\n&#13;<\/p>\n<p>Au mois d\u2019avril, nous vous avons invit\u00e9 \u00e0 f\u00eater P\u00e2ques en Roumanie. L\u2019occasion de d\u00e9couvrir nos traditions et coutumes li\u00e9es \u00e0 cette f\u00eate. Les  maisons sont nettoy\u00e9es et orn\u00e9es pour la f\u00eate, et les m\u00e9nag\u00e8res pr\u00e9parent les d\u00e9lices culinaires traditionnels. Le r\u00f4ti d\u2019agneau, la terrine d\u2019agneau, la galette de P\u00e2ques et les \u0153ufs color\u00e9s sont les vedettes de cette f\u00eate. Sans oublier les cozonaci, les sarmale ou d\u2019autres sp\u00e9cialit\u00e9s, selon la r\u00e9gion.<\/p>\n<p>&#13;<br \/>\n&#13;<\/p>\n<p>&#13;<br \/>\n&#13;<\/p>\n<p>Aux passionn\u00e9s de tourisme d\u2019aventure, nous avons  lanc\u00e9 l\u2019invitation de visiter Arsenal Park, un parc \u00e0 th\u00e9matique militaire, situ\u00e9 sur une propri\u00e9t\u00e9 de 88 ha, \u00e0 Or\u0103\u015ftie, dans l\u2019ouest de la Roumanie. Il propose des jeux de paintball ou d\u2019airsoft, un mus\u00e9e militaire et une zone de spa moderne. Territoire d\u2019aventure, camp d\u2019entra\u00eenement, adr\u00e9naline, oasis de d\u00e9tente, tout cela est \u00e0 retrouver dans ce parc th\u00e9matique.<\/p>\n<p>&#13;<br \/>\n&#13;<\/p>\n<p>&#13;<br \/>\n&#13;<\/p>\n<p>Toujours au printemps, nous avons fait le tour de  la capitale, Bucarest, puis nous nous sommes dirig\u00e9s vers le delta du Danube. Nous avons \u00e9galement explor\u00e9 ensemble les grottes de Roumanie et parl\u00e9 de l\u2019ouverture de la saison estivale.<\/p>\n<p>&#13;<br \/>\n&#13;<\/p>\n<p>&#13;<br \/>\n&#13;<\/p>\n<p>Eu d\u00e9but de l\u2019\u00e9t\u00e9, nous roulions sur la route appel\u00e9e Transf\u0103g\u0103ra\u015fan, une des plus spectaculaire du pays et d\u2019Europe. Elle  traverse le plus haut massif de Roumanie, les Monts F\u0103g\u0103ra\u015f, situ\u00e9 au centre du pays. Si pour les chauffeurs, un voyage sur le Transf\u0103g\u0103r\u0103\u015fan est un v\u00e9ritable d\u00e9fi, pour le reste de la famille c\u2019est un v\u00e9ritable spectacle. Les paysages qui s\u2019\u00e9talent d\u2019un c\u00f4t\u00e9 et de l\u2019autre de la route sont \u00e9poustouflants. Pour leur part, les g\u00eetes de la r\u00e9gion proposent des services de plus en plus vari\u00e9s. C\u2019est une destination pour toute la famille, mais recommand\u00e9e aux chauffeurs chevronn\u00e9s et surtout passionn\u00e9s des quatre roues.  Transf\u0103g\u0103r\u0103\u015fan est d\u2019ailleurs consid\u00e9r\u00e9 par des publications sp\u00e9cialis\u00e9es renomm\u00e9es comme  \u00e9tant la meilleure route au monde pour conduire la voiture.<\/p>\n<p>&#13;<br \/>\n&#13;<\/p>\n<p>&#13;<br \/>\n&#13;<\/p>\n<p>En d\u00e9but de saison estivale, nous avons pass\u00e9 en revue les  atouts de la c\u00f4te roumaine de la Mer noire.  En dehors d\u2019\u00eatre un endroit id\u00e9al pour les bains de soleil et les baignades, le littoral roumain offre aux visiteurs un large \u00e9ventail de loisirs :  on y d\u00e9couvre la Dobroudja, avec ses caves, ses vignobles et ses vins, avec ses monuments historiques et ses monast\u00e8res, ainsi que le Delta du Danube, qui est tout pr\u00e8s. A cela s\u2019ajoutent les s\u00e9jours de remise en forme, les clubs de nuit, un delphinarium, un parc aquatique et un haras, o\u00f9 l\u2019on peut pratiquer l\u2019\u00e9quitation, ainsi qu\u2019un village de vacances qui fait les d\u00e9lices de tous.<\/p>\n<p>&#13;<br \/>\n&#13;<\/p>\n<p>&#13;<br \/>\n&#13;<\/p>\n<p>Toujours pendant l\u2018\u00e9t\u00e9  2014, nous avons parl\u00e9 du Golden Apple\u201d (La Pomme d\u2019Or). Cette r\u00e9compense internationale de lindustrie touristique est d\u00e9cern\u00e9e par la F\u00e9d\u00e9ration internationale des journalistes et \u00e9crivains du tourisme (FIJET) \u00e0 des destinations touristiques d\u2019excellence. C\u2019est la  ville de T\u00e2rgu Jiu, dans le sud de la Roumanie, qui s\u2019est vu d\u00e9cerner cette distinction. La pr\u00e9sence \u00e0 T\u00e2rgu-Jiu des sculptures monumentales de Constantin Brancusi a pes\u00e9 lourd dans la d\u00e9cision prise par la FIJET. <\/p>\n<p>&#13;<br \/>\n&#13;<\/p>\n<p>&#13;<br \/>\n&#13;<\/p>\n<p>L\u2018automne venu, nous nous sommes pench\u00e9s sur ce paradis des oiseaux, cet endroit unique en Roumanie et en Europe, qu\u2019est le Delta du Danube. L\u2019occasion d\u2019explorer des for\u00eats pr\u00e9sentant un aspect tropical et de d\u00e9couvrir la cuisine  du terroir. Ensuite, nous nous sommes balad\u00e9s  dans les rues de la ville d\u2019Oradea, nous avons  parl\u00e9 du premier  cluster  de tourisme au monde destin\u00e9 aux jeunes. Il s\u2019agit d\u2019un partenariat public-priv\u00e9 qui vise \u00e0 attirer les jeunes touristes de l\u2019\u00e9tranger. La derni\u00e8re \u00e9dition 2014 de notre rubrique Radio Tour a \u00e9t\u00e9 consacr\u00e9e, bien \u00e9videmment, au tour des plus beaux march\u00e9s de No\u00ebl de Roumanie et aux paquets touristiques les plus attractifs pour les f\u00eates de fin d\u2019ann\u00e9e.<\/p>\n<p>&#13;<br \/>\n&#13;<\/p>\n<p>&#13;<br \/>\n&#13;<\/p>\n<p>Voil\u00e0, chers  amis pour cette r\u00e9trospective. N\u2019oubliez pas, de nouvelles choses restent encore \u00e0 d\u00e9couvrir sur les destinations touristiques les plus int\u00e9ressantes et in\u00e9dites de Roumanie.  Bonne ann\u00e9e 2015! (trad. Mariana Tudose)<\/p>\n<p>&#13;<\/p>\n","protected":false},"excerpt":{"rendered":"<p>Les premi\u00e8res \u00e9ditions 2014 de notre voyage radiophonique \u00e0 travers la Roumanie \u00e9taient consacr\u00e9es au jeu concours intitul\u00e9 \u00ab Depuis la route du vin \u00e0 celle des vo\u00efvodes \u00bb. Le concours, qui nous a emmen\u00e9s au comt\u00e9 de Prahova, a \u00e9t\u00e9 inspir\u00e9 par les programmes de promotion touristique \u00ab La route des fruits \u00bb, \u00ab [&hellip;]<\/p>\n","protected":false},"author":128,"featured_media":147449,"comment_status":"closed","ping_status":"closed","sticky":false,"template":"","format":"standard","meta":{"_acf_changed":false,"footnotes":""},"categories":[86826],"tags":[87541,87709,116081,85543,148298,151095,151718,84949,145845,85835,151605,34852],"coauthors":[],"class_list":["post-386407","post","type-post","status-publish","format-standard","has-post-thumbnail","hentry","category-radio-tour-fr","tag-aventure","tag-bracusi","tag-bucarest-fr","tag-concours","tag-delta-fr","tag-fagaras-fr","tag-gorj-fr","tag-noel","tag-orastie-fr","tag-paques","tag-prahova-fr","tag-transfagarasan"],"acf":[],"yoast_head":"<!-- This site is optimized with the Yoast SEO plugin v27.5 - https:\/\/yoast.com\/product\/yoast-seo-wordpress\/ -->\n<title>La r\u00e9trospective touristique 2014 - Radio Roumanie Internationale<\/title>\n<meta name=\"robots\" content=\"index, follow, max-snippet:-1, max-image-preview:large, max-video-preview:-1\" \/>\n<link rel=\"canonical\" href=\"https:\/\/www.rri.ro\/fr\/chroniques-hebdomadaires\/radio-tour-fr\/la-retrospective-touristique-2014-id386407.html\" \/>\n<meta property=\"og:locale\" content=\"fr_FR\" \/>\n<meta property=\"og:type\" content=\"article\" \/>\n<meta property=\"og:title\" content=\"La r\u00e9trospective touristique 2014 - Radio Roumanie Internationale\" \/>\n<meta property=\"og:description\" content=\"Les premi\u00e8res \u00e9ditions 2014 de notre voyage radiophonique \u00e0 travers la Roumanie \u00e9taient consacr\u00e9es au jeu concours intitul\u00e9 \u00ab Depuis la route du vin \u00e0 celle des vo\u00efvodes \u00bb. Le concours, qui nous a emmen\u00e9s au comt\u00e9 de Prahova, a \u00e9t\u00e9 inspir\u00e9 par les programmes de promotion touristique \u00ab La route des fruits \u00bb, \u00ab [&hellip;]\" \/>\n<meta property=\"og:url\" content=\"https:\/\/www.rri.ro\/fr\/chroniques-hebdomadaires\/radio-tour-fr\/la-retrospective-touristique-2014-id386407.html\" \/>\n<meta property=\"og:site_name\" content=\"Radio Roumanie Internationale\" \/>\n<meta property=\"article:published_time\" content=\"2015-01-01T11:00:00+00:00\" \/>\n<meta property=\"og:image\" content=\"https:\/\/www.rri.ro\/wp-content\/uploads\/2023\/10\/bucuresti.jpg\" \/>\n\t<meta property=\"og:image:width\" content=\"640\" \/>\n\t<meta property=\"og:image:height\" content=\"467\" \/>\n\t<meta property=\"og:image:type\" content=\"image\/jpeg\" \/>\n<meta name=\"author\" content=\"Daniel Onea\" \/>\n<meta name=\"twitter:card\" content=\"summary_large_image\" \/>\n<meta name=\"twitter:label1\" content=\"\u00c9crit par\" \/>\n\t<meta name=\"twitter:data1\" content=\"Daniel Onea\" \/>\n\t<meta name=\"twitter:label2\" content=\"Dur\u00e9e de lecture estim\u00e9e\" \/>\n\t<meta name=\"twitter:data2\" content=\"6 minutes\" \/>\n\t<meta name=\"twitter:label3\" content=\"Written by\" \/>\n\t<meta name=\"twitter:data3\" content=\"Daniel Onea\" \/>\n<script type=\"application\/ld+json\" class=\"yoast-schema-graph\">{\"@context\":\"https:\\\/\\\/schema.org\",\"@graph\":[{\"@type\":\"Article\",\"@id\":\"https:\\\/\\\/www.rri.ro\\\/fr\\\/chroniques-hebdomadaires\\\/radio-tour-fr\\\/la-retrospective-touristique-2014-id386407.html#article\",\"isPartOf\":{\"@id\":\"https:\\\/\\\/www.rri.ro\\\/fr\\\/chroniques-hebdomadaires\\\/radio-tour-fr\\\/la-retrospective-touristique-2014-id386407.html\"},\"author\":{\"name\":\"Daniel Onea\",\"@id\":\"https:\\\/\\\/www.rri.ro\\\/#\\\/schema\\\/person\\\/fcce42c208d45f30f5b054b64bc1e0df\"},\"headline\":\"La r\u00e9trospective touristique 2014\",\"datePublished\":\"2015-01-01T11:00:00+00:00\",\"mainEntityOfPage\":{\"@id\":\"https:\\\/\\\/www.rri.ro\\\/fr\\\/chroniques-hebdomadaires\\\/radio-tour-fr\\\/la-retrospective-touristique-2014-id386407.html\"},\"wordCount\":1216,\"image\":{\"@id\":\"https:\\\/\\\/www.rri.ro\\\/fr\\\/chroniques-hebdomadaires\\\/radio-tour-fr\\\/la-retrospective-touristique-2014-id386407.html#primaryimage\"},\"thumbnailUrl\":\"https:\\\/\\\/www.rri.ro\\\/wp-content\\\/uploads\\\/2023\\\/10\\\/bucuresti.jpg\",\"keywords\":[\"aventure\",\"Bracusi\",\"Bucarest\",\"concours\",\"Delta\",\"Fagaras\",\"Gorj\",\"No\u00ebl\",\"Orastie\",\"P\u00e2ques\",\"Prahova\",\"Transfagarasan\"],\"articleSection\":[\"Radio Tour\"],\"inLanguage\":\"fr-FR\"},{\"@type\":\"WebPage\",\"@id\":\"https:\\\/\\\/www.rri.ro\\\/fr\\\/chroniques-hebdomadaires\\\/radio-tour-fr\\\/la-retrospective-touristique-2014-id386407.html\",\"url\":\"https:\\\/\\\/www.rri.ro\\\/fr\\\/chroniques-hebdomadaires\\\/radio-tour-fr\\\/la-retrospective-touristique-2014-id386407.html\",\"name\":\"La r\u00e9trospective touristique 2014 - Radio Roumanie Internationale\",\"isPartOf\":{\"@id\":\"https:\\\/\\\/www.rri.ro\\\/#website\"},\"primaryImageOfPage\":{\"@id\":\"https:\\\/\\\/www.rri.ro\\\/fr\\\/chroniques-hebdomadaires\\\/radio-tour-fr\\\/la-retrospective-touristique-2014-id386407.html#primaryimage\"},\"image\":{\"@id\":\"https:\\\/\\\/www.rri.ro\\\/fr\\\/chroniques-hebdomadaires\\\/radio-tour-fr\\\/la-retrospective-touristique-2014-id386407.html#primaryimage\"},\"thumbnailUrl\":\"https:\\\/\\\/www.rri.ro\\\/wp-content\\\/uploads\\\/2023\\\/10\\\/bucuresti.jpg\",\"datePublished\":\"2015-01-01T11:00:00+00:00\",\"author\":{\"@id\":\"https:\\\/\\\/www.rri.ro\\\/#\\\/schema\\\/person\\\/fcce42c208d45f30f5b054b64bc1e0df\"},\"breadcrumb\":{\"@id\":\"https:\\\/\\\/www.rri.ro\\\/fr\\\/chroniques-hebdomadaires\\\/radio-tour-fr\\\/la-retrospective-touristique-2014-id386407.html#breadcrumb\"},\"inLanguage\":\"fr-FR\",\"potentialAction\":[{\"@type\":\"ReadAction\",\"target\":[\"https:\\\/\\\/www.rri.ro\\\/fr\\\/chroniques-hebdomadaires\\\/radio-tour-fr\\\/la-retrospective-touristique-2014-id386407.html\"]}]},{\"@type\":\"ImageObject\",\"inLanguage\":\"fr-FR\",\"@id\":\"https:\\\/\\\/www.rri.ro\\\/fr\\\/chroniques-hebdomadaires\\\/radio-tour-fr\\\/la-retrospective-touristique-2014-id386407.html#primaryimage\",\"url\":\"https:\\\/\\\/www.rri.ro\\\/wp-content\\\/uploads\\\/2023\\\/10\\\/bucuresti.jpg\",\"contentUrl\":\"https:\\\/\\\/www.rri.ro\\\/wp-content\\\/uploads\\\/2023\\\/10\\\/bucuresti.jpg\",\"width\":640,\"height\":467},{\"@type\":\"BreadcrumbList\",\"@id\":\"https:\\\/\\\/www.rri.ro\\\/fr\\\/chroniques-hebdomadaires\\\/radio-tour-fr\\\/la-retrospective-touristique-2014-id386407.html#breadcrumb\",\"itemListElement\":[{\"@type\":\"ListItem\",\"position\":1,\"name\":\"Page d'accueil\",\"item\":\"https:\\\/\\\/www.rri.ro\\\/fr\"},{\"@type\":\"ListItem\",\"position\":2,\"name\":\"Chroniques hebdomadaires\",\"item\":\"https:\\\/\\\/www.rri.ro\\\/fr\\\/chroniques-hebdomadaires\"},{\"@type\":\"ListItem\",\"position\":3,\"name\":\"Radio Tour\",\"item\":\"https:\\\/\\\/www.rri.ro\\\/fr\\\/chroniques-hebdomadaires\\\/radio-tour-fr\"},{\"@type\":\"ListItem\",\"position\":4,\"name\":\"La r\u00e9trospective touristique 2014\"}]},{\"@type\":\"WebSite\",\"@id\":\"https:\\\/\\\/www.rri.ro\\\/#website\",\"url\":\"https:\\\/\\\/www.rri.ro\\\/\",\"name\":\"Radio Roumanie Internationale\",\"description\":\"Totul despre Rom\u00e2nia \u015fi rom\u00e2ni, \u00een 13 limbi\\\/dialecte!\",\"inLanguage\":\"fr-FR\"},{\"@type\":\"Person\",\"@id\":\"https:\\\/\\\/www.rri.ro\\\/#\\\/schema\\\/person\\\/fcce42c208d45f30f5b054b64bc1e0df\",\"name\":\"Daniel Onea\",\"url\":\"https:\\\/\\\/www.rri.ro\\\/fr\\\/author\\\/daniel-onea\"}]}<\/script>\n<!-- \/ Yoast SEO plugin. -->","yoast_head_json":{"title":"La r\u00e9trospective touristique 2014 - Radio Roumanie Internationale","robots":{"index":"index","follow":"follow","max-snippet":"max-snippet:-1","max-image-preview":"max-image-preview:large","max-video-preview":"max-video-preview:-1"},"canonical":"https:\/\/www.rri.ro\/fr\/chroniques-hebdomadaires\/radio-tour-fr\/la-retrospective-touristique-2014-id386407.html","og_locale":"fr_FR","og_type":"article","og_title":"La r\u00e9trospective touristique 2014 - Radio Roumanie Internationale","og_description":"Les premi\u00e8res \u00e9ditions 2014 de notre voyage radiophonique \u00e0 travers la Roumanie \u00e9taient consacr\u00e9es au jeu concours intitul\u00e9 \u00ab Depuis la route du vin \u00e0 celle des vo\u00efvodes \u00bb. Le concours, qui nous a emmen\u00e9s au comt\u00e9 de Prahova, a \u00e9t\u00e9 inspir\u00e9 par les programmes de promotion touristique \u00ab La route des fruits \u00bb, \u00ab [&hellip;]","og_url":"https:\/\/www.rri.ro\/fr\/chroniques-hebdomadaires\/radio-tour-fr\/la-retrospective-touristique-2014-id386407.html","og_site_name":"Radio Roumanie Internationale","article_published_time":"2015-01-01T11:00:00+00:00","og_image":[{"width":640,"height":467,"url":"https:\/\/www.rri.ro\/wp-content\/uploads\/2023\/10\/bucuresti.jpg","type":"image\/jpeg"}],"author":"Daniel Onea","twitter_card":"summary_large_image","twitter_misc":{"\u00c9crit par":"Daniel Onea","Dur\u00e9e de lecture estim\u00e9e":"6 minutes","Written by":"Daniel Onea"},"schema":{"@context":"https:\/\/schema.org","@graph":[{"@type":"Article","@id":"https:\/\/www.rri.ro\/fr\/chroniques-hebdomadaires\/radio-tour-fr\/la-retrospective-touristique-2014-id386407.html#article","isPartOf":{"@id":"https:\/\/www.rri.ro\/fr\/chroniques-hebdomadaires\/radio-tour-fr\/la-retrospective-touristique-2014-id386407.html"},"author":{"name":"Daniel Onea","@id":"https:\/\/www.rri.ro\/#\/schema\/person\/fcce42c208d45f30f5b054b64bc1e0df"},"headline":"La r\u00e9trospective touristique 2014","datePublished":"2015-01-01T11:00:00+00:00","mainEntityOfPage":{"@id":"https:\/\/www.rri.ro\/fr\/chroniques-hebdomadaires\/radio-tour-fr\/la-retrospective-touristique-2014-id386407.html"},"wordCount":1216,"image":{"@id":"https:\/\/www.rri.ro\/fr\/chroniques-hebdomadaires\/radio-tour-fr\/la-retrospective-touristique-2014-id386407.html#primaryimage"},"thumbnailUrl":"https:\/\/www.rri.ro\/wp-content\/uploads\/2023\/10\/bucuresti.jpg","keywords":["aventure","Bracusi","Bucarest","concours","Delta","Fagaras","Gorj","No\u00ebl","Orastie","P\u00e2ques","Prahova","Transfagarasan"],"articleSection":["Radio Tour"],"inLanguage":"fr-FR"},{"@type":"WebPage","@id":"https:\/\/www.rri.ro\/fr\/chroniques-hebdomadaires\/radio-tour-fr\/la-retrospective-touristique-2014-id386407.html","url":"https:\/\/www.rri.ro\/fr\/chroniques-hebdomadaires\/radio-tour-fr\/la-retrospective-touristique-2014-id386407.html","name":"La r\u00e9trospective touristique 2014 - Radio Roumanie Internationale","isPartOf":{"@id":"https:\/\/www.rri.ro\/#website"},"primaryImageOfPage":{"@id":"https:\/\/www.rri.ro\/fr\/chroniques-hebdomadaires\/radio-tour-fr\/la-retrospective-touristique-2014-id386407.html#primaryimage"},"image":{"@id":"https:\/\/www.rri.ro\/fr\/chroniques-hebdomadaires\/radio-tour-fr\/la-retrospective-touristique-2014-id386407.html#primaryimage"},"thumbnailUrl":"https:\/\/www.rri.ro\/wp-content\/uploads\/2023\/10\/bucuresti.jpg","datePublished":"2015-01-01T11:00:00+00:00","author":{"@id":"https:\/\/www.rri.ro\/#\/schema\/person\/fcce42c208d45f30f5b054b64bc1e0df"},"breadcrumb":{"@id":"https:\/\/www.rri.ro\/fr\/chroniques-hebdomadaires\/radio-tour-fr\/la-retrospective-touristique-2014-id386407.html#breadcrumb"},"inLanguage":"fr-FR","potentialAction":[{"@type":"ReadAction","target":["https:\/\/www.rri.ro\/fr\/chroniques-hebdomadaires\/radio-tour-fr\/la-retrospective-touristique-2014-id386407.html"]}]},{"@type":"ImageObject","inLanguage":"fr-FR","@id":"https:\/\/www.rri.ro\/fr\/chroniques-hebdomadaires\/radio-tour-fr\/la-retrospective-touristique-2014-id386407.html#primaryimage","url":"https:\/\/www.rri.ro\/wp-content\/uploads\/2023\/10\/bucuresti.jpg","contentUrl":"https:\/\/www.rri.ro\/wp-content\/uploads\/2023\/10\/bucuresti.jpg","width":640,"height":467},{"@type":"BreadcrumbList","@id":"https:\/\/www.rri.ro\/fr\/chroniques-hebdomadaires\/radio-tour-fr\/la-retrospective-touristique-2014-id386407.html#breadcrumb","itemListElement":[{"@type":"ListItem","position":1,"name":"Page d'accueil","item":"https:\/\/www.rri.ro\/fr"},{"@type":"ListItem","position":2,"name":"Chroniques hebdomadaires","item":"https:\/\/www.rri.ro\/fr\/chroniques-hebdomadaires"},{"@type":"ListItem","position":3,"name":"Radio Tour","item":"https:\/\/www.rri.ro\/fr\/chroniques-hebdomadaires\/radio-tour-fr"},{"@type":"ListItem","position":4,"name":"La r\u00e9trospective touristique 2014"}]},{"@type":"WebSite","@id":"https:\/\/www.rri.ro\/#website","url":"https:\/\/www.rri.ro\/","name":"Radio Roumanie Internationale","description":"Totul despre Rom\u00e2nia \u015fi rom\u00e2ni, \u00een 13 limbi\/dialecte!","inLanguage":"fr-FR"},{"@type":"Person","@id":"https:\/\/www.rri.ro\/#\/schema\/person\/fcce42c208d45f30f5b054b64bc1e0df","name":"Daniel Onea","url":"https:\/\/www.rri.ro\/fr\/author\/daniel-onea"}]}},"_links":{"self":[{"href":"https:\/\/www.rri.ro\/fr\/wp-json\/wp\/v2\/posts\/386407","targetHints":{"allow":["GET"]}}],"collection":[{"href":"https:\/\/www.rri.ro\/fr\/wp-json\/wp\/v2\/posts"}],"about":[{"href":"https:\/\/www.rri.ro\/fr\/wp-json\/wp\/v2\/types\/post"}],"author":[{"embeddable":true,"href":"https:\/\/www.rri.ro\/fr\/wp-json\/wp\/v2\/users\/128"}],"replies":[{"embeddable":true,"href":"https:\/\/www.rri.ro\/fr\/wp-json\/wp\/v2\/comments?post=386407"}],"version-history":[{"count":0,"href":"https:\/\/www.rri.ro\/fr\/wp-json\/wp\/v2\/posts\/386407\/revisions"}],"wp:featuredmedia":[{"embeddable":true,"href":"https:\/\/www.rri.ro\/fr\/wp-json\/wp\/v2\/media\/147449"}],"wp:attachment":[{"href":"https:\/\/www.rri.ro\/fr\/wp-json\/wp\/v2\/media?parent=386407"}],"wp:term":[{"taxonomy":"category","embeddable":true,"href":"https:\/\/www.rri.ro\/fr\/wp-json\/wp\/v2\/categories?post=386407"},{"taxonomy":"post_tag","embeddable":true,"href":"https:\/\/www.rri.ro\/fr\/wp-json\/wp\/v2\/tags?post=386407"},{"taxonomy":"author","embeddable":true,"href":"https:\/\/www.rri.ro\/fr\/wp-json\/wp\/v2\/coauthors?post=386407"}],"curies":[{"name":"wp","href":"https:\/\/api.w.org\/{rel}","templated":true}]}}