{"id":386411,"date":"2015-01-29T14:39:00","date_gmt":"2015-01-29T12:39:00","guid":{"rendered":"http:\/\/devrri.freshlemon.ro\/le-roumain-mot-a-mot\/consulter-les-lecons\/vacances-dans-le-comte-de-bihor-id386411.html"},"modified":"2015-01-29T14:39:00","modified_gmt":"2015-01-29T12:39:00","slug":"vacances-dans-le-comte-de-bihor","status":"publish","type":"post","link":"https:\/\/www.rri.ro\/fr\/chroniques-hebdomadaires\/radio-tour-fr\/vacances-dans-le-comte-de-bihor-id386411.html","title":{"rendered":"Vacances dans le comt\u00e9 de Bihor"},"content":{"rendered":"<p>Nous pouvons prendre la ville d\u2019Oradea comme point de d\u00e9part de notre itin\u00e9raire, pour nous diriger ensuite vers la station de Felix-les-Bains et vers les stations de montagne. A Oradea, on peut admirer une des plus grandes cath\u00e9drales catholiques d\u2019Europe Orientale, qui est en m\u00eame temps le plus grand ensemble architectural de style baroque de Roumanie et remontant \u00e0 1752. Tout aussi c\u00e9l\u00e8bre, l\u2019orgue de cette cath\u00e9drale date presque de la m\u00eame \u00e9poque, plus exactement de 1780 et elle a \u00e9t\u00e9 offerte \u00e0 la cit\u00e9 par l\u2019imp\u00e9ratrice Marie Th\u00e9r\u00e8se.<\/p>\n<p>&#13;<br \/>\n&#13;<\/p>\n<p>&#13;<br \/>\n&#13;<\/p>\n<p>Notre guide \u00e0 travers la ville est M. Adrian Dubere, chef du Centre national d\u2019information et de promotion touristique de Bihor. <em>\u00ab Oradea compte de nombreux objectifs touristiques : la citadelle, justement en train d\u2019\u00eatre remise \u00e0 neuf, des b\u00e2timents historiques de style \u00ab art nouveau \u00bb. La citadelle a une structure pentagonale et elle est vieille de 800 ans. Pour l\u2019instant, en raison des travaux de r\u00e9novation, une seule des cours int\u00e9rieures peut \u00eatre visit\u00e9e. L\u2019\u00e9glise de la cit\u00e9 est toujours l\u00e0 et on peut voir aussi les anciennes \u00e9curies. A proximit\u00e9 de la ville de trouve la station baln\u00e9aire Felix-les-Bains, tr\u00e8s recherch\u00e9e par les touristes. \u00bb<\/em><\/p>\n<p>&#13;<br \/>\n&#13;<\/p>\n<p>&#13;<br \/>\n&#13;<\/p>\n<p>Les travaux de r\u00e9novation ont permis de d\u00e9couvrir une cuisine du Moyen-Age, presque intacte, avec les fours, les constructions en brique auxquelles \u00e9taient attach\u00e9es les tables, un \u00e9vier vieux de plus de 400 ans et la resserre pour les provisions. Cette cuisine sera int\u00e9gr\u00e9e au tour de la cit\u00e9 m\u00e9di\u00e9vale d\u2019Oradea. Bogdan Pater, du Conseil d\u00e9partemental de Bihor, recommande Oradea aux touristes de tous les \u00e2ges: <em>\u00ab Oradea est une ville multiculturelle. De nombreuses religions y sont pr\u00e9sentes. Par sa cit\u00e9 ancienne et par les monuments r\u00e9pandus \u00e0 travers la ville, Oradea est une destination pour les amateurs de tourisme culturel et historique. Elle l\u2019est aussi pour ceux qui aiment la vie nocturne, car de nombreuses bo\u00eetes de nuit y ont fait leur apparition. Au d\u00e9but de l\u2019automne, nous organisons le festival \u00ab L\u2019automne \u00e0 Oradea \u00bb et un Festival international de th\u00e9\u00e2tre bref. Ils sont pr\u00e9c\u00e9d\u00e9s par les Journ\u00e9es de la cit\u00e9. Ensuite, le 12 octobre, c\u2019est la f\u00eate de la ville d\u2019Oradea. \u00bb<\/em><\/p>\n<p>&#13;<br \/>\n&#13;<\/p>\n<p>&#13;<br \/>\n&#13;<\/p>\n<p>La station de Felix-les-Bains est une des plus connues de la r\u00e9gion et la plus grande parmi les stations baln\u00e9aires permanentes de Roumanie. Elle dispose de pr\u00e8s de 6 mille places d\u2019h\u00e9bergement, de plusieurs \u00e9tablissements de cure et de piscines couvertes ou en plein air, aliment\u00e9es par des sources d\u2019eau thermale dont la temp\u00e9rature va de 43 \u00e0 49 degr\u00e9 Celsius.<\/p>\n<p>&#13;<br \/>\n&#13;<\/p>\n<p>&#13;<br \/>\n&#13;<\/p>\n<p>Citadelle, \u00e9glises, station baln\u00e9aire, traditions mais aussi destination pour le tourisme actif &#8212; voil\u00e0 de quoi attirer les visiteurs et les vacanciers. Une offre s\u00e9duisante, \u00e0 laquelle il est difficile de r\u00e9sister &#8212; estime Adrian Iohas, propri\u00e9taire d\u2019une agence de tourisme:<em> \u00ab Le comt\u00e9 de Bihor se pr\u00eate \u00e0 de nombreuses formes de tourisme. Oradea et les autres villes attirent par leurs monuments historiques. A Vadul Cri\u015fului nous avons la tradition de la poterie blanche, conserv\u00e9e depuis tr\u00e8s longtemps. Dans la zone de Beiu\u015f des traditions anciennes sont pr\u00e9serv\u00e9es. A Ro\u015fia nous avons un moulin \u00e0 eau unique en Europe. La zone karstique est magnifique, avec ses innombrables grottes &#8212; dont 300 \u00e0 Vadul Cri\u015fului. Sur ces 300, 3 seulement sont accessibles aux touristes ; pour explorer les autres, on a besoin d\u2019\u00e9quipement et il faut s\u2019y conna\u00eetre. \u00bb<\/em><\/p>\n<p>&#13;<br \/>\n&#13;<\/p>\n<p>&#13;<br \/>\n&#13;<\/p>\n<p>Avez-vous jamais r\u00eav\u00e9 de vacances en montagne, dans une zone solitaire, dans une maison vieille de 100 ans, mais qui vous offre tout le confort auquel vous pouvez aspirer ? La contr\u00e9e de Bihor est ce que vous cherchez. Le sp\u00e9l\u00e9ologue Viorel Lascu et son fils sont devenus des entrepreneurs priv\u00e9s dans le massif de P\u0103durea Craiului. L\u00e0 ils g\u00e8rent un projet touristique in\u00e9dit. Les touristes qui franchissent le seuil de la maison o\u00f9 ils sont h\u00e9berg\u00e9s n\u2019ont pas acc\u00e8s \u00e0 Internet et doivent couper eux-m\u00eame le bois pour se chauffer. Et il n\u2019est pas s\u00fbr d\u2019avoir le r\u00e9seau pour utiliser le portable. La nuit\u00e9e co\u00fbte 50 lei &#8212; soit  environ 10 euros : <em>\u00ab C\u2019est un projet qui vise \u00e0 faire revivre le village roumain ancien et il est fond\u00e9 sur une passion que je partage avec ceux qui financent mon projet : la sp\u00e9l\u00e9ologie. Dans les ann\u00e9es \u201980, j\u2019explorais la r\u00e9gion du Massif de P\u0103durea Craiului, \u00e0 proximit\u00e9 de la commune de Ro\u015fia, quelques grandes grottes, connues pour leur patrimoine pr\u00e9historique. C\u2019est l\u00e0 que l\u2019on a d\u00e9couvert les plus anciennes traces des pas humains de Roumanie. A part le d\u00e9cor magnifique, nous avons \u00e9t\u00e9 impressionn\u00e9s par les maisons vieilles de 100 ou 200 ans, aux toits de chaume et aux \u00e2tres en argile. Nous avons commenc\u00e9 \u00e0 les r\u00e9nover. La premi\u00e8re que nous avons achev\u00e9e est exactement comme elle \u00e9tait il y a 2 si\u00e8cles, avec, dans la cour, deux cerisiers encore plus vieux que la maison elle-m\u00eame. Nous avons tout refait, avec du mobilier ancien, les adaptant aux besoins modernes, sans pourtant rien alt\u00e9rer \u00e0 leur aspect. Il y a l\u2019eau courante, un syst\u00e8me de chauffage, et tout ce qu\u2019il faut pour cuisiner. Comme je suis passionn\u00e9 de sp\u00e9l\u00e9ologie, avec le concours de plusieurs de mes amis, j\u2019ai jet\u00e9 les bases d\u2019une \u00e9cole de sp\u00e9l\u00e9ologie. Nous disposons de guides sp\u00e9cialis\u00e9s qui parlent l\u2019anglais, le fran\u00e7ais, le hongrois et m\u00eame le norv\u00e9gien et qui peuvent apprendre \u00e0 quelqu\u2019un qui n\u2019a jamais vu une grotte dans sa vie \u00e0 explorer les grottes non am\u00e9nag\u00e9es de la zone comportant diff\u00e9rents niveaux de difficult\u00e9. \u00bb<\/em><\/p>\n<p>&#13;<br \/>\n&#13;<\/p>\n<p>&#13;<br \/>\n&#13;<\/p>\n<p>Si les grottes ne vous tentent pas, vous pouvez pratiquer l\u2019\u00e9quitation ou vous exercer au tir \u00e0 l\u2019arc. Ou encore visiter l\u2019atelier d\u2019un artisan. La contr\u00e9e de Bihor est renomm\u00e9e pour sa c\u00e9ramique blanche de Vadu Cri\u015fului, pour ses coffres \u00e0 dot et pour son violon \u00e0 pavillon, instrument unique en Roumanie utilis\u00e9 dans la musique traditionnelle de la r\u00e9gion. Les vacances finies, vous pouvez emporter dans vos bagages un objet artisanal &#8212; souvenir d\u2019une des plus belles contr\u00e9es roumaines, celle de Bihor.<\/p>\n<p>&#13;<br \/>\n&#13;<\/p>\n<p>(Trad.: Dominique)<\/p>\n<p>&#13;<\/p>\n","protected":false},"excerpt":{"rendered":"<p>Nous pouvons prendre la ville d\u2019Oradea comme point de d\u00e9part de notre itin\u00e9raire, pour nous diriger ensuite vers la station de Felix-les-Bains et vers les stations de montagne. A Oradea, on peut admirer une des plus grandes cath\u00e9drales catholiques d\u2019Europe Orientale, qui est en m\u00eame temps le plus grand ensemble architectural de style baroque de [&hellip;]<\/p>\n","protected":false},"author":128,"featured_media":147734,"comment_status":"closed","ping_status":"closed","sticky":false,"template":"","format":"standard","meta":{"_acf_changed":false,"footnotes":""},"categories":[86826],"tags":[152042,87712,85576,87713,149044,85229],"coauthors":[],"class_list":["post-386411","post","type-post","status-publish","format-standard","has-post-thumbnail","hentry","category-radio-tour-fr","tag-bihor-fr","tag-citadelle","tag-eglise","tag-felix-les-bains","tag-oradea-fr","tag-vacances"],"acf":[],"yoast_head":"<!-- This site is optimized with the Yoast SEO plugin v27.3 - https:\/\/yoast.com\/product\/yoast-seo-wordpress\/ -->\n<title>Vacances dans le comt\u00e9 de Bihor - Radio Roumanie Internationale<\/title>\n<meta name=\"robots\" content=\"index, follow, max-snippet:-1, max-image-preview:large, max-video-preview:-1\" \/>\n<link rel=\"canonical\" href=\"https:\/\/www.rri.ro\/fr\/chroniques-hebdomadaires\/radio-tour-fr\/vacances-dans-le-comte-de-bihor-id386411.html\" \/>\n<meta property=\"og:locale\" content=\"fr_FR\" \/>\n<meta property=\"og:type\" content=\"article\" \/>\n<meta property=\"og:title\" content=\"Vacances dans le comt\u00e9 de Bihor - Radio Roumanie Internationale\" \/>\n<meta property=\"og:description\" content=\"Nous pouvons prendre la ville d\u2019Oradea comme point de d\u00e9part de notre itin\u00e9raire, pour nous diriger ensuite vers la station de Felix-les-Bains et vers les stations de montagne. A Oradea, on peut admirer une des plus grandes cath\u00e9drales catholiques d\u2019Europe Orientale, qui est en m\u00eame temps le plus grand ensemble architectural de style baroque de [&hellip;]\" \/>\n<meta property=\"og:url\" content=\"https:\/\/www.rri.ro\/fr\/chroniques-hebdomadaires\/radio-tour-fr\/vacances-dans-le-comte-de-bihor-id386411.html\" \/>\n<meta property=\"og:site_name\" content=\"Radio Roumanie Internationale\" \/>\n<meta property=\"article:published_time\" content=\"2015-01-29T12:39:00+00:00\" \/>\n<meta property=\"og:image\" content=\"https:\/\/www.rri.ro\/wp-content\/uploads\/2023\/10\/Oradea.png\" \/>\n\t<meta property=\"og:image:width\" content=\"640\" \/>\n\t<meta property=\"og:image:height\" content=\"429\" \/>\n\t<meta property=\"og:image:type\" content=\"image\/png\" \/>\n<meta name=\"author\" content=\"Daniel Onea\" \/>\n<meta name=\"twitter:card\" content=\"summary_large_image\" \/>\n<meta name=\"twitter:label1\" content=\"\u00c9crit par\" \/>\n\t<meta name=\"twitter:data1\" content=\"Daniel Onea\" \/>\n\t<meta name=\"twitter:label2\" content=\"Dur\u00e9e de lecture estim\u00e9e\" \/>\n\t<meta name=\"twitter:data2\" content=\"5 minutes\" \/>\n\t<meta name=\"twitter:label3\" content=\"Written by\" \/>\n\t<meta name=\"twitter:data3\" content=\"Daniel Onea\" \/>\n<script type=\"application\/ld+json\" class=\"yoast-schema-graph\">{\"@context\":\"https:\\\/\\\/schema.org\",\"@graph\":[{\"@type\":\"Article\",\"@id\":\"https:\\\/\\\/www.rri.ro\\\/fr\\\/chroniques-hebdomadaires\\\/radio-tour-fr\\\/vacances-dans-le-comte-de-bihor-id386411.html#article\",\"isPartOf\":{\"@id\":\"https:\\\/\\\/www.rri.ro\\\/fr\\\/chroniques-hebdomadaires\\\/radio-tour-fr\\\/vacances-dans-le-comte-de-bihor-id386411.html\"},\"author\":{\"name\":\"Daniel Onea\",\"@id\":\"https:\\\/\\\/www.rri.ro\\\/#\\\/schema\\\/person\\\/fcce42c208d45f30f5b054b64bc1e0df\"},\"headline\":\"Vacances dans le comt\u00e9 de Bihor\",\"datePublished\":\"2015-01-29T12:39:00+00:00\",\"mainEntityOfPage\":{\"@id\":\"https:\\\/\\\/www.rri.ro\\\/fr\\\/chroniques-hebdomadaires\\\/radio-tour-fr\\\/vacances-dans-le-comte-de-bihor-id386411.html\"},\"wordCount\":1095,\"image\":{\"@id\":\"https:\\\/\\\/www.rri.ro\\\/fr\\\/chroniques-hebdomadaires\\\/radio-tour-fr\\\/vacances-dans-le-comte-de-bihor-id386411.html#primaryimage\"},\"thumbnailUrl\":\"https:\\\/\\\/www.rri.ro\\\/wp-content\\\/uploads\\\/2023\\\/10\\\/Oradea.png\",\"keywords\":[\"bihor\",\"citadelle\",\"\u00e9glise\",\"Felix-les-bains\",\"Oradea\",\"vacances\"],\"articleSection\":[\"Radio Tour\"],\"inLanguage\":\"fr-FR\"},{\"@type\":\"WebPage\",\"@id\":\"https:\\\/\\\/www.rri.ro\\\/fr\\\/chroniques-hebdomadaires\\\/radio-tour-fr\\\/vacances-dans-le-comte-de-bihor-id386411.html\",\"url\":\"https:\\\/\\\/www.rri.ro\\\/fr\\\/chroniques-hebdomadaires\\\/radio-tour-fr\\\/vacances-dans-le-comte-de-bihor-id386411.html\",\"name\":\"Vacances dans le comt\u00e9 de Bihor - Radio Roumanie Internationale\",\"isPartOf\":{\"@id\":\"https:\\\/\\\/www.rri.ro\\\/#website\"},\"primaryImageOfPage\":{\"@id\":\"https:\\\/\\\/www.rri.ro\\\/fr\\\/chroniques-hebdomadaires\\\/radio-tour-fr\\\/vacances-dans-le-comte-de-bihor-id386411.html#primaryimage\"},\"image\":{\"@id\":\"https:\\\/\\\/www.rri.ro\\\/fr\\\/chroniques-hebdomadaires\\\/radio-tour-fr\\\/vacances-dans-le-comte-de-bihor-id386411.html#primaryimage\"},\"thumbnailUrl\":\"https:\\\/\\\/www.rri.ro\\\/wp-content\\\/uploads\\\/2023\\\/10\\\/Oradea.png\",\"datePublished\":\"2015-01-29T12:39:00+00:00\",\"author\":{\"@id\":\"https:\\\/\\\/www.rri.ro\\\/#\\\/schema\\\/person\\\/fcce42c208d45f30f5b054b64bc1e0df\"},\"breadcrumb\":{\"@id\":\"https:\\\/\\\/www.rri.ro\\\/fr\\\/chroniques-hebdomadaires\\\/radio-tour-fr\\\/vacances-dans-le-comte-de-bihor-id386411.html#breadcrumb\"},\"inLanguage\":\"fr-FR\",\"potentialAction\":[{\"@type\":\"ReadAction\",\"target\":[\"https:\\\/\\\/www.rri.ro\\\/fr\\\/chroniques-hebdomadaires\\\/radio-tour-fr\\\/vacances-dans-le-comte-de-bihor-id386411.html\"]}]},{\"@type\":\"ImageObject\",\"inLanguage\":\"fr-FR\",\"@id\":\"https:\\\/\\\/www.rri.ro\\\/fr\\\/chroniques-hebdomadaires\\\/radio-tour-fr\\\/vacances-dans-le-comte-de-bihor-id386411.html#primaryimage\",\"url\":\"https:\\\/\\\/www.rri.ro\\\/wp-content\\\/uploads\\\/2023\\\/10\\\/Oradea.png\",\"contentUrl\":\"https:\\\/\\\/www.rri.ro\\\/wp-content\\\/uploads\\\/2023\\\/10\\\/Oradea.png\",\"width\":640,\"height\":429},{\"@type\":\"BreadcrumbList\",\"@id\":\"https:\\\/\\\/www.rri.ro\\\/fr\\\/chroniques-hebdomadaires\\\/radio-tour-fr\\\/vacances-dans-le-comte-de-bihor-id386411.html#breadcrumb\",\"itemListElement\":[{\"@type\":\"ListItem\",\"position\":1,\"name\":\"Page d'accueil\",\"item\":\"https:\\\/\\\/www.rri.ro\\\/fr\"},{\"@type\":\"ListItem\",\"position\":2,\"name\":\"Chroniques hebdomadaires\",\"item\":\"https:\\\/\\\/www.rri.ro\\\/fr\\\/chroniques-hebdomadaires\"},{\"@type\":\"ListItem\",\"position\":3,\"name\":\"Radio Tour\",\"item\":\"https:\\\/\\\/www.rri.ro\\\/fr\\\/chroniques-hebdomadaires\\\/radio-tour-fr\"},{\"@type\":\"ListItem\",\"position\":4,\"name\":\"Vacances dans le comt\u00e9 de Bihor\"}]},{\"@type\":\"WebSite\",\"@id\":\"https:\\\/\\\/www.rri.ro\\\/#website\",\"url\":\"https:\\\/\\\/www.rri.ro\\\/\",\"name\":\"Radio Roumanie Internationale\",\"description\":\"Totul despre Rom\u00e2nia \u015fi rom\u00e2ni, \u00een 13 limbi\\\/dialecte!\",\"inLanguage\":\"fr-FR\"},{\"@type\":\"Person\",\"@id\":\"https:\\\/\\\/www.rri.ro\\\/#\\\/schema\\\/person\\\/fcce42c208d45f30f5b054b64bc1e0df\",\"name\":\"Daniel Onea\",\"url\":\"https:\\\/\\\/www.rri.ro\\\/fr\\\/author\\\/daniel-onea\"}]}<\/script>\n<!-- \/ Yoast SEO plugin. -->","yoast_head_json":{"title":"Vacances dans le comt\u00e9 de Bihor - Radio Roumanie Internationale","robots":{"index":"index","follow":"follow","max-snippet":"max-snippet:-1","max-image-preview":"max-image-preview:large","max-video-preview":"max-video-preview:-1"},"canonical":"https:\/\/www.rri.ro\/fr\/chroniques-hebdomadaires\/radio-tour-fr\/vacances-dans-le-comte-de-bihor-id386411.html","og_locale":"fr_FR","og_type":"article","og_title":"Vacances dans le comt\u00e9 de Bihor - Radio Roumanie Internationale","og_description":"Nous pouvons prendre la ville d\u2019Oradea comme point de d\u00e9part de notre itin\u00e9raire, pour nous diriger ensuite vers la station de Felix-les-Bains et vers les stations de montagne. A Oradea, on peut admirer une des plus grandes cath\u00e9drales catholiques d\u2019Europe Orientale, qui est en m\u00eame temps le plus grand ensemble architectural de style baroque de [&hellip;]","og_url":"https:\/\/www.rri.ro\/fr\/chroniques-hebdomadaires\/radio-tour-fr\/vacances-dans-le-comte-de-bihor-id386411.html","og_site_name":"Radio Roumanie Internationale","article_published_time":"2015-01-29T12:39:00+00:00","og_image":[{"width":640,"height":429,"url":"https:\/\/www.rri.ro\/wp-content\/uploads\/2023\/10\/Oradea.png","type":"image\/png"}],"author":"Daniel Onea","twitter_card":"summary_large_image","twitter_misc":{"\u00c9crit par":"Daniel Onea","Dur\u00e9e de lecture estim\u00e9e":"5 minutes","Written by":"Daniel Onea"},"schema":{"@context":"https:\/\/schema.org","@graph":[{"@type":"Article","@id":"https:\/\/www.rri.ro\/fr\/chroniques-hebdomadaires\/radio-tour-fr\/vacances-dans-le-comte-de-bihor-id386411.html#article","isPartOf":{"@id":"https:\/\/www.rri.ro\/fr\/chroniques-hebdomadaires\/radio-tour-fr\/vacances-dans-le-comte-de-bihor-id386411.html"},"author":{"name":"Daniel Onea","@id":"https:\/\/www.rri.ro\/#\/schema\/person\/fcce42c208d45f30f5b054b64bc1e0df"},"headline":"Vacances dans le comt\u00e9 de Bihor","datePublished":"2015-01-29T12:39:00+00:00","mainEntityOfPage":{"@id":"https:\/\/www.rri.ro\/fr\/chroniques-hebdomadaires\/radio-tour-fr\/vacances-dans-le-comte-de-bihor-id386411.html"},"wordCount":1095,"image":{"@id":"https:\/\/www.rri.ro\/fr\/chroniques-hebdomadaires\/radio-tour-fr\/vacances-dans-le-comte-de-bihor-id386411.html#primaryimage"},"thumbnailUrl":"https:\/\/www.rri.ro\/wp-content\/uploads\/2023\/10\/Oradea.png","keywords":["bihor","citadelle","\u00e9glise","Felix-les-bains","Oradea","vacances"],"articleSection":["Radio Tour"],"inLanguage":"fr-FR"},{"@type":"WebPage","@id":"https:\/\/www.rri.ro\/fr\/chroniques-hebdomadaires\/radio-tour-fr\/vacances-dans-le-comte-de-bihor-id386411.html","url":"https:\/\/www.rri.ro\/fr\/chroniques-hebdomadaires\/radio-tour-fr\/vacances-dans-le-comte-de-bihor-id386411.html","name":"Vacances dans le comt\u00e9 de Bihor - Radio Roumanie Internationale","isPartOf":{"@id":"https:\/\/www.rri.ro\/#website"},"primaryImageOfPage":{"@id":"https:\/\/www.rri.ro\/fr\/chroniques-hebdomadaires\/radio-tour-fr\/vacances-dans-le-comte-de-bihor-id386411.html#primaryimage"},"image":{"@id":"https:\/\/www.rri.ro\/fr\/chroniques-hebdomadaires\/radio-tour-fr\/vacances-dans-le-comte-de-bihor-id386411.html#primaryimage"},"thumbnailUrl":"https:\/\/www.rri.ro\/wp-content\/uploads\/2023\/10\/Oradea.png","datePublished":"2015-01-29T12:39:00+00:00","author":{"@id":"https:\/\/www.rri.ro\/#\/schema\/person\/fcce42c208d45f30f5b054b64bc1e0df"},"breadcrumb":{"@id":"https:\/\/www.rri.ro\/fr\/chroniques-hebdomadaires\/radio-tour-fr\/vacances-dans-le-comte-de-bihor-id386411.html#breadcrumb"},"inLanguage":"fr-FR","potentialAction":[{"@type":"ReadAction","target":["https:\/\/www.rri.ro\/fr\/chroniques-hebdomadaires\/radio-tour-fr\/vacances-dans-le-comte-de-bihor-id386411.html"]}]},{"@type":"ImageObject","inLanguage":"fr-FR","@id":"https:\/\/www.rri.ro\/fr\/chroniques-hebdomadaires\/radio-tour-fr\/vacances-dans-le-comte-de-bihor-id386411.html#primaryimage","url":"https:\/\/www.rri.ro\/wp-content\/uploads\/2023\/10\/Oradea.png","contentUrl":"https:\/\/www.rri.ro\/wp-content\/uploads\/2023\/10\/Oradea.png","width":640,"height":429},{"@type":"BreadcrumbList","@id":"https:\/\/www.rri.ro\/fr\/chroniques-hebdomadaires\/radio-tour-fr\/vacances-dans-le-comte-de-bihor-id386411.html#breadcrumb","itemListElement":[{"@type":"ListItem","position":1,"name":"Page d'accueil","item":"https:\/\/www.rri.ro\/fr"},{"@type":"ListItem","position":2,"name":"Chroniques hebdomadaires","item":"https:\/\/www.rri.ro\/fr\/chroniques-hebdomadaires"},{"@type":"ListItem","position":3,"name":"Radio Tour","item":"https:\/\/www.rri.ro\/fr\/chroniques-hebdomadaires\/radio-tour-fr"},{"@type":"ListItem","position":4,"name":"Vacances dans le comt\u00e9 de Bihor"}]},{"@type":"WebSite","@id":"https:\/\/www.rri.ro\/#website","url":"https:\/\/www.rri.ro\/","name":"Radio Roumanie Internationale","description":"Totul despre Rom\u00e2nia \u015fi rom\u00e2ni, \u00een 13 limbi\/dialecte!","inLanguage":"fr-FR"},{"@type":"Person","@id":"https:\/\/www.rri.ro\/#\/schema\/person\/fcce42c208d45f30f5b054b64bc1e0df","name":"Daniel Onea","url":"https:\/\/www.rri.ro\/fr\/author\/daniel-onea"}]}},"_links":{"self":[{"href":"https:\/\/www.rri.ro\/fr\/wp-json\/wp\/v2\/posts\/386411","targetHints":{"allow":["GET"]}}],"collection":[{"href":"https:\/\/www.rri.ro\/fr\/wp-json\/wp\/v2\/posts"}],"about":[{"href":"https:\/\/www.rri.ro\/fr\/wp-json\/wp\/v2\/types\/post"}],"author":[{"embeddable":true,"href":"https:\/\/www.rri.ro\/fr\/wp-json\/wp\/v2\/users\/128"}],"replies":[{"embeddable":true,"href":"https:\/\/www.rri.ro\/fr\/wp-json\/wp\/v2\/comments?post=386411"}],"version-history":[{"count":0,"href":"https:\/\/www.rri.ro\/fr\/wp-json\/wp\/v2\/posts\/386411\/revisions"}],"wp:featuredmedia":[{"embeddable":true,"href":"https:\/\/www.rri.ro\/fr\/wp-json\/wp\/v2\/media\/147734"}],"wp:attachment":[{"href":"https:\/\/www.rri.ro\/fr\/wp-json\/wp\/v2\/media?parent=386411"}],"wp:term":[{"taxonomy":"category","embeddable":true,"href":"https:\/\/www.rri.ro\/fr\/wp-json\/wp\/v2\/categories?post=386411"},{"taxonomy":"post_tag","embeddable":true,"href":"https:\/\/www.rri.ro\/fr\/wp-json\/wp\/v2\/tags?post=386411"},{"taxonomy":"author","embeddable":true,"href":"https:\/\/www.rri.ro\/fr\/wp-json\/wp\/v2\/coauthors?post=386411"}],"curies":[{"name":"wp","href":"https:\/\/api.w.org\/{rel}","templated":true}]}}