{"id":386456,"date":"2015-06-18T14:40:00","date_gmt":"2015-06-18T11:40:00","guid":{"rendered":"http:\/\/devrri.freshlemon.ro\/le-roumain-mot-a-mot\/consulter-les-lecons\/repos-et-cure-a-ocna-sibiului-id386456.html"},"modified":"2015-06-18T14:40:00","modified_gmt":"2015-06-18T11:40:00","slug":"repos-et-cure-a-ocna-sibiului","status":"publish","type":"post","link":"https:\/\/www.rri.ro\/fr\/chroniques-hebdomadaires\/radio-tour-fr\/repos-et-cure-a-ocna-sibiului-id386456.html","title":{"rendered":"Repos et cure \u00e0 Ocna Sibiului"},"content":{"rendered":"<p>Notre destination d&rsquo;aujourd&rsquo;hui est la ville d&rsquo;eaux d&rsquo;Ocna Sibiului, au comt\u00e9 de Sibiu, dans le centre du pays. Elle est renomm\u00e9e surtout gr\u00e2ce \u00e0 la quinzaine de lacs sal\u00e9s de la contr\u00e9e qui ont tous des propriet\u00e9s curatives. Nous allons franchir le seuil du complexe baln\u00e9aire, qui fonctionne du matin et jusqu&rsquo;\u00e0 tard dans la soir\u00e9e pour y d\u00e9couvrir les traitements et les cures qu&rsquo;il propose. N&rsquo;oublions non plus de visiter une \u00e9glise fortifi\u00e9e moyen\u00e2geuse o\u00f9 l&rsquo;on peut toujours admirer des fresques datant du d\u00e9but du 16e si\u00e8cle. <\/p>\n<p>Mariana Nicoleta Varodi est m\u00e9decin sp\u00e9cialis\u00e9 en r\u00e9cup\u00e9ration, m\u00e9decine physique et baln\u00e9aire, dans le cadre du complexe de cure d&rsquo;Ocna Sibiului, qui se trouve au c\u0153ur de la ville d&rsquo;eaux, \u00e0 seulement 17 km de Sibiu. On peut y trouver trois lacs appel\u00e9s Horia, Closca et Crisan, connus en Roumanie et \u00e0 l&rsquo;\u00e9tranger et utilis\u00e9s \u00e0 des fins th\u00e9rapeutiques depuis l&rsquo;ann\u00e9e 1846. Tout comme les lacs de Sovata et d&rsquo;Ocnele Mari, ces lacs sont connus \u00e0 travers l&rsquo;Europe gr\u00e2ce notamment au ph\u00e9nom\u00e8ne d&rsquo;h\u00e9liothermie &#8211; \u00e0 savoir le r\u00e9chauffement de l&rsquo;eau par l&rsquo;action du soleil jusqu&rsquo;\u00e0 22 &#8211; 24 degr\u00e9s en superficie et jusqu&rsquo;\u00e0 40 &#8211; 45 degr\u00e9s \u00e0 des profondeurs de plus de deux m\u00e8tres, affirme Varodi Mariana Nicoleta. Varodi Mariana Nicoleta: <em class=cms-italic>\u00ab On peut y trouver les plus importantes concentrations d&rsquo;eaux chlorur\u00e9s sodiques et de boue fortement min\u00e9ralis\u00e9e, un climat s\u00e9datif, prot\u00e9g\u00e9 par la for\u00eat et les collines de la r\u00e9gion. Il existe \u00e9galement des facteurs naturels tr\u00e8s b\u00e9n\u00e9fiques \u00e0 la r\u00e9g\u00e9n\u00e9ration physique et psychique. Le complexe dispose d&rsquo;une base de traitement o\u00f9 les patients venus de Roumanie et de l&rsquo;\u00e9tranger &#8211; Allemagne, Italie, Espagne et m\u00eame d&rsquo;Egypte, peuvent b\u00e9n\u00e9ficier le long de l&rsquo;ann\u00e9e de cures prophylactiques et de r\u00e9cup\u00e9ration visant de nombreuses maladies de l&rsquo;appareil locomoteur, les arthroses, les affections post-traumatiques &#8211; s\u00e9quelles post-fractures, entorses et luxations. Nous traitons \u00e9galement des affections neurologiques p\u00e9riph\u00e9riques, telles les  par\u00e9sies, des maladies dermatologiques comme le psoriasis et les allergies, des maladies respiratoires : rhinites, bronchites, sinusites, asthme bronchique, ou encore des affections gyn\u00e9cologiques. Les eaux sal\u00e9s concentr\u00e9es sont utilis\u00e9es dans des proc\u00e9dures d&rsquo;hydrokin\u00e9sith\u00e9rapie, puisqu&rsquo;elles sont chauff\u00e9es jusqu&rsquo;\u00e0 32 &#8211; 34 degr\u00e9s dans la piscine int\u00e9rieure. Nous utilisons \u00e9galement la boue saprop\u00e9lique riche en vitamines, substances \u00e9mollientes et bio-stimulatrices. Nous utilisons \u00e9galement l&rsquo;eau de la source min\u00e9rale Horia sous forme d&rsquo;a\u00e9rosols. Tous ces \u00e9l\u00e9ments s&rsquo;associent \u00e0 des proc\u00e9dures d&rsquo;\u00e9lectroth\u00e9rapie, au massage, \u00e0 la sauna s\u00e8che et humide et au jacuzzi, pour donner des r\u00e9sultats excellents. Nos patients reviennent chaque ann\u00e9e pour les traitements que nous proposons affirmant que les eaux et la boue d&rsquo;Ocna Sibiului sont vraiment miraculeuses. \u00bb <\/em><\/p>\n<p>En effet, les cures peuvent se faire tout au long de l&rsquo;ann\u00e9e \u00e0 l&rsquo;int\u00e9rieur des facilit\u00e9s de traitement, mais en \u00e9t\u00e9 les touristes peuvent aussi profiter des bains de soleil, du lac naturel et des cures \u00e0 base de boue froide. <\/p>\n<p>C&rsquo;est pour ces raisons que la plupart des visiteurs pr\u00e9f\u00e8rent s&rsquo;y rendre en \u00e9t\u00e9, affirme Mariana Nicoleta Varodi, qui d\u00e9taille aussi leurs impressions sur le s\u00e9jour au complexe baln\u00e9aire: <em class=cms-italic>Interrog\u00e9s sur leurs impressions de s\u00e9jour, ils se sont d\u00e9clar\u00e9s tr\u00e8s contents, mais le plus important c&rsquo;est de les voir revenir dans notre complexe baln\u00e9aire, malgr\u00e9 l&rsquo;offre fort vari\u00e9e en la mati\u00e8re aussi bien dans leurs pays d&rsquo;origine qu&rsquo;ailleurs en Roumanie. Ils sont revenus dans la station baln\u00e9aire d&rsquo;Ocna Sibiului justement parce qu&rsquo;ils s&rsquo;y sont tr\u00e8s bien sentis. En plus, ils trouvent que les eaux et la boue saprop\u00e9lique de la station sont vraiment uniques par leurs vertus curatives. Dans la belle saison, lorsque la demande est consid\u00e9rable, il est conseill\u00e9 de r\u00e9server au pr\u00e9alable. A mon avis, le complexe baln\u00e9aire d&rsquo;Ocna Sibiului est la destination id\u00e9ale pour ceux qui souhaitent joindre l&rsquo;utile \u00e0 l&rsquo;agr\u00e9able, soit la cure \u00e0 la d\u00e9tente. Nous les attendons nombreux \u00e0 n&rsquo;importe quelle saison de l&rsquo;ann\u00e9e.<\/em><\/p>\n<p>Une fois arriv\u00e9s \u00e0 Ocna Sibiului, ne manquez pas de visiter l&rsquo;\u00e9glise fortifi\u00e9e. Le pr\u00eatre de la paroisse, Csiki-Makszem Lorand, nous a parl\u00e9 de l&rsquo;histoire tumultueuse de ce lieu de culte: <em class=cms-italic>L&rsquo;\u00e9glise r\u00e9form\u00e9e d&rsquo;Ocna Sibiului est une \u00e9glise fortifi\u00e9e de style romain, \u00e0 trois nerfs. Entam\u00e9e en 1240, sa construction allait \u00eatre interrompue pendant l&rsquo;invasion des Tartares en Transylvanie. Les travaux se sont donc achev\u00e9s \u00e0 peine 40 ans plus tard. Le mur d&rsquo;enceinte a \u00e9t\u00e9 \u00e9rig\u00e9 au d\u00e9but des ann\u00e9es 1300 pour prot\u00e9ger l&rsquo;\u00e9glise contre la deuxi\u00e8me vague de Tartares. L&rsquo;\u00e9l\u00e9ment le plus ancien et le plus pr\u00e9cieux de cette \u00e9glise fortifi\u00e9e est le bas-relief datant du d\u00e9but du 13e si\u00e8cle, qui surplombe l&rsquo;entr\u00e9e principale, sur la fa\u00e7ade m\u00e9ridionale.  En 1910, on a \u00e9galement d\u00e9couvert plusieurs fresques. La plus importante d&rsquo;entre elles, qui se trouve sur le flanc septentrional de la nef centrale, a \u00e9t\u00e9 r\u00e9alis\u00e9e en 1522, par Vincentius, peintre originaire de Sibiu. Elle illustre les derniers jours de J\u00e9sus. Romano-catholique au d\u00e9but, l&rsquo;\u00e9glise allait devenir r\u00e9form\u00e9e en 1596, lorsque la communaut\u00e9 magyare s&rsquo;est convertie \u00e0 cette religion. C&rsquo;est dans cette m\u00eame \u00e9glise que, plusieurs si\u00e8cles durant, ont \u00e9t\u00e9 c\u00e9l\u00e9br\u00e9s les offices divins pour les Saxons \u00e9vang\u00e9liques.<\/em><\/p>\n<p>Dans la partie sud de l&rsquo;\u00e9glise fortifi\u00e9e, un petit mus\u00e9e attend ses visiteurs, pr\u00e9cise le pr\u00eatre Csiki-Makszem Lorand: <em class=cms-italic>Le plus ancien des objets expos\u00e9s est le tr\u00f4ne du pr\u00e9lat, dat\u00e9 de 1515. Il y a aussi des calices, des plateaux, des fonts baptismaux, datant des XVIIe et XVIIIe si\u00e8cles. L&rsquo;\u00e9glise est visitable tous les jours. Une affiche coll\u00e9e sur la porte sud indique le num\u00e9ro de t\u00e9l\u00e9phone de la paroisse. Les touristes b\u00e9n\u00e9ficient d&rsquo;une visite guid\u00e9e en plusieurs langues, ainsi que de d\u00e9pliants en roumain, hongrois, anglais et allemand. Chaque ann\u00e9e, nous recevons la visite de touristes venus de tous les coins de la Roumanie, mais aussi d&rsquo;autres pays d&rsquo;Europe, tels l&rsquo;Allemagne, la Slov\u00e9nie, la Hongrie, le Royaume-uni et la France. Les touristes de passage \u00e0 Sibiu et dans ses environs ne sauraient manquer de faire escale \u00e0 Ocna Sibiulu, pour profiter de quelques moments de d\u00e9tente au bord des lacs sal\u00e9s, mais aussi pour d\u00e9couvrir l&rsquo;histoire de la cit\u00e9. Vous serez accueillis \u00e0 bras ouverts dans notre \u00e9glise, ce lieu de culte unique dans la contr\u00e9e de Sibiu. <\/em>(trad. Alex Diaconescu, Mariana Tudose)<\/p>\n","protected":false},"excerpt":{"rendered":"<p>Notre destination d&rsquo;aujourd&rsquo;hui est la ville d&rsquo;eaux d&rsquo;Ocna Sibiului, au comt\u00e9 de Sibiu, dans le centre du pays. Elle est renomm\u00e9e surtout gr\u00e2ce \u00e0 la quinzaine de lacs sal\u00e9s de la contr\u00e9e qui ont tous des propriet\u00e9s curatives. Nous allons franchir le seuil du complexe baln\u00e9aire, qui fonctionne du matin et jusqu&rsquo;\u00e0 tard dans la [&hellip;]<\/p>\n","protected":false},"author":128,"featured_media":148129,"comment_status":"closed","ping_status":"closed","sticky":false,"template":"","format":"standard","meta":{"_acf_changed":false,"footnotes":""},"categories":[86826],"tags":[85543,86745,87732,87731,43967],"coauthors":[],"class_list":["post-386456","post","type-post","status-publish","format-standard","has-post-thumbnail","hentry","category-radio-tour-fr","tag-concours","tag-cure","tag-eglise-fortifiee","tag-navette","tag-ocna-sibiului"],"acf":[],"yoast_head":"<!-- This site is optimized with the Yoast SEO plugin v27.5 - https:\/\/yoast.com\/product\/yoast-seo-wordpress\/ -->\n<title>Repos et cure \u00e0 Ocna Sibiului - Radio Roumanie Internationale<\/title>\n<meta name=\"robots\" content=\"index, follow, max-snippet:-1, max-image-preview:large, max-video-preview:-1\" \/>\n<link rel=\"canonical\" href=\"https:\/\/www.rri.ro\/fr\/chroniques-hebdomadaires\/radio-tour-fr\/repos-et-cure-a-ocna-sibiului-id386456.html\" \/>\n<meta property=\"og:locale\" content=\"fr_FR\" \/>\n<meta property=\"og:type\" content=\"article\" \/>\n<meta property=\"og:title\" content=\"Repos et cure \u00e0 Ocna Sibiului - Radio Roumanie Internationale\" \/>\n<meta property=\"og:description\" content=\"Notre destination d&rsquo;aujourd&rsquo;hui est la ville d&rsquo;eaux d&rsquo;Ocna Sibiului, au comt\u00e9 de Sibiu, dans le centre du pays. Elle est renomm\u00e9e surtout gr\u00e2ce \u00e0 la quinzaine de lacs sal\u00e9s de la contr\u00e9e qui ont tous des propriet\u00e9s curatives. Nous allons franchir le seuil du complexe baln\u00e9aire, qui fonctionne du matin et jusqu&rsquo;\u00e0 tard dans la [&hellip;]\" \/>\n<meta property=\"og:url\" content=\"https:\/\/www.rri.ro\/fr\/chroniques-hebdomadaires\/radio-tour-fr\/repos-et-cure-a-ocna-sibiului-id386456.html\" \/>\n<meta property=\"og:site_name\" content=\"Radio Roumanie Internationale\" \/>\n<meta property=\"article:published_time\" content=\"2015-06-18T11:40:00+00:00\" \/>\n<meta property=\"og:image\" content=\"https:\/\/www.rri.ro\/wp-content\/uploads\/2023\/10\/lac-horia-closca-crisan-ocna-sibiului.png\" \/>\n\t<meta property=\"og:image:width\" content=\"640\" \/>\n\t<meta property=\"og:image:height\" content=\"480\" \/>\n\t<meta property=\"og:image:type\" content=\"image\/png\" \/>\n<meta name=\"author\" content=\"Daniel Onea\" \/>\n<meta name=\"twitter:card\" content=\"summary_large_image\" \/>\n<meta name=\"twitter:label1\" content=\"\u00c9crit par\" \/>\n\t<meta name=\"twitter:data1\" content=\"Daniel Onea\" \/>\n\t<meta name=\"twitter:label2\" content=\"Dur\u00e9e de lecture estim\u00e9e\" \/>\n\t<meta name=\"twitter:data2\" content=\"6 minutes\" \/>\n\t<meta name=\"twitter:label3\" content=\"Written by\" \/>\n\t<meta name=\"twitter:data3\" content=\"Daniel Onea\" \/>\n<script type=\"application\/ld+json\" class=\"yoast-schema-graph\">{\"@context\":\"https:\\\/\\\/schema.org\",\"@graph\":[{\"@type\":\"Article\",\"@id\":\"https:\\\/\\\/www.rri.ro\\\/fr\\\/chroniques-hebdomadaires\\\/radio-tour-fr\\\/repos-et-cure-a-ocna-sibiului-id386456.html#article\",\"isPartOf\":{\"@id\":\"https:\\\/\\\/www.rri.ro\\\/fr\\\/chroniques-hebdomadaires\\\/radio-tour-fr\\\/repos-et-cure-a-ocna-sibiului-id386456.html\"},\"author\":{\"name\":\"Daniel Onea\",\"@id\":\"https:\\\/\\\/www.rri.ro\\\/#\\\/schema\\\/person\\\/fcce42c208d45f30f5b054b64bc1e0df\"},\"headline\":\"Repos et cure \u00e0 Ocna Sibiului\",\"datePublished\":\"2015-06-18T11:40:00+00:00\",\"mainEntityOfPage\":{\"@id\":\"https:\\\/\\\/www.rri.ro\\\/fr\\\/chroniques-hebdomadaires\\\/radio-tour-fr\\\/repos-et-cure-a-ocna-sibiului-id386456.html\"},\"wordCount\":1204,\"image\":{\"@id\":\"https:\\\/\\\/www.rri.ro\\\/fr\\\/chroniques-hebdomadaires\\\/radio-tour-fr\\\/repos-et-cure-a-ocna-sibiului-id386456.html#primaryimage\"},\"thumbnailUrl\":\"https:\\\/\\\/www.rri.ro\\\/wp-content\\\/uploads\\\/2023\\\/10\\\/lac-horia-closca-crisan-ocna-sibiului.png\",\"keywords\":[\"concours\",\"cure\",\"\u00e9glise fortifi\u00e9e\",\"navette\",\"ocna sibiului\"],\"articleSection\":[\"Radio Tour\"],\"inLanguage\":\"fr-FR\"},{\"@type\":\"WebPage\",\"@id\":\"https:\\\/\\\/www.rri.ro\\\/fr\\\/chroniques-hebdomadaires\\\/radio-tour-fr\\\/repos-et-cure-a-ocna-sibiului-id386456.html\",\"url\":\"https:\\\/\\\/www.rri.ro\\\/fr\\\/chroniques-hebdomadaires\\\/radio-tour-fr\\\/repos-et-cure-a-ocna-sibiului-id386456.html\",\"name\":\"Repos et cure \u00e0 Ocna Sibiului - Radio Roumanie Internationale\",\"isPartOf\":{\"@id\":\"https:\\\/\\\/www.rri.ro\\\/#website\"},\"primaryImageOfPage\":{\"@id\":\"https:\\\/\\\/www.rri.ro\\\/fr\\\/chroniques-hebdomadaires\\\/radio-tour-fr\\\/repos-et-cure-a-ocna-sibiului-id386456.html#primaryimage\"},\"image\":{\"@id\":\"https:\\\/\\\/www.rri.ro\\\/fr\\\/chroniques-hebdomadaires\\\/radio-tour-fr\\\/repos-et-cure-a-ocna-sibiului-id386456.html#primaryimage\"},\"thumbnailUrl\":\"https:\\\/\\\/www.rri.ro\\\/wp-content\\\/uploads\\\/2023\\\/10\\\/lac-horia-closca-crisan-ocna-sibiului.png\",\"datePublished\":\"2015-06-18T11:40:00+00:00\",\"author\":{\"@id\":\"https:\\\/\\\/www.rri.ro\\\/#\\\/schema\\\/person\\\/fcce42c208d45f30f5b054b64bc1e0df\"},\"breadcrumb\":{\"@id\":\"https:\\\/\\\/www.rri.ro\\\/fr\\\/chroniques-hebdomadaires\\\/radio-tour-fr\\\/repos-et-cure-a-ocna-sibiului-id386456.html#breadcrumb\"},\"inLanguage\":\"fr-FR\",\"potentialAction\":[{\"@type\":\"ReadAction\",\"target\":[\"https:\\\/\\\/www.rri.ro\\\/fr\\\/chroniques-hebdomadaires\\\/radio-tour-fr\\\/repos-et-cure-a-ocna-sibiului-id386456.html\"]}]},{\"@type\":\"ImageObject\",\"inLanguage\":\"fr-FR\",\"@id\":\"https:\\\/\\\/www.rri.ro\\\/fr\\\/chroniques-hebdomadaires\\\/radio-tour-fr\\\/repos-et-cure-a-ocna-sibiului-id386456.html#primaryimage\",\"url\":\"https:\\\/\\\/www.rri.ro\\\/wp-content\\\/uploads\\\/2023\\\/10\\\/lac-horia-closca-crisan-ocna-sibiului.png\",\"contentUrl\":\"https:\\\/\\\/www.rri.ro\\\/wp-content\\\/uploads\\\/2023\\\/10\\\/lac-horia-closca-crisan-ocna-sibiului.png\",\"width\":640,\"height\":480},{\"@type\":\"BreadcrumbList\",\"@id\":\"https:\\\/\\\/www.rri.ro\\\/fr\\\/chroniques-hebdomadaires\\\/radio-tour-fr\\\/repos-et-cure-a-ocna-sibiului-id386456.html#breadcrumb\",\"itemListElement\":[{\"@type\":\"ListItem\",\"position\":1,\"name\":\"Page d'accueil\",\"item\":\"https:\\\/\\\/www.rri.ro\\\/fr\"},{\"@type\":\"ListItem\",\"position\":2,\"name\":\"Chroniques hebdomadaires\",\"item\":\"https:\\\/\\\/www.rri.ro\\\/fr\\\/chroniques-hebdomadaires\"},{\"@type\":\"ListItem\",\"position\":3,\"name\":\"Radio Tour\",\"item\":\"https:\\\/\\\/www.rri.ro\\\/fr\\\/chroniques-hebdomadaires\\\/radio-tour-fr\"},{\"@type\":\"ListItem\",\"position\":4,\"name\":\"Repos et cure \u00e0 Ocna Sibiului\"}]},{\"@type\":\"WebSite\",\"@id\":\"https:\\\/\\\/www.rri.ro\\\/#website\",\"url\":\"https:\\\/\\\/www.rri.ro\\\/\",\"name\":\"Radio Roumanie Internationale\",\"description\":\"Totul despre Rom\u00e2nia \u015fi rom\u00e2ni, \u00een 13 limbi\\\/dialecte!\",\"inLanguage\":\"fr-FR\"},{\"@type\":\"Person\",\"@id\":\"https:\\\/\\\/www.rri.ro\\\/#\\\/schema\\\/person\\\/fcce42c208d45f30f5b054b64bc1e0df\",\"name\":\"Daniel Onea\",\"url\":\"https:\\\/\\\/www.rri.ro\\\/fr\\\/author\\\/daniel-onea\"}]}<\/script>\n<!-- \/ Yoast SEO plugin. -->","yoast_head_json":{"title":"Repos et cure \u00e0 Ocna Sibiului - Radio Roumanie Internationale","robots":{"index":"index","follow":"follow","max-snippet":"max-snippet:-1","max-image-preview":"max-image-preview:large","max-video-preview":"max-video-preview:-1"},"canonical":"https:\/\/www.rri.ro\/fr\/chroniques-hebdomadaires\/radio-tour-fr\/repos-et-cure-a-ocna-sibiului-id386456.html","og_locale":"fr_FR","og_type":"article","og_title":"Repos et cure \u00e0 Ocna Sibiului - Radio Roumanie Internationale","og_description":"Notre destination d&rsquo;aujourd&rsquo;hui est la ville d&rsquo;eaux d&rsquo;Ocna Sibiului, au comt\u00e9 de Sibiu, dans le centre du pays. Elle est renomm\u00e9e surtout gr\u00e2ce \u00e0 la quinzaine de lacs sal\u00e9s de la contr\u00e9e qui ont tous des propriet\u00e9s curatives. Nous allons franchir le seuil du complexe baln\u00e9aire, qui fonctionne du matin et jusqu&rsquo;\u00e0 tard dans la [&hellip;]","og_url":"https:\/\/www.rri.ro\/fr\/chroniques-hebdomadaires\/radio-tour-fr\/repos-et-cure-a-ocna-sibiului-id386456.html","og_site_name":"Radio Roumanie Internationale","article_published_time":"2015-06-18T11:40:00+00:00","og_image":[{"width":640,"height":480,"url":"https:\/\/www.rri.ro\/wp-content\/uploads\/2023\/10\/lac-horia-closca-crisan-ocna-sibiului.png","type":"image\/png"}],"author":"Daniel Onea","twitter_card":"summary_large_image","twitter_misc":{"\u00c9crit par":"Daniel Onea","Dur\u00e9e de lecture estim\u00e9e":"6 minutes","Written by":"Daniel Onea"},"schema":{"@context":"https:\/\/schema.org","@graph":[{"@type":"Article","@id":"https:\/\/www.rri.ro\/fr\/chroniques-hebdomadaires\/radio-tour-fr\/repos-et-cure-a-ocna-sibiului-id386456.html#article","isPartOf":{"@id":"https:\/\/www.rri.ro\/fr\/chroniques-hebdomadaires\/radio-tour-fr\/repos-et-cure-a-ocna-sibiului-id386456.html"},"author":{"name":"Daniel Onea","@id":"https:\/\/www.rri.ro\/#\/schema\/person\/fcce42c208d45f30f5b054b64bc1e0df"},"headline":"Repos et cure \u00e0 Ocna Sibiului","datePublished":"2015-06-18T11:40:00+00:00","mainEntityOfPage":{"@id":"https:\/\/www.rri.ro\/fr\/chroniques-hebdomadaires\/radio-tour-fr\/repos-et-cure-a-ocna-sibiului-id386456.html"},"wordCount":1204,"image":{"@id":"https:\/\/www.rri.ro\/fr\/chroniques-hebdomadaires\/radio-tour-fr\/repos-et-cure-a-ocna-sibiului-id386456.html#primaryimage"},"thumbnailUrl":"https:\/\/www.rri.ro\/wp-content\/uploads\/2023\/10\/lac-horia-closca-crisan-ocna-sibiului.png","keywords":["concours","cure","\u00e9glise fortifi\u00e9e","navette","ocna sibiului"],"articleSection":["Radio Tour"],"inLanguage":"fr-FR"},{"@type":"WebPage","@id":"https:\/\/www.rri.ro\/fr\/chroniques-hebdomadaires\/radio-tour-fr\/repos-et-cure-a-ocna-sibiului-id386456.html","url":"https:\/\/www.rri.ro\/fr\/chroniques-hebdomadaires\/radio-tour-fr\/repos-et-cure-a-ocna-sibiului-id386456.html","name":"Repos et cure \u00e0 Ocna Sibiului - Radio Roumanie Internationale","isPartOf":{"@id":"https:\/\/www.rri.ro\/#website"},"primaryImageOfPage":{"@id":"https:\/\/www.rri.ro\/fr\/chroniques-hebdomadaires\/radio-tour-fr\/repos-et-cure-a-ocna-sibiului-id386456.html#primaryimage"},"image":{"@id":"https:\/\/www.rri.ro\/fr\/chroniques-hebdomadaires\/radio-tour-fr\/repos-et-cure-a-ocna-sibiului-id386456.html#primaryimage"},"thumbnailUrl":"https:\/\/www.rri.ro\/wp-content\/uploads\/2023\/10\/lac-horia-closca-crisan-ocna-sibiului.png","datePublished":"2015-06-18T11:40:00+00:00","author":{"@id":"https:\/\/www.rri.ro\/#\/schema\/person\/fcce42c208d45f30f5b054b64bc1e0df"},"breadcrumb":{"@id":"https:\/\/www.rri.ro\/fr\/chroniques-hebdomadaires\/radio-tour-fr\/repos-et-cure-a-ocna-sibiului-id386456.html#breadcrumb"},"inLanguage":"fr-FR","potentialAction":[{"@type":"ReadAction","target":["https:\/\/www.rri.ro\/fr\/chroniques-hebdomadaires\/radio-tour-fr\/repos-et-cure-a-ocna-sibiului-id386456.html"]}]},{"@type":"ImageObject","inLanguage":"fr-FR","@id":"https:\/\/www.rri.ro\/fr\/chroniques-hebdomadaires\/radio-tour-fr\/repos-et-cure-a-ocna-sibiului-id386456.html#primaryimage","url":"https:\/\/www.rri.ro\/wp-content\/uploads\/2023\/10\/lac-horia-closca-crisan-ocna-sibiului.png","contentUrl":"https:\/\/www.rri.ro\/wp-content\/uploads\/2023\/10\/lac-horia-closca-crisan-ocna-sibiului.png","width":640,"height":480},{"@type":"BreadcrumbList","@id":"https:\/\/www.rri.ro\/fr\/chroniques-hebdomadaires\/radio-tour-fr\/repos-et-cure-a-ocna-sibiului-id386456.html#breadcrumb","itemListElement":[{"@type":"ListItem","position":1,"name":"Page d'accueil","item":"https:\/\/www.rri.ro\/fr"},{"@type":"ListItem","position":2,"name":"Chroniques hebdomadaires","item":"https:\/\/www.rri.ro\/fr\/chroniques-hebdomadaires"},{"@type":"ListItem","position":3,"name":"Radio Tour","item":"https:\/\/www.rri.ro\/fr\/chroniques-hebdomadaires\/radio-tour-fr"},{"@type":"ListItem","position":4,"name":"Repos et cure \u00e0 Ocna Sibiului"}]},{"@type":"WebSite","@id":"https:\/\/www.rri.ro\/#website","url":"https:\/\/www.rri.ro\/","name":"Radio Roumanie Internationale","description":"Totul despre Rom\u00e2nia \u015fi rom\u00e2ni, \u00een 13 limbi\/dialecte!","inLanguage":"fr-FR"},{"@type":"Person","@id":"https:\/\/www.rri.ro\/#\/schema\/person\/fcce42c208d45f30f5b054b64bc1e0df","name":"Daniel Onea","url":"https:\/\/www.rri.ro\/fr\/author\/daniel-onea"}]}},"_links":{"self":[{"href":"https:\/\/www.rri.ro\/fr\/wp-json\/wp\/v2\/posts\/386456","targetHints":{"allow":["GET"]}}],"collection":[{"href":"https:\/\/www.rri.ro\/fr\/wp-json\/wp\/v2\/posts"}],"about":[{"href":"https:\/\/www.rri.ro\/fr\/wp-json\/wp\/v2\/types\/post"}],"author":[{"embeddable":true,"href":"https:\/\/www.rri.ro\/fr\/wp-json\/wp\/v2\/users\/128"}],"replies":[{"embeddable":true,"href":"https:\/\/www.rri.ro\/fr\/wp-json\/wp\/v2\/comments?post=386456"}],"version-history":[{"count":0,"href":"https:\/\/www.rri.ro\/fr\/wp-json\/wp\/v2\/posts\/386456\/revisions"}],"wp:featuredmedia":[{"embeddable":true,"href":"https:\/\/www.rri.ro\/fr\/wp-json\/wp\/v2\/media\/148129"}],"wp:attachment":[{"href":"https:\/\/www.rri.ro\/fr\/wp-json\/wp\/v2\/media?parent=386456"}],"wp:term":[{"taxonomy":"category","embeddable":true,"href":"https:\/\/www.rri.ro\/fr\/wp-json\/wp\/v2\/categories?post=386456"},{"taxonomy":"post_tag","embeddable":true,"href":"https:\/\/www.rri.ro\/fr\/wp-json\/wp\/v2\/tags?post=386456"},{"taxonomy":"author","embeddable":true,"href":"https:\/\/www.rri.ro\/fr\/wp-json\/wp\/v2\/coauthors?post=386456"}],"curies":[{"name":"wp","href":"https:\/\/api.w.org\/{rel}","templated":true}]}}