{"id":386528,"date":"2016-12-15T14:31:00","date_gmt":"2016-12-15T12:31:00","guid":{"rendered":"http:\/\/devrri.freshlemon.ro\/le-roumain-mot-a-mot\/consulter-les-lecons\/les-grottes-des-carpates-occidentales-id386528.html"},"modified":"2016-12-15T14:31:00","modified_gmt":"2016-12-15T12:31:00","slug":"les-grottes-des-carpates-occidentales","status":"publish","type":"post","link":"https:\/\/www.rri.ro\/fr\/chroniques-hebdomadaires\/radio-tour-fr\/les-grottes-des-carpates-occidentales-id386528.html","title":{"rendered":"Les grottes des Carpates Occidentales"},"content":{"rendered":"<p>Les non-professionnels peuvent quand-m\u00eame les visiter en s&rsquo;adressant aux guides sp\u00e9cialis\u00e9s et aux clubs de sp\u00e9l\u00e9ologie. La zone la plus basse comportant des grottes accessibles est celle du Massif de P\u0103durea Craiului, \u00e0 laquelle on peut acc\u00e9der depuis les villes d&rsquo;Oradea ou de Cluj. Les portes d&rsquo;entr\u00e9e en sont Beiu\u015f et Ale\u015fd. Le sp\u00e9l\u00e9ologue Viorel Lascu nous parle de ces grottes &#8211; et non seulement: <em class=cms-italic>\u00ab La grotte de Vadu Cri\u015fului est accessible depuis la route nationale Cluj-Oradea. Elle est travers\u00e9e par une rivi\u00e8re qui, \u00e0 une quarantaine de m\u00e8tres de l&rsquo;entr\u00e9e, forme une chute d&rsquo;eau de 6 m\u00e8tres de haut. A proximit\u00e9 de cette grotte on peut voir les spectaculaires gorges karstiques de Vadu Cri\u015fului et d\u00e9couvrir la magnifique poterie en argile blanche travaill\u00e9e par les artisans. Ce sont des cr\u00e9ations uniques en Europe. En remontant la rivi\u00e8re Cri\u015ful Repede, on arrive \u00e0 \u015euncuiu\u015f, localit\u00e9 \u00e0 proximit\u00e9 de laquelle se trouve la grotte Unguru Mare. L&rsquo;entr\u00e9e de cette grotte est impressionnante. Tout pr\u00e8s on peut voir une maison en bois vieille de plus de 200 ans. Pour arriver \u00e0 la grotte, on traverse un pont suspendu au-dessus de la rivi\u00e8re Cri\u015f. C&rsquo;est un pont spectaculaire en dessous de la paroi immense par laquelle on p\u00e9n\u00e8tre dans la grotte. Celle-ci a abrit\u00e9 un v\u00e9ritable arsenal d&rsquo;armes en bronze, un des plus importants de Roumanie. Un peu plus bas se trouve la Grotte du Vent, la plus longue du pays, qui s&rsquo;\u00e9tend sur 50 km. Pour la visiter, on doit s&rsquo;adresser au Club de sp\u00e9l\u00e9ologie ou au personnel des Aires prot\u00e9g\u00e9es et du Centre de d\u00e9veloppement durable. Ceux-ci envisagent de d\u00e9velopper un projet d&rsquo;am\u00e9nagement touristique pour 300 m\u00e8tres de cette grotte. \u00bb<\/em><\/p>\n<p><\/p>\n<p>De l&rsquo;autre c\u00f4t\u00e9 de la colline se trouve la commune de Ro\u015fia,  avec ses maisons traditionnelles \u00e9parses, et la Grotte aux Cristaux, d\u00e9couverte en 1987 par les mineurs de bauxite. V\u00e9ritable joyau naturel, aux parois tapiss\u00e9es de cristaux, elle b\u00e9n\u00e9ficie d&rsquo;am\u00e9nagements et d&rsquo;un syst\u00e8me d&rsquo;\u00e9clairage modernes. Viorel Lascu:<em class=cms-italic> \u00abLa commune de Ro\u015fia dispose d&rsquo;un Centre d&rsquo;accueil qui met \u00e0 la disposition des touristes des guides sp\u00e9cialis\u00e9s. On peut \u00e9galement y visiter le Mus\u00e9e minier, o\u00f9 l&rsquo;on peut voir les outillages et les \u00e9quipements utilis\u00e9s jadis dans l&rsquo;exploitation mini\u00e8re. La Grotte aux Cristaux compte parmi les seules grottes du monde o\u00f9 les touristes passent en dessous des cristaux translucides de calcite, dont certains mesurent 80 cm et qui s&rsquo;ouvrent de mani\u00e8re spectaculaire en grappes et en franges au-dessus des visiteurs et autour d&rsquo;eux. Evidemment, il est interdit de les toucher et les touristes respectent cette r\u00e8gle. En descendant la vall\u00e9e, depuis la Grotte aux Cristaux on aboutit au village de Meziad, tout pr\u00e8s duquel de trouve une grotte portant le m\u00eame nom. Cette grotte est unique en raison de l&rsquo;immense paroi de l&rsquo;entr\u00e9e. Am\u00e9nag\u00e9e en 1903, elle a \u00e9t\u00e9 la premi\u00e8re grotte de Roumanie \u00e0 b\u00e9n\u00e9ficier de tels travaux. A pr\u00e9sent elle dispose d&rsquo;un nouveau syst\u00e8me d&rsquo;\u00e9clairage LED. Le trajet \u00e0 l&rsquo;int\u00e9rieur de la grotte mesure 1,5 km et il est parcouru en 40 minutes. Les vo\u00fbtes spectaculaires vous donnent l&rsquo;impression de vous trouver dans une cath\u00e9drale souterraine. Une zone destin\u00e9e aux spectacles et aux concerts y a \u00e9t\u00e9 am\u00e9nag\u00e9e, pour mettre \u00e0 profit l&rsquo;acoustique de certaines salles. Cette grotte est unique \u00e9galement en raison des colonies de chauves-souris qu&rsquo;elle abrite. Plus de 40 mille, appartenant \u00e0 plus de 8 esp\u00e8ces, y trouvent refuge \u00e0 certaines p\u00e9riodes de l&rsquo;ann\u00e9e. \u00bb<\/em> <\/p>\n<p><\/p>\n<p>Depuis la Grotte de Meziad, on peut monter vers St\u00e2na de Vale, sise \u00e0 une altitude de plus de mille m\u00e8tres, dans une d\u00e9pression entour\u00e9e par les Massifs de Vladeasa et de Padurea Craiului. St\u00e2na de Vale est une des stations de repos les plus recherch\u00e9es de Roumanie, appel\u00e9e la perle du tourisme de montagne de la r\u00e9gion de Crisana. C&rsquo;est une destination pr\u00e9f\u00e9r\u00e9e aussi par ceux qui pratiquent les sports d&rsquo;hiver, puisqu&rsquo;on peut y trouver des pistes de ski dot\u00e9es de remont\u00e9es m\u00e9caniques. Dans le nord des Monts Bihor, dans la r\u00e9gion de Padi\u015f, se trouve la formation karstique la plus imposante de Roumanie : \u00ab Cetatile Ponorului \u00bb \/ \u00ab Les Citadelles du Ponor \u00bb. Avec sa beaut\u00e9 in\u00e9galable, ses dimensions g\u00e9n\u00e9reuses et sa complexit\u00e9 hors du commun, cette formation doit son nom aux rochers g\u00e9ants qui l&rsquo;entourent, similaires \u00e0 la muraille d&rsquo;une citadelle. Il est pr\u00e9f\u00e9rable que ceux qui traversent cette grotte longue de 5 km aient de l&rsquo;exp\u00e9rience et qu&rsquo;ils soient accompagn\u00e9s de guides sp\u00e9cialis\u00e9s. <\/p>\n<p><\/p>\n<p>Ecoutons \u00e0 nouveau le sp\u00e9l\u00e9ologue Viorel Lascu avec des d\u00e9tails sur d&rsquo;autres grottes des Monts Apuseni : <em class=cms-italic>\u00ab La c\u00e9l\u00e8bre grotte de Scarisoara, qui contient le plus grand glacier souterrain du monde, est ouverte toute l&rsquo;ann\u00e9e. La descente se fait par le biais d&rsquo;un aven dont le diam\u00e8tre est vraiment spectaculaire, \u00e0 savoir une quarantaine de m\u00e8tres, suivi par un escalier \u00e0 plusieurs centaines de marches. Celui-ci m\u00e8ne vers une salle \u00e9clair\u00e9e o\u00f9 la lumi\u00e8re est filtr\u00e9e par la glace pour cr\u00e9er un d\u00e9cor vraiment \u00e9poustouflant. Sous ce glacier, moins visitable, se trouve la grotte Pojarul Politei, une r\u00e9serve scientifique qui contient des formations calcaires et une s\u00e9rie de disques g\u00e9ants in\u00e9dits pour le monde des cristaux souterrains. C&rsquo;est \u00e9galement dans la r\u00e9gion de la commune de G\u00e2rda que l&rsquo;on peut visiter la grotte \u00ab Poarta lui Ionele \u00bb\/ \u00ab La porte de Ionele \u00bb, qui est \u00e9galement facile \u00e0 parcourir. C&rsquo;est ici que se trouvent les Gorges Ord\u00e2ncu\u015fei, creus\u00e9es dans des versants calcaires et entour\u00e9es d&rsquo;un paysage plut\u00f4t sauvage. Les versants calcaires accueillent de nombreuses grottes. A l&rsquo;est, si on suit la route qui relie la localit\u00e9 de C\u00e2mpeni \u00e0 la ville d&rsquo;Alba Iulia, on peut arriver \u00e0 \u00ab Huda lui Papar\u00e0 \u00bb, une grotte sp\u00e9cialement am\u00e9nag\u00e9e \u00e0 des fins touristiques. C&rsquo;est un endroit spectaculaire, travers\u00e9 par une rivi\u00e8re, habit\u00e9 par des colonies de chauves-souris et qui accueille une cascade de 11 m\u00e8tres qui tombe sur un rocher immense, une chute d&rsquo;eau qui effraie le plus souvent les visiteurs. Ceux-ci doivent savoir que s&rsquo;il y a des crues, il vaut mieux ne pas se rendre \u00e0 l&rsquo;int\u00e9rieur de cette grotte. \u00bb<\/em><\/p>\n<p><\/p>\n<p>Huda lui Papar\u0103 est la grotte la plus longue des Monts Trascau. C&rsquo;est ici que la colonie de chauves-souris la plus nombreuse d&rsquo;Europe passe l&rsquo;hiver. Elle est \u00e9galement caract\u00e9ris\u00e9e par d&rsquo;importantes diff\u00e9rences de niveau. Sachez donc qu&rsquo;elle est dangereuse parce qu&rsquo;inondable en cas de crues. <\/p>\n","protected":false},"excerpt":{"rendered":"<p>Les non-professionnels peuvent quand-m\u00eame les visiter en s&rsquo;adressant aux guides sp\u00e9cialis\u00e9s et aux clubs de sp\u00e9l\u00e9ologie. La zone la plus basse comportant des grottes accessibles est celle du Massif de P\u0103durea Craiului, \u00e0 laquelle on peut acc\u00e9der depuis les villes d&rsquo;Oradea ou de Cluj. Les portes d&rsquo;entr\u00e9e en sont Beiu\u015f et Ale\u015fd. Le sp\u00e9l\u00e9ologue Viorel [&hellip;]<\/p>\n","protected":false},"author":128,"featured_media":148707,"comment_status":"closed","ping_status":"closed","sticky":false,"template":"","format":"standard","meta":{"_acf_changed":false,"footnotes":""},"categories":[86826],"tags":[148567,85821,87547,87548],"coauthors":[],"class_list":["post-386528","post","type-post","status-publish","format-standard","has-post-thumbnail","hentry","category-radio-tour-fr","tag-apuseni-fr","tag-carpates","tag-grottes","tag-speleologie"],"acf":[],"yoast_head":"<!-- This site is optimized with the Yoast SEO plugin v27.5 - https:\/\/yoast.com\/product\/yoast-seo-wordpress\/ -->\n<title>Les grottes des Carpates Occidentales - Radio Roumanie Internationale<\/title>\n<meta name=\"robots\" content=\"index, follow, max-snippet:-1, max-image-preview:large, max-video-preview:-1\" \/>\n<link rel=\"canonical\" href=\"https:\/\/www.rri.ro\/fr\/chroniques-hebdomadaires\/radio-tour-fr\/les-grottes-des-carpates-occidentales-id386528.html\" \/>\n<meta property=\"og:locale\" content=\"fr_FR\" \/>\n<meta property=\"og:type\" content=\"article\" \/>\n<meta property=\"og:title\" content=\"Les grottes des Carpates Occidentales - Radio Roumanie Internationale\" \/>\n<meta property=\"og:description\" content=\"Les non-professionnels peuvent quand-m\u00eame les visiter en s&rsquo;adressant aux guides sp\u00e9cialis\u00e9s et aux clubs de sp\u00e9l\u00e9ologie. La zone la plus basse comportant des grottes accessibles est celle du Massif de P\u0103durea Craiului, \u00e0 laquelle on peut acc\u00e9der depuis les villes d&rsquo;Oradea ou de Cluj. Les portes d&rsquo;entr\u00e9e en sont Beiu\u015f et Ale\u015fd. Le sp\u00e9l\u00e9ologue Viorel [&hellip;]\" \/>\n<meta property=\"og:url\" content=\"https:\/\/www.rri.ro\/fr\/chroniques-hebdomadaires\/radio-tour-fr\/les-grottes-des-carpates-occidentales-id386528.html\" \/>\n<meta property=\"og:site_name\" content=\"Radio Roumanie Internationale\" \/>\n<meta property=\"article:published_time\" content=\"2016-12-15T12:31:00+00:00\" \/>\n<meta property=\"og:image\" content=\"https:\/\/www.rri.ro\/wp-content\/uploads\/2023\/10\/pestera-scarisoara-640.png\" \/>\n\t<meta property=\"og:image:width\" content=\"640\" \/>\n\t<meta property=\"og:image:height\" content=\"480\" \/>\n\t<meta property=\"og:image:type\" content=\"image\/png\" \/>\n<meta name=\"author\" content=\"Daniel Onea\" \/>\n<meta name=\"twitter:card\" content=\"summary_large_image\" \/>\n<meta name=\"twitter:label1\" content=\"\u00c9crit par\" \/>\n\t<meta name=\"twitter:data1\" content=\"Daniel Onea\" \/>\n\t<meta name=\"twitter:label2\" content=\"Dur\u00e9e de lecture estim\u00e9e\" \/>\n\t<meta name=\"twitter:data2\" content=\"6 minutes\" \/>\n\t<meta name=\"twitter:label3\" content=\"Written by\" \/>\n\t<meta name=\"twitter:data3\" content=\"Daniel Onea\" \/>\n<script type=\"application\/ld+json\" class=\"yoast-schema-graph\">{\"@context\":\"https:\\\/\\\/schema.org\",\"@graph\":[{\"@type\":\"Article\",\"@id\":\"https:\\\/\\\/www.rri.ro\\\/fr\\\/chroniques-hebdomadaires\\\/radio-tour-fr\\\/les-grottes-des-carpates-occidentales-id386528.html#article\",\"isPartOf\":{\"@id\":\"https:\\\/\\\/www.rri.ro\\\/fr\\\/chroniques-hebdomadaires\\\/radio-tour-fr\\\/les-grottes-des-carpates-occidentales-id386528.html\"},\"author\":{\"name\":\"Daniel Onea\",\"@id\":\"https:\\\/\\\/www.rri.ro\\\/#\\\/schema\\\/person\\\/fcce42c208d45f30f5b054b64bc1e0df\"},\"headline\":\"Les grottes des Carpates Occidentales\",\"datePublished\":\"2016-12-15T12:31:00+00:00\",\"mainEntityOfPage\":{\"@id\":\"https:\\\/\\\/www.rri.ro\\\/fr\\\/chroniques-hebdomadaires\\\/radio-tour-fr\\\/les-grottes-des-carpates-occidentales-id386528.html\"},\"wordCount\":1199,\"image\":{\"@id\":\"https:\\\/\\\/www.rri.ro\\\/fr\\\/chroniques-hebdomadaires\\\/radio-tour-fr\\\/les-grottes-des-carpates-occidentales-id386528.html#primaryimage\"},\"thumbnailUrl\":\"https:\\\/\\\/www.rri.ro\\\/wp-content\\\/uploads\\\/2023\\\/10\\\/pestera-scarisoara-640.png\",\"keywords\":[\"apuseni\",\"Carpates\",\"grottes\",\"sp\u00e9l\u00e9ologie\"],\"articleSection\":[\"Radio Tour\"],\"inLanguage\":\"fr-FR\"},{\"@type\":\"WebPage\",\"@id\":\"https:\\\/\\\/www.rri.ro\\\/fr\\\/chroniques-hebdomadaires\\\/radio-tour-fr\\\/les-grottes-des-carpates-occidentales-id386528.html\",\"url\":\"https:\\\/\\\/www.rri.ro\\\/fr\\\/chroniques-hebdomadaires\\\/radio-tour-fr\\\/les-grottes-des-carpates-occidentales-id386528.html\",\"name\":\"Les grottes des Carpates Occidentales - Radio Roumanie Internationale\",\"isPartOf\":{\"@id\":\"https:\\\/\\\/www.rri.ro\\\/#website\"},\"primaryImageOfPage\":{\"@id\":\"https:\\\/\\\/www.rri.ro\\\/fr\\\/chroniques-hebdomadaires\\\/radio-tour-fr\\\/les-grottes-des-carpates-occidentales-id386528.html#primaryimage\"},\"image\":{\"@id\":\"https:\\\/\\\/www.rri.ro\\\/fr\\\/chroniques-hebdomadaires\\\/radio-tour-fr\\\/les-grottes-des-carpates-occidentales-id386528.html#primaryimage\"},\"thumbnailUrl\":\"https:\\\/\\\/www.rri.ro\\\/wp-content\\\/uploads\\\/2023\\\/10\\\/pestera-scarisoara-640.png\",\"datePublished\":\"2016-12-15T12:31:00+00:00\",\"author\":{\"@id\":\"https:\\\/\\\/www.rri.ro\\\/#\\\/schema\\\/person\\\/fcce42c208d45f30f5b054b64bc1e0df\"},\"breadcrumb\":{\"@id\":\"https:\\\/\\\/www.rri.ro\\\/fr\\\/chroniques-hebdomadaires\\\/radio-tour-fr\\\/les-grottes-des-carpates-occidentales-id386528.html#breadcrumb\"},\"inLanguage\":\"fr-FR\",\"potentialAction\":[{\"@type\":\"ReadAction\",\"target\":[\"https:\\\/\\\/www.rri.ro\\\/fr\\\/chroniques-hebdomadaires\\\/radio-tour-fr\\\/les-grottes-des-carpates-occidentales-id386528.html\"]}]},{\"@type\":\"ImageObject\",\"inLanguage\":\"fr-FR\",\"@id\":\"https:\\\/\\\/www.rri.ro\\\/fr\\\/chroniques-hebdomadaires\\\/radio-tour-fr\\\/les-grottes-des-carpates-occidentales-id386528.html#primaryimage\",\"url\":\"https:\\\/\\\/www.rri.ro\\\/wp-content\\\/uploads\\\/2023\\\/10\\\/pestera-scarisoara-640.png\",\"contentUrl\":\"https:\\\/\\\/www.rri.ro\\\/wp-content\\\/uploads\\\/2023\\\/10\\\/pestera-scarisoara-640.png\",\"width\":640,\"height\":480},{\"@type\":\"BreadcrumbList\",\"@id\":\"https:\\\/\\\/www.rri.ro\\\/fr\\\/chroniques-hebdomadaires\\\/radio-tour-fr\\\/les-grottes-des-carpates-occidentales-id386528.html#breadcrumb\",\"itemListElement\":[{\"@type\":\"ListItem\",\"position\":1,\"name\":\"Page d'accueil\",\"item\":\"https:\\\/\\\/www.rri.ro\\\/fr\"},{\"@type\":\"ListItem\",\"position\":2,\"name\":\"Chroniques hebdomadaires\",\"item\":\"https:\\\/\\\/www.rri.ro\\\/fr\\\/chroniques-hebdomadaires\"},{\"@type\":\"ListItem\",\"position\":3,\"name\":\"Radio Tour\",\"item\":\"https:\\\/\\\/www.rri.ro\\\/fr\\\/chroniques-hebdomadaires\\\/radio-tour-fr\"},{\"@type\":\"ListItem\",\"position\":4,\"name\":\"Les grottes des Carpates Occidentales\"}]},{\"@type\":\"WebSite\",\"@id\":\"https:\\\/\\\/www.rri.ro\\\/#website\",\"url\":\"https:\\\/\\\/www.rri.ro\\\/\",\"name\":\"Radio Roumanie Internationale\",\"description\":\"Totul despre Rom\u00e2nia \u015fi rom\u00e2ni, \u00een 13 limbi\\\/dialecte!\",\"inLanguage\":\"fr-FR\"},{\"@type\":\"Person\",\"@id\":\"https:\\\/\\\/www.rri.ro\\\/#\\\/schema\\\/person\\\/fcce42c208d45f30f5b054b64bc1e0df\",\"name\":\"Daniel Onea\",\"url\":\"https:\\\/\\\/www.rri.ro\\\/fr\\\/author\\\/daniel-onea\"}]}<\/script>\n<!-- \/ Yoast SEO plugin. -->","yoast_head_json":{"title":"Les grottes des Carpates Occidentales - Radio Roumanie Internationale","robots":{"index":"index","follow":"follow","max-snippet":"max-snippet:-1","max-image-preview":"max-image-preview:large","max-video-preview":"max-video-preview:-1"},"canonical":"https:\/\/www.rri.ro\/fr\/chroniques-hebdomadaires\/radio-tour-fr\/les-grottes-des-carpates-occidentales-id386528.html","og_locale":"fr_FR","og_type":"article","og_title":"Les grottes des Carpates Occidentales - Radio Roumanie Internationale","og_description":"Les non-professionnels peuvent quand-m\u00eame les visiter en s&rsquo;adressant aux guides sp\u00e9cialis\u00e9s et aux clubs de sp\u00e9l\u00e9ologie. La zone la plus basse comportant des grottes accessibles est celle du Massif de P\u0103durea Craiului, \u00e0 laquelle on peut acc\u00e9der depuis les villes d&rsquo;Oradea ou de Cluj. Les portes d&rsquo;entr\u00e9e en sont Beiu\u015f et Ale\u015fd. Le sp\u00e9l\u00e9ologue Viorel [&hellip;]","og_url":"https:\/\/www.rri.ro\/fr\/chroniques-hebdomadaires\/radio-tour-fr\/les-grottes-des-carpates-occidentales-id386528.html","og_site_name":"Radio Roumanie Internationale","article_published_time":"2016-12-15T12:31:00+00:00","og_image":[{"width":640,"height":480,"url":"https:\/\/www.rri.ro\/wp-content\/uploads\/2023\/10\/pestera-scarisoara-640.png","type":"image\/png"}],"author":"Daniel Onea","twitter_card":"summary_large_image","twitter_misc":{"\u00c9crit par":"Daniel Onea","Dur\u00e9e de lecture estim\u00e9e":"6 minutes","Written by":"Daniel Onea"},"schema":{"@context":"https:\/\/schema.org","@graph":[{"@type":"Article","@id":"https:\/\/www.rri.ro\/fr\/chroniques-hebdomadaires\/radio-tour-fr\/les-grottes-des-carpates-occidentales-id386528.html#article","isPartOf":{"@id":"https:\/\/www.rri.ro\/fr\/chroniques-hebdomadaires\/radio-tour-fr\/les-grottes-des-carpates-occidentales-id386528.html"},"author":{"name":"Daniel Onea","@id":"https:\/\/www.rri.ro\/#\/schema\/person\/fcce42c208d45f30f5b054b64bc1e0df"},"headline":"Les grottes des Carpates Occidentales","datePublished":"2016-12-15T12:31:00+00:00","mainEntityOfPage":{"@id":"https:\/\/www.rri.ro\/fr\/chroniques-hebdomadaires\/radio-tour-fr\/les-grottes-des-carpates-occidentales-id386528.html"},"wordCount":1199,"image":{"@id":"https:\/\/www.rri.ro\/fr\/chroniques-hebdomadaires\/radio-tour-fr\/les-grottes-des-carpates-occidentales-id386528.html#primaryimage"},"thumbnailUrl":"https:\/\/www.rri.ro\/wp-content\/uploads\/2023\/10\/pestera-scarisoara-640.png","keywords":["apuseni","Carpates","grottes","sp\u00e9l\u00e9ologie"],"articleSection":["Radio Tour"],"inLanguage":"fr-FR"},{"@type":"WebPage","@id":"https:\/\/www.rri.ro\/fr\/chroniques-hebdomadaires\/radio-tour-fr\/les-grottes-des-carpates-occidentales-id386528.html","url":"https:\/\/www.rri.ro\/fr\/chroniques-hebdomadaires\/radio-tour-fr\/les-grottes-des-carpates-occidentales-id386528.html","name":"Les grottes des Carpates Occidentales - Radio Roumanie Internationale","isPartOf":{"@id":"https:\/\/www.rri.ro\/#website"},"primaryImageOfPage":{"@id":"https:\/\/www.rri.ro\/fr\/chroniques-hebdomadaires\/radio-tour-fr\/les-grottes-des-carpates-occidentales-id386528.html#primaryimage"},"image":{"@id":"https:\/\/www.rri.ro\/fr\/chroniques-hebdomadaires\/radio-tour-fr\/les-grottes-des-carpates-occidentales-id386528.html#primaryimage"},"thumbnailUrl":"https:\/\/www.rri.ro\/wp-content\/uploads\/2023\/10\/pestera-scarisoara-640.png","datePublished":"2016-12-15T12:31:00+00:00","author":{"@id":"https:\/\/www.rri.ro\/#\/schema\/person\/fcce42c208d45f30f5b054b64bc1e0df"},"breadcrumb":{"@id":"https:\/\/www.rri.ro\/fr\/chroniques-hebdomadaires\/radio-tour-fr\/les-grottes-des-carpates-occidentales-id386528.html#breadcrumb"},"inLanguage":"fr-FR","potentialAction":[{"@type":"ReadAction","target":["https:\/\/www.rri.ro\/fr\/chroniques-hebdomadaires\/radio-tour-fr\/les-grottes-des-carpates-occidentales-id386528.html"]}]},{"@type":"ImageObject","inLanguage":"fr-FR","@id":"https:\/\/www.rri.ro\/fr\/chroniques-hebdomadaires\/radio-tour-fr\/les-grottes-des-carpates-occidentales-id386528.html#primaryimage","url":"https:\/\/www.rri.ro\/wp-content\/uploads\/2023\/10\/pestera-scarisoara-640.png","contentUrl":"https:\/\/www.rri.ro\/wp-content\/uploads\/2023\/10\/pestera-scarisoara-640.png","width":640,"height":480},{"@type":"BreadcrumbList","@id":"https:\/\/www.rri.ro\/fr\/chroniques-hebdomadaires\/radio-tour-fr\/les-grottes-des-carpates-occidentales-id386528.html#breadcrumb","itemListElement":[{"@type":"ListItem","position":1,"name":"Page d'accueil","item":"https:\/\/www.rri.ro\/fr"},{"@type":"ListItem","position":2,"name":"Chroniques hebdomadaires","item":"https:\/\/www.rri.ro\/fr\/chroniques-hebdomadaires"},{"@type":"ListItem","position":3,"name":"Radio Tour","item":"https:\/\/www.rri.ro\/fr\/chroniques-hebdomadaires\/radio-tour-fr"},{"@type":"ListItem","position":4,"name":"Les grottes des Carpates Occidentales"}]},{"@type":"WebSite","@id":"https:\/\/www.rri.ro\/#website","url":"https:\/\/www.rri.ro\/","name":"Radio Roumanie Internationale","description":"Totul despre Rom\u00e2nia \u015fi rom\u00e2ni, \u00een 13 limbi\/dialecte!","inLanguage":"fr-FR"},{"@type":"Person","@id":"https:\/\/www.rri.ro\/#\/schema\/person\/fcce42c208d45f30f5b054b64bc1e0df","name":"Daniel Onea","url":"https:\/\/www.rri.ro\/fr\/author\/daniel-onea"}]}},"_links":{"self":[{"href":"https:\/\/www.rri.ro\/fr\/wp-json\/wp\/v2\/posts\/386528","targetHints":{"allow":["GET"]}}],"collection":[{"href":"https:\/\/www.rri.ro\/fr\/wp-json\/wp\/v2\/posts"}],"about":[{"href":"https:\/\/www.rri.ro\/fr\/wp-json\/wp\/v2\/types\/post"}],"author":[{"embeddable":true,"href":"https:\/\/www.rri.ro\/fr\/wp-json\/wp\/v2\/users\/128"}],"replies":[{"embeddable":true,"href":"https:\/\/www.rri.ro\/fr\/wp-json\/wp\/v2\/comments?post=386528"}],"version-history":[{"count":0,"href":"https:\/\/www.rri.ro\/fr\/wp-json\/wp\/v2\/posts\/386528\/revisions"}],"wp:featuredmedia":[{"embeddable":true,"href":"https:\/\/www.rri.ro\/fr\/wp-json\/wp\/v2\/media\/148707"}],"wp:attachment":[{"href":"https:\/\/www.rri.ro\/fr\/wp-json\/wp\/v2\/media?parent=386528"}],"wp:term":[{"taxonomy":"category","embeddable":true,"href":"https:\/\/www.rri.ro\/fr\/wp-json\/wp\/v2\/categories?post=386528"},{"taxonomy":"post_tag","embeddable":true,"href":"https:\/\/www.rri.ro\/fr\/wp-json\/wp\/v2\/tags?post=386528"},{"taxonomy":"author","embeddable":true,"href":"https:\/\/www.rri.ro\/fr\/wp-json\/wp\/v2\/coauthors?post=386528"}],"curies":[{"name":"wp","href":"https:\/\/api.w.org\/{rel}","templated":true}]}}