{"id":386577,"date":"2017-07-20T15:19:00","date_gmt":"2017-07-20T12:19:00","guid":{"rendered":"http:\/\/devrri.freshlemon.ro\/le-roumain-mot-a-mot\/consulter-les-lecons\/voyage-au-delta-du-danube-id386577.html"},"modified":"2017-07-20T15:19:00","modified_gmt":"2017-07-20T12:19:00","slug":"voyage-au-delta-du-danube","status":"publish","type":"post","link":"https:\/\/www.rri.ro\/fr\/chroniques-hebdomadaires\/radio-tour-fr\/voyage-au-delta-du-danube-id386577.html","title":{"rendered":"Voyage au Delta du Danube"},"content":{"rendered":"<p>R\u00e9serve de la biosph\u00e8re inscrite au patrimoine de l&rsquo;UNESCO, le Delta du Danube est un v\u00e9ritable mus\u00e9e vivant de la biodiversit\u00e9, comportant une trentaine de types d&rsquo;\u00e9cosyst\u00e8me. Vu son caract\u00e8re unique, la F\u00e9d\u00e9ration internationale des journalistes et \u00e9crivains du tourisme (FIJET) lui a accord\u00e9 la Pomme d&rsquo;Or pour l&rsquo;excellence en tourisme. <\/p>\n<p>A mesure que le Danube descend vers la mer, il se divise en 3 bras. Le bras septentrional constitue la fronti\u00e8re avec l&rsquo;Ukraine voisine, le bras du milieu m\u00e8ne au port de Sulina et le bras situ\u00e9 au sud se dirige vers le port de Sf\u00e2ntu Gheorghe. Entre ces 3 bras se tissent de nombreux canaux, formant des lacs, des \u00eelots et des bassins couverts de n\u00e9nuphars. <\/p>\n<p>Selon M\u0103lin-Matei Mu\u015fetescu, gouverneur de l&rsquo;Administration de la R\u00e9serve de la Biosph\u00e8re le Delta du Danube, il s&rsquo;agit l\u00e0 d&rsquo;un site touristique \u00e0 part: <em class=cms-italic>\u00ab Ce n&rsquo;est pas n\u00e9cessairement un lieu o\u00f9 l&rsquo;on va pour se divertir. C&rsquo;est plut\u00f4t un lieu o\u00f9 l&rsquo;on entre comme dans un mus\u00e9e, comme dans un temple de la nature. Ceux qui viennent le visiter doivent commencer par comprendre qu&rsquo;il faut respecter la nature, respecter ces lieux. Apr\u00e8s, il leur sera tr\u00e8s facile de respecter les r\u00e8gles particuli\u00e8res d&rsquo;une r\u00e9serve naturelle. \u00bb<\/em><\/p>\n<p>Les touristes qui arrivent dans le Delta du Danube pr\u00e9f\u00e8rent loger dans un h\u00f4tel flottant, faire des promenades en chaloupe sur les canaux du delta, partir en safari et p\u00eacher. Et ils sont nombreux \u00e0 le choisir comme destination de leurs vacances. <\/p>\n<p>M\u0103lin-Matei Mu\u015fetescu :<em class=cms-italic> \u00ab L&rsquo;ann\u00e9e derni\u00e8re, le Delta a attir\u00e9 plus de 73.000 touristes, dont environ 51.000 Roumains et 22.000 \u00e9trangers. Le Delta compte 6.609 places d&rsquo;h\u00e9bergement dans 13 h\u00f4tels, 119 pensions, 69 pontons-dortoirs, deux hydrobus, 9 campings et un camp pour la jeunesse. Le Delta du Danube attire des touristes depuis longtemps, seulement, \u00e0 pr\u00e9sent, de nouvelles r\u00e8gles y ont \u00e9t\u00e9 institu\u00e9es depuis qu&rsquo;il  compte parmi les r\u00e9serves de la biosph\u00e8re. On accorde beaucoup d&rsquo;attention \u00e0 l&rsquo;environnement. Le touriste doit respecter la nature, car il s&rsquo;agit l\u00e0 d&rsquo;aires strictement prot\u00e9g\u00e9es. Dans certaines zones, les touristes peuvent entrer sans restriction, d&rsquo;autres on ne peut les visiter que dans un but scientifique. La r\u00e9serve comporte 24 itin\u00e9raires de randonn\u00e9e &#8211; 15 sur l&rsquo;eau, 9 en terre ferme. Pour l&rsquo;instant il n&rsquo;est pas compl\u00e8tement interdit de quitter l&rsquo;itin\u00e9raire choisi. Pour visiter le Delta, il n&rsquo;est pas obligatoire de le faire en groupe, on peut y faire des excusions individuelles. Beaucoup de touristes \u00e9trangers pr\u00e9f\u00e8rent le faire en kayak. C&rsquo;est d&rsquo;ailleurs la meilleure fa\u00e7on de voir le Delta: au ras de l&rsquo;eau, silencieusement et sans le polluer. \u00bb<\/em><\/p>\n<p>Le gouverneur de l&rsquo;Administration de cette R\u00e9serve de la biosph\u00e8re, M\u0103lin-Matei Mu\u015fetescu, aime beaucoup un itin\u00e9raire gr\u00e2ce auquel il a d\u00e9couvert le Delta du Danube, en 1978 :<em class=cms-italic> \u00ab Il s&rsquo;agit de la zone \u015eontea-Fortuna et du village Mila 23, qui est un village traditionnel de p\u00eacheurs. Evidemment, on doit voir aussi la for\u00eat de Letea, la zone Letea-Rosetti, ainsi que la zone de Caraorman, avec sa for\u00eat et ses dunes de sable. Le Delta est une mosa\u00efque et il est difficile d&rsquo;en choisir un petit fragment. Il est pourtant vrai qu&rsquo;en allant de Tulcea \u00e0 Letea, on voit d\u00e9j\u00e0 une grande partie du Delta. La voie d&rsquo;acc\u00e8s y est \u00e0 99% fluviale. \u00bb <\/em><\/p>\n<p>La r\u00e9action des touristes est toujours positive. M\u0103lin-Matei Mu\u015fetescu explique : <em class=cms-italic>\u00ab Ils sont \u00e9merveill\u00e9s de ce qu&rsquo;ils y trouvent ; beaucoup d&rsquo;entre eux se demandent pourquoi nous ne faisons pas davantage. Ils pensent que s&rsquo;il y avait un tel delta dans leur pays, on ferait plus pour le prot\u00e9ger et en m\u00eame temps pour donner une chance aux gens qui y vivent, car c&rsquo;est une r\u00e9serve habit\u00e9e. Elle n&rsquo;est pas comme les montagnes rocheuses, o\u00f9 il n&rsquo;y a que la faune et la flore. Et on doit donner \u00e0 ces gens-l\u00e0 une chance de mener une vie d\u00e9cente. C&rsquo;est uniquement de cette fa\u00e7on qu&rsquo;ils n&rsquo;abuseront pas de leur acc\u00e8s aux ressources naturelles. \u00bb<\/em><\/p>\n<p>Paul Branovici g\u00e8re plusieurs h\u00f4tels flottants du Delta. Selon lui, cette ann\u00e9e le taux d&rsquo;occupation des places d&rsquo;h\u00e9bergement dans le Delta du Danube sera de 70%. Des groupes ont d\u00e9j\u00e0 r\u00e9serv\u00e9 leurs vacances d\u00e8s 2016. Les oiseaux, les n\u00e9nuphars, toute la splendeur de la nature attirent les touristes.<\/p>\n<p> A quoi ressemble un s\u00e9jour dans un h\u00f4tel flottant ? Paul Branovici <em class=cms-italic>: \u00ab On monte \u00e0 bord d&rsquo;un tel h\u00f4tel \u00e0 Tulcea et on suit un itin\u00e9raire choisi d&rsquo;avance avec les touristes. Le long de ces itin\u00e9raires approuv\u00e9s par l&rsquo;administration du Delta, il y a des endroits o\u00f9 l&rsquo;on s&rsquo;arr\u00eate, on mouille et de l\u00e0 on part en barque voir tranquillement les canaux. Par exemple, on prend le d\u00e9part \u00e0 Tulcea \u00e0 midi. On d\u00e9jeune en route, on longe le canal de Sulina et on visite les localit\u00e9s environnantes. Le soir, on arrive pr\u00e8s de Letea et on y passe la nuit. Le lendemain, on va voir la for\u00eat de Letea. A 14 heures on prend le repas et l&rsquo;h\u00f4tel flottant change de place. On visite la nouvelle destination jusqu&rsquo;au repas du soir. Le lendemain, l&rsquo;h\u00f4tel se d\u00e9place ailleurs, pour permettre aux touristes d&rsquo;admirer un autre coin de nature. La nouvelle destination pourrait \u00eatre le village Mila 23. On va le visiter et voir en m\u00eame temps les lacs tout pr\u00e8s et on rentre \u00e0 l&rsquo;h\u00f4tel pour le repas. Ensuite l&rsquo;h\u00f4tel se d\u00e9place \u00e0 nouveau et ainsi de suite. On prend sa maison, pour ainsi dire, et on voyage \u00e0 travers tout le Delta. Les prix d\u00e9butent \u00e0 300 lei (soit 66 euros) pour une nuit\u00e9e par personne, comportant l&rsquo;h\u00e9bergement, la croisi\u00e8re, 3 repas et les promenades en canot \u00e0 moteur. Le touriste ne devra payer en plus qu&rsquo;une taxe d&rsquo;acc\u00e8s dans la R\u00e9serve, d&rsquo;un montant de 5 lei (soit environ 1 euro) par jour et les boissons alcoolis\u00e9es qu&rsquo;il souhaite consommer. Tous le reste est inclus dans le prix du s\u00e9jour. \u00bb<\/em><\/p>\n<p><\/p>\n<p>Cette ann\u00e9e, le transport dans le Delta est meilleur &#8211; estime Drago\u015f Olaru, op\u00e9rateur et guide touristique : <em class=cms-italic>\u00ab Les balades sur l&rsquo;eau \u00e9tant particuli\u00e8rement importantes, ces derni\u00e8res ann\u00e9es, les embarcations ont \u00e9t\u00e9 modernis\u00e9es et elles offrent plus de s\u00e9curit\u00e9 et de confort. Le Delta du Danube est ouvert aux touristes entre mars et d\u00e9cembre. Beaucoup d&rsquo;entre eux pr\u00e9f\u00e8rent la p\u00e9riode comprise entre avril et juin, pour observer les oiseaux. En pleine saison estivale, on s&rsquo;y rend pour la d\u00e9tente, en automne pour la p\u00eache &#8211; surtout celle aux poissons pr\u00e9dateurs. A la diff\u00e9rence des touristes roumains, les touristes \u00e9trangers sont surtout attir\u00e9s par les coutumes et les traditions des parages. Presque chaque localit\u00e9 a son ensemble de musique et de danses traditionnelles, sp\u00e9cifiques aussi des communaut\u00e9s de Russes lipov\u00e8nes, d&rsquo;Ukrainiens et m\u00eame de Grecs ou d&rsquo;Italiens. \u00bb <\/em><\/p>\n<p>Ne ratez donc pas le Delta du Danube, une des plus vastes zones humides du monde et une des zones compactes de jonchaies les plus \u00e9tendues de la plan\u00e8te. (Trad.: Dominique)<\/p>\n","protected":false},"excerpt":{"rendered":"<p>R\u00e9serve de la biosph\u00e8re inscrite au patrimoine de l&rsquo;UNESCO, le Delta du Danube est un v\u00e9ritable mus\u00e9e vivant de la biodiversit\u00e9, comportant une trentaine de types d&rsquo;\u00e9cosyst\u00e8me. Vu son caract\u00e8re unique, la F\u00e9d\u00e9ration internationale des journalistes et \u00e9crivains du tourisme (FIJET) lui a accord\u00e9 la Pomme d&rsquo;Or pour l&rsquo;excellence en tourisme. A mesure que le [&hellip;]<\/p>\n","protected":false},"author":128,"featured_media":148899,"comment_status":"closed","ping_status":"closed","sticky":false,"template":"","format":"standard","meta":{"_acf_changed":false,"footnotes":""},"categories":[86826],"tags":[87790,86483,87692,87677,85412,87742],"coauthors":[],"class_list":["post-386577","post","type-post","status-publish","format-standard","has-post-thumbnail","hentry","category-radio-tour-fr","tag-canaux","tag-delta-du-danube","tag-hotel-flottant","tag-peche","tag-roumanie","tag-sejour"],"acf":[],"yoast_head":"<!-- This site is optimized with the Yoast SEO plugin v27.3 - https:\/\/yoast.com\/product\/yoast-seo-wordpress\/ -->\n<title>Voyage au Delta du Danube - Radio Roumanie Internationale<\/title>\n<meta name=\"robots\" content=\"index, follow, max-snippet:-1, max-image-preview:large, max-video-preview:-1\" \/>\n<link rel=\"canonical\" href=\"https:\/\/www.rri.ro\/fr\/chroniques-hebdomadaires\/radio-tour-fr\/voyage-au-delta-du-danube-id386577.html\" \/>\n<meta property=\"og:locale\" content=\"fr_FR\" \/>\n<meta property=\"og:type\" content=\"article\" \/>\n<meta property=\"og:title\" content=\"Voyage au Delta du Danube - Radio Roumanie Internationale\" \/>\n<meta property=\"og:description\" content=\"R\u00e9serve de la biosph\u00e8re inscrite au patrimoine de l&rsquo;UNESCO, le Delta du Danube est un v\u00e9ritable mus\u00e9e vivant de la biodiversit\u00e9, comportant une trentaine de types d&rsquo;\u00e9cosyst\u00e8me. Vu son caract\u00e8re unique, la F\u00e9d\u00e9ration internationale des journalistes et \u00e9crivains du tourisme (FIJET) lui a accord\u00e9 la Pomme d&rsquo;Or pour l&rsquo;excellence en tourisme. A mesure que le [&hellip;]\" \/>\n<meta property=\"og:url\" content=\"https:\/\/www.rri.ro\/fr\/chroniques-hebdomadaires\/radio-tour-fr\/voyage-au-delta-du-danube-id386577.html\" \/>\n<meta property=\"og:site_name\" content=\"Radio Roumanie Internationale\" \/>\n<meta property=\"article:published_time\" content=\"2017-07-20T12:19:00+00:00\" \/>\n<meta property=\"og:image\" content=\"https:\/\/www.rri.ro\/wp-content\/uploads\/2023\/10\/delta-dunarii.png\" \/>\n\t<meta property=\"og:image:width\" content=\"640\" \/>\n\t<meta property=\"og:image:height\" content=\"427\" \/>\n\t<meta property=\"og:image:type\" content=\"image\/png\" \/>\n<meta name=\"author\" content=\"Daniel Onea\" \/>\n<meta name=\"twitter:card\" content=\"summary_large_image\" \/>\n<meta name=\"twitter:label1\" content=\"\u00c9crit par\" \/>\n\t<meta name=\"twitter:data1\" content=\"Daniel Onea\" \/>\n\t<meta name=\"twitter:label2\" content=\"Dur\u00e9e de lecture estim\u00e9e\" \/>\n\t<meta name=\"twitter:data2\" content=\"6 minutes\" \/>\n\t<meta name=\"twitter:label3\" content=\"Written by\" \/>\n\t<meta name=\"twitter:data3\" content=\"Daniel Onea\" \/>\n<script type=\"application\/ld+json\" class=\"yoast-schema-graph\">{\"@context\":\"https:\\\/\\\/schema.org\",\"@graph\":[{\"@type\":\"Article\",\"@id\":\"https:\\\/\\\/www.rri.ro\\\/fr\\\/chroniques-hebdomadaires\\\/radio-tour-fr\\\/voyage-au-delta-du-danube-id386577.html#article\",\"isPartOf\":{\"@id\":\"https:\\\/\\\/www.rri.ro\\\/fr\\\/chroniques-hebdomadaires\\\/radio-tour-fr\\\/voyage-au-delta-du-danube-id386577.html\"},\"author\":{\"name\":\"Daniel Onea\",\"@id\":\"https:\\\/\\\/www.rri.ro\\\/#\\\/schema\\\/person\\\/fcce42c208d45f30f5b054b64bc1e0df\"},\"headline\":\"Voyage au Delta du Danube\",\"datePublished\":\"2017-07-20T12:19:00+00:00\",\"mainEntityOfPage\":{\"@id\":\"https:\\\/\\\/www.rri.ro\\\/fr\\\/chroniques-hebdomadaires\\\/radio-tour-fr\\\/voyage-au-delta-du-danube-id386577.html\"},\"wordCount\":1293,\"image\":{\"@id\":\"https:\\\/\\\/www.rri.ro\\\/fr\\\/chroniques-hebdomadaires\\\/radio-tour-fr\\\/voyage-au-delta-du-danube-id386577.html#primaryimage\"},\"thumbnailUrl\":\"https:\\\/\\\/www.rri.ro\\\/wp-content\\\/uploads\\\/2023\\\/10\\\/delta-dunarii.png\",\"keywords\":[\"canaux\",\"delta du Danube\",\"h\u00f4tel flottant\",\"p\u00eache\",\"Roumanie\",\"s\u00e9jour\"],\"articleSection\":[\"Radio Tour\"],\"inLanguage\":\"fr-FR\"},{\"@type\":\"WebPage\",\"@id\":\"https:\\\/\\\/www.rri.ro\\\/fr\\\/chroniques-hebdomadaires\\\/radio-tour-fr\\\/voyage-au-delta-du-danube-id386577.html\",\"url\":\"https:\\\/\\\/www.rri.ro\\\/fr\\\/chroniques-hebdomadaires\\\/radio-tour-fr\\\/voyage-au-delta-du-danube-id386577.html\",\"name\":\"Voyage au Delta du Danube - Radio Roumanie Internationale\",\"isPartOf\":{\"@id\":\"https:\\\/\\\/www.rri.ro\\\/#website\"},\"primaryImageOfPage\":{\"@id\":\"https:\\\/\\\/www.rri.ro\\\/fr\\\/chroniques-hebdomadaires\\\/radio-tour-fr\\\/voyage-au-delta-du-danube-id386577.html#primaryimage\"},\"image\":{\"@id\":\"https:\\\/\\\/www.rri.ro\\\/fr\\\/chroniques-hebdomadaires\\\/radio-tour-fr\\\/voyage-au-delta-du-danube-id386577.html#primaryimage\"},\"thumbnailUrl\":\"https:\\\/\\\/www.rri.ro\\\/wp-content\\\/uploads\\\/2023\\\/10\\\/delta-dunarii.png\",\"datePublished\":\"2017-07-20T12:19:00+00:00\",\"author\":{\"@id\":\"https:\\\/\\\/www.rri.ro\\\/#\\\/schema\\\/person\\\/fcce42c208d45f30f5b054b64bc1e0df\"},\"breadcrumb\":{\"@id\":\"https:\\\/\\\/www.rri.ro\\\/fr\\\/chroniques-hebdomadaires\\\/radio-tour-fr\\\/voyage-au-delta-du-danube-id386577.html#breadcrumb\"},\"inLanguage\":\"fr-FR\",\"potentialAction\":[{\"@type\":\"ReadAction\",\"target\":[\"https:\\\/\\\/www.rri.ro\\\/fr\\\/chroniques-hebdomadaires\\\/radio-tour-fr\\\/voyage-au-delta-du-danube-id386577.html\"]}]},{\"@type\":\"ImageObject\",\"inLanguage\":\"fr-FR\",\"@id\":\"https:\\\/\\\/www.rri.ro\\\/fr\\\/chroniques-hebdomadaires\\\/radio-tour-fr\\\/voyage-au-delta-du-danube-id386577.html#primaryimage\",\"url\":\"https:\\\/\\\/www.rri.ro\\\/wp-content\\\/uploads\\\/2023\\\/10\\\/delta-dunarii.png\",\"contentUrl\":\"https:\\\/\\\/www.rri.ro\\\/wp-content\\\/uploads\\\/2023\\\/10\\\/delta-dunarii.png\",\"width\":640,\"height\":427},{\"@type\":\"BreadcrumbList\",\"@id\":\"https:\\\/\\\/www.rri.ro\\\/fr\\\/chroniques-hebdomadaires\\\/radio-tour-fr\\\/voyage-au-delta-du-danube-id386577.html#breadcrumb\",\"itemListElement\":[{\"@type\":\"ListItem\",\"position\":1,\"name\":\"Page d'accueil\",\"item\":\"https:\\\/\\\/www.rri.ro\\\/fr\"},{\"@type\":\"ListItem\",\"position\":2,\"name\":\"Chroniques hebdomadaires\",\"item\":\"https:\\\/\\\/www.rri.ro\\\/fr\\\/chroniques-hebdomadaires\"},{\"@type\":\"ListItem\",\"position\":3,\"name\":\"Radio Tour\",\"item\":\"https:\\\/\\\/www.rri.ro\\\/fr\\\/chroniques-hebdomadaires\\\/radio-tour-fr\"},{\"@type\":\"ListItem\",\"position\":4,\"name\":\"Voyage au Delta du Danube\"}]},{\"@type\":\"WebSite\",\"@id\":\"https:\\\/\\\/www.rri.ro\\\/#website\",\"url\":\"https:\\\/\\\/www.rri.ro\\\/\",\"name\":\"Radio Roumanie Internationale\",\"description\":\"Totul despre Rom\u00e2nia \u015fi rom\u00e2ni, \u00een 13 limbi\\\/dialecte!\",\"inLanguage\":\"fr-FR\"},{\"@type\":\"Person\",\"@id\":\"https:\\\/\\\/www.rri.ro\\\/#\\\/schema\\\/person\\\/fcce42c208d45f30f5b054b64bc1e0df\",\"name\":\"Daniel Onea\",\"url\":\"https:\\\/\\\/www.rri.ro\\\/fr\\\/author\\\/daniel-onea\"}]}<\/script>\n<!-- \/ Yoast SEO plugin. -->","yoast_head_json":{"title":"Voyage au Delta du Danube - Radio Roumanie Internationale","robots":{"index":"index","follow":"follow","max-snippet":"max-snippet:-1","max-image-preview":"max-image-preview:large","max-video-preview":"max-video-preview:-1"},"canonical":"https:\/\/www.rri.ro\/fr\/chroniques-hebdomadaires\/radio-tour-fr\/voyage-au-delta-du-danube-id386577.html","og_locale":"fr_FR","og_type":"article","og_title":"Voyage au Delta du Danube - Radio Roumanie Internationale","og_description":"R\u00e9serve de la biosph\u00e8re inscrite au patrimoine de l&rsquo;UNESCO, le Delta du Danube est un v\u00e9ritable mus\u00e9e vivant de la biodiversit\u00e9, comportant une trentaine de types d&rsquo;\u00e9cosyst\u00e8me. Vu son caract\u00e8re unique, la F\u00e9d\u00e9ration internationale des journalistes et \u00e9crivains du tourisme (FIJET) lui a accord\u00e9 la Pomme d&rsquo;Or pour l&rsquo;excellence en tourisme. A mesure que le [&hellip;]","og_url":"https:\/\/www.rri.ro\/fr\/chroniques-hebdomadaires\/radio-tour-fr\/voyage-au-delta-du-danube-id386577.html","og_site_name":"Radio Roumanie Internationale","article_published_time":"2017-07-20T12:19:00+00:00","og_image":[{"width":640,"height":427,"url":"https:\/\/www.rri.ro\/wp-content\/uploads\/2023\/10\/delta-dunarii.png","type":"image\/png"}],"author":"Daniel Onea","twitter_card":"summary_large_image","twitter_misc":{"\u00c9crit par":"Daniel Onea","Dur\u00e9e de lecture estim\u00e9e":"6 minutes","Written by":"Daniel Onea"},"schema":{"@context":"https:\/\/schema.org","@graph":[{"@type":"Article","@id":"https:\/\/www.rri.ro\/fr\/chroniques-hebdomadaires\/radio-tour-fr\/voyage-au-delta-du-danube-id386577.html#article","isPartOf":{"@id":"https:\/\/www.rri.ro\/fr\/chroniques-hebdomadaires\/radio-tour-fr\/voyage-au-delta-du-danube-id386577.html"},"author":{"name":"Daniel Onea","@id":"https:\/\/www.rri.ro\/#\/schema\/person\/fcce42c208d45f30f5b054b64bc1e0df"},"headline":"Voyage au Delta du Danube","datePublished":"2017-07-20T12:19:00+00:00","mainEntityOfPage":{"@id":"https:\/\/www.rri.ro\/fr\/chroniques-hebdomadaires\/radio-tour-fr\/voyage-au-delta-du-danube-id386577.html"},"wordCount":1293,"image":{"@id":"https:\/\/www.rri.ro\/fr\/chroniques-hebdomadaires\/radio-tour-fr\/voyage-au-delta-du-danube-id386577.html#primaryimage"},"thumbnailUrl":"https:\/\/www.rri.ro\/wp-content\/uploads\/2023\/10\/delta-dunarii.png","keywords":["canaux","delta du Danube","h\u00f4tel flottant","p\u00eache","Roumanie","s\u00e9jour"],"articleSection":["Radio Tour"],"inLanguage":"fr-FR"},{"@type":"WebPage","@id":"https:\/\/www.rri.ro\/fr\/chroniques-hebdomadaires\/radio-tour-fr\/voyage-au-delta-du-danube-id386577.html","url":"https:\/\/www.rri.ro\/fr\/chroniques-hebdomadaires\/radio-tour-fr\/voyage-au-delta-du-danube-id386577.html","name":"Voyage au Delta du Danube - Radio Roumanie Internationale","isPartOf":{"@id":"https:\/\/www.rri.ro\/#website"},"primaryImageOfPage":{"@id":"https:\/\/www.rri.ro\/fr\/chroniques-hebdomadaires\/radio-tour-fr\/voyage-au-delta-du-danube-id386577.html#primaryimage"},"image":{"@id":"https:\/\/www.rri.ro\/fr\/chroniques-hebdomadaires\/radio-tour-fr\/voyage-au-delta-du-danube-id386577.html#primaryimage"},"thumbnailUrl":"https:\/\/www.rri.ro\/wp-content\/uploads\/2023\/10\/delta-dunarii.png","datePublished":"2017-07-20T12:19:00+00:00","author":{"@id":"https:\/\/www.rri.ro\/#\/schema\/person\/fcce42c208d45f30f5b054b64bc1e0df"},"breadcrumb":{"@id":"https:\/\/www.rri.ro\/fr\/chroniques-hebdomadaires\/radio-tour-fr\/voyage-au-delta-du-danube-id386577.html#breadcrumb"},"inLanguage":"fr-FR","potentialAction":[{"@type":"ReadAction","target":["https:\/\/www.rri.ro\/fr\/chroniques-hebdomadaires\/radio-tour-fr\/voyage-au-delta-du-danube-id386577.html"]}]},{"@type":"ImageObject","inLanguage":"fr-FR","@id":"https:\/\/www.rri.ro\/fr\/chroniques-hebdomadaires\/radio-tour-fr\/voyage-au-delta-du-danube-id386577.html#primaryimage","url":"https:\/\/www.rri.ro\/wp-content\/uploads\/2023\/10\/delta-dunarii.png","contentUrl":"https:\/\/www.rri.ro\/wp-content\/uploads\/2023\/10\/delta-dunarii.png","width":640,"height":427},{"@type":"BreadcrumbList","@id":"https:\/\/www.rri.ro\/fr\/chroniques-hebdomadaires\/radio-tour-fr\/voyage-au-delta-du-danube-id386577.html#breadcrumb","itemListElement":[{"@type":"ListItem","position":1,"name":"Page d'accueil","item":"https:\/\/www.rri.ro\/fr"},{"@type":"ListItem","position":2,"name":"Chroniques hebdomadaires","item":"https:\/\/www.rri.ro\/fr\/chroniques-hebdomadaires"},{"@type":"ListItem","position":3,"name":"Radio Tour","item":"https:\/\/www.rri.ro\/fr\/chroniques-hebdomadaires\/radio-tour-fr"},{"@type":"ListItem","position":4,"name":"Voyage au Delta du Danube"}]},{"@type":"WebSite","@id":"https:\/\/www.rri.ro\/#website","url":"https:\/\/www.rri.ro\/","name":"Radio Roumanie Internationale","description":"Totul despre Rom\u00e2nia \u015fi rom\u00e2ni, \u00een 13 limbi\/dialecte!","inLanguage":"fr-FR"},{"@type":"Person","@id":"https:\/\/www.rri.ro\/#\/schema\/person\/fcce42c208d45f30f5b054b64bc1e0df","name":"Daniel Onea","url":"https:\/\/www.rri.ro\/fr\/author\/daniel-onea"}]}},"_links":{"self":[{"href":"https:\/\/www.rri.ro\/fr\/wp-json\/wp\/v2\/posts\/386577","targetHints":{"allow":["GET"]}}],"collection":[{"href":"https:\/\/www.rri.ro\/fr\/wp-json\/wp\/v2\/posts"}],"about":[{"href":"https:\/\/www.rri.ro\/fr\/wp-json\/wp\/v2\/types\/post"}],"author":[{"embeddable":true,"href":"https:\/\/www.rri.ro\/fr\/wp-json\/wp\/v2\/users\/128"}],"replies":[{"embeddable":true,"href":"https:\/\/www.rri.ro\/fr\/wp-json\/wp\/v2\/comments?post=386577"}],"version-history":[{"count":0,"href":"https:\/\/www.rri.ro\/fr\/wp-json\/wp\/v2\/posts\/386577\/revisions"}],"wp:featuredmedia":[{"embeddable":true,"href":"https:\/\/www.rri.ro\/fr\/wp-json\/wp\/v2\/media\/148899"}],"wp:attachment":[{"href":"https:\/\/www.rri.ro\/fr\/wp-json\/wp\/v2\/media?parent=386577"}],"wp:term":[{"taxonomy":"category","embeddable":true,"href":"https:\/\/www.rri.ro\/fr\/wp-json\/wp\/v2\/categories?post=386577"},{"taxonomy":"post_tag","embeddable":true,"href":"https:\/\/www.rri.ro\/fr\/wp-json\/wp\/v2\/tags?post=386577"},{"taxonomy":"author","embeddable":true,"href":"https:\/\/www.rri.ro\/fr\/wp-json\/wp\/v2\/coauthors?post=386577"}],"curies":[{"name":"wp","href":"https:\/\/api.w.org\/{rel}","templated":true}]}}